{"id":199680,"date":"2018-06-05T09:21:19","date_gmt":"2018-06-05T12:21:19","guid":{"rendered":"http:\/\/quersaberpolitica.com.br\/2016\/?p=199680"},"modified":"2018-06-04T18:34:01","modified_gmt":"2018-06-04T21:34:01","slug":"retomada-a-operacao-tapa-buraco-e-em-petrolina","status":"publish","type":"post","link":"https:\/\/blogdofarnesio.com.br\/?p=199680","title":{"rendered":"RETOMADA A OPERA\u00c7\u00c3O TAPA-BURACO \u00c9  EM PETROLINA"},"content":{"rendered":"<p dir=\"ltr\" style=\"text-align: justify;\">Os condutores que trafegam pelas ruas da cidade t\u00eam motivos para come\u00e7ar a semana animados. \u00c9 que a Prefeitura de Petrolina retomou os servi\u00e7os de recupera\u00e7\u00e3o asf\u00e1ltica da Opera\u00e7\u00e3o Tapa-buraco no munic\u00edpio. O trabalho ficou suspenso por pouco mais de uma semana, quando um componente utilizado na fabrica\u00e7\u00e3o do asfalto ficou em falta devido \u00e0 crise dos combust\u00edveis.<\/p>\n<p dir=\"ltr\" style=\"text-align: justify;\">Nesta segunda-feira (04), as equipes da Secretaria de Infraestrutura, Mobilidade e Servi\u00e7os P\u00fablicos (SEINFRA) trabalharam na Avenidas Cardoso de S\u00e1, Monsenhor \u00c2ngelo Sampaio e na Rua Andr\u00e9 Vital de Negreiros, nas imedia\u00e7\u00f5es do Parque Municipal Josepha Coelho.<b><\/b><\/p>\n<p dir=\"ltr\" style=\"text-align: justify;\">De acordo com o secret\u00e1rio da SEINFRA, Fred Machado, um planejamento especial foi definido para dar conta das demandas de v\u00e1rias comunidades ao longo da semana. \u201cAl\u00e9m da Avenida Cardoso de S\u00e1, que estava bem danificada, tamb\u00e9m vamos levar os servi\u00e7os de recupera\u00e7\u00e3o asf\u00e1ltica para outras localidades que estavam esperando a retomada da opera\u00e7\u00e3o. Dessa forma, ao longo da semana pretendemos chegar no Rio Corrente, Distrito Industrial, Jos\u00e9 e Maria, Alto do Cocar, Jo\u00e3o de Deus e Parque S\u00e3o Gon\u00e7alo, al\u00e9m do Per\u00edmetro Irrigado onde desde o m\u00eas passado intensificamos as a\u00e7\u00f5es de manuten\u00e7\u00e3o das vias\u201d, destaca Machado.<\/p>\n<p dir=\"ltr\"><i>Texto: Felipe Pereira &#8211; AsCom Prefeitura de Petrolina<\/i><\/p>\n<p>&nbsp;<\/p>\n","protected":false},"excerpt":{"rendered":"<p>Os condutores que trafegam pelas ruas da cidade t\u00eam motivos para come\u00e7ar a semana animados. \u00c9 que a Prefeitura de Petrolina retomou os servi\u00e7os de recupera\u00e7\u00e3o asf\u00e1ltica da Opera\u00e7\u00e3o Tapa-buraco no munic\u00edpio. O trabalho ficou suspenso por pouco mais de uma semana, quando um componente utilizado na fabrica\u00e7\u00e3o do asfalto ficou em falta devido \u00e0 crise dos combust\u00edveis. Nesta segunda-feira (04), as equipes da Secretaria de Infraestrutura, Mobilidade e Servi\u00e7os P\u00fablicos (SEINFRA) trabalharam na Avenidas Cardoso de S\u00e1, Monsenhor \u00c2ngelo Sampaio e na Rua Andr\u00e9 Vital de Negreiros, nas imedia\u00e7\u00f5es do Parque Municipal Josepha Coelho. De acordo com o secret\u00e1rio da SEINFRA, Fred Machado, um planejamento especial foi definido para dar conta das demandas de v\u00e1rias comunidades ao longo da&hellip; <\/p>\n","protected":false},"author":1,"featured_media":188862,"comment_status":"closed","ping_status":"closed","sticky":false,"template":"","format":"standard","meta":{"_acf_changed":false,"footnotes":""},"categories":[44,14],"tags":[],"class_list":["post-199680","post","type-post","status-publish","format-standard","has-post-thumbnail","hentry","category-administracao","category-infraestrutura"],"acf":[],"yoast_head":"<!-- This site is optimized with the Yoast SEO plugin v27.4 - https:\/\/yoast.com\/product\/yoast-seo-wordpress\/ -->\n<title>RETOMADA A OPERA\u00c7\u00c3O TAPA-BURACO \u00c9 EM PETROLINA - Blog do Farn\u00e9sio<\/title>\n<meta name=\"robots\" content=\"index, follow, max-snippet:-1, max-image-preview:large, max-video-preview:-1\" \/>\n<link rel=\"canonical\" href=\"https:\/\/blogdofarnesio.com.br\/?p=199680\" \/>\n<meta property=\"og:locale\" content=\"pt_BR\" \/>\n<meta property=\"og:type\" content=\"article\" \/>\n<meta property=\"og:title\" content=\"RETOMADA A OPERA\u00c7\u00c3O TAPA-BURACO \u00c9 EM PETROLINA - Blog do Farn\u00e9sio\" \/>\n<meta property=\"og:description\" content=\"Os condutores que trafegam pelas ruas da cidade t\u00eam motivos para come\u00e7ar a semana animados. \u00c9 que a Prefeitura de Petrolina retomou os servi\u00e7os de recupera\u00e7\u00e3o asf\u00e1ltica da Opera\u00e7\u00e3o Tapa-buraco no munic\u00edpio. O trabalho ficou suspenso por pouco mais de uma semana, quando um componente utilizado na fabrica\u00e7\u00e3o do asfalto ficou em falta devido \u00e0 crise dos combust\u00edveis. Nesta segunda-feira (04), as equipes da Secretaria de Infraestrutura, Mobilidade e Servi\u00e7os P\u00fablicos (SEINFRA) trabalharam na Avenidas Cardoso de S\u00e1, Monsenhor \u00c2ngelo Sampaio e na Rua Andr\u00e9 Vital de Negreiros, nas imedia\u00e7\u00f5es do Parque Municipal Josepha Coelho. De acordo com o secret\u00e1rio da SEINFRA, Fred Machado, um planejamento especial foi definido para dar conta das demandas de v\u00e1rias comunidades ao longo da&hellip;\" \/>\n<meta property=\"og:url\" content=\"https:\/\/blogdofarnesio.com.br\/?p=199680\" \/>\n<meta property=\"og:site_name\" content=\"Blog do Farn\u00e9sio\" \/>\n<meta property=\"article:publisher\" content=\"https:\/\/www.facebook.com\/BlogQuerSaberPolitica\/\" \/>\n<meta property=\"article:published_time\" content=\"2018-06-05T12:21:19+00:00\" \/>\n<meta property=\"og:image\" content=\"https:\/\/blogdofarnesio.com.br\/wp-content\/uploads\/2018\/02\/blogqspsobradinhotapaburacos-Ascom3.jpg\" \/>\n\t<meta property=\"og:image:width\" content=\"640\" \/>\n\t<meta property=\"og:image:height\" content=\"360\" \/>\n\t<meta property=\"og:image:type\" content=\"image\/jpeg\" \/>\n<meta name=\"author\" content=\"Farn\u00e9sio\" \/>\n<meta name=\"twitter:card\" content=\"summary_large_image\" \/>\n<meta name=\"twitter:label1\" content=\"Escrito por\" \/>\n\t<meta name=\"twitter:data1\" content=\"Farn\u00e9sio\" \/>\n\t<meta name=\"twitter:label2\" content=\"Est. tempo de leitura\" \/>\n\t<meta name=\"twitter:data2\" content=\"1 minuto\" \/>\n<script type=\"application\/ld+json\" class=\"yoast-schema-graph\">{\"@context\":\"https:\\\/\\\/schema.org\",\"@graph\":[{\"@type\":\"Article\",\"@id\":\"https:\\\/\\\/blogdofarnesio.com.br\\\/?p=199680#article\",\"isPartOf\":{\"@id\":\"https:\\\/\\\/blogdofarnesio.com.br\\\/?p=199680\"},\"author\":{\"name\":\"Farn\u00e9sio\",\"@id\":\"https:\\\/\\\/blogdofarnesio.com.br\\\/#\\\/schema\\\/person\\\/301c4acf522bccbfdb45af95b5b906a1\"},\"headline\":\"RETOMADA A OPERA\u00c7\u00c3O TAPA-BURACO \u00c9 EM PETROLINA\",\"datePublished\":\"2018-06-05T12:21:19+00:00\",\"mainEntityOfPage\":{\"@id\":\"https:\\\/\\\/blogdofarnesio.com.br\\\/?p=199680\"},\"wordCount\":234,\"publisher\":{\"@id\":\"https:\\\/\\\/blogdofarnesio.com.br\\\/#organization\"},\"image\":{\"@id\":\"https:\\\/\\\/blogdofarnesio.com.br\\\/?p=199680#primaryimage\"},\"thumbnailUrl\":\"https:\\\/\\\/blogdofarnesio.com.br\\\/wp-content\\\/uploads\\\/2018\\\/02\\\/blogqspsobradinhotapaburacos-Ascom3.jpg\",\"articleSection\":[\"Administra\u00e7\u00e3o\",\"Infraestrutura\"],\"inLanguage\":\"pt-BR\"},{\"@type\":\"WebPage\",\"@id\":\"https:\\\/\\\/blogdofarnesio.com.br\\\/?p=199680\",\"url\":\"https:\\\/\\\/blogdofarnesio.com.br\\\/?p=199680\",\"name\":\"RETOMADA A OPERA\u00c7\u00c3O TAPA-BURACO \u00c9 EM PETROLINA - Blog do Farn\u00e9sio\",\"isPartOf\":{\"@id\":\"https:\\\/\\\/blogdofarnesio.com.br\\\/#website\"},\"primaryImageOfPage\":{\"@id\":\"https:\\\/\\\/blogdofarnesio.com.br\\\/?p=199680#primaryimage\"},\"image\":{\"@id\":\"https:\\\/\\\/blogdofarnesio.com.br\\\/?p=199680#primaryimage\"},\"thumbnailUrl\":\"https:\\\/\\\/blogdofarnesio.com.br\\\/wp-content\\\/uploads\\\/2018\\\/02\\\/blogqspsobradinhotapaburacos-Ascom3.jpg\",\"datePublished\":\"2018-06-05T12:21:19+00:00\",\"breadcrumb\":{\"@id\":\"https:\\\/\\\/blogdofarnesio.com.br\\\/?p=199680#breadcrumb\"},\"inLanguage\":\"pt-BR\",\"potentialAction\":[{\"@type\":\"ReadAction\",\"target\":[\"https:\\\/\\\/blogdofarnesio.com.br\\\/?p=199680\"]}]},{\"@type\":\"ImageObject\",\"inLanguage\":\"pt-BR\",\"@id\":\"https:\\\/\\\/blogdofarnesio.com.br\\\/?p=199680#primaryimage\",\"url\":\"https:\\\/\\\/blogdofarnesio.com.br\\\/wp-content\\\/uploads\\\/2018\\\/02\\\/blogqspsobradinhotapaburacos-Ascom3.jpg\",\"contentUrl\":\"https:\\\/\\\/blogdofarnesio.com.br\\\/wp-content\\\/uploads\\\/2018\\\/02\\\/blogqspsobradinhotapaburacos-Ascom3.jpg\",\"width\":640,\"height\":360,\"caption\":\"Ilustra\u00e7\u00e3o\"},{\"@type\":\"BreadcrumbList\",\"@id\":\"https:\\\/\\\/blogdofarnesio.com.br\\\/?p=199680#breadcrumb\",\"itemListElement\":[{\"@type\":\"ListItem\",\"position\":1,\"name\":\"In\u00edcio\",\"item\":\"https:\\\/\\\/blogdofarnesio.com.br\\\/\"},{\"@type\":\"ListItem\",\"position\":2,\"name\":\"RETOMADA A OPERA\u00c7\u00c3O TAPA-BURACO \u00c9 EM PETROLINA\"}]},{\"@type\":\"WebSite\",\"@id\":\"https:\\\/\\\/blogdofarnesio.com.br\\\/#website\",\"url\":\"https:\\\/\\\/blogdofarnesio.com.br\\\/\",\"name\":\"Blog do Farn\u00e9sio\",\"description\":\"Quer Saber Pol\u00edtica?\",\"publisher\":{\"@id\":\"https:\\\/\\\/blogdofarnesio.com.br\\\/#organization\"},\"potentialAction\":[{\"@type\":\"SearchAction\",\"target\":{\"@type\":\"EntryPoint\",\"urlTemplate\":\"https:\\\/\\\/blogdofarnesio.com.br\\\/?s={search_term_string}\"},\"query-input\":{\"@type\":\"PropertyValueSpecification\",\"valueRequired\":true,\"valueName\":\"search_term_string\"}}],\"inLanguage\":\"pt-BR\"},{\"@type\":\"Organization\",\"@id\":\"https:\\\/\\\/blogdofarnesio.com.br\\\/#organization\",\"name\":\"Blog do Farn\u00e9sio\",\"url\":\"https:\\\/\\\/blogdofarnesio.com.br\\\/\",\"logo\":{\"@type\":\"ImageObject\",\"inLanguage\":\"pt-BR\",\"@id\":\"https:\\\/\\\/blogdofarnesio.com.br\\\/#\\\/schema\\\/logo\\\/image\\\/\",\"url\":\"https:\\\/\\\/blogdofarnesio.com.br\\\/wp-content\\\/uploads\\\/2026\\\/03\\\/cropped-logo_new-1.png\",\"contentUrl\":\"https:\\\/\\\/blogdofarnesio.com.br\\\/wp-content\\\/uploads\\\/2026\\\/03\\\/cropped-logo_new-1.png\",\"width\":881,\"height\":685,\"caption\":\"Blog do Farn\u00e9sio\"},\"image\":{\"@id\":\"https:\\\/\\\/blogdofarnesio.com.br\\\/#\\\/schema\\\/logo\\\/image\\\/\"},\"sameAs\":[\"https:\\\/\\\/www.facebook.com\\\/BlogQuerSaberPolitica\\\/\"]},{\"@type\":\"Person\",\"@id\":\"https:\\\/\\\/blogdofarnesio.com.br\\\/#\\\/schema\\\/person\\\/301c4acf522bccbfdb45af95b5b906a1\",\"name\":\"Farn\u00e9sio\",\"image\":{\"@type\":\"ImageObject\",\"inLanguage\":\"pt-BR\",\"@id\":\"https:\\\/\\\/secure.gravatar.com\\\/avatar\\\/df0c9a14567c056f8ad6876ba5bbd1e3e2c48023eb6807342fc4663adf549f38?s=96&d=mm&r=g\",\"url\":\"https:\\\/\\\/secure.gravatar.com\\\/avatar\\\/df0c9a14567c056f8ad6876ba5bbd1e3e2c48023eb6807342fc4663adf549f38?s=96&d=mm&r=g\",\"contentUrl\":\"https:\\\/\\\/secure.gravatar.com\\\/avatar\\\/df0c9a14567c056f8ad6876ba5bbd1e3e2c48023eb6807342fc4663adf549f38?s=96&d=mm&r=g\",\"caption\":\"Farn\u00e9sio\"},\"sameAs\":[\"https:\\\/\\\/quersaberpolitica.com.br\"],\"url\":\"https:\\\/\\\/blogdofarnesio.com.br\\\/?author=1\"}]}<\/script>\n<!-- \/ Yoast SEO plugin. -->","yoast_head_json":{"title":"RETOMADA A OPERA\u00c7\u00c3O TAPA-BURACO \u00c9 EM PETROLINA - Blog do Farn\u00e9sio","robots":{"index":"index","follow":"follow","max-snippet":"max-snippet:-1","max-image-preview":"max-image-preview:large","max-video-preview":"max-video-preview:-1"},"canonical":"https:\/\/blogdofarnesio.com.br\/?p=199680","og_locale":"pt_BR","og_type":"article","og_title":"RETOMADA A OPERA\u00c7\u00c3O TAPA-BURACO \u00c9 EM PETROLINA - Blog do Farn\u00e9sio","og_description":"Os condutores que trafegam pelas ruas da cidade t\u00eam motivos para come\u00e7ar a semana animados. \u00c9 que a Prefeitura de Petrolina retomou os servi\u00e7os de recupera\u00e7\u00e3o asf\u00e1ltica da Opera\u00e7\u00e3o Tapa-buraco no munic\u00edpio. O trabalho ficou suspenso por pouco mais de uma semana, quando um componente utilizado na fabrica\u00e7\u00e3o do asfalto ficou em falta devido \u00e0 crise dos combust\u00edveis. Nesta segunda-feira (04), as equipes da Secretaria de Infraestrutura, Mobilidade e Servi\u00e7os P\u00fablicos (SEINFRA) trabalharam na Avenidas Cardoso de S\u00e1, Monsenhor \u00c2ngelo Sampaio e na Rua Andr\u00e9 Vital de Negreiros, nas imedia\u00e7\u00f5es do Parque Municipal Josepha Coelho. De acordo com o secret\u00e1rio da SEINFRA, Fred Machado, um planejamento especial foi definido para dar conta das demandas de v\u00e1rias comunidades ao longo da&hellip;","og_url":"https:\/\/blogdofarnesio.com.br\/?p=199680","og_site_name":"Blog do Farn\u00e9sio","article_publisher":"https:\/\/www.facebook.com\/BlogQuerSaberPolitica\/","article_published_time":"2018-06-05T12:21:19+00:00","og_image":[{"width":640,"height":360,"url":"https:\/\/blogdofarnesio.com.br\/wp-content\/uploads\/2018\/02\/blogqspsobradinhotapaburacos-Ascom3.jpg","type":"image\/jpeg"}],"author":"Farn\u00e9sio","twitter_card":"summary_large_image","twitter_misc":{"Escrito por":"Farn\u00e9sio","Est. tempo de leitura":"1 minuto"},"schema":{"@context":"https:\/\/schema.org","@graph":[{"@type":"Article","@id":"https:\/\/blogdofarnesio.com.br\/?p=199680#article","isPartOf":{"@id":"https:\/\/blogdofarnesio.com.br\/?p=199680"},"author":{"name":"Farn\u00e9sio","@id":"https:\/\/blogdofarnesio.com.br\/#\/schema\/person\/301c4acf522bccbfdb45af95b5b906a1"},"headline":"RETOMADA A OPERA\u00c7\u00c3O TAPA-BURACO \u00c9 EM PETROLINA","datePublished":"2018-06-05T12:21:19+00:00","mainEntityOfPage":{"@id":"https:\/\/blogdofarnesio.com.br\/?p=199680"},"wordCount":234,"publisher":{"@id":"https:\/\/blogdofarnesio.com.br\/#organization"},"image":{"@id":"https:\/\/blogdofarnesio.com.br\/?p=199680#primaryimage"},"thumbnailUrl":"https:\/\/blogdofarnesio.com.br\/wp-content\/uploads\/2018\/02\/blogqspsobradinhotapaburacos-Ascom3.jpg","articleSection":["Administra\u00e7\u00e3o","Infraestrutura"],"inLanguage":"pt-BR"},{"@type":"WebPage","@id":"https:\/\/blogdofarnesio.com.br\/?p=199680","url":"https:\/\/blogdofarnesio.com.br\/?p=199680","name":"RETOMADA A OPERA\u00c7\u00c3O TAPA-BURACO \u00c9 EM PETROLINA - Blog do Farn\u00e9sio","isPartOf":{"@id":"https:\/\/blogdofarnesio.com.br\/#website"},"primaryImageOfPage":{"@id":"https:\/\/blogdofarnesio.com.br\/?p=199680#primaryimage"},"image":{"@id":"https:\/\/blogdofarnesio.com.br\/?p=199680#primaryimage"},"thumbnailUrl":"https:\/\/blogdofarnesio.com.br\/wp-content\/uploads\/2018\/02\/blogqspsobradinhotapaburacos-Ascom3.jpg","datePublished":"2018-06-05T12:21:19+00:00","breadcrumb":{"@id":"https:\/\/blogdofarnesio.com.br\/?p=199680#breadcrumb"},"inLanguage":"pt-BR","potentialAction":[{"@type":"ReadAction","target":["https:\/\/blogdofarnesio.com.br\/?p=199680"]}]},{"@type":"ImageObject","inLanguage":"pt-BR","@id":"https:\/\/blogdofarnesio.com.br\/?p=199680#primaryimage","url":"https:\/\/blogdofarnesio.com.br\/wp-content\/uploads\/2018\/02\/blogqspsobradinhotapaburacos-Ascom3.jpg","contentUrl":"https:\/\/blogdofarnesio.com.br\/wp-content\/uploads\/2018\/02\/blogqspsobradinhotapaburacos-Ascom3.jpg","width":640,"height":360,"caption":"Ilustra\u00e7\u00e3o"},{"@type":"BreadcrumbList","@id":"https:\/\/blogdofarnesio.com.br\/?p=199680#breadcrumb","itemListElement":[{"@type":"ListItem","position":1,"name":"In\u00edcio","item":"https:\/\/blogdofarnesio.com.br\/"},{"@type":"ListItem","position":2,"name":"RETOMADA A OPERA\u00c7\u00c3O TAPA-BURACO \u00c9 EM PETROLINA"}]},{"@type":"WebSite","@id":"https:\/\/blogdofarnesio.com.br\/#website","url":"https:\/\/blogdofarnesio.com.br\/","name":"Blog do Farn\u00e9sio","description":"Quer Saber Pol\u00edtica?","publisher":{"@id":"https:\/\/blogdofarnesio.com.br\/#organization"},"potentialAction":[{"@type":"SearchAction","target":{"@type":"EntryPoint","urlTemplate":"https:\/\/blogdofarnesio.com.br\/?s={search_term_string}"},"query-input":{"@type":"PropertyValueSpecification","valueRequired":true,"valueName":"search_term_string"}}],"inLanguage":"pt-BR"},{"@type":"Organization","@id":"https:\/\/blogdofarnesio.com.br\/#organization","name":"Blog do Farn\u00e9sio","url":"https:\/\/blogdofarnesio.com.br\/","logo":{"@type":"ImageObject","inLanguage":"pt-BR","@id":"https:\/\/blogdofarnesio.com.br\/#\/schema\/logo\/image\/","url":"https:\/\/blogdofarnesio.com.br\/wp-content\/uploads\/2026\/03\/cropped-logo_new-1.png","contentUrl":"https:\/\/blogdofarnesio.com.br\/wp-content\/uploads\/2026\/03\/cropped-logo_new-1.png","width":881,"height":685,"caption":"Blog do Farn\u00e9sio"},"image":{"@id":"https:\/\/blogdofarnesio.com.br\/#\/schema\/logo\/image\/"},"sameAs":["https:\/\/www.facebook.com\/BlogQuerSaberPolitica\/"]},{"@type":"Person","@id":"https:\/\/blogdofarnesio.com.br\/#\/schema\/person\/301c4acf522bccbfdb45af95b5b906a1","name":"Farn\u00e9sio","image":{"@type":"ImageObject","inLanguage":"pt-BR","@id":"https:\/\/secure.gravatar.com\/avatar\/df0c9a14567c056f8ad6876ba5bbd1e3e2c48023eb6807342fc4663adf549f38?s=96&d=mm&r=g","url":"https:\/\/secure.gravatar.com\/avatar\/df0c9a14567c056f8ad6876ba5bbd1e3e2c48023eb6807342fc4663adf549f38?s=96&d=mm&r=g","contentUrl":"https:\/\/secure.gravatar.com\/avatar\/df0c9a14567c056f8ad6876ba5bbd1e3e2c48023eb6807342fc4663adf549f38?s=96&d=mm&r=g","caption":"Farn\u00e9sio"},"sameAs":["https:\/\/quersaberpolitica.com.br"],"url":"https:\/\/blogdofarnesio.com.br\/?author=1"}]}},"_links":{"self":[{"href":"https:\/\/blogdofarnesio.com.br\/index.php?rest_route=\/wp\/v2\/posts\/199680","targetHints":{"allow":["GET"]}}],"collection":[{"href":"https:\/\/blogdofarnesio.com.br\/index.php?rest_route=\/wp\/v2\/posts"}],"about":[{"href":"https:\/\/blogdofarnesio.com.br\/index.php?rest_route=\/wp\/v2\/types\/post"}],"author":[{"embeddable":true,"href":"https:\/\/blogdofarnesio.com.br\/index.php?rest_route=\/wp\/v2\/users\/1"}],"replies":[{"embeddable":true,"href":"https:\/\/blogdofarnesio.com.br\/index.php?rest_route=%2Fwp%2Fv2%2Fcomments&post=199680"}],"version-history":[{"count":0,"href":"https:\/\/blogdofarnesio.com.br\/index.php?rest_route=\/wp\/v2\/posts\/199680\/revisions"}],"wp:featuredmedia":[{"embeddable":true,"href":"https:\/\/blogdofarnesio.com.br\/index.php?rest_route=\/wp\/v2\/media\/188862"}],"wp:attachment":[{"href":"https:\/\/blogdofarnesio.com.br\/index.php?rest_route=%2Fwp%2Fv2%2Fmedia&parent=199680"}],"wp:term":[{"taxonomy":"category","embeddable":true,"href":"https:\/\/blogdofarnesio.com.br\/index.php?rest_route=%2Fwp%2Fv2%2Fcategories&post=199680"},{"taxonomy":"post_tag","embeddable":true,"href":"https:\/\/blogdofarnesio.com.br\/index.php?rest_route=%2Fwp%2Fv2%2Ftags&post=199680"}],"curies":[{"name":"wp","href":"https:\/\/api.w.org\/{rel}","templated":true}]}}