{"id":199655,"date":"2018-06-05T09:00:47","date_gmt":"2018-06-05T12:00:47","guid":{"rendered":"http:\/\/quersaberpolitica.com.br\/2016\/?p=199655"},"modified":"2018-06-04T17:40:47","modified_gmt":"2018-06-04T20:40:47","slug":"programa-qualifica-mais-de-juazeiro-esta-com-inscricoes-abertas-para-novos-cursos-do","status":"publish","type":"post","link":"https:\/\/blogdofarnesio.com.br\/?p=199655","title":{"rendered":"PROGRAMA QUALIFICA MAIS DE JUAZEIRO EST\u00c1 COM INSCRI\u00c7\u00d5ES ABERTAS PARA NOVOS CURSOS DO"},"content":{"rendered":"<p style=\"text-align: justify;\">O programa de capacita\u00e7\u00e3o profissional \u2018Qualifica Mais\u2019, lan\u00e7ado em Juazeiro pelo prefeito Paulo Bomfim em 2017, abre a partir de hoje (4) inscri\u00e7\u00f5es para novos cursos profissionalizantes. Ser\u00e3o quatro novas turmas: duas para o curso de AutoCad 2D aplicado \u00e0 Constru\u00e7\u00e3o Civil e duas para Montador e Reparador de Microcomputador.<\/p>\n<p style=\"text-align: justify;\">Para participar do programa \u00e9 necess\u00e1rio estar inscrito no Cadastro \u00danico para Programas Sociais do Governo Federal e ser benefici\u00e1rio do Programa Bolsa Fam\u00edlia. As inscri\u00e7\u00f5es podem ser feitas nas sedes dos CRAS, localizados nos bairros Jo\u00e3o Paulo II, Itaberaba, Tabuleiro, Quid\u00e9 e Malhada da Areia, das 07h \u00e0s 17h.<\/p>\n<p style=\"text-align: justify;\">As aulas do curso de AutoCad ser\u00e3o sempre aos s\u00e1bados e as inscri\u00e7\u00f5es seguem at\u00e9 o dia 8 de junho ou at\u00e9 serem preenchidas as turmas. Para o curso de Montador e reparador de microcomputador as inscri\u00e7\u00f5es ser\u00e3o at\u00e9 o dia 15 de junho, ou tamb\u00e9m at\u00e9 serem preenchidas as turmas. As aulas ter\u00e3o in\u00edcio, respectivamente, nos dia 9 e 18 de junho. Outras informa\u00e7\u00f5es podem ser obtidas atrav\u00e9s do n\u00famero 3612 3077.<\/p>\n<p style=\"text-align: justify;\">O programa \u2018Qualifica Mais\u2019, tem o objetivo de promover capacita\u00e7\u00e3o e gerar oportunidade de emprego e renda, beneficiando, prioritariamente, os usu\u00e1rios da Assist\u00eancia Social, entre eles, os participantes dos Servi\u00e7os de Conviv\u00eancia e Fortalecimento de V\u00ednculos e os benefici\u00e1rios do Bolsa Fam\u00edlia.<\/p>\n<p>Por Fabiana Diniz\/<strong>SEDES<\/strong><\/p>\n","protected":false},"excerpt":{"rendered":"<p>O programa de capacita\u00e7\u00e3o profissional \u2018Qualifica Mais\u2019, lan\u00e7ado em Juazeiro pelo prefeito Paulo Bomfim em 2017, abre a partir de hoje (4) inscri\u00e7\u00f5es para novos cursos profissionalizantes. Ser\u00e3o quatro novas turmas: duas para o curso de AutoCad 2D aplicado \u00e0 Constru\u00e7\u00e3o Civil e duas para Montador e Reparador de Microcomputador. Para participar do programa \u00e9 necess\u00e1rio estar inscrito no Cadastro \u00danico para Programas Sociais do Governo Federal e ser benefici\u00e1rio do Programa Bolsa Fam\u00edlia. As inscri\u00e7\u00f5es podem ser feitas nas sedes dos CRAS, localizados nos bairros Jo\u00e3o Paulo II, Itaberaba, Tabuleiro, Quid\u00e9 e Malhada da Areia, das 07h \u00e0s 17h. As aulas do curso de AutoCad ser\u00e3o sempre aos s\u00e1bados e as inscri\u00e7\u00f5es seguem at\u00e9 o dia 8 de junho&hellip; <\/p>\n","protected":false},"author":1,"featured_media":75845,"comment_status":"closed","ping_status":"closed","sticky":false,"template":"","format":"standard","meta":{"_acf_changed":false,"footnotes":""},"categories":[6,35],"tags":[],"class_list":["post-199655","post","type-post","status-publish","format-standard","has-post-thumbnail","hentry","category-educacao","category-ti-internet"],"acf":[],"yoast_head":"<!-- This site is optimized with the Yoast SEO plugin v27.4 - https:\/\/yoast.com\/product\/yoast-seo-wordpress\/ -->\n<title>PROGRAMA QUALIFICA MAIS DE JUAZEIRO EST\u00c1 COM INSCRI\u00c7\u00d5ES ABERTAS PARA NOVOS CURSOS DO - Blog do Farn\u00e9sio<\/title>\n<meta name=\"robots\" content=\"index, follow, max-snippet:-1, max-image-preview:large, max-video-preview:-1\" \/>\n<link rel=\"canonical\" href=\"https:\/\/blogdofarnesio.com.br\/?p=199655\" \/>\n<meta property=\"og:locale\" content=\"pt_BR\" \/>\n<meta property=\"og:type\" content=\"article\" \/>\n<meta property=\"og:title\" content=\"PROGRAMA QUALIFICA MAIS DE JUAZEIRO EST\u00c1 COM INSCRI\u00c7\u00d5ES ABERTAS PARA NOVOS CURSOS DO - Blog do Farn\u00e9sio\" \/>\n<meta property=\"og:description\" content=\"O programa de capacita\u00e7\u00e3o profissional \u2018Qualifica Mais\u2019, lan\u00e7ado em Juazeiro pelo prefeito Paulo Bomfim em 2017, abre a partir de hoje (4) inscri\u00e7\u00f5es para novos cursos profissionalizantes. Ser\u00e3o quatro novas turmas: duas para o curso de AutoCad 2D aplicado \u00e0 Constru\u00e7\u00e3o Civil e duas para Montador e Reparador de Microcomputador. Para participar do programa \u00e9 necess\u00e1rio estar inscrito no Cadastro \u00danico para Programas Sociais do Governo Federal e ser benefici\u00e1rio do Programa Bolsa Fam\u00edlia. As inscri\u00e7\u00f5es podem ser feitas nas sedes dos CRAS, localizados nos bairros Jo\u00e3o Paulo II, Itaberaba, Tabuleiro, Quid\u00e9 e Malhada da Areia, das 07h \u00e0s 17h. As aulas do curso de AutoCad ser\u00e3o sempre aos s\u00e1bados e as inscri\u00e7\u00f5es seguem at\u00e9 o dia 8 de junho&hellip;\" \/>\n<meta property=\"og:url\" content=\"https:\/\/blogdofarnesio.com.br\/?p=199655\" \/>\n<meta property=\"og:site_name\" content=\"Blog do Farn\u00e9sio\" \/>\n<meta property=\"article:publisher\" content=\"https:\/\/www.facebook.com\/BlogQuerSaberPolitica\/\" \/>\n<meta property=\"article:published_time\" content=\"2018-06-05T12:00:47+00:00\" \/>\n<meta property=\"og:image\" content=\"https:\/\/blogdofarnesio.com.br\/wp-content\/uploads\/2014\/03\/blogqspinternet.gif\" \/>\n\t<meta property=\"og:image:width\" content=\"400\" \/>\n\t<meta property=\"og:image:height\" content=\"263\" \/>\n\t<meta property=\"og:image:type\" content=\"image\/gif\" \/>\n<meta name=\"author\" content=\"Farn\u00e9sio\" \/>\n<meta name=\"twitter:card\" content=\"summary_large_image\" \/>\n<meta name=\"twitter:label1\" content=\"Escrito por\" \/>\n\t<meta name=\"twitter:data1\" content=\"Farn\u00e9sio\" \/>\n\t<meta name=\"twitter:label2\" content=\"Est. tempo de leitura\" \/>\n\t<meta name=\"twitter:data2\" content=\"1 minuto\" \/>\n<script type=\"application\/ld+json\" class=\"yoast-schema-graph\">{\"@context\":\"https:\\\/\\\/schema.org\",\"@graph\":[{\"@type\":\"Article\",\"@id\":\"https:\\\/\\\/blogdofarnesio.com.br\\\/?p=199655#article\",\"isPartOf\":{\"@id\":\"https:\\\/\\\/blogdofarnesio.com.br\\\/?p=199655\"},\"author\":{\"name\":\"Farn\u00e9sio\",\"@id\":\"https:\\\/\\\/blogdofarnesio.com.br\\\/#\\\/schema\\\/person\\\/301c4acf522bccbfdb45af95b5b906a1\"},\"headline\":\"PROGRAMA QUALIFICA MAIS DE JUAZEIRO EST\u00c1 COM INSCRI\u00c7\u00d5ES ABERTAS PARA NOVOS CURSOS DO\",\"datePublished\":\"2018-06-05T12:00:47+00:00\",\"mainEntityOfPage\":{\"@id\":\"https:\\\/\\\/blogdofarnesio.com.br\\\/?p=199655\"},\"wordCount\":252,\"publisher\":{\"@id\":\"https:\\\/\\\/blogdofarnesio.com.br\\\/#organization\"},\"image\":{\"@id\":\"https:\\\/\\\/blogdofarnesio.com.br\\\/?p=199655#primaryimage\"},\"thumbnailUrl\":\"https:\\\/\\\/blogdofarnesio.com.br\\\/wp-content\\\/uploads\\\/2014\\\/03\\\/blogqspinternet.gif\",\"articleSection\":[\"Educa\u00e7\u00e3o\",\"T.I. (INTERNET)\"],\"inLanguage\":\"pt-BR\"},{\"@type\":\"WebPage\",\"@id\":\"https:\\\/\\\/blogdofarnesio.com.br\\\/?p=199655\",\"url\":\"https:\\\/\\\/blogdofarnesio.com.br\\\/?p=199655\",\"name\":\"PROGRAMA QUALIFICA MAIS DE JUAZEIRO EST\u00c1 COM INSCRI\u00c7\u00d5ES ABERTAS PARA NOVOS CURSOS DO - Blog do Farn\u00e9sio\",\"isPartOf\":{\"@id\":\"https:\\\/\\\/blogdofarnesio.com.br\\\/#website\"},\"primaryImageOfPage\":{\"@id\":\"https:\\\/\\\/blogdofarnesio.com.br\\\/?p=199655#primaryimage\"},\"image\":{\"@id\":\"https:\\\/\\\/blogdofarnesio.com.br\\\/?p=199655#primaryimage\"},\"thumbnailUrl\":\"https:\\\/\\\/blogdofarnesio.com.br\\\/wp-content\\\/uploads\\\/2014\\\/03\\\/blogqspinternet.gif\",\"datePublished\":\"2018-06-05T12:00:47+00:00\",\"breadcrumb\":{\"@id\":\"https:\\\/\\\/blogdofarnesio.com.br\\\/?p=199655#breadcrumb\"},\"inLanguage\":\"pt-BR\",\"potentialAction\":[{\"@type\":\"ReadAction\",\"target\":[\"https:\\\/\\\/blogdofarnesio.com.br\\\/?p=199655\"]}]},{\"@type\":\"ImageObject\",\"inLanguage\":\"pt-BR\",\"@id\":\"https:\\\/\\\/blogdofarnesio.com.br\\\/?p=199655#primaryimage\",\"url\":\"https:\\\/\\\/blogdofarnesio.com.br\\\/wp-content\\\/uploads\\\/2014\\\/03\\\/blogqspinternet.gif\",\"contentUrl\":\"https:\\\/\\\/blogdofarnesio.com.br\\\/wp-content\\\/uploads\\\/2014\\\/03\\\/blogqspinternet.gif\",\"width\":400,\"height\":263},{\"@type\":\"BreadcrumbList\",\"@id\":\"https:\\\/\\\/blogdofarnesio.com.br\\\/?p=199655#breadcrumb\",\"itemListElement\":[{\"@type\":\"ListItem\",\"position\":1,\"name\":\"In\u00edcio\",\"item\":\"https:\\\/\\\/blogdofarnesio.com.br\\\/\"},{\"@type\":\"ListItem\",\"position\":2,\"name\":\"PROGRAMA QUALIFICA MAIS DE JUAZEIRO EST\u00c1 COM INSCRI\u00c7\u00d5ES ABERTAS PARA NOVOS CURSOS DO\"}]},{\"@type\":\"WebSite\",\"@id\":\"https:\\\/\\\/blogdofarnesio.com.br\\\/#website\",\"url\":\"https:\\\/\\\/blogdofarnesio.com.br\\\/\",\"name\":\"Blog do Farn\u00e9sio\",\"description\":\"Quer Saber Pol\u00edtica?\",\"publisher\":{\"@id\":\"https:\\\/\\\/blogdofarnesio.com.br\\\/#organization\"},\"potentialAction\":[{\"@type\":\"SearchAction\",\"target\":{\"@type\":\"EntryPoint\",\"urlTemplate\":\"https:\\\/\\\/blogdofarnesio.com.br\\\/?s={search_term_string}\"},\"query-input\":{\"@type\":\"PropertyValueSpecification\",\"valueRequired\":true,\"valueName\":\"search_term_string\"}}],\"inLanguage\":\"pt-BR\"},{\"@type\":\"Organization\",\"@id\":\"https:\\\/\\\/blogdofarnesio.com.br\\\/#organization\",\"name\":\"Blog do Farn\u00e9sio\",\"url\":\"https:\\\/\\\/blogdofarnesio.com.br\\\/\",\"logo\":{\"@type\":\"ImageObject\",\"inLanguage\":\"pt-BR\",\"@id\":\"https:\\\/\\\/blogdofarnesio.com.br\\\/#\\\/schema\\\/logo\\\/image\\\/\",\"url\":\"https:\\\/\\\/blogdofarnesio.com.br\\\/wp-content\\\/uploads\\\/2026\\\/03\\\/cropped-logo_new-1.png\",\"contentUrl\":\"https:\\\/\\\/blogdofarnesio.com.br\\\/wp-content\\\/uploads\\\/2026\\\/03\\\/cropped-logo_new-1.png\",\"width\":881,\"height\":685,\"caption\":\"Blog do Farn\u00e9sio\"},\"image\":{\"@id\":\"https:\\\/\\\/blogdofarnesio.com.br\\\/#\\\/schema\\\/logo\\\/image\\\/\"},\"sameAs\":[\"https:\\\/\\\/www.facebook.com\\\/BlogQuerSaberPolitica\\\/\"]},{\"@type\":\"Person\",\"@id\":\"https:\\\/\\\/blogdofarnesio.com.br\\\/#\\\/schema\\\/person\\\/301c4acf522bccbfdb45af95b5b906a1\",\"name\":\"Farn\u00e9sio\",\"image\":{\"@type\":\"ImageObject\",\"inLanguage\":\"pt-BR\",\"@id\":\"https:\\\/\\\/secure.gravatar.com\\\/avatar\\\/df0c9a14567c056f8ad6876ba5bbd1e3e2c48023eb6807342fc4663adf549f38?s=96&d=mm&r=g\",\"url\":\"https:\\\/\\\/secure.gravatar.com\\\/avatar\\\/df0c9a14567c056f8ad6876ba5bbd1e3e2c48023eb6807342fc4663adf549f38?s=96&d=mm&r=g\",\"contentUrl\":\"https:\\\/\\\/secure.gravatar.com\\\/avatar\\\/df0c9a14567c056f8ad6876ba5bbd1e3e2c48023eb6807342fc4663adf549f38?s=96&d=mm&r=g\",\"caption\":\"Farn\u00e9sio\"},\"sameAs\":[\"https:\\\/\\\/quersaberpolitica.com.br\"],\"url\":\"https:\\\/\\\/blogdofarnesio.com.br\\\/?author=1\"}]}<\/script>\n<!-- \/ Yoast SEO plugin. -->","yoast_head_json":{"title":"PROGRAMA QUALIFICA MAIS DE JUAZEIRO EST\u00c1 COM INSCRI\u00c7\u00d5ES ABERTAS PARA NOVOS CURSOS DO - Blog do Farn\u00e9sio","robots":{"index":"index","follow":"follow","max-snippet":"max-snippet:-1","max-image-preview":"max-image-preview:large","max-video-preview":"max-video-preview:-1"},"canonical":"https:\/\/blogdofarnesio.com.br\/?p=199655","og_locale":"pt_BR","og_type":"article","og_title":"PROGRAMA QUALIFICA MAIS DE JUAZEIRO EST\u00c1 COM INSCRI\u00c7\u00d5ES ABERTAS PARA NOVOS CURSOS DO - Blog do Farn\u00e9sio","og_description":"O programa de capacita\u00e7\u00e3o profissional \u2018Qualifica Mais\u2019, lan\u00e7ado em Juazeiro pelo prefeito Paulo Bomfim em 2017, abre a partir de hoje (4) inscri\u00e7\u00f5es para novos cursos profissionalizantes. Ser\u00e3o quatro novas turmas: duas para o curso de AutoCad 2D aplicado \u00e0 Constru\u00e7\u00e3o Civil e duas para Montador e Reparador de Microcomputador. Para participar do programa \u00e9 necess\u00e1rio estar inscrito no Cadastro \u00danico para Programas Sociais do Governo Federal e ser benefici\u00e1rio do Programa Bolsa Fam\u00edlia. As inscri\u00e7\u00f5es podem ser feitas nas sedes dos CRAS, localizados nos bairros Jo\u00e3o Paulo II, Itaberaba, Tabuleiro, Quid\u00e9 e Malhada da Areia, das 07h \u00e0s 17h. As aulas do curso de AutoCad ser\u00e3o sempre aos s\u00e1bados e as inscri\u00e7\u00f5es seguem at\u00e9 o dia 8 de junho&hellip;","og_url":"https:\/\/blogdofarnesio.com.br\/?p=199655","og_site_name":"Blog do Farn\u00e9sio","article_publisher":"https:\/\/www.facebook.com\/BlogQuerSaberPolitica\/","article_published_time":"2018-06-05T12:00:47+00:00","og_image":[{"width":400,"height":263,"url":"https:\/\/blogdofarnesio.com.br\/wp-content\/uploads\/2014\/03\/blogqspinternet.gif","type":"image\/gif"}],"author":"Farn\u00e9sio","twitter_card":"summary_large_image","twitter_misc":{"Escrito por":"Farn\u00e9sio","Est. tempo de leitura":"1 minuto"},"schema":{"@context":"https:\/\/schema.org","@graph":[{"@type":"Article","@id":"https:\/\/blogdofarnesio.com.br\/?p=199655#article","isPartOf":{"@id":"https:\/\/blogdofarnesio.com.br\/?p=199655"},"author":{"name":"Farn\u00e9sio","@id":"https:\/\/blogdofarnesio.com.br\/#\/schema\/person\/301c4acf522bccbfdb45af95b5b906a1"},"headline":"PROGRAMA QUALIFICA MAIS DE JUAZEIRO EST\u00c1 COM INSCRI\u00c7\u00d5ES ABERTAS PARA NOVOS CURSOS DO","datePublished":"2018-06-05T12:00:47+00:00","mainEntityOfPage":{"@id":"https:\/\/blogdofarnesio.com.br\/?p=199655"},"wordCount":252,"publisher":{"@id":"https:\/\/blogdofarnesio.com.br\/#organization"},"image":{"@id":"https:\/\/blogdofarnesio.com.br\/?p=199655#primaryimage"},"thumbnailUrl":"https:\/\/blogdofarnesio.com.br\/wp-content\/uploads\/2014\/03\/blogqspinternet.gif","articleSection":["Educa\u00e7\u00e3o","T.I. (INTERNET)"],"inLanguage":"pt-BR"},{"@type":"WebPage","@id":"https:\/\/blogdofarnesio.com.br\/?p=199655","url":"https:\/\/blogdofarnesio.com.br\/?p=199655","name":"PROGRAMA QUALIFICA MAIS DE JUAZEIRO EST\u00c1 COM INSCRI\u00c7\u00d5ES ABERTAS PARA NOVOS CURSOS DO - Blog do Farn\u00e9sio","isPartOf":{"@id":"https:\/\/blogdofarnesio.com.br\/#website"},"primaryImageOfPage":{"@id":"https:\/\/blogdofarnesio.com.br\/?p=199655#primaryimage"},"image":{"@id":"https:\/\/blogdofarnesio.com.br\/?p=199655#primaryimage"},"thumbnailUrl":"https:\/\/blogdofarnesio.com.br\/wp-content\/uploads\/2014\/03\/blogqspinternet.gif","datePublished":"2018-06-05T12:00:47+00:00","breadcrumb":{"@id":"https:\/\/blogdofarnesio.com.br\/?p=199655#breadcrumb"},"inLanguage":"pt-BR","potentialAction":[{"@type":"ReadAction","target":["https:\/\/blogdofarnesio.com.br\/?p=199655"]}]},{"@type":"ImageObject","inLanguage":"pt-BR","@id":"https:\/\/blogdofarnesio.com.br\/?p=199655#primaryimage","url":"https:\/\/blogdofarnesio.com.br\/wp-content\/uploads\/2014\/03\/blogqspinternet.gif","contentUrl":"https:\/\/blogdofarnesio.com.br\/wp-content\/uploads\/2014\/03\/blogqspinternet.gif","width":400,"height":263},{"@type":"BreadcrumbList","@id":"https:\/\/blogdofarnesio.com.br\/?p=199655#breadcrumb","itemListElement":[{"@type":"ListItem","position":1,"name":"In\u00edcio","item":"https:\/\/blogdofarnesio.com.br\/"},{"@type":"ListItem","position":2,"name":"PROGRAMA QUALIFICA MAIS DE JUAZEIRO EST\u00c1 COM INSCRI\u00c7\u00d5ES ABERTAS PARA NOVOS CURSOS DO"}]},{"@type":"WebSite","@id":"https:\/\/blogdofarnesio.com.br\/#website","url":"https:\/\/blogdofarnesio.com.br\/","name":"Blog do Farn\u00e9sio","description":"Quer Saber Pol\u00edtica?","publisher":{"@id":"https:\/\/blogdofarnesio.com.br\/#organization"},"potentialAction":[{"@type":"SearchAction","target":{"@type":"EntryPoint","urlTemplate":"https:\/\/blogdofarnesio.com.br\/?s={search_term_string}"},"query-input":{"@type":"PropertyValueSpecification","valueRequired":true,"valueName":"search_term_string"}}],"inLanguage":"pt-BR"},{"@type":"Organization","@id":"https:\/\/blogdofarnesio.com.br\/#organization","name":"Blog do Farn\u00e9sio","url":"https:\/\/blogdofarnesio.com.br\/","logo":{"@type":"ImageObject","inLanguage":"pt-BR","@id":"https:\/\/blogdofarnesio.com.br\/#\/schema\/logo\/image\/","url":"https:\/\/blogdofarnesio.com.br\/wp-content\/uploads\/2026\/03\/cropped-logo_new-1.png","contentUrl":"https:\/\/blogdofarnesio.com.br\/wp-content\/uploads\/2026\/03\/cropped-logo_new-1.png","width":881,"height":685,"caption":"Blog do Farn\u00e9sio"},"image":{"@id":"https:\/\/blogdofarnesio.com.br\/#\/schema\/logo\/image\/"},"sameAs":["https:\/\/www.facebook.com\/BlogQuerSaberPolitica\/"]},{"@type":"Person","@id":"https:\/\/blogdofarnesio.com.br\/#\/schema\/person\/301c4acf522bccbfdb45af95b5b906a1","name":"Farn\u00e9sio","image":{"@type":"ImageObject","inLanguage":"pt-BR","@id":"https:\/\/secure.gravatar.com\/avatar\/df0c9a14567c056f8ad6876ba5bbd1e3e2c48023eb6807342fc4663adf549f38?s=96&d=mm&r=g","url":"https:\/\/secure.gravatar.com\/avatar\/df0c9a14567c056f8ad6876ba5bbd1e3e2c48023eb6807342fc4663adf549f38?s=96&d=mm&r=g","contentUrl":"https:\/\/secure.gravatar.com\/avatar\/df0c9a14567c056f8ad6876ba5bbd1e3e2c48023eb6807342fc4663adf549f38?s=96&d=mm&r=g","caption":"Farn\u00e9sio"},"sameAs":["https:\/\/quersaberpolitica.com.br"],"url":"https:\/\/blogdofarnesio.com.br\/?author=1"}]}},"_links":{"self":[{"href":"https:\/\/blogdofarnesio.com.br\/index.php?rest_route=\/wp\/v2\/posts\/199655","targetHints":{"allow":["GET"]}}],"collection":[{"href":"https:\/\/blogdofarnesio.com.br\/index.php?rest_route=\/wp\/v2\/posts"}],"about":[{"href":"https:\/\/blogdofarnesio.com.br\/index.php?rest_route=\/wp\/v2\/types\/post"}],"author":[{"embeddable":true,"href":"https:\/\/blogdofarnesio.com.br\/index.php?rest_route=\/wp\/v2\/users\/1"}],"replies":[{"embeddable":true,"href":"https:\/\/blogdofarnesio.com.br\/index.php?rest_route=%2Fwp%2Fv2%2Fcomments&post=199655"}],"version-history":[{"count":0,"href":"https:\/\/blogdofarnesio.com.br\/index.php?rest_route=\/wp\/v2\/posts\/199655\/revisions"}],"wp:featuredmedia":[{"embeddable":true,"href":"https:\/\/blogdofarnesio.com.br\/index.php?rest_route=\/wp\/v2\/media\/75845"}],"wp:attachment":[{"href":"https:\/\/blogdofarnesio.com.br\/index.php?rest_route=%2Fwp%2Fv2%2Fmedia&parent=199655"}],"wp:term":[{"taxonomy":"category","embeddable":true,"href":"https:\/\/blogdofarnesio.com.br\/index.php?rest_route=%2Fwp%2Fv2%2Fcategories&post=199655"},{"taxonomy":"post_tag","embeddable":true,"href":"https:\/\/blogdofarnesio.com.br\/index.php?rest_route=%2Fwp%2Fv2%2Ftags&post=199655"}],"curies":[{"name":"wp","href":"https:\/\/api.w.org\/{rel}","templated":true}]}}