{"id":199316,"date":"2018-06-05T09:40:25","date_gmt":"2018-06-05T12:40:25","guid":{"rendered":"http:\/\/quersaberpolitica.com.br\/2016\/?p=199316"},"modified":"2018-06-04T19:05:39","modified_gmt":"2018-06-04T22:05:39","slug":"valdemar-borges-vai-ao-programa-de-farnesio-silva-apresentar-sua-pre-candidatura-a-deputado-federal-pelo-mdb","status":"publish","type":"post","link":"https:\/\/blogdofarnesio.com.br\/?p=199316","title":{"rendered":"VALDEMAR BORGES VAI AO PROGRAMA DE FARN\u00c9SIO SILVA APRESENTAR SUA PR\u00c9-CANDIDATURA A DEPUTADO FEDERAL PELO MDB"},"content":{"rendered":"<p style=\"text-align: justify;\">O Pr\u00e9-Candidato a Deputado Federal pelo MDB Valdemar Borges participou do <em>Programa Bastidores da Not\u00edcia, <\/em>ocasi\u00e3o em que falou sobre a sua pr\u00e9-candidatura. Para os que ainda n\u00e3o conhecem seu trabalho na regi\u00e3o, Valdemar aproveitou para falar das suas atividades, a exemplo da funda\u00e7\u00e3o do primeiro Cons\u00f3rcio, vinte anos atr\u00e1s no Vale do Salitre, antes mesmo da regulariza\u00e7\u00e3o da Lei Federal 11.107\/2005.<\/p>\n<p style=\"text-align: justify;\">Sua primeira cria\u00e7\u00e3o, a UAV\u2019S \u2013 Uni\u00e3o das Associa\u00e7\u00f5es do Vale do Salitre atualmente \u00e9 um importante dispositivo de uni\u00e3o e integra\u00e7\u00e3o dos trabalhos. Em seguida criou o Constesf \u2013 Cons\u00f3rcio Desenvolvimento Sert\u00e3o do S\u00e3o Francisco, com sede em Juazeiro, o PiemonteNorte do Itapicuru, com sede em Senhor do Bomfim, Piemonte Norte da Diamantina, entre outros, tendo participado da funda\u00e7\u00e3o de mais dezoito na Bahia.<\/p>\n<p style=\"text-align: justify;\">Al\u00e9m disso, Valdemar se especializou em Irriga\u00e7\u00e3o voltada a Projetos na administra\u00e7\u00e3o p\u00fablica moderna e foi pioneiro em trabalhos integrados e consorciados. Contribuiu, a partir de leis federais e estaduais, como o Estatuto das Cidades, Lei do Saneamento B\u00e1sico, da Habita\u00e7\u00e3o relacionada \u00e0 organiza\u00e7\u00e3o fundi\u00e1ria, de Cons\u00f3rcios P\u00fablicos e Res\u00edduos S\u00f3lidos, com a elabora\u00e7\u00e3o de leis municipais essenciais para o pleno desenvolvimento de in\u00fameros munic\u00edpios.<\/p>\n<p style=\"text-align: justify;\">\u201cA nossa bandeira maior \u00e9 o Cons\u00f3rcio Desenvolvimento Sert\u00e3o do S\u00e3o Francisco que n\u00e3o est\u00e3o trabalhando devidamente, ele \u00e9 multifinalit\u00e1rio, como se fosse um munic\u00edpio agregado a toda popula\u00e7\u00e3o territorial.<\/p>\n<p style=\"text-align: justify;\">Queremos fortalecer o cons\u00f3rcio no estado da Bahia e no Brasil todo, o que a gente ver hoje \u00e9 o governo do estado querendo politizar o cons\u00f3rcio na \u00e1rea de sa\u00fade e em nenhum momento ele oficializou a exist\u00eancia do cons\u00f3rcio e criou um novo cons\u00f3rcio de sa\u00fade e isso nos preocupa, a exemplo, quando voc\u00ea se coloca uma policl\u00ednica que gasta quase R$ 24 milh\u00f5es aonde voc\u00ea tem uma Santa Casa, Clise e S\u00f3 Baby fechadas, um Hospital regional carente de recurso, as demais cidades circunvizinhas tamb\u00e9m enfrentando o mesmo problema, e a gente fica se perguntando onde estamos errando? A nossa preocupa\u00e7\u00e3o maior \u00e9 esta. \u00c9 muito f\u00e1cil se gerir a sa\u00fade hoje com recursos p\u00fablicos e eu quero fortalecer isso, a politica da sa\u00fade precisa de reflex\u00e3o\u201d, alertou.<\/p>\n<p style=\"text-align: justify;\">Sobre a avalia\u00e7\u00e3o politica que o Brasil vive hoje, ele disse que chegou o momento de viver o que se colheu e o que plantou. \u201cO que est\u00e1 sendo feito \u00e9 um desgaste que j\u00e1 vem de muito tempo e agora chegou \u00e0 tempestade, eu diria que hoje n\u00f3s precisamos de algumas atividades para mudar a politica existente e ouvir o clamou da popula\u00e7\u00e3o, as elei\u00e7\u00f5es est\u00e3o batendo nas portas e chegou a hora da popula\u00e7\u00e3o dar as respostas. S\u00f3 podemos fazer politicas estando dentro da pol\u00edtica e estou disputando as elei\u00e7\u00f5es para isto\u201d.<\/p>\n<p style=\"text-align: justify;\">Por fim, ele disse que fragilizaram a Codevasf e isso \u00e9 bastante preocupante. \u201cA Codesvaf \u00e9 o principal instrumento de desenvolvimento da nossa regi\u00e3o, eu fico triste quando escuto que os deputados dizem que trouxe emendas para a cidade, isso \u00e9 obriga\u00e7\u00e3o deles. A Codevasf aprovou a implanta\u00e7\u00e3o de novas bacias e isso \u00e9 importante para a cidade. Quem estiver interessado em saber algo sobre as pol\u00edticas modernas pode entrar em contato comigo atrav\u00e9s do n\u00famero (74) 991424561\u201d, concluiu.<\/p>\n<p style=\"text-align: justify;\"><strong><em>Da Reda\u00e7\u00e3o\/BlogQSP<\/em><\/strong><\/p>\n","protected":false},"excerpt":{"rendered":"<p>O Pr\u00e9-Candidato a Deputado Federal pelo MDB Valdemar Borges participou do Programa Bastidores da Not\u00edcia, ocasi\u00e3o em que falou sobre a sua pr\u00e9-candidatura. Para os que ainda n\u00e3o conhecem seu trabalho na regi\u00e3o, Valdemar aproveitou para falar das suas atividades, a exemplo da funda\u00e7\u00e3o do primeiro Cons\u00f3rcio, vinte anos atr\u00e1s no Vale do Salitre, antes mesmo da regulariza\u00e7\u00e3o da Lei Federal 11.107\/2005. Sua primeira cria\u00e7\u00e3o, a UAV\u2019S \u2013 Uni\u00e3o das Associa\u00e7\u00f5es do Vale do Salitre atualmente \u00e9 um importante dispositivo de uni\u00e3o e integra\u00e7\u00e3o dos trabalhos. Em seguida criou o Constesf \u2013 Cons\u00f3rcio Desenvolvimento Sert\u00e3o do S\u00e3o Francisco, com sede em Juazeiro, o PiemonteNorte do Itapicuru, com sede em Senhor do Bomfim, Piemonte Norte da Diamantina, entre outros, tendo participado&hellip; <\/p>\n","protected":false},"author":1,"featured_media":199703,"comment_status":"closed","ping_status":"closed","sticky":false,"template":"","format":"standard","meta":{"_acf_changed":false,"footnotes":""},"categories":[34],"tags":[],"class_list":["post-199316","post","type-post","status-publish","format-standard","has-post-thumbnail","hentry","category-eleicoes"],"acf":[],"yoast_head":"<!-- This site is optimized with the Yoast SEO plugin v27.4 - https:\/\/yoast.com\/product\/yoast-seo-wordpress\/ -->\n<title>VALDEMAR BORGES VAI AO PROGRAMA DE FARN\u00c9SIO SILVA APRESENTAR SUA PR\u00c9-CANDIDATURA A DEPUTADO FEDERAL PELO MDB - Blog do Farn\u00e9sio<\/title>\n<meta name=\"robots\" content=\"index, follow, max-snippet:-1, max-image-preview:large, max-video-preview:-1\" \/>\n<link rel=\"canonical\" href=\"https:\/\/blogdofarnesio.com.br\/?p=199316\" \/>\n<meta property=\"og:locale\" content=\"pt_BR\" \/>\n<meta property=\"og:type\" content=\"article\" \/>\n<meta property=\"og:title\" content=\"VALDEMAR BORGES VAI AO PROGRAMA DE FARN\u00c9SIO SILVA APRESENTAR SUA PR\u00c9-CANDIDATURA A DEPUTADO FEDERAL PELO MDB - Blog do Farn\u00e9sio\" \/>\n<meta property=\"og:description\" content=\"O Pr\u00e9-Candidato a Deputado Federal pelo MDB Valdemar Borges participou do Programa Bastidores da Not\u00edcia, ocasi\u00e3o em que falou sobre a sua pr\u00e9-candidatura. Para os que ainda n\u00e3o conhecem seu trabalho na regi\u00e3o, Valdemar aproveitou para falar das suas atividades, a exemplo da funda\u00e7\u00e3o do primeiro Cons\u00f3rcio, vinte anos atr\u00e1s no Vale do Salitre, antes mesmo da regulariza\u00e7\u00e3o da Lei Federal 11.107\/2005. Sua primeira cria\u00e7\u00e3o, a UAV\u2019S \u2013 Uni\u00e3o das Associa\u00e7\u00f5es do Vale do Salitre atualmente \u00e9 um importante dispositivo de uni\u00e3o e integra\u00e7\u00e3o dos trabalhos. Em seguida criou o Constesf \u2013 Cons\u00f3rcio Desenvolvimento Sert\u00e3o do S\u00e3o Francisco, com sede em Juazeiro, o PiemonteNorte do Itapicuru, com sede em Senhor do Bomfim, Piemonte Norte da Diamantina, entre outros, tendo participado&hellip;\" \/>\n<meta property=\"og:url\" content=\"https:\/\/blogdofarnesio.com.br\/?p=199316\" \/>\n<meta property=\"og:site_name\" content=\"Blog do Farn\u00e9sio\" \/>\n<meta property=\"article:publisher\" content=\"https:\/\/www.facebook.com\/BlogQuerSaberPolitica\/\" \/>\n<meta property=\"article:published_time\" content=\"2018-06-05T12:40:25+00:00\" \/>\n<meta property=\"og:image\" content=\"https:\/\/blogdofarnesio.com.br\/wp-content\/uploads\/2018\/06\/IMG_20180530_072846311-e1528149626102.jpg\" \/>\n\t<meta property=\"og:image:width\" content=\"664\" \/>\n\t<meta property=\"og:image:height\" content=\"374\" \/>\n\t<meta property=\"og:image:type\" content=\"image\/jpeg\" \/>\n<meta name=\"author\" content=\"Farn\u00e9sio\" \/>\n<meta name=\"twitter:card\" content=\"summary_large_image\" \/>\n<meta name=\"twitter:label1\" content=\"Escrito por\" \/>\n\t<meta name=\"twitter:data1\" content=\"Farn\u00e9sio\" \/>\n\t<meta name=\"twitter:label2\" content=\"Est. tempo de leitura\" \/>\n\t<meta name=\"twitter:data2\" content=\"3 minutos\" \/>\n<script type=\"application\/ld+json\" class=\"yoast-schema-graph\">{\"@context\":\"https:\\\/\\\/schema.org\",\"@graph\":[{\"@type\":\"Article\",\"@id\":\"https:\\\/\\\/blogdofarnesio.com.br\\\/?p=199316#article\",\"isPartOf\":{\"@id\":\"https:\\\/\\\/blogdofarnesio.com.br\\\/?p=199316\"},\"author\":{\"name\":\"Farn\u00e9sio\",\"@id\":\"https:\\\/\\\/blogdofarnesio.com.br\\\/#\\\/schema\\\/person\\\/301c4acf522bccbfdb45af95b5b906a1\"},\"headline\":\"VALDEMAR BORGES VAI AO PROGRAMA DE FARN\u00c9SIO SILVA APRESENTAR SUA PR\u00c9-CANDIDATURA A DEPUTADO FEDERAL PELO MDB\",\"datePublished\":\"2018-06-05T12:40:25+00:00\",\"mainEntityOfPage\":{\"@id\":\"https:\\\/\\\/blogdofarnesio.com.br\\\/?p=199316\"},\"wordCount\":602,\"publisher\":{\"@id\":\"https:\\\/\\\/blogdofarnesio.com.br\\\/#organization\"},\"image\":{\"@id\":\"https:\\\/\\\/blogdofarnesio.com.br\\\/?p=199316#primaryimage\"},\"thumbnailUrl\":\"https:\\\/\\\/blogdofarnesio.com.br\\\/wp-content\\\/uploads\\\/2018\\\/06\\\/IMG_20180530_072846311-e1528149626102.jpg\",\"articleSection\":[\"Elei\u00e7\u00f5es\"],\"inLanguage\":\"pt-BR\"},{\"@type\":\"WebPage\",\"@id\":\"https:\\\/\\\/blogdofarnesio.com.br\\\/?p=199316\",\"url\":\"https:\\\/\\\/blogdofarnesio.com.br\\\/?p=199316\",\"name\":\"VALDEMAR BORGES VAI AO PROGRAMA DE FARN\u00c9SIO SILVA APRESENTAR SUA PR\u00c9-CANDIDATURA A DEPUTADO FEDERAL PELO MDB - Blog do Farn\u00e9sio\",\"isPartOf\":{\"@id\":\"https:\\\/\\\/blogdofarnesio.com.br\\\/#website\"},\"primaryImageOfPage\":{\"@id\":\"https:\\\/\\\/blogdofarnesio.com.br\\\/?p=199316#primaryimage\"},\"image\":{\"@id\":\"https:\\\/\\\/blogdofarnesio.com.br\\\/?p=199316#primaryimage\"},\"thumbnailUrl\":\"https:\\\/\\\/blogdofarnesio.com.br\\\/wp-content\\\/uploads\\\/2018\\\/06\\\/IMG_20180530_072846311-e1528149626102.jpg\",\"datePublished\":\"2018-06-05T12:40:25+00:00\",\"breadcrumb\":{\"@id\":\"https:\\\/\\\/blogdofarnesio.com.br\\\/?p=199316#breadcrumb\"},\"inLanguage\":\"pt-BR\",\"potentialAction\":[{\"@type\":\"ReadAction\",\"target\":[\"https:\\\/\\\/blogdofarnesio.com.br\\\/?p=199316\"]}]},{\"@type\":\"ImageObject\",\"inLanguage\":\"pt-BR\",\"@id\":\"https:\\\/\\\/blogdofarnesio.com.br\\\/?p=199316#primaryimage\",\"url\":\"https:\\\/\\\/blogdofarnesio.com.br\\\/wp-content\\\/uploads\\\/2018\\\/06\\\/IMG_20180530_072846311-e1528149626102.jpg\",\"contentUrl\":\"https:\\\/\\\/blogdofarnesio.com.br\\\/wp-content\\\/uploads\\\/2018\\\/06\\\/IMG_20180530_072846311-e1528149626102.jpg\",\"width\":664,\"height\":374,\"caption\":\"Valdemar Borges Pr\u00e9-candidato a deputado federal MDB Foto Farn\u00e9sio Silva\"},{\"@type\":\"BreadcrumbList\",\"@id\":\"https:\\\/\\\/blogdofarnesio.com.br\\\/?p=199316#breadcrumb\",\"itemListElement\":[{\"@type\":\"ListItem\",\"position\":1,\"name\":\"In\u00edcio\",\"item\":\"https:\\\/\\\/blogdofarnesio.com.br\\\/\"},{\"@type\":\"ListItem\",\"position\":2,\"name\":\"VALDEMAR BORGES VAI AO PROGRAMA DE FARN\u00c9SIO SILVA APRESENTAR SUA PR\u00c9-CANDIDATURA A DEPUTADO FEDERAL PELO MDB\"}]},{\"@type\":\"WebSite\",\"@id\":\"https:\\\/\\\/blogdofarnesio.com.br\\\/#website\",\"url\":\"https:\\\/\\\/blogdofarnesio.com.br\\\/\",\"name\":\"Blog do Farn\u00e9sio\",\"description\":\"Quer Saber Pol\u00edtica?\",\"publisher\":{\"@id\":\"https:\\\/\\\/blogdofarnesio.com.br\\\/#organization\"},\"potentialAction\":[{\"@type\":\"SearchAction\",\"target\":{\"@type\":\"EntryPoint\",\"urlTemplate\":\"https:\\\/\\\/blogdofarnesio.com.br\\\/?s={search_term_string}\"},\"query-input\":{\"@type\":\"PropertyValueSpecification\",\"valueRequired\":true,\"valueName\":\"search_term_string\"}}],\"inLanguage\":\"pt-BR\"},{\"@type\":\"Organization\",\"@id\":\"https:\\\/\\\/blogdofarnesio.com.br\\\/#organization\",\"name\":\"Blog do Farn\u00e9sio\",\"url\":\"https:\\\/\\\/blogdofarnesio.com.br\\\/\",\"logo\":{\"@type\":\"ImageObject\",\"inLanguage\":\"pt-BR\",\"@id\":\"https:\\\/\\\/blogdofarnesio.com.br\\\/#\\\/schema\\\/logo\\\/image\\\/\",\"url\":\"https:\\\/\\\/blogdofarnesio.com.br\\\/wp-content\\\/uploads\\\/2026\\\/03\\\/cropped-logo_new-1.png\",\"contentUrl\":\"https:\\\/\\\/blogdofarnesio.com.br\\\/wp-content\\\/uploads\\\/2026\\\/03\\\/cropped-logo_new-1.png\",\"width\":881,\"height\":685,\"caption\":\"Blog do Farn\u00e9sio\"},\"image\":{\"@id\":\"https:\\\/\\\/blogdofarnesio.com.br\\\/#\\\/schema\\\/logo\\\/image\\\/\"},\"sameAs\":[\"https:\\\/\\\/www.facebook.com\\\/BlogQuerSaberPolitica\\\/\"]},{\"@type\":\"Person\",\"@id\":\"https:\\\/\\\/blogdofarnesio.com.br\\\/#\\\/schema\\\/person\\\/301c4acf522bccbfdb45af95b5b906a1\",\"name\":\"Farn\u00e9sio\",\"image\":{\"@type\":\"ImageObject\",\"inLanguage\":\"pt-BR\",\"@id\":\"https:\\\/\\\/secure.gravatar.com\\\/avatar\\\/df0c9a14567c056f8ad6876ba5bbd1e3e2c48023eb6807342fc4663adf549f38?s=96&d=mm&r=g\",\"url\":\"https:\\\/\\\/secure.gravatar.com\\\/avatar\\\/df0c9a14567c056f8ad6876ba5bbd1e3e2c48023eb6807342fc4663adf549f38?s=96&d=mm&r=g\",\"contentUrl\":\"https:\\\/\\\/secure.gravatar.com\\\/avatar\\\/df0c9a14567c056f8ad6876ba5bbd1e3e2c48023eb6807342fc4663adf549f38?s=96&d=mm&r=g\",\"caption\":\"Farn\u00e9sio\"},\"sameAs\":[\"https:\\\/\\\/quersaberpolitica.com.br\"],\"url\":\"https:\\\/\\\/blogdofarnesio.com.br\\\/?author=1\"}]}<\/script>\n<!-- \/ Yoast SEO plugin. -->","yoast_head_json":{"title":"VALDEMAR BORGES VAI AO PROGRAMA DE FARN\u00c9SIO SILVA APRESENTAR SUA PR\u00c9-CANDIDATURA A DEPUTADO FEDERAL PELO MDB - Blog do Farn\u00e9sio","robots":{"index":"index","follow":"follow","max-snippet":"max-snippet:-1","max-image-preview":"max-image-preview:large","max-video-preview":"max-video-preview:-1"},"canonical":"https:\/\/blogdofarnesio.com.br\/?p=199316","og_locale":"pt_BR","og_type":"article","og_title":"VALDEMAR BORGES VAI AO PROGRAMA DE FARN\u00c9SIO SILVA APRESENTAR SUA PR\u00c9-CANDIDATURA A DEPUTADO FEDERAL PELO MDB - Blog do Farn\u00e9sio","og_description":"O Pr\u00e9-Candidato a Deputado Federal pelo MDB Valdemar Borges participou do Programa Bastidores da Not\u00edcia, ocasi\u00e3o em que falou sobre a sua pr\u00e9-candidatura. Para os que ainda n\u00e3o conhecem seu trabalho na regi\u00e3o, Valdemar aproveitou para falar das suas atividades, a exemplo da funda\u00e7\u00e3o do primeiro Cons\u00f3rcio, vinte anos atr\u00e1s no Vale do Salitre, antes mesmo da regulariza\u00e7\u00e3o da Lei Federal 11.107\/2005. Sua primeira cria\u00e7\u00e3o, a UAV\u2019S \u2013 Uni\u00e3o das Associa\u00e7\u00f5es do Vale do Salitre atualmente \u00e9 um importante dispositivo de uni\u00e3o e integra\u00e7\u00e3o dos trabalhos. Em seguida criou o Constesf \u2013 Cons\u00f3rcio Desenvolvimento Sert\u00e3o do S\u00e3o Francisco, com sede em Juazeiro, o PiemonteNorte do Itapicuru, com sede em Senhor do Bomfim, Piemonte Norte da Diamantina, entre outros, tendo participado&hellip;","og_url":"https:\/\/blogdofarnesio.com.br\/?p=199316","og_site_name":"Blog do Farn\u00e9sio","article_publisher":"https:\/\/www.facebook.com\/BlogQuerSaberPolitica\/","article_published_time":"2018-06-05T12:40:25+00:00","og_image":[{"width":664,"height":374,"url":"https:\/\/blogdofarnesio.com.br\/wp-content\/uploads\/2018\/06\/IMG_20180530_072846311-e1528149626102.jpg","type":"image\/jpeg"}],"author":"Farn\u00e9sio","twitter_card":"summary_large_image","twitter_misc":{"Escrito por":"Farn\u00e9sio","Est. tempo de leitura":"3 minutos"},"schema":{"@context":"https:\/\/schema.org","@graph":[{"@type":"Article","@id":"https:\/\/blogdofarnesio.com.br\/?p=199316#article","isPartOf":{"@id":"https:\/\/blogdofarnesio.com.br\/?p=199316"},"author":{"name":"Farn\u00e9sio","@id":"https:\/\/blogdofarnesio.com.br\/#\/schema\/person\/301c4acf522bccbfdb45af95b5b906a1"},"headline":"VALDEMAR BORGES VAI AO PROGRAMA DE FARN\u00c9SIO SILVA APRESENTAR SUA PR\u00c9-CANDIDATURA A DEPUTADO FEDERAL PELO MDB","datePublished":"2018-06-05T12:40:25+00:00","mainEntityOfPage":{"@id":"https:\/\/blogdofarnesio.com.br\/?p=199316"},"wordCount":602,"publisher":{"@id":"https:\/\/blogdofarnesio.com.br\/#organization"},"image":{"@id":"https:\/\/blogdofarnesio.com.br\/?p=199316#primaryimage"},"thumbnailUrl":"https:\/\/blogdofarnesio.com.br\/wp-content\/uploads\/2018\/06\/IMG_20180530_072846311-e1528149626102.jpg","articleSection":["Elei\u00e7\u00f5es"],"inLanguage":"pt-BR"},{"@type":"WebPage","@id":"https:\/\/blogdofarnesio.com.br\/?p=199316","url":"https:\/\/blogdofarnesio.com.br\/?p=199316","name":"VALDEMAR BORGES VAI AO PROGRAMA DE FARN\u00c9SIO SILVA APRESENTAR SUA PR\u00c9-CANDIDATURA A DEPUTADO FEDERAL PELO MDB - Blog do Farn\u00e9sio","isPartOf":{"@id":"https:\/\/blogdofarnesio.com.br\/#website"},"primaryImageOfPage":{"@id":"https:\/\/blogdofarnesio.com.br\/?p=199316#primaryimage"},"image":{"@id":"https:\/\/blogdofarnesio.com.br\/?p=199316#primaryimage"},"thumbnailUrl":"https:\/\/blogdofarnesio.com.br\/wp-content\/uploads\/2018\/06\/IMG_20180530_072846311-e1528149626102.jpg","datePublished":"2018-06-05T12:40:25+00:00","breadcrumb":{"@id":"https:\/\/blogdofarnesio.com.br\/?p=199316#breadcrumb"},"inLanguage":"pt-BR","potentialAction":[{"@type":"ReadAction","target":["https:\/\/blogdofarnesio.com.br\/?p=199316"]}]},{"@type":"ImageObject","inLanguage":"pt-BR","@id":"https:\/\/blogdofarnesio.com.br\/?p=199316#primaryimage","url":"https:\/\/blogdofarnesio.com.br\/wp-content\/uploads\/2018\/06\/IMG_20180530_072846311-e1528149626102.jpg","contentUrl":"https:\/\/blogdofarnesio.com.br\/wp-content\/uploads\/2018\/06\/IMG_20180530_072846311-e1528149626102.jpg","width":664,"height":374,"caption":"Valdemar Borges Pr\u00e9-candidato a deputado federal MDB Foto Farn\u00e9sio Silva"},{"@type":"BreadcrumbList","@id":"https:\/\/blogdofarnesio.com.br\/?p=199316#breadcrumb","itemListElement":[{"@type":"ListItem","position":1,"name":"In\u00edcio","item":"https:\/\/blogdofarnesio.com.br\/"},{"@type":"ListItem","position":2,"name":"VALDEMAR BORGES VAI AO PROGRAMA DE FARN\u00c9SIO SILVA APRESENTAR SUA PR\u00c9-CANDIDATURA A DEPUTADO FEDERAL PELO MDB"}]},{"@type":"WebSite","@id":"https:\/\/blogdofarnesio.com.br\/#website","url":"https:\/\/blogdofarnesio.com.br\/","name":"Blog do Farn\u00e9sio","description":"Quer Saber Pol\u00edtica?","publisher":{"@id":"https:\/\/blogdofarnesio.com.br\/#organization"},"potentialAction":[{"@type":"SearchAction","target":{"@type":"EntryPoint","urlTemplate":"https:\/\/blogdofarnesio.com.br\/?s={search_term_string}"},"query-input":{"@type":"PropertyValueSpecification","valueRequired":true,"valueName":"search_term_string"}}],"inLanguage":"pt-BR"},{"@type":"Organization","@id":"https:\/\/blogdofarnesio.com.br\/#organization","name":"Blog do Farn\u00e9sio","url":"https:\/\/blogdofarnesio.com.br\/","logo":{"@type":"ImageObject","inLanguage":"pt-BR","@id":"https:\/\/blogdofarnesio.com.br\/#\/schema\/logo\/image\/","url":"https:\/\/blogdofarnesio.com.br\/wp-content\/uploads\/2026\/03\/cropped-logo_new-1.png","contentUrl":"https:\/\/blogdofarnesio.com.br\/wp-content\/uploads\/2026\/03\/cropped-logo_new-1.png","width":881,"height":685,"caption":"Blog do Farn\u00e9sio"},"image":{"@id":"https:\/\/blogdofarnesio.com.br\/#\/schema\/logo\/image\/"},"sameAs":["https:\/\/www.facebook.com\/BlogQuerSaberPolitica\/"]},{"@type":"Person","@id":"https:\/\/blogdofarnesio.com.br\/#\/schema\/person\/301c4acf522bccbfdb45af95b5b906a1","name":"Farn\u00e9sio","image":{"@type":"ImageObject","inLanguage":"pt-BR","@id":"https:\/\/secure.gravatar.com\/avatar\/df0c9a14567c056f8ad6876ba5bbd1e3e2c48023eb6807342fc4663adf549f38?s=96&d=mm&r=g","url":"https:\/\/secure.gravatar.com\/avatar\/df0c9a14567c056f8ad6876ba5bbd1e3e2c48023eb6807342fc4663adf549f38?s=96&d=mm&r=g","contentUrl":"https:\/\/secure.gravatar.com\/avatar\/df0c9a14567c056f8ad6876ba5bbd1e3e2c48023eb6807342fc4663adf549f38?s=96&d=mm&r=g","caption":"Farn\u00e9sio"},"sameAs":["https:\/\/quersaberpolitica.com.br"],"url":"https:\/\/blogdofarnesio.com.br\/?author=1"}]}},"_links":{"self":[{"href":"https:\/\/blogdofarnesio.com.br\/index.php?rest_route=\/wp\/v2\/posts\/199316","targetHints":{"allow":["GET"]}}],"collection":[{"href":"https:\/\/blogdofarnesio.com.br\/index.php?rest_route=\/wp\/v2\/posts"}],"about":[{"href":"https:\/\/blogdofarnesio.com.br\/index.php?rest_route=\/wp\/v2\/types\/post"}],"author":[{"embeddable":true,"href":"https:\/\/blogdofarnesio.com.br\/index.php?rest_route=\/wp\/v2\/users\/1"}],"replies":[{"embeddable":true,"href":"https:\/\/blogdofarnesio.com.br\/index.php?rest_route=%2Fwp%2Fv2%2Fcomments&post=199316"}],"version-history":[{"count":0,"href":"https:\/\/blogdofarnesio.com.br\/index.php?rest_route=\/wp\/v2\/posts\/199316\/revisions"}],"wp:featuredmedia":[{"embeddable":true,"href":"https:\/\/blogdofarnesio.com.br\/index.php?rest_route=\/wp\/v2\/media\/199703"}],"wp:attachment":[{"href":"https:\/\/blogdofarnesio.com.br\/index.php?rest_route=%2Fwp%2Fv2%2Fmedia&parent=199316"}],"wp:term":[{"taxonomy":"category","embeddable":true,"href":"https:\/\/blogdofarnesio.com.br\/index.php?rest_route=%2Fwp%2Fv2%2Fcategories&post=199316"},{"taxonomy":"post_tag","embeddable":true,"href":"https:\/\/blogdofarnesio.com.br\/index.php?rest_route=%2Fwp%2Fv2%2Ftags&post=199316"}],"curies":[{"name":"wp","href":"https:\/\/api.w.org\/{rel}","templated":true}]}}