{"id":198492,"date":"2018-05-22T16:20:07","date_gmt":"2018-05-22T19:20:07","guid":{"rendered":"http:\/\/quersaberpolitica.com.br\/2016\/?p=198492"},"modified":"2018-05-22T16:14:05","modified_gmt":"2018-05-22T19:14:05","slug":"direto-de-sobradinho-decreta-luto-oficial-pela-morte-da-senhora-maria-auxiliadora-de-carvalho-torres","status":"publish","type":"post","link":"https:\/\/blogdofarnesio.com.br\/?p=198492","title":{"rendered":"DIRETO DE SOBRADINHO"},"content":{"rendered":"<p><strong>PREFEITO DECRETA LUTO OFICIAL PELA MORTE DA SENHORA MARIA AUXILIADORA DE CARVALHO TORRES<\/strong><\/p>\n<p style=\"text-align: justify;\">O Prefeito de Sobradinho, Luiz Vicente Berti, decretou luto oficial de tr\u00eas dias pelo falecimento da senhora Maria Auxiliadora de Carvalho Torres, ocorrido nesta ter\u00e7a-feira, dia 22.<\/p>\n<p style=\"text-align: justify;\">Dona Maria Auxiliadora, av\u00f3 materna do gestor municipal, 89 anos, participava ativamente do Movimento Renova\u00e7\u00e3o Carism\u00e1tica de Sobradinho,onde prestava relevantes servi\u00e7os sociais ao munic\u00edpio<span class=\"m_-1191026513893629801text_exposed_show\">.<\/span><\/p>\n<div class=\"m_-1191026513893629801text_exposed_show\">\n<p style=\"text-align: justify;\">Natural do munic\u00edpio de Santa Maria da Boa Vista (PE), Dona Maria Auxiliadora residia em Sobradinho desde o ano de 1982.<\/p>\n<p style=\"text-align: justify;\">Consternado,o Prefeito Luiz Vicente Berti manifestou pesar pela morte da genitora de sua m\u00e3e, Maysa Sanjuan Berti: \u201cSobradinho perde uma cidad\u00e3 de alma, que adotou esta cidade para viver e aqui cumpriu sua miss\u00e3o religiosa e social, sempre dedicada a ajudar aos mais necessitados. Eu e minha fam\u00edlia, perdemos a presen\u00e7a forte desta grande mulher, refer\u00eancia de generosidade e doa\u00e7\u00e3o&#8221;.<\/p>\n<p style=\"text-align: justify;\">O vel\u00f3rio de Dona Maria Auxiliadora est\u00e1 acontecendo em sua resid\u00eancia, rua Volta Grande, n\u00famero 40, pr\u00f3ximo ao Hospital Municipal, Vila S\u00e3o Francisco, e o sepultamento ser\u00e1 na manh\u00e3 desta quarta-feira (23) no cemit\u00e9rio da cidade.<\/p>\n<p style=\"text-align: justify;\"><b>Ascom PMS<\/b><\/p>\n<\/div>\n","protected":false},"excerpt":{"rendered":"<p>PREFEITO DECRETA LUTO OFICIAL PELA MORTE DA SENHORA MARIA AUXILIADORA DE CARVALHO TORRES O Prefeito de Sobradinho, Luiz Vicente Berti, decretou luto oficial de tr\u00eas dias pelo falecimento da senhora Maria Auxiliadora de Carvalho Torres, ocorrido nesta ter\u00e7a-feira, dia 22. Dona Maria Auxiliadora, av\u00f3 materna do gestor municipal, 89 anos, participava ativamente do Movimento Renova\u00e7\u00e3o Carism\u00e1tica de Sobradinho,onde prestava relevantes servi\u00e7os sociais ao munic\u00edpio. Natural do munic\u00edpio de Santa Maria da Boa Vista (PE), Dona Maria Auxiliadora residia em Sobradinho desde o ano de 1982. Consternado,o Prefeito Luiz Vicente Berti manifestou pesar pela morte da genitora de sua m\u00e3e, Maysa Sanjuan Berti: \u201cSobradinho perde uma cidad\u00e3 de alma, que adotou esta cidade para viver e aqui cumpriu sua miss\u00e3o religiosa&hellip; <\/p>\n","protected":false},"author":1,"featured_media":164047,"comment_status":"closed","ping_status":"closed","sticky":false,"template":"","format":"standard","meta":{"_acf_changed":false,"footnotes":""},"categories":[27,32],"tags":[],"class_list":["post-198492","post","type-post","status-publish","format-standard","has-post-thumbnail","hentry","category-cidades","category-costumes"],"acf":[],"yoast_head":"<!-- This site is optimized with the Yoast SEO plugin v27.4 - https:\/\/yoast.com\/product\/yoast-seo-wordpress\/ -->\n<title>DIRETO DE SOBRADINHO - Blog do Farn\u00e9sio<\/title>\n<meta name=\"robots\" content=\"index, follow, max-snippet:-1, max-image-preview:large, max-video-preview:-1\" \/>\n<link rel=\"canonical\" href=\"https:\/\/blogdofarnesio.com.br\/?p=198492\" \/>\n<meta property=\"og:locale\" content=\"pt_BR\" \/>\n<meta property=\"og:type\" content=\"article\" \/>\n<meta property=\"og:title\" content=\"DIRETO DE SOBRADINHO - Blog do Farn\u00e9sio\" \/>\n<meta property=\"og:description\" content=\"PREFEITO DECRETA LUTO OFICIAL PELA MORTE DA SENHORA MARIA AUXILIADORA DE CARVALHO TORRES O Prefeito de Sobradinho, Luiz Vicente Berti, decretou luto oficial de tr\u00eas dias pelo falecimento da senhora Maria Auxiliadora de Carvalho Torres, ocorrido nesta ter\u00e7a-feira, dia 22. Dona Maria Auxiliadora, av\u00f3 materna do gestor municipal, 89 anos, participava ativamente do Movimento Renova\u00e7\u00e3o Carism\u00e1tica de Sobradinho,onde prestava relevantes servi\u00e7os sociais ao munic\u00edpio. Natural do munic\u00edpio de Santa Maria da Boa Vista (PE), Dona Maria Auxiliadora residia em Sobradinho desde o ano de 1982. Consternado,o Prefeito Luiz Vicente Berti manifestou pesar pela morte da genitora de sua m\u00e3e, Maysa Sanjuan Berti: \u201cSobradinho perde uma cidad\u00e3 de alma, que adotou esta cidade para viver e aqui cumpriu sua miss\u00e3o religiosa&hellip;\" \/>\n<meta property=\"og:url\" content=\"https:\/\/blogdofarnesio.com.br\/?p=198492\" \/>\n<meta property=\"og:site_name\" content=\"Blog do Farn\u00e9sio\" \/>\n<meta property=\"article:publisher\" content=\"https:\/\/www.facebook.com\/BlogQuerSaberPolitica\/\" \/>\n<meta property=\"article:published_time\" content=\"2018-05-22T19:20:07+00:00\" \/>\n<meta property=\"og:image\" content=\"https:\/\/blogdofarnesio.com.br\/wp-content\/uploads\/2017\/04\/blogqspnota-de-pesar1-luto.jpg\" \/>\n\t<meta property=\"og:image:width\" content=\"450\" \/>\n\t<meta property=\"og:image:height\" content=\"336\" \/>\n\t<meta property=\"og:image:type\" content=\"image\/jpeg\" \/>\n<meta name=\"author\" content=\"Farn\u00e9sio\" \/>\n<meta name=\"twitter:card\" content=\"summary_large_image\" \/>\n<meta name=\"twitter:label1\" content=\"Escrito por\" \/>\n\t<meta name=\"twitter:data1\" content=\"Farn\u00e9sio\" \/>\n\t<meta name=\"twitter:label2\" content=\"Est. tempo de leitura\" \/>\n\t<meta name=\"twitter:data2\" content=\"1 minuto\" \/>\n<script type=\"application\/ld+json\" class=\"yoast-schema-graph\">{\"@context\":\"https:\\\/\\\/schema.org\",\"@graph\":[{\"@type\":\"Article\",\"@id\":\"https:\\\/\\\/blogdofarnesio.com.br\\\/?p=198492#article\",\"isPartOf\":{\"@id\":\"https:\\\/\\\/blogdofarnesio.com.br\\\/?p=198492\"},\"author\":{\"name\":\"Farn\u00e9sio\",\"@id\":\"https:\\\/\\\/blogdofarnesio.com.br\\\/#\\\/schema\\\/person\\\/301c4acf522bccbfdb45af95b5b906a1\"},\"headline\":\"DIRETO DE SOBRADINHO\",\"datePublished\":\"2018-05-22T19:20:07+00:00\",\"mainEntityOfPage\":{\"@id\":\"https:\\\/\\\/blogdofarnesio.com.br\\\/?p=198492\"},\"wordCount\":202,\"publisher\":{\"@id\":\"https:\\\/\\\/blogdofarnesio.com.br\\\/#organization\"},\"image\":{\"@id\":\"https:\\\/\\\/blogdofarnesio.com.br\\\/?p=198492#primaryimage\"},\"thumbnailUrl\":\"https:\\\/\\\/blogdofarnesio.com.br\\\/wp-content\\\/uploads\\\/2017\\\/04\\\/blogqspnota-de-pesar1-luto.jpg\",\"articleSection\":[\"Cidades\",\"Costumes\"],\"inLanguage\":\"pt-BR\"},{\"@type\":\"WebPage\",\"@id\":\"https:\\\/\\\/blogdofarnesio.com.br\\\/?p=198492\",\"url\":\"https:\\\/\\\/blogdofarnesio.com.br\\\/?p=198492\",\"name\":\"DIRETO DE SOBRADINHO - Blog do Farn\u00e9sio\",\"isPartOf\":{\"@id\":\"https:\\\/\\\/blogdofarnesio.com.br\\\/#website\"},\"primaryImageOfPage\":{\"@id\":\"https:\\\/\\\/blogdofarnesio.com.br\\\/?p=198492#primaryimage\"},\"image\":{\"@id\":\"https:\\\/\\\/blogdofarnesio.com.br\\\/?p=198492#primaryimage\"},\"thumbnailUrl\":\"https:\\\/\\\/blogdofarnesio.com.br\\\/wp-content\\\/uploads\\\/2017\\\/04\\\/blogqspnota-de-pesar1-luto.jpg\",\"datePublished\":\"2018-05-22T19:20:07+00:00\",\"breadcrumb\":{\"@id\":\"https:\\\/\\\/blogdofarnesio.com.br\\\/?p=198492#breadcrumb\"},\"inLanguage\":\"pt-BR\",\"potentialAction\":[{\"@type\":\"ReadAction\",\"target\":[\"https:\\\/\\\/blogdofarnesio.com.br\\\/?p=198492\"]}]},{\"@type\":\"ImageObject\",\"inLanguage\":\"pt-BR\",\"@id\":\"https:\\\/\\\/blogdofarnesio.com.br\\\/?p=198492#primaryimage\",\"url\":\"https:\\\/\\\/blogdofarnesio.com.br\\\/wp-content\\\/uploads\\\/2017\\\/04\\\/blogqspnota-de-pesar1-luto.jpg\",\"contentUrl\":\"https:\\\/\\\/blogdofarnesio.com.br\\\/wp-content\\\/uploads\\\/2017\\\/04\\\/blogqspnota-de-pesar1-luto.jpg\",\"width\":450,\"height\":336},{\"@type\":\"BreadcrumbList\",\"@id\":\"https:\\\/\\\/blogdofarnesio.com.br\\\/?p=198492#breadcrumb\",\"itemListElement\":[{\"@type\":\"ListItem\",\"position\":1,\"name\":\"In\u00edcio\",\"item\":\"https:\\\/\\\/blogdofarnesio.com.br\\\/\"},{\"@type\":\"ListItem\",\"position\":2,\"name\":\"DIRETO DE SOBRADINHO\"}]},{\"@type\":\"WebSite\",\"@id\":\"https:\\\/\\\/blogdofarnesio.com.br\\\/#website\",\"url\":\"https:\\\/\\\/blogdofarnesio.com.br\\\/\",\"name\":\"Blog do Farn\u00e9sio\",\"description\":\"Quer Saber Pol\u00edtica?\",\"publisher\":{\"@id\":\"https:\\\/\\\/blogdofarnesio.com.br\\\/#organization\"},\"potentialAction\":[{\"@type\":\"SearchAction\",\"target\":{\"@type\":\"EntryPoint\",\"urlTemplate\":\"https:\\\/\\\/blogdofarnesio.com.br\\\/?s={search_term_string}\"},\"query-input\":{\"@type\":\"PropertyValueSpecification\",\"valueRequired\":true,\"valueName\":\"search_term_string\"}}],\"inLanguage\":\"pt-BR\"},{\"@type\":\"Organization\",\"@id\":\"https:\\\/\\\/blogdofarnesio.com.br\\\/#organization\",\"name\":\"Blog do Farn\u00e9sio\",\"url\":\"https:\\\/\\\/blogdofarnesio.com.br\\\/\",\"logo\":{\"@type\":\"ImageObject\",\"inLanguage\":\"pt-BR\",\"@id\":\"https:\\\/\\\/blogdofarnesio.com.br\\\/#\\\/schema\\\/logo\\\/image\\\/\",\"url\":\"https:\\\/\\\/blogdofarnesio.com.br\\\/wp-content\\\/uploads\\\/2026\\\/03\\\/cropped-logo_new-1.png\",\"contentUrl\":\"https:\\\/\\\/blogdofarnesio.com.br\\\/wp-content\\\/uploads\\\/2026\\\/03\\\/cropped-logo_new-1.png\",\"width\":881,\"height\":685,\"caption\":\"Blog do Farn\u00e9sio\"},\"image\":{\"@id\":\"https:\\\/\\\/blogdofarnesio.com.br\\\/#\\\/schema\\\/logo\\\/image\\\/\"},\"sameAs\":[\"https:\\\/\\\/www.facebook.com\\\/BlogQuerSaberPolitica\\\/\"]},{\"@type\":\"Person\",\"@id\":\"https:\\\/\\\/blogdofarnesio.com.br\\\/#\\\/schema\\\/person\\\/301c4acf522bccbfdb45af95b5b906a1\",\"name\":\"Farn\u00e9sio\",\"image\":{\"@type\":\"ImageObject\",\"inLanguage\":\"pt-BR\",\"@id\":\"https:\\\/\\\/secure.gravatar.com\\\/avatar\\\/df0c9a14567c056f8ad6876ba5bbd1e3e2c48023eb6807342fc4663adf549f38?s=96&d=mm&r=g\",\"url\":\"https:\\\/\\\/secure.gravatar.com\\\/avatar\\\/df0c9a14567c056f8ad6876ba5bbd1e3e2c48023eb6807342fc4663adf549f38?s=96&d=mm&r=g\",\"contentUrl\":\"https:\\\/\\\/secure.gravatar.com\\\/avatar\\\/df0c9a14567c056f8ad6876ba5bbd1e3e2c48023eb6807342fc4663adf549f38?s=96&d=mm&r=g\",\"caption\":\"Farn\u00e9sio\"},\"sameAs\":[\"https:\\\/\\\/quersaberpolitica.com.br\"],\"url\":\"https:\\\/\\\/blogdofarnesio.com.br\\\/?author=1\"}]}<\/script>\n<!-- \/ Yoast SEO plugin. -->","yoast_head_json":{"title":"DIRETO DE SOBRADINHO - Blog do Farn\u00e9sio","robots":{"index":"index","follow":"follow","max-snippet":"max-snippet:-1","max-image-preview":"max-image-preview:large","max-video-preview":"max-video-preview:-1"},"canonical":"https:\/\/blogdofarnesio.com.br\/?p=198492","og_locale":"pt_BR","og_type":"article","og_title":"DIRETO DE SOBRADINHO - Blog do Farn\u00e9sio","og_description":"PREFEITO DECRETA LUTO OFICIAL PELA MORTE DA SENHORA MARIA AUXILIADORA DE CARVALHO TORRES O Prefeito de Sobradinho, Luiz Vicente Berti, decretou luto oficial de tr\u00eas dias pelo falecimento da senhora Maria Auxiliadora de Carvalho Torres, ocorrido nesta ter\u00e7a-feira, dia 22. Dona Maria Auxiliadora, av\u00f3 materna do gestor municipal, 89 anos, participava ativamente do Movimento Renova\u00e7\u00e3o Carism\u00e1tica de Sobradinho,onde prestava relevantes servi\u00e7os sociais ao munic\u00edpio. Natural do munic\u00edpio de Santa Maria da Boa Vista (PE), Dona Maria Auxiliadora residia em Sobradinho desde o ano de 1982. Consternado,o Prefeito Luiz Vicente Berti manifestou pesar pela morte da genitora de sua m\u00e3e, Maysa Sanjuan Berti: \u201cSobradinho perde uma cidad\u00e3 de alma, que adotou esta cidade para viver e aqui cumpriu sua miss\u00e3o religiosa&hellip;","og_url":"https:\/\/blogdofarnesio.com.br\/?p=198492","og_site_name":"Blog do Farn\u00e9sio","article_publisher":"https:\/\/www.facebook.com\/BlogQuerSaberPolitica\/","article_published_time":"2018-05-22T19:20:07+00:00","og_image":[{"width":450,"height":336,"url":"https:\/\/blogdofarnesio.com.br\/wp-content\/uploads\/2017\/04\/blogqspnota-de-pesar1-luto.jpg","type":"image\/jpeg"}],"author":"Farn\u00e9sio","twitter_card":"summary_large_image","twitter_misc":{"Escrito por":"Farn\u00e9sio","Est. tempo de leitura":"1 minuto"},"schema":{"@context":"https:\/\/schema.org","@graph":[{"@type":"Article","@id":"https:\/\/blogdofarnesio.com.br\/?p=198492#article","isPartOf":{"@id":"https:\/\/blogdofarnesio.com.br\/?p=198492"},"author":{"name":"Farn\u00e9sio","@id":"https:\/\/blogdofarnesio.com.br\/#\/schema\/person\/301c4acf522bccbfdb45af95b5b906a1"},"headline":"DIRETO DE SOBRADINHO","datePublished":"2018-05-22T19:20:07+00:00","mainEntityOfPage":{"@id":"https:\/\/blogdofarnesio.com.br\/?p=198492"},"wordCount":202,"publisher":{"@id":"https:\/\/blogdofarnesio.com.br\/#organization"},"image":{"@id":"https:\/\/blogdofarnesio.com.br\/?p=198492#primaryimage"},"thumbnailUrl":"https:\/\/blogdofarnesio.com.br\/wp-content\/uploads\/2017\/04\/blogqspnota-de-pesar1-luto.jpg","articleSection":["Cidades","Costumes"],"inLanguage":"pt-BR"},{"@type":"WebPage","@id":"https:\/\/blogdofarnesio.com.br\/?p=198492","url":"https:\/\/blogdofarnesio.com.br\/?p=198492","name":"DIRETO DE SOBRADINHO - Blog do Farn\u00e9sio","isPartOf":{"@id":"https:\/\/blogdofarnesio.com.br\/#website"},"primaryImageOfPage":{"@id":"https:\/\/blogdofarnesio.com.br\/?p=198492#primaryimage"},"image":{"@id":"https:\/\/blogdofarnesio.com.br\/?p=198492#primaryimage"},"thumbnailUrl":"https:\/\/blogdofarnesio.com.br\/wp-content\/uploads\/2017\/04\/blogqspnota-de-pesar1-luto.jpg","datePublished":"2018-05-22T19:20:07+00:00","breadcrumb":{"@id":"https:\/\/blogdofarnesio.com.br\/?p=198492#breadcrumb"},"inLanguage":"pt-BR","potentialAction":[{"@type":"ReadAction","target":["https:\/\/blogdofarnesio.com.br\/?p=198492"]}]},{"@type":"ImageObject","inLanguage":"pt-BR","@id":"https:\/\/blogdofarnesio.com.br\/?p=198492#primaryimage","url":"https:\/\/blogdofarnesio.com.br\/wp-content\/uploads\/2017\/04\/blogqspnota-de-pesar1-luto.jpg","contentUrl":"https:\/\/blogdofarnesio.com.br\/wp-content\/uploads\/2017\/04\/blogqspnota-de-pesar1-luto.jpg","width":450,"height":336},{"@type":"BreadcrumbList","@id":"https:\/\/blogdofarnesio.com.br\/?p=198492#breadcrumb","itemListElement":[{"@type":"ListItem","position":1,"name":"In\u00edcio","item":"https:\/\/blogdofarnesio.com.br\/"},{"@type":"ListItem","position":2,"name":"DIRETO DE SOBRADINHO"}]},{"@type":"WebSite","@id":"https:\/\/blogdofarnesio.com.br\/#website","url":"https:\/\/blogdofarnesio.com.br\/","name":"Blog do Farn\u00e9sio","description":"Quer Saber Pol\u00edtica?","publisher":{"@id":"https:\/\/blogdofarnesio.com.br\/#organization"},"potentialAction":[{"@type":"SearchAction","target":{"@type":"EntryPoint","urlTemplate":"https:\/\/blogdofarnesio.com.br\/?s={search_term_string}"},"query-input":{"@type":"PropertyValueSpecification","valueRequired":true,"valueName":"search_term_string"}}],"inLanguage":"pt-BR"},{"@type":"Organization","@id":"https:\/\/blogdofarnesio.com.br\/#organization","name":"Blog do Farn\u00e9sio","url":"https:\/\/blogdofarnesio.com.br\/","logo":{"@type":"ImageObject","inLanguage":"pt-BR","@id":"https:\/\/blogdofarnesio.com.br\/#\/schema\/logo\/image\/","url":"https:\/\/blogdofarnesio.com.br\/wp-content\/uploads\/2026\/03\/cropped-logo_new-1.png","contentUrl":"https:\/\/blogdofarnesio.com.br\/wp-content\/uploads\/2026\/03\/cropped-logo_new-1.png","width":881,"height":685,"caption":"Blog do Farn\u00e9sio"},"image":{"@id":"https:\/\/blogdofarnesio.com.br\/#\/schema\/logo\/image\/"},"sameAs":["https:\/\/www.facebook.com\/BlogQuerSaberPolitica\/"]},{"@type":"Person","@id":"https:\/\/blogdofarnesio.com.br\/#\/schema\/person\/301c4acf522bccbfdb45af95b5b906a1","name":"Farn\u00e9sio","image":{"@type":"ImageObject","inLanguage":"pt-BR","@id":"https:\/\/secure.gravatar.com\/avatar\/df0c9a14567c056f8ad6876ba5bbd1e3e2c48023eb6807342fc4663adf549f38?s=96&d=mm&r=g","url":"https:\/\/secure.gravatar.com\/avatar\/df0c9a14567c056f8ad6876ba5bbd1e3e2c48023eb6807342fc4663adf549f38?s=96&d=mm&r=g","contentUrl":"https:\/\/secure.gravatar.com\/avatar\/df0c9a14567c056f8ad6876ba5bbd1e3e2c48023eb6807342fc4663adf549f38?s=96&d=mm&r=g","caption":"Farn\u00e9sio"},"sameAs":["https:\/\/quersaberpolitica.com.br"],"url":"https:\/\/blogdofarnesio.com.br\/?author=1"}]}},"_links":{"self":[{"href":"https:\/\/blogdofarnesio.com.br\/index.php?rest_route=\/wp\/v2\/posts\/198492","targetHints":{"allow":["GET"]}}],"collection":[{"href":"https:\/\/blogdofarnesio.com.br\/index.php?rest_route=\/wp\/v2\/posts"}],"about":[{"href":"https:\/\/blogdofarnesio.com.br\/index.php?rest_route=\/wp\/v2\/types\/post"}],"author":[{"embeddable":true,"href":"https:\/\/blogdofarnesio.com.br\/index.php?rest_route=\/wp\/v2\/users\/1"}],"replies":[{"embeddable":true,"href":"https:\/\/blogdofarnesio.com.br\/index.php?rest_route=%2Fwp%2Fv2%2Fcomments&post=198492"}],"version-history":[{"count":0,"href":"https:\/\/blogdofarnesio.com.br\/index.php?rest_route=\/wp\/v2\/posts\/198492\/revisions"}],"wp:featuredmedia":[{"embeddable":true,"href":"https:\/\/blogdofarnesio.com.br\/index.php?rest_route=\/wp\/v2\/media\/164047"}],"wp:attachment":[{"href":"https:\/\/blogdofarnesio.com.br\/index.php?rest_route=%2Fwp%2Fv2%2Fmedia&parent=198492"}],"wp:term":[{"taxonomy":"category","embeddable":true,"href":"https:\/\/blogdofarnesio.com.br\/index.php?rest_route=%2Fwp%2Fv2%2Fcategories&post=198492"},{"taxonomy":"post_tag","embeddable":true,"href":"https:\/\/blogdofarnesio.com.br\/index.php?rest_route=%2Fwp%2Fv2%2Ftags&post=198492"}],"curies":[{"name":"wp","href":"https:\/\/api.w.org\/{rel}","templated":true}]}}