{"id":198485,"date":"2018-05-23T07:42:24","date_gmt":"2018-05-23T10:42:24","guid":{"rendered":"http:\/\/quersaberpolitica.com.br\/2016\/?p=198485"},"modified":"2018-05-22T16:02:43","modified_gmt":"2018-05-22T19:02:43","slug":"guarda-civil-de-petrolina-e-ibama-desmantela-cativeiro-e-comercio-ilegal-de-aves-silvestres","status":"publish","type":"post","link":"https:\/\/blogdofarnesio.com.br\/?p=198485","title":{"rendered":"BLITZ DO IBAMA E GUARDA CIVIL DE PETROLINA DESMANTELA CATIVEIRO E COM\u00c9RCIO ILEGAL DE AVES SILVESTRES"},"content":{"rendered":"<p dir=\"ltr\" style=\"text-align: justify;\">A Guarda Civil Municipal de Petrolina foi acionada pelo Ibama para atuar numa opera\u00e7\u00e3o de combate \u00e0 venda ilegal de aves. A partir de uma den\u00fancia an\u00f4nima, foi constatada a exist\u00eancia de um criadouro clandestino localizado na Rua do Abacaxi, no bairro Dom Avelar, na zona norte da cidade.<\/p>\n<p dir=\"ltr\" style=\"text-align: justify;\">Todos os animais foram apreendidos e v\u00e3o ser examinados por veterin\u00e1rios que ir\u00e3o avaliar se h\u00e1 condi\u00e7\u00f5es dos mesmos voltarem \u00e0 natureza. Ainda de acordo com informa\u00e7\u00f5es do Ibama, o propriet\u00e1rio do espa\u00e7o, identificado como Jos\u00e9 Al\u00edrio de Souza, de 50 anos, foi multado por danos ambientais. A opera\u00e7\u00e3o foi realizada por uma equipe da Ronda Ostensiva Municipal (ROMU) nesta segunda-feira (21).<b><\/b><\/p>\n<p dir=\"ltr\" style=\"text-align: justify;\">De acordo com o secret\u00e1rio-executivo de Seguran\u00e7a P\u00fablica, Jos\u00e9 Silvestre, a a\u00e7\u00e3o \u00e9 resultado de uma parceria operacional entre o Sistema de Seguran\u00e7a P\u00fablica de Petrolina, o Ibama e a Ag\u00eancia Municipal do Meio Ambiente. \u201cO Ibama tem conseguido intensificar as a\u00e7\u00f5es de fiscaliza\u00e7\u00e3o gra\u00e7as ao apoio que a Prefeitura tem dado atrav\u00e9s das institui\u00e7\u00f5es municipais. A partir desse trabalho, vamos conseguir capacitar o pessoal com um treinamento espec\u00edfico junto com o Ibama e a AMMA para que, em breve, possamos implantar uma patrulha ambiental da Guarda Civil com o objetivo de contribuir ainda mais com as a\u00e7\u00f5es de prote\u00e7\u00e3o ao meio ambiente em Petrolina\u201d, destaca Silvestre.<\/p>\n<p style=\"text-align: justify;\"><b id=\"m_-4764495558066907043m_-7851385551371295082m_4465422589320237107m_-3744218453452446277m_-2337120166742601809gmail-docs-internal-guid-6034e493-8834-e20a-e337-d164ec1c33f8\"><b id=\"m_-4764495558066907043m_-7851385551371295082m_4465422589320237107m_-3744218453452446277gmail-docs-internal-guid-d98bbd80-8847-cd4f-356a-dcdbc0e4cc6f\"><\/b><\/b><br class=\"m_-4764495558066907043m_-7851385551371295082m_4465422589320237107m_-3744218453452446277m_-2337120166742601809gmail-Apple-interchange-newline\" \/><i>Texto: Felipe Pereira &#8211; AsCom Prefeitura de Petrolina<\/i><\/p>\n","protected":false},"excerpt":{"rendered":"<p>A Guarda Civil Municipal de Petrolina foi acionada pelo Ibama para atuar numa opera\u00e7\u00e3o de combate \u00e0 venda ilegal de aves. A partir de uma den\u00fancia an\u00f4nima, foi constatada a exist\u00eancia de um criadouro clandestino localizado na Rua do Abacaxi, no bairro Dom Avelar, na zona norte da cidade. Todos os animais foram apreendidos e v\u00e3o ser examinados por veterin\u00e1rios que ir\u00e3o avaliar se h\u00e1 condi\u00e7\u00f5es dos mesmos voltarem \u00e0 natureza. Ainda de acordo com informa\u00e7\u00f5es do Ibama, o propriet\u00e1rio do espa\u00e7o, identificado como Jos\u00e9 Al\u00edrio de Souza, de 50 anos, foi multado por danos ambientais. A opera\u00e7\u00e3o foi realizada por uma equipe da Ronda Ostensiva Municipal (ROMU) nesta segunda-feira (21). De acordo com o secret\u00e1rio-executivo de Seguran\u00e7a P\u00fablica, Jos\u00e9&hellip; <\/p>\n","protected":false},"author":1,"featured_media":198487,"comment_status":"closed","ping_status":"closed","sticky":false,"template":"","format":"standard","meta":{"_acf_changed":false,"footnotes":""},"categories":[29],"tags":[],"class_list":["post-198485","post","type-post","status-publish","format-standard","has-post-thumbnail","hentry","category-meio-ambiente"],"acf":[],"yoast_head":"<!-- This site is optimized with the Yoast SEO plugin v27.4 - https:\/\/yoast.com\/product\/yoast-seo-wordpress\/ -->\n<title>BLITZ DO IBAMA E GUARDA CIVIL DE PETROLINA DESMANTELA CATIVEIRO E COM\u00c9RCIO ILEGAL DE AVES SILVESTRES - Blog do Farn\u00e9sio<\/title>\n<meta name=\"robots\" content=\"index, follow, max-snippet:-1, max-image-preview:large, max-video-preview:-1\" \/>\n<link rel=\"canonical\" href=\"https:\/\/blogdofarnesio.com.br\/?p=198485\" \/>\n<meta property=\"og:locale\" content=\"pt_BR\" \/>\n<meta property=\"og:type\" content=\"article\" \/>\n<meta property=\"og:title\" content=\"BLITZ DO IBAMA E GUARDA CIVIL DE PETROLINA DESMANTELA CATIVEIRO E COM\u00c9RCIO ILEGAL DE AVES SILVESTRES - Blog do Farn\u00e9sio\" \/>\n<meta property=\"og:description\" content=\"A Guarda Civil Municipal de Petrolina foi acionada pelo Ibama para atuar numa opera\u00e7\u00e3o de combate \u00e0 venda ilegal de aves. A partir de uma den\u00fancia an\u00f4nima, foi constatada a exist\u00eancia de um criadouro clandestino localizado na Rua do Abacaxi, no bairro Dom Avelar, na zona norte da cidade. Todos os animais foram apreendidos e v\u00e3o ser examinados por veterin\u00e1rios que ir\u00e3o avaliar se h\u00e1 condi\u00e7\u00f5es dos mesmos voltarem \u00e0 natureza. Ainda de acordo com informa\u00e7\u00f5es do Ibama, o propriet\u00e1rio do espa\u00e7o, identificado como Jos\u00e9 Al\u00edrio de Souza, de 50 anos, foi multado por danos ambientais. A opera\u00e7\u00e3o foi realizada por uma equipe da Ronda Ostensiva Municipal (ROMU) nesta segunda-feira (21). De acordo com o secret\u00e1rio-executivo de Seguran\u00e7a P\u00fablica, Jos\u00e9&hellip;\" \/>\n<meta property=\"og:url\" content=\"https:\/\/blogdofarnesio.com.br\/?p=198485\" \/>\n<meta property=\"og:site_name\" content=\"Blog do Farn\u00e9sio\" \/>\n<meta property=\"article:publisher\" content=\"https:\/\/www.facebook.com\/BlogQuerSaberPolitica\/\" \/>\n<meta property=\"article:published_time\" content=\"2018-05-23T10:42:24+00:00\" \/>\n<meta property=\"og:image\" content=\"https:\/\/blogdofarnesio.com.br\/wp-content\/uploads\/2018\/05\/blogqsp-Opera\u00e7\u00e3o_Ibama_GCM_Petrolina-2.jpeg\" \/>\n\t<meta property=\"og:image:width\" content=\"640\" \/>\n\t<meta property=\"og:image:height\" content=\"360\" \/>\n\t<meta property=\"og:image:type\" content=\"image\/jpeg\" \/>\n<meta name=\"author\" content=\"Farn\u00e9sio\" \/>\n<meta name=\"twitter:card\" content=\"summary_large_image\" \/>\n<meta name=\"twitter:label1\" content=\"Escrito por\" \/>\n\t<meta name=\"twitter:data1\" content=\"Farn\u00e9sio\" \/>\n\t<meta name=\"twitter:label2\" content=\"Est. tempo de leitura\" \/>\n\t<meta name=\"twitter:data2\" content=\"1 minuto\" \/>\n<script type=\"application\/ld+json\" class=\"yoast-schema-graph\">{\"@context\":\"https:\\\/\\\/schema.org\",\"@graph\":[{\"@type\":\"Article\",\"@id\":\"https:\\\/\\\/blogdofarnesio.com.br\\\/?p=198485#article\",\"isPartOf\":{\"@id\":\"https:\\\/\\\/blogdofarnesio.com.br\\\/?p=198485\"},\"author\":{\"name\":\"Farn\u00e9sio\",\"@id\":\"https:\\\/\\\/blogdofarnesio.com.br\\\/#\\\/schema\\\/person\\\/301c4acf522bccbfdb45af95b5b906a1\"},\"headline\":\"BLITZ DO IBAMA E GUARDA CIVIL DE PETROLINA DESMANTELA CATIVEIRO E COM\u00c9RCIO ILEGAL DE AVES SILVESTRES\",\"datePublished\":\"2018-05-23T10:42:24+00:00\",\"mainEntityOfPage\":{\"@id\":\"https:\\\/\\\/blogdofarnesio.com.br\\\/?p=198485\"},\"wordCount\":266,\"publisher\":{\"@id\":\"https:\\\/\\\/blogdofarnesio.com.br\\\/#organization\"},\"image\":{\"@id\":\"https:\\\/\\\/blogdofarnesio.com.br\\\/?p=198485#primaryimage\"},\"thumbnailUrl\":\"https:\\\/\\\/blogdofarnesio.com.br\\\/wp-content\\\/uploads\\\/2018\\\/05\\\/blogqsp-Opera\u00e7\u00e3o_Ibama_GCM_Petrolina-2.jpeg\",\"articleSection\":[\"Meio Ambiente\"],\"inLanguage\":\"pt-BR\"},{\"@type\":\"WebPage\",\"@id\":\"https:\\\/\\\/blogdofarnesio.com.br\\\/?p=198485\",\"url\":\"https:\\\/\\\/blogdofarnesio.com.br\\\/?p=198485\",\"name\":\"BLITZ DO IBAMA E GUARDA CIVIL DE PETROLINA DESMANTELA CATIVEIRO E COM\u00c9RCIO ILEGAL DE AVES SILVESTRES - Blog do Farn\u00e9sio\",\"isPartOf\":{\"@id\":\"https:\\\/\\\/blogdofarnesio.com.br\\\/#website\"},\"primaryImageOfPage\":{\"@id\":\"https:\\\/\\\/blogdofarnesio.com.br\\\/?p=198485#primaryimage\"},\"image\":{\"@id\":\"https:\\\/\\\/blogdofarnesio.com.br\\\/?p=198485#primaryimage\"},\"thumbnailUrl\":\"https:\\\/\\\/blogdofarnesio.com.br\\\/wp-content\\\/uploads\\\/2018\\\/05\\\/blogqsp-Opera\u00e7\u00e3o_Ibama_GCM_Petrolina-2.jpeg\",\"datePublished\":\"2018-05-23T10:42:24+00:00\",\"breadcrumb\":{\"@id\":\"https:\\\/\\\/blogdofarnesio.com.br\\\/?p=198485#breadcrumb\"},\"inLanguage\":\"pt-BR\",\"potentialAction\":[{\"@type\":\"ReadAction\",\"target\":[\"https:\\\/\\\/blogdofarnesio.com.br\\\/?p=198485\"]}]},{\"@type\":\"ImageObject\",\"inLanguage\":\"pt-BR\",\"@id\":\"https:\\\/\\\/blogdofarnesio.com.br\\\/?p=198485#primaryimage\",\"url\":\"https:\\\/\\\/blogdofarnesio.com.br\\\/wp-content\\\/uploads\\\/2018\\\/05\\\/blogqsp-Opera\u00e7\u00e3o_Ibama_GCM_Petrolina-2.jpeg\",\"contentUrl\":\"https:\\\/\\\/blogdofarnesio.com.br\\\/wp-content\\\/uploads\\\/2018\\\/05\\\/blogqsp-Opera\u00e7\u00e3o_Ibama_GCM_Petrolina-2.jpeg\",\"width\":640,\"height\":360},{\"@type\":\"BreadcrumbList\",\"@id\":\"https:\\\/\\\/blogdofarnesio.com.br\\\/?p=198485#breadcrumb\",\"itemListElement\":[{\"@type\":\"ListItem\",\"position\":1,\"name\":\"In\u00edcio\",\"item\":\"https:\\\/\\\/blogdofarnesio.com.br\\\/\"},{\"@type\":\"ListItem\",\"position\":2,\"name\":\"BLITZ DO IBAMA E GUARDA CIVIL DE PETROLINA DESMANTELA CATIVEIRO E COM\u00c9RCIO ILEGAL DE AVES SILVESTRES\"}]},{\"@type\":\"WebSite\",\"@id\":\"https:\\\/\\\/blogdofarnesio.com.br\\\/#website\",\"url\":\"https:\\\/\\\/blogdofarnesio.com.br\\\/\",\"name\":\"Blog do Farn\u00e9sio\",\"description\":\"Quer Saber Pol\u00edtica?\",\"publisher\":{\"@id\":\"https:\\\/\\\/blogdofarnesio.com.br\\\/#organization\"},\"potentialAction\":[{\"@type\":\"SearchAction\",\"target\":{\"@type\":\"EntryPoint\",\"urlTemplate\":\"https:\\\/\\\/blogdofarnesio.com.br\\\/?s={search_term_string}\"},\"query-input\":{\"@type\":\"PropertyValueSpecification\",\"valueRequired\":true,\"valueName\":\"search_term_string\"}}],\"inLanguage\":\"pt-BR\"},{\"@type\":\"Organization\",\"@id\":\"https:\\\/\\\/blogdofarnesio.com.br\\\/#organization\",\"name\":\"Blog do Farn\u00e9sio\",\"url\":\"https:\\\/\\\/blogdofarnesio.com.br\\\/\",\"logo\":{\"@type\":\"ImageObject\",\"inLanguage\":\"pt-BR\",\"@id\":\"https:\\\/\\\/blogdofarnesio.com.br\\\/#\\\/schema\\\/logo\\\/image\\\/\",\"url\":\"https:\\\/\\\/blogdofarnesio.com.br\\\/wp-content\\\/uploads\\\/2026\\\/03\\\/cropped-logo_new-1.png\",\"contentUrl\":\"https:\\\/\\\/blogdofarnesio.com.br\\\/wp-content\\\/uploads\\\/2026\\\/03\\\/cropped-logo_new-1.png\",\"width\":881,\"height\":685,\"caption\":\"Blog do Farn\u00e9sio\"},\"image\":{\"@id\":\"https:\\\/\\\/blogdofarnesio.com.br\\\/#\\\/schema\\\/logo\\\/image\\\/\"},\"sameAs\":[\"https:\\\/\\\/www.facebook.com\\\/BlogQuerSaberPolitica\\\/\"]},{\"@type\":\"Person\",\"@id\":\"https:\\\/\\\/blogdofarnesio.com.br\\\/#\\\/schema\\\/person\\\/301c4acf522bccbfdb45af95b5b906a1\",\"name\":\"Farn\u00e9sio\",\"image\":{\"@type\":\"ImageObject\",\"inLanguage\":\"pt-BR\",\"@id\":\"https:\\\/\\\/secure.gravatar.com\\\/avatar\\\/df0c9a14567c056f8ad6876ba5bbd1e3e2c48023eb6807342fc4663adf549f38?s=96&d=mm&r=g\",\"url\":\"https:\\\/\\\/secure.gravatar.com\\\/avatar\\\/df0c9a14567c056f8ad6876ba5bbd1e3e2c48023eb6807342fc4663adf549f38?s=96&d=mm&r=g\",\"contentUrl\":\"https:\\\/\\\/secure.gravatar.com\\\/avatar\\\/df0c9a14567c056f8ad6876ba5bbd1e3e2c48023eb6807342fc4663adf549f38?s=96&d=mm&r=g\",\"caption\":\"Farn\u00e9sio\"},\"sameAs\":[\"https:\\\/\\\/quersaberpolitica.com.br\"],\"url\":\"https:\\\/\\\/blogdofarnesio.com.br\\\/?author=1\"}]}<\/script>\n<!-- \/ Yoast SEO plugin. -->","yoast_head_json":{"title":"BLITZ DO IBAMA E GUARDA CIVIL DE PETROLINA DESMANTELA CATIVEIRO E COM\u00c9RCIO ILEGAL DE AVES SILVESTRES - Blog do Farn\u00e9sio","robots":{"index":"index","follow":"follow","max-snippet":"max-snippet:-1","max-image-preview":"max-image-preview:large","max-video-preview":"max-video-preview:-1"},"canonical":"https:\/\/blogdofarnesio.com.br\/?p=198485","og_locale":"pt_BR","og_type":"article","og_title":"BLITZ DO IBAMA E GUARDA CIVIL DE PETROLINA DESMANTELA CATIVEIRO E COM\u00c9RCIO ILEGAL DE AVES SILVESTRES - Blog do Farn\u00e9sio","og_description":"A Guarda Civil Municipal de Petrolina foi acionada pelo Ibama para atuar numa opera\u00e7\u00e3o de combate \u00e0 venda ilegal de aves. A partir de uma den\u00fancia an\u00f4nima, foi constatada a exist\u00eancia de um criadouro clandestino localizado na Rua do Abacaxi, no bairro Dom Avelar, na zona norte da cidade. Todos os animais foram apreendidos e v\u00e3o ser examinados por veterin\u00e1rios que ir\u00e3o avaliar se h\u00e1 condi\u00e7\u00f5es dos mesmos voltarem \u00e0 natureza. Ainda de acordo com informa\u00e7\u00f5es do Ibama, o propriet\u00e1rio do espa\u00e7o, identificado como Jos\u00e9 Al\u00edrio de Souza, de 50 anos, foi multado por danos ambientais. A opera\u00e7\u00e3o foi realizada por uma equipe da Ronda Ostensiva Municipal (ROMU) nesta segunda-feira (21). De acordo com o secret\u00e1rio-executivo de Seguran\u00e7a P\u00fablica, Jos\u00e9&hellip;","og_url":"https:\/\/blogdofarnesio.com.br\/?p=198485","og_site_name":"Blog do Farn\u00e9sio","article_publisher":"https:\/\/www.facebook.com\/BlogQuerSaberPolitica\/","article_published_time":"2018-05-23T10:42:24+00:00","og_image":[{"width":640,"height":360,"url":"https:\/\/blogdofarnesio.com.br\/wp-content\/uploads\/2018\/05\/blogqsp-Opera\u00e7\u00e3o_Ibama_GCM_Petrolina-2.jpeg","type":"image\/jpeg"}],"author":"Farn\u00e9sio","twitter_card":"summary_large_image","twitter_misc":{"Escrito por":"Farn\u00e9sio","Est. tempo de leitura":"1 minuto"},"schema":{"@context":"https:\/\/schema.org","@graph":[{"@type":"Article","@id":"https:\/\/blogdofarnesio.com.br\/?p=198485#article","isPartOf":{"@id":"https:\/\/blogdofarnesio.com.br\/?p=198485"},"author":{"name":"Farn\u00e9sio","@id":"https:\/\/blogdofarnesio.com.br\/#\/schema\/person\/301c4acf522bccbfdb45af95b5b906a1"},"headline":"BLITZ DO IBAMA E GUARDA CIVIL DE PETROLINA DESMANTELA CATIVEIRO E COM\u00c9RCIO ILEGAL DE AVES SILVESTRES","datePublished":"2018-05-23T10:42:24+00:00","mainEntityOfPage":{"@id":"https:\/\/blogdofarnesio.com.br\/?p=198485"},"wordCount":266,"publisher":{"@id":"https:\/\/blogdofarnesio.com.br\/#organization"},"image":{"@id":"https:\/\/blogdofarnesio.com.br\/?p=198485#primaryimage"},"thumbnailUrl":"https:\/\/blogdofarnesio.com.br\/wp-content\/uploads\/2018\/05\/blogqsp-Opera\u00e7\u00e3o_Ibama_GCM_Petrolina-2.jpeg","articleSection":["Meio Ambiente"],"inLanguage":"pt-BR"},{"@type":"WebPage","@id":"https:\/\/blogdofarnesio.com.br\/?p=198485","url":"https:\/\/blogdofarnesio.com.br\/?p=198485","name":"BLITZ DO IBAMA E GUARDA CIVIL DE PETROLINA DESMANTELA CATIVEIRO E COM\u00c9RCIO ILEGAL DE AVES SILVESTRES - Blog do Farn\u00e9sio","isPartOf":{"@id":"https:\/\/blogdofarnesio.com.br\/#website"},"primaryImageOfPage":{"@id":"https:\/\/blogdofarnesio.com.br\/?p=198485#primaryimage"},"image":{"@id":"https:\/\/blogdofarnesio.com.br\/?p=198485#primaryimage"},"thumbnailUrl":"https:\/\/blogdofarnesio.com.br\/wp-content\/uploads\/2018\/05\/blogqsp-Opera\u00e7\u00e3o_Ibama_GCM_Petrolina-2.jpeg","datePublished":"2018-05-23T10:42:24+00:00","breadcrumb":{"@id":"https:\/\/blogdofarnesio.com.br\/?p=198485#breadcrumb"},"inLanguage":"pt-BR","potentialAction":[{"@type":"ReadAction","target":["https:\/\/blogdofarnesio.com.br\/?p=198485"]}]},{"@type":"ImageObject","inLanguage":"pt-BR","@id":"https:\/\/blogdofarnesio.com.br\/?p=198485#primaryimage","url":"https:\/\/blogdofarnesio.com.br\/wp-content\/uploads\/2018\/05\/blogqsp-Opera\u00e7\u00e3o_Ibama_GCM_Petrolina-2.jpeg","contentUrl":"https:\/\/blogdofarnesio.com.br\/wp-content\/uploads\/2018\/05\/blogqsp-Opera\u00e7\u00e3o_Ibama_GCM_Petrolina-2.jpeg","width":640,"height":360},{"@type":"BreadcrumbList","@id":"https:\/\/blogdofarnesio.com.br\/?p=198485#breadcrumb","itemListElement":[{"@type":"ListItem","position":1,"name":"In\u00edcio","item":"https:\/\/blogdofarnesio.com.br\/"},{"@type":"ListItem","position":2,"name":"BLITZ DO IBAMA E GUARDA CIVIL DE PETROLINA DESMANTELA CATIVEIRO E COM\u00c9RCIO ILEGAL DE AVES SILVESTRES"}]},{"@type":"WebSite","@id":"https:\/\/blogdofarnesio.com.br\/#website","url":"https:\/\/blogdofarnesio.com.br\/","name":"Blog do Farn\u00e9sio","description":"Quer Saber Pol\u00edtica?","publisher":{"@id":"https:\/\/blogdofarnesio.com.br\/#organization"},"potentialAction":[{"@type":"SearchAction","target":{"@type":"EntryPoint","urlTemplate":"https:\/\/blogdofarnesio.com.br\/?s={search_term_string}"},"query-input":{"@type":"PropertyValueSpecification","valueRequired":true,"valueName":"search_term_string"}}],"inLanguage":"pt-BR"},{"@type":"Organization","@id":"https:\/\/blogdofarnesio.com.br\/#organization","name":"Blog do Farn\u00e9sio","url":"https:\/\/blogdofarnesio.com.br\/","logo":{"@type":"ImageObject","inLanguage":"pt-BR","@id":"https:\/\/blogdofarnesio.com.br\/#\/schema\/logo\/image\/","url":"https:\/\/blogdofarnesio.com.br\/wp-content\/uploads\/2026\/03\/cropped-logo_new-1.png","contentUrl":"https:\/\/blogdofarnesio.com.br\/wp-content\/uploads\/2026\/03\/cropped-logo_new-1.png","width":881,"height":685,"caption":"Blog do Farn\u00e9sio"},"image":{"@id":"https:\/\/blogdofarnesio.com.br\/#\/schema\/logo\/image\/"},"sameAs":["https:\/\/www.facebook.com\/BlogQuerSaberPolitica\/"]},{"@type":"Person","@id":"https:\/\/blogdofarnesio.com.br\/#\/schema\/person\/301c4acf522bccbfdb45af95b5b906a1","name":"Farn\u00e9sio","image":{"@type":"ImageObject","inLanguage":"pt-BR","@id":"https:\/\/secure.gravatar.com\/avatar\/df0c9a14567c056f8ad6876ba5bbd1e3e2c48023eb6807342fc4663adf549f38?s=96&d=mm&r=g","url":"https:\/\/secure.gravatar.com\/avatar\/df0c9a14567c056f8ad6876ba5bbd1e3e2c48023eb6807342fc4663adf549f38?s=96&d=mm&r=g","contentUrl":"https:\/\/secure.gravatar.com\/avatar\/df0c9a14567c056f8ad6876ba5bbd1e3e2c48023eb6807342fc4663adf549f38?s=96&d=mm&r=g","caption":"Farn\u00e9sio"},"sameAs":["https:\/\/quersaberpolitica.com.br"],"url":"https:\/\/blogdofarnesio.com.br\/?author=1"}]}},"_links":{"self":[{"href":"https:\/\/blogdofarnesio.com.br\/index.php?rest_route=\/wp\/v2\/posts\/198485","targetHints":{"allow":["GET"]}}],"collection":[{"href":"https:\/\/blogdofarnesio.com.br\/index.php?rest_route=\/wp\/v2\/posts"}],"about":[{"href":"https:\/\/blogdofarnesio.com.br\/index.php?rest_route=\/wp\/v2\/types\/post"}],"author":[{"embeddable":true,"href":"https:\/\/blogdofarnesio.com.br\/index.php?rest_route=\/wp\/v2\/users\/1"}],"replies":[{"embeddable":true,"href":"https:\/\/blogdofarnesio.com.br\/index.php?rest_route=%2Fwp%2Fv2%2Fcomments&post=198485"}],"version-history":[{"count":0,"href":"https:\/\/blogdofarnesio.com.br\/index.php?rest_route=\/wp\/v2\/posts\/198485\/revisions"}],"wp:featuredmedia":[{"embeddable":true,"href":"https:\/\/blogdofarnesio.com.br\/index.php?rest_route=\/wp\/v2\/media\/198487"}],"wp:attachment":[{"href":"https:\/\/blogdofarnesio.com.br\/index.php?rest_route=%2Fwp%2Fv2%2Fmedia&parent=198485"}],"wp:term":[{"taxonomy":"category","embeddable":true,"href":"https:\/\/blogdofarnesio.com.br\/index.php?rest_route=%2Fwp%2Fv2%2Fcategories&post=198485"},{"taxonomy":"post_tag","embeddable":true,"href":"https:\/\/blogdofarnesio.com.br\/index.php?rest_route=%2Fwp%2Fv2%2Ftags&post=198485"}],"curies":[{"name":"wp","href":"https:\/\/api.w.org\/{rel}","templated":true}]}}