{"id":198479,"date":"2018-05-22T17:04:15","date_gmt":"2018-05-22T20:04:15","guid":{"rendered":"http:\/\/quersaberpolitica.com.br\/2016\/?p=198479"},"modified":"2018-05-22T15:28:55","modified_gmt":"2018-05-22T18:28:55","slug":"tj-mg-nega-recurso-e-determina-prisao-de-azeredo-pivo-do-mensalao-tucano","status":"publish","type":"post","link":"https:\/\/blogdofarnesio.com.br\/?p=198479","title":{"rendered":"TJ-MG NEGA RECURSO E DETERMINA PRIS\u00c3O DE AZEREDO, PIV\u00d4 DO &#8216;MENSAL\u00c3O TUCANO&#8217;"},"content":{"rendered":"<header>\n<h1>Condena\u00e7\u00e3o \u00e9 de 20 anos e 1 m\u00eas<\/h1>\n<\/header>\n<div class=\"content wp js-mediator-article\" data-ga-ano=\"2018\" data-ga-categoria=\"Justi\u00e7a\" data-ga-autor=\"Dyelle Menezes\">\n<p>O TJ-MG (Tribunal de Justi\u00e7a de Minas Gerais) negou o \u00faltimo recurso da defesa do ex-governador mineiro Eduardo Azeredo (PSDB). A Corte tamb\u00e9m determinou a expedi\u00e7\u00e3o imediata do mandado de pris\u00e3o contra o ex-governador.<\/p>\n<p>Azeredo foi\u00a0<a href=\"https:\/\/www.poder360.com.br\/justica\/tj-mg-mantem-condenacao-de-azeredo-pivo-do-mensalao-tucano\/\" target=\"_blank\" rel=\"noopener\">condenado a 20 anos e 1 meses de pris\u00e3o<\/a>\u00a0pelo caso conhecido como \u201cmensal\u00e3o tucano\u201d. A decis\u00e3o foi un\u00e2nime na 5\u00aa C\u00e2mara Criminal do Tribunal.<\/p>\n<div class=\"enviar\">\n<div class=\"container\">\n<div class=\"row\">\n<section class=\"col lg12\">\n<div class=\"row\">\n<section class=\"mod-newsletter full clearfix\">\n<div class=\"col lg6 xs12 no-padding-xs\"><\/div>\n<div class=\"col lg6 xs12 no-padding-xs\"><\/div>\n<\/section>\n<\/div>\n<\/section>\n<\/div>\n<\/div>\n<\/div>\n<p>No julgamento dos embargos do ex-governador votaram os desembargadores Alexandre Victor de Carvalho, Pedro Vergara, Adilson Lamounier, Fernando Caldeira Brant e J\u00falio C\u00e9sar Lorens, relator do processo.<\/p>\n<p>O ex-governador de Minas Gerais \u00e9 acusado de lavagem de dinheiro. O esquema conhecido como \u201cmensal\u00e3o tucano\u201d teria desviado cerca de R$ 3,5 milh\u00f5es de estatais mineiras, como a Copasa (Companhia de Saneamento de Minas Gerais) e a Comig (Companhia Mineradora de Minas Gerais).<\/p>\n<p>Os valores desviados teriam bancado a campanha eleitoral de Azeredo em 1998. Na ocasi\u00e3o, ele concorria \u00e0 reelei\u00e7\u00e3o ao governo estadual.<\/p>\n<p>Para evitar que o adiamento do julgamento desta 3\u00aa (22.mai.2018), o tribunal precisou substituir 1 dos desembargadores na sess\u00e3o. Eduardo Machado, que apresentou atestado m\u00e9dico. Fernando Caldeira Brant, da Quarta C\u00e2mara Criminal, assumiu o lugar.<\/p>\n<p>Azeredo teve a condena\u00e7\u00e3o confirmada pela 5\u00aa C\u00e2mara Criminal do TJ em agosto de 2017. Na ocasi\u00e3o, com 2 votos pela condena\u00e7\u00e3o e 1 pela absolvi\u00e7\u00e3o, os desembargadores reduziram em 9 meses a pena da primeira inst\u00e2ncia. Em abril deste ano, a 5\u00aa C\u00e2mara manteve a condena\u00e7\u00e3o.<\/p>\n<\/div>\n<footer>\n<div class=\"mod mod-authors\">\n<p class=\"author clearfix\"><a class=\"link-author\" href=\"https:\/\/www.poder360.com.br\/author\/dyelle-menezes\/\">DYELLE MENEZES<\/a>\u00a0<a class=\"link-email clearfix\" title=\"Enviar e-mail para Dyelle Menezes\" href=\"https:\/\/www.poder360.com.br\/justica\/tj-mg-nega-recurso-e-determina-prisao-de-azeredo-pivo-do-mensalao-tucano\/#author-modal\" rel=\"modal:open\" data-author=\"247\" data-author-name=\"Dyelle Menezes\"><span class=\"hidden-xs\">enviar e-mail para Dyelle Menezes<\/span><\/a>\u00a0<a class=\"link-twitter clearfix\" href=\"https:\/\/twitter.com\/dyellemenezes\" target=\"_blank\" rel=\"noopener\"><span class=\"hidden-xs\">dyellemenezes<\/span><\/a><\/p>\n<\/div>\n<\/footer>\n","protected":false},"excerpt":{"rendered":"<p>Condena\u00e7\u00e3o \u00e9 de 20 anos e 1 m\u00eas O TJ-MG (Tribunal de Justi\u00e7a de Minas Gerais) negou o \u00faltimo recurso da defesa do ex-governador mineiro Eduardo Azeredo (PSDB). A Corte tamb\u00e9m determinou a expedi\u00e7\u00e3o imediata do mandado de pris\u00e3o contra o ex-governador. Azeredo foi\u00a0condenado a 20 anos e 1 meses de pris\u00e3o\u00a0pelo caso conhecido como \u201cmensal\u00e3o tucano\u201d. A decis\u00e3o foi un\u00e2nime na 5\u00aa C\u00e2mara Criminal do Tribunal. No julgamento dos embargos do ex-governador votaram os desembargadores Alexandre Victor de Carvalho, Pedro Vergara, Adilson Lamounier, Fernando Caldeira Brant e J\u00falio C\u00e9sar Lorens, relator do processo. O ex-governador de Minas Gerais \u00e9 acusado de lavagem de dinheiro. O esquema conhecido como \u201cmensal\u00e3o tucano\u201d teria desviado cerca de R$ 3,5 milh\u00f5es de estatais&hellip; <\/p>\n","protected":false},"author":1,"featured_media":195683,"comment_status":"closed","ping_status":"closed","sticky":false,"template":"","format":"standard","meta":{"_acf_changed":false,"footnotes":""},"categories":[23],"tags":[],"class_list":["post-198479","post","type-post","status-publish","format-standard","has-post-thumbnail","hentry","category-justica"],"acf":[],"yoast_head":"<!-- This site is optimized with the Yoast SEO plugin v27.4 - https:\/\/yoast.com\/product\/yoast-seo-wordpress\/ -->\n<title>TJ-MG NEGA RECURSO E DETERMINA PRIS\u00c3O DE AZEREDO, PIV\u00d4 DO &#039;MENSAL\u00c3O TUCANO&#039; - Blog do Farn\u00e9sio<\/title>\n<meta name=\"robots\" content=\"index, follow, max-snippet:-1, max-image-preview:large, max-video-preview:-1\" \/>\n<link rel=\"canonical\" href=\"https:\/\/blogdofarnesio.com.br\/?p=198479\" \/>\n<meta property=\"og:locale\" content=\"pt_BR\" \/>\n<meta property=\"og:type\" content=\"article\" \/>\n<meta property=\"og:title\" content=\"TJ-MG NEGA RECURSO E DETERMINA PRIS\u00c3O DE AZEREDO, PIV\u00d4 DO &#039;MENSAL\u00c3O TUCANO&#039; - Blog do Farn\u00e9sio\" \/>\n<meta property=\"og:description\" content=\"Condena\u00e7\u00e3o \u00e9 de 20 anos e 1 m\u00eas O TJ-MG (Tribunal de Justi\u00e7a de Minas Gerais) negou o \u00faltimo recurso da defesa do ex-governador mineiro Eduardo Azeredo (PSDB). A Corte tamb\u00e9m determinou a expedi\u00e7\u00e3o imediata do mandado de pris\u00e3o contra o ex-governador. Azeredo foi\u00a0condenado a 20 anos e 1 meses de pris\u00e3o\u00a0pelo caso conhecido como \u201cmensal\u00e3o tucano\u201d. A decis\u00e3o foi un\u00e2nime na 5\u00aa C\u00e2mara Criminal do Tribunal. No julgamento dos embargos do ex-governador votaram os desembargadores Alexandre Victor de Carvalho, Pedro Vergara, Adilson Lamounier, Fernando Caldeira Brant e J\u00falio C\u00e9sar Lorens, relator do processo. O ex-governador de Minas Gerais \u00e9 acusado de lavagem de dinheiro. O esquema conhecido como \u201cmensal\u00e3o tucano\u201d teria desviado cerca de R$ 3,5 milh\u00f5es de estatais&hellip;\" \/>\n<meta property=\"og:url\" content=\"https:\/\/blogdofarnesio.com.br\/?p=198479\" \/>\n<meta property=\"og:site_name\" content=\"Blog do Farn\u00e9sio\" \/>\n<meta property=\"article:publisher\" content=\"https:\/\/www.facebook.com\/BlogQuerSaberPolitica\/\" \/>\n<meta property=\"article:published_time\" content=\"2018-05-22T20:04:15+00:00\" \/>\n<meta property=\"og:image\" content=\"https:\/\/blogdofarnesio.com.br\/wp-content\/uploads\/2018\/04\/blogqsppsdbeduarfdoazeredo-g16686425_x720-e1524601060938.jpg\" \/>\n\t<meta property=\"og:image:width\" content=\"680\" \/>\n\t<meta property=\"og:image:height\" content=\"383\" \/>\n\t<meta property=\"og:image:type\" content=\"image\/jpeg\" \/>\n<meta name=\"author\" content=\"Farn\u00e9sio\" \/>\n<meta name=\"twitter:card\" content=\"summary_large_image\" \/>\n<meta name=\"twitter:label1\" content=\"Escrito por\" \/>\n\t<meta name=\"twitter:data1\" content=\"Farn\u00e9sio\" \/>\n\t<meta name=\"twitter:label2\" content=\"Est. tempo de leitura\" \/>\n\t<meta name=\"twitter:data2\" content=\"1 minuto\" \/>\n<script type=\"application\/ld+json\" class=\"yoast-schema-graph\">{\"@context\":\"https:\\\/\\\/schema.org\",\"@graph\":[{\"@type\":\"Article\",\"@id\":\"https:\\\/\\\/blogdofarnesio.com.br\\\/?p=198479#article\",\"isPartOf\":{\"@id\":\"https:\\\/\\\/blogdofarnesio.com.br\\\/?p=198479\"},\"author\":{\"name\":\"Farn\u00e9sio\",\"@id\":\"https:\\\/\\\/blogdofarnesio.com.br\\\/#\\\/schema\\\/person\\\/301c4acf522bccbfdb45af95b5b906a1\"},\"headline\":\"TJ-MG NEGA RECURSO E DETERMINA PRIS\u00c3O DE AZEREDO, PIV\u00d4 DO &#8216;MENSAL\u00c3O TUCANO&#8217;\",\"datePublished\":\"2018-05-22T20:04:15+00:00\",\"mainEntityOfPage\":{\"@id\":\"https:\\\/\\\/blogdofarnesio.com.br\\\/?p=198479\"},\"wordCount\":275,\"publisher\":{\"@id\":\"https:\\\/\\\/blogdofarnesio.com.br\\\/#organization\"},\"image\":{\"@id\":\"https:\\\/\\\/blogdofarnesio.com.br\\\/?p=198479#primaryimage\"},\"thumbnailUrl\":\"https:\\\/\\\/blogdofarnesio.com.br\\\/wp-content\\\/uploads\\\/2018\\\/04\\\/blogqsppsdbeduarfdoazeredo-g16686425_x720-e1524601060938.jpg\",\"articleSection\":[\"Justi\u00e7a\"],\"inLanguage\":\"pt-BR\"},{\"@type\":\"WebPage\",\"@id\":\"https:\\\/\\\/blogdofarnesio.com.br\\\/?p=198479\",\"url\":\"https:\\\/\\\/blogdofarnesio.com.br\\\/?p=198479\",\"name\":\"TJ-MG NEGA RECURSO E DETERMINA PRIS\u00c3O DE AZEREDO, PIV\u00d4 DO 'MENSAL\u00c3O TUCANO' - Blog do Farn\u00e9sio\",\"isPartOf\":{\"@id\":\"https:\\\/\\\/blogdofarnesio.com.br\\\/#website\"},\"primaryImageOfPage\":{\"@id\":\"https:\\\/\\\/blogdofarnesio.com.br\\\/?p=198479#primaryimage\"},\"image\":{\"@id\":\"https:\\\/\\\/blogdofarnesio.com.br\\\/?p=198479#primaryimage\"},\"thumbnailUrl\":\"https:\\\/\\\/blogdofarnesio.com.br\\\/wp-content\\\/uploads\\\/2018\\\/04\\\/blogqsppsdbeduarfdoazeredo-g16686425_x720-e1524601060938.jpg\",\"datePublished\":\"2018-05-22T20:04:15+00:00\",\"breadcrumb\":{\"@id\":\"https:\\\/\\\/blogdofarnesio.com.br\\\/?p=198479#breadcrumb\"},\"inLanguage\":\"pt-BR\",\"potentialAction\":[{\"@type\":\"ReadAction\",\"target\":[\"https:\\\/\\\/blogdofarnesio.com.br\\\/?p=198479\"]}]},{\"@type\":\"ImageObject\",\"inLanguage\":\"pt-BR\",\"@id\":\"https:\\\/\\\/blogdofarnesio.com.br\\\/?p=198479#primaryimage\",\"url\":\"https:\\\/\\\/blogdofarnesio.com.br\\\/wp-content\\\/uploads\\\/2018\\\/04\\\/blogqsppsdbeduarfdoazeredo-g16686425_x720-e1524601060938.jpg\",\"contentUrl\":\"https:\\\/\\\/blogdofarnesio.com.br\\\/wp-content\\\/uploads\\\/2018\\\/04\\\/blogqsppsdbeduarfdoazeredo-g16686425_x720-e1524601060938.jpg\",\"width\":680,\"height\":383},{\"@type\":\"BreadcrumbList\",\"@id\":\"https:\\\/\\\/blogdofarnesio.com.br\\\/?p=198479#breadcrumb\",\"itemListElement\":[{\"@type\":\"ListItem\",\"position\":1,\"name\":\"In\u00edcio\",\"item\":\"https:\\\/\\\/blogdofarnesio.com.br\\\/\"},{\"@type\":\"ListItem\",\"position\":2,\"name\":\"TJ-MG NEGA RECURSO E DETERMINA PRIS\u00c3O DE AZEREDO, PIV\u00d4 DO &#8216;MENSAL\u00c3O TUCANO&#8217;\"}]},{\"@type\":\"WebSite\",\"@id\":\"https:\\\/\\\/blogdofarnesio.com.br\\\/#website\",\"url\":\"https:\\\/\\\/blogdofarnesio.com.br\\\/\",\"name\":\"Blog do Farn\u00e9sio\",\"description\":\"Quer Saber Pol\u00edtica?\",\"publisher\":{\"@id\":\"https:\\\/\\\/blogdofarnesio.com.br\\\/#organization\"},\"potentialAction\":[{\"@type\":\"SearchAction\",\"target\":{\"@type\":\"EntryPoint\",\"urlTemplate\":\"https:\\\/\\\/blogdofarnesio.com.br\\\/?s={search_term_string}\"},\"query-input\":{\"@type\":\"PropertyValueSpecification\",\"valueRequired\":true,\"valueName\":\"search_term_string\"}}],\"inLanguage\":\"pt-BR\"},{\"@type\":\"Organization\",\"@id\":\"https:\\\/\\\/blogdofarnesio.com.br\\\/#organization\",\"name\":\"Blog do Farn\u00e9sio\",\"url\":\"https:\\\/\\\/blogdofarnesio.com.br\\\/\",\"logo\":{\"@type\":\"ImageObject\",\"inLanguage\":\"pt-BR\",\"@id\":\"https:\\\/\\\/blogdofarnesio.com.br\\\/#\\\/schema\\\/logo\\\/image\\\/\",\"url\":\"https:\\\/\\\/blogdofarnesio.com.br\\\/wp-content\\\/uploads\\\/2026\\\/03\\\/cropped-logo_new-1.png\",\"contentUrl\":\"https:\\\/\\\/blogdofarnesio.com.br\\\/wp-content\\\/uploads\\\/2026\\\/03\\\/cropped-logo_new-1.png\",\"width\":881,\"height\":685,\"caption\":\"Blog do Farn\u00e9sio\"},\"image\":{\"@id\":\"https:\\\/\\\/blogdofarnesio.com.br\\\/#\\\/schema\\\/logo\\\/image\\\/\"},\"sameAs\":[\"https:\\\/\\\/www.facebook.com\\\/BlogQuerSaberPolitica\\\/\"]},{\"@type\":\"Person\",\"@id\":\"https:\\\/\\\/blogdofarnesio.com.br\\\/#\\\/schema\\\/person\\\/301c4acf522bccbfdb45af95b5b906a1\",\"name\":\"Farn\u00e9sio\",\"image\":{\"@type\":\"ImageObject\",\"inLanguage\":\"pt-BR\",\"@id\":\"https:\\\/\\\/secure.gravatar.com\\\/avatar\\\/df0c9a14567c056f8ad6876ba5bbd1e3e2c48023eb6807342fc4663adf549f38?s=96&d=mm&r=g\",\"url\":\"https:\\\/\\\/secure.gravatar.com\\\/avatar\\\/df0c9a14567c056f8ad6876ba5bbd1e3e2c48023eb6807342fc4663adf549f38?s=96&d=mm&r=g\",\"contentUrl\":\"https:\\\/\\\/secure.gravatar.com\\\/avatar\\\/df0c9a14567c056f8ad6876ba5bbd1e3e2c48023eb6807342fc4663adf549f38?s=96&d=mm&r=g\",\"caption\":\"Farn\u00e9sio\"},\"sameAs\":[\"https:\\\/\\\/quersaberpolitica.com.br\"],\"url\":\"https:\\\/\\\/blogdofarnesio.com.br\\\/?author=1\"}]}<\/script>\n<!-- \/ Yoast SEO plugin. -->","yoast_head_json":{"title":"TJ-MG NEGA RECURSO E DETERMINA PRIS\u00c3O DE AZEREDO, PIV\u00d4 DO 'MENSAL\u00c3O TUCANO' - Blog do Farn\u00e9sio","robots":{"index":"index","follow":"follow","max-snippet":"max-snippet:-1","max-image-preview":"max-image-preview:large","max-video-preview":"max-video-preview:-1"},"canonical":"https:\/\/blogdofarnesio.com.br\/?p=198479","og_locale":"pt_BR","og_type":"article","og_title":"TJ-MG NEGA RECURSO E DETERMINA PRIS\u00c3O DE AZEREDO, PIV\u00d4 DO 'MENSAL\u00c3O TUCANO' - Blog do Farn\u00e9sio","og_description":"Condena\u00e7\u00e3o \u00e9 de 20 anos e 1 m\u00eas O TJ-MG (Tribunal de Justi\u00e7a de Minas Gerais) negou o \u00faltimo recurso da defesa do ex-governador mineiro Eduardo Azeredo (PSDB). A Corte tamb\u00e9m determinou a expedi\u00e7\u00e3o imediata do mandado de pris\u00e3o contra o ex-governador. Azeredo foi\u00a0condenado a 20 anos e 1 meses de pris\u00e3o\u00a0pelo caso conhecido como \u201cmensal\u00e3o tucano\u201d. A decis\u00e3o foi un\u00e2nime na 5\u00aa C\u00e2mara Criminal do Tribunal. No julgamento dos embargos do ex-governador votaram os desembargadores Alexandre Victor de Carvalho, Pedro Vergara, Adilson Lamounier, Fernando Caldeira Brant e J\u00falio C\u00e9sar Lorens, relator do processo. O ex-governador de Minas Gerais \u00e9 acusado de lavagem de dinheiro. O esquema conhecido como \u201cmensal\u00e3o tucano\u201d teria desviado cerca de R$ 3,5 milh\u00f5es de estatais&hellip;","og_url":"https:\/\/blogdofarnesio.com.br\/?p=198479","og_site_name":"Blog do Farn\u00e9sio","article_publisher":"https:\/\/www.facebook.com\/BlogQuerSaberPolitica\/","article_published_time":"2018-05-22T20:04:15+00:00","og_image":[{"width":680,"height":383,"url":"https:\/\/blogdofarnesio.com.br\/wp-content\/uploads\/2018\/04\/blogqsppsdbeduarfdoazeredo-g16686425_x720-e1524601060938.jpg","type":"image\/jpeg"}],"author":"Farn\u00e9sio","twitter_card":"summary_large_image","twitter_misc":{"Escrito por":"Farn\u00e9sio","Est. tempo de leitura":"1 minuto"},"schema":{"@context":"https:\/\/schema.org","@graph":[{"@type":"Article","@id":"https:\/\/blogdofarnesio.com.br\/?p=198479#article","isPartOf":{"@id":"https:\/\/blogdofarnesio.com.br\/?p=198479"},"author":{"name":"Farn\u00e9sio","@id":"https:\/\/blogdofarnesio.com.br\/#\/schema\/person\/301c4acf522bccbfdb45af95b5b906a1"},"headline":"TJ-MG NEGA RECURSO E DETERMINA PRIS\u00c3O DE AZEREDO, PIV\u00d4 DO &#8216;MENSAL\u00c3O TUCANO&#8217;","datePublished":"2018-05-22T20:04:15+00:00","mainEntityOfPage":{"@id":"https:\/\/blogdofarnesio.com.br\/?p=198479"},"wordCount":275,"publisher":{"@id":"https:\/\/blogdofarnesio.com.br\/#organization"},"image":{"@id":"https:\/\/blogdofarnesio.com.br\/?p=198479#primaryimage"},"thumbnailUrl":"https:\/\/blogdofarnesio.com.br\/wp-content\/uploads\/2018\/04\/blogqsppsdbeduarfdoazeredo-g16686425_x720-e1524601060938.jpg","articleSection":["Justi\u00e7a"],"inLanguage":"pt-BR"},{"@type":"WebPage","@id":"https:\/\/blogdofarnesio.com.br\/?p=198479","url":"https:\/\/blogdofarnesio.com.br\/?p=198479","name":"TJ-MG NEGA RECURSO E DETERMINA PRIS\u00c3O DE AZEREDO, PIV\u00d4 DO 'MENSAL\u00c3O TUCANO' - Blog do Farn\u00e9sio","isPartOf":{"@id":"https:\/\/blogdofarnesio.com.br\/#website"},"primaryImageOfPage":{"@id":"https:\/\/blogdofarnesio.com.br\/?p=198479#primaryimage"},"image":{"@id":"https:\/\/blogdofarnesio.com.br\/?p=198479#primaryimage"},"thumbnailUrl":"https:\/\/blogdofarnesio.com.br\/wp-content\/uploads\/2018\/04\/blogqsppsdbeduarfdoazeredo-g16686425_x720-e1524601060938.jpg","datePublished":"2018-05-22T20:04:15+00:00","breadcrumb":{"@id":"https:\/\/blogdofarnesio.com.br\/?p=198479#breadcrumb"},"inLanguage":"pt-BR","potentialAction":[{"@type":"ReadAction","target":["https:\/\/blogdofarnesio.com.br\/?p=198479"]}]},{"@type":"ImageObject","inLanguage":"pt-BR","@id":"https:\/\/blogdofarnesio.com.br\/?p=198479#primaryimage","url":"https:\/\/blogdofarnesio.com.br\/wp-content\/uploads\/2018\/04\/blogqsppsdbeduarfdoazeredo-g16686425_x720-e1524601060938.jpg","contentUrl":"https:\/\/blogdofarnesio.com.br\/wp-content\/uploads\/2018\/04\/blogqsppsdbeduarfdoazeredo-g16686425_x720-e1524601060938.jpg","width":680,"height":383},{"@type":"BreadcrumbList","@id":"https:\/\/blogdofarnesio.com.br\/?p=198479#breadcrumb","itemListElement":[{"@type":"ListItem","position":1,"name":"In\u00edcio","item":"https:\/\/blogdofarnesio.com.br\/"},{"@type":"ListItem","position":2,"name":"TJ-MG NEGA RECURSO E DETERMINA PRIS\u00c3O DE AZEREDO, PIV\u00d4 DO &#8216;MENSAL\u00c3O TUCANO&#8217;"}]},{"@type":"WebSite","@id":"https:\/\/blogdofarnesio.com.br\/#website","url":"https:\/\/blogdofarnesio.com.br\/","name":"Blog do Farn\u00e9sio","description":"Quer Saber Pol\u00edtica?","publisher":{"@id":"https:\/\/blogdofarnesio.com.br\/#organization"},"potentialAction":[{"@type":"SearchAction","target":{"@type":"EntryPoint","urlTemplate":"https:\/\/blogdofarnesio.com.br\/?s={search_term_string}"},"query-input":{"@type":"PropertyValueSpecification","valueRequired":true,"valueName":"search_term_string"}}],"inLanguage":"pt-BR"},{"@type":"Organization","@id":"https:\/\/blogdofarnesio.com.br\/#organization","name":"Blog do Farn\u00e9sio","url":"https:\/\/blogdofarnesio.com.br\/","logo":{"@type":"ImageObject","inLanguage":"pt-BR","@id":"https:\/\/blogdofarnesio.com.br\/#\/schema\/logo\/image\/","url":"https:\/\/blogdofarnesio.com.br\/wp-content\/uploads\/2026\/03\/cropped-logo_new-1.png","contentUrl":"https:\/\/blogdofarnesio.com.br\/wp-content\/uploads\/2026\/03\/cropped-logo_new-1.png","width":881,"height":685,"caption":"Blog do Farn\u00e9sio"},"image":{"@id":"https:\/\/blogdofarnesio.com.br\/#\/schema\/logo\/image\/"},"sameAs":["https:\/\/www.facebook.com\/BlogQuerSaberPolitica\/"]},{"@type":"Person","@id":"https:\/\/blogdofarnesio.com.br\/#\/schema\/person\/301c4acf522bccbfdb45af95b5b906a1","name":"Farn\u00e9sio","image":{"@type":"ImageObject","inLanguage":"pt-BR","@id":"https:\/\/secure.gravatar.com\/avatar\/df0c9a14567c056f8ad6876ba5bbd1e3e2c48023eb6807342fc4663adf549f38?s=96&d=mm&r=g","url":"https:\/\/secure.gravatar.com\/avatar\/df0c9a14567c056f8ad6876ba5bbd1e3e2c48023eb6807342fc4663adf549f38?s=96&d=mm&r=g","contentUrl":"https:\/\/secure.gravatar.com\/avatar\/df0c9a14567c056f8ad6876ba5bbd1e3e2c48023eb6807342fc4663adf549f38?s=96&d=mm&r=g","caption":"Farn\u00e9sio"},"sameAs":["https:\/\/quersaberpolitica.com.br"],"url":"https:\/\/blogdofarnesio.com.br\/?author=1"}]}},"_links":{"self":[{"href":"https:\/\/blogdofarnesio.com.br\/index.php?rest_route=\/wp\/v2\/posts\/198479","targetHints":{"allow":["GET"]}}],"collection":[{"href":"https:\/\/blogdofarnesio.com.br\/index.php?rest_route=\/wp\/v2\/posts"}],"about":[{"href":"https:\/\/blogdofarnesio.com.br\/index.php?rest_route=\/wp\/v2\/types\/post"}],"author":[{"embeddable":true,"href":"https:\/\/blogdofarnesio.com.br\/index.php?rest_route=\/wp\/v2\/users\/1"}],"replies":[{"embeddable":true,"href":"https:\/\/blogdofarnesio.com.br\/index.php?rest_route=%2Fwp%2Fv2%2Fcomments&post=198479"}],"version-history":[{"count":0,"href":"https:\/\/blogdofarnesio.com.br\/index.php?rest_route=\/wp\/v2\/posts\/198479\/revisions"}],"wp:featuredmedia":[{"embeddable":true,"href":"https:\/\/blogdofarnesio.com.br\/index.php?rest_route=\/wp\/v2\/media\/195683"}],"wp:attachment":[{"href":"https:\/\/blogdofarnesio.com.br\/index.php?rest_route=%2Fwp%2Fv2%2Fmedia&parent=198479"}],"wp:term":[{"taxonomy":"category","embeddable":true,"href":"https:\/\/blogdofarnesio.com.br\/index.php?rest_route=%2Fwp%2Fv2%2Fcategories&post=198479"},{"taxonomy":"post_tag","embeddable":true,"href":"https:\/\/blogdofarnesio.com.br\/index.php?rest_route=%2Fwp%2Fv2%2Ftags&post=198479"}],"curies":[{"name":"wp","href":"https:\/\/api.w.org\/{rel}","templated":true}]}}