{"id":198460,"date":"2018-05-23T07:21:21","date_gmt":"2018-05-23T10:21:21","guid":{"rendered":"http:\/\/quersaberpolitica.com.br\/2016\/?p=198460"},"modified":"2018-05-22T15:10:28","modified_gmt":"2018-05-22T18:10:28","slug":"aplb-curaca-denuncia-que-o-prefeito-pedro-oliveira-esta-retendo-indevidamente-mais-de-r-28-milhoes-de-precatorios-que-pertencem-aos-professores","status":"publish","type":"post","link":"https:\/\/blogdofarnesio.com.br\/?p=198460","title":{"rendered":"APLB\/CURA\u00c7\u00c1 DENUNCIA QUE O PREFEITO PEDRO OLIVEIRA EST\u00c1 RETENDO INDEVIDAMENTE MAIS DE R$ 28 MILH\u00d5ES, DE PRECAT\u00d3RIOS QUE PERTENCEM AOS PROFESSORES"},"content":{"rendered":"<p style=\"text-align: justify;\">Representantes da APLB Sindicato de Cura\u00e7\u00e1 (foto), participaram do Programa Bastidores da Not\u00edcia e falaram sobre os precat\u00f3rios Fundef. A Coordenadora da APLB Sindicato Cura\u00e7\u00e1, Genilda Bahia, disse que os precat\u00f3rios s\u00e3o verbas que vieram com um valor menor para o munic\u00edpio em gest\u00f5es anteriores e n\u00e3o foram repassadas para a categoria.<\/p>\n<p style=\"text-align: justify;\">\u201cPodemos citar como exemplo, se o munic\u00edpio tinha que recebem R$ 1000 reais e s\u00f3 recebeu R$ 800 reais, ficou restando um valor e n\u00f3s estamos buscando para receber. Na gest\u00e3o do ex-prefeito Arist\u00f3teles Loureiro os advogados entraram com uma a\u00e7\u00e3o para reaver os valores a menos que n\u00e3o estavam vindos e a causa foi ganha, ent\u00e3o os precat\u00f3rios s\u00e3o recursos que deixamos de receber por algum tempo\u201d, explicou.<\/p>\n<p style=\"text-align: justify;\">Genilda disse que o recurso j\u00e1 entrou nas contas do munic\u00edpio desde o ano passado. \u201cA verba entrou no m\u00eas de junho de 2017 e no \u00faltimo ano da gest\u00e3o do ex-prefeito Carlinhos Brand\u00e3o ele queria antecipar esses valores e vender para a Caixa Econ\u00f4mica e a gente iria ter uma perca enorme e n\u00f3s travamos uma luta e entramos com uma a\u00e7\u00e3o de bloqueio dos recursos para que n\u00e3o fossem utilizados indevidamente e no m\u00eas passado esses recursos foram desbloqueados 80% do valor e est\u00e1 em uma conta livre da prefeitura. A nossa preocupa\u00e7\u00e3o agora \u00e9 essa, o atual prefeito pode usar o recurso a qualquer momento\u201d.<\/p>\n<p style=\"text-align: justify;\">Por sua vez, o representante do Sindicato Cleber Ferreira disse que o valor liberado chega a quase R$ 29 milh\u00f5es. \u201cAinda n\u00e3o sabemos se o dinheiro est\u00e1 na conta da educa\u00e7\u00e3o ou da prefeitura, se for da educa\u00e7\u00e3o ainda temos uma esperan\u00e7a que de fato este recurso possa ser utilizado de forma coerente e correto, se for na conta livre ficamos em d\u00favida. J\u00e1 tentamos sentar com a atual gest\u00e3o para dialogar e discutir os pontos necess\u00e1rios e a n\u00e3o obtivemos \u00eaxito. O prefeito Pedro Oliveira fica utilizando a imprensa para dizer que a gente n\u00e3o precisa ficar preocupados que ele vai usar o recurso com transpar\u00eancia e exclusivamente na educa\u00e7\u00e3o, infelizmente isso n\u00e3o acontece\u201d.<\/p>\n<p style=\"text-align: justify;\">Cleber disse ainda que o prefeito encaminhou um projeto a &#8211; Lei Or\u00e7ament\u00e1ria Anual LOA e os vereadores solicitaram o Quadro de Detalhamento da Despesa -QDD e o prefeito mandou e a c\u00e2mara entendeu que o quadro dava para ser aprovado junto com a LOA. \u201cAo receber a resposta da c\u00e2mara o prefeito vetou o QDD e como ele vetou era para ter sido colocada em pauta na c\u00e2mara e ficou na gaveta e ningu\u00e9m deu explica\u00e7\u00e3o. Se o veto prevalecer e ele for fazer isso atrav\u00e9s de decreto, ele n\u00e3o tem que prestar conta para os vereadores e n\u00f3s temos que ficar atento a isso. O prefeito tem que prestar conta sim\u201d.<\/p>\n<p style=\"text-align: justify;\">Por outro lado, a Coordenadora da APLB Sindicato Cura\u00e7\u00e1 disse que j\u00e1 est\u00e1 buscando a justi\u00e7a para resolver a situa\u00e7\u00e3o. \u201cDesde gest\u00f5es anteriores que estamos entrando na justi\u00e7a pedindo o bloqueio das verbas, nossos trabalhadores precisam receber esse dinheiro.<\/p>\n<p style=\"text-align: justify;\">S\u00f3 queremos que o prefeito Pedro nos receba para a gente resolver a situa\u00e7\u00e3o, ele j\u00e1 marcou duas reuni\u00f5es e depois cancelou e disse que a nossa categoria \u00e9 singular e radical. Inclusive, ele j\u00e1 assinou uma carta de inten\u00e7\u00e3o proposta pela diretoria do sindicato e por educadores da educa\u00e7\u00e3o e que o mesmo iria atender a categoria e resolver os precat\u00f3rios Fundef e at\u00e9 agora nada\u201d.<\/p>\n<p style=\"text-align: justify;\">Por fim, a Secret\u00e1ria do Sindicato Iracema Martins falou que o gestor tem se apegado muito com as orienta\u00e7\u00f5es do STF e do TCM para dizer que o recurso \u00e9 da educa\u00e7\u00e3o e o professor n\u00e3o tem parte dele. \u201cEstamos vivendo uma novela em Cura\u00e7\u00e1, estamos sofrendo com a situa\u00e7\u00e3o da educa\u00e7\u00e3o no munic\u00edpio.<\/p>\n<p style=\"text-align: justify;\">Nossa luta n\u00e3o \u00e9 apenas com os recursos dos precat\u00f3rios e \u00e9 bom que se diga que o gestor tem se apegado muito com as orienta\u00e7\u00f5es do STF e do TCM para dizer que o recurso \u00e9 da educa\u00e7\u00e3o e o professor n\u00e3o tem parte dele, o recurso \u00e9 nosso\u201d, frisou.<\/p>\n<p style=\"text-align: justify;\"><em>Da Reda\u00e7\u00e3o\/<strong>BlogQSP<\/strong><\/em><\/p>\n","protected":false},"excerpt":{"rendered":"<p>Representantes da APLB Sindicato de Cura\u00e7\u00e1 (foto), participaram do Programa Bastidores da Not\u00edcia e falaram sobre os precat\u00f3rios Fundef. A Coordenadora da APLB Sindicato Cura\u00e7\u00e1, Genilda Bahia, disse que os precat\u00f3rios s\u00e3o verbas que vieram com um valor menor para o munic\u00edpio em gest\u00f5es anteriores e n\u00e3o foram repassadas para a categoria. \u201cPodemos citar como exemplo, se o munic\u00edpio tinha que recebem R$ 1000 reais e s\u00f3 recebeu R$ 800 reais, ficou restando um valor e n\u00f3s estamos buscando para receber. Na gest\u00e3o do ex-prefeito Arist\u00f3teles Loureiro os advogados entraram com uma a\u00e7\u00e3o para reaver os valores a menos que n\u00e3o estavam vindos e a causa foi ganha, ent\u00e3o os precat\u00f3rios s\u00e3o recursos que deixamos de receber por algum tempo\u201d,&hellip; <\/p>\n","protected":false},"author":1,"featured_media":198470,"comment_status":"closed","ping_status":"closed","sticky":false,"template":"","format":"standard","meta":{"_acf_changed":false,"footnotes":""},"categories":[27,6],"tags":[],"class_list":["post-198460","post","type-post","status-publish","format-standard","has-post-thumbnail","hentry","category-cidades","category-educacao"],"acf":[],"yoast_head":"<!-- This site is optimized with the Yoast SEO plugin v27.4 - https:\/\/yoast.com\/product\/yoast-seo-wordpress\/ -->\n<title>APLB\/CURA\u00c7\u00c1 DENUNCIA QUE O PREFEITO PEDRO OLIVEIRA EST\u00c1 RETENDO INDEVIDAMENTE MAIS DE R$ 28 MILH\u00d5ES, DE PRECAT\u00d3RIOS QUE PERTENCEM AOS PROFESSORES - Blog do Farn\u00e9sio<\/title>\n<meta name=\"robots\" content=\"index, follow, max-snippet:-1, max-image-preview:large, max-video-preview:-1\" \/>\n<link rel=\"canonical\" href=\"https:\/\/blogdofarnesio.com.br\/?p=198460\" \/>\n<meta property=\"og:locale\" content=\"pt_BR\" \/>\n<meta property=\"og:type\" content=\"article\" \/>\n<meta property=\"og:title\" content=\"APLB\/CURA\u00c7\u00c1 DENUNCIA QUE O PREFEITO PEDRO OLIVEIRA EST\u00c1 RETENDO INDEVIDAMENTE MAIS DE R$ 28 MILH\u00d5ES, DE PRECAT\u00d3RIOS QUE PERTENCEM AOS PROFESSORES - Blog do Farn\u00e9sio\" \/>\n<meta property=\"og:description\" content=\"Representantes da APLB Sindicato de Cura\u00e7\u00e1 (foto), participaram do Programa Bastidores da Not\u00edcia e falaram sobre os precat\u00f3rios Fundef. A Coordenadora da APLB Sindicato Cura\u00e7\u00e1, Genilda Bahia, disse que os precat\u00f3rios s\u00e3o verbas que vieram com um valor menor para o munic\u00edpio em gest\u00f5es anteriores e n\u00e3o foram repassadas para a categoria. \u201cPodemos citar como exemplo, se o munic\u00edpio tinha que recebem R$ 1000 reais e s\u00f3 recebeu R$ 800 reais, ficou restando um valor e n\u00f3s estamos buscando para receber. Na gest\u00e3o do ex-prefeito Arist\u00f3teles Loureiro os advogados entraram com uma a\u00e7\u00e3o para reaver os valores a menos que n\u00e3o estavam vindos e a causa foi ganha, ent\u00e3o os precat\u00f3rios s\u00e3o recursos que deixamos de receber por algum tempo\u201d,&hellip;\" \/>\n<meta property=\"og:url\" content=\"https:\/\/blogdofarnesio.com.br\/?p=198460\" \/>\n<meta property=\"og:site_name\" content=\"Blog do Farn\u00e9sio\" \/>\n<meta property=\"article:publisher\" content=\"https:\/\/www.facebook.com\/BlogQuerSaberPolitica\/\" \/>\n<meta property=\"article:published_time\" content=\"2018-05-23T10:21:21+00:00\" \/>\n<meta property=\"og:image\" content=\"https:\/\/blogdofarnesio.com.br\/wp-content\/uploads\/2018\/05\/blogqspcura\u00e7aaplbgenidaliracemakleber-Foto-Farn\u00e9sio-Silva2.jpg\" \/>\n\t<meta property=\"og:image:width\" content=\"640\" \/>\n\t<meta property=\"og:image:height\" content=\"309\" \/>\n\t<meta property=\"og:image:type\" content=\"image\/jpeg\" \/>\n<meta name=\"author\" content=\"Farn\u00e9sio\" \/>\n<meta name=\"twitter:card\" content=\"summary_large_image\" \/>\n<meta name=\"twitter:label1\" content=\"Escrito por\" \/>\n\t<meta name=\"twitter:data1\" content=\"Farn\u00e9sio\" \/>\n\t<meta name=\"twitter:label2\" content=\"Est. tempo de leitura\" \/>\n\t<meta name=\"twitter:data2\" content=\"4 minutos\" \/>\n<script type=\"application\/ld+json\" class=\"yoast-schema-graph\">{\"@context\":\"https:\\\/\\\/schema.org\",\"@graph\":[{\"@type\":\"Article\",\"@id\":\"https:\\\/\\\/blogdofarnesio.com.br\\\/?p=198460#article\",\"isPartOf\":{\"@id\":\"https:\\\/\\\/blogdofarnesio.com.br\\\/?p=198460\"},\"author\":{\"name\":\"Farn\u00e9sio\",\"@id\":\"https:\\\/\\\/blogdofarnesio.com.br\\\/#\\\/schema\\\/person\\\/301c4acf522bccbfdb45af95b5b906a1\"},\"headline\":\"APLB\\\/CURA\u00c7\u00c1 DENUNCIA QUE O PREFEITO PEDRO OLIVEIRA EST\u00c1 RETENDO INDEVIDAMENTE MAIS DE R$ 28 MILH\u00d5ES, DE PRECAT\u00d3RIOS QUE PERTENCEM AOS PROFESSORES\",\"datePublished\":\"2018-05-23T10:21:21+00:00\",\"mainEntityOfPage\":{\"@id\":\"https:\\\/\\\/blogdofarnesio.com.br\\\/?p=198460\"},\"wordCount\":753,\"publisher\":{\"@id\":\"https:\\\/\\\/blogdofarnesio.com.br\\\/#organization\"},\"image\":{\"@id\":\"https:\\\/\\\/blogdofarnesio.com.br\\\/?p=198460#primaryimage\"},\"thumbnailUrl\":\"https:\\\/\\\/blogdofarnesio.com.br\\\/wp-content\\\/uploads\\\/2018\\\/05\\\/blogqspcura\u00e7aaplbgenidaliracemakleber-Foto-Farn\u00e9sio-Silva2.jpg\",\"articleSection\":[\"Cidades\",\"Educa\u00e7\u00e3o\"],\"inLanguage\":\"pt-BR\"},{\"@type\":\"WebPage\",\"@id\":\"https:\\\/\\\/blogdofarnesio.com.br\\\/?p=198460\",\"url\":\"https:\\\/\\\/blogdofarnesio.com.br\\\/?p=198460\",\"name\":\"APLB\\\/CURA\u00c7\u00c1 DENUNCIA QUE O PREFEITO PEDRO OLIVEIRA EST\u00c1 RETENDO INDEVIDAMENTE MAIS DE R$ 28 MILH\u00d5ES, DE PRECAT\u00d3RIOS QUE PERTENCEM AOS PROFESSORES - Blog do Farn\u00e9sio\",\"isPartOf\":{\"@id\":\"https:\\\/\\\/blogdofarnesio.com.br\\\/#website\"},\"primaryImageOfPage\":{\"@id\":\"https:\\\/\\\/blogdofarnesio.com.br\\\/?p=198460#primaryimage\"},\"image\":{\"@id\":\"https:\\\/\\\/blogdofarnesio.com.br\\\/?p=198460#primaryimage\"},\"thumbnailUrl\":\"https:\\\/\\\/blogdofarnesio.com.br\\\/wp-content\\\/uploads\\\/2018\\\/05\\\/blogqspcura\u00e7aaplbgenidaliracemakleber-Foto-Farn\u00e9sio-Silva2.jpg\",\"datePublished\":\"2018-05-23T10:21:21+00:00\",\"breadcrumb\":{\"@id\":\"https:\\\/\\\/blogdofarnesio.com.br\\\/?p=198460#breadcrumb\"},\"inLanguage\":\"pt-BR\",\"potentialAction\":[{\"@type\":\"ReadAction\",\"target\":[\"https:\\\/\\\/blogdofarnesio.com.br\\\/?p=198460\"]}]},{\"@type\":\"ImageObject\",\"inLanguage\":\"pt-BR\",\"@id\":\"https:\\\/\\\/blogdofarnesio.com.br\\\/?p=198460#primaryimage\",\"url\":\"https:\\\/\\\/blogdofarnesio.com.br\\\/wp-content\\\/uploads\\\/2018\\\/05\\\/blogqspcura\u00e7aaplbgenidaliracemakleber-Foto-Farn\u00e9sio-Silva2.jpg\",\"contentUrl\":\"https:\\\/\\\/blogdofarnesio.com.br\\\/wp-content\\\/uploads\\\/2018\\\/05\\\/blogqspcura\u00e7aaplbgenidaliracemakleber-Foto-Farn\u00e9sio-Silva2.jpg\",\"width\":640,\"height\":309,\"caption\":\"Diretoria Aplb-Cura\u00e7\u00e1 Foto Farn\u00e9sio Silva\"},{\"@type\":\"BreadcrumbList\",\"@id\":\"https:\\\/\\\/blogdofarnesio.com.br\\\/?p=198460#breadcrumb\",\"itemListElement\":[{\"@type\":\"ListItem\",\"position\":1,\"name\":\"In\u00edcio\",\"item\":\"https:\\\/\\\/blogdofarnesio.com.br\\\/\"},{\"@type\":\"ListItem\",\"position\":2,\"name\":\"APLB\\\/CURA\u00c7\u00c1 DENUNCIA QUE O PREFEITO PEDRO OLIVEIRA EST\u00c1 RETENDO INDEVIDAMENTE MAIS DE R$ 28 MILH\u00d5ES, DE PRECAT\u00d3RIOS QUE PERTENCEM AOS PROFESSORES\"}]},{\"@type\":\"WebSite\",\"@id\":\"https:\\\/\\\/blogdofarnesio.com.br\\\/#website\",\"url\":\"https:\\\/\\\/blogdofarnesio.com.br\\\/\",\"name\":\"Blog do Farn\u00e9sio\",\"description\":\"Quer Saber Pol\u00edtica?\",\"publisher\":{\"@id\":\"https:\\\/\\\/blogdofarnesio.com.br\\\/#organization\"},\"potentialAction\":[{\"@type\":\"SearchAction\",\"target\":{\"@type\":\"EntryPoint\",\"urlTemplate\":\"https:\\\/\\\/blogdofarnesio.com.br\\\/?s={search_term_string}\"},\"query-input\":{\"@type\":\"PropertyValueSpecification\",\"valueRequired\":true,\"valueName\":\"search_term_string\"}}],\"inLanguage\":\"pt-BR\"},{\"@type\":\"Organization\",\"@id\":\"https:\\\/\\\/blogdofarnesio.com.br\\\/#organization\",\"name\":\"Blog do Farn\u00e9sio\",\"url\":\"https:\\\/\\\/blogdofarnesio.com.br\\\/\",\"logo\":{\"@type\":\"ImageObject\",\"inLanguage\":\"pt-BR\",\"@id\":\"https:\\\/\\\/blogdofarnesio.com.br\\\/#\\\/schema\\\/logo\\\/image\\\/\",\"url\":\"https:\\\/\\\/blogdofarnesio.com.br\\\/wp-content\\\/uploads\\\/2026\\\/03\\\/cropped-logo_new-1.png\",\"contentUrl\":\"https:\\\/\\\/blogdofarnesio.com.br\\\/wp-content\\\/uploads\\\/2026\\\/03\\\/cropped-logo_new-1.png\",\"width\":881,\"height\":685,\"caption\":\"Blog do Farn\u00e9sio\"},\"image\":{\"@id\":\"https:\\\/\\\/blogdofarnesio.com.br\\\/#\\\/schema\\\/logo\\\/image\\\/\"},\"sameAs\":[\"https:\\\/\\\/www.facebook.com\\\/BlogQuerSaberPolitica\\\/\"]},{\"@type\":\"Person\",\"@id\":\"https:\\\/\\\/blogdofarnesio.com.br\\\/#\\\/schema\\\/person\\\/301c4acf522bccbfdb45af95b5b906a1\",\"name\":\"Farn\u00e9sio\",\"image\":{\"@type\":\"ImageObject\",\"inLanguage\":\"pt-BR\",\"@id\":\"https:\\\/\\\/secure.gravatar.com\\\/avatar\\\/df0c9a14567c056f8ad6876ba5bbd1e3e2c48023eb6807342fc4663adf549f38?s=96&d=mm&r=g\",\"url\":\"https:\\\/\\\/secure.gravatar.com\\\/avatar\\\/df0c9a14567c056f8ad6876ba5bbd1e3e2c48023eb6807342fc4663adf549f38?s=96&d=mm&r=g\",\"contentUrl\":\"https:\\\/\\\/secure.gravatar.com\\\/avatar\\\/df0c9a14567c056f8ad6876ba5bbd1e3e2c48023eb6807342fc4663adf549f38?s=96&d=mm&r=g\",\"caption\":\"Farn\u00e9sio\"},\"sameAs\":[\"https:\\\/\\\/quersaberpolitica.com.br\"],\"url\":\"https:\\\/\\\/blogdofarnesio.com.br\\\/?author=1\"}]}<\/script>\n<!-- \/ Yoast SEO plugin. -->","yoast_head_json":{"title":"APLB\/CURA\u00c7\u00c1 DENUNCIA QUE O PREFEITO PEDRO OLIVEIRA EST\u00c1 RETENDO INDEVIDAMENTE MAIS DE R$ 28 MILH\u00d5ES, DE PRECAT\u00d3RIOS QUE PERTENCEM AOS PROFESSORES - Blog do Farn\u00e9sio","robots":{"index":"index","follow":"follow","max-snippet":"max-snippet:-1","max-image-preview":"max-image-preview:large","max-video-preview":"max-video-preview:-1"},"canonical":"https:\/\/blogdofarnesio.com.br\/?p=198460","og_locale":"pt_BR","og_type":"article","og_title":"APLB\/CURA\u00c7\u00c1 DENUNCIA QUE O PREFEITO PEDRO OLIVEIRA EST\u00c1 RETENDO INDEVIDAMENTE MAIS DE R$ 28 MILH\u00d5ES, DE PRECAT\u00d3RIOS QUE PERTENCEM AOS PROFESSORES - Blog do Farn\u00e9sio","og_description":"Representantes da APLB Sindicato de Cura\u00e7\u00e1 (foto), participaram do Programa Bastidores da Not\u00edcia e falaram sobre os precat\u00f3rios Fundef. A Coordenadora da APLB Sindicato Cura\u00e7\u00e1, Genilda Bahia, disse que os precat\u00f3rios s\u00e3o verbas que vieram com um valor menor para o munic\u00edpio em gest\u00f5es anteriores e n\u00e3o foram repassadas para a categoria. \u201cPodemos citar como exemplo, se o munic\u00edpio tinha que recebem R$ 1000 reais e s\u00f3 recebeu R$ 800 reais, ficou restando um valor e n\u00f3s estamos buscando para receber. Na gest\u00e3o do ex-prefeito Arist\u00f3teles Loureiro os advogados entraram com uma a\u00e7\u00e3o para reaver os valores a menos que n\u00e3o estavam vindos e a causa foi ganha, ent\u00e3o os precat\u00f3rios s\u00e3o recursos que deixamos de receber por algum tempo\u201d,&hellip;","og_url":"https:\/\/blogdofarnesio.com.br\/?p=198460","og_site_name":"Blog do Farn\u00e9sio","article_publisher":"https:\/\/www.facebook.com\/BlogQuerSaberPolitica\/","article_published_time":"2018-05-23T10:21:21+00:00","og_image":[{"width":640,"height":309,"url":"https:\/\/blogdofarnesio.com.br\/wp-content\/uploads\/2018\/05\/blogqspcura\u00e7aaplbgenidaliracemakleber-Foto-Farn\u00e9sio-Silva2.jpg","type":"image\/jpeg"}],"author":"Farn\u00e9sio","twitter_card":"summary_large_image","twitter_misc":{"Escrito por":"Farn\u00e9sio","Est. tempo de leitura":"4 minutos"},"schema":{"@context":"https:\/\/schema.org","@graph":[{"@type":"Article","@id":"https:\/\/blogdofarnesio.com.br\/?p=198460#article","isPartOf":{"@id":"https:\/\/blogdofarnesio.com.br\/?p=198460"},"author":{"name":"Farn\u00e9sio","@id":"https:\/\/blogdofarnesio.com.br\/#\/schema\/person\/301c4acf522bccbfdb45af95b5b906a1"},"headline":"APLB\/CURA\u00c7\u00c1 DENUNCIA QUE O PREFEITO PEDRO OLIVEIRA EST\u00c1 RETENDO INDEVIDAMENTE MAIS DE R$ 28 MILH\u00d5ES, DE PRECAT\u00d3RIOS QUE PERTENCEM AOS PROFESSORES","datePublished":"2018-05-23T10:21:21+00:00","mainEntityOfPage":{"@id":"https:\/\/blogdofarnesio.com.br\/?p=198460"},"wordCount":753,"publisher":{"@id":"https:\/\/blogdofarnesio.com.br\/#organization"},"image":{"@id":"https:\/\/blogdofarnesio.com.br\/?p=198460#primaryimage"},"thumbnailUrl":"https:\/\/blogdofarnesio.com.br\/wp-content\/uploads\/2018\/05\/blogqspcura\u00e7aaplbgenidaliracemakleber-Foto-Farn\u00e9sio-Silva2.jpg","articleSection":["Cidades","Educa\u00e7\u00e3o"],"inLanguage":"pt-BR"},{"@type":"WebPage","@id":"https:\/\/blogdofarnesio.com.br\/?p=198460","url":"https:\/\/blogdofarnesio.com.br\/?p=198460","name":"APLB\/CURA\u00c7\u00c1 DENUNCIA QUE O PREFEITO PEDRO OLIVEIRA EST\u00c1 RETENDO INDEVIDAMENTE MAIS DE R$ 28 MILH\u00d5ES, DE PRECAT\u00d3RIOS QUE PERTENCEM AOS PROFESSORES - Blog do Farn\u00e9sio","isPartOf":{"@id":"https:\/\/blogdofarnesio.com.br\/#website"},"primaryImageOfPage":{"@id":"https:\/\/blogdofarnesio.com.br\/?p=198460#primaryimage"},"image":{"@id":"https:\/\/blogdofarnesio.com.br\/?p=198460#primaryimage"},"thumbnailUrl":"https:\/\/blogdofarnesio.com.br\/wp-content\/uploads\/2018\/05\/blogqspcura\u00e7aaplbgenidaliracemakleber-Foto-Farn\u00e9sio-Silva2.jpg","datePublished":"2018-05-23T10:21:21+00:00","breadcrumb":{"@id":"https:\/\/blogdofarnesio.com.br\/?p=198460#breadcrumb"},"inLanguage":"pt-BR","potentialAction":[{"@type":"ReadAction","target":["https:\/\/blogdofarnesio.com.br\/?p=198460"]}]},{"@type":"ImageObject","inLanguage":"pt-BR","@id":"https:\/\/blogdofarnesio.com.br\/?p=198460#primaryimage","url":"https:\/\/blogdofarnesio.com.br\/wp-content\/uploads\/2018\/05\/blogqspcura\u00e7aaplbgenidaliracemakleber-Foto-Farn\u00e9sio-Silva2.jpg","contentUrl":"https:\/\/blogdofarnesio.com.br\/wp-content\/uploads\/2018\/05\/blogqspcura\u00e7aaplbgenidaliracemakleber-Foto-Farn\u00e9sio-Silva2.jpg","width":640,"height":309,"caption":"Diretoria Aplb-Cura\u00e7\u00e1 Foto Farn\u00e9sio Silva"},{"@type":"BreadcrumbList","@id":"https:\/\/blogdofarnesio.com.br\/?p=198460#breadcrumb","itemListElement":[{"@type":"ListItem","position":1,"name":"In\u00edcio","item":"https:\/\/blogdofarnesio.com.br\/"},{"@type":"ListItem","position":2,"name":"APLB\/CURA\u00c7\u00c1 DENUNCIA QUE O PREFEITO PEDRO OLIVEIRA EST\u00c1 RETENDO INDEVIDAMENTE MAIS DE R$ 28 MILH\u00d5ES, DE PRECAT\u00d3RIOS QUE PERTENCEM AOS PROFESSORES"}]},{"@type":"WebSite","@id":"https:\/\/blogdofarnesio.com.br\/#website","url":"https:\/\/blogdofarnesio.com.br\/","name":"Blog do Farn\u00e9sio","description":"Quer Saber Pol\u00edtica?","publisher":{"@id":"https:\/\/blogdofarnesio.com.br\/#organization"},"potentialAction":[{"@type":"SearchAction","target":{"@type":"EntryPoint","urlTemplate":"https:\/\/blogdofarnesio.com.br\/?s={search_term_string}"},"query-input":{"@type":"PropertyValueSpecification","valueRequired":true,"valueName":"search_term_string"}}],"inLanguage":"pt-BR"},{"@type":"Organization","@id":"https:\/\/blogdofarnesio.com.br\/#organization","name":"Blog do Farn\u00e9sio","url":"https:\/\/blogdofarnesio.com.br\/","logo":{"@type":"ImageObject","inLanguage":"pt-BR","@id":"https:\/\/blogdofarnesio.com.br\/#\/schema\/logo\/image\/","url":"https:\/\/blogdofarnesio.com.br\/wp-content\/uploads\/2026\/03\/cropped-logo_new-1.png","contentUrl":"https:\/\/blogdofarnesio.com.br\/wp-content\/uploads\/2026\/03\/cropped-logo_new-1.png","width":881,"height":685,"caption":"Blog do Farn\u00e9sio"},"image":{"@id":"https:\/\/blogdofarnesio.com.br\/#\/schema\/logo\/image\/"},"sameAs":["https:\/\/www.facebook.com\/BlogQuerSaberPolitica\/"]},{"@type":"Person","@id":"https:\/\/blogdofarnesio.com.br\/#\/schema\/person\/301c4acf522bccbfdb45af95b5b906a1","name":"Farn\u00e9sio","image":{"@type":"ImageObject","inLanguage":"pt-BR","@id":"https:\/\/secure.gravatar.com\/avatar\/df0c9a14567c056f8ad6876ba5bbd1e3e2c48023eb6807342fc4663adf549f38?s=96&d=mm&r=g","url":"https:\/\/secure.gravatar.com\/avatar\/df0c9a14567c056f8ad6876ba5bbd1e3e2c48023eb6807342fc4663adf549f38?s=96&d=mm&r=g","contentUrl":"https:\/\/secure.gravatar.com\/avatar\/df0c9a14567c056f8ad6876ba5bbd1e3e2c48023eb6807342fc4663adf549f38?s=96&d=mm&r=g","caption":"Farn\u00e9sio"},"sameAs":["https:\/\/quersaberpolitica.com.br"],"url":"https:\/\/blogdofarnesio.com.br\/?author=1"}]}},"_links":{"self":[{"href":"https:\/\/blogdofarnesio.com.br\/index.php?rest_route=\/wp\/v2\/posts\/198460","targetHints":{"allow":["GET"]}}],"collection":[{"href":"https:\/\/blogdofarnesio.com.br\/index.php?rest_route=\/wp\/v2\/posts"}],"about":[{"href":"https:\/\/blogdofarnesio.com.br\/index.php?rest_route=\/wp\/v2\/types\/post"}],"author":[{"embeddable":true,"href":"https:\/\/blogdofarnesio.com.br\/index.php?rest_route=\/wp\/v2\/users\/1"}],"replies":[{"embeddable":true,"href":"https:\/\/blogdofarnesio.com.br\/index.php?rest_route=%2Fwp%2Fv2%2Fcomments&post=198460"}],"version-history":[{"count":0,"href":"https:\/\/blogdofarnesio.com.br\/index.php?rest_route=\/wp\/v2\/posts\/198460\/revisions"}],"wp:featuredmedia":[{"embeddable":true,"href":"https:\/\/blogdofarnesio.com.br\/index.php?rest_route=\/wp\/v2\/media\/198470"}],"wp:attachment":[{"href":"https:\/\/blogdofarnesio.com.br\/index.php?rest_route=%2Fwp%2Fv2%2Fmedia&parent=198460"}],"wp:term":[{"taxonomy":"category","embeddable":true,"href":"https:\/\/blogdofarnesio.com.br\/index.php?rest_route=%2Fwp%2Fv2%2Fcategories&post=198460"},{"taxonomy":"post_tag","embeddable":true,"href":"https:\/\/blogdofarnesio.com.br\/index.php?rest_route=%2Fwp%2Fv2%2Ftags&post=198460"}],"curies":[{"name":"wp","href":"https:\/\/api.w.org\/{rel}","templated":true}]}}