{"id":198442,"date":"2018-05-22T16:00:18","date_gmt":"2018-05-22T19:00:18","guid":{"rendered":"http:\/\/quersaberpolitica.com.br\/2016\/?p=198442"},"modified":"2018-05-22T14:48:06","modified_gmt":"2018-05-22T17:48:06","slug":"prefeito-paulo-bomfim-assina-convenio-com-governo-da-bahia-e-avenidas-adolfo-viana-e-vias-que-ligam-ao-bairro-pedra-do-lord-passarao-por-intervencoes","status":"publish","type":"post","link":"https:\/\/blogdofarnesio.com.br\/?p=198442","title":{"rendered":"CONV\u00caNIO COM GOVERNO DA BAHIA VAI BANCAR INTERVEN\u00c7\u00d5ES NA AVENIDA ADOLFO VIANA E VIAS QUE LIGAM AO BAIRRO PEDRA DO LORD"},"content":{"rendered":"<p align=\"justify\">O prefeito de Juazeiro, Paulo Bomfim, acompanhado do deputado estadual Z\u00f3 e do engenheiro Hemerson Guimar\u00e3es, representando o secret\u00e1rio de Obras e Desenvolvimento Urbano Anderson Alves, assinou conv\u00eanio com o Governo da Bahia, atrav\u00e9s da Conder-Companhia de Desenvolvimento Urbano do Estado, para realiza\u00e7\u00e3o de interven\u00e7\u00f5es nas Avenidas Adolfo Viana e da Pedra do Lord, promovendo mais mobilidade para quem transita nestas vias.\u00a0De acordo com o diretor de Equipamentos e Qualifica\u00e7\u00e3o Urban\u00edstica, Airton Jos\u00e9 Villa\u00e7a Maia,\u00a0ap\u00f3s a assinatura do conv\u00eanio, amanh\u00e3 ser\u00e1 encaminhada para a licita\u00e7\u00e3o.<\/p>\n<p align=\"justify\">A obra da Avenida Adolfo Viana\u00a0\u00e9 a requalifica\u00e7\u00e3o urbana, que tem como base a mobilidade e acessibilidade. Prev\u00ea a redu\u00e7\u00e3o do\u00a0canteiro central e amplia\u00e7\u00e3o das cal\u00e7adas,\u00a0com piso t\u00e1ctil,al\u00e9m da implanta\u00e7\u00e3o de ciclofaixas.\u00a0Na\u00a0vias que ligam ao bairro Pedra do Lord,\u00a0Rua Comandante Manoel Severo(a \u00faltima do bairro Country Club) at\u00e9 o fim da Avenida Sebasti\u00e3o Almeida Branco(margeada por bairros e Condom\u00ednios) ser\u00e1\u00a0feita toda a parte de drenagem, saneamento e pavimenta\u00e7\u00e3o asf\u00e1ltica. A via tamb\u00e9m receber\u00e1\u00a0interven\u00e7\u00f5es\u00a0de mobilidade\u00a0e acessibilidade,como\u00a0constru\u00e7\u00e3o de\u00a0passeio e ciclofaixas.<\/p>\n<p align=\"justify\">Diante da nova parceria com o\u00a0Governo do\u00a0Estado, que ser\u00e1 de\u00a0mais de R$6 milh\u00f5es investidos, o prefeito Paulo Bomfim esclarece que estes projetos sempre estiveram na agenda da gest\u00e3o municipal. \u201cMesmo num per\u00edodo de crise, estamos realizando obras em nossa cidade, com recursos pr\u00f3prios. Estas duas obras estavam aguardando de onde captar\u00edamos os recursos. Felizmente, o governador Rui Costa mostra mais uma vez que \u00e9 parceiro da nossa cidade e agora confirmamos\u00a0este sonho. Al\u00e9m de melhorar a vida das pessoas com mobilidade urbana\u00a0e acessibilidade, a nossa popula\u00e7\u00e3o ainda ter\u00e1 oportunidade de emprego\u201d, ressalta o prefeito Paulo Bomfim<\/p>\n<p align=\"justify\">Raphael Leal\/<strong>Ascom<\/strong><\/p>\n","protected":false},"excerpt":{"rendered":"<p>O prefeito de Juazeiro, Paulo Bomfim, acompanhado do deputado estadual Z\u00f3 e do engenheiro Hemerson Guimar\u00e3es, representando o secret\u00e1rio de Obras e Desenvolvimento Urbano Anderson Alves, assinou conv\u00eanio com o Governo da Bahia, atrav\u00e9s da Conder-Companhia de Desenvolvimento Urbano do Estado, para realiza\u00e7\u00e3o de interven\u00e7\u00f5es nas Avenidas Adolfo Viana e da Pedra do Lord, promovendo mais mobilidade para quem transita nestas vias.\u00a0De acordo com o diretor de Equipamentos e Qualifica\u00e7\u00e3o Urban\u00edstica, Airton Jos\u00e9 Villa\u00e7a Maia,\u00a0ap\u00f3s a assinatura do conv\u00eanio, amanh\u00e3 ser\u00e1 encaminhada para a licita\u00e7\u00e3o. A obra da Avenida Adolfo Viana\u00a0\u00e9 a requalifica\u00e7\u00e3o urbana, que tem como base a mobilidade e acessibilidade. Prev\u00ea a redu\u00e7\u00e3o do\u00a0canteiro central e amplia\u00e7\u00e3o das cal\u00e7adas,\u00a0com piso t\u00e1ctil,al\u00e9m da implanta\u00e7\u00e3o de ciclofaixas.\u00a0Na\u00a0vias que ligam ao&hellip; <\/p>\n","protected":false},"author":1,"featured_media":198443,"comment_status":"closed","ping_status":"closed","sticky":false,"template":"","format":"standard","meta":{"_acf_changed":false,"footnotes":""},"categories":[44],"tags":[],"class_list":["post-198442","post","type-post","status-publish","format-standard","has-post-thumbnail","hentry","category-administracao"],"acf":[],"yoast_head":"<!-- This site is optimized with the Yoast SEO plugin v27.4 - https:\/\/yoast.com\/product\/yoast-seo-wordpress\/ -->\n<title>CONV\u00caNIO COM GOVERNO DA BAHIA VAI BANCAR INTERVEN\u00c7\u00d5ES NA AVENIDA ADOLFO VIANA E VIAS QUE LIGAM AO BAIRRO PEDRA DO LORD - Blog do Farn\u00e9sio<\/title>\n<meta name=\"robots\" content=\"index, follow, max-snippet:-1, max-image-preview:large, max-video-preview:-1\" \/>\n<link rel=\"canonical\" href=\"https:\/\/blogdofarnesio.com.br\/?p=198442\" \/>\n<meta property=\"og:locale\" content=\"pt_BR\" \/>\n<meta property=\"og:type\" content=\"article\" \/>\n<meta property=\"og:title\" content=\"CONV\u00caNIO COM GOVERNO DA BAHIA VAI BANCAR INTERVEN\u00c7\u00d5ES NA AVENIDA ADOLFO VIANA E VIAS QUE LIGAM AO BAIRRO PEDRA DO LORD - Blog do Farn\u00e9sio\" \/>\n<meta property=\"og:description\" content=\"O prefeito de Juazeiro, Paulo Bomfim, acompanhado do deputado estadual Z\u00f3 e do engenheiro Hemerson Guimar\u00e3es, representando o secret\u00e1rio de Obras e Desenvolvimento Urbano Anderson Alves, assinou conv\u00eanio com o Governo da Bahia, atrav\u00e9s da Conder-Companhia de Desenvolvimento Urbano do Estado, para realiza\u00e7\u00e3o de interven\u00e7\u00f5es nas Avenidas Adolfo Viana e da Pedra do Lord, promovendo mais mobilidade para quem transita nestas vias.\u00a0De acordo com o diretor de Equipamentos e Qualifica\u00e7\u00e3o Urban\u00edstica, Airton Jos\u00e9 Villa\u00e7a Maia,\u00a0ap\u00f3s a assinatura do conv\u00eanio, amanh\u00e3 ser\u00e1 encaminhada para a licita\u00e7\u00e3o. A obra da Avenida Adolfo Viana\u00a0\u00e9 a requalifica\u00e7\u00e3o urbana, que tem como base a mobilidade e acessibilidade. Prev\u00ea a redu\u00e7\u00e3o do\u00a0canteiro central e amplia\u00e7\u00e3o das cal\u00e7adas,\u00a0com piso t\u00e1ctil,al\u00e9m da implanta\u00e7\u00e3o de ciclofaixas.\u00a0Na\u00a0vias que ligam ao&hellip;\" \/>\n<meta property=\"og:url\" content=\"https:\/\/blogdofarnesio.com.br\/?p=198442\" \/>\n<meta property=\"og:site_name\" content=\"Blog do Farn\u00e9sio\" \/>\n<meta property=\"article:publisher\" content=\"https:\/\/www.facebook.com\/BlogQuerSaberPolitica\/\" \/>\n<meta property=\"article:published_time\" content=\"2018-05-22T19:00:18+00:00\" \/>\n<meta property=\"og:image\" content=\"https:\/\/blogdofarnesio.com.br\/wp-content\/uploads\/2018\/05\/blogqsp-paulo-Assinatura-Conv\u00eanio-Prefeitura-e-Conder.jpeg\" \/>\n\t<meta property=\"og:image:width\" content=\"640\" \/>\n\t<meta property=\"og:image:height\" content=\"480\" \/>\n\t<meta property=\"og:image:type\" content=\"image\/jpeg\" \/>\n<meta name=\"author\" content=\"Farn\u00e9sio\" \/>\n<meta name=\"twitter:card\" content=\"summary_large_image\" \/>\n<meta name=\"twitter:label1\" content=\"Escrito por\" \/>\n\t<meta name=\"twitter:data1\" content=\"Farn\u00e9sio\" \/>\n\t<meta name=\"twitter:label2\" content=\"Est. tempo de leitura\" \/>\n\t<meta name=\"twitter:data2\" content=\"2 minutos\" \/>\n<script type=\"application\/ld+json\" class=\"yoast-schema-graph\">{\"@context\":\"https:\\\/\\\/schema.org\",\"@graph\":[{\"@type\":\"Article\",\"@id\":\"https:\\\/\\\/blogdofarnesio.com.br\\\/?p=198442#article\",\"isPartOf\":{\"@id\":\"https:\\\/\\\/blogdofarnesio.com.br\\\/?p=198442\"},\"author\":{\"name\":\"Farn\u00e9sio\",\"@id\":\"https:\\\/\\\/blogdofarnesio.com.br\\\/#\\\/schema\\\/person\\\/301c4acf522bccbfdb45af95b5b906a1\"},\"headline\":\"CONV\u00caNIO COM GOVERNO DA BAHIA VAI BANCAR INTERVEN\u00c7\u00d5ES NA AVENIDA ADOLFO VIANA E VIAS QUE LIGAM AO BAIRRO PEDRA DO LORD\",\"datePublished\":\"2018-05-22T19:00:18+00:00\",\"mainEntityOfPage\":{\"@id\":\"https:\\\/\\\/blogdofarnesio.com.br\\\/?p=198442\"},\"wordCount\":339,\"publisher\":{\"@id\":\"https:\\\/\\\/blogdofarnesio.com.br\\\/#organization\"},\"image\":{\"@id\":\"https:\\\/\\\/blogdofarnesio.com.br\\\/?p=198442#primaryimage\"},\"thumbnailUrl\":\"https:\\\/\\\/blogdofarnesio.com.br\\\/wp-content\\\/uploads\\\/2018\\\/05\\\/blogqsp-paulo-Assinatura-Conv\u00eanio-Prefeitura-e-Conder.jpeg\",\"articleSection\":[\"Administra\u00e7\u00e3o\"],\"inLanguage\":\"pt-BR\"},{\"@type\":\"WebPage\",\"@id\":\"https:\\\/\\\/blogdofarnesio.com.br\\\/?p=198442\",\"url\":\"https:\\\/\\\/blogdofarnesio.com.br\\\/?p=198442\",\"name\":\"CONV\u00caNIO COM GOVERNO DA BAHIA VAI BANCAR INTERVEN\u00c7\u00d5ES NA AVENIDA ADOLFO VIANA E VIAS QUE LIGAM AO BAIRRO PEDRA DO LORD - Blog do Farn\u00e9sio\",\"isPartOf\":{\"@id\":\"https:\\\/\\\/blogdofarnesio.com.br\\\/#website\"},\"primaryImageOfPage\":{\"@id\":\"https:\\\/\\\/blogdofarnesio.com.br\\\/?p=198442#primaryimage\"},\"image\":{\"@id\":\"https:\\\/\\\/blogdofarnesio.com.br\\\/?p=198442#primaryimage\"},\"thumbnailUrl\":\"https:\\\/\\\/blogdofarnesio.com.br\\\/wp-content\\\/uploads\\\/2018\\\/05\\\/blogqsp-paulo-Assinatura-Conv\u00eanio-Prefeitura-e-Conder.jpeg\",\"datePublished\":\"2018-05-22T19:00:18+00:00\",\"breadcrumb\":{\"@id\":\"https:\\\/\\\/blogdofarnesio.com.br\\\/?p=198442#breadcrumb\"},\"inLanguage\":\"pt-BR\",\"potentialAction\":[{\"@type\":\"ReadAction\",\"target\":[\"https:\\\/\\\/blogdofarnesio.com.br\\\/?p=198442\"]}]},{\"@type\":\"ImageObject\",\"inLanguage\":\"pt-BR\",\"@id\":\"https:\\\/\\\/blogdofarnesio.com.br\\\/?p=198442#primaryimage\",\"url\":\"https:\\\/\\\/blogdofarnesio.com.br\\\/wp-content\\\/uploads\\\/2018\\\/05\\\/blogqsp-paulo-Assinatura-Conv\u00eanio-Prefeitura-e-Conder.jpeg\",\"contentUrl\":\"https:\\\/\\\/blogdofarnesio.com.br\\\/wp-content\\\/uploads\\\/2018\\\/05\\\/blogqsp-paulo-Assinatura-Conv\u00eanio-Prefeitura-e-Conder.jpeg\",\"width\":640,\"height\":480},{\"@type\":\"BreadcrumbList\",\"@id\":\"https:\\\/\\\/blogdofarnesio.com.br\\\/?p=198442#breadcrumb\",\"itemListElement\":[{\"@type\":\"ListItem\",\"position\":1,\"name\":\"In\u00edcio\",\"item\":\"https:\\\/\\\/blogdofarnesio.com.br\\\/\"},{\"@type\":\"ListItem\",\"position\":2,\"name\":\"CONV\u00caNIO COM GOVERNO DA BAHIA VAI BANCAR INTERVEN\u00c7\u00d5ES NA AVENIDA ADOLFO VIANA E VIAS QUE LIGAM AO BAIRRO PEDRA DO LORD\"}]},{\"@type\":\"WebSite\",\"@id\":\"https:\\\/\\\/blogdofarnesio.com.br\\\/#website\",\"url\":\"https:\\\/\\\/blogdofarnesio.com.br\\\/\",\"name\":\"Blog do Farn\u00e9sio\",\"description\":\"Quer Saber Pol\u00edtica?\",\"publisher\":{\"@id\":\"https:\\\/\\\/blogdofarnesio.com.br\\\/#organization\"},\"potentialAction\":[{\"@type\":\"SearchAction\",\"target\":{\"@type\":\"EntryPoint\",\"urlTemplate\":\"https:\\\/\\\/blogdofarnesio.com.br\\\/?s={search_term_string}\"},\"query-input\":{\"@type\":\"PropertyValueSpecification\",\"valueRequired\":true,\"valueName\":\"search_term_string\"}}],\"inLanguage\":\"pt-BR\"},{\"@type\":\"Organization\",\"@id\":\"https:\\\/\\\/blogdofarnesio.com.br\\\/#organization\",\"name\":\"Blog do Farn\u00e9sio\",\"url\":\"https:\\\/\\\/blogdofarnesio.com.br\\\/\",\"logo\":{\"@type\":\"ImageObject\",\"inLanguage\":\"pt-BR\",\"@id\":\"https:\\\/\\\/blogdofarnesio.com.br\\\/#\\\/schema\\\/logo\\\/image\\\/\",\"url\":\"https:\\\/\\\/blogdofarnesio.com.br\\\/wp-content\\\/uploads\\\/2026\\\/03\\\/cropped-logo_new-1.png\",\"contentUrl\":\"https:\\\/\\\/blogdofarnesio.com.br\\\/wp-content\\\/uploads\\\/2026\\\/03\\\/cropped-logo_new-1.png\",\"width\":881,\"height\":685,\"caption\":\"Blog do Farn\u00e9sio\"},\"image\":{\"@id\":\"https:\\\/\\\/blogdofarnesio.com.br\\\/#\\\/schema\\\/logo\\\/image\\\/\"},\"sameAs\":[\"https:\\\/\\\/www.facebook.com\\\/BlogQuerSaberPolitica\\\/\"]},{\"@type\":\"Person\",\"@id\":\"https:\\\/\\\/blogdofarnesio.com.br\\\/#\\\/schema\\\/person\\\/301c4acf522bccbfdb45af95b5b906a1\",\"name\":\"Farn\u00e9sio\",\"image\":{\"@type\":\"ImageObject\",\"inLanguage\":\"pt-BR\",\"@id\":\"https:\\\/\\\/secure.gravatar.com\\\/avatar\\\/df0c9a14567c056f8ad6876ba5bbd1e3e2c48023eb6807342fc4663adf549f38?s=96&d=mm&r=g\",\"url\":\"https:\\\/\\\/secure.gravatar.com\\\/avatar\\\/df0c9a14567c056f8ad6876ba5bbd1e3e2c48023eb6807342fc4663adf549f38?s=96&d=mm&r=g\",\"contentUrl\":\"https:\\\/\\\/secure.gravatar.com\\\/avatar\\\/df0c9a14567c056f8ad6876ba5bbd1e3e2c48023eb6807342fc4663adf549f38?s=96&d=mm&r=g\",\"caption\":\"Farn\u00e9sio\"},\"sameAs\":[\"https:\\\/\\\/quersaberpolitica.com.br\"],\"url\":\"https:\\\/\\\/blogdofarnesio.com.br\\\/?author=1\"}]}<\/script>\n<!-- \/ Yoast SEO plugin. -->","yoast_head_json":{"title":"CONV\u00caNIO COM GOVERNO DA BAHIA VAI BANCAR INTERVEN\u00c7\u00d5ES NA AVENIDA ADOLFO VIANA E VIAS QUE LIGAM AO BAIRRO PEDRA DO LORD - Blog do Farn\u00e9sio","robots":{"index":"index","follow":"follow","max-snippet":"max-snippet:-1","max-image-preview":"max-image-preview:large","max-video-preview":"max-video-preview:-1"},"canonical":"https:\/\/blogdofarnesio.com.br\/?p=198442","og_locale":"pt_BR","og_type":"article","og_title":"CONV\u00caNIO COM GOVERNO DA BAHIA VAI BANCAR INTERVEN\u00c7\u00d5ES NA AVENIDA ADOLFO VIANA E VIAS QUE LIGAM AO BAIRRO PEDRA DO LORD - Blog do Farn\u00e9sio","og_description":"O prefeito de Juazeiro, Paulo Bomfim, acompanhado do deputado estadual Z\u00f3 e do engenheiro Hemerson Guimar\u00e3es, representando o secret\u00e1rio de Obras e Desenvolvimento Urbano Anderson Alves, assinou conv\u00eanio com o Governo da Bahia, atrav\u00e9s da Conder-Companhia de Desenvolvimento Urbano do Estado, para realiza\u00e7\u00e3o de interven\u00e7\u00f5es nas Avenidas Adolfo Viana e da Pedra do Lord, promovendo mais mobilidade para quem transita nestas vias.\u00a0De acordo com o diretor de Equipamentos e Qualifica\u00e7\u00e3o Urban\u00edstica, Airton Jos\u00e9 Villa\u00e7a Maia,\u00a0ap\u00f3s a assinatura do conv\u00eanio, amanh\u00e3 ser\u00e1 encaminhada para a licita\u00e7\u00e3o. A obra da Avenida Adolfo Viana\u00a0\u00e9 a requalifica\u00e7\u00e3o urbana, que tem como base a mobilidade e acessibilidade. Prev\u00ea a redu\u00e7\u00e3o do\u00a0canteiro central e amplia\u00e7\u00e3o das cal\u00e7adas,\u00a0com piso t\u00e1ctil,al\u00e9m da implanta\u00e7\u00e3o de ciclofaixas.\u00a0Na\u00a0vias que ligam ao&hellip;","og_url":"https:\/\/blogdofarnesio.com.br\/?p=198442","og_site_name":"Blog do Farn\u00e9sio","article_publisher":"https:\/\/www.facebook.com\/BlogQuerSaberPolitica\/","article_published_time":"2018-05-22T19:00:18+00:00","og_image":[{"width":640,"height":480,"url":"https:\/\/blogdofarnesio.com.br\/wp-content\/uploads\/2018\/05\/blogqsp-paulo-Assinatura-Conv\u00eanio-Prefeitura-e-Conder.jpeg","type":"image\/jpeg"}],"author":"Farn\u00e9sio","twitter_card":"summary_large_image","twitter_misc":{"Escrito por":"Farn\u00e9sio","Est. tempo de leitura":"2 minutos"},"schema":{"@context":"https:\/\/schema.org","@graph":[{"@type":"Article","@id":"https:\/\/blogdofarnesio.com.br\/?p=198442#article","isPartOf":{"@id":"https:\/\/blogdofarnesio.com.br\/?p=198442"},"author":{"name":"Farn\u00e9sio","@id":"https:\/\/blogdofarnesio.com.br\/#\/schema\/person\/301c4acf522bccbfdb45af95b5b906a1"},"headline":"CONV\u00caNIO COM GOVERNO DA BAHIA VAI BANCAR INTERVEN\u00c7\u00d5ES NA AVENIDA ADOLFO VIANA E VIAS QUE LIGAM AO BAIRRO PEDRA DO LORD","datePublished":"2018-05-22T19:00:18+00:00","mainEntityOfPage":{"@id":"https:\/\/blogdofarnesio.com.br\/?p=198442"},"wordCount":339,"publisher":{"@id":"https:\/\/blogdofarnesio.com.br\/#organization"},"image":{"@id":"https:\/\/blogdofarnesio.com.br\/?p=198442#primaryimage"},"thumbnailUrl":"https:\/\/blogdofarnesio.com.br\/wp-content\/uploads\/2018\/05\/blogqsp-paulo-Assinatura-Conv\u00eanio-Prefeitura-e-Conder.jpeg","articleSection":["Administra\u00e7\u00e3o"],"inLanguage":"pt-BR"},{"@type":"WebPage","@id":"https:\/\/blogdofarnesio.com.br\/?p=198442","url":"https:\/\/blogdofarnesio.com.br\/?p=198442","name":"CONV\u00caNIO COM GOVERNO DA BAHIA VAI BANCAR INTERVEN\u00c7\u00d5ES NA AVENIDA ADOLFO VIANA E VIAS QUE LIGAM AO BAIRRO PEDRA DO LORD - Blog do Farn\u00e9sio","isPartOf":{"@id":"https:\/\/blogdofarnesio.com.br\/#website"},"primaryImageOfPage":{"@id":"https:\/\/blogdofarnesio.com.br\/?p=198442#primaryimage"},"image":{"@id":"https:\/\/blogdofarnesio.com.br\/?p=198442#primaryimage"},"thumbnailUrl":"https:\/\/blogdofarnesio.com.br\/wp-content\/uploads\/2018\/05\/blogqsp-paulo-Assinatura-Conv\u00eanio-Prefeitura-e-Conder.jpeg","datePublished":"2018-05-22T19:00:18+00:00","breadcrumb":{"@id":"https:\/\/blogdofarnesio.com.br\/?p=198442#breadcrumb"},"inLanguage":"pt-BR","potentialAction":[{"@type":"ReadAction","target":["https:\/\/blogdofarnesio.com.br\/?p=198442"]}]},{"@type":"ImageObject","inLanguage":"pt-BR","@id":"https:\/\/blogdofarnesio.com.br\/?p=198442#primaryimage","url":"https:\/\/blogdofarnesio.com.br\/wp-content\/uploads\/2018\/05\/blogqsp-paulo-Assinatura-Conv\u00eanio-Prefeitura-e-Conder.jpeg","contentUrl":"https:\/\/blogdofarnesio.com.br\/wp-content\/uploads\/2018\/05\/blogqsp-paulo-Assinatura-Conv\u00eanio-Prefeitura-e-Conder.jpeg","width":640,"height":480},{"@type":"BreadcrumbList","@id":"https:\/\/blogdofarnesio.com.br\/?p=198442#breadcrumb","itemListElement":[{"@type":"ListItem","position":1,"name":"In\u00edcio","item":"https:\/\/blogdofarnesio.com.br\/"},{"@type":"ListItem","position":2,"name":"CONV\u00caNIO COM GOVERNO DA BAHIA VAI BANCAR INTERVEN\u00c7\u00d5ES NA AVENIDA ADOLFO VIANA E VIAS QUE LIGAM AO BAIRRO PEDRA DO LORD"}]},{"@type":"WebSite","@id":"https:\/\/blogdofarnesio.com.br\/#website","url":"https:\/\/blogdofarnesio.com.br\/","name":"Blog do Farn\u00e9sio","description":"Quer Saber Pol\u00edtica?","publisher":{"@id":"https:\/\/blogdofarnesio.com.br\/#organization"},"potentialAction":[{"@type":"SearchAction","target":{"@type":"EntryPoint","urlTemplate":"https:\/\/blogdofarnesio.com.br\/?s={search_term_string}"},"query-input":{"@type":"PropertyValueSpecification","valueRequired":true,"valueName":"search_term_string"}}],"inLanguage":"pt-BR"},{"@type":"Organization","@id":"https:\/\/blogdofarnesio.com.br\/#organization","name":"Blog do Farn\u00e9sio","url":"https:\/\/blogdofarnesio.com.br\/","logo":{"@type":"ImageObject","inLanguage":"pt-BR","@id":"https:\/\/blogdofarnesio.com.br\/#\/schema\/logo\/image\/","url":"https:\/\/blogdofarnesio.com.br\/wp-content\/uploads\/2026\/03\/cropped-logo_new-1.png","contentUrl":"https:\/\/blogdofarnesio.com.br\/wp-content\/uploads\/2026\/03\/cropped-logo_new-1.png","width":881,"height":685,"caption":"Blog do Farn\u00e9sio"},"image":{"@id":"https:\/\/blogdofarnesio.com.br\/#\/schema\/logo\/image\/"},"sameAs":["https:\/\/www.facebook.com\/BlogQuerSaberPolitica\/"]},{"@type":"Person","@id":"https:\/\/blogdofarnesio.com.br\/#\/schema\/person\/301c4acf522bccbfdb45af95b5b906a1","name":"Farn\u00e9sio","image":{"@type":"ImageObject","inLanguage":"pt-BR","@id":"https:\/\/secure.gravatar.com\/avatar\/df0c9a14567c056f8ad6876ba5bbd1e3e2c48023eb6807342fc4663adf549f38?s=96&d=mm&r=g","url":"https:\/\/secure.gravatar.com\/avatar\/df0c9a14567c056f8ad6876ba5bbd1e3e2c48023eb6807342fc4663adf549f38?s=96&d=mm&r=g","contentUrl":"https:\/\/secure.gravatar.com\/avatar\/df0c9a14567c056f8ad6876ba5bbd1e3e2c48023eb6807342fc4663adf549f38?s=96&d=mm&r=g","caption":"Farn\u00e9sio"},"sameAs":["https:\/\/quersaberpolitica.com.br"],"url":"https:\/\/blogdofarnesio.com.br\/?author=1"}]}},"_links":{"self":[{"href":"https:\/\/blogdofarnesio.com.br\/index.php?rest_route=\/wp\/v2\/posts\/198442","targetHints":{"allow":["GET"]}}],"collection":[{"href":"https:\/\/blogdofarnesio.com.br\/index.php?rest_route=\/wp\/v2\/posts"}],"about":[{"href":"https:\/\/blogdofarnesio.com.br\/index.php?rest_route=\/wp\/v2\/types\/post"}],"author":[{"embeddable":true,"href":"https:\/\/blogdofarnesio.com.br\/index.php?rest_route=\/wp\/v2\/users\/1"}],"replies":[{"embeddable":true,"href":"https:\/\/blogdofarnesio.com.br\/index.php?rest_route=%2Fwp%2Fv2%2Fcomments&post=198442"}],"version-history":[{"count":0,"href":"https:\/\/blogdofarnesio.com.br\/index.php?rest_route=\/wp\/v2\/posts\/198442\/revisions"}],"wp:featuredmedia":[{"embeddable":true,"href":"https:\/\/blogdofarnesio.com.br\/index.php?rest_route=\/wp\/v2\/media\/198443"}],"wp:attachment":[{"href":"https:\/\/blogdofarnesio.com.br\/index.php?rest_route=%2Fwp%2Fv2%2Fmedia&parent=198442"}],"wp:term":[{"taxonomy":"category","embeddable":true,"href":"https:\/\/blogdofarnesio.com.br\/index.php?rest_route=%2Fwp%2Fv2%2Fcategories&post=198442"},{"taxonomy":"post_tag","embeddable":true,"href":"https:\/\/blogdofarnesio.com.br\/index.php?rest_route=%2Fwp%2Fv2%2Ftags&post=198442"}],"curies":[{"name":"wp","href":"https:\/\/api.w.org\/{rel}","templated":true}]}}