{"id":198440,"date":"2018-05-22T15:40:45","date_gmt":"2018-05-22T18:40:45","guid":{"rendered":"http:\/\/quersaberpolitica.com.br\/2016\/?p=198440"},"modified":"2018-05-21T22:52:04","modified_gmt":"2018-05-22T01:52:04","slug":"prefeitura-de-petrolina-convoca-familias-inscritas-no-garantia-safra-para-atualizacao-de-dados","status":"publish","type":"post","link":"https:\/\/blogdofarnesio.com.br\/2018\/05\/prefeitura-de-petrolina-convoca-familias-inscritas-no-garantia-safra-para-atualizacao-de-dados\/","title":{"rendered":"PREFEITURA DE PETROLINA CONVOCA FAM\u00cdLIAS INSCRITAS NO GARANTIA SAFRA PARA ATUALIZA\u00c7\u00c3O DE DADOS"},"content":{"rendered":"<p style=\"text-align: justify;\">A Prefeitura de Petrolina est\u00e1 convocando os benefici\u00e1rios do Programa Garantia-Safra 2016\/2017, que ainda n\u00e3o receberam o pagamento, para fazer a atualiza\u00e7\u00e3o de seus cadastros.<\/p>\n<p style=\"text-align: justify;\">Os benefici\u00e1rios devem comparecer \u00e0 sede da Secretaria de Desenvolvimento Econ\u00f4mico e Agr\u00e1rio, at\u00e9 o dia 30 de maio, das 7h \u00e0s 13h e das 15h \u00e0s 17h, munidos do cart\u00e3o cidad\u00e3o ou o cart\u00e3o do bolsa fam\u00edlia.\u00a0\u00a0A a\u00e7\u00e3o \u00e9 para que os dados sejam atualizados junto \u00e0 Coordena\u00e7\u00e3o Estadual e ao Minist\u00e9rio do Desenvolvimento Agr\u00e1rio (MDA), em Bras\u00edlia.<\/p>\n<p style=\"text-align: justify;\">De acordo com o diretor de Agricultura Familiar, Erisvaldo Lima, essa atualiza\u00e7\u00e3o \u00e9 necess\u00e1ria em virtude do conflito de dados no sistema do governo os quais necessitam ser atualizados para efetua\u00e7\u00e3o dos pagamentos das parcelas aos agricultores.<\/p>\n<p style=\"text-align: justify;\">\u201c<i>Temos uma m\u00e9dia de 200 agricultores que est\u00e3o com alguma pend\u00eancia cadastral. Portanto, convocamos a estas pessoas as nos procurar para que possamos identificar o problema e resolver o quanto antes<\/i>\u201d, alertou Erisvaldo.<\/p>\n<p style=\"text-align: justify;\">O Garantia-Safra visa auxiliar agricultores familiares que se encontram em munic\u00edpios do Nordeste e do Semi\u00e1rido sujeitos a perdas de safra, devido \u00e0 seca ou ao excesso de chuva. O benef\u00edcio \u00e9 pago em cinco parcelas de R$ 170 cada, totalizando R$ 850 por agricultor. Os pagamentos seguem as mesmas datas definidas pelo calend\u00e1rio de benef\u00edcios sociais da Caixa Econ\u00f4mica Federal. Em Petrolina, 3.400 fam\u00edlias est\u00e3o inscritas no programa.<\/p>\n<p style=\"text-align: justify;\">Para mais informa\u00e7\u00f5es, os agricultores devem se dirigir a Secretaria Executiva de Desenvolvimento Rural que fica localizada, na\u00a0<a href=\"https:\/\/maps.google.com\/?q=Avenida+Honorato+Viana,+980+%E2%80%9CA%E2%80%9D,+bairro+Gercino+Coelho&amp;entry=gmail&amp;source=g\">Avenida Honorato Viana, 980 \u201cA\u201d, bairro Gercino Coelho<\/a>\u00a0(pr\u00f3ximo \u00e0 UPA). Telefones:(87) 3864-0747.<\/p>\n<p style=\"text-align: justify;\">Quem tem direito<\/p>\n<p style=\"text-align: justify;\">Podem participar do Garantia-Safra agricultores familiares, com renda familiar mensal de, at\u00e9, um sal\u00e1rio m\u00ednimo e meio, e que possuem \u00e1rea total a ser plantada de, no m\u00ednimo, 0,6 hectare e, no m\u00e1ximo, cinco hectares.<\/p>\n<p style=\"text-align: justify;\">Tem direito a receber o pagamento agricultores aderidos e residentes em munic\u00edpios com perdas m\u00ednimas de 50% da produ\u00e7\u00e3o de algod\u00e3o, arroz, feij\u00e3o, mandioca ou milho, por falta ou excesso de chuva.<\/p>\n<p style=\"text-align: justify;\">Lilian Telles<\/p>\n","protected":false},"excerpt":{"rendered":"<p>A Prefeitura de Petrolina est\u00e1 convocando os benefici\u00e1rios do Programa Garantia-Safra 2016\/2017, que ainda n\u00e3o receberam o pagamento, para fazer a atualiza\u00e7\u00e3o de seus cadastros. Os benefici\u00e1rios devem comparecer \u00e0 sede da Secretaria de Desenvolvimento Econ\u00f4mico e Agr\u00e1rio, at\u00e9 o dia 30 de maio, das 7h \u00e0s 13h e das 15h \u00e0s 17h, munidos do cart\u00e3o cidad\u00e3o ou o cart\u00e3o do bolsa fam\u00edlia.\u00a0\u00a0A a\u00e7\u00e3o \u00e9 para que os dados sejam atualizados junto \u00e0 Coordena\u00e7\u00e3o Estadual e ao Minist\u00e9rio do Desenvolvimento Agr\u00e1rio (MDA), em Bras\u00edlia. De acordo com o diretor de Agricultura Familiar, Erisvaldo Lima, essa atualiza\u00e7\u00e3o \u00e9 necess\u00e1ria em virtude do conflito de dados no sistema do governo os quais necessitam ser atualizados para efetua\u00e7\u00e3o dos pagamentos das parcelas aos&hellip; <\/p>\n","protected":false},"author":1,"featured_media":124522,"comment_status":"closed","ping_status":"closed","sticky":false,"template":"","format":"standard","meta":{"_acf_changed":false,"footnotes":""},"categories":[44],"tags":[],"class_list":["post-198440","post","type-post","status-publish","format-standard","has-post-thumbnail","hentry","category-administracao"],"acf":[],"yoast_head":"<!-- This site is optimized with the Yoast SEO plugin v27.5 - https:\/\/yoast.com\/product\/yoast-seo-wordpress\/ -->\n<title>PREFEITURA DE PETROLINA CONVOCA FAM\u00cdLIAS INSCRITAS NO GARANTIA SAFRA PARA ATUALIZA\u00c7\u00c3O DE DADOS - Blog do Farn\u00e9sio<\/title>\n<meta name=\"robots\" content=\"index, follow, max-snippet:-1, max-image-preview:large, max-video-preview:-1\" \/>\n<link rel=\"canonical\" href=\"https:\/\/blogdofarnesio.com.br\/2018\/05\/prefeitura-de-petrolina-convoca-familias-inscritas-no-garantia-safra-para-atualizacao-de-dados\/\" \/>\n<meta property=\"og:locale\" content=\"pt_BR\" \/>\n<meta property=\"og:type\" content=\"article\" \/>\n<meta property=\"og:title\" content=\"PREFEITURA DE PETROLINA CONVOCA FAM\u00cdLIAS INSCRITAS NO GARANTIA SAFRA PARA ATUALIZA\u00c7\u00c3O DE DADOS - Blog do Farn\u00e9sio\" \/>\n<meta property=\"og:description\" content=\"A Prefeitura de Petrolina est\u00e1 convocando os benefici\u00e1rios do Programa Garantia-Safra 2016\/2017, que ainda n\u00e3o receberam o pagamento, para fazer a atualiza\u00e7\u00e3o de seus cadastros. Os benefici\u00e1rios devem comparecer \u00e0 sede da Secretaria de Desenvolvimento Econ\u00f4mico e Agr\u00e1rio, at\u00e9 o dia 30 de maio, das 7h \u00e0s 13h e das 15h \u00e0s 17h, munidos do cart\u00e3o cidad\u00e3o ou o cart\u00e3o do bolsa fam\u00edlia.\u00a0\u00a0A a\u00e7\u00e3o \u00e9 para que os dados sejam atualizados junto \u00e0 Coordena\u00e7\u00e3o Estadual e ao Minist\u00e9rio do Desenvolvimento Agr\u00e1rio (MDA), em Bras\u00edlia. De acordo com o diretor de Agricultura Familiar, Erisvaldo Lima, essa atualiza\u00e7\u00e3o \u00e9 necess\u00e1ria em virtude do conflito de dados no sistema do governo os quais necessitam ser atualizados para efetua\u00e7\u00e3o dos pagamentos das parcelas aos&hellip;\" \/>\n<meta property=\"og:url\" content=\"https:\/\/blogdofarnesio.com.br\/2018\/05\/prefeitura-de-petrolina-convoca-familias-inscritas-no-garantia-safra-para-atualizacao-de-dados\/\" \/>\n<meta property=\"og:site_name\" content=\"Blog do Farn\u00e9sio\" \/>\n<meta property=\"article:publisher\" content=\"https:\/\/www.facebook.com\/BlogQuerSaberPolitica\/\" \/>\n<meta property=\"article:published_time\" content=\"2018-05-22T18:40:45+00:00\" \/>\n<meta property=\"og:image\" content=\"https:\/\/blogdofarnesio.com.br\/wp-content\/uploads\/2015\/06\/blogqspprefeiturapet-Foto-Farn\u00e9sio-Silva2.jpg\" \/>\n\t<meta property=\"og:image:width\" content=\"448\" \/>\n\t<meta property=\"og:image:height\" content=\"247\" \/>\n\t<meta property=\"og:image:type\" content=\"image\/jpeg\" \/>\n<meta name=\"author\" content=\"Farn\u00e9sio\" \/>\n<meta name=\"twitter:card\" content=\"summary_large_image\" \/>\n<meta name=\"twitter:label1\" content=\"Escrito por\" \/>\n\t<meta name=\"twitter:data1\" content=\"Farn\u00e9sio\" \/>\n\t<meta name=\"twitter:label2\" content=\"Est. tempo de leitura\" \/>\n\t<meta name=\"twitter:data2\" content=\"2 minutos\" \/>\n<script type=\"application\/ld+json\" class=\"yoast-schema-graph\">{\"@context\":\"https:\\\/\\\/schema.org\",\"@graph\":[{\"@type\":\"Article\",\"@id\":\"https:\\\/\\\/blogdofarnesio.com.br\\\/2018\\\/05\\\/prefeitura-de-petrolina-convoca-familias-inscritas-no-garantia-safra-para-atualizacao-de-dados\\\/#article\",\"isPartOf\":{\"@id\":\"https:\\\/\\\/blogdofarnesio.com.br\\\/2018\\\/05\\\/prefeitura-de-petrolina-convoca-familias-inscritas-no-garantia-safra-para-atualizacao-de-dados\\\/\"},\"author\":{\"name\":\"Farn\u00e9sio\",\"@id\":\"https:\\\/\\\/blogdofarnesio.com.br\\\/#\\\/schema\\\/person\\\/301c4acf522bccbfdb45af95b5b906a1\"},\"headline\":\"PREFEITURA DE PETROLINA CONVOCA FAM\u00cdLIAS INSCRITAS NO GARANTIA SAFRA PARA ATUALIZA\u00c7\u00c3O DE DADOS\",\"datePublished\":\"2018-05-22T18:40:45+00:00\",\"mainEntityOfPage\":{\"@id\":\"https:\\\/\\\/blogdofarnesio.com.br\\\/2018\\\/05\\\/prefeitura-de-petrolina-convoca-familias-inscritas-no-garantia-safra-para-atualizacao-de-dados\\\/\"},\"wordCount\":366,\"publisher\":{\"@id\":\"https:\\\/\\\/blogdofarnesio.com.br\\\/#organization\"},\"image\":{\"@id\":\"https:\\\/\\\/blogdofarnesio.com.br\\\/2018\\\/05\\\/prefeitura-de-petrolina-convoca-familias-inscritas-no-garantia-safra-para-atualizacao-de-dados\\\/#primaryimage\"},\"thumbnailUrl\":\"https:\\\/\\\/blogdofarnesio.com.br\\\/wp-content\\\/uploads\\\/2015\\\/06\\\/blogqspprefeiturapet-Foto-Farn\u00e9sio-Silva2.jpg\",\"articleSection\":[\"Administra\u00e7\u00e3o\"],\"inLanguage\":\"pt-BR\"},{\"@type\":\"WebPage\",\"@id\":\"https:\\\/\\\/blogdofarnesio.com.br\\\/2018\\\/05\\\/prefeitura-de-petrolina-convoca-familias-inscritas-no-garantia-safra-para-atualizacao-de-dados\\\/\",\"url\":\"https:\\\/\\\/blogdofarnesio.com.br\\\/2018\\\/05\\\/prefeitura-de-petrolina-convoca-familias-inscritas-no-garantia-safra-para-atualizacao-de-dados\\\/\",\"name\":\"PREFEITURA DE PETROLINA CONVOCA FAM\u00cdLIAS INSCRITAS NO GARANTIA SAFRA PARA ATUALIZA\u00c7\u00c3O DE DADOS - Blog do Farn\u00e9sio\",\"isPartOf\":{\"@id\":\"https:\\\/\\\/blogdofarnesio.com.br\\\/#website\"},\"primaryImageOfPage\":{\"@id\":\"https:\\\/\\\/blogdofarnesio.com.br\\\/2018\\\/05\\\/prefeitura-de-petrolina-convoca-familias-inscritas-no-garantia-safra-para-atualizacao-de-dados\\\/#primaryimage\"},\"image\":{\"@id\":\"https:\\\/\\\/blogdofarnesio.com.br\\\/2018\\\/05\\\/prefeitura-de-petrolina-convoca-familias-inscritas-no-garantia-safra-para-atualizacao-de-dados\\\/#primaryimage\"},\"thumbnailUrl\":\"https:\\\/\\\/blogdofarnesio.com.br\\\/wp-content\\\/uploads\\\/2015\\\/06\\\/blogqspprefeiturapet-Foto-Farn\u00e9sio-Silva2.jpg\",\"datePublished\":\"2018-05-22T18:40:45+00:00\",\"breadcrumb\":{\"@id\":\"https:\\\/\\\/blogdofarnesio.com.br\\\/2018\\\/05\\\/prefeitura-de-petrolina-convoca-familias-inscritas-no-garantia-safra-para-atualizacao-de-dados\\\/#breadcrumb\"},\"inLanguage\":\"pt-BR\",\"potentialAction\":[{\"@type\":\"ReadAction\",\"target\":[\"https:\\\/\\\/blogdofarnesio.com.br\\\/2018\\\/05\\\/prefeitura-de-petrolina-convoca-familias-inscritas-no-garantia-safra-para-atualizacao-de-dados\\\/\"]}]},{\"@type\":\"ImageObject\",\"inLanguage\":\"pt-BR\",\"@id\":\"https:\\\/\\\/blogdofarnesio.com.br\\\/2018\\\/05\\\/prefeitura-de-petrolina-convoca-familias-inscritas-no-garantia-safra-para-atualizacao-de-dados\\\/#primaryimage\",\"url\":\"https:\\\/\\\/blogdofarnesio.com.br\\\/wp-content\\\/uploads\\\/2015\\\/06\\\/blogqspprefeiturapet-Foto-Farn\u00e9sio-Silva2.jpg\",\"contentUrl\":\"https:\\\/\\\/blogdofarnesio.com.br\\\/wp-content\\\/uploads\\\/2015\\\/06\\\/blogqspprefeiturapet-Foto-Farn\u00e9sio-Silva2.jpg\",\"width\":448,\"height\":247,\"caption\":\"Prefeitura de Petrolina PE Foto Farn\u00e9sio Silva\"},{\"@type\":\"BreadcrumbList\",\"@id\":\"https:\\\/\\\/blogdofarnesio.com.br\\\/2018\\\/05\\\/prefeitura-de-petrolina-convoca-familias-inscritas-no-garantia-safra-para-atualizacao-de-dados\\\/#breadcrumb\",\"itemListElement\":[{\"@type\":\"ListItem\",\"position\":1,\"name\":\"In\u00edcio\",\"item\":\"https:\\\/\\\/blogdofarnesio.com.br\\\/\"},{\"@type\":\"ListItem\",\"position\":2,\"name\":\"PREFEITURA DE PETROLINA CONVOCA FAM\u00cdLIAS INSCRITAS NO GARANTIA SAFRA PARA ATUALIZA\u00c7\u00c3O DE DADOS\"}]},{\"@type\":\"WebSite\",\"@id\":\"https:\\\/\\\/blogdofarnesio.com.br\\\/#website\",\"url\":\"https:\\\/\\\/blogdofarnesio.com.br\\\/\",\"name\":\"Blog do Farn\u00e9sio\",\"description\":\"Quer Saber Pol\u00edtica?\",\"publisher\":{\"@id\":\"https:\\\/\\\/blogdofarnesio.com.br\\\/#organization\"},\"potentialAction\":[{\"@type\":\"SearchAction\",\"target\":{\"@type\":\"EntryPoint\",\"urlTemplate\":\"https:\\\/\\\/blogdofarnesio.com.br\\\/?s={search_term_string}\"},\"query-input\":{\"@type\":\"PropertyValueSpecification\",\"valueRequired\":true,\"valueName\":\"search_term_string\"}}],\"inLanguage\":\"pt-BR\"},{\"@type\":\"Organization\",\"@id\":\"https:\\\/\\\/blogdofarnesio.com.br\\\/#organization\",\"name\":\"Blog do Farn\u00e9sio\",\"url\":\"https:\\\/\\\/blogdofarnesio.com.br\\\/\",\"logo\":{\"@type\":\"ImageObject\",\"inLanguage\":\"pt-BR\",\"@id\":\"https:\\\/\\\/blogdofarnesio.com.br\\\/#\\\/schema\\\/logo\\\/image\\\/\",\"url\":\"https:\\\/\\\/blogdofarnesio.com.br\\\/wp-content\\\/uploads\\\/2026\\\/03\\\/cropped-logo_new-1.png\",\"contentUrl\":\"https:\\\/\\\/blogdofarnesio.com.br\\\/wp-content\\\/uploads\\\/2026\\\/03\\\/cropped-logo_new-1.png\",\"width\":881,\"height\":685,\"caption\":\"Blog do Farn\u00e9sio\"},\"image\":{\"@id\":\"https:\\\/\\\/blogdofarnesio.com.br\\\/#\\\/schema\\\/logo\\\/image\\\/\"},\"sameAs\":[\"https:\\\/\\\/www.facebook.com\\\/BlogQuerSaberPolitica\\\/\"]},{\"@type\":\"Person\",\"@id\":\"https:\\\/\\\/blogdofarnesio.com.br\\\/#\\\/schema\\\/person\\\/301c4acf522bccbfdb45af95b5b906a1\",\"name\":\"Farn\u00e9sio\",\"image\":{\"@type\":\"ImageObject\",\"inLanguage\":\"pt-BR\",\"@id\":\"https:\\\/\\\/secure.gravatar.com\\\/avatar\\\/df0c9a14567c056f8ad6876ba5bbd1e3e2c48023eb6807342fc4663adf549f38?s=96&d=mm&r=g\",\"url\":\"https:\\\/\\\/secure.gravatar.com\\\/avatar\\\/df0c9a14567c056f8ad6876ba5bbd1e3e2c48023eb6807342fc4663adf549f38?s=96&d=mm&r=g\",\"contentUrl\":\"https:\\\/\\\/secure.gravatar.com\\\/avatar\\\/df0c9a14567c056f8ad6876ba5bbd1e3e2c48023eb6807342fc4663adf549f38?s=96&d=mm&r=g\",\"caption\":\"Farn\u00e9sio\"},\"sameAs\":[\"https:\\\/\\\/quersaberpolitica.com.br\"],\"url\":\"https:\\\/\\\/blogdofarnesio.com.br\\\/author\\\/farnesio\\\/\"}]}<\/script>\n<!-- \/ Yoast SEO plugin. -->","yoast_head_json":{"title":"PREFEITURA DE PETROLINA CONVOCA FAM\u00cdLIAS INSCRITAS NO GARANTIA SAFRA PARA ATUALIZA\u00c7\u00c3O DE DADOS - Blog do Farn\u00e9sio","robots":{"index":"index","follow":"follow","max-snippet":"max-snippet:-1","max-image-preview":"max-image-preview:large","max-video-preview":"max-video-preview:-1"},"canonical":"https:\/\/blogdofarnesio.com.br\/2018\/05\/prefeitura-de-petrolina-convoca-familias-inscritas-no-garantia-safra-para-atualizacao-de-dados\/","og_locale":"pt_BR","og_type":"article","og_title":"PREFEITURA DE PETROLINA CONVOCA FAM\u00cdLIAS INSCRITAS NO GARANTIA SAFRA PARA ATUALIZA\u00c7\u00c3O DE DADOS - Blog do Farn\u00e9sio","og_description":"A Prefeitura de Petrolina est\u00e1 convocando os benefici\u00e1rios do Programa Garantia-Safra 2016\/2017, que ainda n\u00e3o receberam o pagamento, para fazer a atualiza\u00e7\u00e3o de seus cadastros. Os benefici\u00e1rios devem comparecer \u00e0 sede da Secretaria de Desenvolvimento Econ\u00f4mico e Agr\u00e1rio, at\u00e9 o dia 30 de maio, das 7h \u00e0s 13h e das 15h \u00e0s 17h, munidos do cart\u00e3o cidad\u00e3o ou o cart\u00e3o do bolsa fam\u00edlia.\u00a0\u00a0A a\u00e7\u00e3o \u00e9 para que os dados sejam atualizados junto \u00e0 Coordena\u00e7\u00e3o Estadual e ao Minist\u00e9rio do Desenvolvimento Agr\u00e1rio (MDA), em Bras\u00edlia. De acordo com o diretor de Agricultura Familiar, Erisvaldo Lima, essa atualiza\u00e7\u00e3o \u00e9 necess\u00e1ria em virtude do conflito de dados no sistema do governo os quais necessitam ser atualizados para efetua\u00e7\u00e3o dos pagamentos das parcelas aos&hellip;","og_url":"https:\/\/blogdofarnesio.com.br\/2018\/05\/prefeitura-de-petrolina-convoca-familias-inscritas-no-garantia-safra-para-atualizacao-de-dados\/","og_site_name":"Blog do Farn\u00e9sio","article_publisher":"https:\/\/www.facebook.com\/BlogQuerSaberPolitica\/","article_published_time":"2018-05-22T18:40:45+00:00","og_image":[{"width":448,"height":247,"url":"https:\/\/blogdofarnesio.com.br\/wp-content\/uploads\/2015\/06\/blogqspprefeiturapet-Foto-Farn\u00e9sio-Silva2.jpg","type":"image\/jpeg"}],"author":"Farn\u00e9sio","twitter_card":"summary_large_image","twitter_misc":{"Escrito por":"Farn\u00e9sio","Est. tempo de leitura":"2 minutos"},"schema":{"@context":"https:\/\/schema.org","@graph":[{"@type":"Article","@id":"https:\/\/blogdofarnesio.com.br\/2018\/05\/prefeitura-de-petrolina-convoca-familias-inscritas-no-garantia-safra-para-atualizacao-de-dados\/#article","isPartOf":{"@id":"https:\/\/blogdofarnesio.com.br\/2018\/05\/prefeitura-de-petrolina-convoca-familias-inscritas-no-garantia-safra-para-atualizacao-de-dados\/"},"author":{"name":"Farn\u00e9sio","@id":"https:\/\/blogdofarnesio.com.br\/#\/schema\/person\/301c4acf522bccbfdb45af95b5b906a1"},"headline":"PREFEITURA DE PETROLINA CONVOCA FAM\u00cdLIAS INSCRITAS NO GARANTIA SAFRA PARA ATUALIZA\u00c7\u00c3O DE DADOS","datePublished":"2018-05-22T18:40:45+00:00","mainEntityOfPage":{"@id":"https:\/\/blogdofarnesio.com.br\/2018\/05\/prefeitura-de-petrolina-convoca-familias-inscritas-no-garantia-safra-para-atualizacao-de-dados\/"},"wordCount":366,"publisher":{"@id":"https:\/\/blogdofarnesio.com.br\/#organization"},"image":{"@id":"https:\/\/blogdofarnesio.com.br\/2018\/05\/prefeitura-de-petrolina-convoca-familias-inscritas-no-garantia-safra-para-atualizacao-de-dados\/#primaryimage"},"thumbnailUrl":"https:\/\/blogdofarnesio.com.br\/wp-content\/uploads\/2015\/06\/blogqspprefeiturapet-Foto-Farn\u00e9sio-Silva2.jpg","articleSection":["Administra\u00e7\u00e3o"],"inLanguage":"pt-BR"},{"@type":"WebPage","@id":"https:\/\/blogdofarnesio.com.br\/2018\/05\/prefeitura-de-petrolina-convoca-familias-inscritas-no-garantia-safra-para-atualizacao-de-dados\/","url":"https:\/\/blogdofarnesio.com.br\/2018\/05\/prefeitura-de-petrolina-convoca-familias-inscritas-no-garantia-safra-para-atualizacao-de-dados\/","name":"PREFEITURA DE PETROLINA CONVOCA FAM\u00cdLIAS INSCRITAS NO GARANTIA SAFRA PARA ATUALIZA\u00c7\u00c3O DE DADOS - Blog do Farn\u00e9sio","isPartOf":{"@id":"https:\/\/blogdofarnesio.com.br\/#website"},"primaryImageOfPage":{"@id":"https:\/\/blogdofarnesio.com.br\/2018\/05\/prefeitura-de-petrolina-convoca-familias-inscritas-no-garantia-safra-para-atualizacao-de-dados\/#primaryimage"},"image":{"@id":"https:\/\/blogdofarnesio.com.br\/2018\/05\/prefeitura-de-petrolina-convoca-familias-inscritas-no-garantia-safra-para-atualizacao-de-dados\/#primaryimage"},"thumbnailUrl":"https:\/\/blogdofarnesio.com.br\/wp-content\/uploads\/2015\/06\/blogqspprefeiturapet-Foto-Farn\u00e9sio-Silva2.jpg","datePublished":"2018-05-22T18:40:45+00:00","breadcrumb":{"@id":"https:\/\/blogdofarnesio.com.br\/2018\/05\/prefeitura-de-petrolina-convoca-familias-inscritas-no-garantia-safra-para-atualizacao-de-dados\/#breadcrumb"},"inLanguage":"pt-BR","potentialAction":[{"@type":"ReadAction","target":["https:\/\/blogdofarnesio.com.br\/2018\/05\/prefeitura-de-petrolina-convoca-familias-inscritas-no-garantia-safra-para-atualizacao-de-dados\/"]}]},{"@type":"ImageObject","inLanguage":"pt-BR","@id":"https:\/\/blogdofarnesio.com.br\/2018\/05\/prefeitura-de-petrolina-convoca-familias-inscritas-no-garantia-safra-para-atualizacao-de-dados\/#primaryimage","url":"https:\/\/blogdofarnesio.com.br\/wp-content\/uploads\/2015\/06\/blogqspprefeiturapet-Foto-Farn\u00e9sio-Silva2.jpg","contentUrl":"https:\/\/blogdofarnesio.com.br\/wp-content\/uploads\/2015\/06\/blogqspprefeiturapet-Foto-Farn\u00e9sio-Silva2.jpg","width":448,"height":247,"caption":"Prefeitura de Petrolina PE Foto Farn\u00e9sio Silva"},{"@type":"BreadcrumbList","@id":"https:\/\/blogdofarnesio.com.br\/2018\/05\/prefeitura-de-petrolina-convoca-familias-inscritas-no-garantia-safra-para-atualizacao-de-dados\/#breadcrumb","itemListElement":[{"@type":"ListItem","position":1,"name":"In\u00edcio","item":"https:\/\/blogdofarnesio.com.br\/"},{"@type":"ListItem","position":2,"name":"PREFEITURA DE PETROLINA CONVOCA FAM\u00cdLIAS INSCRITAS NO GARANTIA SAFRA PARA ATUALIZA\u00c7\u00c3O DE DADOS"}]},{"@type":"WebSite","@id":"https:\/\/blogdofarnesio.com.br\/#website","url":"https:\/\/blogdofarnesio.com.br\/","name":"Blog do Farn\u00e9sio","description":"Quer Saber Pol\u00edtica?","publisher":{"@id":"https:\/\/blogdofarnesio.com.br\/#organization"},"potentialAction":[{"@type":"SearchAction","target":{"@type":"EntryPoint","urlTemplate":"https:\/\/blogdofarnesio.com.br\/?s={search_term_string}"},"query-input":{"@type":"PropertyValueSpecification","valueRequired":true,"valueName":"search_term_string"}}],"inLanguage":"pt-BR"},{"@type":"Organization","@id":"https:\/\/blogdofarnesio.com.br\/#organization","name":"Blog do Farn\u00e9sio","url":"https:\/\/blogdofarnesio.com.br\/","logo":{"@type":"ImageObject","inLanguage":"pt-BR","@id":"https:\/\/blogdofarnesio.com.br\/#\/schema\/logo\/image\/","url":"https:\/\/blogdofarnesio.com.br\/wp-content\/uploads\/2026\/03\/cropped-logo_new-1.png","contentUrl":"https:\/\/blogdofarnesio.com.br\/wp-content\/uploads\/2026\/03\/cropped-logo_new-1.png","width":881,"height":685,"caption":"Blog do Farn\u00e9sio"},"image":{"@id":"https:\/\/blogdofarnesio.com.br\/#\/schema\/logo\/image\/"},"sameAs":["https:\/\/www.facebook.com\/BlogQuerSaberPolitica\/"]},{"@type":"Person","@id":"https:\/\/blogdofarnesio.com.br\/#\/schema\/person\/301c4acf522bccbfdb45af95b5b906a1","name":"Farn\u00e9sio","image":{"@type":"ImageObject","inLanguage":"pt-BR","@id":"https:\/\/secure.gravatar.com\/avatar\/df0c9a14567c056f8ad6876ba5bbd1e3e2c48023eb6807342fc4663adf549f38?s=96&d=mm&r=g","url":"https:\/\/secure.gravatar.com\/avatar\/df0c9a14567c056f8ad6876ba5bbd1e3e2c48023eb6807342fc4663adf549f38?s=96&d=mm&r=g","contentUrl":"https:\/\/secure.gravatar.com\/avatar\/df0c9a14567c056f8ad6876ba5bbd1e3e2c48023eb6807342fc4663adf549f38?s=96&d=mm&r=g","caption":"Farn\u00e9sio"},"sameAs":["https:\/\/quersaberpolitica.com.br"],"url":"https:\/\/blogdofarnesio.com.br\/author\/farnesio\/"}]}},"_links":{"self":[{"href":"https:\/\/blogdofarnesio.com.br\/wp-json\/wp\/v2\/posts\/198440","targetHints":{"allow":["GET"]}}],"collection":[{"href":"https:\/\/blogdofarnesio.com.br\/wp-json\/wp\/v2\/posts"}],"about":[{"href":"https:\/\/blogdofarnesio.com.br\/wp-json\/wp\/v2\/types\/post"}],"author":[{"embeddable":true,"href":"https:\/\/blogdofarnesio.com.br\/wp-json\/wp\/v2\/users\/1"}],"replies":[{"embeddable":true,"href":"https:\/\/blogdofarnesio.com.br\/wp-json\/wp\/v2\/comments?post=198440"}],"version-history":[{"count":0,"href":"https:\/\/blogdofarnesio.com.br\/wp-json\/wp\/v2\/posts\/198440\/revisions"}],"wp:featuredmedia":[{"embeddable":true,"href":"https:\/\/blogdofarnesio.com.br\/wp-json\/wp\/v2\/media\/124522"}],"wp:attachment":[{"href":"https:\/\/blogdofarnesio.com.br\/wp-json\/wp\/v2\/media?parent=198440"}],"wp:term":[{"taxonomy":"category","embeddable":true,"href":"https:\/\/blogdofarnesio.com.br\/wp-json\/wp\/v2\/categories?post=198440"},{"taxonomy":"post_tag","embeddable":true,"href":"https:\/\/blogdofarnesio.com.br\/wp-json\/wp\/v2\/tags?post=198440"}],"curies":[{"name":"wp","href":"https:\/\/api.w.org\/{rel}","templated":true}]}}