{"id":198437,"date":"2018-05-22T16:40:57","date_gmt":"2018-05-22T19:40:57","guid":{"rendered":"http:\/\/quersaberpolitica.com.br\/2016\/?p=198437"},"modified":"2018-05-22T15:21:32","modified_gmt":"2018-05-22T18:21:32","slug":"de-carroca-e-bicicletas-vereadores-de-juazeiro-protestam-contra-aumento-dos-combustiveis","status":"publish","type":"post","link":"https:\/\/blogdofarnesio.com.br\/?p=198437","title":{"rendered":"PROTESTO INUSITADO"},"content":{"rendered":"<div>\n<div><strong>DE CARRO\u00c7A E BICICLETAS VEREADORES DE JUAZEIRO PROTESTAM CONTRA AUMENTO DOS COMBUST\u00cdVEIS<\/strong><\/div>\n<div><\/div>\n<div style=\"text-align: justify;\">Os vereadores Jose\u00edlson Marcelino (PTB), An\u00edbal (PTC), Ben\u00e9 Marques (PSDB) e Doming\u00e3o da Alian\u00e7a (PRTB) foram \u00e0 C\u00e2mara de Juazeiro para a Sess\u00e3o Ordin\u00e1ria de ontem (21), de uma forma inusitada. Para protestar contra o aumento de combust\u00edvel na regi\u00e3o, os parlamentares chegaram de carro\u00e7a e bicicletas.<\/div>\n<div style=\"text-align: justify;\"><\/div>\n<div style=\"text-align: justify;\">O vereador, Joseilson Marcelino, foi o primeiro a comparecer \u00e0 Casa Apr\u00edgio Duarte em uma carro\u00e7a acompanhado de assessores e soltando fogos de artif\u00edcios. O parlamentar n\u00e3o poupou cr\u00edticas \u00e0 nova pol\u00edtica de reajustes de combust\u00edveis no Brasil.<\/div>\n<div style=\"text-align: justify;\"><\/div>\n<div style=\"text-align: justify;\">\u201cEm Lagoa Grande a gasolina \u00e9 mais barata que Juazeiro e Petrolina, em Casa Nova tamb\u00e9m, em Massaroca a mesma coisa. Ent\u00e3o, essa foi a forma que eu encontrei para sensibilizar a sociedade juazeirense, as autoridades, os vereadores para que a gente possa encabe\u00e7ar um movimento que baixe o pre\u00e7o do combust\u00edvel\u201d, disse Joseilson.<\/div>\n<div style=\"text-align: justify;\"><\/div>\n<div style=\"text-align: justify;\">\u201cPelo que estou vendo at\u00e9 chegar ao fim do ano vamos estar pagando 10 reais no litro. Vai ser o presente de Natal e Ano Novo que teremos. E n\u00e3o se explica tamb\u00e9m o aumento do \u00e1lcool. O \u00c1lcool faz parte do Petr\u00f3leo? Ele faz parte de outra fonte energ\u00e9tica. \u00c9 isso que se questiona\u201d, pontuou.<\/div>\n<div style=\"text-align: justify;\"><\/div>\n<div style=\"text-align: justify;\">Ben\u00e9 Marques que chegou de bicicleta disse: \u201cSe eu n\u00e3o fosse vereador, eu ia encostar meu carro. Na minha vis\u00e3o, o culpado maior \u00e9 a presid\u00eancia da rep\u00fablica, s\u00e3o os deputados federais, senadores, porque eles poderiam modificar isso. Ent\u00e3o, n\u00f3s temos que chamar a aten\u00e7\u00e3o e fazemos esse apelo. Juazeiro tem a gasolina mais cara, n\u00e3o tem concorr\u00eancia, praticamente \u00e9 um pre\u00e7o s\u00f3\u201d reclamou o vereador.<\/div>\n<div style=\"text-align: justify;\"><\/div>\n<div style=\"text-align: justify;\">An\u00edbal destacou que a C\u00e2mara est\u00e1 do mesmo lado do povo. \u201cEu me juntei aos colegas vereadores e acho importante essa manifesta\u00e7\u00e3o. N\u00f3s nos juntamos ao povo e estamos dizendo que n\u00e3o concordamos com esses aumentos do combust\u00edvel. O s vereadores est\u00e3o de parab\u00e9ns \u00e9 uma maneira da C\u00e2mara de chamar a aten\u00e7\u00e3o e dizer n\u00e3o a tanto aumento\u201d, salientou.<\/div>\n<div style=\"text-align: justify;\"><\/div>\n<div style=\"text-align: justify;\">O vereador Doming\u00e3o da Alian\u00e7a acompanhou o discurso dos colegas. \u201cEsse foi s\u00f3 o primeiro passo. N\u00f3s vamos convocar os demais vereadores para que entrem nessa luta e possamos reduzir esse pre\u00e7o absurdo dos combust\u00edveis\u201d, concluiu.<\/div>\n<\/div>\n<div style=\"text-align: justify;\"><\/div>\n<div class=\"m_4333228043527618065ydp15299744signature\">\n<div style=\"text-align: justify;\"><span class=\"m_4333228043527618065ydp15299744Apple-style-span\">Eudes Sampaio<\/span><\/div>\n<\/div>\n","protected":false},"excerpt":{"rendered":"<p>DE CARRO\u00c7A E BICICLETAS VEREADORES DE JUAZEIRO PROTESTAM CONTRA AUMENTO DOS COMBUST\u00cdVEIS Os vereadores Jose\u00edlson Marcelino (PTB), An\u00edbal (PTC), Ben\u00e9 Marques (PSDB) e Doming\u00e3o da Alian\u00e7a (PRTB) foram \u00e0 C\u00e2mara de Juazeiro para a Sess\u00e3o Ordin\u00e1ria de ontem (21), de uma forma inusitada. Para protestar contra o aumento de combust\u00edvel na regi\u00e3o, os parlamentares chegaram de carro\u00e7a e bicicletas. O vereador, Joseilson Marcelino, foi o primeiro a comparecer \u00e0 Casa Apr\u00edgio Duarte em uma carro\u00e7a acompanhado de assessores e soltando fogos de artif\u00edcios. O parlamentar n\u00e3o poupou cr\u00edticas \u00e0 nova pol\u00edtica de reajustes de combust\u00edveis no Brasil. \u201cEm Lagoa Grande a gasolina \u00e9 mais barata que Juazeiro e Petrolina, em Casa Nova tamb\u00e9m, em Massaroca a mesma coisa. Ent\u00e3o, essa&hellip; <\/p>\n","protected":false},"author":1,"featured_media":198438,"comment_status":"closed","ping_status":"closed","sticky":false,"template":"","format":"standard","meta":{"_acf_changed":false,"footnotes":""},"categories":[61,1],"tags":[],"class_list":["post-198437","post","type-post","status-publish","format-standard","has-post-thumbnail","hentry","category-manifestacao","category-politica"],"acf":[],"yoast_head":"<!-- This site is optimized with the Yoast SEO plugin v27.4 - https:\/\/yoast.com\/product\/yoast-seo-wordpress\/ -->\n<title>PROTESTO INUSITADO - Blog do Farn\u00e9sio<\/title>\n<meta name=\"robots\" content=\"index, follow, max-snippet:-1, max-image-preview:large, max-video-preview:-1\" \/>\n<link rel=\"canonical\" href=\"https:\/\/blogdofarnesio.com.br\/?p=198437\" \/>\n<meta property=\"og:locale\" content=\"pt_BR\" \/>\n<meta property=\"og:type\" content=\"article\" \/>\n<meta property=\"og:title\" content=\"PROTESTO INUSITADO - Blog do Farn\u00e9sio\" \/>\n<meta property=\"og:description\" content=\"DE CARRO\u00c7A E BICICLETAS VEREADORES DE JUAZEIRO PROTESTAM CONTRA AUMENTO DOS COMBUST\u00cdVEIS Os vereadores Jose\u00edlson Marcelino (PTB), An\u00edbal (PTC), Ben\u00e9 Marques (PSDB) e Doming\u00e3o da Alian\u00e7a (PRTB) foram \u00e0 C\u00e2mara de Juazeiro para a Sess\u00e3o Ordin\u00e1ria de ontem (21), de uma forma inusitada. Para protestar contra o aumento de combust\u00edvel na regi\u00e3o, os parlamentares chegaram de carro\u00e7a e bicicletas. O vereador, Joseilson Marcelino, foi o primeiro a comparecer \u00e0 Casa Apr\u00edgio Duarte em uma carro\u00e7a acompanhado de assessores e soltando fogos de artif\u00edcios. O parlamentar n\u00e3o poupou cr\u00edticas \u00e0 nova pol\u00edtica de reajustes de combust\u00edveis no Brasil. \u201cEm Lagoa Grande a gasolina \u00e9 mais barata que Juazeiro e Petrolina, em Casa Nova tamb\u00e9m, em Massaroca a mesma coisa. Ent\u00e3o, essa&hellip;\" \/>\n<meta property=\"og:url\" content=\"https:\/\/blogdofarnesio.com.br\/?p=198437\" \/>\n<meta property=\"og:site_name\" content=\"Blog do Farn\u00e9sio\" \/>\n<meta property=\"article:publisher\" content=\"https:\/\/www.facebook.com\/BlogQuerSaberPolitica\/\" \/>\n<meta property=\"article:published_time\" content=\"2018-05-22T19:40:57+00:00\" \/>\n<meta property=\"og:image\" content=\"https:\/\/blogdofarnesio.com.br\/wp-content\/uploads\/2018\/05\/blogqsp-vereadores-juazeiro-carro\u00e7a.jpg\" \/>\n\t<meta property=\"og:image:width\" content=\"640\" \/>\n\t<meta property=\"og:image:height\" content=\"427\" \/>\n\t<meta property=\"og:image:type\" content=\"image\/jpeg\" \/>\n<meta name=\"author\" content=\"Farn\u00e9sio\" \/>\n<meta name=\"twitter:card\" content=\"summary_large_image\" \/>\n<meta name=\"twitter:label1\" content=\"Escrito por\" \/>\n\t<meta name=\"twitter:data1\" content=\"Farn\u00e9sio\" \/>\n\t<meta name=\"twitter:label2\" content=\"Est. tempo de leitura\" \/>\n\t<meta name=\"twitter:data2\" content=\"2 minutos\" \/>\n<script type=\"application\/ld+json\" class=\"yoast-schema-graph\">{\"@context\":\"https:\\\/\\\/schema.org\",\"@graph\":[{\"@type\":\"Article\",\"@id\":\"https:\\\/\\\/blogdofarnesio.com.br\\\/?p=198437#article\",\"isPartOf\":{\"@id\":\"https:\\\/\\\/blogdofarnesio.com.br\\\/?p=198437\"},\"author\":{\"name\":\"Farn\u00e9sio\",\"@id\":\"https:\\\/\\\/blogdofarnesio.com.br\\\/#\\\/schema\\\/person\\\/301c4acf522bccbfdb45af95b5b906a1\"},\"headline\":\"PROTESTO INUSITADO\",\"datePublished\":\"2018-05-22T19:40:57+00:00\",\"mainEntityOfPage\":{\"@id\":\"https:\\\/\\\/blogdofarnesio.com.br\\\/?p=198437\"},\"wordCount\":418,\"publisher\":{\"@id\":\"https:\\\/\\\/blogdofarnesio.com.br\\\/#organization\"},\"image\":{\"@id\":\"https:\\\/\\\/blogdofarnesio.com.br\\\/?p=198437#primaryimage\"},\"thumbnailUrl\":\"https:\\\/\\\/blogdofarnesio.com.br\\\/wp-content\\\/uploads\\\/2018\\\/05\\\/blogqsp-vereadores-juazeiro-carro\u00e7a.jpg\",\"articleSection\":[\"Manifesta\u00e7\u00e3o\",\"Pol\u00edtica\"],\"inLanguage\":\"pt-BR\"},{\"@type\":\"WebPage\",\"@id\":\"https:\\\/\\\/blogdofarnesio.com.br\\\/?p=198437\",\"url\":\"https:\\\/\\\/blogdofarnesio.com.br\\\/?p=198437\",\"name\":\"PROTESTO INUSITADO - Blog do Farn\u00e9sio\",\"isPartOf\":{\"@id\":\"https:\\\/\\\/blogdofarnesio.com.br\\\/#website\"},\"primaryImageOfPage\":{\"@id\":\"https:\\\/\\\/blogdofarnesio.com.br\\\/?p=198437#primaryimage\"},\"image\":{\"@id\":\"https:\\\/\\\/blogdofarnesio.com.br\\\/?p=198437#primaryimage\"},\"thumbnailUrl\":\"https:\\\/\\\/blogdofarnesio.com.br\\\/wp-content\\\/uploads\\\/2018\\\/05\\\/blogqsp-vereadores-juazeiro-carro\u00e7a.jpg\",\"datePublished\":\"2018-05-22T19:40:57+00:00\",\"breadcrumb\":{\"@id\":\"https:\\\/\\\/blogdofarnesio.com.br\\\/?p=198437#breadcrumb\"},\"inLanguage\":\"pt-BR\",\"potentialAction\":[{\"@type\":\"ReadAction\",\"target\":[\"https:\\\/\\\/blogdofarnesio.com.br\\\/?p=198437\"]}]},{\"@type\":\"ImageObject\",\"inLanguage\":\"pt-BR\",\"@id\":\"https:\\\/\\\/blogdofarnesio.com.br\\\/?p=198437#primaryimage\",\"url\":\"https:\\\/\\\/blogdofarnesio.com.br\\\/wp-content\\\/uploads\\\/2018\\\/05\\\/blogqsp-vereadores-juazeiro-carro\u00e7a.jpg\",\"contentUrl\":\"https:\\\/\\\/blogdofarnesio.com.br\\\/wp-content\\\/uploads\\\/2018\\\/05\\\/blogqsp-vereadores-juazeiro-carro\u00e7a.jpg\",\"width\":640,\"height\":427},{\"@type\":\"BreadcrumbList\",\"@id\":\"https:\\\/\\\/blogdofarnesio.com.br\\\/?p=198437#breadcrumb\",\"itemListElement\":[{\"@type\":\"ListItem\",\"position\":1,\"name\":\"In\u00edcio\",\"item\":\"https:\\\/\\\/blogdofarnesio.com.br\\\/\"},{\"@type\":\"ListItem\",\"position\":2,\"name\":\"PROTESTO INUSITADO\"}]},{\"@type\":\"WebSite\",\"@id\":\"https:\\\/\\\/blogdofarnesio.com.br\\\/#website\",\"url\":\"https:\\\/\\\/blogdofarnesio.com.br\\\/\",\"name\":\"Blog do Farn\u00e9sio\",\"description\":\"Quer Saber Pol\u00edtica?\",\"publisher\":{\"@id\":\"https:\\\/\\\/blogdofarnesio.com.br\\\/#organization\"},\"potentialAction\":[{\"@type\":\"SearchAction\",\"target\":{\"@type\":\"EntryPoint\",\"urlTemplate\":\"https:\\\/\\\/blogdofarnesio.com.br\\\/?s={search_term_string}\"},\"query-input\":{\"@type\":\"PropertyValueSpecification\",\"valueRequired\":true,\"valueName\":\"search_term_string\"}}],\"inLanguage\":\"pt-BR\"},{\"@type\":\"Organization\",\"@id\":\"https:\\\/\\\/blogdofarnesio.com.br\\\/#organization\",\"name\":\"Blog do Farn\u00e9sio\",\"url\":\"https:\\\/\\\/blogdofarnesio.com.br\\\/\",\"logo\":{\"@type\":\"ImageObject\",\"inLanguage\":\"pt-BR\",\"@id\":\"https:\\\/\\\/blogdofarnesio.com.br\\\/#\\\/schema\\\/logo\\\/image\\\/\",\"url\":\"https:\\\/\\\/blogdofarnesio.com.br\\\/wp-content\\\/uploads\\\/2026\\\/03\\\/cropped-logo_new-1.png\",\"contentUrl\":\"https:\\\/\\\/blogdofarnesio.com.br\\\/wp-content\\\/uploads\\\/2026\\\/03\\\/cropped-logo_new-1.png\",\"width\":881,\"height\":685,\"caption\":\"Blog do Farn\u00e9sio\"},\"image\":{\"@id\":\"https:\\\/\\\/blogdofarnesio.com.br\\\/#\\\/schema\\\/logo\\\/image\\\/\"},\"sameAs\":[\"https:\\\/\\\/www.facebook.com\\\/BlogQuerSaberPolitica\\\/\"]},{\"@type\":\"Person\",\"@id\":\"https:\\\/\\\/blogdofarnesio.com.br\\\/#\\\/schema\\\/person\\\/301c4acf522bccbfdb45af95b5b906a1\",\"name\":\"Farn\u00e9sio\",\"image\":{\"@type\":\"ImageObject\",\"inLanguage\":\"pt-BR\",\"@id\":\"https:\\\/\\\/secure.gravatar.com\\\/avatar\\\/df0c9a14567c056f8ad6876ba5bbd1e3e2c48023eb6807342fc4663adf549f38?s=96&d=mm&r=g\",\"url\":\"https:\\\/\\\/secure.gravatar.com\\\/avatar\\\/df0c9a14567c056f8ad6876ba5bbd1e3e2c48023eb6807342fc4663adf549f38?s=96&d=mm&r=g\",\"contentUrl\":\"https:\\\/\\\/secure.gravatar.com\\\/avatar\\\/df0c9a14567c056f8ad6876ba5bbd1e3e2c48023eb6807342fc4663adf549f38?s=96&d=mm&r=g\",\"caption\":\"Farn\u00e9sio\"},\"sameAs\":[\"https:\\\/\\\/quersaberpolitica.com.br\"],\"url\":\"https:\\\/\\\/blogdofarnesio.com.br\\\/?author=1\"}]}<\/script>\n<!-- \/ Yoast SEO plugin. -->","yoast_head_json":{"title":"PROTESTO INUSITADO - Blog do Farn\u00e9sio","robots":{"index":"index","follow":"follow","max-snippet":"max-snippet:-1","max-image-preview":"max-image-preview:large","max-video-preview":"max-video-preview:-1"},"canonical":"https:\/\/blogdofarnesio.com.br\/?p=198437","og_locale":"pt_BR","og_type":"article","og_title":"PROTESTO INUSITADO - Blog do Farn\u00e9sio","og_description":"DE CARRO\u00c7A E BICICLETAS VEREADORES DE JUAZEIRO PROTESTAM CONTRA AUMENTO DOS COMBUST\u00cdVEIS Os vereadores Jose\u00edlson Marcelino (PTB), An\u00edbal (PTC), Ben\u00e9 Marques (PSDB) e Doming\u00e3o da Alian\u00e7a (PRTB) foram \u00e0 C\u00e2mara de Juazeiro para a Sess\u00e3o Ordin\u00e1ria de ontem (21), de uma forma inusitada. Para protestar contra o aumento de combust\u00edvel na regi\u00e3o, os parlamentares chegaram de carro\u00e7a e bicicletas. O vereador, Joseilson Marcelino, foi o primeiro a comparecer \u00e0 Casa Apr\u00edgio Duarte em uma carro\u00e7a acompanhado de assessores e soltando fogos de artif\u00edcios. O parlamentar n\u00e3o poupou cr\u00edticas \u00e0 nova pol\u00edtica de reajustes de combust\u00edveis no Brasil. \u201cEm Lagoa Grande a gasolina \u00e9 mais barata que Juazeiro e Petrolina, em Casa Nova tamb\u00e9m, em Massaroca a mesma coisa. Ent\u00e3o, essa&hellip;","og_url":"https:\/\/blogdofarnesio.com.br\/?p=198437","og_site_name":"Blog do Farn\u00e9sio","article_publisher":"https:\/\/www.facebook.com\/BlogQuerSaberPolitica\/","article_published_time":"2018-05-22T19:40:57+00:00","og_image":[{"width":640,"height":427,"url":"https:\/\/blogdofarnesio.com.br\/wp-content\/uploads\/2018\/05\/blogqsp-vereadores-juazeiro-carro\u00e7a.jpg","type":"image\/jpeg"}],"author":"Farn\u00e9sio","twitter_card":"summary_large_image","twitter_misc":{"Escrito por":"Farn\u00e9sio","Est. tempo de leitura":"2 minutos"},"schema":{"@context":"https:\/\/schema.org","@graph":[{"@type":"Article","@id":"https:\/\/blogdofarnesio.com.br\/?p=198437#article","isPartOf":{"@id":"https:\/\/blogdofarnesio.com.br\/?p=198437"},"author":{"name":"Farn\u00e9sio","@id":"https:\/\/blogdofarnesio.com.br\/#\/schema\/person\/301c4acf522bccbfdb45af95b5b906a1"},"headline":"PROTESTO INUSITADO","datePublished":"2018-05-22T19:40:57+00:00","mainEntityOfPage":{"@id":"https:\/\/blogdofarnesio.com.br\/?p=198437"},"wordCount":418,"publisher":{"@id":"https:\/\/blogdofarnesio.com.br\/#organization"},"image":{"@id":"https:\/\/blogdofarnesio.com.br\/?p=198437#primaryimage"},"thumbnailUrl":"https:\/\/blogdofarnesio.com.br\/wp-content\/uploads\/2018\/05\/blogqsp-vereadores-juazeiro-carro\u00e7a.jpg","articleSection":["Manifesta\u00e7\u00e3o","Pol\u00edtica"],"inLanguage":"pt-BR"},{"@type":"WebPage","@id":"https:\/\/blogdofarnesio.com.br\/?p=198437","url":"https:\/\/blogdofarnesio.com.br\/?p=198437","name":"PROTESTO INUSITADO - Blog do Farn\u00e9sio","isPartOf":{"@id":"https:\/\/blogdofarnesio.com.br\/#website"},"primaryImageOfPage":{"@id":"https:\/\/blogdofarnesio.com.br\/?p=198437#primaryimage"},"image":{"@id":"https:\/\/blogdofarnesio.com.br\/?p=198437#primaryimage"},"thumbnailUrl":"https:\/\/blogdofarnesio.com.br\/wp-content\/uploads\/2018\/05\/blogqsp-vereadores-juazeiro-carro\u00e7a.jpg","datePublished":"2018-05-22T19:40:57+00:00","breadcrumb":{"@id":"https:\/\/blogdofarnesio.com.br\/?p=198437#breadcrumb"},"inLanguage":"pt-BR","potentialAction":[{"@type":"ReadAction","target":["https:\/\/blogdofarnesio.com.br\/?p=198437"]}]},{"@type":"ImageObject","inLanguage":"pt-BR","@id":"https:\/\/blogdofarnesio.com.br\/?p=198437#primaryimage","url":"https:\/\/blogdofarnesio.com.br\/wp-content\/uploads\/2018\/05\/blogqsp-vereadores-juazeiro-carro\u00e7a.jpg","contentUrl":"https:\/\/blogdofarnesio.com.br\/wp-content\/uploads\/2018\/05\/blogqsp-vereadores-juazeiro-carro\u00e7a.jpg","width":640,"height":427},{"@type":"BreadcrumbList","@id":"https:\/\/blogdofarnesio.com.br\/?p=198437#breadcrumb","itemListElement":[{"@type":"ListItem","position":1,"name":"In\u00edcio","item":"https:\/\/blogdofarnesio.com.br\/"},{"@type":"ListItem","position":2,"name":"PROTESTO INUSITADO"}]},{"@type":"WebSite","@id":"https:\/\/blogdofarnesio.com.br\/#website","url":"https:\/\/blogdofarnesio.com.br\/","name":"Blog do Farn\u00e9sio","description":"Quer Saber Pol\u00edtica?","publisher":{"@id":"https:\/\/blogdofarnesio.com.br\/#organization"},"potentialAction":[{"@type":"SearchAction","target":{"@type":"EntryPoint","urlTemplate":"https:\/\/blogdofarnesio.com.br\/?s={search_term_string}"},"query-input":{"@type":"PropertyValueSpecification","valueRequired":true,"valueName":"search_term_string"}}],"inLanguage":"pt-BR"},{"@type":"Organization","@id":"https:\/\/blogdofarnesio.com.br\/#organization","name":"Blog do Farn\u00e9sio","url":"https:\/\/blogdofarnesio.com.br\/","logo":{"@type":"ImageObject","inLanguage":"pt-BR","@id":"https:\/\/blogdofarnesio.com.br\/#\/schema\/logo\/image\/","url":"https:\/\/blogdofarnesio.com.br\/wp-content\/uploads\/2026\/03\/cropped-logo_new-1.png","contentUrl":"https:\/\/blogdofarnesio.com.br\/wp-content\/uploads\/2026\/03\/cropped-logo_new-1.png","width":881,"height":685,"caption":"Blog do Farn\u00e9sio"},"image":{"@id":"https:\/\/blogdofarnesio.com.br\/#\/schema\/logo\/image\/"},"sameAs":["https:\/\/www.facebook.com\/BlogQuerSaberPolitica\/"]},{"@type":"Person","@id":"https:\/\/blogdofarnesio.com.br\/#\/schema\/person\/301c4acf522bccbfdb45af95b5b906a1","name":"Farn\u00e9sio","image":{"@type":"ImageObject","inLanguage":"pt-BR","@id":"https:\/\/secure.gravatar.com\/avatar\/df0c9a14567c056f8ad6876ba5bbd1e3e2c48023eb6807342fc4663adf549f38?s=96&d=mm&r=g","url":"https:\/\/secure.gravatar.com\/avatar\/df0c9a14567c056f8ad6876ba5bbd1e3e2c48023eb6807342fc4663adf549f38?s=96&d=mm&r=g","contentUrl":"https:\/\/secure.gravatar.com\/avatar\/df0c9a14567c056f8ad6876ba5bbd1e3e2c48023eb6807342fc4663adf549f38?s=96&d=mm&r=g","caption":"Farn\u00e9sio"},"sameAs":["https:\/\/quersaberpolitica.com.br"],"url":"https:\/\/blogdofarnesio.com.br\/?author=1"}]}},"_links":{"self":[{"href":"https:\/\/blogdofarnesio.com.br\/index.php?rest_route=\/wp\/v2\/posts\/198437","targetHints":{"allow":["GET"]}}],"collection":[{"href":"https:\/\/blogdofarnesio.com.br\/index.php?rest_route=\/wp\/v2\/posts"}],"about":[{"href":"https:\/\/blogdofarnesio.com.br\/index.php?rest_route=\/wp\/v2\/types\/post"}],"author":[{"embeddable":true,"href":"https:\/\/blogdofarnesio.com.br\/index.php?rest_route=\/wp\/v2\/users\/1"}],"replies":[{"embeddable":true,"href":"https:\/\/blogdofarnesio.com.br\/index.php?rest_route=%2Fwp%2Fv2%2Fcomments&post=198437"}],"version-history":[{"count":0,"href":"https:\/\/blogdofarnesio.com.br\/index.php?rest_route=\/wp\/v2\/posts\/198437\/revisions"}],"wp:featuredmedia":[{"embeddable":true,"href":"https:\/\/blogdofarnesio.com.br\/index.php?rest_route=\/wp\/v2\/media\/198438"}],"wp:attachment":[{"href":"https:\/\/blogdofarnesio.com.br\/index.php?rest_route=%2Fwp%2Fv2%2Fmedia&parent=198437"}],"wp:term":[{"taxonomy":"category","embeddable":true,"href":"https:\/\/blogdofarnesio.com.br\/index.php?rest_route=%2Fwp%2Fv2%2Fcategories&post=198437"},{"taxonomy":"post_tag","embeddable":true,"href":"https:\/\/blogdofarnesio.com.br\/index.php?rest_route=%2Fwp%2Fv2%2Ftags&post=198437"}],"curies":[{"name":"wp","href":"https:\/\/api.w.org\/{rel}","templated":true}]}}