{"id":197365,"date":"2018-05-11T09:42:08","date_gmt":"2018-05-11T12:42:08","guid":{"rendered":"http:\/\/quersaberpolitica.com.br\/2016\/?p=197365"},"modified":"2018-05-11T10:54:05","modified_gmt":"2018-05-11T13:54:05","slug":"secretaria-participa-do-lancamento-de-campanha-estadual-contra-exploracao-sexual-e-trabalho-infantil","status":"publish","type":"post","link":"https:\/\/blogdofarnesio.com.br\/2018\/05\/secretaria-participa-do-lancamento-de-campanha-estadual-contra-exploracao-sexual-e-trabalho-infantil\/","title":{"rendered":"SECRET\u00c1RIA PARTICIPA DO LAN\u00c7AMENTO DE CAMPANHA ESTADUAL CONTRA EXPLORA\u00c7\u00c3O SEXUAL E TRABALHO INFANTIL"},"content":{"rendered":"<p style=\"text-align: justify;\">A secret\u00e1ria de Desenvolvimento Social, Mulher e Diversidade Cida Gama, participou nesta quinta-feira (10) em Salvador, do lan\u00e7amento da campanha \u2018A Explora\u00e7\u00e3o Sexual e o Trabalho Infantil n\u00e3o aparecem como esta propaganda\u2019. O evento foi realizado no teatro da Universidade do Estado da Bahia (UNEB) atrav\u00e9s da Secretaria Estadual de Justi\u00e7a, Direitos Humanos e Desenvolvimento Social (SJDHDS).<\/p>\n<p style=\"text-align: justify;\">Segundo os organizadores, o objetivo da campanha \u00e9 refor\u00e7ar o combate a diferentes formas de viola\u00e7\u00f5es que crian\u00e7as e adolescentes s\u00e3o submetidas cotidianamente. As pe\u00e7as publicit\u00e1rias lan\u00e7adas hoje s\u00e3o marcadas por tons fortes e buscam alertar a popula\u00e7\u00e3o para a necessidade de denunciar os crimes.<\/p>\n<p><img loading=\"lazy\" decoding=\"async\" class=\"alignleft wp-image-197366\" src=\"http:\/\/quersaberpolitica.com.br\/2016\/wp-content\/uploads\/2018\/05\/blogqsp-Lan\u00e7amento-Campanha-Expl-Infan-1.jpeg\" alt=\"\" width=\"326\" height=\"260\" srcset=\"https:\/\/blogdofarnesio.com.br\/wp-content\/uploads\/2018\/05\/blogqsp-Lan\u00e7amento-Campanha-Expl-Infan-1.jpeg 601w, https:\/\/blogdofarnesio.com.br\/wp-content\/uploads\/2018\/05\/blogqsp-Lan\u00e7amento-Campanha-Expl-Infan-1-300x240.jpeg 300w, https:\/\/blogdofarnesio.com.br\/wp-content\/uploads\/2018\/05\/blogqsp-Lan\u00e7amento-Campanha-Expl-Infan-1-360x288.jpeg 360w\" sizes=\"auto, (max-width: 326px) 100vw, 326px\" \/><\/p>\n<p style=\"text-align: justify;\">Todo o material est\u00e1 articulado com a marca \u2018Fique de Olho!\u2019, que foi criada com a inten\u00e7\u00e3o de fortalecer a rede de prote\u00e7\u00e3o a crian\u00e7as e adolescentes diante de viol\u00eancia sexual e trabalho infantil.<\/p>\n<p style=\"text-align: justify;\">\u201cEste m\u00eas tamb\u00e9m estamos vivenciando a campanha \u2018Fa\u00e7a Bonito\u2019 que combate o abuso e a explora\u00e7\u00e3o sexual de crian\u00e7as e adolescentes e nossa ideia \u00e9 fortalecer essa luta. \u00c9 essencial que possamos participar de eventos como este onde \u00e9 poss\u00edvel alinhar com o Estado nossas pol\u00edticas de prote\u00e7\u00e3o \u00e0s crian\u00e7as e adolescentes\u201d, destacou a secret\u00e1ria Cida Gama.<\/p>\n<p style=\"text-align: justify;\">Tamb\u00e9m estiveram presentes ao evento o secret\u00e1rio de Justi\u00e7a, Direitos Humanos e Desenvolvimento Social Cezar Lisboa, a secret\u00e1ria de Pol\u00edticas para Mulheres Julieta Palmeiras e o deputado Eduardo Salles.<\/p>\n<p>Por Fabiana Diniz\/<strong>SEDES<\/strong><\/p>\n","protected":false},"excerpt":{"rendered":"<p>A secret\u00e1ria de Desenvolvimento Social, Mulher e Diversidade Cida Gama, participou nesta quinta-feira (10) em Salvador, do lan\u00e7amento da campanha \u2018A Explora\u00e7\u00e3o Sexual e o Trabalho Infantil n\u00e3o aparecem como esta propaganda\u2019. O evento foi realizado no teatro da Universidade do Estado da Bahia (UNEB) atrav\u00e9s da Secretaria Estadual de Justi\u00e7a, Direitos Humanos e Desenvolvimento Social (SJDHDS). Segundo os organizadores, o objetivo da campanha \u00e9 refor\u00e7ar o combate a diferentes formas de viola\u00e7\u00f5es que crian\u00e7as e adolescentes s\u00e3o submetidas cotidianamente. As pe\u00e7as publicit\u00e1rias lan\u00e7adas hoje s\u00e3o marcadas por tons fortes e buscam alertar a popula\u00e7\u00e3o para a necessidade de denunciar os crimes. Todo o material est\u00e1 articulado com a marca \u2018Fique de Olho!\u2019, que foi criada com a inten\u00e7\u00e3o de&hellip; <\/p>\n","protected":false},"author":1,"featured_media":197380,"comment_status":"closed","ping_status":"closed","sticky":false,"template":"","format":"standard","meta":{"_acf_changed":false,"footnotes":""},"categories":[22],"tags":[],"class_list":["post-197365","post","type-post","status-publish","format-standard","has-post-thumbnail","hentry","category-acao-social"],"acf":[],"yoast_head":"<!-- This site is optimized with the Yoast SEO plugin v27.5 - https:\/\/yoast.com\/product\/yoast-seo-wordpress\/ -->\n<title>SECRET\u00c1RIA PARTICIPA DO LAN\u00c7AMENTO DE CAMPANHA ESTADUAL CONTRA EXPLORA\u00c7\u00c3O SEXUAL E TRABALHO INFANTIL - Blog do Farn\u00e9sio<\/title>\n<meta name=\"robots\" content=\"index, follow, max-snippet:-1, max-image-preview:large, max-video-preview:-1\" \/>\n<link rel=\"canonical\" href=\"https:\/\/blogdofarnesio.com.br\/2018\/05\/secretaria-participa-do-lancamento-de-campanha-estadual-contra-exploracao-sexual-e-trabalho-infantil\/\" \/>\n<meta property=\"og:locale\" content=\"pt_BR\" \/>\n<meta property=\"og:type\" content=\"article\" \/>\n<meta property=\"og:title\" content=\"SECRET\u00c1RIA PARTICIPA DO LAN\u00c7AMENTO DE CAMPANHA ESTADUAL CONTRA EXPLORA\u00c7\u00c3O SEXUAL E TRABALHO INFANTIL - Blog do Farn\u00e9sio\" \/>\n<meta property=\"og:description\" content=\"A secret\u00e1ria de Desenvolvimento Social, Mulher e Diversidade Cida Gama, participou nesta quinta-feira (10) em Salvador, do lan\u00e7amento da campanha \u2018A Explora\u00e7\u00e3o Sexual e o Trabalho Infantil n\u00e3o aparecem como esta propaganda\u2019. O evento foi realizado no teatro da Universidade do Estado da Bahia (UNEB) atrav\u00e9s da Secretaria Estadual de Justi\u00e7a, Direitos Humanos e Desenvolvimento Social (SJDHDS). Segundo os organizadores, o objetivo da campanha \u00e9 refor\u00e7ar o combate a diferentes formas de viola\u00e7\u00f5es que crian\u00e7as e adolescentes s\u00e3o submetidas cotidianamente. As pe\u00e7as publicit\u00e1rias lan\u00e7adas hoje s\u00e3o marcadas por tons fortes e buscam alertar a popula\u00e7\u00e3o para a necessidade de denunciar os crimes. Todo o material est\u00e1 articulado com a marca \u2018Fique de Olho!\u2019, que foi criada com a inten\u00e7\u00e3o de&hellip;\" \/>\n<meta property=\"og:url\" content=\"https:\/\/blogdofarnesio.com.br\/2018\/05\/secretaria-participa-do-lancamento-de-campanha-estadual-contra-exploracao-sexual-e-trabalho-infantil\/\" \/>\n<meta property=\"og:site_name\" content=\"Blog do Farn\u00e9sio\" \/>\n<meta property=\"article:publisher\" content=\"https:\/\/www.facebook.com\/BlogQuerSaberPolitica\/\" \/>\n<meta property=\"article:published_time\" content=\"2018-05-11T12:42:08+00:00\" \/>\n<meta property=\"article:modified_time\" content=\"2018-05-11T13:54:05+00:00\" \/>\n<meta property=\"og:image\" content=\"https:\/\/blogdofarnesio.com.br\/wp-content\/uploads\/2018\/05\/blogqsptrabalho-infantil.jpg\" \/>\n\t<meta property=\"og:image:width\" content=\"610\" \/>\n\t<meta property=\"og:image:height\" content=\"407\" \/>\n\t<meta property=\"og:image:type\" content=\"image\/jpeg\" \/>\n<meta name=\"author\" content=\"Farn\u00e9sio\" \/>\n<meta name=\"twitter:card\" content=\"summary_large_image\" \/>\n<meta name=\"twitter:label1\" content=\"Escrito por\" \/>\n\t<meta name=\"twitter:data1\" content=\"Farn\u00e9sio\" \/>\n\t<meta name=\"twitter:label2\" content=\"Est. tempo de leitura\" \/>\n\t<meta name=\"twitter:data2\" content=\"1 minuto\" \/>\n<script type=\"application\/ld+json\" class=\"yoast-schema-graph\">{\"@context\":\"https:\\\/\\\/schema.org\",\"@graph\":[{\"@type\":\"Article\",\"@id\":\"https:\\\/\\\/blogdofarnesio.com.br\\\/2018\\\/05\\\/secretaria-participa-do-lancamento-de-campanha-estadual-contra-exploracao-sexual-e-trabalho-infantil\\\/#article\",\"isPartOf\":{\"@id\":\"https:\\\/\\\/blogdofarnesio.com.br\\\/2018\\\/05\\\/secretaria-participa-do-lancamento-de-campanha-estadual-contra-exploracao-sexual-e-trabalho-infantil\\\/\"},\"author\":{\"name\":\"Farn\u00e9sio\",\"@id\":\"https:\\\/\\\/blogdofarnesio.com.br\\\/#\\\/schema\\\/person\\\/301c4acf522bccbfdb45af95b5b906a1\"},\"headline\":\"SECRET\u00c1RIA PARTICIPA DO LAN\u00c7AMENTO DE CAMPANHA ESTADUAL CONTRA EXPLORA\u00c7\u00c3O SEXUAL E TRABALHO INFANTIL\",\"datePublished\":\"2018-05-11T12:42:08+00:00\",\"dateModified\":\"2018-05-11T13:54:05+00:00\",\"mainEntityOfPage\":{\"@id\":\"https:\\\/\\\/blogdofarnesio.com.br\\\/2018\\\/05\\\/secretaria-participa-do-lancamento-de-campanha-estadual-contra-exploracao-sexual-e-trabalho-infantil\\\/\"},\"wordCount\":271,\"publisher\":{\"@id\":\"https:\\\/\\\/blogdofarnesio.com.br\\\/#organization\"},\"image\":{\"@id\":\"https:\\\/\\\/blogdofarnesio.com.br\\\/2018\\\/05\\\/secretaria-participa-do-lancamento-de-campanha-estadual-contra-exploracao-sexual-e-trabalho-infantil\\\/#primaryimage\"},\"thumbnailUrl\":\"https:\\\/\\\/blogdofarnesio.com.br\\\/wp-content\\\/uploads\\\/2018\\\/05\\\/blogqsptrabalho-infantil.jpg\",\"articleSection\":[\"A\u00e7\u00e3o Social\"],\"inLanguage\":\"pt-BR\"},{\"@type\":\"WebPage\",\"@id\":\"https:\\\/\\\/blogdofarnesio.com.br\\\/2018\\\/05\\\/secretaria-participa-do-lancamento-de-campanha-estadual-contra-exploracao-sexual-e-trabalho-infantil\\\/\",\"url\":\"https:\\\/\\\/blogdofarnesio.com.br\\\/2018\\\/05\\\/secretaria-participa-do-lancamento-de-campanha-estadual-contra-exploracao-sexual-e-trabalho-infantil\\\/\",\"name\":\"SECRET\u00c1RIA PARTICIPA DO LAN\u00c7AMENTO DE CAMPANHA ESTADUAL CONTRA EXPLORA\u00c7\u00c3O SEXUAL E TRABALHO INFANTIL - Blog do Farn\u00e9sio\",\"isPartOf\":{\"@id\":\"https:\\\/\\\/blogdofarnesio.com.br\\\/#website\"},\"primaryImageOfPage\":{\"@id\":\"https:\\\/\\\/blogdofarnesio.com.br\\\/2018\\\/05\\\/secretaria-participa-do-lancamento-de-campanha-estadual-contra-exploracao-sexual-e-trabalho-infantil\\\/#primaryimage\"},\"image\":{\"@id\":\"https:\\\/\\\/blogdofarnesio.com.br\\\/2018\\\/05\\\/secretaria-participa-do-lancamento-de-campanha-estadual-contra-exploracao-sexual-e-trabalho-infantil\\\/#primaryimage\"},\"thumbnailUrl\":\"https:\\\/\\\/blogdofarnesio.com.br\\\/wp-content\\\/uploads\\\/2018\\\/05\\\/blogqsptrabalho-infantil.jpg\",\"datePublished\":\"2018-05-11T12:42:08+00:00\",\"dateModified\":\"2018-05-11T13:54:05+00:00\",\"breadcrumb\":{\"@id\":\"https:\\\/\\\/blogdofarnesio.com.br\\\/2018\\\/05\\\/secretaria-participa-do-lancamento-de-campanha-estadual-contra-exploracao-sexual-e-trabalho-infantil\\\/#breadcrumb\"},\"inLanguage\":\"pt-BR\",\"potentialAction\":[{\"@type\":\"ReadAction\",\"target\":[\"https:\\\/\\\/blogdofarnesio.com.br\\\/2018\\\/05\\\/secretaria-participa-do-lancamento-de-campanha-estadual-contra-exploracao-sexual-e-trabalho-infantil\\\/\"]}]},{\"@type\":\"ImageObject\",\"inLanguage\":\"pt-BR\",\"@id\":\"https:\\\/\\\/blogdofarnesio.com.br\\\/2018\\\/05\\\/secretaria-participa-do-lancamento-de-campanha-estadual-contra-exploracao-sexual-e-trabalho-infantil\\\/#primaryimage\",\"url\":\"https:\\\/\\\/blogdofarnesio.com.br\\\/wp-content\\\/uploads\\\/2018\\\/05\\\/blogqsptrabalho-infantil.jpg\",\"contentUrl\":\"https:\\\/\\\/blogdofarnesio.com.br\\\/wp-content\\\/uploads\\\/2018\\\/05\\\/blogqsptrabalho-infantil.jpg\",\"width\":610,\"height\":407,\"caption\":\"Imagem meramente ilustrtativa\"},{\"@type\":\"BreadcrumbList\",\"@id\":\"https:\\\/\\\/blogdofarnesio.com.br\\\/2018\\\/05\\\/secretaria-participa-do-lancamento-de-campanha-estadual-contra-exploracao-sexual-e-trabalho-infantil\\\/#breadcrumb\",\"itemListElement\":[{\"@type\":\"ListItem\",\"position\":1,\"name\":\"In\u00edcio\",\"item\":\"https:\\\/\\\/blogdofarnesio.com.br\\\/\"},{\"@type\":\"ListItem\",\"position\":2,\"name\":\"SECRET\u00c1RIA PARTICIPA DO LAN\u00c7AMENTO DE CAMPANHA ESTADUAL CONTRA EXPLORA\u00c7\u00c3O SEXUAL E TRABALHO INFANTIL\"}]},{\"@type\":\"WebSite\",\"@id\":\"https:\\\/\\\/blogdofarnesio.com.br\\\/#website\",\"url\":\"https:\\\/\\\/blogdofarnesio.com.br\\\/\",\"name\":\"Blog do Farn\u00e9sio\",\"description\":\"Quer Saber Pol\u00edtica?\",\"publisher\":{\"@id\":\"https:\\\/\\\/blogdofarnesio.com.br\\\/#organization\"},\"potentialAction\":[{\"@type\":\"SearchAction\",\"target\":{\"@type\":\"EntryPoint\",\"urlTemplate\":\"https:\\\/\\\/blogdofarnesio.com.br\\\/?s={search_term_string}\"},\"query-input\":{\"@type\":\"PropertyValueSpecification\",\"valueRequired\":true,\"valueName\":\"search_term_string\"}}],\"inLanguage\":\"pt-BR\"},{\"@type\":\"Organization\",\"@id\":\"https:\\\/\\\/blogdofarnesio.com.br\\\/#organization\",\"name\":\"Blog do Farn\u00e9sio\",\"url\":\"https:\\\/\\\/blogdofarnesio.com.br\\\/\",\"logo\":{\"@type\":\"ImageObject\",\"inLanguage\":\"pt-BR\",\"@id\":\"https:\\\/\\\/blogdofarnesio.com.br\\\/#\\\/schema\\\/logo\\\/image\\\/\",\"url\":\"https:\\\/\\\/blogdofarnesio.com.br\\\/wp-content\\\/uploads\\\/2026\\\/03\\\/cropped-logo_new-1.png\",\"contentUrl\":\"https:\\\/\\\/blogdofarnesio.com.br\\\/wp-content\\\/uploads\\\/2026\\\/03\\\/cropped-logo_new-1.png\",\"width\":881,\"height\":685,\"caption\":\"Blog do Farn\u00e9sio\"},\"image\":{\"@id\":\"https:\\\/\\\/blogdofarnesio.com.br\\\/#\\\/schema\\\/logo\\\/image\\\/\"},\"sameAs\":[\"https:\\\/\\\/www.facebook.com\\\/BlogQuerSaberPolitica\\\/\"]},{\"@type\":\"Person\",\"@id\":\"https:\\\/\\\/blogdofarnesio.com.br\\\/#\\\/schema\\\/person\\\/301c4acf522bccbfdb45af95b5b906a1\",\"name\":\"Farn\u00e9sio\",\"image\":{\"@type\":\"ImageObject\",\"inLanguage\":\"pt-BR\",\"@id\":\"https:\\\/\\\/secure.gravatar.com\\\/avatar\\\/df0c9a14567c056f8ad6876ba5bbd1e3e2c48023eb6807342fc4663adf549f38?s=96&d=mm&r=g\",\"url\":\"https:\\\/\\\/secure.gravatar.com\\\/avatar\\\/df0c9a14567c056f8ad6876ba5bbd1e3e2c48023eb6807342fc4663adf549f38?s=96&d=mm&r=g\",\"contentUrl\":\"https:\\\/\\\/secure.gravatar.com\\\/avatar\\\/df0c9a14567c056f8ad6876ba5bbd1e3e2c48023eb6807342fc4663adf549f38?s=96&d=mm&r=g\",\"caption\":\"Farn\u00e9sio\"},\"sameAs\":[\"https:\\\/\\\/quersaberpolitica.com.br\"],\"url\":\"https:\\\/\\\/blogdofarnesio.com.br\\\/author\\\/farnesio\\\/\"}]}<\/script>\n<!-- \/ Yoast SEO plugin. -->","yoast_head_json":{"title":"SECRET\u00c1RIA PARTICIPA DO LAN\u00c7AMENTO DE CAMPANHA ESTADUAL CONTRA EXPLORA\u00c7\u00c3O SEXUAL E TRABALHO INFANTIL - Blog do Farn\u00e9sio","robots":{"index":"index","follow":"follow","max-snippet":"max-snippet:-1","max-image-preview":"max-image-preview:large","max-video-preview":"max-video-preview:-1"},"canonical":"https:\/\/blogdofarnesio.com.br\/2018\/05\/secretaria-participa-do-lancamento-de-campanha-estadual-contra-exploracao-sexual-e-trabalho-infantil\/","og_locale":"pt_BR","og_type":"article","og_title":"SECRET\u00c1RIA PARTICIPA DO LAN\u00c7AMENTO DE CAMPANHA ESTADUAL CONTRA EXPLORA\u00c7\u00c3O SEXUAL E TRABALHO INFANTIL - Blog do Farn\u00e9sio","og_description":"A secret\u00e1ria de Desenvolvimento Social, Mulher e Diversidade Cida Gama, participou nesta quinta-feira (10) em Salvador, do lan\u00e7amento da campanha \u2018A Explora\u00e7\u00e3o Sexual e o Trabalho Infantil n\u00e3o aparecem como esta propaganda\u2019. O evento foi realizado no teatro da Universidade do Estado da Bahia (UNEB) atrav\u00e9s da Secretaria Estadual de Justi\u00e7a, Direitos Humanos e Desenvolvimento Social (SJDHDS). Segundo os organizadores, o objetivo da campanha \u00e9 refor\u00e7ar o combate a diferentes formas de viola\u00e7\u00f5es que crian\u00e7as e adolescentes s\u00e3o submetidas cotidianamente. As pe\u00e7as publicit\u00e1rias lan\u00e7adas hoje s\u00e3o marcadas por tons fortes e buscam alertar a popula\u00e7\u00e3o para a necessidade de denunciar os crimes. Todo o material est\u00e1 articulado com a marca \u2018Fique de Olho!\u2019, que foi criada com a inten\u00e7\u00e3o de&hellip;","og_url":"https:\/\/blogdofarnesio.com.br\/2018\/05\/secretaria-participa-do-lancamento-de-campanha-estadual-contra-exploracao-sexual-e-trabalho-infantil\/","og_site_name":"Blog do Farn\u00e9sio","article_publisher":"https:\/\/www.facebook.com\/BlogQuerSaberPolitica\/","article_published_time":"2018-05-11T12:42:08+00:00","article_modified_time":"2018-05-11T13:54:05+00:00","og_image":[{"width":610,"height":407,"url":"https:\/\/blogdofarnesio.com.br\/wp-content\/uploads\/2018\/05\/blogqsptrabalho-infantil.jpg","type":"image\/jpeg"}],"author":"Farn\u00e9sio","twitter_card":"summary_large_image","twitter_misc":{"Escrito por":"Farn\u00e9sio","Est. tempo de leitura":"1 minuto"},"schema":{"@context":"https:\/\/schema.org","@graph":[{"@type":"Article","@id":"https:\/\/blogdofarnesio.com.br\/2018\/05\/secretaria-participa-do-lancamento-de-campanha-estadual-contra-exploracao-sexual-e-trabalho-infantil\/#article","isPartOf":{"@id":"https:\/\/blogdofarnesio.com.br\/2018\/05\/secretaria-participa-do-lancamento-de-campanha-estadual-contra-exploracao-sexual-e-trabalho-infantil\/"},"author":{"name":"Farn\u00e9sio","@id":"https:\/\/blogdofarnesio.com.br\/#\/schema\/person\/301c4acf522bccbfdb45af95b5b906a1"},"headline":"SECRET\u00c1RIA PARTICIPA DO LAN\u00c7AMENTO DE CAMPANHA ESTADUAL CONTRA EXPLORA\u00c7\u00c3O SEXUAL E TRABALHO INFANTIL","datePublished":"2018-05-11T12:42:08+00:00","dateModified":"2018-05-11T13:54:05+00:00","mainEntityOfPage":{"@id":"https:\/\/blogdofarnesio.com.br\/2018\/05\/secretaria-participa-do-lancamento-de-campanha-estadual-contra-exploracao-sexual-e-trabalho-infantil\/"},"wordCount":271,"publisher":{"@id":"https:\/\/blogdofarnesio.com.br\/#organization"},"image":{"@id":"https:\/\/blogdofarnesio.com.br\/2018\/05\/secretaria-participa-do-lancamento-de-campanha-estadual-contra-exploracao-sexual-e-trabalho-infantil\/#primaryimage"},"thumbnailUrl":"https:\/\/blogdofarnesio.com.br\/wp-content\/uploads\/2018\/05\/blogqsptrabalho-infantil.jpg","articleSection":["A\u00e7\u00e3o Social"],"inLanguage":"pt-BR"},{"@type":"WebPage","@id":"https:\/\/blogdofarnesio.com.br\/2018\/05\/secretaria-participa-do-lancamento-de-campanha-estadual-contra-exploracao-sexual-e-trabalho-infantil\/","url":"https:\/\/blogdofarnesio.com.br\/2018\/05\/secretaria-participa-do-lancamento-de-campanha-estadual-contra-exploracao-sexual-e-trabalho-infantil\/","name":"SECRET\u00c1RIA PARTICIPA DO LAN\u00c7AMENTO DE CAMPANHA ESTADUAL CONTRA EXPLORA\u00c7\u00c3O SEXUAL E TRABALHO INFANTIL - Blog do Farn\u00e9sio","isPartOf":{"@id":"https:\/\/blogdofarnesio.com.br\/#website"},"primaryImageOfPage":{"@id":"https:\/\/blogdofarnesio.com.br\/2018\/05\/secretaria-participa-do-lancamento-de-campanha-estadual-contra-exploracao-sexual-e-trabalho-infantil\/#primaryimage"},"image":{"@id":"https:\/\/blogdofarnesio.com.br\/2018\/05\/secretaria-participa-do-lancamento-de-campanha-estadual-contra-exploracao-sexual-e-trabalho-infantil\/#primaryimage"},"thumbnailUrl":"https:\/\/blogdofarnesio.com.br\/wp-content\/uploads\/2018\/05\/blogqsptrabalho-infantil.jpg","datePublished":"2018-05-11T12:42:08+00:00","dateModified":"2018-05-11T13:54:05+00:00","breadcrumb":{"@id":"https:\/\/blogdofarnesio.com.br\/2018\/05\/secretaria-participa-do-lancamento-de-campanha-estadual-contra-exploracao-sexual-e-trabalho-infantil\/#breadcrumb"},"inLanguage":"pt-BR","potentialAction":[{"@type":"ReadAction","target":["https:\/\/blogdofarnesio.com.br\/2018\/05\/secretaria-participa-do-lancamento-de-campanha-estadual-contra-exploracao-sexual-e-trabalho-infantil\/"]}]},{"@type":"ImageObject","inLanguage":"pt-BR","@id":"https:\/\/blogdofarnesio.com.br\/2018\/05\/secretaria-participa-do-lancamento-de-campanha-estadual-contra-exploracao-sexual-e-trabalho-infantil\/#primaryimage","url":"https:\/\/blogdofarnesio.com.br\/wp-content\/uploads\/2018\/05\/blogqsptrabalho-infantil.jpg","contentUrl":"https:\/\/blogdofarnesio.com.br\/wp-content\/uploads\/2018\/05\/blogqsptrabalho-infantil.jpg","width":610,"height":407,"caption":"Imagem meramente ilustrtativa"},{"@type":"BreadcrumbList","@id":"https:\/\/blogdofarnesio.com.br\/2018\/05\/secretaria-participa-do-lancamento-de-campanha-estadual-contra-exploracao-sexual-e-trabalho-infantil\/#breadcrumb","itemListElement":[{"@type":"ListItem","position":1,"name":"In\u00edcio","item":"https:\/\/blogdofarnesio.com.br\/"},{"@type":"ListItem","position":2,"name":"SECRET\u00c1RIA PARTICIPA DO LAN\u00c7AMENTO DE CAMPANHA ESTADUAL CONTRA EXPLORA\u00c7\u00c3O SEXUAL E TRABALHO INFANTIL"}]},{"@type":"WebSite","@id":"https:\/\/blogdofarnesio.com.br\/#website","url":"https:\/\/blogdofarnesio.com.br\/","name":"Blog do Farn\u00e9sio","description":"Quer Saber Pol\u00edtica?","publisher":{"@id":"https:\/\/blogdofarnesio.com.br\/#organization"},"potentialAction":[{"@type":"SearchAction","target":{"@type":"EntryPoint","urlTemplate":"https:\/\/blogdofarnesio.com.br\/?s={search_term_string}"},"query-input":{"@type":"PropertyValueSpecification","valueRequired":true,"valueName":"search_term_string"}}],"inLanguage":"pt-BR"},{"@type":"Organization","@id":"https:\/\/blogdofarnesio.com.br\/#organization","name":"Blog do Farn\u00e9sio","url":"https:\/\/blogdofarnesio.com.br\/","logo":{"@type":"ImageObject","inLanguage":"pt-BR","@id":"https:\/\/blogdofarnesio.com.br\/#\/schema\/logo\/image\/","url":"https:\/\/blogdofarnesio.com.br\/wp-content\/uploads\/2026\/03\/cropped-logo_new-1.png","contentUrl":"https:\/\/blogdofarnesio.com.br\/wp-content\/uploads\/2026\/03\/cropped-logo_new-1.png","width":881,"height":685,"caption":"Blog do Farn\u00e9sio"},"image":{"@id":"https:\/\/blogdofarnesio.com.br\/#\/schema\/logo\/image\/"},"sameAs":["https:\/\/www.facebook.com\/BlogQuerSaberPolitica\/"]},{"@type":"Person","@id":"https:\/\/blogdofarnesio.com.br\/#\/schema\/person\/301c4acf522bccbfdb45af95b5b906a1","name":"Farn\u00e9sio","image":{"@type":"ImageObject","inLanguage":"pt-BR","@id":"https:\/\/secure.gravatar.com\/avatar\/df0c9a14567c056f8ad6876ba5bbd1e3e2c48023eb6807342fc4663adf549f38?s=96&d=mm&r=g","url":"https:\/\/secure.gravatar.com\/avatar\/df0c9a14567c056f8ad6876ba5bbd1e3e2c48023eb6807342fc4663adf549f38?s=96&d=mm&r=g","contentUrl":"https:\/\/secure.gravatar.com\/avatar\/df0c9a14567c056f8ad6876ba5bbd1e3e2c48023eb6807342fc4663adf549f38?s=96&d=mm&r=g","caption":"Farn\u00e9sio"},"sameAs":["https:\/\/quersaberpolitica.com.br"],"url":"https:\/\/blogdofarnesio.com.br\/author\/farnesio\/"}]}},"_links":{"self":[{"href":"https:\/\/blogdofarnesio.com.br\/wp-json\/wp\/v2\/posts\/197365","targetHints":{"allow":["GET"]}}],"collection":[{"href":"https:\/\/blogdofarnesio.com.br\/wp-json\/wp\/v2\/posts"}],"about":[{"href":"https:\/\/blogdofarnesio.com.br\/wp-json\/wp\/v2\/types\/post"}],"author":[{"embeddable":true,"href":"https:\/\/blogdofarnesio.com.br\/wp-json\/wp\/v2\/users\/1"}],"replies":[{"embeddable":true,"href":"https:\/\/blogdofarnesio.com.br\/wp-json\/wp\/v2\/comments?post=197365"}],"version-history":[{"count":0,"href":"https:\/\/blogdofarnesio.com.br\/wp-json\/wp\/v2\/posts\/197365\/revisions"}],"wp:featuredmedia":[{"embeddable":true,"href":"https:\/\/blogdofarnesio.com.br\/wp-json\/wp\/v2\/media\/197380"}],"wp:attachment":[{"href":"https:\/\/blogdofarnesio.com.br\/wp-json\/wp\/v2\/media?parent=197365"}],"wp:term":[{"taxonomy":"category","embeddable":true,"href":"https:\/\/blogdofarnesio.com.br\/wp-json\/wp\/v2\/categories?post=197365"},{"taxonomy":"post_tag","embeddable":true,"href":"https:\/\/blogdofarnesio.com.br\/wp-json\/wp\/v2\/tags?post=197365"}],"curies":[{"name":"wp","href":"https:\/\/api.w.org\/{rel}","templated":true}]}}