{"id":197351,"date":"2018-05-11T09:22:20","date_gmt":"2018-05-11T12:22:20","guid":{"rendered":"http:\/\/quersaberpolitica.com.br\/2016\/?p=197351"},"modified":"2018-05-10T19:38:43","modified_gmt":"2018-05-10T22:38:43","slug":"direto-de-de-lagoa-grande","status":"publish","type":"post","link":"https:\/\/blogdofarnesio.com.br\/?p=197351","title":{"rendered":"DIRETO DE DE LAGOA GRANDE"},"content":{"rendered":"<p style=\"text-align: left;\"><strong>EXECUTIVO INVESTE MAIS DE R$ 300 MIL EM CONCLUS\u00c3O DA ADUTORA DO RIACHO DO RECREIO<\/strong><\/p>\n<p style=\"font-weight: 400; text-align: justify;\">A Prefeitura de Lagoa Grande, no sert\u00e3o do S\u00e3o Francisco, concluir\u00e1 a Adutora do Riacho do Recreio, zona rural do munic\u00edpio. A previs\u00e3o \u00e9 entregar a obra que beneficiar\u00e1 mais de 300 fam\u00edlias de comunidades como Riacho do Recreio, Malhada Bonita, Tanques, Assentamento Santo Ant\u00f4nio e ainda Serra das Lages e Tr\u00eas Conquistas.<\/p>\n<p style=\"font-weight: 400; text-align: justify;\">Ser\u00e3o investidos mais de R$ 300 mil, recursos pr\u00f3prios do munic\u00edpio. A adutora \u00e9 um sonho antigo da regi\u00e3o do Riacho do Recreio. H\u00e1 mais de 10 anos que a popula\u00e7\u00e3o local aguarda por \u00e1gua tratada nas torneiras. Ao todo s\u00e3o 13 quil\u00f4metros do canal principal e mais 8 quil\u00f4metros dos ramais que levar\u00e3o \u00e1gua at\u00e9 \u00e0s torneiras das fam\u00edlias beneficiadas.<\/p>\n<p style=\"font-weight: 400; text-align: justify;\"><a href=\"http:\/\/quersaberpolitica.com.br\/2016\/wp-content\/uploads\/2018\/05\/blogqsp-adutora.jpg\"><img loading=\"lazy\" decoding=\"async\" class=\"wp-image-197352 alignleft\" src=\"http:\/\/quersaberpolitica.com.br\/2016\/wp-content\/uploads\/2018\/05\/blogqsp-adutora.jpg\" alt=\"\" width=\"434\" height=\"289\" srcset=\"https:\/\/blogdofarnesio.com.br\/wp-content\/uploads\/2018\/05\/blogqsp-adutora.jpg 556w, https:\/\/blogdofarnesio.com.br\/wp-content\/uploads\/2018\/05\/blogqsp-adutora-300x200.jpg 300w, https:\/\/blogdofarnesio.com.br\/wp-content\/uploads\/2018\/05\/blogqsp-adutora-360x240.jpg 360w\" sizes=\"auto, (max-width: 434px) 100vw, 434px\" \/><\/a>\u201c\u00c9 \u00e1gua tratada na casas das fam\u00edlias. Ser\u00e3o mais de R$ 300 mil investidos, recursos do FPM. Infelizmente a gest\u00e3o anterior, devolveu R$ 600 mil, recursos que poder\u00e3o ter sido utilizados aqui e ainda sobrar recursos. Acredito que faltou plano de trabalho para essa execu\u00e7\u00e3o e a Caixa Econ\u00f4mica travou a libera\u00e7\u00e3o\u201d, explicou Reginaldo Alencar, secret\u00e1rio municipal de Agricultura.<\/p>\n<p style=\"font-weight: 400; text-align: justify;\">Cada associa\u00e7\u00e3o das comunidades beneficiadas, ficar\u00e3o respons\u00e1veis pela manuten\u00e7\u00e3o da Adutora. Para o prefeito Vilmar Cappellaro, MDB, \u00e9 uma grande alegria ser o prefeito a entregar uma obra.<\/p>\n<p style=\"font-weight: 400; text-align: justify;\">&#8220;N\u00e3o conclu\u00edram a obra e essas pessoas tinham a necessidade de mais \u00e1gua e conseguimos um prazo para reativar os servi\u00e7os que se n\u00e3o fossem conclu\u00eddos, ter\u00edamos que devolver mais de R$ 2 milh\u00f5es, recursos dos cofres municipais. Essa \u00e9 uma area muito pr\u00f3xima da regi\u00e3o ribeirinha de fam\u00edlias que sofriam com essa demanda. Viemos atender, diante da grande import\u00e2ncia que \u00e9 levar \u00e1gua tratada para essas fam\u00edlias\u201d, assinalou Vilmar.<\/p>\n<p style=\"font-weight: 400; text-align: justify;\">Junto com a obra, est\u00e1 sendo realizado um projeto de conscientiza\u00e7\u00e3o sobre o uso correto da \u00e1gua. \u201c\u00c9 um projeto social que envolve as fam\u00edlias, da crian\u00e7a ao idoso, para que se conscientizem da import\u00e2ncia da \u00e1gua tratada para a sa\u00fade, consci\u00eancia da economia e saber utilizar da forma correta\u201d, acrescentou o prefeito.<\/p>\n<p style=\"font-weight: 400; text-align: justify;\">A Prefeitura fez um levantamento do que teria sido investido no come\u00e7o da obra que tem projeto iniciado em 2006. \u201cN\u00e3o sabemos o destino dessas pe\u00e7as, mas o importante \u00e9 entregar essa obra pronta para essas comunidade e at\u00e9 o final de junho a gente inaugura para a felicidade de todos da regi\u00e3o\u201d, declarou o prefeito Vilmar Cappellaro que afirma.<\/p>\n<p style=\"font-weight: 400; text-align: justify;\">\u201cS\u00f3 n\u00e3o temos feito mais na gest\u00e3o at\u00e9 o momento, porque muitos dos recursos, temos que utilizar na conclus\u00e3o de obras inacabadas\u201d, finalizou Vilmar.<\/p>\n","protected":false},"excerpt":{"rendered":"<p>EXECUTIVO INVESTE MAIS DE R$ 300 MIL EM CONCLUS\u00c3O DA ADUTORA DO RIACHO DO RECREIO A Prefeitura de Lagoa Grande, no sert\u00e3o do S\u00e3o Francisco, concluir\u00e1 a Adutora do Riacho do Recreio, zona rural do munic\u00edpio. A previs\u00e3o \u00e9 entregar a obra que beneficiar\u00e1 mais de 300 fam\u00edlias de comunidades como Riacho do Recreio, Malhada Bonita, Tanques, Assentamento Santo Ant\u00f4nio e ainda Serra das Lages e Tr\u00eas Conquistas. Ser\u00e3o investidos mais de R$ 300 mil, recursos pr\u00f3prios do munic\u00edpio. A adutora \u00e9 um sonho antigo da regi\u00e3o do Riacho do Recreio. H\u00e1 mais de 10 anos que a popula\u00e7\u00e3o local aguarda por \u00e1gua tratada nas torneiras. Ao todo s\u00e3o 13 quil\u00f4metros do canal principal e mais 8 quil\u00f4metros dos ramais&hellip; <\/p>\n","protected":false},"author":1,"featured_media":161391,"comment_status":"closed","ping_status":"closed","sticky":false,"template":"","format":"standard","meta":{"_acf_changed":false,"footnotes":""},"categories":[56,27],"tags":[],"class_list":["post-197351","post","type-post","status-publish","format-standard","has-post-thumbnail","hentry","category-agua","category-cidades"],"acf":[],"yoast_head":"<!-- This site is optimized with the Yoast SEO plugin v27.4 - https:\/\/yoast.com\/product\/yoast-seo-wordpress\/ -->\n<title>DIRETO DE DE LAGOA GRANDE - Blog do Farn\u00e9sio<\/title>\n<meta name=\"robots\" content=\"index, follow, max-snippet:-1, max-image-preview:large, max-video-preview:-1\" \/>\n<link rel=\"canonical\" href=\"https:\/\/blogdofarnesio.com.br\/?p=197351\" \/>\n<meta property=\"og:locale\" content=\"pt_BR\" \/>\n<meta property=\"og:type\" content=\"article\" \/>\n<meta property=\"og:title\" content=\"DIRETO DE DE LAGOA GRANDE - Blog do Farn\u00e9sio\" \/>\n<meta property=\"og:description\" content=\"EXECUTIVO INVESTE MAIS DE R$ 300 MIL EM CONCLUS\u00c3O DA ADUTORA DO RIACHO DO RECREIO A Prefeitura de Lagoa Grande, no sert\u00e3o do S\u00e3o Francisco, concluir\u00e1 a Adutora do Riacho do Recreio, zona rural do munic\u00edpio. A previs\u00e3o \u00e9 entregar a obra que beneficiar\u00e1 mais de 300 fam\u00edlias de comunidades como Riacho do Recreio, Malhada Bonita, Tanques, Assentamento Santo Ant\u00f4nio e ainda Serra das Lages e Tr\u00eas Conquistas. Ser\u00e3o investidos mais de R$ 300 mil, recursos pr\u00f3prios do munic\u00edpio. A adutora \u00e9 um sonho antigo da regi\u00e3o do Riacho do Recreio. H\u00e1 mais de 10 anos que a popula\u00e7\u00e3o local aguarda por \u00e1gua tratada nas torneiras. Ao todo s\u00e3o 13 quil\u00f4metros do canal principal e mais 8 quil\u00f4metros dos ramais&hellip;\" \/>\n<meta property=\"og:url\" content=\"https:\/\/blogdofarnesio.com.br\/?p=197351\" \/>\n<meta property=\"og:site_name\" content=\"Blog do Farn\u00e9sio\" \/>\n<meta property=\"article:publisher\" content=\"https:\/\/www.facebook.com\/BlogQuerSaberPolitica\/\" \/>\n<meta property=\"article:published_time\" content=\"2018-05-11T12:22:20+00:00\" \/>\n<meta property=\"og:image\" content=\"https:\/\/blogdofarnesio.com.br\/wp-content\/uploads\/2017\/03\/blogqsplagoagrandeprefvilmarcapellaro-Foto-Farn\u00e9sio-Silva3.jpg\" \/>\n\t<meta property=\"og:image:width\" content=\"640\" \/>\n\t<meta property=\"og:image:height\" content=\"360\" \/>\n\t<meta property=\"og:image:type\" content=\"image\/jpeg\" \/>\n<meta name=\"author\" content=\"Farn\u00e9sio\" \/>\n<meta name=\"twitter:card\" content=\"summary_large_image\" \/>\n<meta name=\"twitter:label1\" content=\"Escrito por\" \/>\n\t<meta name=\"twitter:data1\" content=\"Farn\u00e9sio\" \/>\n\t<meta name=\"twitter:label2\" content=\"Est. tempo de leitura\" \/>\n\t<meta name=\"twitter:data2\" content=\"2 minutos\" \/>\n<script type=\"application\/ld+json\" class=\"yoast-schema-graph\">{\"@context\":\"https:\\\/\\\/schema.org\",\"@graph\":[{\"@type\":\"Article\",\"@id\":\"https:\\\/\\\/blogdofarnesio.com.br\\\/?p=197351#article\",\"isPartOf\":{\"@id\":\"https:\\\/\\\/blogdofarnesio.com.br\\\/?p=197351\"},\"author\":{\"name\":\"Farn\u00e9sio\",\"@id\":\"https:\\\/\\\/blogdofarnesio.com.br\\\/#\\\/schema\\\/person\\\/301c4acf522bccbfdb45af95b5b906a1\"},\"headline\":\"DIRETO DE DE LAGOA GRANDE\",\"datePublished\":\"2018-05-11T12:22:20+00:00\",\"mainEntityOfPage\":{\"@id\":\"https:\\\/\\\/blogdofarnesio.com.br\\\/?p=197351\"},\"wordCount\":465,\"publisher\":{\"@id\":\"https:\\\/\\\/blogdofarnesio.com.br\\\/#organization\"},\"image\":{\"@id\":\"https:\\\/\\\/blogdofarnesio.com.br\\\/?p=197351#primaryimage\"},\"thumbnailUrl\":\"https:\\\/\\\/blogdofarnesio.com.br\\\/wp-content\\\/uploads\\\/2017\\\/03\\\/blogqsplagoagrandeprefvilmarcapellaro-Foto-Farn\u00e9sio-Silva3.jpg\",\"articleSection\":[\"\u00c1gua\",\"Cidades\"],\"inLanguage\":\"pt-BR\"},{\"@type\":\"WebPage\",\"@id\":\"https:\\\/\\\/blogdofarnesio.com.br\\\/?p=197351\",\"url\":\"https:\\\/\\\/blogdofarnesio.com.br\\\/?p=197351\",\"name\":\"DIRETO DE DE LAGOA GRANDE - Blog do Farn\u00e9sio\",\"isPartOf\":{\"@id\":\"https:\\\/\\\/blogdofarnesio.com.br\\\/#website\"},\"primaryImageOfPage\":{\"@id\":\"https:\\\/\\\/blogdofarnesio.com.br\\\/?p=197351#primaryimage\"},\"image\":{\"@id\":\"https:\\\/\\\/blogdofarnesio.com.br\\\/?p=197351#primaryimage\"},\"thumbnailUrl\":\"https:\\\/\\\/blogdofarnesio.com.br\\\/wp-content\\\/uploads\\\/2017\\\/03\\\/blogqsplagoagrandeprefvilmarcapellaro-Foto-Farn\u00e9sio-Silva3.jpg\",\"datePublished\":\"2018-05-11T12:22:20+00:00\",\"breadcrumb\":{\"@id\":\"https:\\\/\\\/blogdofarnesio.com.br\\\/?p=197351#breadcrumb\"},\"inLanguage\":\"pt-BR\",\"potentialAction\":[{\"@type\":\"ReadAction\",\"target\":[\"https:\\\/\\\/blogdofarnesio.com.br\\\/?p=197351\"]}]},{\"@type\":\"ImageObject\",\"inLanguage\":\"pt-BR\",\"@id\":\"https:\\\/\\\/blogdofarnesio.com.br\\\/?p=197351#primaryimage\",\"url\":\"https:\\\/\\\/blogdofarnesio.com.br\\\/wp-content\\\/uploads\\\/2017\\\/03\\\/blogqsplagoagrandeprefvilmarcapellaro-Foto-Farn\u00e9sio-Silva3.jpg\",\"contentUrl\":\"https:\\\/\\\/blogdofarnesio.com.br\\\/wp-content\\\/uploads\\\/2017\\\/03\\\/blogqsplagoagrandeprefvilmarcapellaro-Foto-Farn\u00e9sio-Silva3.jpg\",\"width\":640,\"height\":360},{\"@type\":\"BreadcrumbList\",\"@id\":\"https:\\\/\\\/blogdofarnesio.com.br\\\/?p=197351#breadcrumb\",\"itemListElement\":[{\"@type\":\"ListItem\",\"position\":1,\"name\":\"In\u00edcio\",\"item\":\"https:\\\/\\\/blogdofarnesio.com.br\\\/\"},{\"@type\":\"ListItem\",\"position\":2,\"name\":\"DIRETO DE DE LAGOA GRANDE\"}]},{\"@type\":\"WebSite\",\"@id\":\"https:\\\/\\\/blogdofarnesio.com.br\\\/#website\",\"url\":\"https:\\\/\\\/blogdofarnesio.com.br\\\/\",\"name\":\"Blog do Farn\u00e9sio\",\"description\":\"Quer Saber Pol\u00edtica?\",\"publisher\":{\"@id\":\"https:\\\/\\\/blogdofarnesio.com.br\\\/#organization\"},\"potentialAction\":[{\"@type\":\"SearchAction\",\"target\":{\"@type\":\"EntryPoint\",\"urlTemplate\":\"https:\\\/\\\/blogdofarnesio.com.br\\\/?s={search_term_string}\"},\"query-input\":{\"@type\":\"PropertyValueSpecification\",\"valueRequired\":true,\"valueName\":\"search_term_string\"}}],\"inLanguage\":\"pt-BR\"},{\"@type\":\"Organization\",\"@id\":\"https:\\\/\\\/blogdofarnesio.com.br\\\/#organization\",\"name\":\"Blog do Farn\u00e9sio\",\"url\":\"https:\\\/\\\/blogdofarnesio.com.br\\\/\",\"logo\":{\"@type\":\"ImageObject\",\"inLanguage\":\"pt-BR\",\"@id\":\"https:\\\/\\\/blogdofarnesio.com.br\\\/#\\\/schema\\\/logo\\\/image\\\/\",\"url\":\"https:\\\/\\\/blogdofarnesio.com.br\\\/wp-content\\\/uploads\\\/2026\\\/03\\\/cropped-logo_new-1.png\",\"contentUrl\":\"https:\\\/\\\/blogdofarnesio.com.br\\\/wp-content\\\/uploads\\\/2026\\\/03\\\/cropped-logo_new-1.png\",\"width\":881,\"height\":685,\"caption\":\"Blog do Farn\u00e9sio\"},\"image\":{\"@id\":\"https:\\\/\\\/blogdofarnesio.com.br\\\/#\\\/schema\\\/logo\\\/image\\\/\"},\"sameAs\":[\"https:\\\/\\\/www.facebook.com\\\/BlogQuerSaberPolitica\\\/\"]},{\"@type\":\"Person\",\"@id\":\"https:\\\/\\\/blogdofarnesio.com.br\\\/#\\\/schema\\\/person\\\/301c4acf522bccbfdb45af95b5b906a1\",\"name\":\"Farn\u00e9sio\",\"image\":{\"@type\":\"ImageObject\",\"inLanguage\":\"pt-BR\",\"@id\":\"https:\\\/\\\/secure.gravatar.com\\\/avatar\\\/df0c9a14567c056f8ad6876ba5bbd1e3e2c48023eb6807342fc4663adf549f38?s=96&d=mm&r=g\",\"url\":\"https:\\\/\\\/secure.gravatar.com\\\/avatar\\\/df0c9a14567c056f8ad6876ba5bbd1e3e2c48023eb6807342fc4663adf549f38?s=96&d=mm&r=g\",\"contentUrl\":\"https:\\\/\\\/secure.gravatar.com\\\/avatar\\\/df0c9a14567c056f8ad6876ba5bbd1e3e2c48023eb6807342fc4663adf549f38?s=96&d=mm&r=g\",\"caption\":\"Farn\u00e9sio\"},\"sameAs\":[\"https:\\\/\\\/quersaberpolitica.com.br\"],\"url\":\"https:\\\/\\\/blogdofarnesio.com.br\\\/?author=1\"}]}<\/script>\n<!-- \/ Yoast SEO plugin. -->","yoast_head_json":{"title":"DIRETO DE DE LAGOA GRANDE - Blog do Farn\u00e9sio","robots":{"index":"index","follow":"follow","max-snippet":"max-snippet:-1","max-image-preview":"max-image-preview:large","max-video-preview":"max-video-preview:-1"},"canonical":"https:\/\/blogdofarnesio.com.br\/?p=197351","og_locale":"pt_BR","og_type":"article","og_title":"DIRETO DE DE LAGOA GRANDE - Blog do Farn\u00e9sio","og_description":"EXECUTIVO INVESTE MAIS DE R$ 300 MIL EM CONCLUS\u00c3O DA ADUTORA DO RIACHO DO RECREIO A Prefeitura de Lagoa Grande, no sert\u00e3o do S\u00e3o Francisco, concluir\u00e1 a Adutora do Riacho do Recreio, zona rural do munic\u00edpio. A previs\u00e3o \u00e9 entregar a obra que beneficiar\u00e1 mais de 300 fam\u00edlias de comunidades como Riacho do Recreio, Malhada Bonita, Tanques, Assentamento Santo Ant\u00f4nio e ainda Serra das Lages e Tr\u00eas Conquistas. Ser\u00e3o investidos mais de R$ 300 mil, recursos pr\u00f3prios do munic\u00edpio. A adutora \u00e9 um sonho antigo da regi\u00e3o do Riacho do Recreio. H\u00e1 mais de 10 anos que a popula\u00e7\u00e3o local aguarda por \u00e1gua tratada nas torneiras. Ao todo s\u00e3o 13 quil\u00f4metros do canal principal e mais 8 quil\u00f4metros dos ramais&hellip;","og_url":"https:\/\/blogdofarnesio.com.br\/?p=197351","og_site_name":"Blog do Farn\u00e9sio","article_publisher":"https:\/\/www.facebook.com\/BlogQuerSaberPolitica\/","article_published_time":"2018-05-11T12:22:20+00:00","og_image":[{"width":640,"height":360,"url":"https:\/\/blogdofarnesio.com.br\/wp-content\/uploads\/2017\/03\/blogqsplagoagrandeprefvilmarcapellaro-Foto-Farn\u00e9sio-Silva3.jpg","type":"image\/jpeg"}],"author":"Farn\u00e9sio","twitter_card":"summary_large_image","twitter_misc":{"Escrito por":"Farn\u00e9sio","Est. tempo de leitura":"2 minutos"},"schema":{"@context":"https:\/\/schema.org","@graph":[{"@type":"Article","@id":"https:\/\/blogdofarnesio.com.br\/?p=197351#article","isPartOf":{"@id":"https:\/\/blogdofarnesio.com.br\/?p=197351"},"author":{"name":"Farn\u00e9sio","@id":"https:\/\/blogdofarnesio.com.br\/#\/schema\/person\/301c4acf522bccbfdb45af95b5b906a1"},"headline":"DIRETO DE DE LAGOA GRANDE","datePublished":"2018-05-11T12:22:20+00:00","mainEntityOfPage":{"@id":"https:\/\/blogdofarnesio.com.br\/?p=197351"},"wordCount":465,"publisher":{"@id":"https:\/\/blogdofarnesio.com.br\/#organization"},"image":{"@id":"https:\/\/blogdofarnesio.com.br\/?p=197351#primaryimage"},"thumbnailUrl":"https:\/\/blogdofarnesio.com.br\/wp-content\/uploads\/2017\/03\/blogqsplagoagrandeprefvilmarcapellaro-Foto-Farn\u00e9sio-Silva3.jpg","articleSection":["\u00c1gua","Cidades"],"inLanguage":"pt-BR"},{"@type":"WebPage","@id":"https:\/\/blogdofarnesio.com.br\/?p=197351","url":"https:\/\/blogdofarnesio.com.br\/?p=197351","name":"DIRETO DE DE LAGOA GRANDE - Blog do Farn\u00e9sio","isPartOf":{"@id":"https:\/\/blogdofarnesio.com.br\/#website"},"primaryImageOfPage":{"@id":"https:\/\/blogdofarnesio.com.br\/?p=197351#primaryimage"},"image":{"@id":"https:\/\/blogdofarnesio.com.br\/?p=197351#primaryimage"},"thumbnailUrl":"https:\/\/blogdofarnesio.com.br\/wp-content\/uploads\/2017\/03\/blogqsplagoagrandeprefvilmarcapellaro-Foto-Farn\u00e9sio-Silva3.jpg","datePublished":"2018-05-11T12:22:20+00:00","breadcrumb":{"@id":"https:\/\/blogdofarnesio.com.br\/?p=197351#breadcrumb"},"inLanguage":"pt-BR","potentialAction":[{"@type":"ReadAction","target":["https:\/\/blogdofarnesio.com.br\/?p=197351"]}]},{"@type":"ImageObject","inLanguage":"pt-BR","@id":"https:\/\/blogdofarnesio.com.br\/?p=197351#primaryimage","url":"https:\/\/blogdofarnesio.com.br\/wp-content\/uploads\/2017\/03\/blogqsplagoagrandeprefvilmarcapellaro-Foto-Farn\u00e9sio-Silva3.jpg","contentUrl":"https:\/\/blogdofarnesio.com.br\/wp-content\/uploads\/2017\/03\/blogqsplagoagrandeprefvilmarcapellaro-Foto-Farn\u00e9sio-Silva3.jpg","width":640,"height":360},{"@type":"BreadcrumbList","@id":"https:\/\/blogdofarnesio.com.br\/?p=197351#breadcrumb","itemListElement":[{"@type":"ListItem","position":1,"name":"In\u00edcio","item":"https:\/\/blogdofarnesio.com.br\/"},{"@type":"ListItem","position":2,"name":"DIRETO DE DE LAGOA GRANDE"}]},{"@type":"WebSite","@id":"https:\/\/blogdofarnesio.com.br\/#website","url":"https:\/\/blogdofarnesio.com.br\/","name":"Blog do Farn\u00e9sio","description":"Quer Saber Pol\u00edtica?","publisher":{"@id":"https:\/\/blogdofarnesio.com.br\/#organization"},"potentialAction":[{"@type":"SearchAction","target":{"@type":"EntryPoint","urlTemplate":"https:\/\/blogdofarnesio.com.br\/?s={search_term_string}"},"query-input":{"@type":"PropertyValueSpecification","valueRequired":true,"valueName":"search_term_string"}}],"inLanguage":"pt-BR"},{"@type":"Organization","@id":"https:\/\/blogdofarnesio.com.br\/#organization","name":"Blog do Farn\u00e9sio","url":"https:\/\/blogdofarnesio.com.br\/","logo":{"@type":"ImageObject","inLanguage":"pt-BR","@id":"https:\/\/blogdofarnesio.com.br\/#\/schema\/logo\/image\/","url":"https:\/\/blogdofarnesio.com.br\/wp-content\/uploads\/2026\/03\/cropped-logo_new-1.png","contentUrl":"https:\/\/blogdofarnesio.com.br\/wp-content\/uploads\/2026\/03\/cropped-logo_new-1.png","width":881,"height":685,"caption":"Blog do Farn\u00e9sio"},"image":{"@id":"https:\/\/blogdofarnesio.com.br\/#\/schema\/logo\/image\/"},"sameAs":["https:\/\/www.facebook.com\/BlogQuerSaberPolitica\/"]},{"@type":"Person","@id":"https:\/\/blogdofarnesio.com.br\/#\/schema\/person\/301c4acf522bccbfdb45af95b5b906a1","name":"Farn\u00e9sio","image":{"@type":"ImageObject","inLanguage":"pt-BR","@id":"https:\/\/secure.gravatar.com\/avatar\/df0c9a14567c056f8ad6876ba5bbd1e3e2c48023eb6807342fc4663adf549f38?s=96&d=mm&r=g","url":"https:\/\/secure.gravatar.com\/avatar\/df0c9a14567c056f8ad6876ba5bbd1e3e2c48023eb6807342fc4663adf549f38?s=96&d=mm&r=g","contentUrl":"https:\/\/secure.gravatar.com\/avatar\/df0c9a14567c056f8ad6876ba5bbd1e3e2c48023eb6807342fc4663adf549f38?s=96&d=mm&r=g","caption":"Farn\u00e9sio"},"sameAs":["https:\/\/quersaberpolitica.com.br"],"url":"https:\/\/blogdofarnesio.com.br\/?author=1"}]}},"_links":{"self":[{"href":"https:\/\/blogdofarnesio.com.br\/index.php?rest_route=\/wp\/v2\/posts\/197351","targetHints":{"allow":["GET"]}}],"collection":[{"href":"https:\/\/blogdofarnesio.com.br\/index.php?rest_route=\/wp\/v2\/posts"}],"about":[{"href":"https:\/\/blogdofarnesio.com.br\/index.php?rest_route=\/wp\/v2\/types\/post"}],"author":[{"embeddable":true,"href":"https:\/\/blogdofarnesio.com.br\/index.php?rest_route=\/wp\/v2\/users\/1"}],"replies":[{"embeddable":true,"href":"https:\/\/blogdofarnesio.com.br\/index.php?rest_route=%2Fwp%2Fv2%2Fcomments&post=197351"}],"version-history":[{"count":0,"href":"https:\/\/blogdofarnesio.com.br\/index.php?rest_route=\/wp\/v2\/posts\/197351\/revisions"}],"wp:featuredmedia":[{"embeddable":true,"href":"https:\/\/blogdofarnesio.com.br\/index.php?rest_route=\/wp\/v2\/media\/161391"}],"wp:attachment":[{"href":"https:\/\/blogdofarnesio.com.br\/index.php?rest_route=%2Fwp%2Fv2%2Fmedia&parent=197351"}],"wp:term":[{"taxonomy":"category","embeddable":true,"href":"https:\/\/blogdofarnesio.com.br\/index.php?rest_route=%2Fwp%2Fv2%2Fcategories&post=197351"},{"taxonomy":"post_tag","embeddable":true,"href":"https:\/\/blogdofarnesio.com.br\/index.php?rest_route=%2Fwp%2Fv2%2Ftags&post=197351"}],"curies":[{"name":"wp","href":"https:\/\/api.w.org\/{rel}","templated":true}]}}