{"id":197263,"date":"2018-05-10T10:22:22","date_gmt":"2018-05-10T13:22:22","guid":{"rendered":"http:\/\/quersaberpolitica.com.br\/2016\/?p=197263"},"modified":"2018-05-09T20:56:58","modified_gmt":"2018-05-09T23:56:58","slug":"miguel-discute-situacao-do-hospital-dom-malan-com-gestores-do-imip","status":"publish","type":"post","link":"https:\/\/blogdofarnesio.com.br\/?p=197263","title":{"rendered":"MIGUEL DISCUTE SITUA\u00c7\u00c3O DO HOSPITAL DOM MALAN COM GESTORES DO IMIP"},"content":{"rendered":"<div class=\"gmail_quote\" style=\"text-align: justify;\">\n<p>Preocupado com a situa\u00e7\u00e3o do atendimento no Hospital Dom Malan, o prefeito Miguel Coelho recebeu nesta quarta (09) o diretor da unidade hospitalar, Etiel Lins, e a superintendente do Imip Gest\u00e3o Hospitalar, Ana Claudia Figueira. Durante o encontro ocorrido na sede da Prefeitura de Petrolina, o prefeito pediu esclarecimentos sobre a superlota\u00e7\u00e3o do Dom Malan e ofereceu apoio para desafogar principalmente a maternidade da estrutura de sa\u00fade estadual.<\/p>\n<p>Uma das propostas de Miguel foi a Prefeitura custear leitos de retaguarda para ampliar a capacidade do Dom Malan. \u201cHoje, o hospital tem 140% de atendimento, ou seja, est\u00e1 com a capacidade superada e menos da metade dos pacientes s\u00e3o de Petrolina, enquanto a maioria \u00e9 de pessoas de outras 52 cidades. Para melhorar essa situa\u00e7\u00e3o, n\u00f3s oferecemos o custeio de alguns leitos de retaguarda destinados aos pacientes de Petrolina e o Imip ficou de nos dar um or\u00e7amento na pr\u00f3xima semana para fecharmos uma parceria\u201d, explicou o prefeito.<\/p>\n<p>Miguel ainda informou que o Centro de Partos Normais da Prefeitura j\u00e1 est\u00e1 em fase de licita\u00e7\u00e3o e deve ter as obras iniciadas ainda este ano. \u201cEssa unidade vai ajudar decisivamente para desafogar a maternidade do Dom Malan. J\u00e1 temos o terreno, o projeto pronto, agora aguardamos a fase de licita\u00e7\u00e3o para dar in\u00edcio \u00e0s obras do Centro de Partos pr\u00f3ximo \u00e0 AME Policl\u00ednica, na \u00e1rea central da cidade\u201d, adiantou.<\/p>\n<p>O encontro teve a participa\u00e7\u00e3o dos vereadores Gilberto Melo e Zenildo do Alto do Cocar e da secret\u00e1ria de Sa\u00fade em exerc\u00edcio, Marlene Leandro. Uma nova reuni\u00e3o ficou agendada com os representantes do Dom Malan e o Imip neste m\u00eas para avan\u00e7ar as negocia\u00e7\u00f5es.<\/p>\n<\/div>\n<div class=\"gmail_quote\" style=\"text-align: justify;\"><\/div>\n<div class=\"gmail_quote\">\n<div class=\"gmail_default\" style=\"text-align: justify;\">\u200bFOTOS: Jonas Santos\u200b<\/div>\n<\/div>\n","protected":false},"excerpt":{"rendered":"<p>Preocupado com a situa\u00e7\u00e3o do atendimento no Hospital Dom Malan, o prefeito Miguel Coelho recebeu nesta quarta (09) o diretor da unidade hospitalar, Etiel Lins, e a superintendente do Imip Gest\u00e3o Hospitalar, Ana Claudia Figueira. Durante o encontro ocorrido na sede da Prefeitura de Petrolina, o prefeito pediu esclarecimentos sobre a superlota\u00e7\u00e3o do Dom Malan e ofereceu apoio para desafogar principalmente a maternidade da estrutura de sa\u00fade estadual. Uma das propostas de Miguel foi a Prefeitura custear leitos de retaguarda para ampliar a capacidade do Dom Malan. \u201cHoje, o hospital tem 140% de atendimento, ou seja, est\u00e1 com a capacidade superada e menos da metade dos pacientes s\u00e3o de Petrolina, enquanto a maioria \u00e9 de pessoas de outras 52 cidades.&hellip; <\/p>\n","protected":false},"author":1,"featured_media":197264,"comment_status":"closed","ping_status":"closed","sticky":false,"template":"","format":"standard","meta":{"_acf_changed":false,"footnotes":""},"categories":[44],"tags":[],"class_list":["post-197263","post","type-post","status-publish","format-standard","has-post-thumbnail","hentry","category-administracao"],"acf":[],"yoast_head":"<!-- This site is optimized with the Yoast SEO plugin v27.4 - https:\/\/yoast.com\/product\/yoast-seo-wordpress\/ -->\n<title>MIGUEL DISCUTE SITUA\u00c7\u00c3O DO HOSPITAL DOM MALAN COM GESTORES DO IMIP - Blog do Farn\u00e9sio<\/title>\n<meta name=\"robots\" content=\"index, follow, max-snippet:-1, max-image-preview:large, max-video-preview:-1\" \/>\n<link rel=\"canonical\" href=\"https:\/\/blogdofarnesio.com.br\/?p=197263\" \/>\n<meta property=\"og:locale\" content=\"pt_BR\" \/>\n<meta property=\"og:type\" content=\"article\" \/>\n<meta property=\"og:title\" content=\"MIGUEL DISCUTE SITUA\u00c7\u00c3O DO HOSPITAL DOM MALAN COM GESTORES DO IMIP - Blog do Farn\u00e9sio\" \/>\n<meta property=\"og:description\" content=\"Preocupado com a situa\u00e7\u00e3o do atendimento no Hospital Dom Malan, o prefeito Miguel Coelho recebeu nesta quarta (09) o diretor da unidade hospitalar, Etiel Lins, e a superintendente do Imip Gest\u00e3o Hospitalar, Ana Claudia Figueira. Durante o encontro ocorrido na sede da Prefeitura de Petrolina, o prefeito pediu esclarecimentos sobre a superlota\u00e7\u00e3o do Dom Malan e ofereceu apoio para desafogar principalmente a maternidade da estrutura de sa\u00fade estadual. Uma das propostas de Miguel foi a Prefeitura custear leitos de retaguarda para ampliar a capacidade do Dom Malan. \u201cHoje, o hospital tem 140% de atendimento, ou seja, est\u00e1 com a capacidade superada e menos da metade dos pacientes s\u00e3o de Petrolina, enquanto a maioria \u00e9 de pessoas de outras 52 cidades.&hellip;\" \/>\n<meta property=\"og:url\" content=\"https:\/\/blogdofarnesio.com.br\/?p=197263\" \/>\n<meta property=\"og:site_name\" content=\"Blog do Farn\u00e9sio\" \/>\n<meta property=\"article:publisher\" content=\"https:\/\/www.facebook.com\/BlogQuerSaberPolitica\/\" \/>\n<meta property=\"article:published_time\" content=\"2018-05-10T13:22:22+00:00\" \/>\n<meta property=\"og:image\" content=\"https:\/\/blogdofarnesio.com.br\/wp-content\/uploads\/2018\/05\/blogqsp-miguel-1.jpg\" \/>\n\t<meta property=\"og:image:width\" content=\"640\" \/>\n\t<meta property=\"og:image:height\" content=\"427\" \/>\n\t<meta property=\"og:image:type\" content=\"image\/jpeg\" \/>\n<meta name=\"author\" content=\"Farn\u00e9sio\" \/>\n<meta name=\"twitter:card\" content=\"summary_large_image\" \/>\n<meta name=\"twitter:label1\" content=\"Escrito por\" \/>\n\t<meta name=\"twitter:data1\" content=\"Farn\u00e9sio\" \/>\n\t<meta name=\"twitter:label2\" content=\"Est. tempo de leitura\" \/>\n\t<meta name=\"twitter:data2\" content=\"1 minuto\" \/>\n<script type=\"application\/ld+json\" class=\"yoast-schema-graph\">{\"@context\":\"https:\\\/\\\/schema.org\",\"@graph\":[{\"@type\":\"Article\",\"@id\":\"https:\\\/\\\/blogdofarnesio.com.br\\\/?p=197263#article\",\"isPartOf\":{\"@id\":\"https:\\\/\\\/blogdofarnesio.com.br\\\/?p=197263\"},\"author\":{\"name\":\"Farn\u00e9sio\",\"@id\":\"https:\\\/\\\/blogdofarnesio.com.br\\\/#\\\/schema\\\/person\\\/301c4acf522bccbfdb45af95b5b906a1\"},\"headline\":\"MIGUEL DISCUTE SITUA\u00c7\u00c3O DO HOSPITAL DOM MALAN COM GESTORES DO IMIP\",\"datePublished\":\"2018-05-10T13:22:22+00:00\",\"mainEntityOfPage\":{\"@id\":\"https:\\\/\\\/blogdofarnesio.com.br\\\/?p=197263\"},\"wordCount\":303,\"publisher\":{\"@id\":\"https:\\\/\\\/blogdofarnesio.com.br\\\/#organization\"},\"image\":{\"@id\":\"https:\\\/\\\/blogdofarnesio.com.br\\\/?p=197263#primaryimage\"},\"thumbnailUrl\":\"https:\\\/\\\/blogdofarnesio.com.br\\\/wp-content\\\/uploads\\\/2018\\\/05\\\/blogqsp-miguel-1.jpg\",\"articleSection\":[\"Administra\u00e7\u00e3o\"],\"inLanguage\":\"pt-BR\"},{\"@type\":\"WebPage\",\"@id\":\"https:\\\/\\\/blogdofarnesio.com.br\\\/?p=197263\",\"url\":\"https:\\\/\\\/blogdofarnesio.com.br\\\/?p=197263\",\"name\":\"MIGUEL DISCUTE SITUA\u00c7\u00c3O DO HOSPITAL DOM MALAN COM GESTORES DO IMIP - Blog do Farn\u00e9sio\",\"isPartOf\":{\"@id\":\"https:\\\/\\\/blogdofarnesio.com.br\\\/#website\"},\"primaryImageOfPage\":{\"@id\":\"https:\\\/\\\/blogdofarnesio.com.br\\\/?p=197263#primaryimage\"},\"image\":{\"@id\":\"https:\\\/\\\/blogdofarnesio.com.br\\\/?p=197263#primaryimage\"},\"thumbnailUrl\":\"https:\\\/\\\/blogdofarnesio.com.br\\\/wp-content\\\/uploads\\\/2018\\\/05\\\/blogqsp-miguel-1.jpg\",\"datePublished\":\"2018-05-10T13:22:22+00:00\",\"breadcrumb\":{\"@id\":\"https:\\\/\\\/blogdofarnesio.com.br\\\/?p=197263#breadcrumb\"},\"inLanguage\":\"pt-BR\",\"potentialAction\":[{\"@type\":\"ReadAction\",\"target\":[\"https:\\\/\\\/blogdofarnesio.com.br\\\/?p=197263\"]}]},{\"@type\":\"ImageObject\",\"inLanguage\":\"pt-BR\",\"@id\":\"https:\\\/\\\/blogdofarnesio.com.br\\\/?p=197263#primaryimage\",\"url\":\"https:\\\/\\\/blogdofarnesio.com.br\\\/wp-content\\\/uploads\\\/2018\\\/05\\\/blogqsp-miguel-1.jpg\",\"contentUrl\":\"https:\\\/\\\/blogdofarnesio.com.br\\\/wp-content\\\/uploads\\\/2018\\\/05\\\/blogqsp-miguel-1.jpg\",\"width\":640,\"height\":427},{\"@type\":\"BreadcrumbList\",\"@id\":\"https:\\\/\\\/blogdofarnesio.com.br\\\/?p=197263#breadcrumb\",\"itemListElement\":[{\"@type\":\"ListItem\",\"position\":1,\"name\":\"In\u00edcio\",\"item\":\"https:\\\/\\\/blogdofarnesio.com.br\\\/\"},{\"@type\":\"ListItem\",\"position\":2,\"name\":\"MIGUEL DISCUTE SITUA\u00c7\u00c3O DO HOSPITAL DOM MALAN COM GESTORES DO IMIP\"}]},{\"@type\":\"WebSite\",\"@id\":\"https:\\\/\\\/blogdofarnesio.com.br\\\/#website\",\"url\":\"https:\\\/\\\/blogdofarnesio.com.br\\\/\",\"name\":\"Blog do Farn\u00e9sio\",\"description\":\"Quer Saber Pol\u00edtica?\",\"publisher\":{\"@id\":\"https:\\\/\\\/blogdofarnesio.com.br\\\/#organization\"},\"potentialAction\":[{\"@type\":\"SearchAction\",\"target\":{\"@type\":\"EntryPoint\",\"urlTemplate\":\"https:\\\/\\\/blogdofarnesio.com.br\\\/?s={search_term_string}\"},\"query-input\":{\"@type\":\"PropertyValueSpecification\",\"valueRequired\":true,\"valueName\":\"search_term_string\"}}],\"inLanguage\":\"pt-BR\"},{\"@type\":\"Organization\",\"@id\":\"https:\\\/\\\/blogdofarnesio.com.br\\\/#organization\",\"name\":\"Blog do Farn\u00e9sio\",\"url\":\"https:\\\/\\\/blogdofarnesio.com.br\\\/\",\"logo\":{\"@type\":\"ImageObject\",\"inLanguage\":\"pt-BR\",\"@id\":\"https:\\\/\\\/blogdofarnesio.com.br\\\/#\\\/schema\\\/logo\\\/image\\\/\",\"url\":\"https:\\\/\\\/blogdofarnesio.com.br\\\/wp-content\\\/uploads\\\/2026\\\/03\\\/cropped-logo_new-1.png\",\"contentUrl\":\"https:\\\/\\\/blogdofarnesio.com.br\\\/wp-content\\\/uploads\\\/2026\\\/03\\\/cropped-logo_new-1.png\",\"width\":881,\"height\":685,\"caption\":\"Blog do Farn\u00e9sio\"},\"image\":{\"@id\":\"https:\\\/\\\/blogdofarnesio.com.br\\\/#\\\/schema\\\/logo\\\/image\\\/\"},\"sameAs\":[\"https:\\\/\\\/www.facebook.com\\\/BlogQuerSaberPolitica\\\/\"]},{\"@type\":\"Person\",\"@id\":\"https:\\\/\\\/blogdofarnesio.com.br\\\/#\\\/schema\\\/person\\\/301c4acf522bccbfdb45af95b5b906a1\",\"name\":\"Farn\u00e9sio\",\"image\":{\"@type\":\"ImageObject\",\"inLanguage\":\"pt-BR\",\"@id\":\"https:\\\/\\\/secure.gravatar.com\\\/avatar\\\/df0c9a14567c056f8ad6876ba5bbd1e3e2c48023eb6807342fc4663adf549f38?s=96&d=mm&r=g\",\"url\":\"https:\\\/\\\/secure.gravatar.com\\\/avatar\\\/df0c9a14567c056f8ad6876ba5bbd1e3e2c48023eb6807342fc4663adf549f38?s=96&d=mm&r=g\",\"contentUrl\":\"https:\\\/\\\/secure.gravatar.com\\\/avatar\\\/df0c9a14567c056f8ad6876ba5bbd1e3e2c48023eb6807342fc4663adf549f38?s=96&d=mm&r=g\",\"caption\":\"Farn\u00e9sio\"},\"sameAs\":[\"https:\\\/\\\/quersaberpolitica.com.br\"],\"url\":\"https:\\\/\\\/blogdofarnesio.com.br\\\/?author=1\"}]}<\/script>\n<!-- \/ Yoast SEO plugin. -->","yoast_head_json":{"title":"MIGUEL DISCUTE SITUA\u00c7\u00c3O DO HOSPITAL DOM MALAN COM GESTORES DO IMIP - Blog do Farn\u00e9sio","robots":{"index":"index","follow":"follow","max-snippet":"max-snippet:-1","max-image-preview":"max-image-preview:large","max-video-preview":"max-video-preview:-1"},"canonical":"https:\/\/blogdofarnesio.com.br\/?p=197263","og_locale":"pt_BR","og_type":"article","og_title":"MIGUEL DISCUTE SITUA\u00c7\u00c3O DO HOSPITAL DOM MALAN COM GESTORES DO IMIP - Blog do Farn\u00e9sio","og_description":"Preocupado com a situa\u00e7\u00e3o do atendimento no Hospital Dom Malan, o prefeito Miguel Coelho recebeu nesta quarta (09) o diretor da unidade hospitalar, Etiel Lins, e a superintendente do Imip Gest\u00e3o Hospitalar, Ana Claudia Figueira. Durante o encontro ocorrido na sede da Prefeitura de Petrolina, o prefeito pediu esclarecimentos sobre a superlota\u00e7\u00e3o do Dom Malan e ofereceu apoio para desafogar principalmente a maternidade da estrutura de sa\u00fade estadual. Uma das propostas de Miguel foi a Prefeitura custear leitos de retaguarda para ampliar a capacidade do Dom Malan. \u201cHoje, o hospital tem 140% de atendimento, ou seja, est\u00e1 com a capacidade superada e menos da metade dos pacientes s\u00e3o de Petrolina, enquanto a maioria \u00e9 de pessoas de outras 52 cidades.&hellip;","og_url":"https:\/\/blogdofarnesio.com.br\/?p=197263","og_site_name":"Blog do Farn\u00e9sio","article_publisher":"https:\/\/www.facebook.com\/BlogQuerSaberPolitica\/","article_published_time":"2018-05-10T13:22:22+00:00","og_image":[{"width":640,"height":427,"url":"https:\/\/blogdofarnesio.com.br\/wp-content\/uploads\/2018\/05\/blogqsp-miguel-1.jpg","type":"image\/jpeg"}],"author":"Farn\u00e9sio","twitter_card":"summary_large_image","twitter_misc":{"Escrito por":"Farn\u00e9sio","Est. tempo de leitura":"1 minuto"},"schema":{"@context":"https:\/\/schema.org","@graph":[{"@type":"Article","@id":"https:\/\/blogdofarnesio.com.br\/?p=197263#article","isPartOf":{"@id":"https:\/\/blogdofarnesio.com.br\/?p=197263"},"author":{"name":"Farn\u00e9sio","@id":"https:\/\/blogdofarnesio.com.br\/#\/schema\/person\/301c4acf522bccbfdb45af95b5b906a1"},"headline":"MIGUEL DISCUTE SITUA\u00c7\u00c3O DO HOSPITAL DOM MALAN COM GESTORES DO IMIP","datePublished":"2018-05-10T13:22:22+00:00","mainEntityOfPage":{"@id":"https:\/\/blogdofarnesio.com.br\/?p=197263"},"wordCount":303,"publisher":{"@id":"https:\/\/blogdofarnesio.com.br\/#organization"},"image":{"@id":"https:\/\/blogdofarnesio.com.br\/?p=197263#primaryimage"},"thumbnailUrl":"https:\/\/blogdofarnesio.com.br\/wp-content\/uploads\/2018\/05\/blogqsp-miguel-1.jpg","articleSection":["Administra\u00e7\u00e3o"],"inLanguage":"pt-BR"},{"@type":"WebPage","@id":"https:\/\/blogdofarnesio.com.br\/?p=197263","url":"https:\/\/blogdofarnesio.com.br\/?p=197263","name":"MIGUEL DISCUTE SITUA\u00c7\u00c3O DO HOSPITAL DOM MALAN COM GESTORES DO IMIP - Blog do Farn\u00e9sio","isPartOf":{"@id":"https:\/\/blogdofarnesio.com.br\/#website"},"primaryImageOfPage":{"@id":"https:\/\/blogdofarnesio.com.br\/?p=197263#primaryimage"},"image":{"@id":"https:\/\/blogdofarnesio.com.br\/?p=197263#primaryimage"},"thumbnailUrl":"https:\/\/blogdofarnesio.com.br\/wp-content\/uploads\/2018\/05\/blogqsp-miguel-1.jpg","datePublished":"2018-05-10T13:22:22+00:00","breadcrumb":{"@id":"https:\/\/blogdofarnesio.com.br\/?p=197263#breadcrumb"},"inLanguage":"pt-BR","potentialAction":[{"@type":"ReadAction","target":["https:\/\/blogdofarnesio.com.br\/?p=197263"]}]},{"@type":"ImageObject","inLanguage":"pt-BR","@id":"https:\/\/blogdofarnesio.com.br\/?p=197263#primaryimage","url":"https:\/\/blogdofarnesio.com.br\/wp-content\/uploads\/2018\/05\/blogqsp-miguel-1.jpg","contentUrl":"https:\/\/blogdofarnesio.com.br\/wp-content\/uploads\/2018\/05\/blogqsp-miguel-1.jpg","width":640,"height":427},{"@type":"BreadcrumbList","@id":"https:\/\/blogdofarnesio.com.br\/?p=197263#breadcrumb","itemListElement":[{"@type":"ListItem","position":1,"name":"In\u00edcio","item":"https:\/\/blogdofarnesio.com.br\/"},{"@type":"ListItem","position":2,"name":"MIGUEL DISCUTE SITUA\u00c7\u00c3O DO HOSPITAL DOM MALAN COM GESTORES DO IMIP"}]},{"@type":"WebSite","@id":"https:\/\/blogdofarnesio.com.br\/#website","url":"https:\/\/blogdofarnesio.com.br\/","name":"Blog do Farn\u00e9sio","description":"Quer Saber Pol\u00edtica?","publisher":{"@id":"https:\/\/blogdofarnesio.com.br\/#organization"},"potentialAction":[{"@type":"SearchAction","target":{"@type":"EntryPoint","urlTemplate":"https:\/\/blogdofarnesio.com.br\/?s={search_term_string}"},"query-input":{"@type":"PropertyValueSpecification","valueRequired":true,"valueName":"search_term_string"}}],"inLanguage":"pt-BR"},{"@type":"Organization","@id":"https:\/\/blogdofarnesio.com.br\/#organization","name":"Blog do Farn\u00e9sio","url":"https:\/\/blogdofarnesio.com.br\/","logo":{"@type":"ImageObject","inLanguage":"pt-BR","@id":"https:\/\/blogdofarnesio.com.br\/#\/schema\/logo\/image\/","url":"https:\/\/blogdofarnesio.com.br\/wp-content\/uploads\/2026\/03\/cropped-logo_new-1.png","contentUrl":"https:\/\/blogdofarnesio.com.br\/wp-content\/uploads\/2026\/03\/cropped-logo_new-1.png","width":881,"height":685,"caption":"Blog do Farn\u00e9sio"},"image":{"@id":"https:\/\/blogdofarnesio.com.br\/#\/schema\/logo\/image\/"},"sameAs":["https:\/\/www.facebook.com\/BlogQuerSaberPolitica\/"]},{"@type":"Person","@id":"https:\/\/blogdofarnesio.com.br\/#\/schema\/person\/301c4acf522bccbfdb45af95b5b906a1","name":"Farn\u00e9sio","image":{"@type":"ImageObject","inLanguage":"pt-BR","@id":"https:\/\/secure.gravatar.com\/avatar\/df0c9a14567c056f8ad6876ba5bbd1e3e2c48023eb6807342fc4663adf549f38?s=96&d=mm&r=g","url":"https:\/\/secure.gravatar.com\/avatar\/df0c9a14567c056f8ad6876ba5bbd1e3e2c48023eb6807342fc4663adf549f38?s=96&d=mm&r=g","contentUrl":"https:\/\/secure.gravatar.com\/avatar\/df0c9a14567c056f8ad6876ba5bbd1e3e2c48023eb6807342fc4663adf549f38?s=96&d=mm&r=g","caption":"Farn\u00e9sio"},"sameAs":["https:\/\/quersaberpolitica.com.br"],"url":"https:\/\/blogdofarnesio.com.br\/?author=1"}]}},"_links":{"self":[{"href":"https:\/\/blogdofarnesio.com.br\/index.php?rest_route=\/wp\/v2\/posts\/197263","targetHints":{"allow":["GET"]}}],"collection":[{"href":"https:\/\/blogdofarnesio.com.br\/index.php?rest_route=\/wp\/v2\/posts"}],"about":[{"href":"https:\/\/blogdofarnesio.com.br\/index.php?rest_route=\/wp\/v2\/types\/post"}],"author":[{"embeddable":true,"href":"https:\/\/blogdofarnesio.com.br\/index.php?rest_route=\/wp\/v2\/users\/1"}],"replies":[{"embeddable":true,"href":"https:\/\/blogdofarnesio.com.br\/index.php?rest_route=%2Fwp%2Fv2%2Fcomments&post=197263"}],"version-history":[{"count":0,"href":"https:\/\/blogdofarnesio.com.br\/index.php?rest_route=\/wp\/v2\/posts\/197263\/revisions"}],"wp:featuredmedia":[{"embeddable":true,"href":"https:\/\/blogdofarnesio.com.br\/index.php?rest_route=\/wp\/v2\/media\/197264"}],"wp:attachment":[{"href":"https:\/\/blogdofarnesio.com.br\/index.php?rest_route=%2Fwp%2Fv2%2Fmedia&parent=197263"}],"wp:term":[{"taxonomy":"category","embeddable":true,"href":"https:\/\/blogdofarnesio.com.br\/index.php?rest_route=%2Fwp%2Fv2%2Fcategories&post=197263"},{"taxonomy":"post_tag","embeddable":true,"href":"https:\/\/blogdofarnesio.com.br\/index.php?rest_route=%2Fwp%2Fv2%2Ftags&post=197263"}],"curies":[{"name":"wp","href":"https:\/\/api.w.org\/{rel}","templated":true}]}}