{"id":197237,"date":"2018-05-10T10:43:56","date_gmt":"2018-05-10T13:43:56","guid":{"rendered":"http:\/\/quersaberpolitica.com.br\/2016\/?p=197237"},"modified":"2018-05-09T20:34:25","modified_gmt":"2018-05-09T23:34:25","slug":"em-juazeiro-ruas-pavimentadas-e-saneadas-no-jd-das-acacias-serao-inauguradas-nessa-sexta-feira-11","status":"publish","type":"post","link":"https:\/\/blogdofarnesio.com.br\/?p=197237","title":{"rendered":"EM JUAZEIRO, RUAS PAVIMENTADAS E SANEADAS NO JD DAS AC\u00c1CIAS SER\u00c3O INAUGURADAS NESSA SEXTA-FEIRA (11)"},"content":{"rendered":"<p style=\"text-align: justify;\">Cumprindo mais uma agenda do Programa \u2018Toda Sexta Tem Obra\u2019 a Prefeitura de Juazeiro inaugura nessa sexta-feira (11) \u00e0s 09h, a pavimenta\u00e7\u00e3o e saneamento das Ruas Frei Galv\u00e3o e Jerusal\u00e9m, no bairro Jardim das Ac\u00e1cias.<\/p>\n<p style=\"text-align: justify;\">As Ruas Frei Galv\u00e3o e Jerusal\u00e9m, com extens\u00e3o aproximada de 180 m e 200 m respectivamente, foram beneficiadas com os servi\u00e7os de saneamento, drenagem superficial (meio fio e sarjeta), cal\u00e7adas e pavimenta\u00e7\u00e3o em paralelep\u00edpedos de pedra calc\u00e1ria, em toda a extens\u00e3o.<\/p>\n<p style=\"text-align: justify;\">A pavimenta\u00e7\u00e3o e o saneamento das duas vias fazem parte do conjunto de obras do Projeto da Interven\u00e7\u00e3o da Poligonal Urbana de Juazeiro que contempla um total de 12 bairros com obras de pavimenta\u00e7\u00e3o, drenagem, recapeamento de parte do corredor de \u00f4nibus da Poligonal, revitaliza\u00e7\u00e3o, urbaniza\u00e7\u00e3o e macrodrenagem do Canal da Malhada da Areia (dando origem a duas avenidas. paralelas), revitaliza\u00e7\u00e3o, urbaniza\u00e7\u00e3o e macrodrenagem do Canal CAIC, dentre outras interven\u00e7\u00f5es.<\/p>\n<p>Por Gardennia Garibalde\/<strong>SEDUR<\/strong><\/p>\n","protected":false},"excerpt":{"rendered":"<p>Cumprindo mais uma agenda do Programa \u2018Toda Sexta Tem Obra\u2019 a Prefeitura de Juazeiro inaugura nessa sexta-feira (11) \u00e0s 09h, a pavimenta\u00e7\u00e3o e saneamento das Ruas Frei Galv\u00e3o e Jerusal\u00e9m, no bairro Jardim das Ac\u00e1cias. As Ruas Frei Galv\u00e3o e Jerusal\u00e9m, com extens\u00e3o aproximada de 180 m e 200 m respectivamente, foram beneficiadas com os servi\u00e7os de saneamento, drenagem superficial (meio fio e sarjeta), cal\u00e7adas e pavimenta\u00e7\u00e3o em paralelep\u00edpedos de pedra calc\u00e1ria, em toda a extens\u00e3o. A pavimenta\u00e7\u00e3o e o saneamento das duas vias fazem parte do conjunto de obras do Projeto da Interven\u00e7\u00e3o da Poligonal Urbana de Juazeiro que contempla um total de 12 bairros com obras de pavimenta\u00e7\u00e3o, drenagem, recapeamento de parte do corredor de \u00f4nibus da Poligonal,&hellip; <\/p>\n","protected":false},"author":1,"featured_media":189292,"comment_status":"closed","ping_status":"closed","sticky":false,"template":"","format":"standard","meta":{"_acf_changed":false,"footnotes":""},"categories":[44],"tags":[],"class_list":["post-197237","post","type-post","status-publish","format-standard","has-post-thumbnail","hentry","category-administracao"],"acf":[],"yoast_head":"<!-- This site is optimized with the Yoast SEO plugin v27.4 - https:\/\/yoast.com\/product\/yoast-seo-wordpress\/ -->\n<title>EM JUAZEIRO, RUAS PAVIMENTADAS E SANEADAS NO JD DAS AC\u00c1CIAS SER\u00c3O INAUGURADAS NESSA SEXTA-FEIRA (11) - Blog do Farn\u00e9sio<\/title>\n<meta name=\"robots\" content=\"index, follow, max-snippet:-1, max-image-preview:large, max-video-preview:-1\" \/>\n<link rel=\"canonical\" href=\"https:\/\/blogdofarnesio.com.br\/?p=197237\" \/>\n<meta property=\"og:locale\" content=\"pt_BR\" \/>\n<meta property=\"og:type\" content=\"article\" \/>\n<meta property=\"og:title\" content=\"EM JUAZEIRO, RUAS PAVIMENTADAS E SANEADAS NO JD DAS AC\u00c1CIAS SER\u00c3O INAUGURADAS NESSA SEXTA-FEIRA (11) - Blog do Farn\u00e9sio\" \/>\n<meta property=\"og:description\" content=\"Cumprindo mais uma agenda do Programa \u2018Toda Sexta Tem Obra\u2019 a Prefeitura de Juazeiro inaugura nessa sexta-feira (11) \u00e0s 09h, a pavimenta\u00e7\u00e3o e saneamento das Ruas Frei Galv\u00e3o e Jerusal\u00e9m, no bairro Jardim das Ac\u00e1cias. As Ruas Frei Galv\u00e3o e Jerusal\u00e9m, com extens\u00e3o aproximada de 180 m e 200 m respectivamente, foram beneficiadas com os servi\u00e7os de saneamento, drenagem superficial (meio fio e sarjeta), cal\u00e7adas e pavimenta\u00e7\u00e3o em paralelep\u00edpedos de pedra calc\u00e1ria, em toda a extens\u00e3o. A pavimenta\u00e7\u00e3o e o saneamento das duas vias fazem parte do conjunto de obras do Projeto da Interven\u00e7\u00e3o da Poligonal Urbana de Juazeiro que contempla um total de 12 bairros com obras de pavimenta\u00e7\u00e3o, drenagem, recapeamento de parte do corredor de \u00f4nibus da Poligonal,&hellip;\" \/>\n<meta property=\"og:url\" content=\"https:\/\/blogdofarnesio.com.br\/?p=197237\" \/>\n<meta property=\"og:site_name\" content=\"Blog do Farn\u00e9sio\" \/>\n<meta property=\"article:publisher\" content=\"https:\/\/www.facebook.com\/BlogQuerSaberPolitica\/\" \/>\n<meta property=\"article:published_time\" content=\"2018-05-10T13:43:56+00:00\" \/>\n<meta property=\"og:image\" content=\"https:\/\/blogdofarnesio.com.br\/wp-content\/uploads\/2018\/02\/Toda-Sexta-tem-Obra-e1523568402877.jpg\" \/>\n\t<meta property=\"og:image:width\" content=\"500\" \/>\n\t<meta property=\"og:image:height\" content=\"500\" \/>\n\t<meta property=\"og:image:type\" content=\"image\/jpeg\" \/>\n<meta name=\"author\" content=\"Farn\u00e9sio\" \/>\n<meta name=\"twitter:card\" content=\"summary_large_image\" \/>\n<meta name=\"twitter:label1\" content=\"Escrito por\" \/>\n\t<meta name=\"twitter:data1\" content=\"Farn\u00e9sio\" \/>\n\t<meta name=\"twitter:label2\" content=\"Est. tempo de leitura\" \/>\n\t<meta name=\"twitter:data2\" content=\"1 minuto\" \/>\n<script type=\"application\/ld+json\" class=\"yoast-schema-graph\">{\"@context\":\"https:\\\/\\\/schema.org\",\"@graph\":[{\"@type\":\"Article\",\"@id\":\"https:\\\/\\\/blogdofarnesio.com.br\\\/?p=197237#article\",\"isPartOf\":{\"@id\":\"https:\\\/\\\/blogdofarnesio.com.br\\\/?p=197237\"},\"author\":{\"name\":\"Farn\u00e9sio\",\"@id\":\"https:\\\/\\\/blogdofarnesio.com.br\\\/#\\\/schema\\\/person\\\/301c4acf522bccbfdb45af95b5b906a1\"},\"headline\":\"EM JUAZEIRO, RUAS PAVIMENTADAS E SANEADAS NO JD DAS AC\u00c1CIAS SER\u00c3O INAUGURADAS NESSA SEXTA-FEIRA (11)\",\"datePublished\":\"2018-05-10T13:43:56+00:00\",\"mainEntityOfPage\":{\"@id\":\"https:\\\/\\\/blogdofarnesio.com.br\\\/?p=197237\"},\"wordCount\":183,\"publisher\":{\"@id\":\"https:\\\/\\\/blogdofarnesio.com.br\\\/#organization\"},\"image\":{\"@id\":\"https:\\\/\\\/blogdofarnesio.com.br\\\/?p=197237#primaryimage\"},\"thumbnailUrl\":\"https:\\\/\\\/blogdofarnesio.com.br\\\/wp-content\\\/uploads\\\/2018\\\/02\\\/Toda-Sexta-tem-Obra-e1523568402877.jpg\",\"articleSection\":[\"Administra\u00e7\u00e3o\"],\"inLanguage\":\"pt-BR\"},{\"@type\":\"WebPage\",\"@id\":\"https:\\\/\\\/blogdofarnesio.com.br\\\/?p=197237\",\"url\":\"https:\\\/\\\/blogdofarnesio.com.br\\\/?p=197237\",\"name\":\"EM JUAZEIRO, RUAS PAVIMENTADAS E SANEADAS NO JD DAS AC\u00c1CIAS SER\u00c3O INAUGURADAS NESSA SEXTA-FEIRA (11) - Blog do Farn\u00e9sio\",\"isPartOf\":{\"@id\":\"https:\\\/\\\/blogdofarnesio.com.br\\\/#website\"},\"primaryImageOfPage\":{\"@id\":\"https:\\\/\\\/blogdofarnesio.com.br\\\/?p=197237#primaryimage\"},\"image\":{\"@id\":\"https:\\\/\\\/blogdofarnesio.com.br\\\/?p=197237#primaryimage\"},\"thumbnailUrl\":\"https:\\\/\\\/blogdofarnesio.com.br\\\/wp-content\\\/uploads\\\/2018\\\/02\\\/Toda-Sexta-tem-Obra-e1523568402877.jpg\",\"datePublished\":\"2018-05-10T13:43:56+00:00\",\"breadcrumb\":{\"@id\":\"https:\\\/\\\/blogdofarnesio.com.br\\\/?p=197237#breadcrumb\"},\"inLanguage\":\"pt-BR\",\"potentialAction\":[{\"@type\":\"ReadAction\",\"target\":[\"https:\\\/\\\/blogdofarnesio.com.br\\\/?p=197237\"]}]},{\"@type\":\"ImageObject\",\"inLanguage\":\"pt-BR\",\"@id\":\"https:\\\/\\\/blogdofarnesio.com.br\\\/?p=197237#primaryimage\",\"url\":\"https:\\\/\\\/blogdofarnesio.com.br\\\/wp-content\\\/uploads\\\/2018\\\/02\\\/Toda-Sexta-tem-Obra-e1523568402877.jpg\",\"contentUrl\":\"https:\\\/\\\/blogdofarnesio.com.br\\\/wp-content\\\/uploads\\\/2018\\\/02\\\/Toda-Sexta-tem-Obra-e1523568402877.jpg\",\"width\":500,\"height\":500},{\"@type\":\"BreadcrumbList\",\"@id\":\"https:\\\/\\\/blogdofarnesio.com.br\\\/?p=197237#breadcrumb\",\"itemListElement\":[{\"@type\":\"ListItem\",\"position\":1,\"name\":\"In\u00edcio\",\"item\":\"https:\\\/\\\/blogdofarnesio.com.br\\\/\"},{\"@type\":\"ListItem\",\"position\":2,\"name\":\"EM JUAZEIRO, RUAS PAVIMENTADAS E SANEADAS NO JD DAS AC\u00c1CIAS SER\u00c3O INAUGURADAS NESSA SEXTA-FEIRA (11)\"}]},{\"@type\":\"WebSite\",\"@id\":\"https:\\\/\\\/blogdofarnesio.com.br\\\/#website\",\"url\":\"https:\\\/\\\/blogdofarnesio.com.br\\\/\",\"name\":\"Blog do Farn\u00e9sio\",\"description\":\"Quer Saber Pol\u00edtica?\",\"publisher\":{\"@id\":\"https:\\\/\\\/blogdofarnesio.com.br\\\/#organization\"},\"potentialAction\":[{\"@type\":\"SearchAction\",\"target\":{\"@type\":\"EntryPoint\",\"urlTemplate\":\"https:\\\/\\\/blogdofarnesio.com.br\\\/?s={search_term_string}\"},\"query-input\":{\"@type\":\"PropertyValueSpecification\",\"valueRequired\":true,\"valueName\":\"search_term_string\"}}],\"inLanguage\":\"pt-BR\"},{\"@type\":\"Organization\",\"@id\":\"https:\\\/\\\/blogdofarnesio.com.br\\\/#organization\",\"name\":\"Blog do Farn\u00e9sio\",\"url\":\"https:\\\/\\\/blogdofarnesio.com.br\\\/\",\"logo\":{\"@type\":\"ImageObject\",\"inLanguage\":\"pt-BR\",\"@id\":\"https:\\\/\\\/blogdofarnesio.com.br\\\/#\\\/schema\\\/logo\\\/image\\\/\",\"url\":\"https:\\\/\\\/blogdofarnesio.com.br\\\/wp-content\\\/uploads\\\/2026\\\/03\\\/cropped-logo_new-1.png\",\"contentUrl\":\"https:\\\/\\\/blogdofarnesio.com.br\\\/wp-content\\\/uploads\\\/2026\\\/03\\\/cropped-logo_new-1.png\",\"width\":881,\"height\":685,\"caption\":\"Blog do Farn\u00e9sio\"},\"image\":{\"@id\":\"https:\\\/\\\/blogdofarnesio.com.br\\\/#\\\/schema\\\/logo\\\/image\\\/\"},\"sameAs\":[\"https:\\\/\\\/www.facebook.com\\\/BlogQuerSaberPolitica\\\/\"]},{\"@type\":\"Person\",\"@id\":\"https:\\\/\\\/blogdofarnesio.com.br\\\/#\\\/schema\\\/person\\\/301c4acf522bccbfdb45af95b5b906a1\",\"name\":\"Farn\u00e9sio\",\"image\":{\"@type\":\"ImageObject\",\"inLanguage\":\"pt-BR\",\"@id\":\"https:\\\/\\\/secure.gravatar.com\\\/avatar\\\/df0c9a14567c056f8ad6876ba5bbd1e3e2c48023eb6807342fc4663adf549f38?s=96&d=mm&r=g\",\"url\":\"https:\\\/\\\/secure.gravatar.com\\\/avatar\\\/df0c9a14567c056f8ad6876ba5bbd1e3e2c48023eb6807342fc4663adf549f38?s=96&d=mm&r=g\",\"contentUrl\":\"https:\\\/\\\/secure.gravatar.com\\\/avatar\\\/df0c9a14567c056f8ad6876ba5bbd1e3e2c48023eb6807342fc4663adf549f38?s=96&d=mm&r=g\",\"caption\":\"Farn\u00e9sio\"},\"sameAs\":[\"https:\\\/\\\/quersaberpolitica.com.br\"],\"url\":\"https:\\\/\\\/blogdofarnesio.com.br\\\/?author=1\"}]}<\/script>\n<!-- \/ Yoast SEO plugin. -->","yoast_head_json":{"title":"EM JUAZEIRO, RUAS PAVIMENTADAS E SANEADAS NO JD DAS AC\u00c1CIAS SER\u00c3O INAUGURADAS NESSA SEXTA-FEIRA (11) - Blog do Farn\u00e9sio","robots":{"index":"index","follow":"follow","max-snippet":"max-snippet:-1","max-image-preview":"max-image-preview:large","max-video-preview":"max-video-preview:-1"},"canonical":"https:\/\/blogdofarnesio.com.br\/?p=197237","og_locale":"pt_BR","og_type":"article","og_title":"EM JUAZEIRO, RUAS PAVIMENTADAS E SANEADAS NO JD DAS AC\u00c1CIAS SER\u00c3O INAUGURADAS NESSA SEXTA-FEIRA (11) - Blog do Farn\u00e9sio","og_description":"Cumprindo mais uma agenda do Programa \u2018Toda Sexta Tem Obra\u2019 a Prefeitura de Juazeiro inaugura nessa sexta-feira (11) \u00e0s 09h, a pavimenta\u00e7\u00e3o e saneamento das Ruas Frei Galv\u00e3o e Jerusal\u00e9m, no bairro Jardim das Ac\u00e1cias. As Ruas Frei Galv\u00e3o e Jerusal\u00e9m, com extens\u00e3o aproximada de 180 m e 200 m respectivamente, foram beneficiadas com os servi\u00e7os de saneamento, drenagem superficial (meio fio e sarjeta), cal\u00e7adas e pavimenta\u00e7\u00e3o em paralelep\u00edpedos de pedra calc\u00e1ria, em toda a extens\u00e3o. A pavimenta\u00e7\u00e3o e o saneamento das duas vias fazem parte do conjunto de obras do Projeto da Interven\u00e7\u00e3o da Poligonal Urbana de Juazeiro que contempla um total de 12 bairros com obras de pavimenta\u00e7\u00e3o, drenagem, recapeamento de parte do corredor de \u00f4nibus da Poligonal,&hellip;","og_url":"https:\/\/blogdofarnesio.com.br\/?p=197237","og_site_name":"Blog do Farn\u00e9sio","article_publisher":"https:\/\/www.facebook.com\/BlogQuerSaberPolitica\/","article_published_time":"2018-05-10T13:43:56+00:00","og_image":[{"width":500,"height":500,"url":"https:\/\/blogdofarnesio.com.br\/wp-content\/uploads\/2018\/02\/Toda-Sexta-tem-Obra-e1523568402877.jpg","type":"image\/jpeg"}],"author":"Farn\u00e9sio","twitter_card":"summary_large_image","twitter_misc":{"Escrito por":"Farn\u00e9sio","Est. tempo de leitura":"1 minuto"},"schema":{"@context":"https:\/\/schema.org","@graph":[{"@type":"Article","@id":"https:\/\/blogdofarnesio.com.br\/?p=197237#article","isPartOf":{"@id":"https:\/\/blogdofarnesio.com.br\/?p=197237"},"author":{"name":"Farn\u00e9sio","@id":"https:\/\/blogdofarnesio.com.br\/#\/schema\/person\/301c4acf522bccbfdb45af95b5b906a1"},"headline":"EM JUAZEIRO, RUAS PAVIMENTADAS E SANEADAS NO JD DAS AC\u00c1CIAS SER\u00c3O INAUGURADAS NESSA SEXTA-FEIRA (11)","datePublished":"2018-05-10T13:43:56+00:00","mainEntityOfPage":{"@id":"https:\/\/blogdofarnesio.com.br\/?p=197237"},"wordCount":183,"publisher":{"@id":"https:\/\/blogdofarnesio.com.br\/#organization"},"image":{"@id":"https:\/\/blogdofarnesio.com.br\/?p=197237#primaryimage"},"thumbnailUrl":"https:\/\/blogdofarnesio.com.br\/wp-content\/uploads\/2018\/02\/Toda-Sexta-tem-Obra-e1523568402877.jpg","articleSection":["Administra\u00e7\u00e3o"],"inLanguage":"pt-BR"},{"@type":"WebPage","@id":"https:\/\/blogdofarnesio.com.br\/?p=197237","url":"https:\/\/blogdofarnesio.com.br\/?p=197237","name":"EM JUAZEIRO, RUAS PAVIMENTADAS E SANEADAS NO JD DAS AC\u00c1CIAS SER\u00c3O INAUGURADAS NESSA SEXTA-FEIRA (11) - Blog do Farn\u00e9sio","isPartOf":{"@id":"https:\/\/blogdofarnesio.com.br\/#website"},"primaryImageOfPage":{"@id":"https:\/\/blogdofarnesio.com.br\/?p=197237#primaryimage"},"image":{"@id":"https:\/\/blogdofarnesio.com.br\/?p=197237#primaryimage"},"thumbnailUrl":"https:\/\/blogdofarnesio.com.br\/wp-content\/uploads\/2018\/02\/Toda-Sexta-tem-Obra-e1523568402877.jpg","datePublished":"2018-05-10T13:43:56+00:00","breadcrumb":{"@id":"https:\/\/blogdofarnesio.com.br\/?p=197237#breadcrumb"},"inLanguage":"pt-BR","potentialAction":[{"@type":"ReadAction","target":["https:\/\/blogdofarnesio.com.br\/?p=197237"]}]},{"@type":"ImageObject","inLanguage":"pt-BR","@id":"https:\/\/blogdofarnesio.com.br\/?p=197237#primaryimage","url":"https:\/\/blogdofarnesio.com.br\/wp-content\/uploads\/2018\/02\/Toda-Sexta-tem-Obra-e1523568402877.jpg","contentUrl":"https:\/\/blogdofarnesio.com.br\/wp-content\/uploads\/2018\/02\/Toda-Sexta-tem-Obra-e1523568402877.jpg","width":500,"height":500},{"@type":"BreadcrumbList","@id":"https:\/\/blogdofarnesio.com.br\/?p=197237#breadcrumb","itemListElement":[{"@type":"ListItem","position":1,"name":"In\u00edcio","item":"https:\/\/blogdofarnesio.com.br\/"},{"@type":"ListItem","position":2,"name":"EM JUAZEIRO, RUAS PAVIMENTADAS E SANEADAS NO JD DAS AC\u00c1CIAS SER\u00c3O INAUGURADAS NESSA SEXTA-FEIRA (11)"}]},{"@type":"WebSite","@id":"https:\/\/blogdofarnesio.com.br\/#website","url":"https:\/\/blogdofarnesio.com.br\/","name":"Blog do Farn\u00e9sio","description":"Quer Saber Pol\u00edtica?","publisher":{"@id":"https:\/\/blogdofarnesio.com.br\/#organization"},"potentialAction":[{"@type":"SearchAction","target":{"@type":"EntryPoint","urlTemplate":"https:\/\/blogdofarnesio.com.br\/?s={search_term_string}"},"query-input":{"@type":"PropertyValueSpecification","valueRequired":true,"valueName":"search_term_string"}}],"inLanguage":"pt-BR"},{"@type":"Organization","@id":"https:\/\/blogdofarnesio.com.br\/#organization","name":"Blog do Farn\u00e9sio","url":"https:\/\/blogdofarnesio.com.br\/","logo":{"@type":"ImageObject","inLanguage":"pt-BR","@id":"https:\/\/blogdofarnesio.com.br\/#\/schema\/logo\/image\/","url":"https:\/\/blogdofarnesio.com.br\/wp-content\/uploads\/2026\/03\/cropped-logo_new-1.png","contentUrl":"https:\/\/blogdofarnesio.com.br\/wp-content\/uploads\/2026\/03\/cropped-logo_new-1.png","width":881,"height":685,"caption":"Blog do Farn\u00e9sio"},"image":{"@id":"https:\/\/blogdofarnesio.com.br\/#\/schema\/logo\/image\/"},"sameAs":["https:\/\/www.facebook.com\/BlogQuerSaberPolitica\/"]},{"@type":"Person","@id":"https:\/\/blogdofarnesio.com.br\/#\/schema\/person\/301c4acf522bccbfdb45af95b5b906a1","name":"Farn\u00e9sio","image":{"@type":"ImageObject","inLanguage":"pt-BR","@id":"https:\/\/secure.gravatar.com\/avatar\/df0c9a14567c056f8ad6876ba5bbd1e3e2c48023eb6807342fc4663adf549f38?s=96&d=mm&r=g","url":"https:\/\/secure.gravatar.com\/avatar\/df0c9a14567c056f8ad6876ba5bbd1e3e2c48023eb6807342fc4663adf549f38?s=96&d=mm&r=g","contentUrl":"https:\/\/secure.gravatar.com\/avatar\/df0c9a14567c056f8ad6876ba5bbd1e3e2c48023eb6807342fc4663adf549f38?s=96&d=mm&r=g","caption":"Farn\u00e9sio"},"sameAs":["https:\/\/quersaberpolitica.com.br"],"url":"https:\/\/blogdofarnesio.com.br\/?author=1"}]}},"_links":{"self":[{"href":"https:\/\/blogdofarnesio.com.br\/index.php?rest_route=\/wp\/v2\/posts\/197237","targetHints":{"allow":["GET"]}}],"collection":[{"href":"https:\/\/blogdofarnesio.com.br\/index.php?rest_route=\/wp\/v2\/posts"}],"about":[{"href":"https:\/\/blogdofarnesio.com.br\/index.php?rest_route=\/wp\/v2\/types\/post"}],"author":[{"embeddable":true,"href":"https:\/\/blogdofarnesio.com.br\/index.php?rest_route=\/wp\/v2\/users\/1"}],"replies":[{"embeddable":true,"href":"https:\/\/blogdofarnesio.com.br\/index.php?rest_route=%2Fwp%2Fv2%2Fcomments&post=197237"}],"version-history":[{"count":0,"href":"https:\/\/blogdofarnesio.com.br\/index.php?rest_route=\/wp\/v2\/posts\/197237\/revisions"}],"wp:featuredmedia":[{"embeddable":true,"href":"https:\/\/blogdofarnesio.com.br\/index.php?rest_route=\/wp\/v2\/media\/189292"}],"wp:attachment":[{"href":"https:\/\/blogdofarnesio.com.br\/index.php?rest_route=%2Fwp%2Fv2%2Fmedia&parent=197237"}],"wp:term":[{"taxonomy":"category","embeddable":true,"href":"https:\/\/blogdofarnesio.com.br\/index.php?rest_route=%2Fwp%2Fv2%2Fcategories&post=197237"},{"taxonomy":"post_tag","embeddable":true,"href":"https:\/\/blogdofarnesio.com.br\/index.php?rest_route=%2Fwp%2Fv2%2Ftags&post=197237"}],"curies":[{"name":"wp","href":"https:\/\/api.w.org\/{rel}","templated":true}]}}