{"id":197231,"date":"2018-05-10T11:00:28","date_gmt":"2018-05-10T14:00:28","guid":{"rendered":"http:\/\/quersaberpolitica.com.br\/2016\/?p=197231"},"modified":"2018-05-09T20:57:55","modified_gmt":"2018-05-09T23:57:55","slug":"bahia-esta-entre-os-piores-estados-na-questao-da-seguranca-publica","status":"publish","type":"post","link":"https:\/\/blogdofarnesio.com.br\/?p=197231","title":{"rendered":"BAHIA EST\u00c1 ENTRE OS PIORES ESTADOS NA QUEST\u00c3O DA SEGURAN\u00c7A P\u00daBLICA"},"content":{"rendered":"<p style=\"font-weight: 400; text-align: justify;\">A Bahia vive uma triste realidade. Os n\u00fameros da viol\u00eancia continuam subindo e o governo n\u00e3o tem conseguido promover a\u00e7\u00f5es de seguran\u00e7a que reduzam os altos \u00edndices que colocam o estado entre os mais violentos do Pa\u00eds. Somente em 2016, foram 7,1 mil mortes violentas, liderando o ranking nacional, uma m\u00e9dia de 19,47 mortes\/dia. Quatro cidades do estado figuram entre as 10 mais violentas dentre os 27 estados da Na\u00e7\u00e3o. O n\u00famero de assaltos a banco, apesar de a Secretaria de Seguran\u00e7a P\u00fablica comemorar a redu\u00e7\u00e3o, somou 112 em 2017, segundo dados da Contrasp \u2013 Confedera\u00e7\u00e3o Nacional dos Trabalhadores de Seguran\u00e7a Privada.<\/p>\n<p style=\"font-weight: 400; text-align: justify;\">Segundo o pr\u00e9-candidato a governador pelo Democratas, Jos\u00e9 Ronaldo, a estat\u00edstica \u00e9 a prova clara da falta de investimentos eficazes na seguran\u00e7a p\u00fablica, muitas vezes pensada apenas de forma ostensiva, com a for\u00e7a policial, sem se levar em considera\u00e7\u00e3o que a\u00e7\u00f5es voltadas a educa\u00e7\u00e3o, sa\u00fade, esporte e cultura ajudam a reduzir os \u00edndices de criminalidade. \u201cSeguran\u00e7a P\u00fablica \u00e9 uma quest\u00e3o que deve ser pensada de forma estrat\u00e9gica. N\u00e3o \u00e9 poss\u00edvel que o governo se atenha apenas a for\u00e7a policial, sem pensar que a criminalidade cresce justamente por falta em investimentos em desenvolvimento humano. O policial \u00e9 hoje tamb\u00e9m uma v\u00edtima desse sistema, ficando exposto e ainda sendo apontado como culpado\u201d.<\/p>\n<p style=\"font-weight: 400; text-align: justify;\">Os dados est\u00e3o refletidos no ranking de Competitividade dos Estados 2017, levantamento publicado pelo Jornal o Estado de S\u00e3o Paulo e que coloca a Bahia na 23\u00aa posi\u00e7\u00e3o, com Nota 12, contra uma m\u00e9dia nacional de 46,2. Santa Catarina (100), S\u00e3o Paulo (96,4) e Acre (91,9) aparecem nas primeiras coloca\u00e7\u00f5es. A pesquisa aponta que no item \u201cMortes a esclarecer\u201d, o estado \u00e9 o \u00faltimo colocado (27\u00aa coloca\u00e7\u00e3o), a mesma posi\u00e7\u00e3o no quesito Atua\u00e7\u00e3o do Sistema de Justi\u00e7a Criminal, repetindo os n\u00fameros de 2015 e 2016. Com rela\u00e7\u00e3o a \u201cSeguran\u00e7a Patrimonial\u201d (roubos e furtos de ve\u00edculos em rela\u00e7\u00e3o a frota total\/por 100 mil ve\u00edculos) e \u201cSeguran\u00e7a Pessoal\u201d (\u00f3bitos resultantes de homic\u00eddios em rela\u00e7\u00e3o a popula\u00e7\u00e3o total, a Bahia ocupa a 19\u00aa coloca\u00e7\u00e3o.<\/p>\n<p style=\"font-weight: 400; text-align: justify;\">Se for contar os \u00faltimos 10 anos, foram mais de 50 mil homic\u00eddios no estado, dados da pr\u00f3pria Secretaria de Seguran\u00e7a P\u00fablica. Em tr\u00eas anos do governo Rui Costa, os n\u00fameros s\u00e3o assustadores, chegando a quase 19 mil assassinatos, o equivalente \u00e0 popula\u00e7\u00e3o de uma cidade do porte de Coaraci ou Buerarema. Os n\u00fameros continuam assustadores se for verificar o levantamento do \u00faltimo feriad\u00e3o de 1\u00ba de maio, quando foram contabilizadas 28 mortes violentas na Regi\u00e3o Metropolitana do Salvador.<\/p>\n","protected":false},"excerpt":{"rendered":"<p>A Bahia vive uma triste realidade. Os n\u00fameros da viol\u00eancia continuam subindo e o governo n\u00e3o tem conseguido promover a\u00e7\u00f5es de seguran\u00e7a que reduzam os altos \u00edndices que colocam o estado entre os mais violentos do Pa\u00eds. Somente em 2016, foram 7,1 mil mortes violentas, liderando o ranking nacional, uma m\u00e9dia de 19,47 mortes\/dia. Quatro cidades do estado figuram entre as 10 mais violentas dentre os 27 estados da Na\u00e7\u00e3o. O n\u00famero de assaltos a banco, apesar de a Secretaria de Seguran\u00e7a P\u00fablica comemorar a redu\u00e7\u00e3o, somou 112 em 2017, segundo dados da Contrasp \u2013 Confedera\u00e7\u00e3o Nacional dos Trabalhadores de Seguran\u00e7a Privada. Segundo o pr\u00e9-candidato a governador pelo Democratas, Jos\u00e9 Ronaldo, a estat\u00edstica \u00e9 a prova clara da falta de&hellip; <\/p>\n","protected":false},"author":1,"featured_media":197232,"comment_status":"closed","ping_status":"closed","sticky":false,"template":"","format":"standard","meta":{"_acf_changed":false,"footnotes":""},"categories":[1],"tags":[],"class_list":["post-197231","post","type-post","status-publish","format-standard","has-post-thumbnail","hentry","category-politica"],"acf":[],"yoast_head":"<!-- This site is optimized with the Yoast SEO plugin v27.4 - https:\/\/yoast.com\/product\/yoast-seo-wordpress\/ -->\n<title>BAHIA EST\u00c1 ENTRE OS PIORES ESTADOS NA QUEST\u00c3O DA SEGURAN\u00c7A P\u00daBLICA - Blog do Farn\u00e9sio<\/title>\n<meta name=\"robots\" content=\"index, follow, max-snippet:-1, max-image-preview:large, max-video-preview:-1\" \/>\n<link rel=\"canonical\" href=\"https:\/\/blogdofarnesio.com.br\/?p=197231\" \/>\n<meta property=\"og:locale\" content=\"pt_BR\" \/>\n<meta property=\"og:type\" content=\"article\" \/>\n<meta property=\"og:title\" content=\"BAHIA EST\u00c1 ENTRE OS PIORES ESTADOS NA QUEST\u00c3O DA SEGURAN\u00c7A P\u00daBLICA - Blog do Farn\u00e9sio\" \/>\n<meta property=\"og:description\" content=\"A Bahia vive uma triste realidade. Os n\u00fameros da viol\u00eancia continuam subindo e o governo n\u00e3o tem conseguido promover a\u00e7\u00f5es de seguran\u00e7a que reduzam os altos \u00edndices que colocam o estado entre os mais violentos do Pa\u00eds. Somente em 2016, foram 7,1 mil mortes violentas, liderando o ranking nacional, uma m\u00e9dia de 19,47 mortes\/dia. Quatro cidades do estado figuram entre as 10 mais violentas dentre os 27 estados da Na\u00e7\u00e3o. O n\u00famero de assaltos a banco, apesar de a Secretaria de Seguran\u00e7a P\u00fablica comemorar a redu\u00e7\u00e3o, somou 112 em 2017, segundo dados da Contrasp \u2013 Confedera\u00e7\u00e3o Nacional dos Trabalhadores de Seguran\u00e7a Privada. Segundo o pr\u00e9-candidato a governador pelo Democratas, Jos\u00e9 Ronaldo, a estat\u00edstica \u00e9 a prova clara da falta de&hellip;\" \/>\n<meta property=\"og:url\" content=\"https:\/\/blogdofarnesio.com.br\/?p=197231\" \/>\n<meta property=\"og:site_name\" content=\"Blog do Farn\u00e9sio\" \/>\n<meta property=\"article:publisher\" content=\"https:\/\/www.facebook.com\/BlogQuerSaberPolitica\/\" \/>\n<meta property=\"article:published_time\" content=\"2018-05-10T14:00:28+00:00\" \/>\n<meta property=\"og:image\" content=\"https:\/\/blogdofarnesio.com.br\/wp-content\/uploads\/2018\/05\/blogqsp-Jos\u00e9-Ronaldo.jpg\" \/>\n\t<meta property=\"og:image:width\" content=\"640\" \/>\n\t<meta property=\"og:image:height\" content=\"427\" \/>\n\t<meta property=\"og:image:type\" content=\"image\/jpeg\" \/>\n<meta name=\"author\" content=\"Farn\u00e9sio\" \/>\n<meta name=\"twitter:card\" content=\"summary_large_image\" \/>\n<meta name=\"twitter:label1\" content=\"Escrito por\" \/>\n\t<meta name=\"twitter:data1\" content=\"Farn\u00e9sio\" \/>\n\t<meta name=\"twitter:label2\" content=\"Est. tempo de leitura\" \/>\n\t<meta name=\"twitter:data2\" content=\"2 minutos\" \/>\n<script type=\"application\/ld+json\" class=\"yoast-schema-graph\">{\"@context\":\"https:\\\/\\\/schema.org\",\"@graph\":[{\"@type\":\"Article\",\"@id\":\"https:\\\/\\\/blogdofarnesio.com.br\\\/?p=197231#article\",\"isPartOf\":{\"@id\":\"https:\\\/\\\/blogdofarnesio.com.br\\\/?p=197231\"},\"author\":{\"name\":\"Farn\u00e9sio\",\"@id\":\"https:\\\/\\\/blogdofarnesio.com.br\\\/#\\\/schema\\\/person\\\/301c4acf522bccbfdb45af95b5b906a1\"},\"headline\":\"BAHIA EST\u00c1 ENTRE OS PIORES ESTADOS NA QUEST\u00c3O DA SEGURAN\u00c7A P\u00daBLICA\",\"datePublished\":\"2018-05-10T14:00:28+00:00\",\"mainEntityOfPage\":{\"@id\":\"https:\\\/\\\/blogdofarnesio.com.br\\\/?p=197231\"},\"wordCount\":461,\"publisher\":{\"@id\":\"https:\\\/\\\/blogdofarnesio.com.br\\\/#organization\"},\"image\":{\"@id\":\"https:\\\/\\\/blogdofarnesio.com.br\\\/?p=197231#primaryimage\"},\"thumbnailUrl\":\"https:\\\/\\\/blogdofarnesio.com.br\\\/wp-content\\\/uploads\\\/2018\\\/05\\\/blogqsp-Jos\u00e9-Ronaldo.jpg\",\"articleSection\":[\"Pol\u00edtica\"],\"inLanguage\":\"pt-BR\"},{\"@type\":\"WebPage\",\"@id\":\"https:\\\/\\\/blogdofarnesio.com.br\\\/?p=197231\",\"url\":\"https:\\\/\\\/blogdofarnesio.com.br\\\/?p=197231\",\"name\":\"BAHIA EST\u00c1 ENTRE OS PIORES ESTADOS NA QUEST\u00c3O DA SEGURAN\u00c7A P\u00daBLICA - Blog do Farn\u00e9sio\",\"isPartOf\":{\"@id\":\"https:\\\/\\\/blogdofarnesio.com.br\\\/#website\"},\"primaryImageOfPage\":{\"@id\":\"https:\\\/\\\/blogdofarnesio.com.br\\\/?p=197231#primaryimage\"},\"image\":{\"@id\":\"https:\\\/\\\/blogdofarnesio.com.br\\\/?p=197231#primaryimage\"},\"thumbnailUrl\":\"https:\\\/\\\/blogdofarnesio.com.br\\\/wp-content\\\/uploads\\\/2018\\\/05\\\/blogqsp-Jos\u00e9-Ronaldo.jpg\",\"datePublished\":\"2018-05-10T14:00:28+00:00\",\"breadcrumb\":{\"@id\":\"https:\\\/\\\/blogdofarnesio.com.br\\\/?p=197231#breadcrumb\"},\"inLanguage\":\"pt-BR\",\"potentialAction\":[{\"@type\":\"ReadAction\",\"target\":[\"https:\\\/\\\/blogdofarnesio.com.br\\\/?p=197231\"]}]},{\"@type\":\"ImageObject\",\"inLanguage\":\"pt-BR\",\"@id\":\"https:\\\/\\\/blogdofarnesio.com.br\\\/?p=197231#primaryimage\",\"url\":\"https:\\\/\\\/blogdofarnesio.com.br\\\/wp-content\\\/uploads\\\/2018\\\/05\\\/blogqsp-Jos\u00e9-Ronaldo.jpg\",\"contentUrl\":\"https:\\\/\\\/blogdofarnesio.com.br\\\/wp-content\\\/uploads\\\/2018\\\/05\\\/blogqsp-Jos\u00e9-Ronaldo.jpg\",\"width\":640,\"height\":427,\"caption\":\"????????????????????????????????????\"},{\"@type\":\"BreadcrumbList\",\"@id\":\"https:\\\/\\\/blogdofarnesio.com.br\\\/?p=197231#breadcrumb\",\"itemListElement\":[{\"@type\":\"ListItem\",\"position\":1,\"name\":\"In\u00edcio\",\"item\":\"https:\\\/\\\/blogdofarnesio.com.br\\\/\"},{\"@type\":\"ListItem\",\"position\":2,\"name\":\"BAHIA EST\u00c1 ENTRE OS PIORES ESTADOS NA QUEST\u00c3O DA SEGURAN\u00c7A P\u00daBLICA\"}]},{\"@type\":\"WebSite\",\"@id\":\"https:\\\/\\\/blogdofarnesio.com.br\\\/#website\",\"url\":\"https:\\\/\\\/blogdofarnesio.com.br\\\/\",\"name\":\"Blog do Farn\u00e9sio\",\"description\":\"Quer Saber Pol\u00edtica?\",\"publisher\":{\"@id\":\"https:\\\/\\\/blogdofarnesio.com.br\\\/#organization\"},\"potentialAction\":[{\"@type\":\"SearchAction\",\"target\":{\"@type\":\"EntryPoint\",\"urlTemplate\":\"https:\\\/\\\/blogdofarnesio.com.br\\\/?s={search_term_string}\"},\"query-input\":{\"@type\":\"PropertyValueSpecification\",\"valueRequired\":true,\"valueName\":\"search_term_string\"}}],\"inLanguage\":\"pt-BR\"},{\"@type\":\"Organization\",\"@id\":\"https:\\\/\\\/blogdofarnesio.com.br\\\/#organization\",\"name\":\"Blog do Farn\u00e9sio\",\"url\":\"https:\\\/\\\/blogdofarnesio.com.br\\\/\",\"logo\":{\"@type\":\"ImageObject\",\"inLanguage\":\"pt-BR\",\"@id\":\"https:\\\/\\\/blogdofarnesio.com.br\\\/#\\\/schema\\\/logo\\\/image\\\/\",\"url\":\"https:\\\/\\\/blogdofarnesio.com.br\\\/wp-content\\\/uploads\\\/2026\\\/03\\\/cropped-logo_new-1.png\",\"contentUrl\":\"https:\\\/\\\/blogdofarnesio.com.br\\\/wp-content\\\/uploads\\\/2026\\\/03\\\/cropped-logo_new-1.png\",\"width\":881,\"height\":685,\"caption\":\"Blog do Farn\u00e9sio\"},\"image\":{\"@id\":\"https:\\\/\\\/blogdofarnesio.com.br\\\/#\\\/schema\\\/logo\\\/image\\\/\"},\"sameAs\":[\"https:\\\/\\\/www.facebook.com\\\/BlogQuerSaberPolitica\\\/\"]},{\"@type\":\"Person\",\"@id\":\"https:\\\/\\\/blogdofarnesio.com.br\\\/#\\\/schema\\\/person\\\/301c4acf522bccbfdb45af95b5b906a1\",\"name\":\"Farn\u00e9sio\",\"image\":{\"@type\":\"ImageObject\",\"inLanguage\":\"pt-BR\",\"@id\":\"https:\\\/\\\/secure.gravatar.com\\\/avatar\\\/df0c9a14567c056f8ad6876ba5bbd1e3e2c48023eb6807342fc4663adf549f38?s=96&d=mm&r=g\",\"url\":\"https:\\\/\\\/secure.gravatar.com\\\/avatar\\\/df0c9a14567c056f8ad6876ba5bbd1e3e2c48023eb6807342fc4663adf549f38?s=96&d=mm&r=g\",\"contentUrl\":\"https:\\\/\\\/secure.gravatar.com\\\/avatar\\\/df0c9a14567c056f8ad6876ba5bbd1e3e2c48023eb6807342fc4663adf549f38?s=96&d=mm&r=g\",\"caption\":\"Farn\u00e9sio\"},\"sameAs\":[\"https:\\\/\\\/quersaberpolitica.com.br\"],\"url\":\"https:\\\/\\\/blogdofarnesio.com.br\\\/?author=1\"}]}<\/script>\n<!-- \/ Yoast SEO plugin. -->","yoast_head_json":{"title":"BAHIA EST\u00c1 ENTRE OS PIORES ESTADOS NA QUEST\u00c3O DA SEGURAN\u00c7A P\u00daBLICA - Blog do Farn\u00e9sio","robots":{"index":"index","follow":"follow","max-snippet":"max-snippet:-1","max-image-preview":"max-image-preview:large","max-video-preview":"max-video-preview:-1"},"canonical":"https:\/\/blogdofarnesio.com.br\/?p=197231","og_locale":"pt_BR","og_type":"article","og_title":"BAHIA EST\u00c1 ENTRE OS PIORES ESTADOS NA QUEST\u00c3O DA SEGURAN\u00c7A P\u00daBLICA - Blog do Farn\u00e9sio","og_description":"A Bahia vive uma triste realidade. Os n\u00fameros da viol\u00eancia continuam subindo e o governo n\u00e3o tem conseguido promover a\u00e7\u00f5es de seguran\u00e7a que reduzam os altos \u00edndices que colocam o estado entre os mais violentos do Pa\u00eds. Somente em 2016, foram 7,1 mil mortes violentas, liderando o ranking nacional, uma m\u00e9dia de 19,47 mortes\/dia. Quatro cidades do estado figuram entre as 10 mais violentas dentre os 27 estados da Na\u00e7\u00e3o. O n\u00famero de assaltos a banco, apesar de a Secretaria de Seguran\u00e7a P\u00fablica comemorar a redu\u00e7\u00e3o, somou 112 em 2017, segundo dados da Contrasp \u2013 Confedera\u00e7\u00e3o Nacional dos Trabalhadores de Seguran\u00e7a Privada. Segundo o pr\u00e9-candidato a governador pelo Democratas, Jos\u00e9 Ronaldo, a estat\u00edstica \u00e9 a prova clara da falta de&hellip;","og_url":"https:\/\/blogdofarnesio.com.br\/?p=197231","og_site_name":"Blog do Farn\u00e9sio","article_publisher":"https:\/\/www.facebook.com\/BlogQuerSaberPolitica\/","article_published_time":"2018-05-10T14:00:28+00:00","og_image":[{"width":640,"height":427,"url":"https:\/\/blogdofarnesio.com.br\/wp-content\/uploads\/2018\/05\/blogqsp-Jos\u00e9-Ronaldo.jpg","type":"image\/jpeg"}],"author":"Farn\u00e9sio","twitter_card":"summary_large_image","twitter_misc":{"Escrito por":"Farn\u00e9sio","Est. tempo de leitura":"2 minutos"},"schema":{"@context":"https:\/\/schema.org","@graph":[{"@type":"Article","@id":"https:\/\/blogdofarnesio.com.br\/?p=197231#article","isPartOf":{"@id":"https:\/\/blogdofarnesio.com.br\/?p=197231"},"author":{"name":"Farn\u00e9sio","@id":"https:\/\/blogdofarnesio.com.br\/#\/schema\/person\/301c4acf522bccbfdb45af95b5b906a1"},"headline":"BAHIA EST\u00c1 ENTRE OS PIORES ESTADOS NA QUEST\u00c3O DA SEGURAN\u00c7A P\u00daBLICA","datePublished":"2018-05-10T14:00:28+00:00","mainEntityOfPage":{"@id":"https:\/\/blogdofarnesio.com.br\/?p=197231"},"wordCount":461,"publisher":{"@id":"https:\/\/blogdofarnesio.com.br\/#organization"},"image":{"@id":"https:\/\/blogdofarnesio.com.br\/?p=197231#primaryimage"},"thumbnailUrl":"https:\/\/blogdofarnesio.com.br\/wp-content\/uploads\/2018\/05\/blogqsp-Jos\u00e9-Ronaldo.jpg","articleSection":["Pol\u00edtica"],"inLanguage":"pt-BR"},{"@type":"WebPage","@id":"https:\/\/blogdofarnesio.com.br\/?p=197231","url":"https:\/\/blogdofarnesio.com.br\/?p=197231","name":"BAHIA EST\u00c1 ENTRE OS PIORES ESTADOS NA QUEST\u00c3O DA SEGURAN\u00c7A P\u00daBLICA - Blog do Farn\u00e9sio","isPartOf":{"@id":"https:\/\/blogdofarnesio.com.br\/#website"},"primaryImageOfPage":{"@id":"https:\/\/blogdofarnesio.com.br\/?p=197231#primaryimage"},"image":{"@id":"https:\/\/blogdofarnesio.com.br\/?p=197231#primaryimage"},"thumbnailUrl":"https:\/\/blogdofarnesio.com.br\/wp-content\/uploads\/2018\/05\/blogqsp-Jos\u00e9-Ronaldo.jpg","datePublished":"2018-05-10T14:00:28+00:00","breadcrumb":{"@id":"https:\/\/blogdofarnesio.com.br\/?p=197231#breadcrumb"},"inLanguage":"pt-BR","potentialAction":[{"@type":"ReadAction","target":["https:\/\/blogdofarnesio.com.br\/?p=197231"]}]},{"@type":"ImageObject","inLanguage":"pt-BR","@id":"https:\/\/blogdofarnesio.com.br\/?p=197231#primaryimage","url":"https:\/\/blogdofarnesio.com.br\/wp-content\/uploads\/2018\/05\/blogqsp-Jos\u00e9-Ronaldo.jpg","contentUrl":"https:\/\/blogdofarnesio.com.br\/wp-content\/uploads\/2018\/05\/blogqsp-Jos\u00e9-Ronaldo.jpg","width":640,"height":427,"caption":"????????????????????????????????????"},{"@type":"BreadcrumbList","@id":"https:\/\/blogdofarnesio.com.br\/?p=197231#breadcrumb","itemListElement":[{"@type":"ListItem","position":1,"name":"In\u00edcio","item":"https:\/\/blogdofarnesio.com.br\/"},{"@type":"ListItem","position":2,"name":"BAHIA EST\u00c1 ENTRE OS PIORES ESTADOS NA QUEST\u00c3O DA SEGURAN\u00c7A P\u00daBLICA"}]},{"@type":"WebSite","@id":"https:\/\/blogdofarnesio.com.br\/#website","url":"https:\/\/blogdofarnesio.com.br\/","name":"Blog do Farn\u00e9sio","description":"Quer Saber Pol\u00edtica?","publisher":{"@id":"https:\/\/blogdofarnesio.com.br\/#organization"},"potentialAction":[{"@type":"SearchAction","target":{"@type":"EntryPoint","urlTemplate":"https:\/\/blogdofarnesio.com.br\/?s={search_term_string}"},"query-input":{"@type":"PropertyValueSpecification","valueRequired":true,"valueName":"search_term_string"}}],"inLanguage":"pt-BR"},{"@type":"Organization","@id":"https:\/\/blogdofarnesio.com.br\/#organization","name":"Blog do Farn\u00e9sio","url":"https:\/\/blogdofarnesio.com.br\/","logo":{"@type":"ImageObject","inLanguage":"pt-BR","@id":"https:\/\/blogdofarnesio.com.br\/#\/schema\/logo\/image\/","url":"https:\/\/blogdofarnesio.com.br\/wp-content\/uploads\/2026\/03\/cropped-logo_new-1.png","contentUrl":"https:\/\/blogdofarnesio.com.br\/wp-content\/uploads\/2026\/03\/cropped-logo_new-1.png","width":881,"height":685,"caption":"Blog do Farn\u00e9sio"},"image":{"@id":"https:\/\/blogdofarnesio.com.br\/#\/schema\/logo\/image\/"},"sameAs":["https:\/\/www.facebook.com\/BlogQuerSaberPolitica\/"]},{"@type":"Person","@id":"https:\/\/blogdofarnesio.com.br\/#\/schema\/person\/301c4acf522bccbfdb45af95b5b906a1","name":"Farn\u00e9sio","image":{"@type":"ImageObject","inLanguage":"pt-BR","@id":"https:\/\/secure.gravatar.com\/avatar\/df0c9a14567c056f8ad6876ba5bbd1e3e2c48023eb6807342fc4663adf549f38?s=96&d=mm&r=g","url":"https:\/\/secure.gravatar.com\/avatar\/df0c9a14567c056f8ad6876ba5bbd1e3e2c48023eb6807342fc4663adf549f38?s=96&d=mm&r=g","contentUrl":"https:\/\/secure.gravatar.com\/avatar\/df0c9a14567c056f8ad6876ba5bbd1e3e2c48023eb6807342fc4663adf549f38?s=96&d=mm&r=g","caption":"Farn\u00e9sio"},"sameAs":["https:\/\/quersaberpolitica.com.br"],"url":"https:\/\/blogdofarnesio.com.br\/?author=1"}]}},"_links":{"self":[{"href":"https:\/\/blogdofarnesio.com.br\/index.php?rest_route=\/wp\/v2\/posts\/197231","targetHints":{"allow":["GET"]}}],"collection":[{"href":"https:\/\/blogdofarnesio.com.br\/index.php?rest_route=\/wp\/v2\/posts"}],"about":[{"href":"https:\/\/blogdofarnesio.com.br\/index.php?rest_route=\/wp\/v2\/types\/post"}],"author":[{"embeddable":true,"href":"https:\/\/blogdofarnesio.com.br\/index.php?rest_route=\/wp\/v2\/users\/1"}],"replies":[{"embeddable":true,"href":"https:\/\/blogdofarnesio.com.br\/index.php?rest_route=%2Fwp%2Fv2%2Fcomments&post=197231"}],"version-history":[{"count":0,"href":"https:\/\/blogdofarnesio.com.br\/index.php?rest_route=\/wp\/v2\/posts\/197231\/revisions"}],"wp:featuredmedia":[{"embeddable":true,"href":"https:\/\/blogdofarnesio.com.br\/index.php?rest_route=\/wp\/v2\/media\/197232"}],"wp:attachment":[{"href":"https:\/\/blogdofarnesio.com.br\/index.php?rest_route=%2Fwp%2Fv2%2Fmedia&parent=197231"}],"wp:term":[{"taxonomy":"category","embeddable":true,"href":"https:\/\/blogdofarnesio.com.br\/index.php?rest_route=%2Fwp%2Fv2%2Fcategories&post=197231"},{"taxonomy":"post_tag","embeddable":true,"href":"https:\/\/blogdofarnesio.com.br\/index.php?rest_route=%2Fwp%2Fv2%2Ftags&post=197231"}],"curies":[{"name":"wp","href":"https:\/\/api.w.org\/{rel}","templated":true}]}}