{"id":196782,"date":"2018-05-06T08:00:13","date_gmt":"2018-05-06T11:00:13","guid":{"rendered":"http:\/\/quersaberpolitica.com.br\/2016\/?p=196782"},"modified":"2018-05-05T15:46:55","modified_gmt":"2018-05-05T18:46:55","slug":"sucesso-de-critica-e-publico-espetaculo-cabra-cega-tem-ultima-audicao-neste-domingo-no-joao-gilberto","status":"publish","type":"post","link":"https:\/\/blogdofarnesio.com.br\/?p=196782","title":{"rendered":"SUCESSO DE CR\u00cdTICA E P\u00daBLICO, ESPET\u00c1CULO &#8220;CABRA CEGA&#8221; TEM \u00daLTIMA AUDI\u00c7\u00c3O NESTE DOMINGO NO JO\u00c3O GILBERTO"},"content":{"rendered":"<div class=\"td-post-header td-pb-padding-side\"><\/div>\n<div class=\"td-post-content td-pb-padding-side\">\n<p><strong>*Carlos Laerte<\/strong><\/p>\n<p>Feito tatuagem. Parece que os di\u00e1logos, movimentos e a m\u00fasica saem contigo do teatro e v\u00e3o tomar uma cerveja na esquina. Foi esse o sentimento, ontem \u00e0 noite, ap\u00f3s conferir o espet\u00e1culo \u2018Cabra Cega\u2019 no Centro de Cultura Jo\u00e3o Gilberto, em Juazeiro \u2013 BA. Uma montagem cheia de surpresas po\u00e9ticas e tecnol\u00f3gicas que vai tomando cada um dos nossos sentidos a cada pulsar da obra de Aloisio Villar. E para nos acompanhar neste universo cr\u00edtico ao modelo pol\u00edtico e econ\u00f4mico brasileiro, a m\u00fasica de Chico Buarque de Holanda vai abrindo veredas na emo\u00e7\u00e3o e provocando questionamentos atemporais.<\/p>\n<p><a href=\"http:\/\/www.ouricuriemfoco.com.br\/wp-content\/uploads\/2018\/05\/02-%E2%80%98Cabra-Cega%E2%80%99-um-espet%C3%A1culo-pra-todo-mundo-ver.jpeg\"><img loading=\"lazy\" decoding=\"async\" class=\"aligncenter size-full wp-image-88957 td-animation-stack-type0-1\" src=\"http:\/\/www.ouricuriemfoco.com.br\/wp-content\/uploads\/2018\/05\/02-%E2%80%98Cabra-Cega%E2%80%99-um-espet%C3%A1culo-pra-todo-mundo-ver.jpeg\" sizes=\"auto, (max-width: 640px) 100vw, 640px\" srcset=\"http:\/\/www.ouricuriemfoco.com.br\/wp-content\/uploads\/2018\/05\/02-\u2018Cabra-Cega\u2019-um-espet\u00e1culo-pra-todo-mundo-ver.jpeg 640w, http:\/\/www.ouricuriemfoco.com.br\/wp-content\/uploads\/2018\/05\/02-\u2018Cabra-Cega\u2019-um-espet\u00e1culo-pra-todo-mundo-ver-300x169.jpeg 300w\" alt=\"\" width=\"640\" height=\"360\" \/><\/a><\/p>\n<p>A Geni das pedradas continua seduzindo corruptos e corruptores nas ruas de hoje. Os oper\u00e1rios em constru\u00e7\u00e3o, as divas, os malandros e man\u00e9s agora pousam para self com grandes malas abarrotadas de dinheiro e derramando atitude dos outros. O trabalhador que \u00e9 demitido, o c\u00e2ncer que desafia a solidariedade e o desespero de uma massa oprimida e de olhos vasados. Nada passa despercebido \u00e0 dire\u00e7\u00e3o art\u00edstica de Hertz F\u00e9lix.<\/p>\n<p><a href=\"http:\/\/www.ouricuriemfoco.com.br\/wp-content\/uploads\/2018\/05\/01-%E2%80%98Cabra-Cega%E2%80%99-um-espet%C3%A1culo-pra-todo-mundo-ver.jpeg\"><img loading=\"lazy\" decoding=\"async\" class=\"aligncenter size-full wp-image-88956 td-animation-stack-type0-1\" src=\"http:\/\/www.ouricuriemfoco.com.br\/wp-content\/uploads\/2018\/05\/01-%E2%80%98Cabra-Cega%E2%80%99-um-espet%C3%A1culo-pra-todo-mundo-ver.jpeg\" sizes=\"auto, (max-width: 640px) 100vw, 640px\" srcset=\"http:\/\/www.ouricuriemfoco.com.br\/wp-content\/uploads\/2018\/05\/01-\u2018Cabra-Cega\u2019-um-espet\u00e1culo-pra-todo-mundo-ver.jpeg 640w, http:\/\/www.ouricuriemfoco.com.br\/wp-content\/uploads\/2018\/05\/01-\u2018Cabra-Cega\u2019-um-espet\u00e1culo-pra-todo-mundo-ver-300x169.jpeg 300w\" alt=\"\" width=\"640\" height=\"360\" \/><\/a><\/p>\n<p>Os m\u00fasicos est\u00e3o ali no palco, em cena, com imagens em movimento projetadas em led, desnudando a alma humana nacional e a verdade que insistimos em n\u00e3o enxergar. Em alguns momentos, o barulho do ar condicionado concorre com a voz dos atores, mas de repente, Elder Ferrari, numa atua\u00e7\u00e3o impec\u00e1vel, explode em notas musicais e vigorosa dramaturgia.<\/p>\n<p><a href=\"http:\/\/www.ouricuriemfoco.com.br\/wp-content\/uploads\/2018\/05\/04-%E2%80%98Cabra-Cega%E2%80%99-um-espet%C3%A1culo-pra-todo-mundo-ver.jpeg\"><img loading=\"lazy\" decoding=\"async\" class=\"aligncenter size-full wp-image-88955 td-animation-stack-type0-1\" src=\"http:\/\/www.ouricuriemfoco.com.br\/wp-content\/uploads\/2018\/05\/04-%E2%80%98Cabra-Cega%E2%80%99-um-espet%C3%A1culo-pra-todo-mundo-ver.jpeg\" sizes=\"auto, (max-width: 640px) 100vw, 640px\" srcset=\"http:\/\/www.ouricuriemfoco.com.br\/wp-content\/uploads\/2018\/05\/04-\u2018Cabra-Cega\u2019-um-espet\u00e1culo-pra-todo-mundo-ver.jpeg 640w, http:\/\/www.ouricuriemfoco.com.br\/wp-content\/uploads\/2018\/05\/04-\u2018Cabra-Cega\u2019-um-espet\u00e1culo-pra-todo-mundo-ver-300x169.jpeg 300w\" alt=\"\" width=\"640\" height=\"360\" \/><\/a><\/p>\n<p>Joyce Guirra toca o espa\u00e7o c\u00eanico e a vis\u00e3o do p\u00fablico com interpreta\u00e7\u00e3o equilibrada e olhar panor\u00e2mico. Ivan Le\u00e3o, Elisangela Moura, Rodrigo Leal e Carlinhos Tapioca completam o elenco com um bom conjunto de atua\u00e7\u00f5es. Na dire\u00e7\u00e3o geral, o cantor, ator e core\u00f3grafo, Alan Cleber exibe um repert\u00f3rio expressivo que conquista o p\u00fablico e traz mais aplausos ao conjunto. Certamente uma encena\u00e7\u00e3o de m\u00faltiplas linguagens que a partir da produ\u00e7\u00e3o executiva de K\u00e1tia Gon\u00e7alves faz desse espet\u00e1culo uma importante contribui\u00e7\u00e3o \u00e0 grade de programa\u00e7\u00e3o teatral do Vale do S\u00e3o Francisco. O espet\u00e1culo fica em cartaz no Centro de Cultura Jo\u00e3o Gilberto at\u00e9 este domingo (6), sempre \u00e0s 20h. Fica a dica<\/p>\n<p><em>\u00a0<strong>*Carlos Laerte<\/strong> \u00e9 poeta, jornalista e publicit\u00e1rio<\/em><\/p>\n<\/div>\n","protected":false},"excerpt":{"rendered":"<p>*Carlos Laerte Feito tatuagem. Parece que os di\u00e1logos, movimentos e a m\u00fasica saem contigo do teatro e v\u00e3o tomar uma cerveja na esquina. Foi esse o sentimento, ontem \u00e0 noite, ap\u00f3s conferir o espet\u00e1culo \u2018Cabra Cega\u2019 no Centro de Cultura Jo\u00e3o Gilberto, em Juazeiro \u2013 BA. Uma montagem cheia de surpresas po\u00e9ticas e tecnol\u00f3gicas que vai tomando cada um dos nossos sentidos a cada pulsar da obra de Aloisio Villar. E para nos acompanhar neste universo cr\u00edtico ao modelo pol\u00edtico e econ\u00f4mico brasileiro, a m\u00fasica de Chico Buarque de Holanda vai abrindo veredas na emo\u00e7\u00e3o e provocando questionamentos atemporais. A Geni das pedradas continua seduzindo corruptos e corruptores nas ruas de hoje. Os oper\u00e1rios em constru\u00e7\u00e3o, as divas, os malandros&hellip; <\/p>\n","protected":false},"author":1,"featured_media":196783,"comment_status":"closed","ping_status":"closed","sticky":false,"template":"","format":"standard","meta":{"_acf_changed":false,"footnotes":""},"categories":[1],"tags":[],"class_list":["post-196782","post","type-post","status-publish","format-standard","has-post-thumbnail","hentry","category-politica"],"acf":[],"yoast_head":"<!-- This site is optimized with the Yoast SEO plugin v27.4 - https:\/\/yoast.com\/product\/yoast-seo-wordpress\/ -->\n<title>SUCESSO DE CR\u00cdTICA E P\u00daBLICO, ESPET\u00c1CULO &quot;CABRA CEGA&quot; TEM \u00daLTIMA AUDI\u00c7\u00c3O NESTE DOMINGO NO JO\u00c3O GILBERTO - Blog do Farn\u00e9sio<\/title>\n<meta name=\"robots\" content=\"index, follow, max-snippet:-1, max-image-preview:large, max-video-preview:-1\" \/>\n<link rel=\"canonical\" href=\"https:\/\/blogdofarnesio.com.br\/?p=196782\" \/>\n<meta property=\"og:locale\" content=\"pt_BR\" \/>\n<meta property=\"og:type\" content=\"article\" \/>\n<meta property=\"og:title\" content=\"SUCESSO DE CR\u00cdTICA E P\u00daBLICO, ESPET\u00c1CULO &quot;CABRA CEGA&quot; TEM \u00daLTIMA AUDI\u00c7\u00c3O NESTE DOMINGO NO JO\u00c3O GILBERTO - Blog do Farn\u00e9sio\" \/>\n<meta property=\"og:description\" content=\"*Carlos Laerte Feito tatuagem. Parece que os di\u00e1logos, movimentos e a m\u00fasica saem contigo do teatro e v\u00e3o tomar uma cerveja na esquina. Foi esse o sentimento, ontem \u00e0 noite, ap\u00f3s conferir o espet\u00e1culo \u2018Cabra Cega\u2019 no Centro de Cultura Jo\u00e3o Gilberto, em Juazeiro \u2013 BA. Uma montagem cheia de surpresas po\u00e9ticas e tecnol\u00f3gicas que vai tomando cada um dos nossos sentidos a cada pulsar da obra de Aloisio Villar. E para nos acompanhar neste universo cr\u00edtico ao modelo pol\u00edtico e econ\u00f4mico brasileiro, a m\u00fasica de Chico Buarque de Holanda vai abrindo veredas na emo\u00e7\u00e3o e provocando questionamentos atemporais. A Geni das pedradas continua seduzindo corruptos e corruptores nas ruas de hoje. Os oper\u00e1rios em constru\u00e7\u00e3o, as divas, os malandros&hellip;\" \/>\n<meta property=\"og:url\" content=\"https:\/\/blogdofarnesio.com.br\/?p=196782\" \/>\n<meta property=\"og:site_name\" content=\"Blog do Farn\u00e9sio\" \/>\n<meta property=\"article:publisher\" content=\"https:\/\/www.facebook.com\/BlogQuerSaberPolitica\/\" \/>\n<meta property=\"article:published_time\" content=\"2018-05-06T11:00:13+00:00\" \/>\n<meta property=\"og:image\" content=\"https:\/\/blogdofarnesio.com.br\/wp-content\/uploads\/2018\/05\/blogqsp\u2018Cabra-Cega\u2019-um-espet\u00e1culo-pra-todo-mundo-ver.jpeg\" \/>\n\t<meta property=\"og:image:width\" content=\"640\" \/>\n\t<meta property=\"og:image:height\" content=\"279\" \/>\n\t<meta property=\"og:image:type\" content=\"image\/jpeg\" \/>\n<meta name=\"author\" content=\"Farn\u00e9sio\" \/>\n<meta name=\"twitter:card\" content=\"summary_large_image\" \/>\n<meta name=\"twitter:label1\" content=\"Escrito por\" \/>\n\t<meta name=\"twitter:data1\" content=\"Farn\u00e9sio\" \/>\n\t<meta name=\"twitter:label2\" content=\"Est. tempo de leitura\" \/>\n\t<meta name=\"twitter:data2\" content=\"2 minutos\" \/>\n<script type=\"application\/ld+json\" class=\"yoast-schema-graph\">{\"@context\":\"https:\\\/\\\/schema.org\",\"@graph\":[{\"@type\":\"Article\",\"@id\":\"https:\\\/\\\/blogdofarnesio.com.br\\\/?p=196782#article\",\"isPartOf\":{\"@id\":\"https:\\\/\\\/blogdofarnesio.com.br\\\/?p=196782\"},\"author\":{\"name\":\"Farn\u00e9sio\",\"@id\":\"https:\\\/\\\/blogdofarnesio.com.br\\\/#\\\/schema\\\/person\\\/301c4acf522bccbfdb45af95b5b906a1\"},\"headline\":\"SUCESSO DE CR\u00cdTICA E P\u00daBLICO, ESPET\u00c1CULO &#8220;CABRA CEGA&#8221; TEM \u00daLTIMA AUDI\u00c7\u00c3O NESTE DOMINGO NO JO\u00c3O GILBERTO\",\"datePublished\":\"2018-05-06T11:00:13+00:00\",\"mainEntityOfPage\":{\"@id\":\"https:\\\/\\\/blogdofarnesio.com.br\\\/?p=196782\"},\"wordCount\":406,\"publisher\":{\"@id\":\"https:\\\/\\\/blogdofarnesio.com.br\\\/#organization\"},\"image\":{\"@id\":\"https:\\\/\\\/blogdofarnesio.com.br\\\/?p=196782#primaryimage\"},\"thumbnailUrl\":\"https:\\\/\\\/blogdofarnesio.com.br\\\/wp-content\\\/uploads\\\/2018\\\/05\\\/blogqsp\u2018Cabra-Cega\u2019-um-espet\u00e1culo-pra-todo-mundo-ver.jpeg\",\"articleSection\":[\"Pol\u00edtica\"],\"inLanguage\":\"pt-BR\"},{\"@type\":\"WebPage\",\"@id\":\"https:\\\/\\\/blogdofarnesio.com.br\\\/?p=196782\",\"url\":\"https:\\\/\\\/blogdofarnesio.com.br\\\/?p=196782\",\"name\":\"SUCESSO DE CR\u00cdTICA E P\u00daBLICO, ESPET\u00c1CULO \\\"CABRA CEGA\\\" TEM \u00daLTIMA AUDI\u00c7\u00c3O NESTE DOMINGO NO JO\u00c3O GILBERTO - Blog do Farn\u00e9sio\",\"isPartOf\":{\"@id\":\"https:\\\/\\\/blogdofarnesio.com.br\\\/#website\"},\"primaryImageOfPage\":{\"@id\":\"https:\\\/\\\/blogdofarnesio.com.br\\\/?p=196782#primaryimage\"},\"image\":{\"@id\":\"https:\\\/\\\/blogdofarnesio.com.br\\\/?p=196782#primaryimage\"},\"thumbnailUrl\":\"https:\\\/\\\/blogdofarnesio.com.br\\\/wp-content\\\/uploads\\\/2018\\\/05\\\/blogqsp\u2018Cabra-Cega\u2019-um-espet\u00e1culo-pra-todo-mundo-ver.jpeg\",\"datePublished\":\"2018-05-06T11:00:13+00:00\",\"breadcrumb\":{\"@id\":\"https:\\\/\\\/blogdofarnesio.com.br\\\/?p=196782#breadcrumb\"},\"inLanguage\":\"pt-BR\",\"potentialAction\":[{\"@type\":\"ReadAction\",\"target\":[\"https:\\\/\\\/blogdofarnesio.com.br\\\/?p=196782\"]}]},{\"@type\":\"ImageObject\",\"inLanguage\":\"pt-BR\",\"@id\":\"https:\\\/\\\/blogdofarnesio.com.br\\\/?p=196782#primaryimage\",\"url\":\"https:\\\/\\\/blogdofarnesio.com.br\\\/wp-content\\\/uploads\\\/2018\\\/05\\\/blogqsp\u2018Cabra-Cega\u2019-um-espet\u00e1culo-pra-todo-mundo-ver.jpeg\",\"contentUrl\":\"https:\\\/\\\/blogdofarnesio.com.br\\\/wp-content\\\/uploads\\\/2018\\\/05\\\/blogqsp\u2018Cabra-Cega\u2019-um-espet\u00e1culo-pra-todo-mundo-ver.jpeg\",\"width\":640,\"height\":279},{\"@type\":\"BreadcrumbList\",\"@id\":\"https:\\\/\\\/blogdofarnesio.com.br\\\/?p=196782#breadcrumb\",\"itemListElement\":[{\"@type\":\"ListItem\",\"position\":1,\"name\":\"In\u00edcio\",\"item\":\"https:\\\/\\\/blogdofarnesio.com.br\\\/\"},{\"@type\":\"ListItem\",\"position\":2,\"name\":\"SUCESSO DE CR\u00cdTICA E P\u00daBLICO, ESPET\u00c1CULO &#8220;CABRA CEGA&#8221; TEM \u00daLTIMA AUDI\u00c7\u00c3O NESTE DOMINGO NO JO\u00c3O GILBERTO\"}]},{\"@type\":\"WebSite\",\"@id\":\"https:\\\/\\\/blogdofarnesio.com.br\\\/#website\",\"url\":\"https:\\\/\\\/blogdofarnesio.com.br\\\/\",\"name\":\"Blog do Farn\u00e9sio\",\"description\":\"Quer Saber Pol\u00edtica?\",\"publisher\":{\"@id\":\"https:\\\/\\\/blogdofarnesio.com.br\\\/#organization\"},\"potentialAction\":[{\"@type\":\"SearchAction\",\"target\":{\"@type\":\"EntryPoint\",\"urlTemplate\":\"https:\\\/\\\/blogdofarnesio.com.br\\\/?s={search_term_string}\"},\"query-input\":{\"@type\":\"PropertyValueSpecification\",\"valueRequired\":true,\"valueName\":\"search_term_string\"}}],\"inLanguage\":\"pt-BR\"},{\"@type\":\"Organization\",\"@id\":\"https:\\\/\\\/blogdofarnesio.com.br\\\/#organization\",\"name\":\"Blog do Farn\u00e9sio\",\"url\":\"https:\\\/\\\/blogdofarnesio.com.br\\\/\",\"logo\":{\"@type\":\"ImageObject\",\"inLanguage\":\"pt-BR\",\"@id\":\"https:\\\/\\\/blogdofarnesio.com.br\\\/#\\\/schema\\\/logo\\\/image\\\/\",\"url\":\"https:\\\/\\\/blogdofarnesio.com.br\\\/wp-content\\\/uploads\\\/2026\\\/03\\\/cropped-logo_new-1.png\",\"contentUrl\":\"https:\\\/\\\/blogdofarnesio.com.br\\\/wp-content\\\/uploads\\\/2026\\\/03\\\/cropped-logo_new-1.png\",\"width\":881,\"height\":685,\"caption\":\"Blog do Farn\u00e9sio\"},\"image\":{\"@id\":\"https:\\\/\\\/blogdofarnesio.com.br\\\/#\\\/schema\\\/logo\\\/image\\\/\"},\"sameAs\":[\"https:\\\/\\\/www.facebook.com\\\/BlogQuerSaberPolitica\\\/\"]},{\"@type\":\"Person\",\"@id\":\"https:\\\/\\\/blogdofarnesio.com.br\\\/#\\\/schema\\\/person\\\/301c4acf522bccbfdb45af95b5b906a1\",\"name\":\"Farn\u00e9sio\",\"image\":{\"@type\":\"ImageObject\",\"inLanguage\":\"pt-BR\",\"@id\":\"https:\\\/\\\/secure.gravatar.com\\\/avatar\\\/df0c9a14567c056f8ad6876ba5bbd1e3e2c48023eb6807342fc4663adf549f38?s=96&d=mm&r=g\",\"url\":\"https:\\\/\\\/secure.gravatar.com\\\/avatar\\\/df0c9a14567c056f8ad6876ba5bbd1e3e2c48023eb6807342fc4663adf549f38?s=96&d=mm&r=g\",\"contentUrl\":\"https:\\\/\\\/secure.gravatar.com\\\/avatar\\\/df0c9a14567c056f8ad6876ba5bbd1e3e2c48023eb6807342fc4663adf549f38?s=96&d=mm&r=g\",\"caption\":\"Farn\u00e9sio\"},\"sameAs\":[\"https:\\\/\\\/quersaberpolitica.com.br\"],\"url\":\"https:\\\/\\\/blogdofarnesio.com.br\\\/?author=1\"}]}<\/script>\n<!-- \/ Yoast SEO plugin. -->","yoast_head_json":{"title":"SUCESSO DE CR\u00cdTICA E P\u00daBLICO, ESPET\u00c1CULO \"CABRA CEGA\" TEM \u00daLTIMA AUDI\u00c7\u00c3O NESTE DOMINGO NO JO\u00c3O GILBERTO - Blog do Farn\u00e9sio","robots":{"index":"index","follow":"follow","max-snippet":"max-snippet:-1","max-image-preview":"max-image-preview:large","max-video-preview":"max-video-preview:-1"},"canonical":"https:\/\/blogdofarnesio.com.br\/?p=196782","og_locale":"pt_BR","og_type":"article","og_title":"SUCESSO DE CR\u00cdTICA E P\u00daBLICO, ESPET\u00c1CULO \"CABRA CEGA\" TEM \u00daLTIMA AUDI\u00c7\u00c3O NESTE DOMINGO NO JO\u00c3O GILBERTO - Blog do Farn\u00e9sio","og_description":"*Carlos Laerte Feito tatuagem. Parece que os di\u00e1logos, movimentos e a m\u00fasica saem contigo do teatro e v\u00e3o tomar uma cerveja na esquina. Foi esse o sentimento, ontem \u00e0 noite, ap\u00f3s conferir o espet\u00e1culo \u2018Cabra Cega\u2019 no Centro de Cultura Jo\u00e3o Gilberto, em Juazeiro \u2013 BA. Uma montagem cheia de surpresas po\u00e9ticas e tecnol\u00f3gicas que vai tomando cada um dos nossos sentidos a cada pulsar da obra de Aloisio Villar. E para nos acompanhar neste universo cr\u00edtico ao modelo pol\u00edtico e econ\u00f4mico brasileiro, a m\u00fasica de Chico Buarque de Holanda vai abrindo veredas na emo\u00e7\u00e3o e provocando questionamentos atemporais. A Geni das pedradas continua seduzindo corruptos e corruptores nas ruas de hoje. Os oper\u00e1rios em constru\u00e7\u00e3o, as divas, os malandros&hellip;","og_url":"https:\/\/blogdofarnesio.com.br\/?p=196782","og_site_name":"Blog do Farn\u00e9sio","article_publisher":"https:\/\/www.facebook.com\/BlogQuerSaberPolitica\/","article_published_time":"2018-05-06T11:00:13+00:00","og_image":[{"width":640,"height":279,"url":"https:\/\/blogdofarnesio.com.br\/wp-content\/uploads\/2018\/05\/blogqsp\u2018Cabra-Cega\u2019-um-espet\u00e1culo-pra-todo-mundo-ver.jpeg","type":"image\/jpeg"}],"author":"Farn\u00e9sio","twitter_card":"summary_large_image","twitter_misc":{"Escrito por":"Farn\u00e9sio","Est. tempo de leitura":"2 minutos"},"schema":{"@context":"https:\/\/schema.org","@graph":[{"@type":"Article","@id":"https:\/\/blogdofarnesio.com.br\/?p=196782#article","isPartOf":{"@id":"https:\/\/blogdofarnesio.com.br\/?p=196782"},"author":{"name":"Farn\u00e9sio","@id":"https:\/\/blogdofarnesio.com.br\/#\/schema\/person\/301c4acf522bccbfdb45af95b5b906a1"},"headline":"SUCESSO DE CR\u00cdTICA E P\u00daBLICO, ESPET\u00c1CULO &#8220;CABRA CEGA&#8221; TEM \u00daLTIMA AUDI\u00c7\u00c3O NESTE DOMINGO NO JO\u00c3O GILBERTO","datePublished":"2018-05-06T11:00:13+00:00","mainEntityOfPage":{"@id":"https:\/\/blogdofarnesio.com.br\/?p=196782"},"wordCount":406,"publisher":{"@id":"https:\/\/blogdofarnesio.com.br\/#organization"},"image":{"@id":"https:\/\/blogdofarnesio.com.br\/?p=196782#primaryimage"},"thumbnailUrl":"https:\/\/blogdofarnesio.com.br\/wp-content\/uploads\/2018\/05\/blogqsp\u2018Cabra-Cega\u2019-um-espet\u00e1culo-pra-todo-mundo-ver.jpeg","articleSection":["Pol\u00edtica"],"inLanguage":"pt-BR"},{"@type":"WebPage","@id":"https:\/\/blogdofarnesio.com.br\/?p=196782","url":"https:\/\/blogdofarnesio.com.br\/?p=196782","name":"SUCESSO DE CR\u00cdTICA E P\u00daBLICO, ESPET\u00c1CULO \"CABRA CEGA\" TEM \u00daLTIMA AUDI\u00c7\u00c3O NESTE DOMINGO NO JO\u00c3O GILBERTO - Blog do Farn\u00e9sio","isPartOf":{"@id":"https:\/\/blogdofarnesio.com.br\/#website"},"primaryImageOfPage":{"@id":"https:\/\/blogdofarnesio.com.br\/?p=196782#primaryimage"},"image":{"@id":"https:\/\/blogdofarnesio.com.br\/?p=196782#primaryimage"},"thumbnailUrl":"https:\/\/blogdofarnesio.com.br\/wp-content\/uploads\/2018\/05\/blogqsp\u2018Cabra-Cega\u2019-um-espet\u00e1culo-pra-todo-mundo-ver.jpeg","datePublished":"2018-05-06T11:00:13+00:00","breadcrumb":{"@id":"https:\/\/blogdofarnesio.com.br\/?p=196782#breadcrumb"},"inLanguage":"pt-BR","potentialAction":[{"@type":"ReadAction","target":["https:\/\/blogdofarnesio.com.br\/?p=196782"]}]},{"@type":"ImageObject","inLanguage":"pt-BR","@id":"https:\/\/blogdofarnesio.com.br\/?p=196782#primaryimage","url":"https:\/\/blogdofarnesio.com.br\/wp-content\/uploads\/2018\/05\/blogqsp\u2018Cabra-Cega\u2019-um-espet\u00e1culo-pra-todo-mundo-ver.jpeg","contentUrl":"https:\/\/blogdofarnesio.com.br\/wp-content\/uploads\/2018\/05\/blogqsp\u2018Cabra-Cega\u2019-um-espet\u00e1culo-pra-todo-mundo-ver.jpeg","width":640,"height":279},{"@type":"BreadcrumbList","@id":"https:\/\/blogdofarnesio.com.br\/?p=196782#breadcrumb","itemListElement":[{"@type":"ListItem","position":1,"name":"In\u00edcio","item":"https:\/\/blogdofarnesio.com.br\/"},{"@type":"ListItem","position":2,"name":"SUCESSO DE CR\u00cdTICA E P\u00daBLICO, ESPET\u00c1CULO &#8220;CABRA CEGA&#8221; TEM \u00daLTIMA AUDI\u00c7\u00c3O NESTE DOMINGO NO JO\u00c3O GILBERTO"}]},{"@type":"WebSite","@id":"https:\/\/blogdofarnesio.com.br\/#website","url":"https:\/\/blogdofarnesio.com.br\/","name":"Blog do Farn\u00e9sio","description":"Quer Saber Pol\u00edtica?","publisher":{"@id":"https:\/\/blogdofarnesio.com.br\/#organization"},"potentialAction":[{"@type":"SearchAction","target":{"@type":"EntryPoint","urlTemplate":"https:\/\/blogdofarnesio.com.br\/?s={search_term_string}"},"query-input":{"@type":"PropertyValueSpecification","valueRequired":true,"valueName":"search_term_string"}}],"inLanguage":"pt-BR"},{"@type":"Organization","@id":"https:\/\/blogdofarnesio.com.br\/#organization","name":"Blog do Farn\u00e9sio","url":"https:\/\/blogdofarnesio.com.br\/","logo":{"@type":"ImageObject","inLanguage":"pt-BR","@id":"https:\/\/blogdofarnesio.com.br\/#\/schema\/logo\/image\/","url":"https:\/\/blogdofarnesio.com.br\/wp-content\/uploads\/2026\/03\/cropped-logo_new-1.png","contentUrl":"https:\/\/blogdofarnesio.com.br\/wp-content\/uploads\/2026\/03\/cropped-logo_new-1.png","width":881,"height":685,"caption":"Blog do Farn\u00e9sio"},"image":{"@id":"https:\/\/blogdofarnesio.com.br\/#\/schema\/logo\/image\/"},"sameAs":["https:\/\/www.facebook.com\/BlogQuerSaberPolitica\/"]},{"@type":"Person","@id":"https:\/\/blogdofarnesio.com.br\/#\/schema\/person\/301c4acf522bccbfdb45af95b5b906a1","name":"Farn\u00e9sio","image":{"@type":"ImageObject","inLanguage":"pt-BR","@id":"https:\/\/secure.gravatar.com\/avatar\/df0c9a14567c056f8ad6876ba5bbd1e3e2c48023eb6807342fc4663adf549f38?s=96&d=mm&r=g","url":"https:\/\/secure.gravatar.com\/avatar\/df0c9a14567c056f8ad6876ba5bbd1e3e2c48023eb6807342fc4663adf549f38?s=96&d=mm&r=g","contentUrl":"https:\/\/secure.gravatar.com\/avatar\/df0c9a14567c056f8ad6876ba5bbd1e3e2c48023eb6807342fc4663adf549f38?s=96&d=mm&r=g","caption":"Farn\u00e9sio"},"sameAs":["https:\/\/quersaberpolitica.com.br"],"url":"https:\/\/blogdofarnesio.com.br\/?author=1"}]}},"_links":{"self":[{"href":"https:\/\/blogdofarnesio.com.br\/index.php?rest_route=\/wp\/v2\/posts\/196782","targetHints":{"allow":["GET"]}}],"collection":[{"href":"https:\/\/blogdofarnesio.com.br\/index.php?rest_route=\/wp\/v2\/posts"}],"about":[{"href":"https:\/\/blogdofarnesio.com.br\/index.php?rest_route=\/wp\/v2\/types\/post"}],"author":[{"embeddable":true,"href":"https:\/\/blogdofarnesio.com.br\/index.php?rest_route=\/wp\/v2\/users\/1"}],"replies":[{"embeddable":true,"href":"https:\/\/blogdofarnesio.com.br\/index.php?rest_route=%2Fwp%2Fv2%2Fcomments&post=196782"}],"version-history":[{"count":0,"href":"https:\/\/blogdofarnesio.com.br\/index.php?rest_route=\/wp\/v2\/posts\/196782\/revisions"}],"wp:featuredmedia":[{"embeddable":true,"href":"https:\/\/blogdofarnesio.com.br\/index.php?rest_route=\/wp\/v2\/media\/196783"}],"wp:attachment":[{"href":"https:\/\/blogdofarnesio.com.br\/index.php?rest_route=%2Fwp%2Fv2%2Fmedia&parent=196782"}],"wp:term":[{"taxonomy":"category","embeddable":true,"href":"https:\/\/blogdofarnesio.com.br\/index.php?rest_route=%2Fwp%2Fv2%2Fcategories&post=196782"},{"taxonomy":"post_tag","embeddable":true,"href":"https:\/\/blogdofarnesio.com.br\/index.php?rest_route=%2Fwp%2Fv2%2Ftags&post=196782"}],"curies":[{"name":"wp","href":"https:\/\/api.w.org\/{rel}","templated":true}]}}