{"id":195738,"date":"2018-04-25T15:00:11","date_gmt":"2018-04-25T18:00:11","guid":{"rendered":"http:\/\/quersaberpolitica.com.br\/2016\/?p=195738"},"modified":"2018-04-24T22:33:04","modified_gmt":"2018-04-25T01:33:04","slug":"uneb-abre-inscricoes-para-contratacao-de-professor-de-lingua-estrangeira","status":"publish","type":"post","link":"https:\/\/blogdofarnesio.com.br\/?p=195738","title":{"rendered":"UNEB ABRE INSCRI\u00c7\u00d5ES PARA CONTRATA\u00c7\u00c3O DE PROFESSOR DE L\u00cdNGUA ESTRANGEIRA"},"content":{"rendered":"<p style=\"text-align: justify;\">A Universidade do Estado da Bahia (UNEB) atrav\u00e9s do Departamento de Ci\u00eancias Humanas \u2013 DCH III, campus Juazeiro, est\u00e1 com inscri\u00e7\u00f5es abertas para contrata\u00e7\u00e3o por tempo determinado de profissionais de l\u00edngua estrangeira.<\/p>\n<p style=\"text-align: justify;\">Ao todo, s\u00e3o 02 vagas para ambas as \u00e1reas, ingl\u00eas (1), espanhol (1), designadas para graduados de n\u00edvel superior com habilidade em l\u00edngua estrangeira e para os servidores da UNEB (t\u00e9cnicos administrativos e professores) que atendam os pr\u00e9-requisitos exigidos no edital 2.<\/p>\n<p style=\"text-align: justify;\">Os selecionados ministrar\u00e3o aulas das disciplinas (ingl\u00eas e espanhol) para os estudantes de gradua\u00e7\u00e3o, p\u00f3s-gradua\u00e7\u00e3o do DCH e comunidade externa. Dentre as fun\u00e7\u00f5es, os requerentes dever\u00e3o desenvolver atividades de ensino na \u00e1rea, organizar o trabalho pedag\u00f3gico e participar das reuni\u00f5es mensais.<\/p>\n<p style=\"text-align: justify;\">As inscri\u00e7\u00f5es s\u00e3o gratuitas e segue at\u00e9 o dia (14\/05). Os candidatos dever\u00e3o efetuar inscri\u00e7\u00e3o PRESENCIALMENTE, no DCH III \u2013 UNEB, mediante o preenchimento do formul\u00e1rio e entrega da documenta\u00e7\u00e3o necess\u00e1ria, conforme edital 5, dispon\u00edvel no link:\u00a0<a href=\"https:\/\/drive.google.com\/file\/d\/0B0fLSHNWcqnsWnZrcHBVOXhxdlJJWFdDbmRUMG5sU1VtSDVV\/view\">https:\/\/drive.google.com\/file\/d\/0B0fLSHNWcqnsWnZrcHBVOXhxdlJJWFdDbmRUMG5sU1VtSDVV\/view<\/a>.<\/p>\n<p style=\"text-align: justify;\">A escolha dos instrutores ser\u00e1 realizada no dia (21\/05), no pr\u00f3prio departamento. O resultado da sele\u00e7\u00e3o p\u00fablica estar\u00e1 publicado no portal da UNEB, www.uneb.br, a partir do dia (25\/05).<\/p>\n<p style=\"text-align: justify;\">Para mais informa\u00e7\u00f5es liguem: (74) 3611-5617 ramal 211.<\/p>\n","protected":false},"excerpt":{"rendered":"<p>A Universidade do Estado da Bahia (UNEB) atrav\u00e9s do Departamento de Ci\u00eancias Humanas \u2013 DCH III, campus Juazeiro, est\u00e1 com inscri\u00e7\u00f5es abertas para contrata\u00e7\u00e3o por tempo determinado de profissionais de l\u00edngua estrangeira. Ao todo, s\u00e3o 02 vagas para ambas as \u00e1reas, ingl\u00eas (1), espanhol (1), designadas para graduados de n\u00edvel superior com habilidade em l\u00edngua estrangeira e para os servidores da UNEB (t\u00e9cnicos administrativos e professores) que atendam os pr\u00e9-requisitos exigidos no edital 2. Os selecionados ministrar\u00e3o aulas das disciplinas (ingl\u00eas e espanhol) para os estudantes de gradua\u00e7\u00e3o, p\u00f3s-gradua\u00e7\u00e3o do DCH e comunidade externa. Dentre as fun\u00e7\u00f5es, os requerentes dever\u00e3o desenvolver atividades de ensino na \u00e1rea, organizar o trabalho pedag\u00f3gico e participar das reuni\u00f5es mensais. As inscri\u00e7\u00f5es s\u00e3o gratuitas e&hellip; <\/p>\n","protected":false},"author":1,"featured_media":155088,"comment_status":"closed","ping_status":"closed","sticky":false,"template":"","format":"standard","meta":{"_acf_changed":false,"footnotes":""},"categories":[44],"tags":[],"class_list":["post-195738","post","type-post","status-publish","format-standard","has-post-thumbnail","hentry","category-administracao"],"acf":[],"yoast_head":"<!-- This site is optimized with the Yoast SEO plugin v27.4 - https:\/\/yoast.com\/product\/yoast-seo-wordpress\/ -->\n<title>UNEB ABRE INSCRI\u00c7\u00d5ES PARA CONTRATA\u00c7\u00c3O DE PROFESSOR DE L\u00cdNGUA ESTRANGEIRA - Blog do Farn\u00e9sio<\/title>\n<meta name=\"robots\" content=\"index, follow, max-snippet:-1, max-image-preview:large, max-video-preview:-1\" \/>\n<link rel=\"canonical\" href=\"https:\/\/blogdofarnesio.com.br\/?p=195738\" \/>\n<meta property=\"og:locale\" content=\"pt_BR\" \/>\n<meta property=\"og:type\" content=\"article\" \/>\n<meta property=\"og:title\" content=\"UNEB ABRE INSCRI\u00c7\u00d5ES PARA CONTRATA\u00c7\u00c3O DE PROFESSOR DE L\u00cdNGUA ESTRANGEIRA - Blog do Farn\u00e9sio\" \/>\n<meta property=\"og:description\" content=\"A Universidade do Estado da Bahia (UNEB) atrav\u00e9s do Departamento de Ci\u00eancias Humanas \u2013 DCH III, campus Juazeiro, est\u00e1 com inscri\u00e7\u00f5es abertas para contrata\u00e7\u00e3o por tempo determinado de profissionais de l\u00edngua estrangeira. Ao todo, s\u00e3o 02 vagas para ambas as \u00e1reas, ingl\u00eas (1), espanhol (1), designadas para graduados de n\u00edvel superior com habilidade em l\u00edngua estrangeira e para os servidores da UNEB (t\u00e9cnicos administrativos e professores) que atendam os pr\u00e9-requisitos exigidos no edital 2. Os selecionados ministrar\u00e3o aulas das disciplinas (ingl\u00eas e espanhol) para os estudantes de gradua\u00e7\u00e3o, p\u00f3s-gradua\u00e7\u00e3o do DCH e comunidade externa. Dentre as fun\u00e7\u00f5es, os requerentes dever\u00e3o desenvolver atividades de ensino na \u00e1rea, organizar o trabalho pedag\u00f3gico e participar das reuni\u00f5es mensais. As inscri\u00e7\u00f5es s\u00e3o gratuitas e&hellip;\" \/>\n<meta property=\"og:url\" content=\"https:\/\/blogdofarnesio.com.br\/?p=195738\" \/>\n<meta property=\"og:site_name\" content=\"Blog do Farn\u00e9sio\" \/>\n<meta property=\"article:publisher\" content=\"https:\/\/www.facebook.com\/BlogQuerSaberPolitica\/\" \/>\n<meta property=\"article:published_time\" content=\"2018-04-25T18:00:11+00:00\" \/>\n<meta property=\"og:image\" content=\"https:\/\/blogdofarnesio.com.br\/wp-content\/uploads\/2017\/01\/blogqspuneb0.jpg\" \/>\n\t<meta property=\"og:image:width\" content=\"312\" \/>\n\t<meta property=\"og:image:height\" content=\"161\" \/>\n\t<meta property=\"og:image:type\" content=\"image\/jpeg\" \/>\n<meta name=\"author\" content=\"Farn\u00e9sio\" \/>\n<meta name=\"twitter:card\" content=\"summary_large_image\" \/>\n<meta name=\"twitter:label1\" content=\"Escrito por\" \/>\n\t<meta name=\"twitter:data1\" content=\"Farn\u00e9sio\" \/>\n\t<meta name=\"twitter:label2\" content=\"Est. tempo de leitura\" \/>\n\t<meta name=\"twitter:data2\" content=\"1 minuto\" \/>\n<script type=\"application\/ld+json\" class=\"yoast-schema-graph\">{\"@context\":\"https:\\\/\\\/schema.org\",\"@graph\":[{\"@type\":\"Article\",\"@id\":\"https:\\\/\\\/blogdofarnesio.com.br\\\/?p=195738#article\",\"isPartOf\":{\"@id\":\"https:\\\/\\\/blogdofarnesio.com.br\\\/?p=195738\"},\"author\":{\"name\":\"Farn\u00e9sio\",\"@id\":\"https:\\\/\\\/blogdofarnesio.com.br\\\/#\\\/schema\\\/person\\\/301c4acf522bccbfdb45af95b5b906a1\"},\"headline\":\"UNEB ABRE INSCRI\u00c7\u00d5ES PARA CONTRATA\u00c7\u00c3O DE PROFESSOR DE L\u00cdNGUA ESTRANGEIRA\",\"datePublished\":\"2018-04-25T18:00:11+00:00\",\"mainEntityOfPage\":{\"@id\":\"https:\\\/\\\/blogdofarnesio.com.br\\\/?p=195738\"},\"wordCount\":235,\"publisher\":{\"@id\":\"https:\\\/\\\/blogdofarnesio.com.br\\\/#organization\"},\"image\":{\"@id\":\"https:\\\/\\\/blogdofarnesio.com.br\\\/?p=195738#primaryimage\"},\"thumbnailUrl\":\"https:\\\/\\\/blogdofarnesio.com.br\\\/wp-content\\\/uploads\\\/2017\\\/01\\\/blogqspuneb0.jpg\",\"articleSection\":[\"Administra\u00e7\u00e3o\"],\"inLanguage\":\"pt-BR\"},{\"@type\":\"WebPage\",\"@id\":\"https:\\\/\\\/blogdofarnesio.com.br\\\/?p=195738\",\"url\":\"https:\\\/\\\/blogdofarnesio.com.br\\\/?p=195738\",\"name\":\"UNEB ABRE INSCRI\u00c7\u00d5ES PARA CONTRATA\u00c7\u00c3O DE PROFESSOR DE L\u00cdNGUA ESTRANGEIRA - Blog do Farn\u00e9sio\",\"isPartOf\":{\"@id\":\"https:\\\/\\\/blogdofarnesio.com.br\\\/#website\"},\"primaryImageOfPage\":{\"@id\":\"https:\\\/\\\/blogdofarnesio.com.br\\\/?p=195738#primaryimage\"},\"image\":{\"@id\":\"https:\\\/\\\/blogdofarnesio.com.br\\\/?p=195738#primaryimage\"},\"thumbnailUrl\":\"https:\\\/\\\/blogdofarnesio.com.br\\\/wp-content\\\/uploads\\\/2017\\\/01\\\/blogqspuneb0.jpg\",\"datePublished\":\"2018-04-25T18:00:11+00:00\",\"breadcrumb\":{\"@id\":\"https:\\\/\\\/blogdofarnesio.com.br\\\/?p=195738#breadcrumb\"},\"inLanguage\":\"pt-BR\",\"potentialAction\":[{\"@type\":\"ReadAction\",\"target\":[\"https:\\\/\\\/blogdofarnesio.com.br\\\/?p=195738\"]}]},{\"@type\":\"ImageObject\",\"inLanguage\":\"pt-BR\",\"@id\":\"https:\\\/\\\/blogdofarnesio.com.br\\\/?p=195738#primaryimage\",\"url\":\"https:\\\/\\\/blogdofarnesio.com.br\\\/wp-content\\\/uploads\\\/2017\\\/01\\\/blogqspuneb0.jpg\",\"contentUrl\":\"https:\\\/\\\/blogdofarnesio.com.br\\\/wp-content\\\/uploads\\\/2017\\\/01\\\/blogqspuneb0.jpg\",\"width\":312,\"height\":161},{\"@type\":\"BreadcrumbList\",\"@id\":\"https:\\\/\\\/blogdofarnesio.com.br\\\/?p=195738#breadcrumb\",\"itemListElement\":[{\"@type\":\"ListItem\",\"position\":1,\"name\":\"In\u00edcio\",\"item\":\"https:\\\/\\\/blogdofarnesio.com.br\\\/\"},{\"@type\":\"ListItem\",\"position\":2,\"name\":\"UNEB ABRE INSCRI\u00c7\u00d5ES PARA CONTRATA\u00c7\u00c3O DE PROFESSOR DE L\u00cdNGUA ESTRANGEIRA\"}]},{\"@type\":\"WebSite\",\"@id\":\"https:\\\/\\\/blogdofarnesio.com.br\\\/#website\",\"url\":\"https:\\\/\\\/blogdofarnesio.com.br\\\/\",\"name\":\"Blog do Farn\u00e9sio\",\"description\":\"Quer Saber Pol\u00edtica?\",\"publisher\":{\"@id\":\"https:\\\/\\\/blogdofarnesio.com.br\\\/#organization\"},\"potentialAction\":[{\"@type\":\"SearchAction\",\"target\":{\"@type\":\"EntryPoint\",\"urlTemplate\":\"https:\\\/\\\/blogdofarnesio.com.br\\\/?s={search_term_string}\"},\"query-input\":{\"@type\":\"PropertyValueSpecification\",\"valueRequired\":true,\"valueName\":\"search_term_string\"}}],\"inLanguage\":\"pt-BR\"},{\"@type\":\"Organization\",\"@id\":\"https:\\\/\\\/blogdofarnesio.com.br\\\/#organization\",\"name\":\"Blog do Farn\u00e9sio\",\"url\":\"https:\\\/\\\/blogdofarnesio.com.br\\\/\",\"logo\":{\"@type\":\"ImageObject\",\"inLanguage\":\"pt-BR\",\"@id\":\"https:\\\/\\\/blogdofarnesio.com.br\\\/#\\\/schema\\\/logo\\\/image\\\/\",\"url\":\"https:\\\/\\\/blogdofarnesio.com.br\\\/wp-content\\\/uploads\\\/2026\\\/03\\\/cropped-logo_new-1.png\",\"contentUrl\":\"https:\\\/\\\/blogdofarnesio.com.br\\\/wp-content\\\/uploads\\\/2026\\\/03\\\/cropped-logo_new-1.png\",\"width\":881,\"height\":685,\"caption\":\"Blog do Farn\u00e9sio\"},\"image\":{\"@id\":\"https:\\\/\\\/blogdofarnesio.com.br\\\/#\\\/schema\\\/logo\\\/image\\\/\"},\"sameAs\":[\"https:\\\/\\\/www.facebook.com\\\/BlogQuerSaberPolitica\\\/\"]},{\"@type\":\"Person\",\"@id\":\"https:\\\/\\\/blogdofarnesio.com.br\\\/#\\\/schema\\\/person\\\/301c4acf522bccbfdb45af95b5b906a1\",\"name\":\"Farn\u00e9sio\",\"image\":{\"@type\":\"ImageObject\",\"inLanguage\":\"pt-BR\",\"@id\":\"https:\\\/\\\/secure.gravatar.com\\\/avatar\\\/df0c9a14567c056f8ad6876ba5bbd1e3e2c48023eb6807342fc4663adf549f38?s=96&d=mm&r=g\",\"url\":\"https:\\\/\\\/secure.gravatar.com\\\/avatar\\\/df0c9a14567c056f8ad6876ba5bbd1e3e2c48023eb6807342fc4663adf549f38?s=96&d=mm&r=g\",\"contentUrl\":\"https:\\\/\\\/secure.gravatar.com\\\/avatar\\\/df0c9a14567c056f8ad6876ba5bbd1e3e2c48023eb6807342fc4663adf549f38?s=96&d=mm&r=g\",\"caption\":\"Farn\u00e9sio\"},\"sameAs\":[\"https:\\\/\\\/quersaberpolitica.com.br\"],\"url\":\"https:\\\/\\\/blogdofarnesio.com.br\\\/?author=1\"}]}<\/script>\n<!-- \/ Yoast SEO plugin. -->","yoast_head_json":{"title":"UNEB ABRE INSCRI\u00c7\u00d5ES PARA CONTRATA\u00c7\u00c3O DE PROFESSOR DE L\u00cdNGUA ESTRANGEIRA - Blog do Farn\u00e9sio","robots":{"index":"index","follow":"follow","max-snippet":"max-snippet:-1","max-image-preview":"max-image-preview:large","max-video-preview":"max-video-preview:-1"},"canonical":"https:\/\/blogdofarnesio.com.br\/?p=195738","og_locale":"pt_BR","og_type":"article","og_title":"UNEB ABRE INSCRI\u00c7\u00d5ES PARA CONTRATA\u00c7\u00c3O DE PROFESSOR DE L\u00cdNGUA ESTRANGEIRA - Blog do Farn\u00e9sio","og_description":"A Universidade do Estado da Bahia (UNEB) atrav\u00e9s do Departamento de Ci\u00eancias Humanas \u2013 DCH III, campus Juazeiro, est\u00e1 com inscri\u00e7\u00f5es abertas para contrata\u00e7\u00e3o por tempo determinado de profissionais de l\u00edngua estrangeira. Ao todo, s\u00e3o 02 vagas para ambas as \u00e1reas, ingl\u00eas (1), espanhol (1), designadas para graduados de n\u00edvel superior com habilidade em l\u00edngua estrangeira e para os servidores da UNEB (t\u00e9cnicos administrativos e professores) que atendam os pr\u00e9-requisitos exigidos no edital 2. Os selecionados ministrar\u00e3o aulas das disciplinas (ingl\u00eas e espanhol) para os estudantes de gradua\u00e7\u00e3o, p\u00f3s-gradua\u00e7\u00e3o do DCH e comunidade externa. Dentre as fun\u00e7\u00f5es, os requerentes dever\u00e3o desenvolver atividades de ensino na \u00e1rea, organizar o trabalho pedag\u00f3gico e participar das reuni\u00f5es mensais. As inscri\u00e7\u00f5es s\u00e3o gratuitas e&hellip;","og_url":"https:\/\/blogdofarnesio.com.br\/?p=195738","og_site_name":"Blog do Farn\u00e9sio","article_publisher":"https:\/\/www.facebook.com\/BlogQuerSaberPolitica\/","article_published_time":"2018-04-25T18:00:11+00:00","og_image":[{"width":312,"height":161,"url":"https:\/\/blogdofarnesio.com.br\/wp-content\/uploads\/2017\/01\/blogqspuneb0.jpg","type":"image\/jpeg"}],"author":"Farn\u00e9sio","twitter_card":"summary_large_image","twitter_misc":{"Escrito por":"Farn\u00e9sio","Est. tempo de leitura":"1 minuto"},"schema":{"@context":"https:\/\/schema.org","@graph":[{"@type":"Article","@id":"https:\/\/blogdofarnesio.com.br\/?p=195738#article","isPartOf":{"@id":"https:\/\/blogdofarnesio.com.br\/?p=195738"},"author":{"name":"Farn\u00e9sio","@id":"https:\/\/blogdofarnesio.com.br\/#\/schema\/person\/301c4acf522bccbfdb45af95b5b906a1"},"headline":"UNEB ABRE INSCRI\u00c7\u00d5ES PARA CONTRATA\u00c7\u00c3O DE PROFESSOR DE L\u00cdNGUA ESTRANGEIRA","datePublished":"2018-04-25T18:00:11+00:00","mainEntityOfPage":{"@id":"https:\/\/blogdofarnesio.com.br\/?p=195738"},"wordCount":235,"publisher":{"@id":"https:\/\/blogdofarnesio.com.br\/#organization"},"image":{"@id":"https:\/\/blogdofarnesio.com.br\/?p=195738#primaryimage"},"thumbnailUrl":"https:\/\/blogdofarnesio.com.br\/wp-content\/uploads\/2017\/01\/blogqspuneb0.jpg","articleSection":["Administra\u00e7\u00e3o"],"inLanguage":"pt-BR"},{"@type":"WebPage","@id":"https:\/\/blogdofarnesio.com.br\/?p=195738","url":"https:\/\/blogdofarnesio.com.br\/?p=195738","name":"UNEB ABRE INSCRI\u00c7\u00d5ES PARA CONTRATA\u00c7\u00c3O DE PROFESSOR DE L\u00cdNGUA ESTRANGEIRA - Blog do Farn\u00e9sio","isPartOf":{"@id":"https:\/\/blogdofarnesio.com.br\/#website"},"primaryImageOfPage":{"@id":"https:\/\/blogdofarnesio.com.br\/?p=195738#primaryimage"},"image":{"@id":"https:\/\/blogdofarnesio.com.br\/?p=195738#primaryimage"},"thumbnailUrl":"https:\/\/blogdofarnesio.com.br\/wp-content\/uploads\/2017\/01\/blogqspuneb0.jpg","datePublished":"2018-04-25T18:00:11+00:00","breadcrumb":{"@id":"https:\/\/blogdofarnesio.com.br\/?p=195738#breadcrumb"},"inLanguage":"pt-BR","potentialAction":[{"@type":"ReadAction","target":["https:\/\/blogdofarnesio.com.br\/?p=195738"]}]},{"@type":"ImageObject","inLanguage":"pt-BR","@id":"https:\/\/blogdofarnesio.com.br\/?p=195738#primaryimage","url":"https:\/\/blogdofarnesio.com.br\/wp-content\/uploads\/2017\/01\/blogqspuneb0.jpg","contentUrl":"https:\/\/blogdofarnesio.com.br\/wp-content\/uploads\/2017\/01\/blogqspuneb0.jpg","width":312,"height":161},{"@type":"BreadcrumbList","@id":"https:\/\/blogdofarnesio.com.br\/?p=195738#breadcrumb","itemListElement":[{"@type":"ListItem","position":1,"name":"In\u00edcio","item":"https:\/\/blogdofarnesio.com.br\/"},{"@type":"ListItem","position":2,"name":"UNEB ABRE INSCRI\u00c7\u00d5ES PARA CONTRATA\u00c7\u00c3O DE PROFESSOR DE L\u00cdNGUA ESTRANGEIRA"}]},{"@type":"WebSite","@id":"https:\/\/blogdofarnesio.com.br\/#website","url":"https:\/\/blogdofarnesio.com.br\/","name":"Blog do Farn\u00e9sio","description":"Quer Saber Pol\u00edtica?","publisher":{"@id":"https:\/\/blogdofarnesio.com.br\/#organization"},"potentialAction":[{"@type":"SearchAction","target":{"@type":"EntryPoint","urlTemplate":"https:\/\/blogdofarnesio.com.br\/?s={search_term_string}"},"query-input":{"@type":"PropertyValueSpecification","valueRequired":true,"valueName":"search_term_string"}}],"inLanguage":"pt-BR"},{"@type":"Organization","@id":"https:\/\/blogdofarnesio.com.br\/#organization","name":"Blog do Farn\u00e9sio","url":"https:\/\/blogdofarnesio.com.br\/","logo":{"@type":"ImageObject","inLanguage":"pt-BR","@id":"https:\/\/blogdofarnesio.com.br\/#\/schema\/logo\/image\/","url":"https:\/\/blogdofarnesio.com.br\/wp-content\/uploads\/2026\/03\/cropped-logo_new-1.png","contentUrl":"https:\/\/blogdofarnesio.com.br\/wp-content\/uploads\/2026\/03\/cropped-logo_new-1.png","width":881,"height":685,"caption":"Blog do Farn\u00e9sio"},"image":{"@id":"https:\/\/blogdofarnesio.com.br\/#\/schema\/logo\/image\/"},"sameAs":["https:\/\/www.facebook.com\/BlogQuerSaberPolitica\/"]},{"@type":"Person","@id":"https:\/\/blogdofarnesio.com.br\/#\/schema\/person\/301c4acf522bccbfdb45af95b5b906a1","name":"Farn\u00e9sio","image":{"@type":"ImageObject","inLanguage":"pt-BR","@id":"https:\/\/secure.gravatar.com\/avatar\/df0c9a14567c056f8ad6876ba5bbd1e3e2c48023eb6807342fc4663adf549f38?s=96&d=mm&r=g","url":"https:\/\/secure.gravatar.com\/avatar\/df0c9a14567c056f8ad6876ba5bbd1e3e2c48023eb6807342fc4663adf549f38?s=96&d=mm&r=g","contentUrl":"https:\/\/secure.gravatar.com\/avatar\/df0c9a14567c056f8ad6876ba5bbd1e3e2c48023eb6807342fc4663adf549f38?s=96&d=mm&r=g","caption":"Farn\u00e9sio"},"sameAs":["https:\/\/quersaberpolitica.com.br"],"url":"https:\/\/blogdofarnesio.com.br\/?author=1"}]}},"_links":{"self":[{"href":"https:\/\/blogdofarnesio.com.br\/index.php?rest_route=\/wp\/v2\/posts\/195738","targetHints":{"allow":["GET"]}}],"collection":[{"href":"https:\/\/blogdofarnesio.com.br\/index.php?rest_route=\/wp\/v2\/posts"}],"about":[{"href":"https:\/\/blogdofarnesio.com.br\/index.php?rest_route=\/wp\/v2\/types\/post"}],"author":[{"embeddable":true,"href":"https:\/\/blogdofarnesio.com.br\/index.php?rest_route=\/wp\/v2\/users\/1"}],"replies":[{"embeddable":true,"href":"https:\/\/blogdofarnesio.com.br\/index.php?rest_route=%2Fwp%2Fv2%2Fcomments&post=195738"}],"version-history":[{"count":0,"href":"https:\/\/blogdofarnesio.com.br\/index.php?rest_route=\/wp\/v2\/posts\/195738\/revisions"}],"wp:featuredmedia":[{"embeddable":true,"href":"https:\/\/blogdofarnesio.com.br\/index.php?rest_route=\/wp\/v2\/media\/155088"}],"wp:attachment":[{"href":"https:\/\/blogdofarnesio.com.br\/index.php?rest_route=%2Fwp%2Fv2%2Fmedia&parent=195738"}],"wp:term":[{"taxonomy":"category","embeddable":true,"href":"https:\/\/blogdofarnesio.com.br\/index.php?rest_route=%2Fwp%2Fv2%2Fcategories&post=195738"},{"taxonomy":"post_tag","embeddable":true,"href":"https:\/\/blogdofarnesio.com.br\/index.php?rest_route=%2Fwp%2Fv2%2Ftags&post=195738"}],"curies":[{"name":"wp","href":"https:\/\/api.w.org\/{rel}","templated":true}]}}