{"id":195727,"date":"2018-04-25T14:20:29","date_gmt":"2018-04-25T17:20:29","guid":{"rendered":"http:\/\/quersaberpolitica.com.br\/2016\/?p=195727"},"modified":"2018-04-24T22:21:37","modified_gmt":"2018-04-25T01:21:37","slug":"obras-na-sete-de-setembro-sao-intensificadas","status":"publish","type":"post","link":"https:\/\/blogdofarnesio.com.br\/?p=195727","title":{"rendered":"OBRAS NA SETE DE SETEMBRO S\u00c3O INTENSIFICADAS"},"content":{"rendered":"<p style=\"text-align: justify;\">\nOs servi\u00e7os para duplica\u00e7\u00e3o da Avenida Sete de Setembro ganhar\u00e3o um novo ritmo. Ap\u00f3s uma reuni\u00e3o ocorrida na\u00a0 \u00faltima segunda-feira (23), entre o prefeito Miguel Coelho, representantes do Governo Federal e da CLC (empresa respons\u00e1vel pelas obras), foi definido um cronograma de trabalho com maior intensidade para cumprir o prazo de inaugura\u00e7\u00e3o previsto para agosto. Com isso, caminh\u00f5es, ca\u00e7ambas e retroescavadeiras j\u00e1 retornaram ao canteiro de obras a fim de remover trechos de asfalto e agilizar a fase de demoli\u00e7\u00e3o.<\/p>\n<p>O ritmo da interven\u00e7\u00e3o na Avenida Sete de Setembro foi prejudicado nos \u00faltimos meses por conta das chuvas. Apesar de o trabalho nas pistas ser interrompido, a obra no aspecto geral foi continuada com servi\u00e7os de concretagem e remo\u00e7\u00e3o de postes. Al\u00e9m disso, foram realizadas interven\u00e7\u00f5es na sub-base da avenida e de topografia.<\/p>\n<p>Ap\u00f3s a fase de demoli\u00e7\u00e3o e prepara\u00e7\u00e3o do terreno, ser\u00e1 feito asfaltamento das novas pistas. Por fim, ser\u00e1 instalado a ilumina\u00e7\u00e3o do corredor. \u201cO mais importante \u00e9 que as obras v\u00e3o seguir o cronograma e se n\u00e3o houver mais nenhum imprevisto, a empresa de engenharia deve concluir a duplica\u00e7\u00e3o no come\u00e7o do segundo semestre. Ningu\u00e9m gosta desse transtorno que as obras est\u00e3o causando, mas \u00e9 preciso compreender que uma duplica\u00e7\u00e3o desse porte vai trazer um benef\u00edcio muito maior para a mobilidade e o tr\u00e2nsito de Petrolina\u201d, justifica o prefeito.<\/p>\n<p>Ap\u00f3s as obras, a avenida ter\u00e1 duas novas faixas para a passagem dos ve\u00edculos, dobrando o espa\u00e7o para o tr\u00e1fego de 3,5 metros para 7 metros nos dois sentidos. A duplica\u00e7\u00e3o da Sete de Setembro tem investimento de quase R$ 7 milh\u00f5es. O corredor \u00e9 um eixo estrat\u00e9gico para conex\u00e3o na entrada e sa\u00edda de Petrolina, al\u00e9m de dar acesso a mais de dez bairros como Jos\u00e9 e Maria, Areia Branca, Dom Malan, Centro, Caminho do Sol, Vila Eul\u00e1lia, Jardim Maravilha e Gercino Coelho.<\/p>\n<div class=\"gmail_default\" style=\"text-align: justify;\">\u200bFOTOS: Ivaldo Reges<\/div>\n","protected":false},"excerpt":{"rendered":"<p>Os servi\u00e7os para duplica\u00e7\u00e3o da Avenida Sete de Setembro ganhar\u00e3o um novo ritmo. Ap\u00f3s uma reuni\u00e3o ocorrida na\u00a0 \u00faltima segunda-feira (23), entre o prefeito Miguel Coelho, representantes do Governo Federal e da CLC (empresa respons\u00e1vel pelas obras), foi definido um cronograma de trabalho com maior intensidade para cumprir o prazo de inaugura\u00e7\u00e3o previsto para agosto. Com isso, caminh\u00f5es, ca\u00e7ambas e retroescavadeiras j\u00e1 retornaram ao canteiro de obras a fim de remover trechos de asfalto e agilizar a fase de demoli\u00e7\u00e3o. O ritmo da interven\u00e7\u00e3o na Avenida Sete de Setembro foi prejudicado nos \u00faltimos meses por conta das chuvas. Apesar de o trabalho nas pistas ser interrompido, a obra no aspecto geral foi continuada com servi\u00e7os de concretagem e remo\u00e7\u00e3o de&hellip; <\/p>\n","protected":false},"author":1,"featured_media":195728,"comment_status":"closed","ping_status":"closed","sticky":false,"template":"","format":"standard","meta":{"_acf_changed":false,"footnotes":""},"categories":[44],"tags":[],"class_list":["post-195727","post","type-post","status-publish","format-standard","has-post-thumbnail","hentry","category-administracao"],"acf":[],"yoast_head":"<!-- This site is optimized with the Yoast SEO plugin v27.4 - https:\/\/yoast.com\/product\/yoast-seo-wordpress\/ -->\n<title>OBRAS NA SETE DE SETEMBRO S\u00c3O INTENSIFICADAS - Blog do Farn\u00e9sio<\/title>\n<meta name=\"robots\" content=\"index, follow, max-snippet:-1, max-image-preview:large, max-video-preview:-1\" \/>\n<link rel=\"canonical\" href=\"https:\/\/blogdofarnesio.com.br\/?p=195727\" \/>\n<meta property=\"og:locale\" content=\"pt_BR\" \/>\n<meta property=\"og:type\" content=\"article\" \/>\n<meta property=\"og:title\" content=\"OBRAS NA SETE DE SETEMBRO S\u00c3O INTENSIFICADAS - Blog do Farn\u00e9sio\" \/>\n<meta property=\"og:description\" content=\"Os servi\u00e7os para duplica\u00e7\u00e3o da Avenida Sete de Setembro ganhar\u00e3o um novo ritmo. Ap\u00f3s uma reuni\u00e3o ocorrida na\u00a0 \u00faltima segunda-feira (23), entre o prefeito Miguel Coelho, representantes do Governo Federal e da CLC (empresa respons\u00e1vel pelas obras), foi definido um cronograma de trabalho com maior intensidade para cumprir o prazo de inaugura\u00e7\u00e3o previsto para agosto. Com isso, caminh\u00f5es, ca\u00e7ambas e retroescavadeiras j\u00e1 retornaram ao canteiro de obras a fim de remover trechos de asfalto e agilizar a fase de demoli\u00e7\u00e3o. O ritmo da interven\u00e7\u00e3o na Avenida Sete de Setembro foi prejudicado nos \u00faltimos meses por conta das chuvas. Apesar de o trabalho nas pistas ser interrompido, a obra no aspecto geral foi continuada com servi\u00e7os de concretagem e remo\u00e7\u00e3o de&hellip;\" \/>\n<meta property=\"og:url\" content=\"https:\/\/blogdofarnesio.com.br\/?p=195727\" \/>\n<meta property=\"og:site_name\" content=\"Blog do Farn\u00e9sio\" \/>\n<meta property=\"article:publisher\" content=\"https:\/\/www.facebook.com\/BlogQuerSaberPolitica\/\" \/>\n<meta property=\"article:published_time\" content=\"2018-04-25T17:20:29+00:00\" \/>\n<meta property=\"og:image\" content=\"https:\/\/blogdofarnesio.com.br\/wp-content\/uploads\/2018\/04\/blogqsp-obra-21desetembro.jpg\" \/>\n\t<meta property=\"og:image:width\" content=\"640\" \/>\n\t<meta property=\"og:image:height\" content=\"415\" \/>\n\t<meta property=\"og:image:type\" content=\"image\/jpeg\" \/>\n<meta name=\"author\" content=\"Farn\u00e9sio\" \/>\n<meta name=\"twitter:card\" content=\"summary_large_image\" \/>\n<meta name=\"twitter:label1\" content=\"Escrito por\" \/>\n\t<meta name=\"twitter:data1\" content=\"Farn\u00e9sio\" \/>\n\t<meta name=\"twitter:label2\" content=\"Est. tempo de leitura\" \/>\n\t<meta name=\"twitter:data2\" content=\"2 minutos\" \/>\n<script type=\"application\/ld+json\" class=\"yoast-schema-graph\">{\"@context\":\"https:\\\/\\\/schema.org\",\"@graph\":[{\"@type\":\"Article\",\"@id\":\"https:\\\/\\\/blogdofarnesio.com.br\\\/?p=195727#article\",\"isPartOf\":{\"@id\":\"https:\\\/\\\/blogdofarnesio.com.br\\\/?p=195727\"},\"author\":{\"name\":\"Farn\u00e9sio\",\"@id\":\"https:\\\/\\\/blogdofarnesio.com.br\\\/#\\\/schema\\\/person\\\/301c4acf522bccbfdb45af95b5b906a1\"},\"headline\":\"OBRAS NA SETE DE SETEMBRO S\u00c3O INTENSIFICADAS\",\"datePublished\":\"2018-04-25T17:20:29+00:00\",\"mainEntityOfPage\":{\"@id\":\"https:\\\/\\\/blogdofarnesio.com.br\\\/?p=195727\"},\"wordCount\":349,\"publisher\":{\"@id\":\"https:\\\/\\\/blogdofarnesio.com.br\\\/#organization\"},\"image\":{\"@id\":\"https:\\\/\\\/blogdofarnesio.com.br\\\/?p=195727#primaryimage\"},\"thumbnailUrl\":\"https:\\\/\\\/blogdofarnesio.com.br\\\/wp-content\\\/uploads\\\/2018\\\/04\\\/blogqsp-obra-21desetembro.jpg\",\"articleSection\":[\"Administra\u00e7\u00e3o\"],\"inLanguage\":\"pt-BR\"},{\"@type\":\"WebPage\",\"@id\":\"https:\\\/\\\/blogdofarnesio.com.br\\\/?p=195727\",\"url\":\"https:\\\/\\\/blogdofarnesio.com.br\\\/?p=195727\",\"name\":\"OBRAS NA SETE DE SETEMBRO S\u00c3O INTENSIFICADAS - Blog do Farn\u00e9sio\",\"isPartOf\":{\"@id\":\"https:\\\/\\\/blogdofarnesio.com.br\\\/#website\"},\"primaryImageOfPage\":{\"@id\":\"https:\\\/\\\/blogdofarnesio.com.br\\\/?p=195727#primaryimage\"},\"image\":{\"@id\":\"https:\\\/\\\/blogdofarnesio.com.br\\\/?p=195727#primaryimage\"},\"thumbnailUrl\":\"https:\\\/\\\/blogdofarnesio.com.br\\\/wp-content\\\/uploads\\\/2018\\\/04\\\/blogqsp-obra-21desetembro.jpg\",\"datePublished\":\"2018-04-25T17:20:29+00:00\",\"breadcrumb\":{\"@id\":\"https:\\\/\\\/blogdofarnesio.com.br\\\/?p=195727#breadcrumb\"},\"inLanguage\":\"pt-BR\",\"potentialAction\":[{\"@type\":\"ReadAction\",\"target\":[\"https:\\\/\\\/blogdofarnesio.com.br\\\/?p=195727\"]}]},{\"@type\":\"ImageObject\",\"inLanguage\":\"pt-BR\",\"@id\":\"https:\\\/\\\/blogdofarnesio.com.br\\\/?p=195727#primaryimage\",\"url\":\"https:\\\/\\\/blogdofarnesio.com.br\\\/wp-content\\\/uploads\\\/2018\\\/04\\\/blogqsp-obra-21desetembro.jpg\",\"contentUrl\":\"https:\\\/\\\/blogdofarnesio.com.br\\\/wp-content\\\/uploads\\\/2018\\\/04\\\/blogqsp-obra-21desetembro.jpg\",\"width\":640,\"height\":415},{\"@type\":\"BreadcrumbList\",\"@id\":\"https:\\\/\\\/blogdofarnesio.com.br\\\/?p=195727#breadcrumb\",\"itemListElement\":[{\"@type\":\"ListItem\",\"position\":1,\"name\":\"In\u00edcio\",\"item\":\"https:\\\/\\\/blogdofarnesio.com.br\\\/\"},{\"@type\":\"ListItem\",\"position\":2,\"name\":\"OBRAS NA SETE DE SETEMBRO S\u00c3O INTENSIFICADAS\"}]},{\"@type\":\"WebSite\",\"@id\":\"https:\\\/\\\/blogdofarnesio.com.br\\\/#website\",\"url\":\"https:\\\/\\\/blogdofarnesio.com.br\\\/\",\"name\":\"Blog do Farn\u00e9sio\",\"description\":\"Quer Saber Pol\u00edtica?\",\"publisher\":{\"@id\":\"https:\\\/\\\/blogdofarnesio.com.br\\\/#organization\"},\"potentialAction\":[{\"@type\":\"SearchAction\",\"target\":{\"@type\":\"EntryPoint\",\"urlTemplate\":\"https:\\\/\\\/blogdofarnesio.com.br\\\/?s={search_term_string}\"},\"query-input\":{\"@type\":\"PropertyValueSpecification\",\"valueRequired\":true,\"valueName\":\"search_term_string\"}}],\"inLanguage\":\"pt-BR\"},{\"@type\":\"Organization\",\"@id\":\"https:\\\/\\\/blogdofarnesio.com.br\\\/#organization\",\"name\":\"Blog do Farn\u00e9sio\",\"url\":\"https:\\\/\\\/blogdofarnesio.com.br\\\/\",\"logo\":{\"@type\":\"ImageObject\",\"inLanguage\":\"pt-BR\",\"@id\":\"https:\\\/\\\/blogdofarnesio.com.br\\\/#\\\/schema\\\/logo\\\/image\\\/\",\"url\":\"https:\\\/\\\/blogdofarnesio.com.br\\\/wp-content\\\/uploads\\\/2026\\\/03\\\/cropped-logo_new-1.png\",\"contentUrl\":\"https:\\\/\\\/blogdofarnesio.com.br\\\/wp-content\\\/uploads\\\/2026\\\/03\\\/cropped-logo_new-1.png\",\"width\":881,\"height\":685,\"caption\":\"Blog do Farn\u00e9sio\"},\"image\":{\"@id\":\"https:\\\/\\\/blogdofarnesio.com.br\\\/#\\\/schema\\\/logo\\\/image\\\/\"},\"sameAs\":[\"https:\\\/\\\/www.facebook.com\\\/BlogQuerSaberPolitica\\\/\"]},{\"@type\":\"Person\",\"@id\":\"https:\\\/\\\/blogdofarnesio.com.br\\\/#\\\/schema\\\/person\\\/301c4acf522bccbfdb45af95b5b906a1\",\"name\":\"Farn\u00e9sio\",\"image\":{\"@type\":\"ImageObject\",\"inLanguage\":\"pt-BR\",\"@id\":\"https:\\\/\\\/secure.gravatar.com\\\/avatar\\\/df0c9a14567c056f8ad6876ba5bbd1e3e2c48023eb6807342fc4663adf549f38?s=96&d=mm&r=g\",\"url\":\"https:\\\/\\\/secure.gravatar.com\\\/avatar\\\/df0c9a14567c056f8ad6876ba5bbd1e3e2c48023eb6807342fc4663adf549f38?s=96&d=mm&r=g\",\"contentUrl\":\"https:\\\/\\\/secure.gravatar.com\\\/avatar\\\/df0c9a14567c056f8ad6876ba5bbd1e3e2c48023eb6807342fc4663adf549f38?s=96&d=mm&r=g\",\"caption\":\"Farn\u00e9sio\"},\"sameAs\":[\"https:\\\/\\\/quersaberpolitica.com.br\"],\"url\":\"https:\\\/\\\/blogdofarnesio.com.br\\\/?author=1\"}]}<\/script>\n<!-- \/ Yoast SEO plugin. -->","yoast_head_json":{"title":"OBRAS NA SETE DE SETEMBRO S\u00c3O INTENSIFICADAS - Blog do Farn\u00e9sio","robots":{"index":"index","follow":"follow","max-snippet":"max-snippet:-1","max-image-preview":"max-image-preview:large","max-video-preview":"max-video-preview:-1"},"canonical":"https:\/\/blogdofarnesio.com.br\/?p=195727","og_locale":"pt_BR","og_type":"article","og_title":"OBRAS NA SETE DE SETEMBRO S\u00c3O INTENSIFICADAS - Blog do Farn\u00e9sio","og_description":"Os servi\u00e7os para duplica\u00e7\u00e3o da Avenida Sete de Setembro ganhar\u00e3o um novo ritmo. Ap\u00f3s uma reuni\u00e3o ocorrida na\u00a0 \u00faltima segunda-feira (23), entre o prefeito Miguel Coelho, representantes do Governo Federal e da CLC (empresa respons\u00e1vel pelas obras), foi definido um cronograma de trabalho com maior intensidade para cumprir o prazo de inaugura\u00e7\u00e3o previsto para agosto. Com isso, caminh\u00f5es, ca\u00e7ambas e retroescavadeiras j\u00e1 retornaram ao canteiro de obras a fim de remover trechos de asfalto e agilizar a fase de demoli\u00e7\u00e3o. O ritmo da interven\u00e7\u00e3o na Avenida Sete de Setembro foi prejudicado nos \u00faltimos meses por conta das chuvas. Apesar de o trabalho nas pistas ser interrompido, a obra no aspecto geral foi continuada com servi\u00e7os de concretagem e remo\u00e7\u00e3o de&hellip;","og_url":"https:\/\/blogdofarnesio.com.br\/?p=195727","og_site_name":"Blog do Farn\u00e9sio","article_publisher":"https:\/\/www.facebook.com\/BlogQuerSaberPolitica\/","article_published_time":"2018-04-25T17:20:29+00:00","og_image":[{"width":640,"height":415,"url":"https:\/\/blogdofarnesio.com.br\/wp-content\/uploads\/2018\/04\/blogqsp-obra-21desetembro.jpg","type":"image\/jpeg"}],"author":"Farn\u00e9sio","twitter_card":"summary_large_image","twitter_misc":{"Escrito por":"Farn\u00e9sio","Est. tempo de leitura":"2 minutos"},"schema":{"@context":"https:\/\/schema.org","@graph":[{"@type":"Article","@id":"https:\/\/blogdofarnesio.com.br\/?p=195727#article","isPartOf":{"@id":"https:\/\/blogdofarnesio.com.br\/?p=195727"},"author":{"name":"Farn\u00e9sio","@id":"https:\/\/blogdofarnesio.com.br\/#\/schema\/person\/301c4acf522bccbfdb45af95b5b906a1"},"headline":"OBRAS NA SETE DE SETEMBRO S\u00c3O INTENSIFICADAS","datePublished":"2018-04-25T17:20:29+00:00","mainEntityOfPage":{"@id":"https:\/\/blogdofarnesio.com.br\/?p=195727"},"wordCount":349,"publisher":{"@id":"https:\/\/blogdofarnesio.com.br\/#organization"},"image":{"@id":"https:\/\/blogdofarnesio.com.br\/?p=195727#primaryimage"},"thumbnailUrl":"https:\/\/blogdofarnesio.com.br\/wp-content\/uploads\/2018\/04\/blogqsp-obra-21desetembro.jpg","articleSection":["Administra\u00e7\u00e3o"],"inLanguage":"pt-BR"},{"@type":"WebPage","@id":"https:\/\/blogdofarnesio.com.br\/?p=195727","url":"https:\/\/blogdofarnesio.com.br\/?p=195727","name":"OBRAS NA SETE DE SETEMBRO S\u00c3O INTENSIFICADAS - Blog do Farn\u00e9sio","isPartOf":{"@id":"https:\/\/blogdofarnesio.com.br\/#website"},"primaryImageOfPage":{"@id":"https:\/\/blogdofarnesio.com.br\/?p=195727#primaryimage"},"image":{"@id":"https:\/\/blogdofarnesio.com.br\/?p=195727#primaryimage"},"thumbnailUrl":"https:\/\/blogdofarnesio.com.br\/wp-content\/uploads\/2018\/04\/blogqsp-obra-21desetembro.jpg","datePublished":"2018-04-25T17:20:29+00:00","breadcrumb":{"@id":"https:\/\/blogdofarnesio.com.br\/?p=195727#breadcrumb"},"inLanguage":"pt-BR","potentialAction":[{"@type":"ReadAction","target":["https:\/\/blogdofarnesio.com.br\/?p=195727"]}]},{"@type":"ImageObject","inLanguage":"pt-BR","@id":"https:\/\/blogdofarnesio.com.br\/?p=195727#primaryimage","url":"https:\/\/blogdofarnesio.com.br\/wp-content\/uploads\/2018\/04\/blogqsp-obra-21desetembro.jpg","contentUrl":"https:\/\/blogdofarnesio.com.br\/wp-content\/uploads\/2018\/04\/blogqsp-obra-21desetembro.jpg","width":640,"height":415},{"@type":"BreadcrumbList","@id":"https:\/\/blogdofarnesio.com.br\/?p=195727#breadcrumb","itemListElement":[{"@type":"ListItem","position":1,"name":"In\u00edcio","item":"https:\/\/blogdofarnesio.com.br\/"},{"@type":"ListItem","position":2,"name":"OBRAS NA SETE DE SETEMBRO S\u00c3O INTENSIFICADAS"}]},{"@type":"WebSite","@id":"https:\/\/blogdofarnesio.com.br\/#website","url":"https:\/\/blogdofarnesio.com.br\/","name":"Blog do Farn\u00e9sio","description":"Quer Saber Pol\u00edtica?","publisher":{"@id":"https:\/\/blogdofarnesio.com.br\/#organization"},"potentialAction":[{"@type":"SearchAction","target":{"@type":"EntryPoint","urlTemplate":"https:\/\/blogdofarnesio.com.br\/?s={search_term_string}"},"query-input":{"@type":"PropertyValueSpecification","valueRequired":true,"valueName":"search_term_string"}}],"inLanguage":"pt-BR"},{"@type":"Organization","@id":"https:\/\/blogdofarnesio.com.br\/#organization","name":"Blog do Farn\u00e9sio","url":"https:\/\/blogdofarnesio.com.br\/","logo":{"@type":"ImageObject","inLanguage":"pt-BR","@id":"https:\/\/blogdofarnesio.com.br\/#\/schema\/logo\/image\/","url":"https:\/\/blogdofarnesio.com.br\/wp-content\/uploads\/2026\/03\/cropped-logo_new-1.png","contentUrl":"https:\/\/blogdofarnesio.com.br\/wp-content\/uploads\/2026\/03\/cropped-logo_new-1.png","width":881,"height":685,"caption":"Blog do Farn\u00e9sio"},"image":{"@id":"https:\/\/blogdofarnesio.com.br\/#\/schema\/logo\/image\/"},"sameAs":["https:\/\/www.facebook.com\/BlogQuerSaberPolitica\/"]},{"@type":"Person","@id":"https:\/\/blogdofarnesio.com.br\/#\/schema\/person\/301c4acf522bccbfdb45af95b5b906a1","name":"Farn\u00e9sio","image":{"@type":"ImageObject","inLanguage":"pt-BR","@id":"https:\/\/secure.gravatar.com\/avatar\/df0c9a14567c056f8ad6876ba5bbd1e3e2c48023eb6807342fc4663adf549f38?s=96&d=mm&r=g","url":"https:\/\/secure.gravatar.com\/avatar\/df0c9a14567c056f8ad6876ba5bbd1e3e2c48023eb6807342fc4663adf549f38?s=96&d=mm&r=g","contentUrl":"https:\/\/secure.gravatar.com\/avatar\/df0c9a14567c056f8ad6876ba5bbd1e3e2c48023eb6807342fc4663adf549f38?s=96&d=mm&r=g","caption":"Farn\u00e9sio"},"sameAs":["https:\/\/quersaberpolitica.com.br"],"url":"https:\/\/blogdofarnesio.com.br\/?author=1"}]}},"_links":{"self":[{"href":"https:\/\/blogdofarnesio.com.br\/index.php?rest_route=\/wp\/v2\/posts\/195727","targetHints":{"allow":["GET"]}}],"collection":[{"href":"https:\/\/blogdofarnesio.com.br\/index.php?rest_route=\/wp\/v2\/posts"}],"about":[{"href":"https:\/\/blogdofarnesio.com.br\/index.php?rest_route=\/wp\/v2\/types\/post"}],"author":[{"embeddable":true,"href":"https:\/\/blogdofarnesio.com.br\/index.php?rest_route=\/wp\/v2\/users\/1"}],"replies":[{"embeddable":true,"href":"https:\/\/blogdofarnesio.com.br\/index.php?rest_route=%2Fwp%2Fv2%2Fcomments&post=195727"}],"version-history":[{"count":0,"href":"https:\/\/blogdofarnesio.com.br\/index.php?rest_route=\/wp\/v2\/posts\/195727\/revisions"}],"wp:featuredmedia":[{"embeddable":true,"href":"https:\/\/blogdofarnesio.com.br\/index.php?rest_route=\/wp\/v2\/media\/195728"}],"wp:attachment":[{"href":"https:\/\/blogdofarnesio.com.br\/index.php?rest_route=%2Fwp%2Fv2%2Fmedia&parent=195727"}],"wp:term":[{"taxonomy":"category","embeddable":true,"href":"https:\/\/blogdofarnesio.com.br\/index.php?rest_route=%2Fwp%2Fv2%2Fcategories&post=195727"},{"taxonomy":"post_tag","embeddable":true,"href":"https:\/\/blogdofarnesio.com.br\/index.php?rest_route=%2Fwp%2Fv2%2Ftags&post=195727"}],"curies":[{"name":"wp","href":"https:\/\/api.w.org\/{rel}","templated":true}]}}