{"id":195646,"date":"2018-04-25T14:40:20","date_gmt":"2018-04-25T17:40:20","guid":{"rendered":"http:\/\/quersaberpolitica.com.br\/2016\/?p=195646"},"modified":"2018-04-24T22:23:29","modified_gmt":"2018-04-25T01:23:29","slug":"prefeitura-realiza-atividades-para-comemorar-o-dia-internacional-da-educacao-em-juazeiro","status":"publish","type":"post","link":"https:\/\/blogdofarnesio.com.br\/?p=195646","title":{"rendered":"PREFEITURA REALIZA ATIVIDADES PARA COMEMORAR O DIA INTERNACIONAL DA EDUCA\u00c7\u00c3O EM JUAZEIRO"},"content":{"rendered":"<p style=\"text-align: justify;\">Por Emanuelle Lustosa\/SEDUC<\/p>\n<p style=\"text-align: justify;\">A Secretaria de Educa\u00e7\u00e3o e Juventude \u2013 SEDUC iniciou esta semana uma programa\u00e7\u00e3o especial para comemorar o dia 28 de abril, Dia Internacional da Educa\u00e7\u00e3o. Dentro da programa\u00e7\u00e3o ser\u00e3o realizadas roda de conversa, forma\u00e7\u00f5es e adesiva\u00e7os nas principais avenidas do Centro da cidade.<\/p>\n<p style=\"text-align: justify;\">Na \u00faltima segunda-feira (23), na EFEJ foi realizada a abertura da programa\u00e7\u00e3o com o \u2018II Encontro Formativo dos Dirigentes Municipais\u2019, com a pauta sobre o \u2018Estudo e aprofundamento da Base Nacional Curricular\u2019, e contou com a participa\u00e7\u00e3o de representantes da Educa\u00e7\u00e3o dos munic\u00edpios de Pil\u00e3o Arcado, Remanso, Uau\u00e1, Sento S\u00e9, Cura\u00e7\u00e1, Casa Nova, Sobradinho, Canudos, Jaguarari e Juazeiro.<\/p>\n<p style=\"text-align: justify;\">A programa\u00e7\u00e3o continuou ontem\u00a0 (24), com a roda de conversa, \u2018Adolesc\u00eancia: os desafios da entrada na vida adulta\u2019, com a participa\u00e7\u00e3o da mestra em Educa\u00e7\u00e3o Maria Aparecida Cassimiro e a secret\u00e1ria da SEDUC, Lucinete Alves. O evento acontece \u00e1s 17h30, na EFEJ, Rua Agostinho Jos\u00e9, bairro S\u00e3o Geraldo.<\/p>\n<p style=\"text-align: justify;\">No s\u00e1bado (28), Dia da Educa\u00e7\u00e3o ser\u00e3o realizados adesiva\u00e7os nas principais avenidas do Centro da cidade, e o I Encontro dos motoristas escolares da Rede Municipal de Ensino.<\/p>\n<p style=\"text-align: justify;\">\u201cJuazeiro apresentou avan\u00e7os significativos na Educa\u00e7\u00e3o na \u00faltima d\u00e9cada, com a valoriza\u00e7\u00e3o do professor, as melhorias estruturais dos pr\u00e9dios das unidades escolares, com reformas e climatiza\u00e7\u00e3o das salas de aula, na qualidade do ensino, nas constru\u00e7\u00f5es de mais de 20 creches, triplicando o n\u00famero de alunos na Educa\u00e7\u00e3o Infantil, entre outras conquistas. Por isso, neste dia 28 de abril, vale a pena relembrar e comemorar os passos importantes dados para que o nosso munic\u00edpio se tornasse refer\u00eancia nacional na Educa\u00e7\u00e3o\u201d, concluiu a secret\u00e1ria da SEDUC, Lucinete Alves.<\/p>\n","protected":false},"excerpt":{"rendered":"<p>Por Emanuelle Lustosa\/SEDUC A Secretaria de Educa\u00e7\u00e3o e Juventude \u2013 SEDUC iniciou esta semana uma programa\u00e7\u00e3o especial para comemorar o dia 28 de abril, Dia Internacional da Educa\u00e7\u00e3o. Dentro da programa\u00e7\u00e3o ser\u00e3o realizadas roda de conversa, forma\u00e7\u00f5es e adesiva\u00e7os nas principais avenidas do Centro da cidade. Na \u00faltima segunda-feira (23), na EFEJ foi realizada a abertura da programa\u00e7\u00e3o com o \u2018II Encontro Formativo dos Dirigentes Municipais\u2019, com a pauta sobre o \u2018Estudo e aprofundamento da Base Nacional Curricular\u2019, e contou com a participa\u00e7\u00e3o de representantes da Educa\u00e7\u00e3o dos munic\u00edpios de Pil\u00e3o Arcado, Remanso, Uau\u00e1, Sento S\u00e9, Cura\u00e7\u00e1, Casa Nova, Sobradinho, Canudos, Jaguarari e Juazeiro. A programa\u00e7\u00e3o continuou ontem\u00a0 (24), com a roda de conversa, \u2018Adolesc\u00eancia: os desafios da entrada na&hellip; <\/p>\n","protected":false},"author":1,"featured_media":195647,"comment_status":"closed","ping_status":"closed","sticky":false,"template":"","format":"standard","meta":{"_acf_changed":false,"footnotes":""},"categories":[44],"tags":[],"class_list":["post-195646","post","type-post","status-publish","format-standard","has-post-thumbnail","hentry","category-administracao"],"acf":[],"yoast_head":"<!-- This site is optimized with the Yoast SEO plugin v27.4 - https:\/\/yoast.com\/product\/yoast-seo-wordpress\/ -->\n<title>PREFEITURA REALIZA ATIVIDADES PARA COMEMORAR O DIA INTERNACIONAL DA EDUCA\u00c7\u00c3O EM JUAZEIRO - Blog do Farn\u00e9sio<\/title>\n<meta name=\"robots\" content=\"index, follow, max-snippet:-1, max-image-preview:large, max-video-preview:-1\" \/>\n<link rel=\"canonical\" href=\"https:\/\/blogdofarnesio.com.br\/?p=195646\" \/>\n<meta property=\"og:locale\" content=\"pt_BR\" \/>\n<meta property=\"og:type\" content=\"article\" \/>\n<meta property=\"og:title\" content=\"PREFEITURA REALIZA ATIVIDADES PARA COMEMORAR O DIA INTERNACIONAL DA EDUCA\u00c7\u00c3O EM JUAZEIRO - Blog do Farn\u00e9sio\" \/>\n<meta property=\"og:description\" content=\"Por Emanuelle Lustosa\/SEDUC A Secretaria de Educa\u00e7\u00e3o e Juventude \u2013 SEDUC iniciou esta semana uma programa\u00e7\u00e3o especial para comemorar o dia 28 de abril, Dia Internacional da Educa\u00e7\u00e3o. Dentro da programa\u00e7\u00e3o ser\u00e3o realizadas roda de conversa, forma\u00e7\u00f5es e adesiva\u00e7os nas principais avenidas do Centro da cidade. Na \u00faltima segunda-feira (23), na EFEJ foi realizada a abertura da programa\u00e7\u00e3o com o \u2018II Encontro Formativo dos Dirigentes Municipais\u2019, com a pauta sobre o \u2018Estudo e aprofundamento da Base Nacional Curricular\u2019, e contou com a participa\u00e7\u00e3o de representantes da Educa\u00e7\u00e3o dos munic\u00edpios de Pil\u00e3o Arcado, Remanso, Uau\u00e1, Sento S\u00e9, Cura\u00e7\u00e1, Casa Nova, Sobradinho, Canudos, Jaguarari e Juazeiro. A programa\u00e7\u00e3o continuou ontem\u00a0 (24), com a roda de conversa, \u2018Adolesc\u00eancia: os desafios da entrada na&hellip;\" \/>\n<meta property=\"og:url\" content=\"https:\/\/blogdofarnesio.com.br\/?p=195646\" \/>\n<meta property=\"og:site_name\" content=\"Blog do Farn\u00e9sio\" \/>\n<meta property=\"article:publisher\" content=\"https:\/\/www.facebook.com\/BlogQuerSaberPolitica\/\" \/>\n<meta property=\"article:published_time\" content=\"2018-04-25T17:40:20+00:00\" \/>\n<meta property=\"og:image\" content=\"https:\/\/blogdofarnesio.com.br\/wp-content\/uploads\/2018\/04\/blogqsp-Dia-Internacional-da-Educa\u00e7\u00e3o-3.jpg\" \/>\n\t<meta property=\"og:image:width\" content=\"640\" \/>\n\t<meta property=\"og:image:height\" content=\"427\" \/>\n\t<meta property=\"og:image:type\" content=\"image\/jpeg\" \/>\n<meta name=\"author\" content=\"Farn\u00e9sio\" \/>\n<meta name=\"twitter:card\" content=\"summary_large_image\" \/>\n<meta name=\"twitter:label1\" content=\"Escrito por\" \/>\n\t<meta name=\"twitter:data1\" content=\"Farn\u00e9sio\" \/>\n\t<meta name=\"twitter:label2\" content=\"Est. tempo de leitura\" \/>\n\t<meta name=\"twitter:data2\" content=\"1 minuto\" \/>\n<script type=\"application\/ld+json\" class=\"yoast-schema-graph\">{\"@context\":\"https:\\\/\\\/schema.org\",\"@graph\":[{\"@type\":\"Article\",\"@id\":\"https:\\\/\\\/blogdofarnesio.com.br\\\/?p=195646#article\",\"isPartOf\":{\"@id\":\"https:\\\/\\\/blogdofarnesio.com.br\\\/?p=195646\"},\"author\":{\"name\":\"Farn\u00e9sio\",\"@id\":\"https:\\\/\\\/blogdofarnesio.com.br\\\/#\\\/schema\\\/person\\\/301c4acf522bccbfdb45af95b5b906a1\"},\"headline\":\"PREFEITURA REALIZA ATIVIDADES PARA COMEMORAR O DIA INTERNACIONAL DA EDUCA\u00c7\u00c3O EM JUAZEIRO\",\"datePublished\":\"2018-04-25T17:40:20+00:00\",\"mainEntityOfPage\":{\"@id\":\"https:\\\/\\\/blogdofarnesio.com.br\\\/?p=195646\"},\"wordCount\":309,\"publisher\":{\"@id\":\"https:\\\/\\\/blogdofarnesio.com.br\\\/#organization\"},\"image\":{\"@id\":\"https:\\\/\\\/blogdofarnesio.com.br\\\/?p=195646#primaryimage\"},\"thumbnailUrl\":\"https:\\\/\\\/blogdofarnesio.com.br\\\/wp-content\\\/uploads\\\/2018\\\/04\\\/blogqsp-Dia-Internacional-da-Educa\u00e7\u00e3o-3.jpg\",\"articleSection\":[\"Administra\u00e7\u00e3o\"],\"inLanguage\":\"pt-BR\"},{\"@type\":\"WebPage\",\"@id\":\"https:\\\/\\\/blogdofarnesio.com.br\\\/?p=195646\",\"url\":\"https:\\\/\\\/blogdofarnesio.com.br\\\/?p=195646\",\"name\":\"PREFEITURA REALIZA ATIVIDADES PARA COMEMORAR O DIA INTERNACIONAL DA EDUCA\u00c7\u00c3O EM JUAZEIRO - Blog do Farn\u00e9sio\",\"isPartOf\":{\"@id\":\"https:\\\/\\\/blogdofarnesio.com.br\\\/#website\"},\"primaryImageOfPage\":{\"@id\":\"https:\\\/\\\/blogdofarnesio.com.br\\\/?p=195646#primaryimage\"},\"image\":{\"@id\":\"https:\\\/\\\/blogdofarnesio.com.br\\\/?p=195646#primaryimage\"},\"thumbnailUrl\":\"https:\\\/\\\/blogdofarnesio.com.br\\\/wp-content\\\/uploads\\\/2018\\\/04\\\/blogqsp-Dia-Internacional-da-Educa\u00e7\u00e3o-3.jpg\",\"datePublished\":\"2018-04-25T17:40:20+00:00\",\"breadcrumb\":{\"@id\":\"https:\\\/\\\/blogdofarnesio.com.br\\\/?p=195646#breadcrumb\"},\"inLanguage\":\"pt-BR\",\"potentialAction\":[{\"@type\":\"ReadAction\",\"target\":[\"https:\\\/\\\/blogdofarnesio.com.br\\\/?p=195646\"]}]},{\"@type\":\"ImageObject\",\"inLanguage\":\"pt-BR\",\"@id\":\"https:\\\/\\\/blogdofarnesio.com.br\\\/?p=195646#primaryimage\",\"url\":\"https:\\\/\\\/blogdofarnesio.com.br\\\/wp-content\\\/uploads\\\/2018\\\/04\\\/blogqsp-Dia-Internacional-da-Educa\u00e7\u00e3o-3.jpg\",\"contentUrl\":\"https:\\\/\\\/blogdofarnesio.com.br\\\/wp-content\\\/uploads\\\/2018\\\/04\\\/blogqsp-Dia-Internacional-da-Educa\u00e7\u00e3o-3.jpg\",\"width\":640,\"height\":427},{\"@type\":\"BreadcrumbList\",\"@id\":\"https:\\\/\\\/blogdofarnesio.com.br\\\/?p=195646#breadcrumb\",\"itemListElement\":[{\"@type\":\"ListItem\",\"position\":1,\"name\":\"In\u00edcio\",\"item\":\"https:\\\/\\\/blogdofarnesio.com.br\\\/\"},{\"@type\":\"ListItem\",\"position\":2,\"name\":\"PREFEITURA REALIZA ATIVIDADES PARA COMEMORAR O DIA INTERNACIONAL DA EDUCA\u00c7\u00c3O EM JUAZEIRO\"}]},{\"@type\":\"WebSite\",\"@id\":\"https:\\\/\\\/blogdofarnesio.com.br\\\/#website\",\"url\":\"https:\\\/\\\/blogdofarnesio.com.br\\\/\",\"name\":\"Blog do Farn\u00e9sio\",\"description\":\"Quer Saber Pol\u00edtica?\",\"publisher\":{\"@id\":\"https:\\\/\\\/blogdofarnesio.com.br\\\/#organization\"},\"potentialAction\":[{\"@type\":\"SearchAction\",\"target\":{\"@type\":\"EntryPoint\",\"urlTemplate\":\"https:\\\/\\\/blogdofarnesio.com.br\\\/?s={search_term_string}\"},\"query-input\":{\"@type\":\"PropertyValueSpecification\",\"valueRequired\":true,\"valueName\":\"search_term_string\"}}],\"inLanguage\":\"pt-BR\"},{\"@type\":\"Organization\",\"@id\":\"https:\\\/\\\/blogdofarnesio.com.br\\\/#organization\",\"name\":\"Blog do Farn\u00e9sio\",\"url\":\"https:\\\/\\\/blogdofarnesio.com.br\\\/\",\"logo\":{\"@type\":\"ImageObject\",\"inLanguage\":\"pt-BR\",\"@id\":\"https:\\\/\\\/blogdofarnesio.com.br\\\/#\\\/schema\\\/logo\\\/image\\\/\",\"url\":\"https:\\\/\\\/blogdofarnesio.com.br\\\/wp-content\\\/uploads\\\/2026\\\/03\\\/cropped-logo_new-1.png\",\"contentUrl\":\"https:\\\/\\\/blogdofarnesio.com.br\\\/wp-content\\\/uploads\\\/2026\\\/03\\\/cropped-logo_new-1.png\",\"width\":881,\"height\":685,\"caption\":\"Blog do Farn\u00e9sio\"},\"image\":{\"@id\":\"https:\\\/\\\/blogdofarnesio.com.br\\\/#\\\/schema\\\/logo\\\/image\\\/\"},\"sameAs\":[\"https:\\\/\\\/www.facebook.com\\\/BlogQuerSaberPolitica\\\/\"]},{\"@type\":\"Person\",\"@id\":\"https:\\\/\\\/blogdofarnesio.com.br\\\/#\\\/schema\\\/person\\\/301c4acf522bccbfdb45af95b5b906a1\",\"name\":\"Farn\u00e9sio\",\"image\":{\"@type\":\"ImageObject\",\"inLanguage\":\"pt-BR\",\"@id\":\"https:\\\/\\\/secure.gravatar.com\\\/avatar\\\/df0c9a14567c056f8ad6876ba5bbd1e3e2c48023eb6807342fc4663adf549f38?s=96&d=mm&r=g\",\"url\":\"https:\\\/\\\/secure.gravatar.com\\\/avatar\\\/df0c9a14567c056f8ad6876ba5bbd1e3e2c48023eb6807342fc4663adf549f38?s=96&d=mm&r=g\",\"contentUrl\":\"https:\\\/\\\/secure.gravatar.com\\\/avatar\\\/df0c9a14567c056f8ad6876ba5bbd1e3e2c48023eb6807342fc4663adf549f38?s=96&d=mm&r=g\",\"caption\":\"Farn\u00e9sio\"},\"sameAs\":[\"https:\\\/\\\/quersaberpolitica.com.br\"],\"url\":\"https:\\\/\\\/blogdofarnesio.com.br\\\/?author=1\"}]}<\/script>\n<!-- \/ Yoast SEO plugin. -->","yoast_head_json":{"title":"PREFEITURA REALIZA ATIVIDADES PARA COMEMORAR O DIA INTERNACIONAL DA EDUCA\u00c7\u00c3O EM JUAZEIRO - Blog do Farn\u00e9sio","robots":{"index":"index","follow":"follow","max-snippet":"max-snippet:-1","max-image-preview":"max-image-preview:large","max-video-preview":"max-video-preview:-1"},"canonical":"https:\/\/blogdofarnesio.com.br\/?p=195646","og_locale":"pt_BR","og_type":"article","og_title":"PREFEITURA REALIZA ATIVIDADES PARA COMEMORAR O DIA INTERNACIONAL DA EDUCA\u00c7\u00c3O EM JUAZEIRO - Blog do Farn\u00e9sio","og_description":"Por Emanuelle Lustosa\/SEDUC A Secretaria de Educa\u00e7\u00e3o e Juventude \u2013 SEDUC iniciou esta semana uma programa\u00e7\u00e3o especial para comemorar o dia 28 de abril, Dia Internacional da Educa\u00e7\u00e3o. Dentro da programa\u00e7\u00e3o ser\u00e3o realizadas roda de conversa, forma\u00e7\u00f5es e adesiva\u00e7os nas principais avenidas do Centro da cidade. Na \u00faltima segunda-feira (23), na EFEJ foi realizada a abertura da programa\u00e7\u00e3o com o \u2018II Encontro Formativo dos Dirigentes Municipais\u2019, com a pauta sobre o \u2018Estudo e aprofundamento da Base Nacional Curricular\u2019, e contou com a participa\u00e7\u00e3o de representantes da Educa\u00e7\u00e3o dos munic\u00edpios de Pil\u00e3o Arcado, Remanso, Uau\u00e1, Sento S\u00e9, Cura\u00e7\u00e1, Casa Nova, Sobradinho, Canudos, Jaguarari e Juazeiro. A programa\u00e7\u00e3o continuou ontem\u00a0 (24), com a roda de conversa, \u2018Adolesc\u00eancia: os desafios da entrada na&hellip;","og_url":"https:\/\/blogdofarnesio.com.br\/?p=195646","og_site_name":"Blog do Farn\u00e9sio","article_publisher":"https:\/\/www.facebook.com\/BlogQuerSaberPolitica\/","article_published_time":"2018-04-25T17:40:20+00:00","og_image":[{"width":640,"height":427,"url":"https:\/\/blogdofarnesio.com.br\/wp-content\/uploads\/2018\/04\/blogqsp-Dia-Internacional-da-Educa\u00e7\u00e3o-3.jpg","type":"image\/jpeg"}],"author":"Farn\u00e9sio","twitter_card":"summary_large_image","twitter_misc":{"Escrito por":"Farn\u00e9sio","Est. tempo de leitura":"1 minuto"},"schema":{"@context":"https:\/\/schema.org","@graph":[{"@type":"Article","@id":"https:\/\/blogdofarnesio.com.br\/?p=195646#article","isPartOf":{"@id":"https:\/\/blogdofarnesio.com.br\/?p=195646"},"author":{"name":"Farn\u00e9sio","@id":"https:\/\/blogdofarnesio.com.br\/#\/schema\/person\/301c4acf522bccbfdb45af95b5b906a1"},"headline":"PREFEITURA REALIZA ATIVIDADES PARA COMEMORAR O DIA INTERNACIONAL DA EDUCA\u00c7\u00c3O EM JUAZEIRO","datePublished":"2018-04-25T17:40:20+00:00","mainEntityOfPage":{"@id":"https:\/\/blogdofarnesio.com.br\/?p=195646"},"wordCount":309,"publisher":{"@id":"https:\/\/blogdofarnesio.com.br\/#organization"},"image":{"@id":"https:\/\/blogdofarnesio.com.br\/?p=195646#primaryimage"},"thumbnailUrl":"https:\/\/blogdofarnesio.com.br\/wp-content\/uploads\/2018\/04\/blogqsp-Dia-Internacional-da-Educa\u00e7\u00e3o-3.jpg","articleSection":["Administra\u00e7\u00e3o"],"inLanguage":"pt-BR"},{"@type":"WebPage","@id":"https:\/\/blogdofarnesio.com.br\/?p=195646","url":"https:\/\/blogdofarnesio.com.br\/?p=195646","name":"PREFEITURA REALIZA ATIVIDADES PARA COMEMORAR O DIA INTERNACIONAL DA EDUCA\u00c7\u00c3O EM JUAZEIRO - Blog do Farn\u00e9sio","isPartOf":{"@id":"https:\/\/blogdofarnesio.com.br\/#website"},"primaryImageOfPage":{"@id":"https:\/\/blogdofarnesio.com.br\/?p=195646#primaryimage"},"image":{"@id":"https:\/\/blogdofarnesio.com.br\/?p=195646#primaryimage"},"thumbnailUrl":"https:\/\/blogdofarnesio.com.br\/wp-content\/uploads\/2018\/04\/blogqsp-Dia-Internacional-da-Educa\u00e7\u00e3o-3.jpg","datePublished":"2018-04-25T17:40:20+00:00","breadcrumb":{"@id":"https:\/\/blogdofarnesio.com.br\/?p=195646#breadcrumb"},"inLanguage":"pt-BR","potentialAction":[{"@type":"ReadAction","target":["https:\/\/blogdofarnesio.com.br\/?p=195646"]}]},{"@type":"ImageObject","inLanguage":"pt-BR","@id":"https:\/\/blogdofarnesio.com.br\/?p=195646#primaryimage","url":"https:\/\/blogdofarnesio.com.br\/wp-content\/uploads\/2018\/04\/blogqsp-Dia-Internacional-da-Educa\u00e7\u00e3o-3.jpg","contentUrl":"https:\/\/blogdofarnesio.com.br\/wp-content\/uploads\/2018\/04\/blogqsp-Dia-Internacional-da-Educa\u00e7\u00e3o-3.jpg","width":640,"height":427},{"@type":"BreadcrumbList","@id":"https:\/\/blogdofarnesio.com.br\/?p=195646#breadcrumb","itemListElement":[{"@type":"ListItem","position":1,"name":"In\u00edcio","item":"https:\/\/blogdofarnesio.com.br\/"},{"@type":"ListItem","position":2,"name":"PREFEITURA REALIZA ATIVIDADES PARA COMEMORAR O DIA INTERNACIONAL DA EDUCA\u00c7\u00c3O EM JUAZEIRO"}]},{"@type":"WebSite","@id":"https:\/\/blogdofarnesio.com.br\/#website","url":"https:\/\/blogdofarnesio.com.br\/","name":"Blog do Farn\u00e9sio","description":"Quer Saber Pol\u00edtica?","publisher":{"@id":"https:\/\/blogdofarnesio.com.br\/#organization"},"potentialAction":[{"@type":"SearchAction","target":{"@type":"EntryPoint","urlTemplate":"https:\/\/blogdofarnesio.com.br\/?s={search_term_string}"},"query-input":{"@type":"PropertyValueSpecification","valueRequired":true,"valueName":"search_term_string"}}],"inLanguage":"pt-BR"},{"@type":"Organization","@id":"https:\/\/blogdofarnesio.com.br\/#organization","name":"Blog do Farn\u00e9sio","url":"https:\/\/blogdofarnesio.com.br\/","logo":{"@type":"ImageObject","inLanguage":"pt-BR","@id":"https:\/\/blogdofarnesio.com.br\/#\/schema\/logo\/image\/","url":"https:\/\/blogdofarnesio.com.br\/wp-content\/uploads\/2026\/03\/cropped-logo_new-1.png","contentUrl":"https:\/\/blogdofarnesio.com.br\/wp-content\/uploads\/2026\/03\/cropped-logo_new-1.png","width":881,"height":685,"caption":"Blog do Farn\u00e9sio"},"image":{"@id":"https:\/\/blogdofarnesio.com.br\/#\/schema\/logo\/image\/"},"sameAs":["https:\/\/www.facebook.com\/BlogQuerSaberPolitica\/"]},{"@type":"Person","@id":"https:\/\/blogdofarnesio.com.br\/#\/schema\/person\/301c4acf522bccbfdb45af95b5b906a1","name":"Farn\u00e9sio","image":{"@type":"ImageObject","inLanguage":"pt-BR","@id":"https:\/\/secure.gravatar.com\/avatar\/df0c9a14567c056f8ad6876ba5bbd1e3e2c48023eb6807342fc4663adf549f38?s=96&d=mm&r=g","url":"https:\/\/secure.gravatar.com\/avatar\/df0c9a14567c056f8ad6876ba5bbd1e3e2c48023eb6807342fc4663adf549f38?s=96&d=mm&r=g","contentUrl":"https:\/\/secure.gravatar.com\/avatar\/df0c9a14567c056f8ad6876ba5bbd1e3e2c48023eb6807342fc4663adf549f38?s=96&d=mm&r=g","caption":"Farn\u00e9sio"},"sameAs":["https:\/\/quersaberpolitica.com.br"],"url":"https:\/\/blogdofarnesio.com.br\/?author=1"}]}},"_links":{"self":[{"href":"https:\/\/blogdofarnesio.com.br\/index.php?rest_route=\/wp\/v2\/posts\/195646","targetHints":{"allow":["GET"]}}],"collection":[{"href":"https:\/\/blogdofarnesio.com.br\/index.php?rest_route=\/wp\/v2\/posts"}],"about":[{"href":"https:\/\/blogdofarnesio.com.br\/index.php?rest_route=\/wp\/v2\/types\/post"}],"author":[{"embeddable":true,"href":"https:\/\/blogdofarnesio.com.br\/index.php?rest_route=\/wp\/v2\/users\/1"}],"replies":[{"embeddable":true,"href":"https:\/\/blogdofarnesio.com.br\/index.php?rest_route=%2Fwp%2Fv2%2Fcomments&post=195646"}],"version-history":[{"count":0,"href":"https:\/\/blogdofarnesio.com.br\/index.php?rest_route=\/wp\/v2\/posts\/195646\/revisions"}],"wp:featuredmedia":[{"embeddable":true,"href":"https:\/\/blogdofarnesio.com.br\/index.php?rest_route=\/wp\/v2\/media\/195647"}],"wp:attachment":[{"href":"https:\/\/blogdofarnesio.com.br\/index.php?rest_route=%2Fwp%2Fv2%2Fmedia&parent=195646"}],"wp:term":[{"taxonomy":"category","embeddable":true,"href":"https:\/\/blogdofarnesio.com.br\/index.php?rest_route=%2Fwp%2Fv2%2Fcategories&post=195646"},{"taxonomy":"post_tag","embeddable":true,"href":"https:\/\/blogdofarnesio.com.br\/index.php?rest_route=%2Fwp%2Fv2%2Ftags&post=195646"}],"curies":[{"name":"wp","href":"https:\/\/api.w.org\/{rel}","templated":true}]}}