{"id":195602,"date":"2018-04-25T14:00:26","date_gmt":"2018-04-25T17:00:26","guid":{"rendered":"http:\/\/quersaberpolitica.com.br\/2016\/?p=195602"},"modified":"2018-04-24T22:18:10","modified_gmt":"2018-04-25T01:18:10","slug":"prefeitura-cidada-realiza-reuniao-especial-em-todos-os-bairros-e-distritos-de-juazeiro","status":"publish","type":"post","link":"https:\/\/blogdofarnesio.com.br\/?p=195602","title":{"rendered":"PREFEITURA CIDAD\u00c3 REALIZA REUNI\u00c3O ESPECIAL EM TODOS OS BAIRROS E DISTRITOS DE JUAZEIRO"},"content":{"rendered":"<p style=\"text-align: justify;\">Por Emanuelle Lustosa\/SEDUC<\/p>\n<p style=\"text-align: justify;\">Ontem (24), o Programa Prefeitura Cidad\u00e3 realizou reuni\u00f5es em todos os bairros e distritos de Juazeiro, para consolidar as prioridades dialogadas pelo Programa, que ir\u00e3o constar na Lei de Diretrizes Or\u00e7ament\u00e1rias do Munic\u00edpio \u2013 LDO, referente ao exerc\u00edcio de 2019.\u00a0 Os encontros acontecer\u00e3o em escolas municipais, associa\u00e7\u00f5es de moradores, igrejas, centros comunit\u00e1rios de cada localidade, onde desde o ano passado, se iniciou um di\u00e1logo permanente, entre o Governo Municipal e a popula\u00e7\u00e3o.<\/p>\n<p style=\"text-align: justify;\">Segundo a coordena\u00e7\u00e3o do Programa Prefeitura Cidad\u00e3 esta iniciativa \u00e9 mais uma garantia que os pedidos realizados pela comunidade ser\u00e3o executados atrav\u00e9s de planejamento e registro na pr\u00f3pria LDO.<\/p>\n<p style=\"text-align: justify;\">O Programa foi idealizado para garantir a democratiza\u00e7\u00e3o da gest\u00e3o do prefeito Paulo Bomfim, possibilitando a participa\u00e7\u00e3o das comunidades na aplica\u00e7\u00e3o e defini\u00e7\u00e3o das prioridades das obras e dos servi\u00e7os que s\u00e3o obriga\u00e7\u00e3o da\u00a0prefeitura, al\u00e9m de encontrar caminhos para que a popula\u00e7\u00e3o tamb\u00e9m contribua para essa constru\u00e7\u00e3o de uma Juazeiro cada vez melhor.<\/p>\n","protected":false},"excerpt":{"rendered":"<p>Por Emanuelle Lustosa\/SEDUC Ontem (24), o Programa Prefeitura Cidad\u00e3 realizou reuni\u00f5es em todos os bairros e distritos de Juazeiro, para consolidar as prioridades dialogadas pelo Programa, que ir\u00e3o constar na Lei de Diretrizes Or\u00e7ament\u00e1rias do Munic\u00edpio \u2013 LDO, referente ao exerc\u00edcio de 2019.\u00a0 Os encontros acontecer\u00e3o em escolas municipais, associa\u00e7\u00f5es de moradores, igrejas, centros comunit\u00e1rios de cada localidade, onde desde o ano passado, se iniciou um di\u00e1logo permanente, entre o Governo Municipal e a popula\u00e7\u00e3o. Segundo a coordena\u00e7\u00e3o do Programa Prefeitura Cidad\u00e3 esta iniciativa \u00e9 mais uma garantia que os pedidos realizados pela comunidade ser\u00e3o executados atrav\u00e9s de planejamento e registro na pr\u00f3pria LDO. O Programa foi idealizado para garantir a democratiza\u00e7\u00e3o da gest\u00e3o do prefeito Paulo Bomfim, possibilitando a&hellip; <\/p>\n","protected":false},"author":1,"featured_media":195603,"comment_status":"closed","ping_status":"closed","sticky":false,"template":"","format":"standard","meta":{"_acf_changed":false,"footnotes":""},"categories":[44],"tags":[],"class_list":["post-195602","post","type-post","status-publish","format-standard","has-post-thumbnail","hentry","category-administracao"],"acf":[],"yoast_head":"<!-- This site is optimized with the Yoast SEO plugin v27.4 - https:\/\/yoast.com\/product\/yoast-seo-wordpress\/ -->\n<title>PREFEITURA CIDAD\u00c3 REALIZA REUNI\u00c3O ESPECIAL EM TODOS OS BAIRROS E DISTRITOS DE JUAZEIRO - Blog do Farn\u00e9sio<\/title>\n<meta name=\"robots\" content=\"index, follow, max-snippet:-1, max-image-preview:large, max-video-preview:-1\" \/>\n<link rel=\"canonical\" href=\"https:\/\/blogdofarnesio.com.br\/?p=195602\" \/>\n<meta property=\"og:locale\" content=\"pt_BR\" \/>\n<meta property=\"og:type\" content=\"article\" \/>\n<meta property=\"og:title\" content=\"PREFEITURA CIDAD\u00c3 REALIZA REUNI\u00c3O ESPECIAL EM TODOS OS BAIRROS E DISTRITOS DE JUAZEIRO - Blog do Farn\u00e9sio\" \/>\n<meta property=\"og:description\" content=\"Por Emanuelle Lustosa\/SEDUC Ontem (24), o Programa Prefeitura Cidad\u00e3 realizou reuni\u00f5es em todos os bairros e distritos de Juazeiro, para consolidar as prioridades dialogadas pelo Programa, que ir\u00e3o constar na Lei de Diretrizes Or\u00e7ament\u00e1rias do Munic\u00edpio \u2013 LDO, referente ao exerc\u00edcio de 2019.\u00a0 Os encontros acontecer\u00e3o em escolas municipais, associa\u00e7\u00f5es de moradores, igrejas, centros comunit\u00e1rios de cada localidade, onde desde o ano passado, se iniciou um di\u00e1logo permanente, entre o Governo Municipal e a popula\u00e7\u00e3o. Segundo a coordena\u00e7\u00e3o do Programa Prefeitura Cidad\u00e3 esta iniciativa \u00e9 mais uma garantia que os pedidos realizados pela comunidade ser\u00e3o executados atrav\u00e9s de planejamento e registro na pr\u00f3pria LDO. O Programa foi idealizado para garantir a democratiza\u00e7\u00e3o da gest\u00e3o do prefeito Paulo Bomfim, possibilitando a&hellip;\" \/>\n<meta property=\"og:url\" content=\"https:\/\/blogdofarnesio.com.br\/?p=195602\" \/>\n<meta property=\"og:site_name\" content=\"Blog do Farn\u00e9sio\" \/>\n<meta property=\"article:publisher\" content=\"https:\/\/www.facebook.com\/BlogQuerSaberPolitica\/\" \/>\n<meta property=\"article:published_time\" content=\"2018-04-25T17:00:26+00:00\" \/>\n<meta property=\"og:image\" content=\"https:\/\/blogdofarnesio.com.br\/wp-content\/uploads\/2018\/04\/blogqsp-Prefeitura-Cidad\u00e3-2017-1.jpg\" \/>\n\t<meta property=\"og:image:width\" content=\"480\" \/>\n\t<meta property=\"og:image:height\" content=\"480\" \/>\n\t<meta property=\"og:image:type\" content=\"image\/jpeg\" \/>\n<meta name=\"author\" content=\"Farn\u00e9sio\" \/>\n<meta name=\"twitter:card\" content=\"summary_large_image\" \/>\n<meta name=\"twitter:label1\" content=\"Escrito por\" \/>\n\t<meta name=\"twitter:data1\" content=\"Farn\u00e9sio\" \/>\n\t<meta name=\"twitter:label2\" content=\"Est. tempo de leitura\" \/>\n\t<meta name=\"twitter:data2\" content=\"1 minuto\" \/>\n<script type=\"application\/ld+json\" class=\"yoast-schema-graph\">{\"@context\":\"https:\\\/\\\/schema.org\",\"@graph\":[{\"@type\":\"Article\",\"@id\":\"https:\\\/\\\/blogdofarnesio.com.br\\\/?p=195602#article\",\"isPartOf\":{\"@id\":\"https:\\\/\\\/blogdofarnesio.com.br\\\/?p=195602\"},\"author\":{\"name\":\"Farn\u00e9sio\",\"@id\":\"https:\\\/\\\/blogdofarnesio.com.br\\\/#\\\/schema\\\/person\\\/301c4acf522bccbfdb45af95b5b906a1\"},\"headline\":\"PREFEITURA CIDAD\u00c3 REALIZA REUNI\u00c3O ESPECIAL EM TODOS OS BAIRROS E DISTRITOS DE JUAZEIRO\",\"datePublished\":\"2018-04-25T17:00:26+00:00\",\"mainEntityOfPage\":{\"@id\":\"https:\\\/\\\/blogdofarnesio.com.br\\\/?p=195602\"},\"wordCount\":196,\"publisher\":{\"@id\":\"https:\\\/\\\/blogdofarnesio.com.br\\\/#organization\"},\"image\":{\"@id\":\"https:\\\/\\\/blogdofarnesio.com.br\\\/?p=195602#primaryimage\"},\"thumbnailUrl\":\"https:\\\/\\\/blogdofarnesio.com.br\\\/wp-content\\\/uploads\\\/2018\\\/04\\\/blogqsp-Prefeitura-Cidad\u00e3-2017-1.jpg\",\"articleSection\":[\"Administra\u00e7\u00e3o\"],\"inLanguage\":\"pt-BR\"},{\"@type\":\"WebPage\",\"@id\":\"https:\\\/\\\/blogdofarnesio.com.br\\\/?p=195602\",\"url\":\"https:\\\/\\\/blogdofarnesio.com.br\\\/?p=195602\",\"name\":\"PREFEITURA CIDAD\u00c3 REALIZA REUNI\u00c3O ESPECIAL EM TODOS OS BAIRROS E DISTRITOS DE JUAZEIRO - Blog do Farn\u00e9sio\",\"isPartOf\":{\"@id\":\"https:\\\/\\\/blogdofarnesio.com.br\\\/#website\"},\"primaryImageOfPage\":{\"@id\":\"https:\\\/\\\/blogdofarnesio.com.br\\\/?p=195602#primaryimage\"},\"image\":{\"@id\":\"https:\\\/\\\/blogdofarnesio.com.br\\\/?p=195602#primaryimage\"},\"thumbnailUrl\":\"https:\\\/\\\/blogdofarnesio.com.br\\\/wp-content\\\/uploads\\\/2018\\\/04\\\/blogqsp-Prefeitura-Cidad\u00e3-2017-1.jpg\",\"datePublished\":\"2018-04-25T17:00:26+00:00\",\"breadcrumb\":{\"@id\":\"https:\\\/\\\/blogdofarnesio.com.br\\\/?p=195602#breadcrumb\"},\"inLanguage\":\"pt-BR\",\"potentialAction\":[{\"@type\":\"ReadAction\",\"target\":[\"https:\\\/\\\/blogdofarnesio.com.br\\\/?p=195602\"]}]},{\"@type\":\"ImageObject\",\"inLanguage\":\"pt-BR\",\"@id\":\"https:\\\/\\\/blogdofarnesio.com.br\\\/?p=195602#primaryimage\",\"url\":\"https:\\\/\\\/blogdofarnesio.com.br\\\/wp-content\\\/uploads\\\/2018\\\/04\\\/blogqsp-Prefeitura-Cidad\u00e3-2017-1.jpg\",\"contentUrl\":\"https:\\\/\\\/blogdofarnesio.com.br\\\/wp-content\\\/uploads\\\/2018\\\/04\\\/blogqsp-Prefeitura-Cidad\u00e3-2017-1.jpg\",\"width\":480,\"height\":480},{\"@type\":\"BreadcrumbList\",\"@id\":\"https:\\\/\\\/blogdofarnesio.com.br\\\/?p=195602#breadcrumb\",\"itemListElement\":[{\"@type\":\"ListItem\",\"position\":1,\"name\":\"In\u00edcio\",\"item\":\"https:\\\/\\\/blogdofarnesio.com.br\\\/\"},{\"@type\":\"ListItem\",\"position\":2,\"name\":\"PREFEITURA CIDAD\u00c3 REALIZA REUNI\u00c3O ESPECIAL EM TODOS OS BAIRROS E DISTRITOS DE JUAZEIRO\"}]},{\"@type\":\"WebSite\",\"@id\":\"https:\\\/\\\/blogdofarnesio.com.br\\\/#website\",\"url\":\"https:\\\/\\\/blogdofarnesio.com.br\\\/\",\"name\":\"Blog do Farn\u00e9sio\",\"description\":\"Quer Saber Pol\u00edtica?\",\"publisher\":{\"@id\":\"https:\\\/\\\/blogdofarnesio.com.br\\\/#organization\"},\"potentialAction\":[{\"@type\":\"SearchAction\",\"target\":{\"@type\":\"EntryPoint\",\"urlTemplate\":\"https:\\\/\\\/blogdofarnesio.com.br\\\/?s={search_term_string}\"},\"query-input\":{\"@type\":\"PropertyValueSpecification\",\"valueRequired\":true,\"valueName\":\"search_term_string\"}}],\"inLanguage\":\"pt-BR\"},{\"@type\":\"Organization\",\"@id\":\"https:\\\/\\\/blogdofarnesio.com.br\\\/#organization\",\"name\":\"Blog do Farn\u00e9sio\",\"url\":\"https:\\\/\\\/blogdofarnesio.com.br\\\/\",\"logo\":{\"@type\":\"ImageObject\",\"inLanguage\":\"pt-BR\",\"@id\":\"https:\\\/\\\/blogdofarnesio.com.br\\\/#\\\/schema\\\/logo\\\/image\\\/\",\"url\":\"https:\\\/\\\/blogdofarnesio.com.br\\\/wp-content\\\/uploads\\\/2026\\\/03\\\/cropped-logo_new-1.png\",\"contentUrl\":\"https:\\\/\\\/blogdofarnesio.com.br\\\/wp-content\\\/uploads\\\/2026\\\/03\\\/cropped-logo_new-1.png\",\"width\":881,\"height\":685,\"caption\":\"Blog do Farn\u00e9sio\"},\"image\":{\"@id\":\"https:\\\/\\\/blogdofarnesio.com.br\\\/#\\\/schema\\\/logo\\\/image\\\/\"},\"sameAs\":[\"https:\\\/\\\/www.facebook.com\\\/BlogQuerSaberPolitica\\\/\"]},{\"@type\":\"Person\",\"@id\":\"https:\\\/\\\/blogdofarnesio.com.br\\\/#\\\/schema\\\/person\\\/301c4acf522bccbfdb45af95b5b906a1\",\"name\":\"Farn\u00e9sio\",\"image\":{\"@type\":\"ImageObject\",\"inLanguage\":\"pt-BR\",\"@id\":\"https:\\\/\\\/secure.gravatar.com\\\/avatar\\\/df0c9a14567c056f8ad6876ba5bbd1e3e2c48023eb6807342fc4663adf549f38?s=96&d=mm&r=g\",\"url\":\"https:\\\/\\\/secure.gravatar.com\\\/avatar\\\/df0c9a14567c056f8ad6876ba5bbd1e3e2c48023eb6807342fc4663adf549f38?s=96&d=mm&r=g\",\"contentUrl\":\"https:\\\/\\\/secure.gravatar.com\\\/avatar\\\/df0c9a14567c056f8ad6876ba5bbd1e3e2c48023eb6807342fc4663adf549f38?s=96&d=mm&r=g\",\"caption\":\"Farn\u00e9sio\"},\"sameAs\":[\"https:\\\/\\\/quersaberpolitica.com.br\"],\"url\":\"https:\\\/\\\/blogdofarnesio.com.br\\\/?author=1\"}]}<\/script>\n<!-- \/ Yoast SEO plugin. -->","yoast_head_json":{"title":"PREFEITURA CIDAD\u00c3 REALIZA REUNI\u00c3O ESPECIAL EM TODOS OS BAIRROS E DISTRITOS DE JUAZEIRO - Blog do Farn\u00e9sio","robots":{"index":"index","follow":"follow","max-snippet":"max-snippet:-1","max-image-preview":"max-image-preview:large","max-video-preview":"max-video-preview:-1"},"canonical":"https:\/\/blogdofarnesio.com.br\/?p=195602","og_locale":"pt_BR","og_type":"article","og_title":"PREFEITURA CIDAD\u00c3 REALIZA REUNI\u00c3O ESPECIAL EM TODOS OS BAIRROS E DISTRITOS DE JUAZEIRO - Blog do Farn\u00e9sio","og_description":"Por Emanuelle Lustosa\/SEDUC Ontem (24), o Programa Prefeitura Cidad\u00e3 realizou reuni\u00f5es em todos os bairros e distritos de Juazeiro, para consolidar as prioridades dialogadas pelo Programa, que ir\u00e3o constar na Lei de Diretrizes Or\u00e7ament\u00e1rias do Munic\u00edpio \u2013 LDO, referente ao exerc\u00edcio de 2019.\u00a0 Os encontros acontecer\u00e3o em escolas municipais, associa\u00e7\u00f5es de moradores, igrejas, centros comunit\u00e1rios de cada localidade, onde desde o ano passado, se iniciou um di\u00e1logo permanente, entre o Governo Municipal e a popula\u00e7\u00e3o. Segundo a coordena\u00e7\u00e3o do Programa Prefeitura Cidad\u00e3 esta iniciativa \u00e9 mais uma garantia que os pedidos realizados pela comunidade ser\u00e3o executados atrav\u00e9s de planejamento e registro na pr\u00f3pria LDO. O Programa foi idealizado para garantir a democratiza\u00e7\u00e3o da gest\u00e3o do prefeito Paulo Bomfim, possibilitando a&hellip;","og_url":"https:\/\/blogdofarnesio.com.br\/?p=195602","og_site_name":"Blog do Farn\u00e9sio","article_publisher":"https:\/\/www.facebook.com\/BlogQuerSaberPolitica\/","article_published_time":"2018-04-25T17:00:26+00:00","og_image":[{"width":480,"height":480,"url":"https:\/\/blogdofarnesio.com.br\/wp-content\/uploads\/2018\/04\/blogqsp-Prefeitura-Cidad\u00e3-2017-1.jpg","type":"image\/jpeg"}],"author":"Farn\u00e9sio","twitter_card":"summary_large_image","twitter_misc":{"Escrito por":"Farn\u00e9sio","Est. tempo de leitura":"1 minuto"},"schema":{"@context":"https:\/\/schema.org","@graph":[{"@type":"Article","@id":"https:\/\/blogdofarnesio.com.br\/?p=195602#article","isPartOf":{"@id":"https:\/\/blogdofarnesio.com.br\/?p=195602"},"author":{"name":"Farn\u00e9sio","@id":"https:\/\/blogdofarnesio.com.br\/#\/schema\/person\/301c4acf522bccbfdb45af95b5b906a1"},"headline":"PREFEITURA CIDAD\u00c3 REALIZA REUNI\u00c3O ESPECIAL EM TODOS OS BAIRROS E DISTRITOS DE JUAZEIRO","datePublished":"2018-04-25T17:00:26+00:00","mainEntityOfPage":{"@id":"https:\/\/blogdofarnesio.com.br\/?p=195602"},"wordCount":196,"publisher":{"@id":"https:\/\/blogdofarnesio.com.br\/#organization"},"image":{"@id":"https:\/\/blogdofarnesio.com.br\/?p=195602#primaryimage"},"thumbnailUrl":"https:\/\/blogdofarnesio.com.br\/wp-content\/uploads\/2018\/04\/blogqsp-Prefeitura-Cidad\u00e3-2017-1.jpg","articleSection":["Administra\u00e7\u00e3o"],"inLanguage":"pt-BR"},{"@type":"WebPage","@id":"https:\/\/blogdofarnesio.com.br\/?p=195602","url":"https:\/\/blogdofarnesio.com.br\/?p=195602","name":"PREFEITURA CIDAD\u00c3 REALIZA REUNI\u00c3O ESPECIAL EM TODOS OS BAIRROS E DISTRITOS DE JUAZEIRO - Blog do Farn\u00e9sio","isPartOf":{"@id":"https:\/\/blogdofarnesio.com.br\/#website"},"primaryImageOfPage":{"@id":"https:\/\/blogdofarnesio.com.br\/?p=195602#primaryimage"},"image":{"@id":"https:\/\/blogdofarnesio.com.br\/?p=195602#primaryimage"},"thumbnailUrl":"https:\/\/blogdofarnesio.com.br\/wp-content\/uploads\/2018\/04\/blogqsp-Prefeitura-Cidad\u00e3-2017-1.jpg","datePublished":"2018-04-25T17:00:26+00:00","breadcrumb":{"@id":"https:\/\/blogdofarnesio.com.br\/?p=195602#breadcrumb"},"inLanguage":"pt-BR","potentialAction":[{"@type":"ReadAction","target":["https:\/\/blogdofarnesio.com.br\/?p=195602"]}]},{"@type":"ImageObject","inLanguage":"pt-BR","@id":"https:\/\/blogdofarnesio.com.br\/?p=195602#primaryimage","url":"https:\/\/blogdofarnesio.com.br\/wp-content\/uploads\/2018\/04\/blogqsp-Prefeitura-Cidad\u00e3-2017-1.jpg","contentUrl":"https:\/\/blogdofarnesio.com.br\/wp-content\/uploads\/2018\/04\/blogqsp-Prefeitura-Cidad\u00e3-2017-1.jpg","width":480,"height":480},{"@type":"BreadcrumbList","@id":"https:\/\/blogdofarnesio.com.br\/?p=195602#breadcrumb","itemListElement":[{"@type":"ListItem","position":1,"name":"In\u00edcio","item":"https:\/\/blogdofarnesio.com.br\/"},{"@type":"ListItem","position":2,"name":"PREFEITURA CIDAD\u00c3 REALIZA REUNI\u00c3O ESPECIAL EM TODOS OS BAIRROS E DISTRITOS DE JUAZEIRO"}]},{"@type":"WebSite","@id":"https:\/\/blogdofarnesio.com.br\/#website","url":"https:\/\/blogdofarnesio.com.br\/","name":"Blog do Farn\u00e9sio","description":"Quer Saber Pol\u00edtica?","publisher":{"@id":"https:\/\/blogdofarnesio.com.br\/#organization"},"potentialAction":[{"@type":"SearchAction","target":{"@type":"EntryPoint","urlTemplate":"https:\/\/blogdofarnesio.com.br\/?s={search_term_string}"},"query-input":{"@type":"PropertyValueSpecification","valueRequired":true,"valueName":"search_term_string"}}],"inLanguage":"pt-BR"},{"@type":"Organization","@id":"https:\/\/blogdofarnesio.com.br\/#organization","name":"Blog do Farn\u00e9sio","url":"https:\/\/blogdofarnesio.com.br\/","logo":{"@type":"ImageObject","inLanguage":"pt-BR","@id":"https:\/\/blogdofarnesio.com.br\/#\/schema\/logo\/image\/","url":"https:\/\/blogdofarnesio.com.br\/wp-content\/uploads\/2026\/03\/cropped-logo_new-1.png","contentUrl":"https:\/\/blogdofarnesio.com.br\/wp-content\/uploads\/2026\/03\/cropped-logo_new-1.png","width":881,"height":685,"caption":"Blog do Farn\u00e9sio"},"image":{"@id":"https:\/\/blogdofarnesio.com.br\/#\/schema\/logo\/image\/"},"sameAs":["https:\/\/www.facebook.com\/BlogQuerSaberPolitica\/"]},{"@type":"Person","@id":"https:\/\/blogdofarnesio.com.br\/#\/schema\/person\/301c4acf522bccbfdb45af95b5b906a1","name":"Farn\u00e9sio","image":{"@type":"ImageObject","inLanguage":"pt-BR","@id":"https:\/\/secure.gravatar.com\/avatar\/df0c9a14567c056f8ad6876ba5bbd1e3e2c48023eb6807342fc4663adf549f38?s=96&d=mm&r=g","url":"https:\/\/secure.gravatar.com\/avatar\/df0c9a14567c056f8ad6876ba5bbd1e3e2c48023eb6807342fc4663adf549f38?s=96&d=mm&r=g","contentUrl":"https:\/\/secure.gravatar.com\/avatar\/df0c9a14567c056f8ad6876ba5bbd1e3e2c48023eb6807342fc4663adf549f38?s=96&d=mm&r=g","caption":"Farn\u00e9sio"},"sameAs":["https:\/\/quersaberpolitica.com.br"],"url":"https:\/\/blogdofarnesio.com.br\/?author=1"}]}},"_links":{"self":[{"href":"https:\/\/blogdofarnesio.com.br\/index.php?rest_route=\/wp\/v2\/posts\/195602","targetHints":{"allow":["GET"]}}],"collection":[{"href":"https:\/\/blogdofarnesio.com.br\/index.php?rest_route=\/wp\/v2\/posts"}],"about":[{"href":"https:\/\/blogdofarnesio.com.br\/index.php?rest_route=\/wp\/v2\/types\/post"}],"author":[{"embeddable":true,"href":"https:\/\/blogdofarnesio.com.br\/index.php?rest_route=\/wp\/v2\/users\/1"}],"replies":[{"embeddable":true,"href":"https:\/\/blogdofarnesio.com.br\/index.php?rest_route=%2Fwp%2Fv2%2Fcomments&post=195602"}],"version-history":[{"count":0,"href":"https:\/\/blogdofarnesio.com.br\/index.php?rest_route=\/wp\/v2\/posts\/195602\/revisions"}],"wp:featuredmedia":[{"embeddable":true,"href":"https:\/\/blogdofarnesio.com.br\/index.php?rest_route=\/wp\/v2\/media\/195603"}],"wp:attachment":[{"href":"https:\/\/blogdofarnesio.com.br\/index.php?rest_route=%2Fwp%2Fv2%2Fmedia&parent=195602"}],"wp:term":[{"taxonomy":"category","embeddable":true,"href":"https:\/\/blogdofarnesio.com.br\/index.php?rest_route=%2Fwp%2Fv2%2Fcategories&post=195602"},{"taxonomy":"post_tag","embeddable":true,"href":"https:\/\/blogdofarnesio.com.br\/index.php?rest_route=%2Fwp%2Fv2%2Ftags&post=195602"}],"curies":[{"name":"wp","href":"https:\/\/api.w.org\/{rel}","templated":true}]}}