{"id":194879,"date":"2018-04-17T12:00:03","date_gmt":"2018-04-17T15:00:03","guid":{"rendered":"http:\/\/quersaberpolitica.com.br\/2016\/?p=194879"},"modified":"2018-04-17T16:22:45","modified_gmt":"2018-04-17T19:22:45","slug":"direto-de-jaguarari-ba","status":"publish","type":"post","link":"https:\/\/blogdofarnesio.com.br\/?p=194879","title":{"rendered":"DIRETO DE JAGUARARI-BA"},"content":{"rendered":"<header class=\"entry-header-outer\">\n<div class=\"entry-header\">\n<h1 class=\"post-title entry-title\">DENUNCIANTE DIZ TER RECEBIDO PROPINA DO VICE PARA MENTIR EM PROCESSO CONTRA O PREFEITO EVERTON<\/h1>\n<\/div>\n<\/header>\n<div class=\"entry-content entry clearfix\">\n<p>O munic\u00edpio de Jaguarari vem se destacando negativamente nas m\u00eddias local e estadual gra\u00e7as \u00e0 guerra pol\u00edtica instalada desde o ano passado entre o legislativo e executivo. A pol\u00edtica jaguarariense ganhou os notici\u00e1rios com as in\u00fameras tentativas da c\u00e2mara de vereadores em cassar o mandado do prefeito Everton Rocha.<\/p>\n<p>Porem no dia 29 de mar\u00e7o deste ano a C\u00e2mara\u00a0 de Vereadores afastou o prefeito Everton\u00a0 Rocha de seu mandato por 10 votos contra 3, sob a acusa\u00e7\u00e3o de improbidade administrativa em uma licita\u00e7\u00e3o de um software para o setor de tributos. Ap\u00f3s a conclus\u00e3o da CPP que afastou o prefeito acreditava-se que a justi\u00e7a havia sido feita e o gestor teria pagado pelo erro cometido. Contudo vale ressaltar que tal licita\u00e7\u00e3o havia sido extinta, antes mesmo que a mesma fosse homologada e qualquer pagamento fosse efetuado. Esse j\u00e1 seria um motivo para que o denunciado recorresse a fim de recuperar seu mandato.<\/p>\n<p>Durante o processo que foi realizado de maneira acelerada, o denunciante mesmo ap\u00f3s protocolar a denuncia n\u00e3o foi ouvido como testemunha de acusa\u00e7\u00e3o. Certo de ter cometido um erro solicitou o arquivamento \u201c<em>A den\u00fancia por mim apresentada perante a C\u00e2mara de Vereadores em face do ent\u00e3o prefeito Everton Rocha e a empresa improcedente por inteiro, j\u00e1 que ficou comprovado a inexist\u00eancia da irregularidade. Dessa forma, a fim de evitar uma poss\u00edvel responsabiliza\u00e7\u00e3o contra minha pessoa em rela\u00e7\u00e3o \u00e0 difama\u00e7\u00e3o e cal\u00fania em face do Prefeito e da empresa Volutare, solicito a desist\u00eancia e requeiro o imediato arquivamento<\/em>\u201d, reconhece Klyton Marcel no requerimento que apresentou a Comiss\u00e3o Parlamentar Processante da C\u00e2mara no dia 02 de mar\u00e7o.<\/p>\n<p><img loading=\"lazy\" decoding=\"async\" class=\"size-full wp-image-13835 aligncenter\" src=\"https:\/\/i1.wp.com\/minutoba.com.br\/wp-content\/uploads\/2018\/04\/WhatsApp-Image-2018-03-27-at-22.20.01.jpeg?resize=618%2C876\" sizes=\"auto, (max-width: 618px) 100vw, 618px\" srcset=\"https:\/\/i1.wp.com\/minutoba.com.br\/wp-content\/uploads\/2018\/04\/WhatsApp-Image-2018-03-27-at-22.20.01.jpeg?w=684 684w, https:\/\/i1.wp.com\/minutoba.com.br\/wp-content\/uploads\/2018\/04\/WhatsApp-Image-2018-03-27-at-22.20.01.jpeg?resize=212%2C300 212w\" alt=\"\" width=\"618\" height=\"876\" data-attachment-id=\"13835\" data-permalink=\"http:\/\/minutoba.com.br\/denunciante-afirma-que-recebeu-dinheiro-do-vice-prefeito-para-mentir-em-processo-que-cassou-mandado-do-prefeito-de-jaguarari-everton-rocha\/whatsapp-image-2018-03-27-at-22-20-01-2\/\" data-orig-file=\"https:\/\/i1.wp.com\/minutoba.com.br\/wp-content\/uploads\/2018\/04\/WhatsApp-Image-2018-03-27-at-22.20.01.jpeg?fit=684%2C969\" data-orig-size=\"684,969\" data-comments-opened=\"1\" data-image-meta=\"{&quot;aperture&quot;:&quot;0&quot;,&quot;credit&quot;:&quot;&quot;,&quot;camera&quot;:&quot;&quot;,&quot;caption&quot;:&quot;&quot;,&quot;created_timestamp&quot;:&quot;0&quot;,&quot;copyright&quot;:&quot;&quot;,&quot;focal_length&quot;:&quot;0&quot;,&quot;iso&quot;:&quot;0&quot;,&quot;shutter_speed&quot;:&quot;0&quot;,&quot;title&quot;:&quot;&quot;,&quot;orientation&quot;:&quot;0&quot;}\" data-image-title=\"WhatsApp-Image-2018-03-27-at-22.20.01\" data-image-description=\"\" data-medium-file=\"https:\/\/i1.wp.com\/minutoba.com.br\/wp-content\/uploads\/2018\/04\/WhatsApp-Image-2018-03-27-at-22.20.01.jpeg?fit=212%2C300\" data-large-file=\"https:\/\/i1.wp.com\/minutoba.com.br\/wp-content\/uploads\/2018\/04\/WhatsApp-Image-2018-03-27-at-22.20.01.jpeg?fit=618%2C876\" \/><\/p>\n<p>A equipe de jornalismo do Portal de Noticias Minuto Bahia conversou com o denunciante Klyton Marceu que revelou em entrevista exclusiva toda a suposta farsa montada pelo Presidente da C\u00e2mara de Vereadores Marcio Gomes, pelo vereador Z\u00e9 Galego e pelo ex-vice-prefeito Fabr\u00edcio D\u2019 Agostino que culminou com a cassa\u00e7\u00e3o do ent\u00e3o prefeito de Jaguarari Everton Rocha.<\/p>\n<p><strong>Assista a entrevista:<\/strong><\/p>\n<div class=\"fluid-width-video-wrapper\">\n<p><iframe loading=\"lazy\" title=\"Denunciante revela esquema montado por vereadores de Jaguarari que cassou Prefeito Everton Rocha.\" width=\"1110\" height=\"624\" src=\"https:\/\/www.youtube.com\/embed\/JhqIisEtPaE?start=50&#038;feature=oembed\" frameborder=\"0\" allow=\"accelerometer; autoplay; clipboard-write; encrypted-media; gyroscope; picture-in-picture\" allowfullscreen><\/iframe><\/p>\n<\/div>\n<p>Com base no material entregue a nossa reportagem durante a entrevista com Klyton Marceu foram apresentados \u00e1udios e conversas no aplicativo de mensagens Watsapp que revelam a forma como o processo foi conduzido.<\/p>\n<p><strong>Conversa com o vereador Z\u00e9 Galego\u00a0<\/strong><\/p>\n<p>Em conversa ocorrida no dia 17 de fevereiro entre o Klyton e o vereador Z\u00e9 Galego fica evidente a montagem do processo. Logo no inicio o vereador que tamb\u00e9m foi relator da Comiss\u00e3o Parlamentar Processante \u2013 CPP solicita que o denunciante formule perguntas a serem feitas as testemunhas. \u00a0<strong>Veja a imagem abaixo:<\/strong><\/p>\n<p><strong>\u00a0<img loading=\"lazy\" decoding=\"async\" class=\"size-full wp-image-13842 aligncenter\" src=\"https:\/\/i0.wp.com\/minutoba.com.br\/wp-content\/uploads\/2018\/04\/Ze-Galego.png?resize=618%2C589\" sizes=\"auto, (max-width: 618px) 100vw, 618px\" srcset=\"https:\/\/i0.wp.com\/minutoba.com.br\/wp-content\/uploads\/2018\/04\/Ze-Galego.png?w=661 661w, https:\/\/i0.wp.com\/minutoba.com.br\/wp-content\/uploads\/2018\/04\/Ze-Galego.png?resize=315%2C300 315w\" alt=\"\" width=\"618\" height=\"589\" data-attachment-id=\"13842\" data-permalink=\"http:\/\/minutoba.com.br\/denunciante-afirma-que-recebeu-dinheiro-do-vice-prefeito-para-mentir-em-processo-que-cassou-mandado-do-prefeito-de-jaguarari-everton-rocha\/ze-galego\/\" data-orig-file=\"https:\/\/i0.wp.com\/minutoba.com.br\/wp-content\/uploads\/2018\/04\/Ze-Galego.png?fit=661%2C630\" data-orig-size=\"661,630\" data-comments-opened=\"1\" data-image-meta=\"{&quot;aperture&quot;:&quot;0&quot;,&quot;credit&quot;:&quot;&quot;,&quot;camera&quot;:&quot;&quot;,&quot;caption&quot;:&quot;&quot;,&quot;created_timestamp&quot;:&quot;0&quot;,&quot;copyright&quot;:&quot;&quot;,&quot;focal_length&quot;:&quot;0&quot;,&quot;iso&quot;:&quot;0&quot;,&quot;shutter_speed&quot;:&quot;0&quot;,&quot;title&quot;:&quot;&quot;,&quot;orientation&quot;:&quot;0&quot;}\" data-image-title=\"Ze Galego\" data-image-description=\"\" data-medium-file=\"https:\/\/i0.wp.com\/minutoba.com.br\/wp-content\/uploads\/2018\/04\/Ze-Galego.png?fit=315%2C300\" data-large-file=\"https:\/\/i0.wp.com\/minutoba.com.br\/wp-content\/uploads\/2018\/04\/Ze-Galego.png?fit=618%2C589\" \/><\/strong><\/p>\n<p>Foi entregue tamb\u00e9m durante a entrevista uma outra conversa em que o denunciante relata ao vereador Z\u00e9 Galego a saudade que est\u00e1 sentindo da fam\u00edlia, o afastamento do ex-vice prefeito Fabr\u00edcio D\u2019Agostino e pede que o mesmo n\u00e3o pise na bola com ele, como pode ser visto abaixo.<\/p>\n<p><img loading=\"lazy\" decoding=\"async\" class=\"size-full wp-image-13837 aligncenter\" src=\"https:\/\/i1.wp.com\/minutoba.com.br\/wp-content\/uploads\/2018\/04\/Conversa-entre-Z%C3%A9-Galego-e-Denunciante.jpg?resize=618%2C930\" sizes=\"auto, (max-width: 618px) 100vw, 618px\" srcset=\"https:\/\/i1.wp.com\/minutoba.com.br\/wp-content\/uploads\/2018\/04\/Conversa-entre-Z\u00e9-Galego-e-Denunciante.jpg?w=1729 1729w, https:\/\/i1.wp.com\/minutoba.com.br\/wp-content\/uploads\/2018\/04\/Conversa-entre-Z\u00e9-Galego-e-Denunciante.jpg?resize=199%2C300 199w, https:\/\/i1.wp.com\/minutoba.com.br\/wp-content\/uploads\/2018\/04\/Conversa-entre-Z\u00e9-Galego-e-Denunciante.jpg?resize=768%2C1155 768w, https:\/\/i1.wp.com\/minutoba.com.br\/wp-content\/uploads\/2018\/04\/Conversa-entre-Z\u00e9-Galego-e-Denunciante.jpg?resize=681%2C1024 681w, https:\/\/i1.wp.com\/minutoba.com.br\/wp-content\/uploads\/2018\/04\/Conversa-entre-Z\u00e9-Galego-e-Denunciante.jpg?w=1236 1236w\" alt=\"\" width=\"618\" height=\"929\" data-attachment-id=\"13837\" data-permalink=\"http:\/\/minutoba.com.br\/denunciante-afirma-que-recebeu-dinheiro-do-vice-prefeito-para-mentir-em-processo-que-cassou-mandado-do-prefeito-de-jaguarari-everton-rocha\/conversa-entre-ze-galego-e-denunciante\/\" data-orig-file=\"https:\/\/i1.wp.com\/minutoba.com.br\/wp-content\/uploads\/2018\/04\/Conversa-entre-Z\u00e9-Galego-e-Denunciante.jpg?fit=1729%2C2601\" data-orig-size=\"1729,2601\" data-comments-opened=\"1\" data-image-meta=\"{&quot;aperture&quot;:&quot;0&quot;,&quot;credit&quot;:&quot;&quot;,&quot;camera&quot;:&quot;&quot;,&quot;caption&quot;:&quot;&quot;,&quot;created_timestamp&quot;:&quot;0&quot;,&quot;copyright&quot;:&quot;&quot;,&quot;focal_length&quot;:&quot;0&quot;,&quot;iso&quot;:&quot;0&quot;,&quot;shutter_speed&quot;:&quot;0&quot;,&quot;title&quot;:&quot;&quot;,&quot;orientation&quot;:&quot;0&quot;}\" data-image-title=\"Conversa entre Z\u00e9 Galego e Denunciante\" data-image-description=\"\" data-medium-file=\"https:\/\/i1.wp.com\/minutoba.com.br\/wp-content\/uploads\/2018\/04\/Conversa-entre-Z\u00e9-Galego-e-Denunciante.jpg?fit=199%2C300\" data-large-file=\"https:\/\/i1.wp.com\/minutoba.com.br\/wp-content\/uploads\/2018\/04\/Conversa-entre-Z\u00e9-Galego-e-Denunciante.jpg?fit=618%2C929\" \/><\/p>\n<p><strong>Conversa com Fabr\u00edcio D\u2019Agostino<\/strong><\/p>\n<p>Na conversa com o ent\u00e3o vice-prefeito Fabr\u00edcio D\u2019Agostino o denunciante envia uma conta para que seja feito um deposito no valor de R$ 1.250,00 que segundo ele seria parte do combinado pela participa\u00e7\u00e3o no processo de cassa\u00e7\u00e3o.\u00a0<strong>Veja abaixo<\/strong>:<\/p>\n<p><img loading=\"lazy\" decoding=\"async\" class=\"size-full wp-image-13840 aligncenter\" src=\"https:\/\/i2.wp.com\/minutoba.com.br\/wp-content\/uploads\/2018\/04\/Fabrico-Dagostino.jpg?resize=618%2C346\" sizes=\"auto, (max-width: 618px) 100vw, 618px\" srcset=\"https:\/\/i2.wp.com\/minutoba.com.br\/wp-content\/uploads\/2018\/04\/Fabrico-Dagostino.jpg?w=1160 1160w, https:\/\/i2.wp.com\/minutoba.com.br\/wp-content\/uploads\/2018\/04\/Fabrico-Dagostino.jpg?resize=535%2C300 535w, https:\/\/i2.wp.com\/minutoba.com.br\/wp-content\/uploads\/2018\/04\/Fabrico-Dagostino.jpg?resize=768%2C430 768w, https:\/\/i2.wp.com\/minutoba.com.br\/wp-content\/uploads\/2018\/04\/Fabrico-Dagostino.jpg?resize=1024%2C574 1024w\" alt=\"\" width=\"618\" height=\"346\" data-attachment-id=\"13840\" data-permalink=\"http:\/\/minutoba.com.br\/denunciante-afirma-que-recebeu-dinheiro-do-vice-prefeito-para-mentir-em-processo-que-cassou-mandado-do-prefeito-de-jaguarari-everton-rocha\/fabrico-dagostino\/\" data-orig-file=\"https:\/\/i2.wp.com\/minutoba.com.br\/wp-content\/uploads\/2018\/04\/Fabrico-Dagostino.jpg?fit=1160%2C650\" data-orig-size=\"1160,650\" data-comments-opened=\"1\" data-image-meta=\"{&quot;aperture&quot;:&quot;0&quot;,&quot;credit&quot;:&quot;&quot;,&quot;camera&quot;:&quot;&quot;,&quot;caption&quot;:&quot;&quot;,&quot;created_timestamp&quot;:&quot;0&quot;,&quot;copyright&quot;:&quot;&quot;,&quot;focal_length&quot;:&quot;0&quot;,&quot;iso&quot;:&quot;0&quot;,&quot;shutter_speed&quot;:&quot;0&quot;,&quot;title&quot;:&quot;&quot;,&quot;orientation&quot;:&quot;0&quot;}\" data-image-title=\"Fabrico Dagostino\" data-image-description=\"\" data-medium-file=\"https:\/\/i2.wp.com\/minutoba.com.br\/wp-content\/uploads\/2018\/04\/Fabrico-Dagostino.jpg?fit=535%2C300\" data-large-file=\"https:\/\/i2.wp.com\/minutoba.com.br\/wp-content\/uploads\/2018\/04\/Fabrico-Dagostino.jpg?fit=618%2C346\" \/><\/p>\n<p>Em outra conversa o denunciante mostra sua insatisfa\u00e7\u00e3o com o afastamento do ent\u00e3o vice-prefeito Fabr\u00edcio D\u2019Agostino e cobra o que havia sido prometido a ele para fazer a denuncia.\u00a0<strong>Veja abaixo<\/strong>:<\/p>\n<p><img loading=\"lazy\" decoding=\"async\" class=\"size-full wp-image-13839 aligncenter\" src=\"https:\/\/i0.wp.com\/minutoba.com.br\/wp-content\/uploads\/2018\/04\/Fabricio-Dagostino-2.jpg?resize=618%2C247\" sizes=\"auto, (max-width: 618px) 100vw, 618px\" srcset=\"https:\/\/i0.wp.com\/minutoba.com.br\/wp-content\/uploads\/2018\/04\/Fabricio-Dagostino-2.jpg?w=1080 1080w, https:\/\/i0.wp.com\/minutoba.com.br\/wp-content\/uploads\/2018\/04\/Fabricio-Dagostino-2.jpg?resize=600%2C240 600w, https:\/\/i0.wp.com\/minutoba.com.br\/wp-content\/uploads\/2018\/04\/Fabricio-Dagostino-2.jpg?resize=768%2C307 768w, https:\/\/i0.wp.com\/minutoba.com.br\/wp-content\/uploads\/2018\/04\/Fabricio-Dagostino-2.jpg?resize=1024%2C410 1024w\" alt=\"\" width=\"618\" height=\"247\" data-attachment-id=\"13839\" data-permalink=\"http:\/\/minutoba.com.br\/denunciante-afirma-que-recebeu-dinheiro-do-vice-prefeito-para-mentir-em-processo-que-cassou-mandado-do-prefeito-de-jaguarari-everton-rocha\/fabricio-dagostino-2\/\" data-orig-file=\"https:\/\/i0.wp.com\/minutoba.com.br\/wp-content\/uploads\/2018\/04\/Fabricio-Dagostino-2.jpg?fit=1080%2C432\" data-orig-size=\"1080,432\" data-comments-opened=\"1\" data-image-meta=\"{&quot;aperture&quot;:&quot;0&quot;,&quot;credit&quot;:&quot;&quot;,&quot;camera&quot;:&quot;&quot;,&quot;caption&quot;:&quot;&quot;,&quot;created_timestamp&quot;:&quot;0&quot;,&quot;copyright&quot;:&quot;&quot;,&quot;focal_length&quot;:&quot;0&quot;,&quot;iso&quot;:&quot;0&quot;,&quot;shutter_speed&quot;:&quot;0&quot;,&quot;title&quot;:&quot;&quot;,&quot;orientation&quot;:&quot;0&quot;}\" data-image-title=\"Fabricio Dagostino 2\" data-image-description=\"\" data-medium-file=\"https:\/\/i0.wp.com\/minutoba.com.br\/wp-content\/uploads\/2018\/04\/Fabricio-Dagostino-2.jpg?fit=600%2C240\" data-large-file=\"https:\/\/i0.wp.com\/minutoba.com.br\/wp-content\/uploads\/2018\/04\/Fabricio-Dagostino-2.jpg?fit=618%2C247\" \/><\/p>\n<p><strong>Conversa com o advogado Sergio Cardoso<\/strong><\/p>\n<p>No print entregue durante a entrevista o denunciante mostra a conversa que teve com o advogado respons\u00e1vel pela assessoria jur\u00eddica da C\u00e2mara de vereadores no processo que cassou o prefeito Everton Rocha.\u00a0<strong>Veja abaixo<\/strong>:<\/p>\n<p><img loading=\"lazy\" decoding=\"async\" class=\"size-full wp-image-13836 aligncenter\" src=\"https:\/\/i2.wp.com\/minutoba.com.br\/wp-content\/uploads\/2018\/04\/Conversa-com-sergio.jpg?resize=618%2C519\" sizes=\"auto, (max-width: 618px) 100vw, 618px\" srcset=\"https:\/\/i2.wp.com\/minutoba.com.br\/wp-content\/uploads\/2018\/04\/Conversa-com-sergio.jpg?w=768 768w, https:\/\/i2.wp.com\/minutoba.com.br\/wp-content\/uploads\/2018\/04\/Conversa-com-sergio.jpg?resize=357%2C300 357w\" alt=\"\" width=\"618\" height=\"519\" data-attachment-id=\"13836\" data-permalink=\"http:\/\/minutoba.com.br\/denunciante-afirma-que-recebeu-dinheiro-do-vice-prefeito-para-mentir-em-processo-que-cassou-mandado-do-prefeito-de-jaguarari-everton-rocha\/conversa-com-sergio\/\" data-orig-file=\"https:\/\/i2.wp.com\/minutoba.com.br\/wp-content\/uploads\/2018\/04\/Conversa-com-sergio.jpg?fit=768%2C645\" data-orig-size=\"768,645\" data-comments-opened=\"1\" data-image-meta=\"{&quot;aperture&quot;:&quot;0&quot;,&quot;credit&quot;:&quot;&quot;,&quot;camera&quot;:&quot;&quot;,&quot;caption&quot;:&quot;&quot;,&quot;created_timestamp&quot;:&quot;0&quot;,&quot;copyright&quot;:&quot;&quot;,&quot;focal_length&quot;:&quot;0&quot;,&quot;iso&quot;:&quot;0&quot;,&quot;shutter_speed&quot;:&quot;0&quot;,&quot;title&quot;:&quot;&quot;,&quot;orientation&quot;:&quot;0&quot;}\" data-image-title=\"Conversa com sergio\" data-image-description=\"\" data-medium-file=\"https:\/\/i2.wp.com\/minutoba.com.br\/wp-content\/uploads\/2018\/04\/Conversa-com-sergio.jpg?fit=357%2C300\" data-large-file=\"https:\/\/i2.wp.com\/minutoba.com.br\/wp-content\/uploads\/2018\/04\/Conversa-com-sergio.jpg?fit=618%2C519\" \/><\/p>\n<p>Em outra conversa o denunciante indica ao advogado pessoas a serem convocadas pela C\u00e2mara de Vereadores para prestar depoimento. No final da conversa o denunciante fala do medo de perder o emprego e \u00e9 tranq\u00fcilizado pelo advogado que informa que o prefeito Everton Rocha cairia antes.\u00a0<strong>Veja abaixo<\/strong>:<\/p>\n<p><img loading=\"lazy\" decoding=\"async\" class=\"size-full wp-image-13841 aligncenter\" src=\"https:\/\/i0.wp.com\/minutoba.com.br\/wp-content\/uploads\/2018\/04\/sergio-02.jpg?resize=618%2C770\" sizes=\"auto, (max-width: 618px) 100vw, 618px\" srcset=\"https:\/\/i0.wp.com\/minutoba.com.br\/wp-content\/uploads\/2018\/04\/sergio-02.jpg?w=1282 1282w, https:\/\/i0.wp.com\/minutoba.com.br\/wp-content\/uploads\/2018\/04\/sergio-02.jpg?resize=241%2C300 241w, https:\/\/i0.wp.com\/minutoba.com.br\/wp-content\/uploads\/2018\/04\/sergio-02.jpg?resize=768%2C957 768w, https:\/\/i0.wp.com\/minutoba.com.br\/wp-content\/uploads\/2018\/04\/sergio-02.jpg?resize=822%2C1024 822w\" alt=\"\" width=\"618\" height=\"770\" data-attachment-id=\"13841\" data-permalink=\"http:\/\/minutoba.com.br\/denunciante-afirma-que-recebeu-dinheiro-do-vice-prefeito-para-mentir-em-processo-que-cassou-mandado-do-prefeito-de-jaguarari-everton-rocha\/sergio-02\/\" data-orig-file=\"https:\/\/i0.wp.com\/minutoba.com.br\/wp-content\/uploads\/2018\/04\/sergio-02.jpg?fit=1282%2C1597\" data-orig-size=\"1282,1597\" data-comments-opened=\"1\" data-image-meta=\"{&quot;aperture&quot;:&quot;0&quot;,&quot;credit&quot;:&quot;&quot;,&quot;camera&quot;:&quot;&quot;,&quot;caption&quot;:&quot;&quot;,&quot;created_timestamp&quot;:&quot;0&quot;,&quot;copyright&quot;:&quot;&quot;,&quot;focal_length&quot;:&quot;0&quot;,&quot;iso&quot;:&quot;0&quot;,&quot;shutter_speed&quot;:&quot;0&quot;,&quot;title&quot;:&quot;&quot;,&quot;orientation&quot;:&quot;0&quot;}\" data-image-title=\"sergio 02\" data-image-description=\"\" data-medium-file=\"https:\/\/i0.wp.com\/minutoba.com.br\/wp-content\/uploads\/2018\/04\/sergio-02.jpg?fit=241%2C300\" data-large-file=\"https:\/\/i0.wp.com\/minutoba.com.br\/wp-content\/uploads\/2018\/04\/sergio-02.jpg?fit=618%2C770\" \/><\/p>\n<p>Os advogados consultados pelo Portal de Noticias Minuto Bahia, ap\u00f3s realizar analise minuciosa nos \u00e1udios, entrevista e\u00a0<em>print\u00b4s<\/em>\u00a0das conversas realizadas atrav\u00e9s de aplicativo de mensagens Watsapp conclu\u00edram que os fatos descritos s\u00e3o grav\u00edssimos e que devem ser apurados e se comprovados podem e devem gerar no m\u00ednimo procedimentos administrativos, atos de improbidade administrativa, bem como conseq\u00fcente perda do mandato. Na esfera penal devem os envolvidos responderem por diversos crimes. Entre eles<strong>:<\/strong><\/p>\n<ul>\n<li><strong>Estelionato \u2013<\/strong>\u00a0171 -Pena \u2013 reclus\u00e3o, de um a cinco anos, e multa.<\/li>\n<li><strong>Associa\u00e7\u00e3o Criminosa \u2013<\/strong>\u00a0288. Pena \u2013 reclus\u00e3o, de 1 (um) a 3 (tr\u00eas) anos.<\/li>\n<li><strong>Concuss\u00e3o \u2013<\/strong>\u00a0316 \u2013 Pena \u2013 reclus\u00e3o, de dois a oito anos, e multa.<\/li>\n<li><strong>Prevarica\u00e7\u00e3o \u2013<\/strong>\u00a0319 -Pena \u2013 deten\u00e7\u00e3o, de tr\u00eas meses a um ano, e multa.<\/li>\n<li><strong>Advocacia administrativa \u2013\u00a0<\/strong>321 \u2013\u00a0 Pena \u2013 deten\u00e7\u00e3o, de um a tr\u00eas meses, ou multa.<\/li>\n<li><strong>Tr\u00e1fico de Influ\u00eancia \u2013\u00a0<\/strong>332 \u2013 Pena \u2013 reclus\u00e3o, de 2 (dois) a 5 (cinco) anos, e multa.<\/li>\n<li><strong>Corrup\u00e7\u00e3o ativa \u2013\u00a0<\/strong>333 \u2013 Pena \u2013 reclus\u00e3o, de 2 (dois) a 12 (doze) anos, e multa.<\/li>\n<li><strong>Falso testemunho ou falsa per\u00edcia-\u00a0<\/strong>343 Pena \u2013 reclus\u00e3o, de tr\u00eas a quatro anos, e multa. e Art. 342. Pena \u2013 reclus\u00e3o, de 2 (dois) a 4 (quatro) anos, e multa.<\/li>\n<li><strong>Coa\u00e7\u00e3o no curso do processo\u00a0<\/strong>344 \u2013 Pena \u2013 reclus\u00e3o, de um a quatro anos, e multa, al\u00e9m da pena correspondente \u00e0 viol\u00eancia.<\/li>\n<li><strong>Fraude processual\u00a0<\/strong>347 \u2013 Pena \u2013 deten\u00e7\u00e3o, de tr\u00eas meses a dois anos, e multa.<\/li>\n<li><strong>Denuncia\u00e7\u00e3o caluniosa\u00a0<\/strong>339. Pena \u2013 reclus\u00e3o, de dois a oito anos, e multa.<\/li>\n<li><strong>Comunica\u00e7\u00e3o falsa de crime ou de contraven\u00e7\u00e3o\u00a0<\/strong>340 \u2013 Pena \u2013 deten\u00e7\u00e3o, de um a seis meses, ou multa.<\/li>\n<\/ul>\n<p>Em caso de condena\u00e7\u00e3o, os envolvidos podem alcan\u00e7ar o patamar de mais de 20 anos de reclus\u00e3o, al\u00e9m de multa que pode chegar h\u00e1 mais de 1 milh\u00e3o de reais.<\/p>\n<p><strong>O Portal de Noticias Minuto Bahia deixa aberto espa\u00e7o para\u00a0todos os envolvidos se manifestarem.<\/strong><\/p>\n<p>Fonte: Minuto Bahia<\/p>\n<\/div>\n","protected":false},"excerpt":{"rendered":"<p>DENUNCIANTE DIZ TER RECEBIDO PROPINA DO VICE PARA MENTIR EM PROCESSO CONTRA O PREFEITO EVERTON O munic\u00edpio de Jaguarari vem se destacando negativamente nas m\u00eddias local e estadual gra\u00e7as \u00e0 guerra pol\u00edtica instalada desde o ano passado entre o legislativo e executivo. A pol\u00edtica jaguarariense ganhou os notici\u00e1rios com as in\u00fameras tentativas da c\u00e2mara de vereadores em cassar o mandado do prefeito Everton Rocha. Porem no dia 29 de mar\u00e7o deste ano a C\u00e2mara\u00a0 de Vereadores afastou o prefeito Everton\u00a0 Rocha de seu mandato por 10 votos contra 3, sob a acusa\u00e7\u00e3o de improbidade administrativa em uma licita\u00e7\u00e3o de um software para o setor de tributos. Ap\u00f3s a conclus\u00e3o da CPP que afastou o prefeito acreditava-se que a justi\u00e7a havia&hellip; <\/p>\n","protected":false},"author":1,"featured_media":194883,"comment_status":"closed","ping_status":"closed","sticky":false,"template":"","format":"standard","meta":{"_acf_changed":false,"footnotes":""},"categories":[27],"tags":[],"class_list":["post-194879","post","type-post","status-publish","format-standard","has-post-thumbnail","hentry","category-cidades"],"acf":[],"yoast_head":"<!-- This site is optimized with the Yoast SEO plugin v27.4 - https:\/\/yoast.com\/product\/yoast-seo-wordpress\/ -->\n<title>DIRETO DE JAGUARARI-BA - Blog do Farn\u00e9sio<\/title>\n<meta name=\"robots\" content=\"index, follow, max-snippet:-1, max-image-preview:large, max-video-preview:-1\" \/>\n<link rel=\"canonical\" href=\"https:\/\/blogdofarnesio.com.br\/?p=194879\" \/>\n<meta property=\"og:locale\" content=\"pt_BR\" \/>\n<meta property=\"og:type\" content=\"article\" \/>\n<meta property=\"og:title\" content=\"DIRETO DE JAGUARARI-BA - Blog do Farn\u00e9sio\" \/>\n<meta property=\"og:description\" content=\"DENUNCIANTE DIZ TER RECEBIDO PROPINA DO VICE PARA MENTIR EM PROCESSO CONTRA O PREFEITO EVERTON O munic\u00edpio de Jaguarari vem se destacando negativamente nas m\u00eddias local e estadual gra\u00e7as \u00e0 guerra pol\u00edtica instalada desde o ano passado entre o legislativo e executivo. A pol\u00edtica jaguarariense ganhou os notici\u00e1rios com as in\u00fameras tentativas da c\u00e2mara de vereadores em cassar o mandado do prefeito Everton Rocha. Porem no dia 29 de mar\u00e7o deste ano a C\u00e2mara\u00a0 de Vereadores afastou o prefeito Everton\u00a0 Rocha de seu mandato por 10 votos contra 3, sob a acusa\u00e7\u00e3o de improbidade administrativa em uma licita\u00e7\u00e3o de um software para o setor de tributos. Ap\u00f3s a conclus\u00e3o da CPP que afastou o prefeito acreditava-se que a justi\u00e7a havia&hellip;\" \/>\n<meta property=\"og:url\" content=\"https:\/\/blogdofarnesio.com.br\/?p=194879\" \/>\n<meta property=\"og:site_name\" content=\"Blog do Farn\u00e9sio\" \/>\n<meta property=\"article:publisher\" content=\"https:\/\/www.facebook.com\/BlogQuerSaberPolitica\/\" \/>\n<meta property=\"article:published_time\" content=\"2018-04-17T15:00:03+00:00\" \/>\n<meta property=\"article:modified_time\" content=\"2018-04-17T19:22:45+00:00\" \/>\n<meta property=\"og:image\" content=\"https:\/\/blogdofarnesio.com.br\/wp-content\/uploads\/2018\/04\/blogqspjaguarariviceprefeitofabricio0.jpg\" \/>\n\t<meta property=\"og:image:width\" content=\"219\" \/>\n\t<meta property=\"og:image:height\" content=\"230\" \/>\n\t<meta property=\"og:image:type\" content=\"image\/jpeg\" \/>\n<meta name=\"author\" content=\"Farn\u00e9sio\" \/>\n<meta name=\"twitter:card\" content=\"summary_large_image\" \/>\n<meta name=\"twitter:label1\" content=\"Escrito por\" \/>\n\t<meta name=\"twitter:data1\" content=\"Farn\u00e9sio\" \/>\n\t<meta name=\"twitter:label2\" content=\"Est. tempo de leitura\" \/>\n\t<meta name=\"twitter:data2\" content=\"5 minutos\" \/>\n<script type=\"application\/ld+json\" class=\"yoast-schema-graph\">{\"@context\":\"https:\\\/\\\/schema.org\",\"@graph\":[{\"@type\":\"Article\",\"@id\":\"https:\\\/\\\/blogdofarnesio.com.br\\\/?p=194879#article\",\"isPartOf\":{\"@id\":\"https:\\\/\\\/blogdofarnesio.com.br\\\/?p=194879\"},\"author\":{\"name\":\"Farn\u00e9sio\",\"@id\":\"https:\\\/\\\/blogdofarnesio.com.br\\\/#\\\/schema\\\/person\\\/301c4acf522bccbfdb45af95b5b906a1\"},\"headline\":\"DIRETO DE JAGUARARI-BA\",\"datePublished\":\"2018-04-17T15:00:03+00:00\",\"dateModified\":\"2018-04-17T19:22:45+00:00\",\"mainEntityOfPage\":{\"@id\":\"https:\\\/\\\/blogdofarnesio.com.br\\\/?p=194879\"},\"wordCount\":1025,\"publisher\":{\"@id\":\"https:\\\/\\\/blogdofarnesio.com.br\\\/#organization\"},\"image\":{\"@id\":\"https:\\\/\\\/blogdofarnesio.com.br\\\/?p=194879#primaryimage\"},\"thumbnailUrl\":\"https:\\\/\\\/blogdofarnesio.com.br\\\/wp-content\\\/uploads\\\/2018\\\/04\\\/blogqspjaguarariviceprefeitofabricio0.jpg\",\"articleSection\":[\"Cidades\"],\"inLanguage\":\"pt-BR\"},{\"@type\":\"WebPage\",\"@id\":\"https:\\\/\\\/blogdofarnesio.com.br\\\/?p=194879\",\"url\":\"https:\\\/\\\/blogdofarnesio.com.br\\\/?p=194879\",\"name\":\"DIRETO DE JAGUARARI-BA - Blog do Farn\u00e9sio\",\"isPartOf\":{\"@id\":\"https:\\\/\\\/blogdofarnesio.com.br\\\/#website\"},\"primaryImageOfPage\":{\"@id\":\"https:\\\/\\\/blogdofarnesio.com.br\\\/?p=194879#primaryimage\"},\"image\":{\"@id\":\"https:\\\/\\\/blogdofarnesio.com.br\\\/?p=194879#primaryimage\"},\"thumbnailUrl\":\"https:\\\/\\\/blogdofarnesio.com.br\\\/wp-content\\\/uploads\\\/2018\\\/04\\\/blogqspjaguarariviceprefeitofabricio0.jpg\",\"datePublished\":\"2018-04-17T15:00:03+00:00\",\"dateModified\":\"2018-04-17T19:22:45+00:00\",\"breadcrumb\":{\"@id\":\"https:\\\/\\\/blogdofarnesio.com.br\\\/?p=194879#breadcrumb\"},\"inLanguage\":\"pt-BR\",\"potentialAction\":[{\"@type\":\"ReadAction\",\"target\":[\"https:\\\/\\\/blogdofarnesio.com.br\\\/?p=194879\"]}]},{\"@type\":\"ImageObject\",\"inLanguage\":\"pt-BR\",\"@id\":\"https:\\\/\\\/blogdofarnesio.com.br\\\/?p=194879#primaryimage\",\"url\":\"https:\\\/\\\/blogdofarnesio.com.br\\\/wp-content\\\/uploads\\\/2018\\\/04\\\/blogqspjaguarariviceprefeitofabricio0.jpg\",\"contentUrl\":\"https:\\\/\\\/blogdofarnesio.com.br\\\/wp-content\\\/uploads\\\/2018\\\/04\\\/blogqspjaguarariviceprefeitofabricio0.jpg\",\"width\":219,\"height\":230,\"caption\":\"Prefeito Fabr\u00edcio D'Agostini\"},{\"@type\":\"BreadcrumbList\",\"@id\":\"https:\\\/\\\/blogdofarnesio.com.br\\\/?p=194879#breadcrumb\",\"itemListElement\":[{\"@type\":\"ListItem\",\"position\":1,\"name\":\"In\u00edcio\",\"item\":\"https:\\\/\\\/blogdofarnesio.com.br\\\/\"},{\"@type\":\"ListItem\",\"position\":2,\"name\":\"DIRETO DE JAGUARARI-BA\"}]},{\"@type\":\"WebSite\",\"@id\":\"https:\\\/\\\/blogdofarnesio.com.br\\\/#website\",\"url\":\"https:\\\/\\\/blogdofarnesio.com.br\\\/\",\"name\":\"Blog do Farn\u00e9sio\",\"description\":\"Quer Saber Pol\u00edtica?\",\"publisher\":{\"@id\":\"https:\\\/\\\/blogdofarnesio.com.br\\\/#organization\"},\"potentialAction\":[{\"@type\":\"SearchAction\",\"target\":{\"@type\":\"EntryPoint\",\"urlTemplate\":\"https:\\\/\\\/blogdofarnesio.com.br\\\/?s={search_term_string}\"},\"query-input\":{\"@type\":\"PropertyValueSpecification\",\"valueRequired\":true,\"valueName\":\"search_term_string\"}}],\"inLanguage\":\"pt-BR\"},{\"@type\":\"Organization\",\"@id\":\"https:\\\/\\\/blogdofarnesio.com.br\\\/#organization\",\"name\":\"Blog do Farn\u00e9sio\",\"url\":\"https:\\\/\\\/blogdofarnesio.com.br\\\/\",\"logo\":{\"@type\":\"ImageObject\",\"inLanguage\":\"pt-BR\",\"@id\":\"https:\\\/\\\/blogdofarnesio.com.br\\\/#\\\/schema\\\/logo\\\/image\\\/\",\"url\":\"https:\\\/\\\/blogdofarnesio.com.br\\\/wp-content\\\/uploads\\\/2026\\\/03\\\/cropped-logo_new-1.png\",\"contentUrl\":\"https:\\\/\\\/blogdofarnesio.com.br\\\/wp-content\\\/uploads\\\/2026\\\/03\\\/cropped-logo_new-1.png\",\"width\":881,\"height\":685,\"caption\":\"Blog do Farn\u00e9sio\"},\"image\":{\"@id\":\"https:\\\/\\\/blogdofarnesio.com.br\\\/#\\\/schema\\\/logo\\\/image\\\/\"},\"sameAs\":[\"https:\\\/\\\/www.facebook.com\\\/BlogQuerSaberPolitica\\\/\"]},{\"@type\":\"Person\",\"@id\":\"https:\\\/\\\/blogdofarnesio.com.br\\\/#\\\/schema\\\/person\\\/301c4acf522bccbfdb45af95b5b906a1\",\"name\":\"Farn\u00e9sio\",\"image\":{\"@type\":\"ImageObject\",\"inLanguage\":\"pt-BR\",\"@id\":\"https:\\\/\\\/secure.gravatar.com\\\/avatar\\\/df0c9a14567c056f8ad6876ba5bbd1e3e2c48023eb6807342fc4663adf549f38?s=96&d=mm&r=g\",\"url\":\"https:\\\/\\\/secure.gravatar.com\\\/avatar\\\/df0c9a14567c056f8ad6876ba5bbd1e3e2c48023eb6807342fc4663adf549f38?s=96&d=mm&r=g\",\"contentUrl\":\"https:\\\/\\\/secure.gravatar.com\\\/avatar\\\/df0c9a14567c056f8ad6876ba5bbd1e3e2c48023eb6807342fc4663adf549f38?s=96&d=mm&r=g\",\"caption\":\"Farn\u00e9sio\"},\"sameAs\":[\"https:\\\/\\\/quersaberpolitica.com.br\"],\"url\":\"https:\\\/\\\/blogdofarnesio.com.br\\\/?author=1\"}]}<\/script>\n<!-- \/ Yoast SEO plugin. -->","yoast_head_json":{"title":"DIRETO DE JAGUARARI-BA - Blog do Farn\u00e9sio","robots":{"index":"index","follow":"follow","max-snippet":"max-snippet:-1","max-image-preview":"max-image-preview:large","max-video-preview":"max-video-preview:-1"},"canonical":"https:\/\/blogdofarnesio.com.br\/?p=194879","og_locale":"pt_BR","og_type":"article","og_title":"DIRETO DE JAGUARARI-BA - Blog do Farn\u00e9sio","og_description":"DENUNCIANTE DIZ TER RECEBIDO PROPINA DO VICE PARA MENTIR EM PROCESSO CONTRA O PREFEITO EVERTON O munic\u00edpio de Jaguarari vem se destacando negativamente nas m\u00eddias local e estadual gra\u00e7as \u00e0 guerra pol\u00edtica instalada desde o ano passado entre o legislativo e executivo. A pol\u00edtica jaguarariense ganhou os notici\u00e1rios com as in\u00fameras tentativas da c\u00e2mara de vereadores em cassar o mandado do prefeito Everton Rocha. Porem no dia 29 de mar\u00e7o deste ano a C\u00e2mara\u00a0 de Vereadores afastou o prefeito Everton\u00a0 Rocha de seu mandato por 10 votos contra 3, sob a acusa\u00e7\u00e3o de improbidade administrativa em uma licita\u00e7\u00e3o de um software para o setor de tributos. Ap\u00f3s a conclus\u00e3o da CPP que afastou o prefeito acreditava-se que a justi\u00e7a havia&hellip;","og_url":"https:\/\/blogdofarnesio.com.br\/?p=194879","og_site_name":"Blog do Farn\u00e9sio","article_publisher":"https:\/\/www.facebook.com\/BlogQuerSaberPolitica\/","article_published_time":"2018-04-17T15:00:03+00:00","article_modified_time":"2018-04-17T19:22:45+00:00","og_image":[{"width":219,"height":230,"url":"https:\/\/blogdofarnesio.com.br\/wp-content\/uploads\/2018\/04\/blogqspjaguarariviceprefeitofabricio0.jpg","type":"image\/jpeg"}],"author":"Farn\u00e9sio","twitter_card":"summary_large_image","twitter_misc":{"Escrito por":"Farn\u00e9sio","Est. tempo de leitura":"5 minutos"},"schema":{"@context":"https:\/\/schema.org","@graph":[{"@type":"Article","@id":"https:\/\/blogdofarnesio.com.br\/?p=194879#article","isPartOf":{"@id":"https:\/\/blogdofarnesio.com.br\/?p=194879"},"author":{"name":"Farn\u00e9sio","@id":"https:\/\/blogdofarnesio.com.br\/#\/schema\/person\/301c4acf522bccbfdb45af95b5b906a1"},"headline":"DIRETO DE JAGUARARI-BA","datePublished":"2018-04-17T15:00:03+00:00","dateModified":"2018-04-17T19:22:45+00:00","mainEntityOfPage":{"@id":"https:\/\/blogdofarnesio.com.br\/?p=194879"},"wordCount":1025,"publisher":{"@id":"https:\/\/blogdofarnesio.com.br\/#organization"},"image":{"@id":"https:\/\/blogdofarnesio.com.br\/?p=194879#primaryimage"},"thumbnailUrl":"https:\/\/blogdofarnesio.com.br\/wp-content\/uploads\/2018\/04\/blogqspjaguarariviceprefeitofabricio0.jpg","articleSection":["Cidades"],"inLanguage":"pt-BR"},{"@type":"WebPage","@id":"https:\/\/blogdofarnesio.com.br\/?p=194879","url":"https:\/\/blogdofarnesio.com.br\/?p=194879","name":"DIRETO DE JAGUARARI-BA - Blog do Farn\u00e9sio","isPartOf":{"@id":"https:\/\/blogdofarnesio.com.br\/#website"},"primaryImageOfPage":{"@id":"https:\/\/blogdofarnesio.com.br\/?p=194879#primaryimage"},"image":{"@id":"https:\/\/blogdofarnesio.com.br\/?p=194879#primaryimage"},"thumbnailUrl":"https:\/\/blogdofarnesio.com.br\/wp-content\/uploads\/2018\/04\/blogqspjaguarariviceprefeitofabricio0.jpg","datePublished":"2018-04-17T15:00:03+00:00","dateModified":"2018-04-17T19:22:45+00:00","breadcrumb":{"@id":"https:\/\/blogdofarnesio.com.br\/?p=194879#breadcrumb"},"inLanguage":"pt-BR","potentialAction":[{"@type":"ReadAction","target":["https:\/\/blogdofarnesio.com.br\/?p=194879"]}]},{"@type":"ImageObject","inLanguage":"pt-BR","@id":"https:\/\/blogdofarnesio.com.br\/?p=194879#primaryimage","url":"https:\/\/blogdofarnesio.com.br\/wp-content\/uploads\/2018\/04\/blogqspjaguarariviceprefeitofabricio0.jpg","contentUrl":"https:\/\/blogdofarnesio.com.br\/wp-content\/uploads\/2018\/04\/blogqspjaguarariviceprefeitofabricio0.jpg","width":219,"height":230,"caption":"Prefeito Fabr\u00edcio D'Agostini"},{"@type":"BreadcrumbList","@id":"https:\/\/blogdofarnesio.com.br\/?p=194879#breadcrumb","itemListElement":[{"@type":"ListItem","position":1,"name":"In\u00edcio","item":"https:\/\/blogdofarnesio.com.br\/"},{"@type":"ListItem","position":2,"name":"DIRETO DE JAGUARARI-BA"}]},{"@type":"WebSite","@id":"https:\/\/blogdofarnesio.com.br\/#website","url":"https:\/\/blogdofarnesio.com.br\/","name":"Blog do Farn\u00e9sio","description":"Quer Saber Pol\u00edtica?","publisher":{"@id":"https:\/\/blogdofarnesio.com.br\/#organization"},"potentialAction":[{"@type":"SearchAction","target":{"@type":"EntryPoint","urlTemplate":"https:\/\/blogdofarnesio.com.br\/?s={search_term_string}"},"query-input":{"@type":"PropertyValueSpecification","valueRequired":true,"valueName":"search_term_string"}}],"inLanguage":"pt-BR"},{"@type":"Organization","@id":"https:\/\/blogdofarnesio.com.br\/#organization","name":"Blog do Farn\u00e9sio","url":"https:\/\/blogdofarnesio.com.br\/","logo":{"@type":"ImageObject","inLanguage":"pt-BR","@id":"https:\/\/blogdofarnesio.com.br\/#\/schema\/logo\/image\/","url":"https:\/\/blogdofarnesio.com.br\/wp-content\/uploads\/2026\/03\/cropped-logo_new-1.png","contentUrl":"https:\/\/blogdofarnesio.com.br\/wp-content\/uploads\/2026\/03\/cropped-logo_new-1.png","width":881,"height":685,"caption":"Blog do Farn\u00e9sio"},"image":{"@id":"https:\/\/blogdofarnesio.com.br\/#\/schema\/logo\/image\/"},"sameAs":["https:\/\/www.facebook.com\/BlogQuerSaberPolitica\/"]},{"@type":"Person","@id":"https:\/\/blogdofarnesio.com.br\/#\/schema\/person\/301c4acf522bccbfdb45af95b5b906a1","name":"Farn\u00e9sio","image":{"@type":"ImageObject","inLanguage":"pt-BR","@id":"https:\/\/secure.gravatar.com\/avatar\/df0c9a14567c056f8ad6876ba5bbd1e3e2c48023eb6807342fc4663adf549f38?s=96&d=mm&r=g","url":"https:\/\/secure.gravatar.com\/avatar\/df0c9a14567c056f8ad6876ba5bbd1e3e2c48023eb6807342fc4663adf549f38?s=96&d=mm&r=g","contentUrl":"https:\/\/secure.gravatar.com\/avatar\/df0c9a14567c056f8ad6876ba5bbd1e3e2c48023eb6807342fc4663adf549f38?s=96&d=mm&r=g","caption":"Farn\u00e9sio"},"sameAs":["https:\/\/quersaberpolitica.com.br"],"url":"https:\/\/blogdofarnesio.com.br\/?author=1"}]}},"_links":{"self":[{"href":"https:\/\/blogdofarnesio.com.br\/index.php?rest_route=\/wp\/v2\/posts\/194879","targetHints":{"allow":["GET"]}}],"collection":[{"href":"https:\/\/blogdofarnesio.com.br\/index.php?rest_route=\/wp\/v2\/posts"}],"about":[{"href":"https:\/\/blogdofarnesio.com.br\/index.php?rest_route=\/wp\/v2\/types\/post"}],"author":[{"embeddable":true,"href":"https:\/\/blogdofarnesio.com.br\/index.php?rest_route=\/wp\/v2\/users\/1"}],"replies":[{"embeddable":true,"href":"https:\/\/blogdofarnesio.com.br\/index.php?rest_route=%2Fwp%2Fv2%2Fcomments&post=194879"}],"version-history":[{"count":0,"href":"https:\/\/blogdofarnesio.com.br\/index.php?rest_route=\/wp\/v2\/posts\/194879\/revisions"}],"wp:featuredmedia":[{"embeddable":true,"href":"https:\/\/blogdofarnesio.com.br\/index.php?rest_route=\/wp\/v2\/media\/194883"}],"wp:attachment":[{"href":"https:\/\/blogdofarnesio.com.br\/index.php?rest_route=%2Fwp%2Fv2%2Fmedia&parent=194879"}],"wp:term":[{"taxonomy":"category","embeddable":true,"href":"https:\/\/blogdofarnesio.com.br\/index.php?rest_route=%2Fwp%2Fv2%2Fcategories&post=194879"},{"taxonomy":"post_tag","embeddable":true,"href":"https:\/\/blogdofarnesio.com.br\/index.php?rest_route=%2Fwp%2Fv2%2Ftags&post=194879"}],"curies":[{"name":"wp","href":"https:\/\/api.w.org\/{rel}","templated":true}]}}