{"id":194796,"date":"2018-04-17T09:00:08","date_gmt":"2018-04-17T12:00:08","guid":{"rendered":"http:\/\/quersaberpolitica.com.br\/2016\/?p=194796"},"modified":"2018-04-16T19:24:47","modified_gmt":"2018-04-16T22:24:47","slug":"tudo-pronto-para-a-laragada-da-16a-edicao-da-tiradentinhos-e-etapa-de-maratona-aquatica","status":"publish","type":"post","link":"https:\/\/blogdofarnesio.com.br\/?p=194796","title":{"rendered":"TUDO PRONTO PARA A LARGADA DA 16\u00aa EDI\u00c7\u00c3O DA TIRADENTINHOS E ETAPA DE MARATONA AQU\u00c1TICA"},"content":{"rendered":"<p style=\"text-align: justify;\">J\u00e1 est\u00e1 tudo pronto para a 16\u00aa edi\u00e7\u00e3o da Corrida Tiradentinhos, uma realiza\u00e7\u00e3o da Prefeitura Municipal de Juazeiro, atrav\u00e9s da Secretaria de Cultura, Turismo e Esportes, em parceria com a Associa\u00e7\u00e3o de Moradores da Rua Tiradentes. A corrida acontece no dia 21 de abril e tem largada \u00e0s 08h30, da Avenida Raul Alves (pr\u00f3ximo \u00e0 loja Americanas). Interessados ainda podem fazer inscri\u00e7\u00e3o no Gin\u00e1sio de Esportes Alo\u00edsio Viana ou na Ass. Moradores da Rua Tiradentes, com 2kg de alimentos.<\/p>\n<p style=\"text-align: justify;\">De acordo com o Superintendente de Esportes da SECULTE, Gilberto Pacheco, o objetivo \u00e9 incentivar o esporte ainda na inf\u00e2ncia, al\u00e9m de homenagear o M\u00e1rtir da Inconfid\u00eancia e a pr\u00f3pria Rua Tiradentes. \u201cDesde a primeira gest\u00e3o do ex-prefeito Isaac que n\u00f3s temos realizado essa corrida e a cada ano colhemos mais sucesso. Agora n\u00e3o ser\u00e1 diferente. S\u00e3o quatro faixas et\u00e1rias &#8211; 07 e 08, 09 e 10, 11 e 12 e 13 e 14 anos &#8211; dos g\u00eaneros masculino e feminino. Todos ser\u00e3o premiados com medalhas e os primeiros colocados de cada categoria recebem uma bicicleta e brindes\u201d, explica Gilberto.<\/p>\n<p style=\"text-align: justify;\"><strong>Maratona Aqu\u00e1tica<\/strong><\/p>\n<p style=\"text-align: justify;\">No mesmo dia 21 tamb\u00e9m acontece uma etapa do Circuito Juazeirense de Maratonas Aqu\u00e1ticas, realizado pela Secretaria de Cultura, Turismo e Esportes e tamb\u00e9m em parceria com a Associa\u00e7\u00e3o de Moradores da Rua Tiradentes, \u00e9 a Travessia Milton Bruno. \u201cUma homenagem p\u00f3stuma a um morador antigo da Rua Tiradentes. Quem estiver interessado em participar, as inscri\u00e7\u00f5es ainda est\u00e3o abertas gratuitamente e podem ser feitas na Rua Tiradentes e na Superintend\u00eancia de Esportes\u201d, informa o Coordenador de Esportes, Lourival Quirino.<\/p>\n<p style=\"text-align: justify;\">Haver\u00e1 duas largadas, de 800 e 1600 metros. A primeira ser\u00e1 para a categoria de 10 a 13 anos e portadores de necessidades especiais. Eles largam da prainha da UNIVASF com chegada na Arca Sport. A segunda largada sair\u00e1 dos caiaques e chega no mesmo local. A primeira \u00e0s 08h20 e a segunda \u00e0s 08h40. A premia\u00e7\u00e3o \u00e9 em dinheiro e tem valor total de R$2.250,00.<\/p>\n","protected":false},"excerpt":{"rendered":"<p>J\u00e1 est\u00e1 tudo pronto para a 16\u00aa edi\u00e7\u00e3o da Corrida Tiradentinhos, uma realiza\u00e7\u00e3o da Prefeitura Municipal de Juazeiro, atrav\u00e9s da Secretaria de Cultura, Turismo e Esportes, em parceria com a Associa\u00e7\u00e3o de Moradores da Rua Tiradentes. A corrida acontece no dia 21 de abril e tem largada \u00e0s 08h30, da Avenida Raul Alves (pr\u00f3ximo \u00e0 loja Americanas). Interessados ainda podem fazer inscri\u00e7\u00e3o no Gin\u00e1sio de Esportes Alo\u00edsio Viana ou na Ass. Moradores da Rua Tiradentes, com 2kg de alimentos. De acordo com o Superintendente de Esportes da SECULTE, Gilberto Pacheco, o objetivo \u00e9 incentivar o esporte ainda na inf\u00e2ncia, al\u00e9m de homenagear o M\u00e1rtir da Inconfid\u00eancia e a pr\u00f3pria Rua Tiradentes. \u201cDesde a primeira gest\u00e3o do ex-prefeito Isaac que n\u00f3s&hellip; <\/p>\n","protected":false},"author":1,"featured_media":194798,"comment_status":"closed","ping_status":"closed","sticky":false,"template":"","format":"standard","meta":{"_acf_changed":false,"footnotes":""},"categories":[8],"tags":[],"class_list":["post-194796","post","type-post","status-publish","format-standard","has-post-thumbnail","hentry","category-esportes"],"acf":[],"yoast_head":"<!-- This site is optimized with the Yoast SEO plugin v27.4 - https:\/\/yoast.com\/product\/yoast-seo-wordpress\/ -->\n<title>TUDO PRONTO PARA A LARGADA DA 16\u00aa EDI\u00c7\u00c3O DA TIRADENTINHOS E ETAPA DE MARATONA AQU\u00c1TICA - Blog do Farn\u00e9sio<\/title>\n<meta name=\"robots\" content=\"index, follow, max-snippet:-1, max-image-preview:large, max-video-preview:-1\" \/>\n<link rel=\"canonical\" href=\"https:\/\/blogdofarnesio.com.br\/?p=194796\" \/>\n<meta property=\"og:locale\" content=\"pt_BR\" \/>\n<meta property=\"og:type\" content=\"article\" \/>\n<meta property=\"og:title\" content=\"TUDO PRONTO PARA A LARGADA DA 16\u00aa EDI\u00c7\u00c3O DA TIRADENTINHOS E ETAPA DE MARATONA AQU\u00c1TICA - Blog do Farn\u00e9sio\" \/>\n<meta property=\"og:description\" content=\"J\u00e1 est\u00e1 tudo pronto para a 16\u00aa edi\u00e7\u00e3o da Corrida Tiradentinhos, uma realiza\u00e7\u00e3o da Prefeitura Municipal de Juazeiro, atrav\u00e9s da Secretaria de Cultura, Turismo e Esportes, em parceria com a Associa\u00e7\u00e3o de Moradores da Rua Tiradentes. A corrida acontece no dia 21 de abril e tem largada \u00e0s 08h30, da Avenida Raul Alves (pr\u00f3ximo \u00e0 loja Americanas). Interessados ainda podem fazer inscri\u00e7\u00e3o no Gin\u00e1sio de Esportes Alo\u00edsio Viana ou na Ass. Moradores da Rua Tiradentes, com 2kg de alimentos. De acordo com o Superintendente de Esportes da SECULTE, Gilberto Pacheco, o objetivo \u00e9 incentivar o esporte ainda na inf\u00e2ncia, al\u00e9m de homenagear o M\u00e1rtir da Inconfid\u00eancia e a pr\u00f3pria Rua Tiradentes. \u201cDesde a primeira gest\u00e3o do ex-prefeito Isaac que n\u00f3s&hellip;\" \/>\n<meta property=\"og:url\" content=\"https:\/\/blogdofarnesio.com.br\/?p=194796\" \/>\n<meta property=\"og:site_name\" content=\"Blog do Farn\u00e9sio\" \/>\n<meta property=\"article:publisher\" content=\"https:\/\/www.facebook.com\/BlogQuerSaberPolitica\/\" \/>\n<meta property=\"article:published_time\" content=\"2018-04-17T12:00:08+00:00\" \/>\n<meta property=\"og:image\" content=\"https:\/\/blogdofarnesio.com.br\/wp-content\/uploads\/2018\/04\/blogqsp-MAqu\u00e1tica-15.jpg\" \/>\n\t<meta property=\"og:image:width\" content=\"640\" \/>\n\t<meta property=\"og:image:height\" content=\"385\" \/>\n\t<meta property=\"og:image:type\" content=\"image\/jpeg\" \/>\n<meta name=\"author\" content=\"Farn\u00e9sio\" \/>\n<meta name=\"twitter:card\" content=\"summary_large_image\" \/>\n<meta name=\"twitter:label1\" content=\"Escrito por\" \/>\n\t<meta name=\"twitter:data1\" content=\"Farn\u00e9sio\" \/>\n\t<meta name=\"twitter:label2\" content=\"Est. tempo de leitura\" \/>\n\t<meta name=\"twitter:data2\" content=\"2 minutos\" \/>\n<script type=\"application\/ld+json\" class=\"yoast-schema-graph\">{\"@context\":\"https:\\\/\\\/schema.org\",\"@graph\":[{\"@type\":\"Article\",\"@id\":\"https:\\\/\\\/blogdofarnesio.com.br\\\/?p=194796#article\",\"isPartOf\":{\"@id\":\"https:\\\/\\\/blogdofarnesio.com.br\\\/?p=194796\"},\"author\":{\"name\":\"Farn\u00e9sio\",\"@id\":\"https:\\\/\\\/blogdofarnesio.com.br\\\/#\\\/schema\\\/person\\\/301c4acf522bccbfdb45af95b5b906a1\"},\"headline\":\"TUDO PRONTO PARA A LARGADA DA 16\u00aa EDI\u00c7\u00c3O DA TIRADENTINHOS E ETAPA DE MARATONA AQU\u00c1TICA\",\"datePublished\":\"2018-04-17T12:00:08+00:00\",\"mainEntityOfPage\":{\"@id\":\"https:\\\/\\\/blogdofarnesio.com.br\\\/?p=194796\"},\"wordCount\":353,\"publisher\":{\"@id\":\"https:\\\/\\\/blogdofarnesio.com.br\\\/#organization\"},\"image\":{\"@id\":\"https:\\\/\\\/blogdofarnesio.com.br\\\/?p=194796#primaryimage\"},\"thumbnailUrl\":\"https:\\\/\\\/blogdofarnesio.com.br\\\/wp-content\\\/uploads\\\/2018\\\/04\\\/blogqsp-MAqu\u00e1tica-15.jpg\",\"articleSection\":[\"Esportes\"],\"inLanguage\":\"pt-BR\"},{\"@type\":\"WebPage\",\"@id\":\"https:\\\/\\\/blogdofarnesio.com.br\\\/?p=194796\",\"url\":\"https:\\\/\\\/blogdofarnesio.com.br\\\/?p=194796\",\"name\":\"TUDO PRONTO PARA A LARGADA DA 16\u00aa EDI\u00c7\u00c3O DA TIRADENTINHOS E ETAPA DE MARATONA AQU\u00c1TICA - Blog do Farn\u00e9sio\",\"isPartOf\":{\"@id\":\"https:\\\/\\\/blogdofarnesio.com.br\\\/#website\"},\"primaryImageOfPage\":{\"@id\":\"https:\\\/\\\/blogdofarnesio.com.br\\\/?p=194796#primaryimage\"},\"image\":{\"@id\":\"https:\\\/\\\/blogdofarnesio.com.br\\\/?p=194796#primaryimage\"},\"thumbnailUrl\":\"https:\\\/\\\/blogdofarnesio.com.br\\\/wp-content\\\/uploads\\\/2018\\\/04\\\/blogqsp-MAqu\u00e1tica-15.jpg\",\"datePublished\":\"2018-04-17T12:00:08+00:00\",\"breadcrumb\":{\"@id\":\"https:\\\/\\\/blogdofarnesio.com.br\\\/?p=194796#breadcrumb\"},\"inLanguage\":\"pt-BR\",\"potentialAction\":[{\"@type\":\"ReadAction\",\"target\":[\"https:\\\/\\\/blogdofarnesio.com.br\\\/?p=194796\"]}]},{\"@type\":\"ImageObject\",\"inLanguage\":\"pt-BR\",\"@id\":\"https:\\\/\\\/blogdofarnesio.com.br\\\/?p=194796#primaryimage\",\"url\":\"https:\\\/\\\/blogdofarnesio.com.br\\\/wp-content\\\/uploads\\\/2018\\\/04\\\/blogqsp-MAqu\u00e1tica-15.jpg\",\"contentUrl\":\"https:\\\/\\\/blogdofarnesio.com.br\\\/wp-content\\\/uploads\\\/2018\\\/04\\\/blogqsp-MAqu\u00e1tica-15.jpg\",\"width\":640,\"height\":385},{\"@type\":\"BreadcrumbList\",\"@id\":\"https:\\\/\\\/blogdofarnesio.com.br\\\/?p=194796#breadcrumb\",\"itemListElement\":[{\"@type\":\"ListItem\",\"position\":1,\"name\":\"In\u00edcio\",\"item\":\"https:\\\/\\\/blogdofarnesio.com.br\\\/\"},{\"@type\":\"ListItem\",\"position\":2,\"name\":\"TUDO PRONTO PARA A LARGADA DA 16\u00aa EDI\u00c7\u00c3O DA TIRADENTINHOS E ETAPA DE MARATONA AQU\u00c1TICA\"}]},{\"@type\":\"WebSite\",\"@id\":\"https:\\\/\\\/blogdofarnesio.com.br\\\/#website\",\"url\":\"https:\\\/\\\/blogdofarnesio.com.br\\\/\",\"name\":\"Blog do Farn\u00e9sio\",\"description\":\"Quer Saber Pol\u00edtica?\",\"publisher\":{\"@id\":\"https:\\\/\\\/blogdofarnesio.com.br\\\/#organization\"},\"potentialAction\":[{\"@type\":\"SearchAction\",\"target\":{\"@type\":\"EntryPoint\",\"urlTemplate\":\"https:\\\/\\\/blogdofarnesio.com.br\\\/?s={search_term_string}\"},\"query-input\":{\"@type\":\"PropertyValueSpecification\",\"valueRequired\":true,\"valueName\":\"search_term_string\"}}],\"inLanguage\":\"pt-BR\"},{\"@type\":\"Organization\",\"@id\":\"https:\\\/\\\/blogdofarnesio.com.br\\\/#organization\",\"name\":\"Blog do Farn\u00e9sio\",\"url\":\"https:\\\/\\\/blogdofarnesio.com.br\\\/\",\"logo\":{\"@type\":\"ImageObject\",\"inLanguage\":\"pt-BR\",\"@id\":\"https:\\\/\\\/blogdofarnesio.com.br\\\/#\\\/schema\\\/logo\\\/image\\\/\",\"url\":\"https:\\\/\\\/blogdofarnesio.com.br\\\/wp-content\\\/uploads\\\/2026\\\/03\\\/cropped-logo_new-1.png\",\"contentUrl\":\"https:\\\/\\\/blogdofarnesio.com.br\\\/wp-content\\\/uploads\\\/2026\\\/03\\\/cropped-logo_new-1.png\",\"width\":881,\"height\":685,\"caption\":\"Blog do Farn\u00e9sio\"},\"image\":{\"@id\":\"https:\\\/\\\/blogdofarnesio.com.br\\\/#\\\/schema\\\/logo\\\/image\\\/\"},\"sameAs\":[\"https:\\\/\\\/www.facebook.com\\\/BlogQuerSaberPolitica\\\/\"]},{\"@type\":\"Person\",\"@id\":\"https:\\\/\\\/blogdofarnesio.com.br\\\/#\\\/schema\\\/person\\\/301c4acf522bccbfdb45af95b5b906a1\",\"name\":\"Farn\u00e9sio\",\"image\":{\"@type\":\"ImageObject\",\"inLanguage\":\"pt-BR\",\"@id\":\"https:\\\/\\\/secure.gravatar.com\\\/avatar\\\/df0c9a14567c056f8ad6876ba5bbd1e3e2c48023eb6807342fc4663adf549f38?s=96&d=mm&r=g\",\"url\":\"https:\\\/\\\/secure.gravatar.com\\\/avatar\\\/df0c9a14567c056f8ad6876ba5bbd1e3e2c48023eb6807342fc4663adf549f38?s=96&d=mm&r=g\",\"contentUrl\":\"https:\\\/\\\/secure.gravatar.com\\\/avatar\\\/df0c9a14567c056f8ad6876ba5bbd1e3e2c48023eb6807342fc4663adf549f38?s=96&d=mm&r=g\",\"caption\":\"Farn\u00e9sio\"},\"sameAs\":[\"https:\\\/\\\/quersaberpolitica.com.br\"],\"url\":\"https:\\\/\\\/blogdofarnesio.com.br\\\/?author=1\"}]}<\/script>\n<!-- \/ Yoast SEO plugin. -->","yoast_head_json":{"title":"TUDO PRONTO PARA A LARGADA DA 16\u00aa EDI\u00c7\u00c3O DA TIRADENTINHOS E ETAPA DE MARATONA AQU\u00c1TICA - Blog do Farn\u00e9sio","robots":{"index":"index","follow":"follow","max-snippet":"max-snippet:-1","max-image-preview":"max-image-preview:large","max-video-preview":"max-video-preview:-1"},"canonical":"https:\/\/blogdofarnesio.com.br\/?p=194796","og_locale":"pt_BR","og_type":"article","og_title":"TUDO PRONTO PARA A LARGADA DA 16\u00aa EDI\u00c7\u00c3O DA TIRADENTINHOS E ETAPA DE MARATONA AQU\u00c1TICA - Blog do Farn\u00e9sio","og_description":"J\u00e1 est\u00e1 tudo pronto para a 16\u00aa edi\u00e7\u00e3o da Corrida Tiradentinhos, uma realiza\u00e7\u00e3o da Prefeitura Municipal de Juazeiro, atrav\u00e9s da Secretaria de Cultura, Turismo e Esportes, em parceria com a Associa\u00e7\u00e3o de Moradores da Rua Tiradentes. A corrida acontece no dia 21 de abril e tem largada \u00e0s 08h30, da Avenida Raul Alves (pr\u00f3ximo \u00e0 loja Americanas). Interessados ainda podem fazer inscri\u00e7\u00e3o no Gin\u00e1sio de Esportes Alo\u00edsio Viana ou na Ass. Moradores da Rua Tiradentes, com 2kg de alimentos. De acordo com o Superintendente de Esportes da SECULTE, Gilberto Pacheco, o objetivo \u00e9 incentivar o esporte ainda na inf\u00e2ncia, al\u00e9m de homenagear o M\u00e1rtir da Inconfid\u00eancia e a pr\u00f3pria Rua Tiradentes. \u201cDesde a primeira gest\u00e3o do ex-prefeito Isaac que n\u00f3s&hellip;","og_url":"https:\/\/blogdofarnesio.com.br\/?p=194796","og_site_name":"Blog do Farn\u00e9sio","article_publisher":"https:\/\/www.facebook.com\/BlogQuerSaberPolitica\/","article_published_time":"2018-04-17T12:00:08+00:00","og_image":[{"width":640,"height":385,"url":"https:\/\/blogdofarnesio.com.br\/wp-content\/uploads\/2018\/04\/blogqsp-MAqu\u00e1tica-15.jpg","type":"image\/jpeg"}],"author":"Farn\u00e9sio","twitter_card":"summary_large_image","twitter_misc":{"Escrito por":"Farn\u00e9sio","Est. tempo de leitura":"2 minutos"},"schema":{"@context":"https:\/\/schema.org","@graph":[{"@type":"Article","@id":"https:\/\/blogdofarnesio.com.br\/?p=194796#article","isPartOf":{"@id":"https:\/\/blogdofarnesio.com.br\/?p=194796"},"author":{"name":"Farn\u00e9sio","@id":"https:\/\/blogdofarnesio.com.br\/#\/schema\/person\/301c4acf522bccbfdb45af95b5b906a1"},"headline":"TUDO PRONTO PARA A LARGADA DA 16\u00aa EDI\u00c7\u00c3O DA TIRADENTINHOS E ETAPA DE MARATONA AQU\u00c1TICA","datePublished":"2018-04-17T12:00:08+00:00","mainEntityOfPage":{"@id":"https:\/\/blogdofarnesio.com.br\/?p=194796"},"wordCount":353,"publisher":{"@id":"https:\/\/blogdofarnesio.com.br\/#organization"},"image":{"@id":"https:\/\/blogdofarnesio.com.br\/?p=194796#primaryimage"},"thumbnailUrl":"https:\/\/blogdofarnesio.com.br\/wp-content\/uploads\/2018\/04\/blogqsp-MAqu\u00e1tica-15.jpg","articleSection":["Esportes"],"inLanguage":"pt-BR"},{"@type":"WebPage","@id":"https:\/\/blogdofarnesio.com.br\/?p=194796","url":"https:\/\/blogdofarnesio.com.br\/?p=194796","name":"TUDO PRONTO PARA A LARGADA DA 16\u00aa EDI\u00c7\u00c3O DA TIRADENTINHOS E ETAPA DE MARATONA AQU\u00c1TICA - Blog do Farn\u00e9sio","isPartOf":{"@id":"https:\/\/blogdofarnesio.com.br\/#website"},"primaryImageOfPage":{"@id":"https:\/\/blogdofarnesio.com.br\/?p=194796#primaryimage"},"image":{"@id":"https:\/\/blogdofarnesio.com.br\/?p=194796#primaryimage"},"thumbnailUrl":"https:\/\/blogdofarnesio.com.br\/wp-content\/uploads\/2018\/04\/blogqsp-MAqu\u00e1tica-15.jpg","datePublished":"2018-04-17T12:00:08+00:00","breadcrumb":{"@id":"https:\/\/blogdofarnesio.com.br\/?p=194796#breadcrumb"},"inLanguage":"pt-BR","potentialAction":[{"@type":"ReadAction","target":["https:\/\/blogdofarnesio.com.br\/?p=194796"]}]},{"@type":"ImageObject","inLanguage":"pt-BR","@id":"https:\/\/blogdofarnesio.com.br\/?p=194796#primaryimage","url":"https:\/\/blogdofarnesio.com.br\/wp-content\/uploads\/2018\/04\/blogqsp-MAqu\u00e1tica-15.jpg","contentUrl":"https:\/\/blogdofarnesio.com.br\/wp-content\/uploads\/2018\/04\/blogqsp-MAqu\u00e1tica-15.jpg","width":640,"height":385},{"@type":"BreadcrumbList","@id":"https:\/\/blogdofarnesio.com.br\/?p=194796#breadcrumb","itemListElement":[{"@type":"ListItem","position":1,"name":"In\u00edcio","item":"https:\/\/blogdofarnesio.com.br\/"},{"@type":"ListItem","position":2,"name":"TUDO PRONTO PARA A LARGADA DA 16\u00aa EDI\u00c7\u00c3O DA TIRADENTINHOS E ETAPA DE MARATONA AQU\u00c1TICA"}]},{"@type":"WebSite","@id":"https:\/\/blogdofarnesio.com.br\/#website","url":"https:\/\/blogdofarnesio.com.br\/","name":"Blog do Farn\u00e9sio","description":"Quer Saber Pol\u00edtica?","publisher":{"@id":"https:\/\/blogdofarnesio.com.br\/#organization"},"potentialAction":[{"@type":"SearchAction","target":{"@type":"EntryPoint","urlTemplate":"https:\/\/blogdofarnesio.com.br\/?s={search_term_string}"},"query-input":{"@type":"PropertyValueSpecification","valueRequired":true,"valueName":"search_term_string"}}],"inLanguage":"pt-BR"},{"@type":"Organization","@id":"https:\/\/blogdofarnesio.com.br\/#organization","name":"Blog do Farn\u00e9sio","url":"https:\/\/blogdofarnesio.com.br\/","logo":{"@type":"ImageObject","inLanguage":"pt-BR","@id":"https:\/\/blogdofarnesio.com.br\/#\/schema\/logo\/image\/","url":"https:\/\/blogdofarnesio.com.br\/wp-content\/uploads\/2026\/03\/cropped-logo_new-1.png","contentUrl":"https:\/\/blogdofarnesio.com.br\/wp-content\/uploads\/2026\/03\/cropped-logo_new-1.png","width":881,"height":685,"caption":"Blog do Farn\u00e9sio"},"image":{"@id":"https:\/\/blogdofarnesio.com.br\/#\/schema\/logo\/image\/"},"sameAs":["https:\/\/www.facebook.com\/BlogQuerSaberPolitica\/"]},{"@type":"Person","@id":"https:\/\/blogdofarnesio.com.br\/#\/schema\/person\/301c4acf522bccbfdb45af95b5b906a1","name":"Farn\u00e9sio","image":{"@type":"ImageObject","inLanguage":"pt-BR","@id":"https:\/\/secure.gravatar.com\/avatar\/df0c9a14567c056f8ad6876ba5bbd1e3e2c48023eb6807342fc4663adf549f38?s=96&d=mm&r=g","url":"https:\/\/secure.gravatar.com\/avatar\/df0c9a14567c056f8ad6876ba5bbd1e3e2c48023eb6807342fc4663adf549f38?s=96&d=mm&r=g","contentUrl":"https:\/\/secure.gravatar.com\/avatar\/df0c9a14567c056f8ad6876ba5bbd1e3e2c48023eb6807342fc4663adf549f38?s=96&d=mm&r=g","caption":"Farn\u00e9sio"},"sameAs":["https:\/\/quersaberpolitica.com.br"],"url":"https:\/\/blogdofarnesio.com.br\/?author=1"}]}},"_links":{"self":[{"href":"https:\/\/blogdofarnesio.com.br\/index.php?rest_route=\/wp\/v2\/posts\/194796","targetHints":{"allow":["GET"]}}],"collection":[{"href":"https:\/\/blogdofarnesio.com.br\/index.php?rest_route=\/wp\/v2\/posts"}],"about":[{"href":"https:\/\/blogdofarnesio.com.br\/index.php?rest_route=\/wp\/v2\/types\/post"}],"author":[{"embeddable":true,"href":"https:\/\/blogdofarnesio.com.br\/index.php?rest_route=\/wp\/v2\/users\/1"}],"replies":[{"embeddable":true,"href":"https:\/\/blogdofarnesio.com.br\/index.php?rest_route=%2Fwp%2Fv2%2Fcomments&post=194796"}],"version-history":[{"count":0,"href":"https:\/\/blogdofarnesio.com.br\/index.php?rest_route=\/wp\/v2\/posts\/194796\/revisions"}],"wp:featuredmedia":[{"embeddable":true,"href":"https:\/\/blogdofarnesio.com.br\/index.php?rest_route=\/wp\/v2\/media\/194798"}],"wp:attachment":[{"href":"https:\/\/blogdofarnesio.com.br\/index.php?rest_route=%2Fwp%2Fv2%2Fmedia&parent=194796"}],"wp:term":[{"taxonomy":"category","embeddable":true,"href":"https:\/\/blogdofarnesio.com.br\/index.php?rest_route=%2Fwp%2Fv2%2Fcategories&post=194796"},{"taxonomy":"post_tag","embeddable":true,"href":"https:\/\/blogdofarnesio.com.br\/index.php?rest_route=%2Fwp%2Fv2%2Ftags&post=194796"}],"curies":[{"name":"wp","href":"https:\/\/api.w.org\/{rel}","templated":true}]}}