{"id":194207,"date":"2018-04-11T14:40:50","date_gmt":"2018-04-11T17:40:50","guid":{"rendered":"http:\/\/quersaberpolitica.com.br\/2016\/?p=194207"},"modified":"2018-04-11T14:30:52","modified_gmt":"2018-04-11T17:30:52","slug":"prefeitura-de-petrolina-reforca-acoes-de-imunizacao-contra-sarampo","status":"publish","type":"post","link":"https:\/\/blogdofarnesio.com.br\/?p=194207","title":{"rendered":"PETROLINA REFOR\u00c7A VIGIL\u00c2NCIA E A\u00c7\u00d5ES DE IMUNIZA\u00c7\u00c3O CONTRA SARAMPO"},"content":{"rendered":"<p dir=\"ltr\" style=\"text-align: justify;\">Para evitar a reintrodu\u00e7\u00e3o do v\u00edrus causador do sarampo no estado de Pernambuco, a Secretaria Estadual de Sa\u00fade (SES) recomendou aos munic\u00edpios que reforcem as a\u00e7\u00f5es de controle e de vigil\u00e2ncia da doen\u00e7a. Por isso, a Prefeitura de Petrolina destaca a import\u00e2ncia de intensificar as a\u00e7\u00f5es de imuniza\u00e7\u00e3o para que os pernambucanos atualizem sua situa\u00e7\u00e3o vacinal e fiquem protegidos.<b><\/b><\/p>\n<p dir=\"ltr\" style=\"text-align: justify;\">Em Petrolina, a vacina est\u00e1 dispon\u00edvel em todas as unidades de sa\u00fade do munic\u00edpio. A indica\u00e7\u00e3o \u00e9 utilizar a vacina tr\u00edplice viral, que evita, al\u00e9m do sarampo, a rub\u00e9ola e a caxumba. A vacina tr\u00edplice viral deve ser aplicada em crian\u00e7as com 12 meses, com um refor\u00e7o aos 15 meses com a tetra viral (sarampo, caxumba, rub\u00e9ola e varicela).<b><\/b><\/p>\n<p dir=\"ltr\" style=\"text-align: justify;\">Para crian\u00e7as acima de dois anos, al\u00e9m de jovens e adultos at\u00e9 os 29 anos, n\u00e3o vacinados anteriormente ou que n\u00e3o se lembram, devem ser feitas duas doses da tr\u00edplice viral, com intervalo de 30 dias entre elas. Adultos entre 30 e 49 anos (n\u00e3o imunizados ou que n\u00e3o lembram) devem tomar uma dose da tr\u00edplice. Profissionais de sa\u00fade n\u00e3o vacinados devem tomar duas doses com a vacina tr\u00edplice viral, independente da idade. \u00c9 importante que a popula\u00e7\u00e3o v\u00e1 a um posto de sa\u00fade, munido da caderneta de vacina\u00e7\u00e3o, para saber se \u00e9 preciso fazer a atualiza\u00e7\u00e3o de alguma dose.<b><\/b><\/p>\n<p dir=\"ltr\" style=\"text-align: justify;\">\u201cDe acordo com a nota da SES, o fluxo de pessoas circulando entre os estados pode facilitar a introdu\u00e7\u00e3o de v\u00edrus em territ\u00f3rios que ele n\u00e3o esteja presente. Por isso, \u00e9 importante que os petrolinenses verifiquem sua situa\u00e7\u00e3o vacinal e atualizem sua caderneta\u201d, salienta a secret\u00e1ria executiva de Vigil\u00e2ncia em Sa\u00fade, Marlene Leandro.<b><\/b><\/p>\n<p dir=\"ltr\" style=\"text-align: justify;\">SARAMPO<b><\/b><\/p>\n<p dir=\"ltr\" style=\"text-align: justify;\">Ap\u00f3s dois anos de erradica\u00e7\u00e3o da doen\u00e7a no Brasil, o estado de Roraima est\u00e1 com \u00a0234 casos notificados de sarampo no estado. Desses, 59 foram confirmados, 166 permanecem em investiga\u00e7\u00e3o e nove foram descartados para a doen\u00e7a. De acordo com autoridades sanit\u00e1rias, o v\u00edrus entrou atrav\u00e9s dos venezuelanos que se refugiaram no Brasil.<b><\/b><\/p>\n<p dir=\"ltr\" style=\"text-align: justify;\">O sarampo \u00e9 uma doen\u00e7a que causa febre e manchas vermelhas no corpo, acompanhado de um ou mais dos seguintes sintomas: tosse, coriza ou conjuntivite. Caso haja esses sinais, \u00e9 importante procurar imediatamente uma unidade de sa\u00fade.<b><\/b><\/p>\n<p dir=\"ltr\" style=\"text-align: justify;\">Karem Moraes<\/p>\n<p>&nbsp;<\/p>\n","protected":false},"excerpt":{"rendered":"<p>Para evitar a reintrodu\u00e7\u00e3o do v\u00edrus causador do sarampo no estado de Pernambuco, a Secretaria Estadual de Sa\u00fade (SES) recomendou aos munic\u00edpios que reforcem as a\u00e7\u00f5es de controle e de vigil\u00e2ncia da doen\u00e7a. Por isso, a Prefeitura de Petrolina destaca a import\u00e2ncia de intensificar as a\u00e7\u00f5es de imuniza\u00e7\u00e3o para que os pernambucanos atualizem sua situa\u00e7\u00e3o vacinal e fiquem protegidos. Em Petrolina, a vacina est\u00e1 dispon\u00edvel em todas as unidades de sa\u00fade do munic\u00edpio. A indica\u00e7\u00e3o \u00e9 utilizar a vacina tr\u00edplice viral, que evita, al\u00e9m do sarampo, a rub\u00e9ola e a caxumba. A vacina tr\u00edplice viral deve ser aplicada em crian\u00e7as com 12 meses, com um refor\u00e7o aos 15 meses com a tetra viral (sarampo, caxumba, rub\u00e9ola e varicela). Para crian\u00e7as&hellip; <\/p>\n","protected":false},"author":1,"featured_media":194217,"comment_status":"closed","ping_status":"closed","sticky":false,"template":"","format":"standard","meta":{"_acf_changed":false,"footnotes":""},"categories":[4],"tags":[],"class_list":["post-194207","post","type-post","status-publish","format-standard","has-post-thumbnail","hentry","category-saude"],"acf":[],"yoast_head":"<!-- This site is optimized with the Yoast SEO plugin v27.4 - https:\/\/yoast.com\/product\/yoast-seo-wordpress\/ -->\n<title>PETROLINA REFOR\u00c7A VIGIL\u00c2NCIA E A\u00c7\u00d5ES DE IMUNIZA\u00c7\u00c3O CONTRA SARAMPO - Blog do Farn\u00e9sio<\/title>\n<meta name=\"robots\" content=\"index, follow, max-snippet:-1, max-image-preview:large, max-video-preview:-1\" \/>\n<link rel=\"canonical\" href=\"https:\/\/blogdofarnesio.com.br\/?p=194207\" \/>\n<meta property=\"og:locale\" content=\"pt_BR\" \/>\n<meta property=\"og:type\" content=\"article\" \/>\n<meta property=\"og:title\" content=\"PETROLINA REFOR\u00c7A VIGIL\u00c2NCIA E A\u00c7\u00d5ES DE IMUNIZA\u00c7\u00c3O CONTRA SARAMPO - Blog do Farn\u00e9sio\" \/>\n<meta property=\"og:description\" content=\"Para evitar a reintrodu\u00e7\u00e3o do v\u00edrus causador do sarampo no estado de Pernambuco, a Secretaria Estadual de Sa\u00fade (SES) recomendou aos munic\u00edpios que reforcem as a\u00e7\u00f5es de controle e de vigil\u00e2ncia da doen\u00e7a. Por isso, a Prefeitura de Petrolina destaca a import\u00e2ncia de intensificar as a\u00e7\u00f5es de imuniza\u00e7\u00e3o para que os pernambucanos atualizem sua situa\u00e7\u00e3o vacinal e fiquem protegidos. Em Petrolina, a vacina est\u00e1 dispon\u00edvel em todas as unidades de sa\u00fade do munic\u00edpio. A indica\u00e7\u00e3o \u00e9 utilizar a vacina tr\u00edplice viral, que evita, al\u00e9m do sarampo, a rub\u00e9ola e a caxumba. A vacina tr\u00edplice viral deve ser aplicada em crian\u00e7as com 12 meses, com um refor\u00e7o aos 15 meses com a tetra viral (sarampo, caxumba, rub\u00e9ola e varicela). Para crian\u00e7as&hellip;\" \/>\n<meta property=\"og:url\" content=\"https:\/\/blogdofarnesio.com.br\/?p=194207\" \/>\n<meta property=\"og:site_name\" content=\"Blog do Farn\u00e9sio\" \/>\n<meta property=\"article:publisher\" content=\"https:\/\/www.facebook.com\/BlogQuerSaberPolitica\/\" \/>\n<meta property=\"article:published_time\" content=\"2018-04-11T17:40:50+00:00\" \/>\n<meta property=\"og:image\" content=\"https:\/\/blogdofarnesio.com.br\/wp-content\/uploads\/2018\/04\/blogqspsarampo.jpg\" \/>\n\t<meta property=\"og:image:width\" content=\"448\" \/>\n\t<meta property=\"og:image:height\" content=\"258\" \/>\n\t<meta property=\"og:image:type\" content=\"image\/jpeg\" \/>\n<meta name=\"author\" content=\"Farn\u00e9sio\" \/>\n<meta name=\"twitter:card\" content=\"summary_large_image\" \/>\n<meta name=\"twitter:label1\" content=\"Escrito por\" \/>\n\t<meta name=\"twitter:data1\" content=\"Farn\u00e9sio\" \/>\n\t<meta name=\"twitter:label2\" content=\"Est. tempo de leitura\" \/>\n\t<meta name=\"twitter:data2\" content=\"2 minutos\" \/>\n<script type=\"application\/ld+json\" class=\"yoast-schema-graph\">{\"@context\":\"https:\\\/\\\/schema.org\",\"@graph\":[{\"@type\":\"Article\",\"@id\":\"https:\\\/\\\/blogdofarnesio.com.br\\\/?p=194207#article\",\"isPartOf\":{\"@id\":\"https:\\\/\\\/blogdofarnesio.com.br\\\/?p=194207\"},\"author\":{\"name\":\"Farn\u00e9sio\",\"@id\":\"https:\\\/\\\/blogdofarnesio.com.br\\\/#\\\/schema\\\/person\\\/301c4acf522bccbfdb45af95b5b906a1\"},\"headline\":\"PETROLINA REFOR\u00c7A VIGIL\u00c2NCIA E A\u00c7\u00d5ES DE IMUNIZA\u00c7\u00c3O CONTRA SARAMPO\",\"datePublished\":\"2018-04-11T17:40:50+00:00\",\"mainEntityOfPage\":{\"@id\":\"https:\\\/\\\/blogdofarnesio.com.br\\\/?p=194207\"},\"wordCount\":418,\"publisher\":{\"@id\":\"https:\\\/\\\/blogdofarnesio.com.br\\\/#organization\"},\"image\":{\"@id\":\"https:\\\/\\\/blogdofarnesio.com.br\\\/?p=194207#primaryimage\"},\"thumbnailUrl\":\"https:\\\/\\\/blogdofarnesio.com.br\\\/wp-content\\\/uploads\\\/2018\\\/04\\\/blogqspsarampo.jpg\",\"articleSection\":[\"Sa\u00fade\"],\"inLanguage\":\"pt-BR\"},{\"@type\":\"WebPage\",\"@id\":\"https:\\\/\\\/blogdofarnesio.com.br\\\/?p=194207\",\"url\":\"https:\\\/\\\/blogdofarnesio.com.br\\\/?p=194207\",\"name\":\"PETROLINA REFOR\u00c7A VIGIL\u00c2NCIA E A\u00c7\u00d5ES DE IMUNIZA\u00c7\u00c3O CONTRA SARAMPO - Blog do Farn\u00e9sio\",\"isPartOf\":{\"@id\":\"https:\\\/\\\/blogdofarnesio.com.br\\\/#website\"},\"primaryImageOfPage\":{\"@id\":\"https:\\\/\\\/blogdofarnesio.com.br\\\/?p=194207#primaryimage\"},\"image\":{\"@id\":\"https:\\\/\\\/blogdofarnesio.com.br\\\/?p=194207#primaryimage\"},\"thumbnailUrl\":\"https:\\\/\\\/blogdofarnesio.com.br\\\/wp-content\\\/uploads\\\/2018\\\/04\\\/blogqspsarampo.jpg\",\"datePublished\":\"2018-04-11T17:40:50+00:00\",\"breadcrumb\":{\"@id\":\"https:\\\/\\\/blogdofarnesio.com.br\\\/?p=194207#breadcrumb\"},\"inLanguage\":\"pt-BR\",\"potentialAction\":[{\"@type\":\"ReadAction\",\"target\":[\"https:\\\/\\\/blogdofarnesio.com.br\\\/?p=194207\"]}]},{\"@type\":\"ImageObject\",\"inLanguage\":\"pt-BR\",\"@id\":\"https:\\\/\\\/blogdofarnesio.com.br\\\/?p=194207#primaryimage\",\"url\":\"https:\\\/\\\/blogdofarnesio.com.br\\\/wp-content\\\/uploads\\\/2018\\\/04\\\/blogqspsarampo.jpg\",\"contentUrl\":\"https:\\\/\\\/blogdofarnesio.com.br\\\/wp-content\\\/uploads\\\/2018\\\/04\\\/blogqspsarampo.jpg\",\"width\":448,\"height\":258},{\"@type\":\"BreadcrumbList\",\"@id\":\"https:\\\/\\\/blogdofarnesio.com.br\\\/?p=194207#breadcrumb\",\"itemListElement\":[{\"@type\":\"ListItem\",\"position\":1,\"name\":\"In\u00edcio\",\"item\":\"https:\\\/\\\/blogdofarnesio.com.br\\\/\"},{\"@type\":\"ListItem\",\"position\":2,\"name\":\"PETROLINA REFOR\u00c7A VIGIL\u00c2NCIA E A\u00c7\u00d5ES DE IMUNIZA\u00c7\u00c3O CONTRA SARAMPO\"}]},{\"@type\":\"WebSite\",\"@id\":\"https:\\\/\\\/blogdofarnesio.com.br\\\/#website\",\"url\":\"https:\\\/\\\/blogdofarnesio.com.br\\\/\",\"name\":\"Blog do Farn\u00e9sio\",\"description\":\"Quer Saber Pol\u00edtica?\",\"publisher\":{\"@id\":\"https:\\\/\\\/blogdofarnesio.com.br\\\/#organization\"},\"potentialAction\":[{\"@type\":\"SearchAction\",\"target\":{\"@type\":\"EntryPoint\",\"urlTemplate\":\"https:\\\/\\\/blogdofarnesio.com.br\\\/?s={search_term_string}\"},\"query-input\":{\"@type\":\"PropertyValueSpecification\",\"valueRequired\":true,\"valueName\":\"search_term_string\"}}],\"inLanguage\":\"pt-BR\"},{\"@type\":\"Organization\",\"@id\":\"https:\\\/\\\/blogdofarnesio.com.br\\\/#organization\",\"name\":\"Blog do Farn\u00e9sio\",\"url\":\"https:\\\/\\\/blogdofarnesio.com.br\\\/\",\"logo\":{\"@type\":\"ImageObject\",\"inLanguage\":\"pt-BR\",\"@id\":\"https:\\\/\\\/blogdofarnesio.com.br\\\/#\\\/schema\\\/logo\\\/image\\\/\",\"url\":\"https:\\\/\\\/blogdofarnesio.com.br\\\/wp-content\\\/uploads\\\/2026\\\/03\\\/cropped-logo_new-1.png\",\"contentUrl\":\"https:\\\/\\\/blogdofarnesio.com.br\\\/wp-content\\\/uploads\\\/2026\\\/03\\\/cropped-logo_new-1.png\",\"width\":881,\"height\":685,\"caption\":\"Blog do Farn\u00e9sio\"},\"image\":{\"@id\":\"https:\\\/\\\/blogdofarnesio.com.br\\\/#\\\/schema\\\/logo\\\/image\\\/\"},\"sameAs\":[\"https:\\\/\\\/www.facebook.com\\\/BlogQuerSaberPolitica\\\/\"]},{\"@type\":\"Person\",\"@id\":\"https:\\\/\\\/blogdofarnesio.com.br\\\/#\\\/schema\\\/person\\\/301c4acf522bccbfdb45af95b5b906a1\",\"name\":\"Farn\u00e9sio\",\"image\":{\"@type\":\"ImageObject\",\"inLanguage\":\"pt-BR\",\"@id\":\"https:\\\/\\\/secure.gravatar.com\\\/avatar\\\/df0c9a14567c056f8ad6876ba5bbd1e3e2c48023eb6807342fc4663adf549f38?s=96&d=mm&r=g\",\"url\":\"https:\\\/\\\/secure.gravatar.com\\\/avatar\\\/df0c9a14567c056f8ad6876ba5bbd1e3e2c48023eb6807342fc4663adf549f38?s=96&d=mm&r=g\",\"contentUrl\":\"https:\\\/\\\/secure.gravatar.com\\\/avatar\\\/df0c9a14567c056f8ad6876ba5bbd1e3e2c48023eb6807342fc4663adf549f38?s=96&d=mm&r=g\",\"caption\":\"Farn\u00e9sio\"},\"sameAs\":[\"https:\\\/\\\/quersaberpolitica.com.br\"],\"url\":\"https:\\\/\\\/blogdofarnesio.com.br\\\/?author=1\"}]}<\/script>\n<!-- \/ Yoast SEO plugin. -->","yoast_head_json":{"title":"PETROLINA REFOR\u00c7A VIGIL\u00c2NCIA E A\u00c7\u00d5ES DE IMUNIZA\u00c7\u00c3O CONTRA SARAMPO - Blog do Farn\u00e9sio","robots":{"index":"index","follow":"follow","max-snippet":"max-snippet:-1","max-image-preview":"max-image-preview:large","max-video-preview":"max-video-preview:-1"},"canonical":"https:\/\/blogdofarnesio.com.br\/?p=194207","og_locale":"pt_BR","og_type":"article","og_title":"PETROLINA REFOR\u00c7A VIGIL\u00c2NCIA E A\u00c7\u00d5ES DE IMUNIZA\u00c7\u00c3O CONTRA SARAMPO - Blog do Farn\u00e9sio","og_description":"Para evitar a reintrodu\u00e7\u00e3o do v\u00edrus causador do sarampo no estado de Pernambuco, a Secretaria Estadual de Sa\u00fade (SES) recomendou aos munic\u00edpios que reforcem as a\u00e7\u00f5es de controle e de vigil\u00e2ncia da doen\u00e7a. Por isso, a Prefeitura de Petrolina destaca a import\u00e2ncia de intensificar as a\u00e7\u00f5es de imuniza\u00e7\u00e3o para que os pernambucanos atualizem sua situa\u00e7\u00e3o vacinal e fiquem protegidos. Em Petrolina, a vacina est\u00e1 dispon\u00edvel em todas as unidades de sa\u00fade do munic\u00edpio. A indica\u00e7\u00e3o \u00e9 utilizar a vacina tr\u00edplice viral, que evita, al\u00e9m do sarampo, a rub\u00e9ola e a caxumba. A vacina tr\u00edplice viral deve ser aplicada em crian\u00e7as com 12 meses, com um refor\u00e7o aos 15 meses com a tetra viral (sarampo, caxumba, rub\u00e9ola e varicela). Para crian\u00e7as&hellip;","og_url":"https:\/\/blogdofarnesio.com.br\/?p=194207","og_site_name":"Blog do Farn\u00e9sio","article_publisher":"https:\/\/www.facebook.com\/BlogQuerSaberPolitica\/","article_published_time":"2018-04-11T17:40:50+00:00","og_image":[{"width":448,"height":258,"url":"https:\/\/blogdofarnesio.com.br\/wp-content\/uploads\/2018\/04\/blogqspsarampo.jpg","type":"image\/jpeg"}],"author":"Farn\u00e9sio","twitter_card":"summary_large_image","twitter_misc":{"Escrito por":"Farn\u00e9sio","Est. tempo de leitura":"2 minutos"},"schema":{"@context":"https:\/\/schema.org","@graph":[{"@type":"Article","@id":"https:\/\/blogdofarnesio.com.br\/?p=194207#article","isPartOf":{"@id":"https:\/\/blogdofarnesio.com.br\/?p=194207"},"author":{"name":"Farn\u00e9sio","@id":"https:\/\/blogdofarnesio.com.br\/#\/schema\/person\/301c4acf522bccbfdb45af95b5b906a1"},"headline":"PETROLINA REFOR\u00c7A VIGIL\u00c2NCIA E A\u00c7\u00d5ES DE IMUNIZA\u00c7\u00c3O CONTRA SARAMPO","datePublished":"2018-04-11T17:40:50+00:00","mainEntityOfPage":{"@id":"https:\/\/blogdofarnesio.com.br\/?p=194207"},"wordCount":418,"publisher":{"@id":"https:\/\/blogdofarnesio.com.br\/#organization"},"image":{"@id":"https:\/\/blogdofarnesio.com.br\/?p=194207#primaryimage"},"thumbnailUrl":"https:\/\/blogdofarnesio.com.br\/wp-content\/uploads\/2018\/04\/blogqspsarampo.jpg","articleSection":["Sa\u00fade"],"inLanguage":"pt-BR"},{"@type":"WebPage","@id":"https:\/\/blogdofarnesio.com.br\/?p=194207","url":"https:\/\/blogdofarnesio.com.br\/?p=194207","name":"PETROLINA REFOR\u00c7A VIGIL\u00c2NCIA E A\u00c7\u00d5ES DE IMUNIZA\u00c7\u00c3O CONTRA SARAMPO - Blog do Farn\u00e9sio","isPartOf":{"@id":"https:\/\/blogdofarnesio.com.br\/#website"},"primaryImageOfPage":{"@id":"https:\/\/blogdofarnesio.com.br\/?p=194207#primaryimage"},"image":{"@id":"https:\/\/blogdofarnesio.com.br\/?p=194207#primaryimage"},"thumbnailUrl":"https:\/\/blogdofarnesio.com.br\/wp-content\/uploads\/2018\/04\/blogqspsarampo.jpg","datePublished":"2018-04-11T17:40:50+00:00","breadcrumb":{"@id":"https:\/\/blogdofarnesio.com.br\/?p=194207#breadcrumb"},"inLanguage":"pt-BR","potentialAction":[{"@type":"ReadAction","target":["https:\/\/blogdofarnesio.com.br\/?p=194207"]}]},{"@type":"ImageObject","inLanguage":"pt-BR","@id":"https:\/\/blogdofarnesio.com.br\/?p=194207#primaryimage","url":"https:\/\/blogdofarnesio.com.br\/wp-content\/uploads\/2018\/04\/blogqspsarampo.jpg","contentUrl":"https:\/\/blogdofarnesio.com.br\/wp-content\/uploads\/2018\/04\/blogqspsarampo.jpg","width":448,"height":258},{"@type":"BreadcrumbList","@id":"https:\/\/blogdofarnesio.com.br\/?p=194207#breadcrumb","itemListElement":[{"@type":"ListItem","position":1,"name":"In\u00edcio","item":"https:\/\/blogdofarnesio.com.br\/"},{"@type":"ListItem","position":2,"name":"PETROLINA REFOR\u00c7A VIGIL\u00c2NCIA E A\u00c7\u00d5ES DE IMUNIZA\u00c7\u00c3O CONTRA SARAMPO"}]},{"@type":"WebSite","@id":"https:\/\/blogdofarnesio.com.br\/#website","url":"https:\/\/blogdofarnesio.com.br\/","name":"Blog do Farn\u00e9sio","description":"Quer Saber Pol\u00edtica?","publisher":{"@id":"https:\/\/blogdofarnesio.com.br\/#organization"},"potentialAction":[{"@type":"SearchAction","target":{"@type":"EntryPoint","urlTemplate":"https:\/\/blogdofarnesio.com.br\/?s={search_term_string}"},"query-input":{"@type":"PropertyValueSpecification","valueRequired":true,"valueName":"search_term_string"}}],"inLanguage":"pt-BR"},{"@type":"Organization","@id":"https:\/\/blogdofarnesio.com.br\/#organization","name":"Blog do Farn\u00e9sio","url":"https:\/\/blogdofarnesio.com.br\/","logo":{"@type":"ImageObject","inLanguage":"pt-BR","@id":"https:\/\/blogdofarnesio.com.br\/#\/schema\/logo\/image\/","url":"https:\/\/blogdofarnesio.com.br\/wp-content\/uploads\/2026\/03\/cropped-logo_new-1.png","contentUrl":"https:\/\/blogdofarnesio.com.br\/wp-content\/uploads\/2026\/03\/cropped-logo_new-1.png","width":881,"height":685,"caption":"Blog do Farn\u00e9sio"},"image":{"@id":"https:\/\/blogdofarnesio.com.br\/#\/schema\/logo\/image\/"},"sameAs":["https:\/\/www.facebook.com\/BlogQuerSaberPolitica\/"]},{"@type":"Person","@id":"https:\/\/blogdofarnesio.com.br\/#\/schema\/person\/301c4acf522bccbfdb45af95b5b906a1","name":"Farn\u00e9sio","image":{"@type":"ImageObject","inLanguage":"pt-BR","@id":"https:\/\/secure.gravatar.com\/avatar\/df0c9a14567c056f8ad6876ba5bbd1e3e2c48023eb6807342fc4663adf549f38?s=96&d=mm&r=g","url":"https:\/\/secure.gravatar.com\/avatar\/df0c9a14567c056f8ad6876ba5bbd1e3e2c48023eb6807342fc4663adf549f38?s=96&d=mm&r=g","contentUrl":"https:\/\/secure.gravatar.com\/avatar\/df0c9a14567c056f8ad6876ba5bbd1e3e2c48023eb6807342fc4663adf549f38?s=96&d=mm&r=g","caption":"Farn\u00e9sio"},"sameAs":["https:\/\/quersaberpolitica.com.br"],"url":"https:\/\/blogdofarnesio.com.br\/?author=1"}]}},"_links":{"self":[{"href":"https:\/\/blogdofarnesio.com.br\/index.php?rest_route=\/wp\/v2\/posts\/194207","targetHints":{"allow":["GET"]}}],"collection":[{"href":"https:\/\/blogdofarnesio.com.br\/index.php?rest_route=\/wp\/v2\/posts"}],"about":[{"href":"https:\/\/blogdofarnesio.com.br\/index.php?rest_route=\/wp\/v2\/types\/post"}],"author":[{"embeddable":true,"href":"https:\/\/blogdofarnesio.com.br\/index.php?rest_route=\/wp\/v2\/users\/1"}],"replies":[{"embeddable":true,"href":"https:\/\/blogdofarnesio.com.br\/index.php?rest_route=%2Fwp%2Fv2%2Fcomments&post=194207"}],"version-history":[{"count":0,"href":"https:\/\/blogdofarnesio.com.br\/index.php?rest_route=\/wp\/v2\/posts\/194207\/revisions"}],"wp:featuredmedia":[{"embeddable":true,"href":"https:\/\/blogdofarnesio.com.br\/index.php?rest_route=\/wp\/v2\/media\/194217"}],"wp:attachment":[{"href":"https:\/\/blogdofarnesio.com.br\/index.php?rest_route=%2Fwp%2Fv2%2Fmedia&parent=194207"}],"wp:term":[{"taxonomy":"category","embeddable":true,"href":"https:\/\/blogdofarnesio.com.br\/index.php?rest_route=%2Fwp%2Fv2%2Fcategories&post=194207"},{"taxonomy":"post_tag","embeddable":true,"href":"https:\/\/blogdofarnesio.com.br\/index.php?rest_route=%2Fwp%2Fv2%2Ftags&post=194207"}],"curies":[{"name":"wp","href":"https:\/\/api.w.org\/{rel}","templated":true}]}}