{"id":193657,"date":"2018-04-06T15:20:15","date_gmt":"2018-04-06T18:20:15","guid":{"rendered":"http:\/\/quersaberpolitica.com.br\/2016\/?p=193657"},"modified":"2018-04-05T23:06:37","modified_gmt":"2018-04-06T02:06:37","slug":"8o-forum-de-mobilizacao-antimanicomial-esta-com-inscricoes-abertas","status":"publish","type":"post","link":"https:\/\/blogdofarnesio.com.br\/?p=193657","title":{"rendered":"8\u00ba F\u00d3RUM DE MOBILIZA\u00c7\u00c3O ANTIMANICOMIAL EST\u00c1 COM INSCRI\u00c7\u00d5ES ABERTAS"},"content":{"rendered":"<p style=\"text-align: justify;\" align=\"center\">Discutir e trazer reflex\u00f5es sobre a sa\u00fade mental \u00e9 uma das propostas do 8\u00ba F\u00f3rum de Mobiliza\u00e7\u00e3o Antimanicomial, que ser\u00e1 realizado pelo N\u00facleo de Mobiliza\u00e7\u00e3o Antimanicomial do Sert\u00e3o (Numans), da Universidade Federal do Vale do S\u00e3o Francisco (Univasf). O evento acontecer\u00e1 de 15 a 17 de maio no Complexo Multieventos, Campus Juazeiro. As inscri\u00e7\u00f5es s\u00e3o gratuitas e j\u00e1 est\u00e3o abertas. O prazo para submiss\u00e3o de trabalhos vai at\u00e9 10 de abril.<\/p>\n<p style=\"text-align: justify;\">O F\u00f3rum est\u00e1 direcionado aos profissionais da rede do sistema de sa\u00fade mental, usu\u00e1rios, professores e estudantes da \u00e1rea da Sa\u00fade. \u00a0Para participar \u00e9 preciso preencher o\u00a0<a class=\"external-link\" title=\"\" href=\"https:\/\/fmasertao.wixsite.com\/8fma\/inscricoes\" target=\"_blank\" rel=\"noopener\">formul\u00e1rio online<\/a>. Quem deseja apresentar trabalhos deve consultar as\u00a0<a class=\"external-link\" title=\"\" href=\"https:\/\/fmasertao.wixsite.com\/8fma\/submissoes\" target=\"_blank\" rel=\"noopener\">normas de submiss\u00e3o<\/a>, dispon\u00edveis no site do evento.<\/p>\n<p style=\"text-align: justify;\">Para a professora do Colegiado de Psicologia e organizadora do evento B\u00e1rbara Cabral, o encontro \u00e9 um momento democr\u00e1tico de extrema import\u00e2ncia, pois as pessoas trocam informa\u00e7\u00f5es e compartilham saberes. \u201cO F\u00f3rum \u00e9 um movimento de luta. Debatemos sobre o respeito \u00e0s pessoas com defici\u00eancia mental. Ainda \u00e9 preciso discutir os locais e como essas pessoas s\u00e3o recebidas\u201d, frisa.<\/p>\n<p style=\"text-align: justify;\">A tem\u00e1tica desta edi\u00e7\u00e3o do F\u00f3rum de Mobiliza\u00e7\u00e3o Antimanicomial \u00e9 \u201cPelo cuidado em liberdade: na luta vamos viver\u201d e surgiu ap\u00f3s a participa\u00e7\u00e3o do Numans na Caravana Sertaneja em um encontro realizado em dezembro de 2017, na cidade de Bauru (SP), que marcou os 30 anos da luta antimanicomial no pa\u00eds.<\/p>\n<p style=\"text-align: justify;\">O evento ir\u00e1 contar com o apoio da Ger\u00eancia de Sa\u00fade Mental de Pernambuco, Secretaria de Sa\u00fade de Juazeiro (BA) e da Rede Solit\u00e1ria. Na programa\u00e7\u00e3o do F\u00f3rum, haver\u00e1 a 5\u00aa Mostra de Aten\u00e7\u00e3o Psicossocial, um espa\u00e7o de relatos de experi\u00eancias divididos em v\u00e1rios eixos. A programa\u00e7\u00e3o completa ser\u00e1 divulgada em breve, pelo\u00a0<a class=\"external-link\" title=\"\" href=\"https:\/\/fmasertao.wixsite.com\/8fma\" target=\"_blank\" rel=\"noopener\">site<\/a>\u00a0do evento.\u00a0<a href=\"https:\/\/fmasertao.wixsite.com\/8fma\/programacao\" target=\"_blank\" rel=\"noopener\"><br \/>\n<\/a><\/p>\n<p style=\"text-align: justify;\">O F\u00f3rum de Mobiliza\u00e7\u00e3o Antimanicomial acontece na regi\u00e3o desde 2009, sempre dialogando sobre a sa\u00fade mental. A primeira edi\u00e7\u00e3o teve como tema central \u201cLoucura em Movimento\u201d. A proposta partiu de um grupo de estudantes da disciplina de Sa\u00fade Mental I, do curso de Psicologia da Univasf.<\/p>\n","protected":false},"excerpt":{"rendered":"<p>Discutir e trazer reflex\u00f5es sobre a sa\u00fade mental \u00e9 uma das propostas do 8\u00ba F\u00f3rum de Mobiliza\u00e7\u00e3o Antimanicomial, que ser\u00e1 realizado pelo N\u00facleo de Mobiliza\u00e7\u00e3o Antimanicomial do Sert\u00e3o (Numans), da Universidade Federal do Vale do S\u00e3o Francisco (Univasf). O evento acontecer\u00e1 de 15 a 17 de maio no Complexo Multieventos, Campus Juazeiro. As inscri\u00e7\u00f5es s\u00e3o gratuitas e j\u00e1 est\u00e3o abertas. O prazo para submiss\u00e3o de trabalhos vai at\u00e9 10 de abril. O F\u00f3rum est\u00e1 direcionado aos profissionais da rede do sistema de sa\u00fade mental, usu\u00e1rios, professores e estudantes da \u00e1rea da Sa\u00fade. \u00a0Para participar \u00e9 preciso preencher o\u00a0formul\u00e1rio online. Quem deseja apresentar trabalhos deve consultar as\u00a0normas de submiss\u00e3o, dispon\u00edveis no site do evento. Para a professora do Colegiado de Psicologia&hellip; <\/p>\n","protected":false},"author":1,"featured_media":193658,"comment_status":"closed","ping_status":"closed","sticky":false,"template":"","format":"standard","meta":{"_acf_changed":false,"footnotes":""},"categories":[44],"tags":[],"class_list":["post-193657","post","type-post","status-publish","format-standard","has-post-thumbnail","hentry","category-administracao"],"acf":[],"yoast_head":"<!-- This site is optimized with the Yoast SEO plugin v27.4 - https:\/\/yoast.com\/product\/yoast-seo-wordpress\/ -->\n<title>8\u00ba F\u00d3RUM DE MOBILIZA\u00c7\u00c3O ANTIMANICOMIAL EST\u00c1 COM INSCRI\u00c7\u00d5ES ABERTAS - Blog do Farn\u00e9sio<\/title>\n<meta name=\"robots\" content=\"index, follow, max-snippet:-1, max-image-preview:large, max-video-preview:-1\" \/>\n<link rel=\"canonical\" href=\"https:\/\/blogdofarnesio.com.br\/?p=193657\" \/>\n<meta property=\"og:locale\" content=\"pt_BR\" \/>\n<meta property=\"og:type\" content=\"article\" \/>\n<meta property=\"og:title\" content=\"8\u00ba F\u00d3RUM DE MOBILIZA\u00c7\u00c3O ANTIMANICOMIAL EST\u00c1 COM INSCRI\u00c7\u00d5ES ABERTAS - Blog do Farn\u00e9sio\" \/>\n<meta property=\"og:description\" content=\"Discutir e trazer reflex\u00f5es sobre a sa\u00fade mental \u00e9 uma das propostas do 8\u00ba F\u00f3rum de Mobiliza\u00e7\u00e3o Antimanicomial, que ser\u00e1 realizado pelo N\u00facleo de Mobiliza\u00e7\u00e3o Antimanicomial do Sert\u00e3o (Numans), da Universidade Federal do Vale do S\u00e3o Francisco (Univasf). O evento acontecer\u00e1 de 15 a 17 de maio no Complexo Multieventos, Campus Juazeiro. As inscri\u00e7\u00f5es s\u00e3o gratuitas e j\u00e1 est\u00e3o abertas. O prazo para submiss\u00e3o de trabalhos vai at\u00e9 10 de abril. O F\u00f3rum est\u00e1 direcionado aos profissionais da rede do sistema de sa\u00fade mental, usu\u00e1rios, professores e estudantes da \u00e1rea da Sa\u00fade. \u00a0Para participar \u00e9 preciso preencher o\u00a0formul\u00e1rio online. Quem deseja apresentar trabalhos deve consultar as\u00a0normas de submiss\u00e3o, dispon\u00edveis no site do evento. Para a professora do Colegiado de Psicologia&hellip;\" \/>\n<meta property=\"og:url\" content=\"https:\/\/blogdofarnesio.com.br\/?p=193657\" \/>\n<meta property=\"og:site_name\" content=\"Blog do Farn\u00e9sio\" \/>\n<meta property=\"article:publisher\" content=\"https:\/\/www.facebook.com\/BlogQuerSaberPolitica\/\" \/>\n<meta property=\"article:published_time\" content=\"2018-04-06T18:20:15+00:00\" \/>\n<meta property=\"og:image\" content=\"https:\/\/blogdofarnesio.com.br\/wp-content\/uploads\/2018\/04\/blogqsp-forum.png\" \/>\n\t<meta property=\"og:image:width\" content=\"536\" \/>\n\t<meta property=\"og:image:height\" content=\"768\" \/>\n\t<meta property=\"og:image:type\" content=\"image\/png\" \/>\n<meta name=\"author\" content=\"Farn\u00e9sio\" \/>\n<meta name=\"twitter:card\" content=\"summary_large_image\" \/>\n<meta name=\"twitter:label1\" content=\"Escrito por\" \/>\n\t<meta name=\"twitter:data1\" content=\"Farn\u00e9sio\" \/>\n\t<meta name=\"twitter:label2\" content=\"Est. tempo de leitura\" \/>\n\t<meta name=\"twitter:data2\" content=\"2 minutos\" \/>\n<script type=\"application\/ld+json\" class=\"yoast-schema-graph\">{\"@context\":\"https:\\\/\\\/schema.org\",\"@graph\":[{\"@type\":\"Article\",\"@id\":\"https:\\\/\\\/blogdofarnesio.com.br\\\/?p=193657#article\",\"isPartOf\":{\"@id\":\"https:\\\/\\\/blogdofarnesio.com.br\\\/?p=193657\"},\"author\":{\"name\":\"Farn\u00e9sio\",\"@id\":\"https:\\\/\\\/blogdofarnesio.com.br\\\/#\\\/schema\\\/person\\\/301c4acf522bccbfdb45af95b5b906a1\"},\"headline\":\"8\u00ba F\u00d3RUM DE MOBILIZA\u00c7\u00c3O ANTIMANICOMIAL EST\u00c1 COM INSCRI\u00c7\u00d5ES ABERTAS\",\"datePublished\":\"2018-04-06T18:20:15+00:00\",\"mainEntityOfPage\":{\"@id\":\"https:\\\/\\\/blogdofarnesio.com.br\\\/?p=193657\"},\"wordCount\":374,\"publisher\":{\"@id\":\"https:\\\/\\\/blogdofarnesio.com.br\\\/#organization\"},\"image\":{\"@id\":\"https:\\\/\\\/blogdofarnesio.com.br\\\/?p=193657#primaryimage\"},\"thumbnailUrl\":\"https:\\\/\\\/blogdofarnesio.com.br\\\/wp-content\\\/uploads\\\/2018\\\/04\\\/blogqsp-forum.png\",\"articleSection\":[\"Administra\u00e7\u00e3o\"],\"inLanguage\":\"pt-BR\"},{\"@type\":\"WebPage\",\"@id\":\"https:\\\/\\\/blogdofarnesio.com.br\\\/?p=193657\",\"url\":\"https:\\\/\\\/blogdofarnesio.com.br\\\/?p=193657\",\"name\":\"8\u00ba F\u00d3RUM DE MOBILIZA\u00c7\u00c3O ANTIMANICOMIAL EST\u00c1 COM INSCRI\u00c7\u00d5ES ABERTAS - Blog do Farn\u00e9sio\",\"isPartOf\":{\"@id\":\"https:\\\/\\\/blogdofarnesio.com.br\\\/#website\"},\"primaryImageOfPage\":{\"@id\":\"https:\\\/\\\/blogdofarnesio.com.br\\\/?p=193657#primaryimage\"},\"image\":{\"@id\":\"https:\\\/\\\/blogdofarnesio.com.br\\\/?p=193657#primaryimage\"},\"thumbnailUrl\":\"https:\\\/\\\/blogdofarnesio.com.br\\\/wp-content\\\/uploads\\\/2018\\\/04\\\/blogqsp-forum.png\",\"datePublished\":\"2018-04-06T18:20:15+00:00\",\"breadcrumb\":{\"@id\":\"https:\\\/\\\/blogdofarnesio.com.br\\\/?p=193657#breadcrumb\"},\"inLanguage\":\"pt-BR\",\"potentialAction\":[{\"@type\":\"ReadAction\",\"target\":[\"https:\\\/\\\/blogdofarnesio.com.br\\\/?p=193657\"]}]},{\"@type\":\"ImageObject\",\"inLanguage\":\"pt-BR\",\"@id\":\"https:\\\/\\\/blogdofarnesio.com.br\\\/?p=193657#primaryimage\",\"url\":\"https:\\\/\\\/blogdofarnesio.com.br\\\/wp-content\\\/uploads\\\/2018\\\/04\\\/blogqsp-forum.png\",\"contentUrl\":\"https:\\\/\\\/blogdofarnesio.com.br\\\/wp-content\\\/uploads\\\/2018\\\/04\\\/blogqsp-forum.png\",\"width\":536,\"height\":768},{\"@type\":\"BreadcrumbList\",\"@id\":\"https:\\\/\\\/blogdofarnesio.com.br\\\/?p=193657#breadcrumb\",\"itemListElement\":[{\"@type\":\"ListItem\",\"position\":1,\"name\":\"In\u00edcio\",\"item\":\"https:\\\/\\\/blogdofarnesio.com.br\\\/\"},{\"@type\":\"ListItem\",\"position\":2,\"name\":\"8\u00ba F\u00d3RUM DE MOBILIZA\u00c7\u00c3O ANTIMANICOMIAL EST\u00c1 COM INSCRI\u00c7\u00d5ES ABERTAS\"}]},{\"@type\":\"WebSite\",\"@id\":\"https:\\\/\\\/blogdofarnesio.com.br\\\/#website\",\"url\":\"https:\\\/\\\/blogdofarnesio.com.br\\\/\",\"name\":\"Blog do Farn\u00e9sio\",\"description\":\"Quer Saber Pol\u00edtica?\",\"publisher\":{\"@id\":\"https:\\\/\\\/blogdofarnesio.com.br\\\/#organization\"},\"potentialAction\":[{\"@type\":\"SearchAction\",\"target\":{\"@type\":\"EntryPoint\",\"urlTemplate\":\"https:\\\/\\\/blogdofarnesio.com.br\\\/?s={search_term_string}\"},\"query-input\":{\"@type\":\"PropertyValueSpecification\",\"valueRequired\":true,\"valueName\":\"search_term_string\"}}],\"inLanguage\":\"pt-BR\"},{\"@type\":\"Organization\",\"@id\":\"https:\\\/\\\/blogdofarnesio.com.br\\\/#organization\",\"name\":\"Blog do Farn\u00e9sio\",\"url\":\"https:\\\/\\\/blogdofarnesio.com.br\\\/\",\"logo\":{\"@type\":\"ImageObject\",\"inLanguage\":\"pt-BR\",\"@id\":\"https:\\\/\\\/blogdofarnesio.com.br\\\/#\\\/schema\\\/logo\\\/image\\\/\",\"url\":\"https:\\\/\\\/blogdofarnesio.com.br\\\/wp-content\\\/uploads\\\/2026\\\/03\\\/cropped-logo_new-1.png\",\"contentUrl\":\"https:\\\/\\\/blogdofarnesio.com.br\\\/wp-content\\\/uploads\\\/2026\\\/03\\\/cropped-logo_new-1.png\",\"width\":881,\"height\":685,\"caption\":\"Blog do Farn\u00e9sio\"},\"image\":{\"@id\":\"https:\\\/\\\/blogdofarnesio.com.br\\\/#\\\/schema\\\/logo\\\/image\\\/\"},\"sameAs\":[\"https:\\\/\\\/www.facebook.com\\\/BlogQuerSaberPolitica\\\/\"]},{\"@type\":\"Person\",\"@id\":\"https:\\\/\\\/blogdofarnesio.com.br\\\/#\\\/schema\\\/person\\\/301c4acf522bccbfdb45af95b5b906a1\",\"name\":\"Farn\u00e9sio\",\"image\":{\"@type\":\"ImageObject\",\"inLanguage\":\"pt-BR\",\"@id\":\"https:\\\/\\\/secure.gravatar.com\\\/avatar\\\/df0c9a14567c056f8ad6876ba5bbd1e3e2c48023eb6807342fc4663adf549f38?s=96&d=mm&r=g\",\"url\":\"https:\\\/\\\/secure.gravatar.com\\\/avatar\\\/df0c9a14567c056f8ad6876ba5bbd1e3e2c48023eb6807342fc4663adf549f38?s=96&d=mm&r=g\",\"contentUrl\":\"https:\\\/\\\/secure.gravatar.com\\\/avatar\\\/df0c9a14567c056f8ad6876ba5bbd1e3e2c48023eb6807342fc4663adf549f38?s=96&d=mm&r=g\",\"caption\":\"Farn\u00e9sio\"},\"sameAs\":[\"https:\\\/\\\/quersaberpolitica.com.br\"],\"url\":\"https:\\\/\\\/blogdofarnesio.com.br\\\/?author=1\"}]}<\/script>\n<!-- \/ Yoast SEO plugin. -->","yoast_head_json":{"title":"8\u00ba F\u00d3RUM DE MOBILIZA\u00c7\u00c3O ANTIMANICOMIAL EST\u00c1 COM INSCRI\u00c7\u00d5ES ABERTAS - Blog do Farn\u00e9sio","robots":{"index":"index","follow":"follow","max-snippet":"max-snippet:-1","max-image-preview":"max-image-preview:large","max-video-preview":"max-video-preview:-1"},"canonical":"https:\/\/blogdofarnesio.com.br\/?p=193657","og_locale":"pt_BR","og_type":"article","og_title":"8\u00ba F\u00d3RUM DE MOBILIZA\u00c7\u00c3O ANTIMANICOMIAL EST\u00c1 COM INSCRI\u00c7\u00d5ES ABERTAS - Blog do Farn\u00e9sio","og_description":"Discutir e trazer reflex\u00f5es sobre a sa\u00fade mental \u00e9 uma das propostas do 8\u00ba F\u00f3rum de Mobiliza\u00e7\u00e3o Antimanicomial, que ser\u00e1 realizado pelo N\u00facleo de Mobiliza\u00e7\u00e3o Antimanicomial do Sert\u00e3o (Numans), da Universidade Federal do Vale do S\u00e3o Francisco (Univasf). O evento acontecer\u00e1 de 15 a 17 de maio no Complexo Multieventos, Campus Juazeiro. As inscri\u00e7\u00f5es s\u00e3o gratuitas e j\u00e1 est\u00e3o abertas. O prazo para submiss\u00e3o de trabalhos vai at\u00e9 10 de abril. O F\u00f3rum est\u00e1 direcionado aos profissionais da rede do sistema de sa\u00fade mental, usu\u00e1rios, professores e estudantes da \u00e1rea da Sa\u00fade. \u00a0Para participar \u00e9 preciso preencher o\u00a0formul\u00e1rio online. Quem deseja apresentar trabalhos deve consultar as\u00a0normas de submiss\u00e3o, dispon\u00edveis no site do evento. Para a professora do Colegiado de Psicologia&hellip;","og_url":"https:\/\/blogdofarnesio.com.br\/?p=193657","og_site_name":"Blog do Farn\u00e9sio","article_publisher":"https:\/\/www.facebook.com\/BlogQuerSaberPolitica\/","article_published_time":"2018-04-06T18:20:15+00:00","og_image":[{"width":536,"height":768,"url":"https:\/\/blogdofarnesio.com.br\/wp-content\/uploads\/2018\/04\/blogqsp-forum.png","type":"image\/png"}],"author":"Farn\u00e9sio","twitter_card":"summary_large_image","twitter_misc":{"Escrito por":"Farn\u00e9sio","Est. tempo de leitura":"2 minutos"},"schema":{"@context":"https:\/\/schema.org","@graph":[{"@type":"Article","@id":"https:\/\/blogdofarnesio.com.br\/?p=193657#article","isPartOf":{"@id":"https:\/\/blogdofarnesio.com.br\/?p=193657"},"author":{"name":"Farn\u00e9sio","@id":"https:\/\/blogdofarnesio.com.br\/#\/schema\/person\/301c4acf522bccbfdb45af95b5b906a1"},"headline":"8\u00ba F\u00d3RUM DE MOBILIZA\u00c7\u00c3O ANTIMANICOMIAL EST\u00c1 COM INSCRI\u00c7\u00d5ES ABERTAS","datePublished":"2018-04-06T18:20:15+00:00","mainEntityOfPage":{"@id":"https:\/\/blogdofarnesio.com.br\/?p=193657"},"wordCount":374,"publisher":{"@id":"https:\/\/blogdofarnesio.com.br\/#organization"},"image":{"@id":"https:\/\/blogdofarnesio.com.br\/?p=193657#primaryimage"},"thumbnailUrl":"https:\/\/blogdofarnesio.com.br\/wp-content\/uploads\/2018\/04\/blogqsp-forum.png","articleSection":["Administra\u00e7\u00e3o"],"inLanguage":"pt-BR"},{"@type":"WebPage","@id":"https:\/\/blogdofarnesio.com.br\/?p=193657","url":"https:\/\/blogdofarnesio.com.br\/?p=193657","name":"8\u00ba F\u00d3RUM DE MOBILIZA\u00c7\u00c3O ANTIMANICOMIAL EST\u00c1 COM INSCRI\u00c7\u00d5ES ABERTAS - Blog do Farn\u00e9sio","isPartOf":{"@id":"https:\/\/blogdofarnesio.com.br\/#website"},"primaryImageOfPage":{"@id":"https:\/\/blogdofarnesio.com.br\/?p=193657#primaryimage"},"image":{"@id":"https:\/\/blogdofarnesio.com.br\/?p=193657#primaryimage"},"thumbnailUrl":"https:\/\/blogdofarnesio.com.br\/wp-content\/uploads\/2018\/04\/blogqsp-forum.png","datePublished":"2018-04-06T18:20:15+00:00","breadcrumb":{"@id":"https:\/\/blogdofarnesio.com.br\/?p=193657#breadcrumb"},"inLanguage":"pt-BR","potentialAction":[{"@type":"ReadAction","target":["https:\/\/blogdofarnesio.com.br\/?p=193657"]}]},{"@type":"ImageObject","inLanguage":"pt-BR","@id":"https:\/\/blogdofarnesio.com.br\/?p=193657#primaryimage","url":"https:\/\/blogdofarnesio.com.br\/wp-content\/uploads\/2018\/04\/blogqsp-forum.png","contentUrl":"https:\/\/blogdofarnesio.com.br\/wp-content\/uploads\/2018\/04\/blogqsp-forum.png","width":536,"height":768},{"@type":"BreadcrumbList","@id":"https:\/\/blogdofarnesio.com.br\/?p=193657#breadcrumb","itemListElement":[{"@type":"ListItem","position":1,"name":"In\u00edcio","item":"https:\/\/blogdofarnesio.com.br\/"},{"@type":"ListItem","position":2,"name":"8\u00ba F\u00d3RUM DE MOBILIZA\u00c7\u00c3O ANTIMANICOMIAL EST\u00c1 COM INSCRI\u00c7\u00d5ES ABERTAS"}]},{"@type":"WebSite","@id":"https:\/\/blogdofarnesio.com.br\/#website","url":"https:\/\/blogdofarnesio.com.br\/","name":"Blog do Farn\u00e9sio","description":"Quer Saber Pol\u00edtica?","publisher":{"@id":"https:\/\/blogdofarnesio.com.br\/#organization"},"potentialAction":[{"@type":"SearchAction","target":{"@type":"EntryPoint","urlTemplate":"https:\/\/blogdofarnesio.com.br\/?s={search_term_string}"},"query-input":{"@type":"PropertyValueSpecification","valueRequired":true,"valueName":"search_term_string"}}],"inLanguage":"pt-BR"},{"@type":"Organization","@id":"https:\/\/blogdofarnesio.com.br\/#organization","name":"Blog do Farn\u00e9sio","url":"https:\/\/blogdofarnesio.com.br\/","logo":{"@type":"ImageObject","inLanguage":"pt-BR","@id":"https:\/\/blogdofarnesio.com.br\/#\/schema\/logo\/image\/","url":"https:\/\/blogdofarnesio.com.br\/wp-content\/uploads\/2026\/03\/cropped-logo_new-1.png","contentUrl":"https:\/\/blogdofarnesio.com.br\/wp-content\/uploads\/2026\/03\/cropped-logo_new-1.png","width":881,"height":685,"caption":"Blog do Farn\u00e9sio"},"image":{"@id":"https:\/\/blogdofarnesio.com.br\/#\/schema\/logo\/image\/"},"sameAs":["https:\/\/www.facebook.com\/BlogQuerSaberPolitica\/"]},{"@type":"Person","@id":"https:\/\/blogdofarnesio.com.br\/#\/schema\/person\/301c4acf522bccbfdb45af95b5b906a1","name":"Farn\u00e9sio","image":{"@type":"ImageObject","inLanguage":"pt-BR","@id":"https:\/\/secure.gravatar.com\/avatar\/df0c9a14567c056f8ad6876ba5bbd1e3e2c48023eb6807342fc4663adf549f38?s=96&d=mm&r=g","url":"https:\/\/secure.gravatar.com\/avatar\/df0c9a14567c056f8ad6876ba5bbd1e3e2c48023eb6807342fc4663adf549f38?s=96&d=mm&r=g","contentUrl":"https:\/\/secure.gravatar.com\/avatar\/df0c9a14567c056f8ad6876ba5bbd1e3e2c48023eb6807342fc4663adf549f38?s=96&d=mm&r=g","caption":"Farn\u00e9sio"},"sameAs":["https:\/\/quersaberpolitica.com.br"],"url":"https:\/\/blogdofarnesio.com.br\/?author=1"}]}},"_links":{"self":[{"href":"https:\/\/blogdofarnesio.com.br\/index.php?rest_route=\/wp\/v2\/posts\/193657","targetHints":{"allow":["GET"]}}],"collection":[{"href":"https:\/\/blogdofarnesio.com.br\/index.php?rest_route=\/wp\/v2\/posts"}],"about":[{"href":"https:\/\/blogdofarnesio.com.br\/index.php?rest_route=\/wp\/v2\/types\/post"}],"author":[{"embeddable":true,"href":"https:\/\/blogdofarnesio.com.br\/index.php?rest_route=\/wp\/v2\/users\/1"}],"replies":[{"embeddable":true,"href":"https:\/\/blogdofarnesio.com.br\/index.php?rest_route=%2Fwp%2Fv2%2Fcomments&post=193657"}],"version-history":[{"count":0,"href":"https:\/\/blogdofarnesio.com.br\/index.php?rest_route=\/wp\/v2\/posts\/193657\/revisions"}],"wp:featuredmedia":[{"embeddable":true,"href":"https:\/\/blogdofarnesio.com.br\/index.php?rest_route=\/wp\/v2\/media\/193658"}],"wp:attachment":[{"href":"https:\/\/blogdofarnesio.com.br\/index.php?rest_route=%2Fwp%2Fv2%2Fmedia&parent=193657"}],"wp:term":[{"taxonomy":"category","embeddable":true,"href":"https:\/\/blogdofarnesio.com.br\/index.php?rest_route=%2Fwp%2Fv2%2Fcategories&post=193657"},{"taxonomy":"post_tag","embeddable":true,"href":"https:\/\/blogdofarnesio.com.br\/index.php?rest_route=%2Fwp%2Fv2%2Ftags&post=193657"}],"curies":[{"name":"wp","href":"https:\/\/api.w.org\/{rel}","templated":true}]}}