{"id":193576,"date":"2018-04-06T14:20:27","date_gmt":"2018-04-06T17:20:27","guid":{"rendered":"http:\/\/quersaberpolitica.com.br\/2016\/?p=193576"},"modified":"2018-04-05T22:08:57","modified_gmt":"2018-04-06T01:08:57","slug":"adeap-discute-projeto-de-implantacao-de-fabrica-de-ovos-no-distrito-itamotinga","status":"publish","type":"post","link":"https:\/\/blogdofarnesio.com.br\/?p=193576","title":{"rendered":"ADEAP DISCUTE PROJETO DE IMPLANTA\u00c7\u00c3O DE F\u00c1BRICA DE OVOS NO DISTRITO ITAMOTINGA"},"content":{"rendered":"<p style=\"text-align: justify;\">Lene Radina\/ ASCOM ADEAP<\/p>\n<p style=\"text-align: justify;\">O secret\u00e1rio de Desenvolvimento Econ\u00f4mico, Agricultura e Pecu\u00e1ria, Tiano Felix, participou na \u00faltima quarta-feira (04), em Cacimba do Silva, distrito de Itamotinga; de reuni\u00e3o com representantes da associa\u00e7\u00e3o local e do Servi\u00e7o Territorial de Apoio \u00e0 Agricultura Familiar \u2013 SETAF de Juazeiro, para discutir a poss\u00edvel implanta\u00e7\u00e3o de uma f\u00e1brica de beneficiamento de ovos naquela comunidade.<\/p>\n<p style=\"text-align: justify;\">A regi\u00e3o de Cacimba do Silva \u00e9 destaque na cria\u00e7\u00e3o de galinhas, atrav\u00e9s da Cooperativa dos Empreendedores Rurais de Cacimba do Silva e regi\u00e3o (COOPERCAR). A atividade que tem crescido consideravelmente agrega valor \u00e0 economia local, contribuindo para gera\u00e7\u00e3o de emprego e renda do munic\u00edpio. \u201cOs integrantes da cooperativa possuem criat\u00f3rios de galinhas em suas propriedades, que produzem cerca de cinco mil ovos por dia. Essa atividade tem ajudado na renda semanal dos associados\u201d, informou o presidente da Cooperativa M\u00e1rcio Irivan.<\/p>\n<p style=\"text-align: justify;\">M\u00e1rcio tamb\u00e9m explicou que a implanta\u00e7\u00e3o da f\u00e1brica ser\u00e1 de grande import\u00e2ncia para a regi\u00e3o, \u201cpois ir\u00e1 profissionalizar e elevar a produ\u00e7\u00e3o dos ovos, possibilitando a comercializa\u00e7\u00e3o para outras comunidades e at\u00e9 mesmo outros munic\u00edpios\u201d, disse.<\/p>\n<p style=\"text-align: justify;\">De acordo com o secret\u00e1rio Tiano Felix, a poss\u00edvel implanta\u00e7\u00e3o da f\u00e1brica de beneficiamento de ovos, no distrito de Itamotinga, ser\u00e1 um avan\u00e7o para os pequenos produtores. \u201c\u00c9 uma forma de valorizar, ampliar e profissionalizar a atividade desenvolvida pelos produtores locais. A cria\u00e7\u00e3o de galinhas e produ\u00e7\u00e3o de ovos \u00e9 algo relativamente novo, por\u00e9m \u00e9 uma alternativa econ\u00f4mica vi\u00e1vel que tem possibilitado o aumento da renda familiar e a melhoria de vida dessas pessoas. Estamos empolgados com essa nova possibilidade\u201d, observou Tiano.<\/p>\n<p style=\"text-align: justify;\">A princ\u00edpio a f\u00e1brica de beneficiamento de ovos ter\u00e1 capacidade de processamento de mais de 5 mil ovos\/dia, com possibilidade real de crescimento. Ela ir\u00e1 trabalhar na lavagem, secagem, classifica\u00e7\u00e3o e embalagem dos produtos.<\/p>\n","protected":false},"excerpt":{"rendered":"<p>Lene Radina\/ ASCOM ADEAP O secret\u00e1rio de Desenvolvimento Econ\u00f4mico, Agricultura e Pecu\u00e1ria, Tiano Felix, participou na \u00faltima quarta-feira (04), em Cacimba do Silva, distrito de Itamotinga; de reuni\u00e3o com representantes da associa\u00e7\u00e3o local e do Servi\u00e7o Territorial de Apoio \u00e0 Agricultura Familiar \u2013 SETAF de Juazeiro, para discutir a poss\u00edvel implanta\u00e7\u00e3o de uma f\u00e1brica de beneficiamento de ovos naquela comunidade. A regi\u00e3o de Cacimba do Silva \u00e9 destaque na cria\u00e7\u00e3o de galinhas, atrav\u00e9s da Cooperativa dos Empreendedores Rurais de Cacimba do Silva e regi\u00e3o (COOPERCAR). A atividade que tem crescido consideravelmente agrega valor \u00e0 economia local, contribuindo para gera\u00e7\u00e3o de emprego e renda do munic\u00edpio. \u201cOs integrantes da cooperativa possuem criat\u00f3rios de galinhas em suas propriedades, que produzem cerca de&hellip; <\/p>\n","protected":false},"author":1,"featured_media":193578,"comment_status":"closed","ping_status":"closed","sticky":false,"template":"","format":"standard","meta":{"_acf_changed":false,"footnotes":""},"categories":[44],"tags":[],"class_list":["post-193576","post","type-post","status-publish","format-standard","has-post-thumbnail","hentry","category-administracao"],"acf":[],"yoast_head":"<!-- This site is optimized with the Yoast SEO plugin v27.4 - https:\/\/yoast.com\/product\/yoast-seo-wordpress\/ -->\n<title>ADEAP DISCUTE PROJETO DE IMPLANTA\u00c7\u00c3O DE F\u00c1BRICA DE OVOS NO DISTRITO ITAMOTINGA - Blog do Farn\u00e9sio<\/title>\n<meta name=\"robots\" content=\"index, follow, max-snippet:-1, max-image-preview:large, max-video-preview:-1\" \/>\n<link rel=\"canonical\" href=\"https:\/\/blogdofarnesio.com.br\/?p=193576\" \/>\n<meta property=\"og:locale\" content=\"pt_BR\" \/>\n<meta property=\"og:type\" content=\"article\" \/>\n<meta property=\"og:title\" content=\"ADEAP DISCUTE PROJETO DE IMPLANTA\u00c7\u00c3O DE F\u00c1BRICA DE OVOS NO DISTRITO ITAMOTINGA - Blog do Farn\u00e9sio\" \/>\n<meta property=\"og:description\" content=\"Lene Radina\/ ASCOM ADEAP O secret\u00e1rio de Desenvolvimento Econ\u00f4mico, Agricultura e Pecu\u00e1ria, Tiano Felix, participou na \u00faltima quarta-feira (04), em Cacimba do Silva, distrito de Itamotinga; de reuni\u00e3o com representantes da associa\u00e7\u00e3o local e do Servi\u00e7o Territorial de Apoio \u00e0 Agricultura Familiar \u2013 SETAF de Juazeiro, para discutir a poss\u00edvel implanta\u00e7\u00e3o de uma f\u00e1brica de beneficiamento de ovos naquela comunidade. A regi\u00e3o de Cacimba do Silva \u00e9 destaque na cria\u00e7\u00e3o de galinhas, atrav\u00e9s da Cooperativa dos Empreendedores Rurais de Cacimba do Silva e regi\u00e3o (COOPERCAR). A atividade que tem crescido consideravelmente agrega valor \u00e0 economia local, contribuindo para gera\u00e7\u00e3o de emprego e renda do munic\u00edpio. \u201cOs integrantes da cooperativa possuem criat\u00f3rios de galinhas em suas propriedades, que produzem cerca de&hellip;\" \/>\n<meta property=\"og:url\" content=\"https:\/\/blogdofarnesio.com.br\/?p=193576\" \/>\n<meta property=\"og:site_name\" content=\"Blog do Farn\u00e9sio\" \/>\n<meta property=\"article:publisher\" content=\"https:\/\/www.facebook.com\/BlogQuerSaberPolitica\/\" \/>\n<meta property=\"article:published_time\" content=\"2018-04-06T17:20:27+00:00\" \/>\n<meta property=\"og:image\" content=\"https:\/\/blogdofarnesio.com.br\/wp-content\/uploads\/2018\/04\/blogqsp-Implanta\u00e7\u00e3o-f\u00e1brica-ovos-1.jpeg\" \/>\n\t<meta property=\"og:image:width\" content=\"640\" \/>\n\t<meta property=\"og:image:height\" content=\"360\" \/>\n\t<meta property=\"og:image:type\" content=\"image\/jpeg\" \/>\n<meta name=\"author\" content=\"Farn\u00e9sio\" \/>\n<meta name=\"twitter:card\" content=\"summary_large_image\" \/>\n<meta name=\"twitter:label1\" content=\"Escrito por\" \/>\n\t<meta name=\"twitter:data1\" content=\"Farn\u00e9sio\" \/>\n\t<meta name=\"twitter:label2\" content=\"Est. tempo de leitura\" \/>\n\t<meta name=\"twitter:data2\" content=\"2 minutos\" \/>\n<script type=\"application\/ld+json\" class=\"yoast-schema-graph\">{\"@context\":\"https:\\\/\\\/schema.org\",\"@graph\":[{\"@type\":\"Article\",\"@id\":\"https:\\\/\\\/blogdofarnesio.com.br\\\/?p=193576#article\",\"isPartOf\":{\"@id\":\"https:\\\/\\\/blogdofarnesio.com.br\\\/?p=193576\"},\"author\":{\"name\":\"Farn\u00e9sio\",\"@id\":\"https:\\\/\\\/blogdofarnesio.com.br\\\/#\\\/schema\\\/person\\\/301c4acf522bccbfdb45af95b5b906a1\"},\"headline\":\"ADEAP DISCUTE PROJETO DE IMPLANTA\u00c7\u00c3O DE F\u00c1BRICA DE OVOS NO DISTRITO ITAMOTINGA\",\"datePublished\":\"2018-04-06T17:20:27+00:00\",\"mainEntityOfPage\":{\"@id\":\"https:\\\/\\\/blogdofarnesio.com.br\\\/?p=193576\"},\"wordCount\":338,\"publisher\":{\"@id\":\"https:\\\/\\\/blogdofarnesio.com.br\\\/#organization\"},\"image\":{\"@id\":\"https:\\\/\\\/blogdofarnesio.com.br\\\/?p=193576#primaryimage\"},\"thumbnailUrl\":\"https:\\\/\\\/blogdofarnesio.com.br\\\/wp-content\\\/uploads\\\/2018\\\/04\\\/blogqsp-Implanta\u00e7\u00e3o-f\u00e1brica-ovos-1.jpeg\",\"articleSection\":[\"Administra\u00e7\u00e3o\"],\"inLanguage\":\"pt-BR\"},{\"@type\":\"WebPage\",\"@id\":\"https:\\\/\\\/blogdofarnesio.com.br\\\/?p=193576\",\"url\":\"https:\\\/\\\/blogdofarnesio.com.br\\\/?p=193576\",\"name\":\"ADEAP DISCUTE PROJETO DE IMPLANTA\u00c7\u00c3O DE F\u00c1BRICA DE OVOS NO DISTRITO ITAMOTINGA - Blog do Farn\u00e9sio\",\"isPartOf\":{\"@id\":\"https:\\\/\\\/blogdofarnesio.com.br\\\/#website\"},\"primaryImageOfPage\":{\"@id\":\"https:\\\/\\\/blogdofarnesio.com.br\\\/?p=193576#primaryimage\"},\"image\":{\"@id\":\"https:\\\/\\\/blogdofarnesio.com.br\\\/?p=193576#primaryimage\"},\"thumbnailUrl\":\"https:\\\/\\\/blogdofarnesio.com.br\\\/wp-content\\\/uploads\\\/2018\\\/04\\\/blogqsp-Implanta\u00e7\u00e3o-f\u00e1brica-ovos-1.jpeg\",\"datePublished\":\"2018-04-06T17:20:27+00:00\",\"breadcrumb\":{\"@id\":\"https:\\\/\\\/blogdofarnesio.com.br\\\/?p=193576#breadcrumb\"},\"inLanguage\":\"pt-BR\",\"potentialAction\":[{\"@type\":\"ReadAction\",\"target\":[\"https:\\\/\\\/blogdofarnesio.com.br\\\/?p=193576\"]}]},{\"@type\":\"ImageObject\",\"inLanguage\":\"pt-BR\",\"@id\":\"https:\\\/\\\/blogdofarnesio.com.br\\\/?p=193576#primaryimage\",\"url\":\"https:\\\/\\\/blogdofarnesio.com.br\\\/wp-content\\\/uploads\\\/2018\\\/04\\\/blogqsp-Implanta\u00e7\u00e3o-f\u00e1brica-ovos-1.jpeg\",\"contentUrl\":\"https:\\\/\\\/blogdofarnesio.com.br\\\/wp-content\\\/uploads\\\/2018\\\/04\\\/blogqsp-Implanta\u00e7\u00e3o-f\u00e1brica-ovos-1.jpeg\",\"width\":640,\"height\":360},{\"@type\":\"BreadcrumbList\",\"@id\":\"https:\\\/\\\/blogdofarnesio.com.br\\\/?p=193576#breadcrumb\",\"itemListElement\":[{\"@type\":\"ListItem\",\"position\":1,\"name\":\"In\u00edcio\",\"item\":\"https:\\\/\\\/blogdofarnesio.com.br\\\/\"},{\"@type\":\"ListItem\",\"position\":2,\"name\":\"ADEAP DISCUTE PROJETO DE IMPLANTA\u00c7\u00c3O DE F\u00c1BRICA DE OVOS NO DISTRITO ITAMOTINGA\"}]},{\"@type\":\"WebSite\",\"@id\":\"https:\\\/\\\/blogdofarnesio.com.br\\\/#website\",\"url\":\"https:\\\/\\\/blogdofarnesio.com.br\\\/\",\"name\":\"Blog do Farn\u00e9sio\",\"description\":\"Quer Saber Pol\u00edtica?\",\"publisher\":{\"@id\":\"https:\\\/\\\/blogdofarnesio.com.br\\\/#organization\"},\"potentialAction\":[{\"@type\":\"SearchAction\",\"target\":{\"@type\":\"EntryPoint\",\"urlTemplate\":\"https:\\\/\\\/blogdofarnesio.com.br\\\/?s={search_term_string}\"},\"query-input\":{\"@type\":\"PropertyValueSpecification\",\"valueRequired\":true,\"valueName\":\"search_term_string\"}}],\"inLanguage\":\"pt-BR\"},{\"@type\":\"Organization\",\"@id\":\"https:\\\/\\\/blogdofarnesio.com.br\\\/#organization\",\"name\":\"Blog do Farn\u00e9sio\",\"url\":\"https:\\\/\\\/blogdofarnesio.com.br\\\/\",\"logo\":{\"@type\":\"ImageObject\",\"inLanguage\":\"pt-BR\",\"@id\":\"https:\\\/\\\/blogdofarnesio.com.br\\\/#\\\/schema\\\/logo\\\/image\\\/\",\"url\":\"https:\\\/\\\/blogdofarnesio.com.br\\\/wp-content\\\/uploads\\\/2026\\\/03\\\/cropped-logo_new-1.png\",\"contentUrl\":\"https:\\\/\\\/blogdofarnesio.com.br\\\/wp-content\\\/uploads\\\/2026\\\/03\\\/cropped-logo_new-1.png\",\"width\":881,\"height\":685,\"caption\":\"Blog do Farn\u00e9sio\"},\"image\":{\"@id\":\"https:\\\/\\\/blogdofarnesio.com.br\\\/#\\\/schema\\\/logo\\\/image\\\/\"},\"sameAs\":[\"https:\\\/\\\/www.facebook.com\\\/BlogQuerSaberPolitica\\\/\"]},{\"@type\":\"Person\",\"@id\":\"https:\\\/\\\/blogdofarnesio.com.br\\\/#\\\/schema\\\/person\\\/301c4acf522bccbfdb45af95b5b906a1\",\"name\":\"Farn\u00e9sio\",\"image\":{\"@type\":\"ImageObject\",\"inLanguage\":\"pt-BR\",\"@id\":\"https:\\\/\\\/secure.gravatar.com\\\/avatar\\\/df0c9a14567c056f8ad6876ba5bbd1e3e2c48023eb6807342fc4663adf549f38?s=96&d=mm&r=g\",\"url\":\"https:\\\/\\\/secure.gravatar.com\\\/avatar\\\/df0c9a14567c056f8ad6876ba5bbd1e3e2c48023eb6807342fc4663adf549f38?s=96&d=mm&r=g\",\"contentUrl\":\"https:\\\/\\\/secure.gravatar.com\\\/avatar\\\/df0c9a14567c056f8ad6876ba5bbd1e3e2c48023eb6807342fc4663adf549f38?s=96&d=mm&r=g\",\"caption\":\"Farn\u00e9sio\"},\"sameAs\":[\"https:\\\/\\\/quersaberpolitica.com.br\"],\"url\":\"https:\\\/\\\/blogdofarnesio.com.br\\\/?author=1\"}]}<\/script>\n<!-- \/ Yoast SEO plugin. -->","yoast_head_json":{"title":"ADEAP DISCUTE PROJETO DE IMPLANTA\u00c7\u00c3O DE F\u00c1BRICA DE OVOS NO DISTRITO ITAMOTINGA - Blog do Farn\u00e9sio","robots":{"index":"index","follow":"follow","max-snippet":"max-snippet:-1","max-image-preview":"max-image-preview:large","max-video-preview":"max-video-preview:-1"},"canonical":"https:\/\/blogdofarnesio.com.br\/?p=193576","og_locale":"pt_BR","og_type":"article","og_title":"ADEAP DISCUTE PROJETO DE IMPLANTA\u00c7\u00c3O DE F\u00c1BRICA DE OVOS NO DISTRITO ITAMOTINGA - Blog do Farn\u00e9sio","og_description":"Lene Radina\/ ASCOM ADEAP O secret\u00e1rio de Desenvolvimento Econ\u00f4mico, Agricultura e Pecu\u00e1ria, Tiano Felix, participou na \u00faltima quarta-feira (04), em Cacimba do Silva, distrito de Itamotinga; de reuni\u00e3o com representantes da associa\u00e7\u00e3o local e do Servi\u00e7o Territorial de Apoio \u00e0 Agricultura Familiar \u2013 SETAF de Juazeiro, para discutir a poss\u00edvel implanta\u00e7\u00e3o de uma f\u00e1brica de beneficiamento de ovos naquela comunidade. A regi\u00e3o de Cacimba do Silva \u00e9 destaque na cria\u00e7\u00e3o de galinhas, atrav\u00e9s da Cooperativa dos Empreendedores Rurais de Cacimba do Silva e regi\u00e3o (COOPERCAR). A atividade que tem crescido consideravelmente agrega valor \u00e0 economia local, contribuindo para gera\u00e7\u00e3o de emprego e renda do munic\u00edpio. \u201cOs integrantes da cooperativa possuem criat\u00f3rios de galinhas em suas propriedades, que produzem cerca de&hellip;","og_url":"https:\/\/blogdofarnesio.com.br\/?p=193576","og_site_name":"Blog do Farn\u00e9sio","article_publisher":"https:\/\/www.facebook.com\/BlogQuerSaberPolitica\/","article_published_time":"2018-04-06T17:20:27+00:00","og_image":[{"width":640,"height":360,"url":"https:\/\/blogdofarnesio.com.br\/wp-content\/uploads\/2018\/04\/blogqsp-Implanta\u00e7\u00e3o-f\u00e1brica-ovos-1.jpeg","type":"image\/jpeg"}],"author":"Farn\u00e9sio","twitter_card":"summary_large_image","twitter_misc":{"Escrito por":"Farn\u00e9sio","Est. tempo de leitura":"2 minutos"},"schema":{"@context":"https:\/\/schema.org","@graph":[{"@type":"Article","@id":"https:\/\/blogdofarnesio.com.br\/?p=193576#article","isPartOf":{"@id":"https:\/\/blogdofarnesio.com.br\/?p=193576"},"author":{"name":"Farn\u00e9sio","@id":"https:\/\/blogdofarnesio.com.br\/#\/schema\/person\/301c4acf522bccbfdb45af95b5b906a1"},"headline":"ADEAP DISCUTE PROJETO DE IMPLANTA\u00c7\u00c3O DE F\u00c1BRICA DE OVOS NO DISTRITO ITAMOTINGA","datePublished":"2018-04-06T17:20:27+00:00","mainEntityOfPage":{"@id":"https:\/\/blogdofarnesio.com.br\/?p=193576"},"wordCount":338,"publisher":{"@id":"https:\/\/blogdofarnesio.com.br\/#organization"},"image":{"@id":"https:\/\/blogdofarnesio.com.br\/?p=193576#primaryimage"},"thumbnailUrl":"https:\/\/blogdofarnesio.com.br\/wp-content\/uploads\/2018\/04\/blogqsp-Implanta\u00e7\u00e3o-f\u00e1brica-ovos-1.jpeg","articleSection":["Administra\u00e7\u00e3o"],"inLanguage":"pt-BR"},{"@type":"WebPage","@id":"https:\/\/blogdofarnesio.com.br\/?p=193576","url":"https:\/\/blogdofarnesio.com.br\/?p=193576","name":"ADEAP DISCUTE PROJETO DE IMPLANTA\u00c7\u00c3O DE F\u00c1BRICA DE OVOS NO DISTRITO ITAMOTINGA - Blog do Farn\u00e9sio","isPartOf":{"@id":"https:\/\/blogdofarnesio.com.br\/#website"},"primaryImageOfPage":{"@id":"https:\/\/blogdofarnesio.com.br\/?p=193576#primaryimage"},"image":{"@id":"https:\/\/blogdofarnesio.com.br\/?p=193576#primaryimage"},"thumbnailUrl":"https:\/\/blogdofarnesio.com.br\/wp-content\/uploads\/2018\/04\/blogqsp-Implanta\u00e7\u00e3o-f\u00e1brica-ovos-1.jpeg","datePublished":"2018-04-06T17:20:27+00:00","breadcrumb":{"@id":"https:\/\/blogdofarnesio.com.br\/?p=193576#breadcrumb"},"inLanguage":"pt-BR","potentialAction":[{"@type":"ReadAction","target":["https:\/\/blogdofarnesio.com.br\/?p=193576"]}]},{"@type":"ImageObject","inLanguage":"pt-BR","@id":"https:\/\/blogdofarnesio.com.br\/?p=193576#primaryimage","url":"https:\/\/blogdofarnesio.com.br\/wp-content\/uploads\/2018\/04\/blogqsp-Implanta\u00e7\u00e3o-f\u00e1brica-ovos-1.jpeg","contentUrl":"https:\/\/blogdofarnesio.com.br\/wp-content\/uploads\/2018\/04\/blogqsp-Implanta\u00e7\u00e3o-f\u00e1brica-ovos-1.jpeg","width":640,"height":360},{"@type":"BreadcrumbList","@id":"https:\/\/blogdofarnesio.com.br\/?p=193576#breadcrumb","itemListElement":[{"@type":"ListItem","position":1,"name":"In\u00edcio","item":"https:\/\/blogdofarnesio.com.br\/"},{"@type":"ListItem","position":2,"name":"ADEAP DISCUTE PROJETO DE IMPLANTA\u00c7\u00c3O DE F\u00c1BRICA DE OVOS NO DISTRITO ITAMOTINGA"}]},{"@type":"WebSite","@id":"https:\/\/blogdofarnesio.com.br\/#website","url":"https:\/\/blogdofarnesio.com.br\/","name":"Blog do Farn\u00e9sio","description":"Quer Saber Pol\u00edtica?","publisher":{"@id":"https:\/\/blogdofarnesio.com.br\/#organization"},"potentialAction":[{"@type":"SearchAction","target":{"@type":"EntryPoint","urlTemplate":"https:\/\/blogdofarnesio.com.br\/?s={search_term_string}"},"query-input":{"@type":"PropertyValueSpecification","valueRequired":true,"valueName":"search_term_string"}}],"inLanguage":"pt-BR"},{"@type":"Organization","@id":"https:\/\/blogdofarnesio.com.br\/#organization","name":"Blog do Farn\u00e9sio","url":"https:\/\/blogdofarnesio.com.br\/","logo":{"@type":"ImageObject","inLanguage":"pt-BR","@id":"https:\/\/blogdofarnesio.com.br\/#\/schema\/logo\/image\/","url":"https:\/\/blogdofarnesio.com.br\/wp-content\/uploads\/2026\/03\/cropped-logo_new-1.png","contentUrl":"https:\/\/blogdofarnesio.com.br\/wp-content\/uploads\/2026\/03\/cropped-logo_new-1.png","width":881,"height":685,"caption":"Blog do Farn\u00e9sio"},"image":{"@id":"https:\/\/blogdofarnesio.com.br\/#\/schema\/logo\/image\/"},"sameAs":["https:\/\/www.facebook.com\/BlogQuerSaberPolitica\/"]},{"@type":"Person","@id":"https:\/\/blogdofarnesio.com.br\/#\/schema\/person\/301c4acf522bccbfdb45af95b5b906a1","name":"Farn\u00e9sio","image":{"@type":"ImageObject","inLanguage":"pt-BR","@id":"https:\/\/secure.gravatar.com\/avatar\/df0c9a14567c056f8ad6876ba5bbd1e3e2c48023eb6807342fc4663adf549f38?s=96&d=mm&r=g","url":"https:\/\/secure.gravatar.com\/avatar\/df0c9a14567c056f8ad6876ba5bbd1e3e2c48023eb6807342fc4663adf549f38?s=96&d=mm&r=g","contentUrl":"https:\/\/secure.gravatar.com\/avatar\/df0c9a14567c056f8ad6876ba5bbd1e3e2c48023eb6807342fc4663adf549f38?s=96&d=mm&r=g","caption":"Farn\u00e9sio"},"sameAs":["https:\/\/quersaberpolitica.com.br"],"url":"https:\/\/blogdofarnesio.com.br\/?author=1"}]}},"_links":{"self":[{"href":"https:\/\/blogdofarnesio.com.br\/index.php?rest_route=\/wp\/v2\/posts\/193576","targetHints":{"allow":["GET"]}}],"collection":[{"href":"https:\/\/blogdofarnesio.com.br\/index.php?rest_route=\/wp\/v2\/posts"}],"about":[{"href":"https:\/\/blogdofarnesio.com.br\/index.php?rest_route=\/wp\/v2\/types\/post"}],"author":[{"embeddable":true,"href":"https:\/\/blogdofarnesio.com.br\/index.php?rest_route=\/wp\/v2\/users\/1"}],"replies":[{"embeddable":true,"href":"https:\/\/blogdofarnesio.com.br\/index.php?rest_route=%2Fwp%2Fv2%2Fcomments&post=193576"}],"version-history":[{"count":0,"href":"https:\/\/blogdofarnesio.com.br\/index.php?rest_route=\/wp\/v2\/posts\/193576\/revisions"}],"wp:featuredmedia":[{"embeddable":true,"href":"https:\/\/blogdofarnesio.com.br\/index.php?rest_route=\/wp\/v2\/media\/193578"}],"wp:attachment":[{"href":"https:\/\/blogdofarnesio.com.br\/index.php?rest_route=%2Fwp%2Fv2%2Fmedia&parent=193576"}],"wp:term":[{"taxonomy":"category","embeddable":true,"href":"https:\/\/blogdofarnesio.com.br\/index.php?rest_route=%2Fwp%2Fv2%2Fcategories&post=193576"},{"taxonomy":"post_tag","embeddable":true,"href":"https:\/\/blogdofarnesio.com.br\/index.php?rest_route=%2Fwp%2Fv2%2Ftags&post=193576"}],"curies":[{"name":"wp","href":"https:\/\/api.w.org\/{rel}","templated":true}]}}