{"id":193281,"date":"2018-04-03T10:21:55","date_gmt":"2018-04-03T13:21:55","guid":{"rendered":"http:\/\/quersaberpolitica.com.br\/2016\/?p=193281"},"modified":"2018-04-03T10:19:18","modified_gmt":"2018-04-03T13:19:18","slug":"hrj-convoca-tecnico-de-raio-x-aprovado-e-selecao","status":"publish","type":"post","link":"https:\/\/blogdofarnesio.com.br\/?p=193281","title":{"rendered":"HRJ CONVOCA T\u00c9CNICO DE RAIO X APROVADO E SELE\u00c7\u00c3O"},"content":{"rendered":"<div class=\"td-post-header td-pb-padding-side\">\n<header>\n<h1 class=\"entry-title\"><\/h1>\n<blockquote>\n<div class=\"meta-info\">\n<div class=\"td-post-author-name\"><\/div>\n<\/div>\n<\/blockquote>\n<\/header>\n<\/div>\n<div class=\"td-post-content td-pb-padding-side\">\n<div class=\"td-post-content\">\n<p><strong>O Hospital Regional de Juazeiro-BA (HRJ) divulgou uma nova convoca\u00e7\u00e3o para o cargo de T\u00e9cnico em Radiologia referente ao \u00faltimo processo seletivo realizado pela unidade de sa\u00fade.<\/strong><\/p>\n<p>A convoca\u00e7\u00e3o diz que \u00e9 preciso comparecer ao HRJ at\u00e9 \u00e0s 12h de hoje (3). \u201c<em>Caso contr\u00e1rio, convocaremos os pr\u00f3ximos candidatos do cadastro reserva<\/em>\u201d, explica. A convoca\u00e7\u00e3o est\u00e1 dispon\u00edvel acessando\u00a0<a href=\"http:\/\/www.ouricuriemfoco.com.br\/wp-content\/uploads\/2018\/04\/CONVOCA%C3%87%C3%83O-RADIOLOGIA-1.pdf\">CONVOCA\u00c7\u00c3O-RADIOLOGIA-1<\/a><\/p>\n<\/div>\n<div><\/div>\n<\/div>\n<p><center><ins class=\"adsbygoogle\" data-ad-client=\"ca-pub-7248608359219576\" data-ad-slot=\"8433917903\" data-adsbygoogle-status=\"done\"><ins id=\"aswift_0_expand\"><ins id=\"aswift_0_anchor\"><iframe id=\"aswift_0\" name=\"aswift_0\" width=\"300\" height=\"250\" frameborder=\"0\" marginwidth=\"0\" marginheight=\"0\" scrolling=\"no\" allowfullscreen=\"allowfullscreen\" data-mce-fragment=\"1\"><\/iframe><\/ins><\/ins><\/ins>\u00a0<ins class=\"adsbygoogle\" data-ad-client=\"ca-pub-7248608359219576\" data-ad-slot=\"8433917903\" data-adsbygoogle-status=\"done\"><ins id=\"aswift_1_expand\"><ins id=\"aswift_1_anchor\"><iframe id=\"aswift_1\" name=\"aswift_1\" width=\"300\" height=\"250\" frameborder=\"0\" marginwidth=\"0\" marginheight=\"0\" scrolling=\"no\" allowfullscreen=\"allowfullscreen\" data-mce-fragment=\"1\"><\/iframe><\/ins><\/ins><\/ins><\/center><\/p>\n","protected":false},"excerpt":{"rendered":"<p>O Hospital Regional de Juazeiro-BA (HRJ) divulgou uma nova convoca\u00e7\u00e3o para o cargo de T\u00e9cnico em Radiologia referente ao \u00faltimo processo seletivo realizado pela unidade de sa\u00fade. A convoca\u00e7\u00e3o diz que \u00e9 preciso comparecer ao HRJ at\u00e9 \u00e0s 12h de hoje (3). \u201cCaso contr\u00e1rio, convocaremos os pr\u00f3ximos candidatos do cadastro reserva\u201d, explica. A convoca\u00e7\u00e3o est\u00e1 dispon\u00edvel acessando\u00a0CONVOCA\u00c7\u00c3O-RADIOLOGIA-1 \u00a0<\/p>\n","protected":false},"author":1,"featured_media":145752,"comment_status":"closed","ping_status":"closed","sticky":false,"template":"","format":"standard","meta":{"_acf_changed":false,"footnotes":""},"categories":[31,4],"tags":[],"class_list":["post-193281","post","type-post","status-publish","format-standard","has-post-thumbnail","hentry","category-concursos","category-saude"],"acf":[],"yoast_head":"<!-- This site is optimized with the Yoast SEO plugin v27.4 - https:\/\/yoast.com\/product\/yoast-seo-wordpress\/ -->\n<title>HRJ CONVOCA T\u00c9CNICO DE RAIO X APROVADO E SELE\u00c7\u00c3O - Blog do Farn\u00e9sio<\/title>\n<meta name=\"robots\" content=\"index, follow, max-snippet:-1, max-image-preview:large, max-video-preview:-1\" \/>\n<link rel=\"canonical\" href=\"https:\/\/blogdofarnesio.com.br\/?p=193281\" \/>\n<meta property=\"og:locale\" content=\"pt_BR\" \/>\n<meta property=\"og:type\" content=\"article\" \/>\n<meta property=\"og:title\" content=\"HRJ CONVOCA T\u00c9CNICO DE RAIO X APROVADO E SELE\u00c7\u00c3O - Blog do Farn\u00e9sio\" \/>\n<meta property=\"og:description\" content=\"O Hospital Regional de Juazeiro-BA (HRJ) divulgou uma nova convoca\u00e7\u00e3o para o cargo de T\u00e9cnico em Radiologia referente ao \u00faltimo processo seletivo realizado pela unidade de sa\u00fade. A convoca\u00e7\u00e3o diz que \u00e9 preciso comparecer ao HRJ at\u00e9 \u00e0s 12h de hoje (3). \u201cCaso contr\u00e1rio, convocaremos os pr\u00f3ximos candidatos do cadastro reserva\u201d, explica. A convoca\u00e7\u00e3o est\u00e1 dispon\u00edvel acessando\u00a0CONVOCA\u00c7\u00c3O-RADIOLOGIA-1 \u00a0\" \/>\n<meta property=\"og:url\" content=\"https:\/\/blogdofarnesio.com.br\/?p=193281\" \/>\n<meta property=\"og:site_name\" content=\"Blog do Farn\u00e9sio\" \/>\n<meta property=\"article:publisher\" content=\"https:\/\/www.facebook.com\/BlogQuerSaberPolitica\/\" \/>\n<meta property=\"article:published_time\" content=\"2018-04-03T13:21:55+00:00\" \/>\n<meta property=\"og:image\" content=\"https:\/\/blogdofarnesio.com.br\/wp-content\/uploads\/2016\/07\/blogqsp-hospitalregional.jpg\" \/>\n\t<meta property=\"og:image:width\" content=\"240\" \/>\n\t<meta property=\"og:image:height\" content=\"160\" \/>\n\t<meta property=\"og:image:type\" content=\"image\/jpeg\" \/>\n<meta name=\"author\" content=\"Farn\u00e9sio\" \/>\n<meta name=\"twitter:card\" content=\"summary_large_image\" \/>\n<meta name=\"twitter:label1\" content=\"Escrito por\" \/>\n\t<meta name=\"twitter:data1\" content=\"Farn\u00e9sio\" \/>\n<script type=\"application\/ld+json\" class=\"yoast-schema-graph\">{\"@context\":\"https:\\\/\\\/schema.org\",\"@graph\":[{\"@type\":\"Article\",\"@id\":\"https:\\\/\\\/blogdofarnesio.com.br\\\/?p=193281#article\",\"isPartOf\":{\"@id\":\"https:\\\/\\\/blogdofarnesio.com.br\\\/?p=193281\"},\"author\":{\"name\":\"Farn\u00e9sio\",\"@id\":\"https:\\\/\\\/blogdofarnesio.com.br\\\/#\\\/schema\\\/person\\\/301c4acf522bccbfdb45af95b5b906a1\"},\"headline\":\"HRJ CONVOCA T\u00c9CNICO DE RAIO X APROVADO E SELE\u00c7\u00c3O\",\"datePublished\":\"2018-04-03T13:21:55+00:00\",\"mainEntityOfPage\":{\"@id\":\"https:\\\/\\\/blogdofarnesio.com.br\\\/?p=193281\"},\"wordCount\":76,\"publisher\":{\"@id\":\"https:\\\/\\\/blogdofarnesio.com.br\\\/#organization\"},\"image\":{\"@id\":\"https:\\\/\\\/blogdofarnesio.com.br\\\/?p=193281#primaryimage\"},\"thumbnailUrl\":\"https:\\\/\\\/blogdofarnesio.com.br\\\/wp-content\\\/uploads\\\/2016\\\/07\\\/blogqsp-hospitalregional.jpg\",\"articleSection\":[\"Concursos\",\"Sa\u00fade\"],\"inLanguage\":\"pt-BR\"},{\"@type\":\"WebPage\",\"@id\":\"https:\\\/\\\/blogdofarnesio.com.br\\\/?p=193281\",\"url\":\"https:\\\/\\\/blogdofarnesio.com.br\\\/?p=193281\",\"name\":\"HRJ CONVOCA T\u00c9CNICO DE RAIO X APROVADO E SELE\u00c7\u00c3O - Blog do Farn\u00e9sio\",\"isPartOf\":{\"@id\":\"https:\\\/\\\/blogdofarnesio.com.br\\\/#website\"},\"primaryImageOfPage\":{\"@id\":\"https:\\\/\\\/blogdofarnesio.com.br\\\/?p=193281#primaryimage\"},\"image\":{\"@id\":\"https:\\\/\\\/blogdofarnesio.com.br\\\/?p=193281#primaryimage\"},\"thumbnailUrl\":\"https:\\\/\\\/blogdofarnesio.com.br\\\/wp-content\\\/uploads\\\/2016\\\/07\\\/blogqsp-hospitalregional.jpg\",\"datePublished\":\"2018-04-03T13:21:55+00:00\",\"breadcrumb\":{\"@id\":\"https:\\\/\\\/blogdofarnesio.com.br\\\/?p=193281#breadcrumb\"},\"inLanguage\":\"pt-BR\",\"potentialAction\":[{\"@type\":\"ReadAction\",\"target\":[\"https:\\\/\\\/blogdofarnesio.com.br\\\/?p=193281\"]}]},{\"@type\":\"ImageObject\",\"inLanguage\":\"pt-BR\",\"@id\":\"https:\\\/\\\/blogdofarnesio.com.br\\\/?p=193281#primaryimage\",\"url\":\"https:\\\/\\\/blogdofarnesio.com.br\\\/wp-content\\\/uploads\\\/2016\\\/07\\\/blogqsp-hospitalregional.jpg\",\"contentUrl\":\"https:\\\/\\\/blogdofarnesio.com.br\\\/wp-content\\\/uploads\\\/2016\\\/07\\\/blogqsp-hospitalregional.jpg\",\"width\":240,\"height\":160},{\"@type\":\"BreadcrumbList\",\"@id\":\"https:\\\/\\\/blogdofarnesio.com.br\\\/?p=193281#breadcrumb\",\"itemListElement\":[{\"@type\":\"ListItem\",\"position\":1,\"name\":\"In\u00edcio\",\"item\":\"https:\\\/\\\/blogdofarnesio.com.br\\\/\"},{\"@type\":\"ListItem\",\"position\":2,\"name\":\"HRJ CONVOCA T\u00c9CNICO DE RAIO X APROVADO E SELE\u00c7\u00c3O\"}]},{\"@type\":\"WebSite\",\"@id\":\"https:\\\/\\\/blogdofarnesio.com.br\\\/#website\",\"url\":\"https:\\\/\\\/blogdofarnesio.com.br\\\/\",\"name\":\"Blog do Farn\u00e9sio\",\"description\":\"Quer Saber Pol\u00edtica?\",\"publisher\":{\"@id\":\"https:\\\/\\\/blogdofarnesio.com.br\\\/#organization\"},\"potentialAction\":[{\"@type\":\"SearchAction\",\"target\":{\"@type\":\"EntryPoint\",\"urlTemplate\":\"https:\\\/\\\/blogdofarnesio.com.br\\\/?s={search_term_string}\"},\"query-input\":{\"@type\":\"PropertyValueSpecification\",\"valueRequired\":true,\"valueName\":\"search_term_string\"}}],\"inLanguage\":\"pt-BR\"},{\"@type\":\"Organization\",\"@id\":\"https:\\\/\\\/blogdofarnesio.com.br\\\/#organization\",\"name\":\"Blog do Farn\u00e9sio\",\"url\":\"https:\\\/\\\/blogdofarnesio.com.br\\\/\",\"logo\":{\"@type\":\"ImageObject\",\"inLanguage\":\"pt-BR\",\"@id\":\"https:\\\/\\\/blogdofarnesio.com.br\\\/#\\\/schema\\\/logo\\\/image\\\/\",\"url\":\"https:\\\/\\\/blogdofarnesio.com.br\\\/wp-content\\\/uploads\\\/2026\\\/03\\\/cropped-logo_new-1.png\",\"contentUrl\":\"https:\\\/\\\/blogdofarnesio.com.br\\\/wp-content\\\/uploads\\\/2026\\\/03\\\/cropped-logo_new-1.png\",\"width\":881,\"height\":685,\"caption\":\"Blog do Farn\u00e9sio\"},\"image\":{\"@id\":\"https:\\\/\\\/blogdofarnesio.com.br\\\/#\\\/schema\\\/logo\\\/image\\\/\"},\"sameAs\":[\"https:\\\/\\\/www.facebook.com\\\/BlogQuerSaberPolitica\\\/\"]},{\"@type\":\"Person\",\"@id\":\"https:\\\/\\\/blogdofarnesio.com.br\\\/#\\\/schema\\\/person\\\/301c4acf522bccbfdb45af95b5b906a1\",\"name\":\"Farn\u00e9sio\",\"image\":{\"@type\":\"ImageObject\",\"inLanguage\":\"pt-BR\",\"@id\":\"https:\\\/\\\/secure.gravatar.com\\\/avatar\\\/df0c9a14567c056f8ad6876ba5bbd1e3e2c48023eb6807342fc4663adf549f38?s=96&d=mm&r=g\",\"url\":\"https:\\\/\\\/secure.gravatar.com\\\/avatar\\\/df0c9a14567c056f8ad6876ba5bbd1e3e2c48023eb6807342fc4663adf549f38?s=96&d=mm&r=g\",\"contentUrl\":\"https:\\\/\\\/secure.gravatar.com\\\/avatar\\\/df0c9a14567c056f8ad6876ba5bbd1e3e2c48023eb6807342fc4663adf549f38?s=96&d=mm&r=g\",\"caption\":\"Farn\u00e9sio\"},\"sameAs\":[\"https:\\\/\\\/quersaberpolitica.com.br\"],\"url\":\"https:\\\/\\\/blogdofarnesio.com.br\\\/?author=1\"}]}<\/script>\n<!-- \/ Yoast SEO plugin. -->","yoast_head_json":{"title":"HRJ CONVOCA T\u00c9CNICO DE RAIO X APROVADO E SELE\u00c7\u00c3O - Blog do Farn\u00e9sio","robots":{"index":"index","follow":"follow","max-snippet":"max-snippet:-1","max-image-preview":"max-image-preview:large","max-video-preview":"max-video-preview:-1"},"canonical":"https:\/\/blogdofarnesio.com.br\/?p=193281","og_locale":"pt_BR","og_type":"article","og_title":"HRJ CONVOCA T\u00c9CNICO DE RAIO X APROVADO E SELE\u00c7\u00c3O - Blog do Farn\u00e9sio","og_description":"O Hospital Regional de Juazeiro-BA (HRJ) divulgou uma nova convoca\u00e7\u00e3o para o cargo de T\u00e9cnico em Radiologia referente ao \u00faltimo processo seletivo realizado pela unidade de sa\u00fade. A convoca\u00e7\u00e3o diz que \u00e9 preciso comparecer ao HRJ at\u00e9 \u00e0s 12h de hoje (3). \u201cCaso contr\u00e1rio, convocaremos os pr\u00f3ximos candidatos do cadastro reserva\u201d, explica. A convoca\u00e7\u00e3o est\u00e1 dispon\u00edvel acessando\u00a0CONVOCA\u00c7\u00c3O-RADIOLOGIA-1 \u00a0","og_url":"https:\/\/blogdofarnesio.com.br\/?p=193281","og_site_name":"Blog do Farn\u00e9sio","article_publisher":"https:\/\/www.facebook.com\/BlogQuerSaberPolitica\/","article_published_time":"2018-04-03T13:21:55+00:00","og_image":[{"width":240,"height":160,"url":"https:\/\/blogdofarnesio.com.br\/wp-content\/uploads\/2016\/07\/blogqsp-hospitalregional.jpg","type":"image\/jpeg"}],"author":"Farn\u00e9sio","twitter_card":"summary_large_image","twitter_misc":{"Escrito por":"Farn\u00e9sio"},"schema":{"@context":"https:\/\/schema.org","@graph":[{"@type":"Article","@id":"https:\/\/blogdofarnesio.com.br\/?p=193281#article","isPartOf":{"@id":"https:\/\/blogdofarnesio.com.br\/?p=193281"},"author":{"name":"Farn\u00e9sio","@id":"https:\/\/blogdofarnesio.com.br\/#\/schema\/person\/301c4acf522bccbfdb45af95b5b906a1"},"headline":"HRJ CONVOCA T\u00c9CNICO DE RAIO X APROVADO E SELE\u00c7\u00c3O","datePublished":"2018-04-03T13:21:55+00:00","mainEntityOfPage":{"@id":"https:\/\/blogdofarnesio.com.br\/?p=193281"},"wordCount":76,"publisher":{"@id":"https:\/\/blogdofarnesio.com.br\/#organization"},"image":{"@id":"https:\/\/blogdofarnesio.com.br\/?p=193281#primaryimage"},"thumbnailUrl":"https:\/\/blogdofarnesio.com.br\/wp-content\/uploads\/2016\/07\/blogqsp-hospitalregional.jpg","articleSection":["Concursos","Sa\u00fade"],"inLanguage":"pt-BR"},{"@type":"WebPage","@id":"https:\/\/blogdofarnesio.com.br\/?p=193281","url":"https:\/\/blogdofarnesio.com.br\/?p=193281","name":"HRJ CONVOCA T\u00c9CNICO DE RAIO X APROVADO E SELE\u00c7\u00c3O - Blog do Farn\u00e9sio","isPartOf":{"@id":"https:\/\/blogdofarnesio.com.br\/#website"},"primaryImageOfPage":{"@id":"https:\/\/blogdofarnesio.com.br\/?p=193281#primaryimage"},"image":{"@id":"https:\/\/blogdofarnesio.com.br\/?p=193281#primaryimage"},"thumbnailUrl":"https:\/\/blogdofarnesio.com.br\/wp-content\/uploads\/2016\/07\/blogqsp-hospitalregional.jpg","datePublished":"2018-04-03T13:21:55+00:00","breadcrumb":{"@id":"https:\/\/blogdofarnesio.com.br\/?p=193281#breadcrumb"},"inLanguage":"pt-BR","potentialAction":[{"@type":"ReadAction","target":["https:\/\/blogdofarnesio.com.br\/?p=193281"]}]},{"@type":"ImageObject","inLanguage":"pt-BR","@id":"https:\/\/blogdofarnesio.com.br\/?p=193281#primaryimage","url":"https:\/\/blogdofarnesio.com.br\/wp-content\/uploads\/2016\/07\/blogqsp-hospitalregional.jpg","contentUrl":"https:\/\/blogdofarnesio.com.br\/wp-content\/uploads\/2016\/07\/blogqsp-hospitalregional.jpg","width":240,"height":160},{"@type":"BreadcrumbList","@id":"https:\/\/blogdofarnesio.com.br\/?p=193281#breadcrumb","itemListElement":[{"@type":"ListItem","position":1,"name":"In\u00edcio","item":"https:\/\/blogdofarnesio.com.br\/"},{"@type":"ListItem","position":2,"name":"HRJ CONVOCA T\u00c9CNICO DE RAIO X APROVADO E SELE\u00c7\u00c3O"}]},{"@type":"WebSite","@id":"https:\/\/blogdofarnesio.com.br\/#website","url":"https:\/\/blogdofarnesio.com.br\/","name":"Blog do Farn\u00e9sio","description":"Quer Saber Pol\u00edtica?","publisher":{"@id":"https:\/\/blogdofarnesio.com.br\/#organization"},"potentialAction":[{"@type":"SearchAction","target":{"@type":"EntryPoint","urlTemplate":"https:\/\/blogdofarnesio.com.br\/?s={search_term_string}"},"query-input":{"@type":"PropertyValueSpecification","valueRequired":true,"valueName":"search_term_string"}}],"inLanguage":"pt-BR"},{"@type":"Organization","@id":"https:\/\/blogdofarnesio.com.br\/#organization","name":"Blog do Farn\u00e9sio","url":"https:\/\/blogdofarnesio.com.br\/","logo":{"@type":"ImageObject","inLanguage":"pt-BR","@id":"https:\/\/blogdofarnesio.com.br\/#\/schema\/logo\/image\/","url":"https:\/\/blogdofarnesio.com.br\/wp-content\/uploads\/2026\/03\/cropped-logo_new-1.png","contentUrl":"https:\/\/blogdofarnesio.com.br\/wp-content\/uploads\/2026\/03\/cropped-logo_new-1.png","width":881,"height":685,"caption":"Blog do Farn\u00e9sio"},"image":{"@id":"https:\/\/blogdofarnesio.com.br\/#\/schema\/logo\/image\/"},"sameAs":["https:\/\/www.facebook.com\/BlogQuerSaberPolitica\/"]},{"@type":"Person","@id":"https:\/\/blogdofarnesio.com.br\/#\/schema\/person\/301c4acf522bccbfdb45af95b5b906a1","name":"Farn\u00e9sio","image":{"@type":"ImageObject","inLanguage":"pt-BR","@id":"https:\/\/secure.gravatar.com\/avatar\/df0c9a14567c056f8ad6876ba5bbd1e3e2c48023eb6807342fc4663adf549f38?s=96&d=mm&r=g","url":"https:\/\/secure.gravatar.com\/avatar\/df0c9a14567c056f8ad6876ba5bbd1e3e2c48023eb6807342fc4663adf549f38?s=96&d=mm&r=g","contentUrl":"https:\/\/secure.gravatar.com\/avatar\/df0c9a14567c056f8ad6876ba5bbd1e3e2c48023eb6807342fc4663adf549f38?s=96&d=mm&r=g","caption":"Farn\u00e9sio"},"sameAs":["https:\/\/quersaberpolitica.com.br"],"url":"https:\/\/blogdofarnesio.com.br\/?author=1"}]}},"_links":{"self":[{"href":"https:\/\/blogdofarnesio.com.br\/index.php?rest_route=\/wp\/v2\/posts\/193281","targetHints":{"allow":["GET"]}}],"collection":[{"href":"https:\/\/blogdofarnesio.com.br\/index.php?rest_route=\/wp\/v2\/posts"}],"about":[{"href":"https:\/\/blogdofarnesio.com.br\/index.php?rest_route=\/wp\/v2\/types\/post"}],"author":[{"embeddable":true,"href":"https:\/\/blogdofarnesio.com.br\/index.php?rest_route=\/wp\/v2\/users\/1"}],"replies":[{"embeddable":true,"href":"https:\/\/blogdofarnesio.com.br\/index.php?rest_route=%2Fwp%2Fv2%2Fcomments&post=193281"}],"version-history":[{"count":0,"href":"https:\/\/blogdofarnesio.com.br\/index.php?rest_route=\/wp\/v2\/posts\/193281\/revisions"}],"wp:featuredmedia":[{"embeddable":true,"href":"https:\/\/blogdofarnesio.com.br\/index.php?rest_route=\/wp\/v2\/media\/145752"}],"wp:attachment":[{"href":"https:\/\/blogdofarnesio.com.br\/index.php?rest_route=%2Fwp%2Fv2%2Fmedia&parent=193281"}],"wp:term":[{"taxonomy":"category","embeddable":true,"href":"https:\/\/blogdofarnesio.com.br\/index.php?rest_route=%2Fwp%2Fv2%2Fcategories&post=193281"},{"taxonomy":"post_tag","embeddable":true,"href":"https:\/\/blogdofarnesio.com.br\/index.php?rest_route=%2Fwp%2Fv2%2Ftags&post=193281"}],"curies":[{"name":"wp","href":"https:\/\/api.w.org\/{rel}","templated":true}]}}