{"id":193233,"date":"2018-04-03T09:41:11","date_gmt":"2018-04-03T12:41:11","guid":{"rendered":"http:\/\/quersaberpolitica.com.br\/2016\/?p=193233"},"modified":"2018-04-02T19:46:05","modified_gmt":"2018-04-02T22:46:05","slug":"familia-lugar-de-perdao","status":"publish","type":"post","link":"https:\/\/blogdofarnesio.com.br\/?p=193233","title":{"rendered":"FAM\u00cdLIA, LUGAR DE PERD\u00c3O&#8230;"},"content":{"rendered":"<p>N\u00e3o existe fam\u00edlia perfeita. N\u00e3o temos pais perfeitos, n\u00e3o somos perfeitos, n\u00e3o nos casamos com uma pessoa perfeita nem temos filhos perfeitos. Temos queixas uns dos outros. Decepcionamos uns aos outros. Por isso, n\u00e3o h\u00e1 casamento saud\u00e1vel nem fam\u00edlia saud\u00e1vel sem o exerc\u00edcio do perd\u00e3o. O perd\u00e3o \u00e9 vital para nossa sa\u00fade emocional e sobreviv\u00eancia espiritual.<\/p>\n<p>Sem perd\u00e3o a fam\u00edlia se torna uma arena de conflitos e um reduto de m\u00e1goas.<br \/>\nSem perd\u00e3o a fam\u00edlia adoece. O perd\u00e3o \u00e9 a assepsia da alma, a faxina da mente e a alforria do cora\u00e7\u00e3o. Quem n\u00e3o perdoa n\u00e3o tem paz na alma nem comunh\u00e3o com Deus. A m\u00e1goa \u00e9 um veneno que intoxica e mata. Guardar m\u00e1goa no cora\u00e7\u00e3o \u00e9 um gesto autodestrutivo. \u00c9 autofagia.<\/p>\n<p>Quem n\u00e3o perdoa adoece f\u00edsica, emocional e espiritualmente.<br \/>\nE por isso que a fam\u00edlia precisa ser lugar de vida e n\u00e3o de morte; territ\u00f3rio de cura e n\u00e3o de adoecimento; palco de perd\u00e3o e n\u00e3o de culpa. O perd\u00e3o traz alegria onde a m\u00e1goa produziu tristeza; cura, onde a m\u00e1goa causou doen\u00e7a.<\/p>\n<p>Papa Francisco.<\/p>\n<p>Emersom\/whatsapp<\/p>\n","protected":false},"excerpt":{"rendered":"<p>N\u00e3o existe fam\u00edlia perfeita. N\u00e3o temos pais perfeitos, n\u00e3o somos perfeitos, n\u00e3o nos casamos com uma pessoa perfeita nem temos filhos perfeitos. Temos queixas uns dos outros. Decepcionamos uns aos outros. Por isso, n\u00e3o h\u00e1 casamento saud\u00e1vel nem fam\u00edlia saud\u00e1vel sem o exerc\u00edcio do perd\u00e3o. O perd\u00e3o \u00e9 vital para nossa sa\u00fade emocional e sobreviv\u00eancia espiritual. Sem perd\u00e3o a fam\u00edlia se torna uma arena de conflitos e um reduto de m\u00e1goas. Sem perd\u00e3o a fam\u00edlia adoece. O perd\u00e3o \u00e9 a assepsia da alma, a faxina da mente e a alforria do cora\u00e7\u00e3o. Quem n\u00e3o perdoa n\u00e3o tem paz na alma nem comunh\u00e3o com Deus. A m\u00e1goa \u00e9 um veneno que intoxica e mata. Guardar m\u00e1goa no cora\u00e7\u00e3o \u00e9 um gesto&hellip; <\/p>\n","protected":false},"author":1,"featured_media":178822,"comment_status":"closed","ping_status":"closed","sticky":false,"template":"","format":"standard","meta":{"_acf_changed":false,"footnotes":""},"categories":[7],"tags":[],"class_list":["post-193233","post","type-post","status-publish","format-standard","has-post-thumbnail","hentry","category-religiao"],"acf":[],"yoast_head":"<!-- This site is optimized with the Yoast SEO plugin v27.4 - https:\/\/yoast.com\/product\/yoast-seo-wordpress\/ -->\n<title>FAM\u00cdLIA, LUGAR DE PERD\u00c3O... - Blog do Farn\u00e9sio<\/title>\n<meta name=\"robots\" content=\"index, follow, max-snippet:-1, max-image-preview:large, max-video-preview:-1\" \/>\n<link rel=\"canonical\" href=\"https:\/\/blogdofarnesio.com.br\/?p=193233\" \/>\n<meta property=\"og:locale\" content=\"pt_BR\" \/>\n<meta property=\"og:type\" content=\"article\" \/>\n<meta property=\"og:title\" content=\"FAM\u00cdLIA, LUGAR DE PERD\u00c3O... - Blog do Farn\u00e9sio\" \/>\n<meta property=\"og:description\" content=\"N\u00e3o existe fam\u00edlia perfeita. N\u00e3o temos pais perfeitos, n\u00e3o somos perfeitos, n\u00e3o nos casamos com uma pessoa perfeita nem temos filhos perfeitos. Temos queixas uns dos outros. Decepcionamos uns aos outros. Por isso, n\u00e3o h\u00e1 casamento saud\u00e1vel nem fam\u00edlia saud\u00e1vel sem o exerc\u00edcio do perd\u00e3o. O perd\u00e3o \u00e9 vital para nossa sa\u00fade emocional e sobreviv\u00eancia espiritual. Sem perd\u00e3o a fam\u00edlia se torna uma arena de conflitos e um reduto de m\u00e1goas. Sem perd\u00e3o a fam\u00edlia adoece. O perd\u00e3o \u00e9 a assepsia da alma, a faxina da mente e a alforria do cora\u00e7\u00e3o. Quem n\u00e3o perdoa n\u00e3o tem paz na alma nem comunh\u00e3o com Deus. A m\u00e1goa \u00e9 um veneno que intoxica e mata. Guardar m\u00e1goa no cora\u00e7\u00e3o \u00e9 um gesto&hellip;\" \/>\n<meta property=\"og:url\" content=\"https:\/\/blogdofarnesio.com.br\/?p=193233\" \/>\n<meta property=\"og:site_name\" content=\"Blog do Farn\u00e9sio\" \/>\n<meta property=\"article:publisher\" content=\"https:\/\/www.facebook.com\/BlogQuerSaberPolitica\/\" \/>\n<meta property=\"article:published_time\" content=\"2018-04-03T12:41:11+00:00\" \/>\n<meta property=\"og:image\" content=\"https:\/\/blogdofarnesio.com.br\/wp-content\/uploads\/2017\/10\/blogqsppapafrancisco-e1508090056445.jpg\" \/>\n\t<meta property=\"og:image:width\" content=\"680\" \/>\n\t<meta property=\"og:image:height\" content=\"383\" \/>\n\t<meta property=\"og:image:type\" content=\"image\/jpeg\" \/>\n<meta name=\"author\" content=\"Farn\u00e9sio\" \/>\n<meta name=\"twitter:card\" content=\"summary_large_image\" \/>\n<meta name=\"twitter:label1\" content=\"Escrito por\" \/>\n\t<meta name=\"twitter:data1\" content=\"Farn\u00e9sio\" \/>\n\t<meta name=\"twitter:label2\" content=\"Est. tempo de leitura\" \/>\n\t<meta name=\"twitter:data2\" content=\"1 minuto\" \/>\n<script type=\"application\/ld+json\" class=\"yoast-schema-graph\">{\"@context\":\"https:\\\/\\\/schema.org\",\"@graph\":[{\"@type\":\"Article\",\"@id\":\"https:\\\/\\\/blogdofarnesio.com.br\\\/?p=193233#article\",\"isPartOf\":{\"@id\":\"https:\\\/\\\/blogdofarnesio.com.br\\\/?p=193233\"},\"author\":{\"name\":\"Farn\u00e9sio\",\"@id\":\"https:\\\/\\\/blogdofarnesio.com.br\\\/#\\\/schema\\\/person\\\/301c4acf522bccbfdb45af95b5b906a1\"},\"headline\":\"FAM\u00cdLIA, LUGAR DE PERD\u00c3O&#8230;\",\"datePublished\":\"2018-04-03T12:41:11+00:00\",\"mainEntityOfPage\":{\"@id\":\"https:\\\/\\\/blogdofarnesio.com.br\\\/?p=193233\"},\"wordCount\":219,\"publisher\":{\"@id\":\"https:\\\/\\\/blogdofarnesio.com.br\\\/#organization\"},\"image\":{\"@id\":\"https:\\\/\\\/blogdofarnesio.com.br\\\/?p=193233#primaryimage\"},\"thumbnailUrl\":\"https:\\\/\\\/blogdofarnesio.com.br\\\/wp-content\\\/uploads\\\/2017\\\/10\\\/blogqsppapafrancisco-e1508090056445.jpg\",\"articleSection\":[\"Religi\u00e3o\"],\"inLanguage\":\"pt-BR\"},{\"@type\":\"WebPage\",\"@id\":\"https:\\\/\\\/blogdofarnesio.com.br\\\/?p=193233\",\"url\":\"https:\\\/\\\/blogdofarnesio.com.br\\\/?p=193233\",\"name\":\"FAM\u00cdLIA, LUGAR DE PERD\u00c3O... - Blog do Farn\u00e9sio\",\"isPartOf\":{\"@id\":\"https:\\\/\\\/blogdofarnesio.com.br\\\/#website\"},\"primaryImageOfPage\":{\"@id\":\"https:\\\/\\\/blogdofarnesio.com.br\\\/?p=193233#primaryimage\"},\"image\":{\"@id\":\"https:\\\/\\\/blogdofarnesio.com.br\\\/?p=193233#primaryimage\"},\"thumbnailUrl\":\"https:\\\/\\\/blogdofarnesio.com.br\\\/wp-content\\\/uploads\\\/2017\\\/10\\\/blogqsppapafrancisco-e1508090056445.jpg\",\"datePublished\":\"2018-04-03T12:41:11+00:00\",\"breadcrumb\":{\"@id\":\"https:\\\/\\\/blogdofarnesio.com.br\\\/?p=193233#breadcrumb\"},\"inLanguage\":\"pt-BR\",\"potentialAction\":[{\"@type\":\"ReadAction\",\"target\":[\"https:\\\/\\\/blogdofarnesio.com.br\\\/?p=193233\"]}]},{\"@type\":\"ImageObject\",\"inLanguage\":\"pt-BR\",\"@id\":\"https:\\\/\\\/blogdofarnesio.com.br\\\/?p=193233#primaryimage\",\"url\":\"https:\\\/\\\/blogdofarnesio.com.br\\\/wp-content\\\/uploads\\\/2017\\\/10\\\/blogqsppapafrancisco-e1508090056445.jpg\",\"contentUrl\":\"https:\\\/\\\/blogdofarnesio.com.br\\\/wp-content\\\/uploads\\\/2017\\\/10\\\/blogqsppapafrancisco-e1508090056445.jpg\",\"width\":680,\"height\":383},{\"@type\":\"BreadcrumbList\",\"@id\":\"https:\\\/\\\/blogdofarnesio.com.br\\\/?p=193233#breadcrumb\",\"itemListElement\":[{\"@type\":\"ListItem\",\"position\":1,\"name\":\"In\u00edcio\",\"item\":\"https:\\\/\\\/blogdofarnesio.com.br\\\/\"},{\"@type\":\"ListItem\",\"position\":2,\"name\":\"FAM\u00cdLIA, LUGAR DE PERD\u00c3O&#8230;\"}]},{\"@type\":\"WebSite\",\"@id\":\"https:\\\/\\\/blogdofarnesio.com.br\\\/#website\",\"url\":\"https:\\\/\\\/blogdofarnesio.com.br\\\/\",\"name\":\"Blog do Farn\u00e9sio\",\"description\":\"Quer Saber Pol\u00edtica?\",\"publisher\":{\"@id\":\"https:\\\/\\\/blogdofarnesio.com.br\\\/#organization\"},\"potentialAction\":[{\"@type\":\"SearchAction\",\"target\":{\"@type\":\"EntryPoint\",\"urlTemplate\":\"https:\\\/\\\/blogdofarnesio.com.br\\\/?s={search_term_string}\"},\"query-input\":{\"@type\":\"PropertyValueSpecification\",\"valueRequired\":true,\"valueName\":\"search_term_string\"}}],\"inLanguage\":\"pt-BR\"},{\"@type\":\"Organization\",\"@id\":\"https:\\\/\\\/blogdofarnesio.com.br\\\/#organization\",\"name\":\"Blog do Farn\u00e9sio\",\"url\":\"https:\\\/\\\/blogdofarnesio.com.br\\\/\",\"logo\":{\"@type\":\"ImageObject\",\"inLanguage\":\"pt-BR\",\"@id\":\"https:\\\/\\\/blogdofarnesio.com.br\\\/#\\\/schema\\\/logo\\\/image\\\/\",\"url\":\"https:\\\/\\\/blogdofarnesio.com.br\\\/wp-content\\\/uploads\\\/2026\\\/03\\\/cropped-logo_new-1.png\",\"contentUrl\":\"https:\\\/\\\/blogdofarnesio.com.br\\\/wp-content\\\/uploads\\\/2026\\\/03\\\/cropped-logo_new-1.png\",\"width\":881,\"height\":685,\"caption\":\"Blog do Farn\u00e9sio\"},\"image\":{\"@id\":\"https:\\\/\\\/blogdofarnesio.com.br\\\/#\\\/schema\\\/logo\\\/image\\\/\"},\"sameAs\":[\"https:\\\/\\\/www.facebook.com\\\/BlogQuerSaberPolitica\\\/\"]},{\"@type\":\"Person\",\"@id\":\"https:\\\/\\\/blogdofarnesio.com.br\\\/#\\\/schema\\\/person\\\/301c4acf522bccbfdb45af95b5b906a1\",\"name\":\"Farn\u00e9sio\",\"image\":{\"@type\":\"ImageObject\",\"inLanguage\":\"pt-BR\",\"@id\":\"https:\\\/\\\/secure.gravatar.com\\\/avatar\\\/df0c9a14567c056f8ad6876ba5bbd1e3e2c48023eb6807342fc4663adf549f38?s=96&d=mm&r=g\",\"url\":\"https:\\\/\\\/secure.gravatar.com\\\/avatar\\\/df0c9a14567c056f8ad6876ba5bbd1e3e2c48023eb6807342fc4663adf549f38?s=96&d=mm&r=g\",\"contentUrl\":\"https:\\\/\\\/secure.gravatar.com\\\/avatar\\\/df0c9a14567c056f8ad6876ba5bbd1e3e2c48023eb6807342fc4663adf549f38?s=96&d=mm&r=g\",\"caption\":\"Farn\u00e9sio\"},\"sameAs\":[\"https:\\\/\\\/quersaberpolitica.com.br\"],\"url\":\"https:\\\/\\\/blogdofarnesio.com.br\\\/?author=1\"}]}<\/script>\n<!-- \/ Yoast SEO plugin. -->","yoast_head_json":{"title":"FAM\u00cdLIA, LUGAR DE PERD\u00c3O... - Blog do Farn\u00e9sio","robots":{"index":"index","follow":"follow","max-snippet":"max-snippet:-1","max-image-preview":"max-image-preview:large","max-video-preview":"max-video-preview:-1"},"canonical":"https:\/\/blogdofarnesio.com.br\/?p=193233","og_locale":"pt_BR","og_type":"article","og_title":"FAM\u00cdLIA, LUGAR DE PERD\u00c3O... - Blog do Farn\u00e9sio","og_description":"N\u00e3o existe fam\u00edlia perfeita. N\u00e3o temos pais perfeitos, n\u00e3o somos perfeitos, n\u00e3o nos casamos com uma pessoa perfeita nem temos filhos perfeitos. Temos queixas uns dos outros. Decepcionamos uns aos outros. Por isso, n\u00e3o h\u00e1 casamento saud\u00e1vel nem fam\u00edlia saud\u00e1vel sem o exerc\u00edcio do perd\u00e3o. O perd\u00e3o \u00e9 vital para nossa sa\u00fade emocional e sobreviv\u00eancia espiritual. Sem perd\u00e3o a fam\u00edlia se torna uma arena de conflitos e um reduto de m\u00e1goas. Sem perd\u00e3o a fam\u00edlia adoece. O perd\u00e3o \u00e9 a assepsia da alma, a faxina da mente e a alforria do cora\u00e7\u00e3o. Quem n\u00e3o perdoa n\u00e3o tem paz na alma nem comunh\u00e3o com Deus. A m\u00e1goa \u00e9 um veneno que intoxica e mata. Guardar m\u00e1goa no cora\u00e7\u00e3o \u00e9 um gesto&hellip;","og_url":"https:\/\/blogdofarnesio.com.br\/?p=193233","og_site_name":"Blog do Farn\u00e9sio","article_publisher":"https:\/\/www.facebook.com\/BlogQuerSaberPolitica\/","article_published_time":"2018-04-03T12:41:11+00:00","og_image":[{"width":680,"height":383,"url":"https:\/\/blogdofarnesio.com.br\/wp-content\/uploads\/2017\/10\/blogqsppapafrancisco-e1508090056445.jpg","type":"image\/jpeg"}],"author":"Farn\u00e9sio","twitter_card":"summary_large_image","twitter_misc":{"Escrito por":"Farn\u00e9sio","Est. tempo de leitura":"1 minuto"},"schema":{"@context":"https:\/\/schema.org","@graph":[{"@type":"Article","@id":"https:\/\/blogdofarnesio.com.br\/?p=193233#article","isPartOf":{"@id":"https:\/\/blogdofarnesio.com.br\/?p=193233"},"author":{"name":"Farn\u00e9sio","@id":"https:\/\/blogdofarnesio.com.br\/#\/schema\/person\/301c4acf522bccbfdb45af95b5b906a1"},"headline":"FAM\u00cdLIA, LUGAR DE PERD\u00c3O&#8230;","datePublished":"2018-04-03T12:41:11+00:00","mainEntityOfPage":{"@id":"https:\/\/blogdofarnesio.com.br\/?p=193233"},"wordCount":219,"publisher":{"@id":"https:\/\/blogdofarnesio.com.br\/#organization"},"image":{"@id":"https:\/\/blogdofarnesio.com.br\/?p=193233#primaryimage"},"thumbnailUrl":"https:\/\/blogdofarnesio.com.br\/wp-content\/uploads\/2017\/10\/blogqsppapafrancisco-e1508090056445.jpg","articleSection":["Religi\u00e3o"],"inLanguage":"pt-BR"},{"@type":"WebPage","@id":"https:\/\/blogdofarnesio.com.br\/?p=193233","url":"https:\/\/blogdofarnesio.com.br\/?p=193233","name":"FAM\u00cdLIA, LUGAR DE PERD\u00c3O... - Blog do Farn\u00e9sio","isPartOf":{"@id":"https:\/\/blogdofarnesio.com.br\/#website"},"primaryImageOfPage":{"@id":"https:\/\/blogdofarnesio.com.br\/?p=193233#primaryimage"},"image":{"@id":"https:\/\/blogdofarnesio.com.br\/?p=193233#primaryimage"},"thumbnailUrl":"https:\/\/blogdofarnesio.com.br\/wp-content\/uploads\/2017\/10\/blogqsppapafrancisco-e1508090056445.jpg","datePublished":"2018-04-03T12:41:11+00:00","breadcrumb":{"@id":"https:\/\/blogdofarnesio.com.br\/?p=193233#breadcrumb"},"inLanguage":"pt-BR","potentialAction":[{"@type":"ReadAction","target":["https:\/\/blogdofarnesio.com.br\/?p=193233"]}]},{"@type":"ImageObject","inLanguage":"pt-BR","@id":"https:\/\/blogdofarnesio.com.br\/?p=193233#primaryimage","url":"https:\/\/blogdofarnesio.com.br\/wp-content\/uploads\/2017\/10\/blogqsppapafrancisco-e1508090056445.jpg","contentUrl":"https:\/\/blogdofarnesio.com.br\/wp-content\/uploads\/2017\/10\/blogqsppapafrancisco-e1508090056445.jpg","width":680,"height":383},{"@type":"BreadcrumbList","@id":"https:\/\/blogdofarnesio.com.br\/?p=193233#breadcrumb","itemListElement":[{"@type":"ListItem","position":1,"name":"In\u00edcio","item":"https:\/\/blogdofarnesio.com.br\/"},{"@type":"ListItem","position":2,"name":"FAM\u00cdLIA, LUGAR DE PERD\u00c3O&#8230;"}]},{"@type":"WebSite","@id":"https:\/\/blogdofarnesio.com.br\/#website","url":"https:\/\/blogdofarnesio.com.br\/","name":"Blog do Farn\u00e9sio","description":"Quer Saber Pol\u00edtica?","publisher":{"@id":"https:\/\/blogdofarnesio.com.br\/#organization"},"potentialAction":[{"@type":"SearchAction","target":{"@type":"EntryPoint","urlTemplate":"https:\/\/blogdofarnesio.com.br\/?s={search_term_string}"},"query-input":{"@type":"PropertyValueSpecification","valueRequired":true,"valueName":"search_term_string"}}],"inLanguage":"pt-BR"},{"@type":"Organization","@id":"https:\/\/blogdofarnesio.com.br\/#organization","name":"Blog do Farn\u00e9sio","url":"https:\/\/blogdofarnesio.com.br\/","logo":{"@type":"ImageObject","inLanguage":"pt-BR","@id":"https:\/\/blogdofarnesio.com.br\/#\/schema\/logo\/image\/","url":"https:\/\/blogdofarnesio.com.br\/wp-content\/uploads\/2026\/03\/cropped-logo_new-1.png","contentUrl":"https:\/\/blogdofarnesio.com.br\/wp-content\/uploads\/2026\/03\/cropped-logo_new-1.png","width":881,"height":685,"caption":"Blog do Farn\u00e9sio"},"image":{"@id":"https:\/\/blogdofarnesio.com.br\/#\/schema\/logo\/image\/"},"sameAs":["https:\/\/www.facebook.com\/BlogQuerSaberPolitica\/"]},{"@type":"Person","@id":"https:\/\/blogdofarnesio.com.br\/#\/schema\/person\/301c4acf522bccbfdb45af95b5b906a1","name":"Farn\u00e9sio","image":{"@type":"ImageObject","inLanguage":"pt-BR","@id":"https:\/\/secure.gravatar.com\/avatar\/df0c9a14567c056f8ad6876ba5bbd1e3e2c48023eb6807342fc4663adf549f38?s=96&d=mm&r=g","url":"https:\/\/secure.gravatar.com\/avatar\/df0c9a14567c056f8ad6876ba5bbd1e3e2c48023eb6807342fc4663adf549f38?s=96&d=mm&r=g","contentUrl":"https:\/\/secure.gravatar.com\/avatar\/df0c9a14567c056f8ad6876ba5bbd1e3e2c48023eb6807342fc4663adf549f38?s=96&d=mm&r=g","caption":"Farn\u00e9sio"},"sameAs":["https:\/\/quersaberpolitica.com.br"],"url":"https:\/\/blogdofarnesio.com.br\/?author=1"}]}},"_links":{"self":[{"href":"https:\/\/blogdofarnesio.com.br\/index.php?rest_route=\/wp\/v2\/posts\/193233","targetHints":{"allow":["GET"]}}],"collection":[{"href":"https:\/\/blogdofarnesio.com.br\/index.php?rest_route=\/wp\/v2\/posts"}],"about":[{"href":"https:\/\/blogdofarnesio.com.br\/index.php?rest_route=\/wp\/v2\/types\/post"}],"author":[{"embeddable":true,"href":"https:\/\/blogdofarnesio.com.br\/index.php?rest_route=\/wp\/v2\/users\/1"}],"replies":[{"embeddable":true,"href":"https:\/\/blogdofarnesio.com.br\/index.php?rest_route=%2Fwp%2Fv2%2Fcomments&post=193233"}],"version-history":[{"count":0,"href":"https:\/\/blogdofarnesio.com.br\/index.php?rest_route=\/wp\/v2\/posts\/193233\/revisions"}],"wp:featuredmedia":[{"embeddable":true,"href":"https:\/\/blogdofarnesio.com.br\/index.php?rest_route=\/wp\/v2\/media\/178822"}],"wp:attachment":[{"href":"https:\/\/blogdofarnesio.com.br\/index.php?rest_route=%2Fwp%2Fv2%2Fmedia&parent=193233"}],"wp:term":[{"taxonomy":"category","embeddable":true,"href":"https:\/\/blogdofarnesio.com.br\/index.php?rest_route=%2Fwp%2Fv2%2Fcategories&post=193233"},{"taxonomy":"post_tag","embeddable":true,"href":"https:\/\/blogdofarnesio.com.br\/index.php?rest_route=%2Fwp%2Fv2%2Ftags&post=193233"}],"curies":[{"name":"wp","href":"https:\/\/api.w.org\/{rel}","templated":true}]}}