{"id":193225,"date":"2018-04-03T09:22:33","date_gmt":"2018-04-03T12:22:33","guid":{"rendered":"http:\/\/quersaberpolitica.com.br\/2016\/?p=193225"},"modified":"2018-04-02T20:44:53","modified_gmt":"2018-04-02T23:44:53","slug":"ambulantes-cadastrados-para-o-sao-joao-2018-de-petrolina-terao-linha-de-credito-especial","status":"publish","type":"post","link":"https:\/\/blogdofarnesio.com.br\/?p=193225","title":{"rendered":"AMBULANTES CADASTRADOS PARA O S\u00c3O JO\u00c3O 2018 DE PETROLINA TER\u00c3O LINHA DE CR\u00c9DITO ESPECIAL"},"content":{"rendered":"<p style=\"font-weight: 400; text-align: justify;\">Os ambulantes cadastrados pela Prefeitura\u00a0\u00a0para trabalhar no S\u00e3o Jo\u00e3o de Petrolina, poder\u00e3o contar com uma nova concess\u00e3o de linha de cr\u00e9dito da Ag\u00eancia Municipal do Empreendedor (AGE).\u00a0\u00a0A boa not\u00edcia foi dada na manh\u00e3 desta segunda-feira (02), durante reuni\u00e3o t\u00e9cnica de planejamento entre as secretarias de Cultura, Turismo e Esportes; Desenvolvimento Econ\u00f4mico e Agr\u00e1rio e a Vigil\u00e2ncia Sanit\u00e1ria.<\/p>\n<p style=\"font-weight: 400; text-align: justify;\"><a href=\"http:\/\/quersaberpolitica.com.br\/2016\/wp-content\/uploads\/2018\/04\/blogqsp-Reuni\u00e3o-Cadastramento-2.jpg\"><img loading=\"lazy\" decoding=\"async\" class=\"aligncenter  wp-image-193226\" src=\"http:\/\/quersaberpolitica.com.br\/2016\/wp-content\/uploads\/2018\/04\/blogqsp-Reuni\u00e3o-Cadastramento-2.jpg\" alt=\"\" width=\"561\" height=\"421\" srcset=\"https:\/\/blogdofarnesio.com.br\/wp-content\/uploads\/2018\/04\/blogqsp-Reuni\u00e3o-Cadastramento-2.jpg 640w, https:\/\/blogdofarnesio.com.br\/wp-content\/uploads\/2018\/04\/blogqsp-Reuni\u00e3o-Cadastramento-2-300x225.jpg 300w, https:\/\/blogdofarnesio.com.br\/wp-content\/uploads\/2018\/04\/blogqsp-Reuni\u00e3o-Cadastramento-2-360x270.jpg 360w\" sizes=\"auto, (max-width: 561px) 100vw, 561px\" \/><\/a>O encontro aconteceu no Centro de Conven\u00e7\u00f5es e contou com as presen\u00e7as do diretor-presidente da AGE, Sebasti\u00e3o Amorim; do secret\u00e1rio de Cultura, Turismo e Esportes, Em\u00edcio Junior; do diretor-presidente da Ag\u00eancia de Vigil\u00e2ncia Sanit\u00e1ria, Marcelo Gama; do secret\u00e1rio-executivo de Cultura, C\u00e1ssio Lucena; do diretor de Eventos, T\u00falio Teobaldo e do diretor Administrativo Financeiro da AGE, Marcos Gama.<\/p>\n<p style=\"font-weight: 400; text-align: justify;\">Segundo Sebasti\u00e3o Amorim, o planejamento, a discuss\u00e3o e a uni\u00e3o de todos s\u00e3o fundamentais para a elabora\u00e7\u00e3o de um projeto exitoso.\u00a0\u00a0\u201c<em>A administra\u00e7\u00e3o municipal reafirma mais uma vez o seu compromisso com o desenvolvimento econ\u00f4mico da nossa cidade, pois esse p\u00fablico vai gerar renda, contratar outras pessoas, al\u00e9m de potencializar os v\u00e1rios setores da economia<\/em>\u201d, comentou Sebasti\u00e3o.<\/p>\n<p style=\"font-weight: 400; text-align: justify;\"><strong>Concess\u00e3o de Cr\u00e9dito<\/strong>\u00a0\u2013 A partir do dia 1\u00ba de maio a AGE ir\u00e1 disponibilizar aos ambulantes cadastrados a linha de cr\u00e9dito popular que \u00e9 de at\u00e9 R$ 2 mil, com juros de 1% ao m\u00eas. Para ter acesso ao programa de empr\u00e9stimo, o vendedor n\u00e3o pode ter pend\u00eancias em \u00f3rg\u00e3os de defesa de cr\u00e9dito (SPC, SERASA) e na prefeitura (IPTU, ISS, etc). A AGE fica localizada na Rua Castro Alves, N\u00b0 55, Centro, atr\u00e1s do Banco do Brasil, pr\u00f3ximo \u00e0 Delegacia da Mulher. Telefones (87) 3861-8270\/ 3862\/2602.<\/p>\n<p style=\"font-weight: 400; text-align: justify;\"><strong>Lilian Telles<\/strong><\/p>\n","protected":false},"excerpt":{"rendered":"<p>Os ambulantes cadastrados pela Prefeitura\u00a0\u00a0para trabalhar no S\u00e3o Jo\u00e3o de Petrolina, poder\u00e3o contar com uma nova concess\u00e3o de linha de cr\u00e9dito da Ag\u00eancia Municipal do Empreendedor (AGE).\u00a0\u00a0A boa not\u00edcia foi dada na manh\u00e3 desta segunda-feira (02), durante reuni\u00e3o t\u00e9cnica de planejamento entre as secretarias de Cultura, Turismo e Esportes; Desenvolvimento Econ\u00f4mico e Agr\u00e1rio e a Vigil\u00e2ncia Sanit\u00e1ria. O encontro aconteceu no Centro de Conven\u00e7\u00f5es e contou com as presen\u00e7as do diretor-presidente da AGE, Sebasti\u00e3o Amorim; do secret\u00e1rio de Cultura, Turismo e Esportes, Em\u00edcio Junior; do diretor-presidente da Ag\u00eancia de Vigil\u00e2ncia Sanit\u00e1ria, Marcelo Gama; do secret\u00e1rio-executivo de Cultura, C\u00e1ssio Lucena; do diretor de Eventos, T\u00falio Teobaldo e do diretor Administrativo Financeiro da AGE, Marcos Gama. Segundo Sebasti\u00e3o Amorim, o planejamento, a&hellip; <\/p>\n","protected":false},"author":1,"featured_media":79226,"comment_status":"closed","ping_status":"closed","sticky":false,"template":"","format":"standard","meta":{"_acf_changed":false,"footnotes":""},"categories":[20],"tags":[],"class_list":["post-193225","post","type-post","status-publish","format-standard","has-post-thumbnail","hentry","category-economia"],"acf":[],"yoast_head":"<!-- This site is optimized with the Yoast SEO plugin v27.4 - https:\/\/yoast.com\/product\/yoast-seo-wordpress\/ -->\n<title>AMBULANTES CADASTRADOS PARA O S\u00c3O JO\u00c3O 2018 DE PETROLINA TER\u00c3O LINHA DE CR\u00c9DITO ESPECIAL - Blog do Farn\u00e9sio<\/title>\n<meta name=\"robots\" content=\"index, follow, max-snippet:-1, max-image-preview:large, max-video-preview:-1\" \/>\n<link rel=\"canonical\" href=\"https:\/\/blogdofarnesio.com.br\/?p=193225\" \/>\n<meta property=\"og:locale\" content=\"pt_BR\" \/>\n<meta property=\"og:type\" content=\"article\" \/>\n<meta property=\"og:title\" content=\"AMBULANTES CADASTRADOS PARA O S\u00c3O JO\u00c3O 2018 DE PETROLINA TER\u00c3O LINHA DE CR\u00c9DITO ESPECIAL - Blog do Farn\u00e9sio\" \/>\n<meta property=\"og:description\" content=\"Os ambulantes cadastrados pela Prefeitura\u00a0\u00a0para trabalhar no S\u00e3o Jo\u00e3o de Petrolina, poder\u00e3o contar com uma nova concess\u00e3o de linha de cr\u00e9dito da Ag\u00eancia Municipal do Empreendedor (AGE).\u00a0\u00a0A boa not\u00edcia foi dada na manh\u00e3 desta segunda-feira (02), durante reuni\u00e3o t\u00e9cnica de planejamento entre as secretarias de Cultura, Turismo e Esportes; Desenvolvimento Econ\u00f4mico e Agr\u00e1rio e a Vigil\u00e2ncia Sanit\u00e1ria. O encontro aconteceu no Centro de Conven\u00e7\u00f5es e contou com as presen\u00e7as do diretor-presidente da AGE, Sebasti\u00e3o Amorim; do secret\u00e1rio de Cultura, Turismo e Esportes, Em\u00edcio Junior; do diretor-presidente da Ag\u00eancia de Vigil\u00e2ncia Sanit\u00e1ria, Marcelo Gama; do secret\u00e1rio-executivo de Cultura, C\u00e1ssio Lucena; do diretor de Eventos, T\u00falio Teobaldo e do diretor Administrativo Financeiro da AGE, Marcos Gama. Segundo Sebasti\u00e3o Amorim, o planejamento, a&hellip;\" \/>\n<meta property=\"og:url\" content=\"https:\/\/blogdofarnesio.com.br\/?p=193225\" \/>\n<meta property=\"og:site_name\" content=\"Blog do Farn\u00e9sio\" \/>\n<meta property=\"article:publisher\" content=\"https:\/\/www.facebook.com\/BlogQuerSaberPolitica\/\" \/>\n<meta property=\"article:published_time\" content=\"2018-04-03T12:22:33+00:00\" \/>\n<meta property=\"og:image\" content=\"https:\/\/blogdofarnesio.com.br\/wp-content\/uploads\/2014\/04\/blogqsp_ambulantesrecebecurso.jpg\" \/>\n\t<meta property=\"og:image:width\" content=\"400\" \/>\n\t<meta property=\"og:image:height\" content=\"266\" \/>\n\t<meta property=\"og:image:type\" content=\"image\/jpeg\" \/>\n<meta name=\"author\" content=\"Farn\u00e9sio\" \/>\n<meta name=\"twitter:card\" content=\"summary_large_image\" \/>\n<meta name=\"twitter:label1\" content=\"Escrito por\" \/>\n\t<meta name=\"twitter:data1\" content=\"Farn\u00e9sio\" \/>\n\t<meta name=\"twitter:label2\" content=\"Est. tempo de leitura\" \/>\n\t<meta name=\"twitter:data2\" content=\"1 minuto\" \/>\n<script type=\"application\/ld+json\" class=\"yoast-schema-graph\">{\"@context\":\"https:\\\/\\\/schema.org\",\"@graph\":[{\"@type\":\"Article\",\"@id\":\"https:\\\/\\\/blogdofarnesio.com.br\\\/?p=193225#article\",\"isPartOf\":{\"@id\":\"https:\\\/\\\/blogdofarnesio.com.br\\\/?p=193225\"},\"author\":{\"name\":\"Farn\u00e9sio\",\"@id\":\"https:\\\/\\\/blogdofarnesio.com.br\\\/#\\\/schema\\\/person\\\/301c4acf522bccbfdb45af95b5b906a1\"},\"headline\":\"AMBULANTES CADASTRADOS PARA O S\u00c3O JO\u00c3O 2018 DE PETROLINA TER\u00c3O LINHA DE CR\u00c9DITO ESPECIAL\",\"datePublished\":\"2018-04-03T12:22:33+00:00\",\"mainEntityOfPage\":{\"@id\":\"https:\\\/\\\/blogdofarnesio.com.br\\\/?p=193225\"},\"wordCount\":316,\"publisher\":{\"@id\":\"https:\\\/\\\/blogdofarnesio.com.br\\\/#organization\"},\"image\":{\"@id\":\"https:\\\/\\\/blogdofarnesio.com.br\\\/?p=193225#primaryimage\"},\"thumbnailUrl\":\"https:\\\/\\\/blogdofarnesio.com.br\\\/wp-content\\\/uploads\\\/2014\\\/04\\\/blogqsp_ambulantesrecebecurso.jpg\",\"articleSection\":[\"Economia\"],\"inLanguage\":\"pt-BR\"},{\"@type\":\"WebPage\",\"@id\":\"https:\\\/\\\/blogdofarnesio.com.br\\\/?p=193225\",\"url\":\"https:\\\/\\\/blogdofarnesio.com.br\\\/?p=193225\",\"name\":\"AMBULANTES CADASTRADOS PARA O S\u00c3O JO\u00c3O 2018 DE PETROLINA TER\u00c3O LINHA DE CR\u00c9DITO ESPECIAL - Blog do Farn\u00e9sio\",\"isPartOf\":{\"@id\":\"https:\\\/\\\/blogdofarnesio.com.br\\\/#website\"},\"primaryImageOfPage\":{\"@id\":\"https:\\\/\\\/blogdofarnesio.com.br\\\/?p=193225#primaryimage\"},\"image\":{\"@id\":\"https:\\\/\\\/blogdofarnesio.com.br\\\/?p=193225#primaryimage\"},\"thumbnailUrl\":\"https:\\\/\\\/blogdofarnesio.com.br\\\/wp-content\\\/uploads\\\/2014\\\/04\\\/blogqsp_ambulantesrecebecurso.jpg\",\"datePublished\":\"2018-04-03T12:22:33+00:00\",\"breadcrumb\":{\"@id\":\"https:\\\/\\\/blogdofarnesio.com.br\\\/?p=193225#breadcrumb\"},\"inLanguage\":\"pt-BR\",\"potentialAction\":[{\"@type\":\"ReadAction\",\"target\":[\"https:\\\/\\\/blogdofarnesio.com.br\\\/?p=193225\"]}]},{\"@type\":\"ImageObject\",\"inLanguage\":\"pt-BR\",\"@id\":\"https:\\\/\\\/blogdofarnesio.com.br\\\/?p=193225#primaryimage\",\"url\":\"https:\\\/\\\/blogdofarnesio.com.br\\\/wp-content\\\/uploads\\\/2014\\\/04\\\/blogqsp_ambulantesrecebecurso.jpg\",\"contentUrl\":\"https:\\\/\\\/blogdofarnesio.com.br\\\/wp-content\\\/uploads\\\/2014\\\/04\\\/blogqsp_ambulantesrecebecurso.jpg\",\"width\":400,\"height\":266},{\"@type\":\"BreadcrumbList\",\"@id\":\"https:\\\/\\\/blogdofarnesio.com.br\\\/?p=193225#breadcrumb\",\"itemListElement\":[{\"@type\":\"ListItem\",\"position\":1,\"name\":\"In\u00edcio\",\"item\":\"https:\\\/\\\/blogdofarnesio.com.br\\\/\"},{\"@type\":\"ListItem\",\"position\":2,\"name\":\"AMBULANTES CADASTRADOS PARA O S\u00c3O JO\u00c3O 2018 DE PETROLINA TER\u00c3O LINHA DE CR\u00c9DITO ESPECIAL\"}]},{\"@type\":\"WebSite\",\"@id\":\"https:\\\/\\\/blogdofarnesio.com.br\\\/#website\",\"url\":\"https:\\\/\\\/blogdofarnesio.com.br\\\/\",\"name\":\"Blog do Farn\u00e9sio\",\"description\":\"Quer Saber Pol\u00edtica?\",\"publisher\":{\"@id\":\"https:\\\/\\\/blogdofarnesio.com.br\\\/#organization\"},\"potentialAction\":[{\"@type\":\"SearchAction\",\"target\":{\"@type\":\"EntryPoint\",\"urlTemplate\":\"https:\\\/\\\/blogdofarnesio.com.br\\\/?s={search_term_string}\"},\"query-input\":{\"@type\":\"PropertyValueSpecification\",\"valueRequired\":true,\"valueName\":\"search_term_string\"}}],\"inLanguage\":\"pt-BR\"},{\"@type\":\"Organization\",\"@id\":\"https:\\\/\\\/blogdofarnesio.com.br\\\/#organization\",\"name\":\"Blog do Farn\u00e9sio\",\"url\":\"https:\\\/\\\/blogdofarnesio.com.br\\\/\",\"logo\":{\"@type\":\"ImageObject\",\"inLanguage\":\"pt-BR\",\"@id\":\"https:\\\/\\\/blogdofarnesio.com.br\\\/#\\\/schema\\\/logo\\\/image\\\/\",\"url\":\"https:\\\/\\\/blogdofarnesio.com.br\\\/wp-content\\\/uploads\\\/2026\\\/03\\\/cropped-logo_new-1.png\",\"contentUrl\":\"https:\\\/\\\/blogdofarnesio.com.br\\\/wp-content\\\/uploads\\\/2026\\\/03\\\/cropped-logo_new-1.png\",\"width\":881,\"height\":685,\"caption\":\"Blog do Farn\u00e9sio\"},\"image\":{\"@id\":\"https:\\\/\\\/blogdofarnesio.com.br\\\/#\\\/schema\\\/logo\\\/image\\\/\"},\"sameAs\":[\"https:\\\/\\\/www.facebook.com\\\/BlogQuerSaberPolitica\\\/\"]},{\"@type\":\"Person\",\"@id\":\"https:\\\/\\\/blogdofarnesio.com.br\\\/#\\\/schema\\\/person\\\/301c4acf522bccbfdb45af95b5b906a1\",\"name\":\"Farn\u00e9sio\",\"image\":{\"@type\":\"ImageObject\",\"inLanguage\":\"pt-BR\",\"@id\":\"https:\\\/\\\/secure.gravatar.com\\\/avatar\\\/df0c9a14567c056f8ad6876ba5bbd1e3e2c48023eb6807342fc4663adf549f38?s=96&d=mm&r=g\",\"url\":\"https:\\\/\\\/secure.gravatar.com\\\/avatar\\\/df0c9a14567c056f8ad6876ba5bbd1e3e2c48023eb6807342fc4663adf549f38?s=96&d=mm&r=g\",\"contentUrl\":\"https:\\\/\\\/secure.gravatar.com\\\/avatar\\\/df0c9a14567c056f8ad6876ba5bbd1e3e2c48023eb6807342fc4663adf549f38?s=96&d=mm&r=g\",\"caption\":\"Farn\u00e9sio\"},\"sameAs\":[\"https:\\\/\\\/quersaberpolitica.com.br\"],\"url\":\"https:\\\/\\\/blogdofarnesio.com.br\\\/?author=1\"}]}<\/script>\n<!-- \/ Yoast SEO plugin. -->","yoast_head_json":{"title":"AMBULANTES CADASTRADOS PARA O S\u00c3O JO\u00c3O 2018 DE PETROLINA TER\u00c3O LINHA DE CR\u00c9DITO ESPECIAL - Blog do Farn\u00e9sio","robots":{"index":"index","follow":"follow","max-snippet":"max-snippet:-1","max-image-preview":"max-image-preview:large","max-video-preview":"max-video-preview:-1"},"canonical":"https:\/\/blogdofarnesio.com.br\/?p=193225","og_locale":"pt_BR","og_type":"article","og_title":"AMBULANTES CADASTRADOS PARA O S\u00c3O JO\u00c3O 2018 DE PETROLINA TER\u00c3O LINHA DE CR\u00c9DITO ESPECIAL - Blog do Farn\u00e9sio","og_description":"Os ambulantes cadastrados pela Prefeitura\u00a0\u00a0para trabalhar no S\u00e3o Jo\u00e3o de Petrolina, poder\u00e3o contar com uma nova concess\u00e3o de linha de cr\u00e9dito da Ag\u00eancia Municipal do Empreendedor (AGE).\u00a0\u00a0A boa not\u00edcia foi dada na manh\u00e3 desta segunda-feira (02), durante reuni\u00e3o t\u00e9cnica de planejamento entre as secretarias de Cultura, Turismo e Esportes; Desenvolvimento Econ\u00f4mico e Agr\u00e1rio e a Vigil\u00e2ncia Sanit\u00e1ria. O encontro aconteceu no Centro de Conven\u00e7\u00f5es e contou com as presen\u00e7as do diretor-presidente da AGE, Sebasti\u00e3o Amorim; do secret\u00e1rio de Cultura, Turismo e Esportes, Em\u00edcio Junior; do diretor-presidente da Ag\u00eancia de Vigil\u00e2ncia Sanit\u00e1ria, Marcelo Gama; do secret\u00e1rio-executivo de Cultura, C\u00e1ssio Lucena; do diretor de Eventos, T\u00falio Teobaldo e do diretor Administrativo Financeiro da AGE, Marcos Gama. Segundo Sebasti\u00e3o Amorim, o planejamento, a&hellip;","og_url":"https:\/\/blogdofarnesio.com.br\/?p=193225","og_site_name":"Blog do Farn\u00e9sio","article_publisher":"https:\/\/www.facebook.com\/BlogQuerSaberPolitica\/","article_published_time":"2018-04-03T12:22:33+00:00","og_image":[{"width":400,"height":266,"url":"https:\/\/blogdofarnesio.com.br\/wp-content\/uploads\/2014\/04\/blogqsp_ambulantesrecebecurso.jpg","type":"image\/jpeg"}],"author":"Farn\u00e9sio","twitter_card":"summary_large_image","twitter_misc":{"Escrito por":"Farn\u00e9sio","Est. tempo de leitura":"1 minuto"},"schema":{"@context":"https:\/\/schema.org","@graph":[{"@type":"Article","@id":"https:\/\/blogdofarnesio.com.br\/?p=193225#article","isPartOf":{"@id":"https:\/\/blogdofarnesio.com.br\/?p=193225"},"author":{"name":"Farn\u00e9sio","@id":"https:\/\/blogdofarnesio.com.br\/#\/schema\/person\/301c4acf522bccbfdb45af95b5b906a1"},"headline":"AMBULANTES CADASTRADOS PARA O S\u00c3O JO\u00c3O 2018 DE PETROLINA TER\u00c3O LINHA DE CR\u00c9DITO ESPECIAL","datePublished":"2018-04-03T12:22:33+00:00","mainEntityOfPage":{"@id":"https:\/\/blogdofarnesio.com.br\/?p=193225"},"wordCount":316,"publisher":{"@id":"https:\/\/blogdofarnesio.com.br\/#organization"},"image":{"@id":"https:\/\/blogdofarnesio.com.br\/?p=193225#primaryimage"},"thumbnailUrl":"https:\/\/blogdofarnesio.com.br\/wp-content\/uploads\/2014\/04\/blogqsp_ambulantesrecebecurso.jpg","articleSection":["Economia"],"inLanguage":"pt-BR"},{"@type":"WebPage","@id":"https:\/\/blogdofarnesio.com.br\/?p=193225","url":"https:\/\/blogdofarnesio.com.br\/?p=193225","name":"AMBULANTES CADASTRADOS PARA O S\u00c3O JO\u00c3O 2018 DE PETROLINA TER\u00c3O LINHA DE CR\u00c9DITO ESPECIAL - Blog do Farn\u00e9sio","isPartOf":{"@id":"https:\/\/blogdofarnesio.com.br\/#website"},"primaryImageOfPage":{"@id":"https:\/\/blogdofarnesio.com.br\/?p=193225#primaryimage"},"image":{"@id":"https:\/\/blogdofarnesio.com.br\/?p=193225#primaryimage"},"thumbnailUrl":"https:\/\/blogdofarnesio.com.br\/wp-content\/uploads\/2014\/04\/blogqsp_ambulantesrecebecurso.jpg","datePublished":"2018-04-03T12:22:33+00:00","breadcrumb":{"@id":"https:\/\/blogdofarnesio.com.br\/?p=193225#breadcrumb"},"inLanguage":"pt-BR","potentialAction":[{"@type":"ReadAction","target":["https:\/\/blogdofarnesio.com.br\/?p=193225"]}]},{"@type":"ImageObject","inLanguage":"pt-BR","@id":"https:\/\/blogdofarnesio.com.br\/?p=193225#primaryimage","url":"https:\/\/blogdofarnesio.com.br\/wp-content\/uploads\/2014\/04\/blogqsp_ambulantesrecebecurso.jpg","contentUrl":"https:\/\/blogdofarnesio.com.br\/wp-content\/uploads\/2014\/04\/blogqsp_ambulantesrecebecurso.jpg","width":400,"height":266},{"@type":"BreadcrumbList","@id":"https:\/\/blogdofarnesio.com.br\/?p=193225#breadcrumb","itemListElement":[{"@type":"ListItem","position":1,"name":"In\u00edcio","item":"https:\/\/blogdofarnesio.com.br\/"},{"@type":"ListItem","position":2,"name":"AMBULANTES CADASTRADOS PARA O S\u00c3O JO\u00c3O 2018 DE PETROLINA TER\u00c3O LINHA DE CR\u00c9DITO ESPECIAL"}]},{"@type":"WebSite","@id":"https:\/\/blogdofarnesio.com.br\/#website","url":"https:\/\/blogdofarnesio.com.br\/","name":"Blog do Farn\u00e9sio","description":"Quer Saber Pol\u00edtica?","publisher":{"@id":"https:\/\/blogdofarnesio.com.br\/#organization"},"potentialAction":[{"@type":"SearchAction","target":{"@type":"EntryPoint","urlTemplate":"https:\/\/blogdofarnesio.com.br\/?s={search_term_string}"},"query-input":{"@type":"PropertyValueSpecification","valueRequired":true,"valueName":"search_term_string"}}],"inLanguage":"pt-BR"},{"@type":"Organization","@id":"https:\/\/blogdofarnesio.com.br\/#organization","name":"Blog do Farn\u00e9sio","url":"https:\/\/blogdofarnesio.com.br\/","logo":{"@type":"ImageObject","inLanguage":"pt-BR","@id":"https:\/\/blogdofarnesio.com.br\/#\/schema\/logo\/image\/","url":"https:\/\/blogdofarnesio.com.br\/wp-content\/uploads\/2026\/03\/cropped-logo_new-1.png","contentUrl":"https:\/\/blogdofarnesio.com.br\/wp-content\/uploads\/2026\/03\/cropped-logo_new-1.png","width":881,"height":685,"caption":"Blog do Farn\u00e9sio"},"image":{"@id":"https:\/\/blogdofarnesio.com.br\/#\/schema\/logo\/image\/"},"sameAs":["https:\/\/www.facebook.com\/BlogQuerSaberPolitica\/"]},{"@type":"Person","@id":"https:\/\/blogdofarnesio.com.br\/#\/schema\/person\/301c4acf522bccbfdb45af95b5b906a1","name":"Farn\u00e9sio","image":{"@type":"ImageObject","inLanguage":"pt-BR","@id":"https:\/\/secure.gravatar.com\/avatar\/df0c9a14567c056f8ad6876ba5bbd1e3e2c48023eb6807342fc4663adf549f38?s=96&d=mm&r=g","url":"https:\/\/secure.gravatar.com\/avatar\/df0c9a14567c056f8ad6876ba5bbd1e3e2c48023eb6807342fc4663adf549f38?s=96&d=mm&r=g","contentUrl":"https:\/\/secure.gravatar.com\/avatar\/df0c9a14567c056f8ad6876ba5bbd1e3e2c48023eb6807342fc4663adf549f38?s=96&d=mm&r=g","caption":"Farn\u00e9sio"},"sameAs":["https:\/\/quersaberpolitica.com.br"],"url":"https:\/\/blogdofarnesio.com.br\/?author=1"}]}},"_links":{"self":[{"href":"https:\/\/blogdofarnesio.com.br\/index.php?rest_route=\/wp\/v2\/posts\/193225","targetHints":{"allow":["GET"]}}],"collection":[{"href":"https:\/\/blogdofarnesio.com.br\/index.php?rest_route=\/wp\/v2\/posts"}],"about":[{"href":"https:\/\/blogdofarnesio.com.br\/index.php?rest_route=\/wp\/v2\/types\/post"}],"author":[{"embeddable":true,"href":"https:\/\/blogdofarnesio.com.br\/index.php?rest_route=\/wp\/v2\/users\/1"}],"replies":[{"embeddable":true,"href":"https:\/\/blogdofarnesio.com.br\/index.php?rest_route=%2Fwp%2Fv2%2Fcomments&post=193225"}],"version-history":[{"count":0,"href":"https:\/\/blogdofarnesio.com.br\/index.php?rest_route=\/wp\/v2\/posts\/193225\/revisions"}],"wp:featuredmedia":[{"embeddable":true,"href":"https:\/\/blogdofarnesio.com.br\/index.php?rest_route=\/wp\/v2\/media\/79226"}],"wp:attachment":[{"href":"https:\/\/blogdofarnesio.com.br\/index.php?rest_route=%2Fwp%2Fv2%2Fmedia&parent=193225"}],"wp:term":[{"taxonomy":"category","embeddable":true,"href":"https:\/\/blogdofarnesio.com.br\/index.php?rest_route=%2Fwp%2Fv2%2Fcategories&post=193225"},{"taxonomy":"post_tag","embeddable":true,"href":"https:\/\/blogdofarnesio.com.br\/index.php?rest_route=%2Fwp%2Fv2%2Ftags&post=193225"}],"curies":[{"name":"wp","href":"https:\/\/api.w.org\/{rel}","templated":true}]}}