{"id":193222,"date":"2018-04-03T09:00:52","date_gmt":"2018-04-03T12:00:52","guid":{"rendered":"http:\/\/quersaberpolitica.com.br\/2016\/?p=193222"},"modified":"2018-04-02T20:49:06","modified_gmt":"2018-04-02T23:49:06","slug":"emenda-do-deputado-roberto-carlos-viabilizou-apos-13-anos-a-volta-do-espetaculo-da-via-sacra-em-juazeiro","status":"publish","type":"post","link":"https:\/\/blogdofarnesio.com.br\/?p=193222","title":{"rendered":"EMENDA DO DEPUTADO ROBERTO CARLOS VIABILIZOU AP\u00d3S 13 ANOS, A VOLTA DO ESPET\u00c1CULO DA VIA SACRA EM JUAZEIRO"},"content":{"rendered":"<div style=\"text-align: justify;\">Um espet\u00e1culo para emocionar e revigorar a f\u00e9 de todos os presentes. As apresenta\u00e7\u00f5es da\u00a0<b>Via Sacra<\/b>\u00a0voltaram a ocorrer na cidade de Juazeiro, neste final de semana, ap\u00f3s pouco mais de\u00a0<b>13 anos<\/b>\u00a0paradas. Durante a\u00a0<b>Semana Santa<\/b>, diversos grupos teatrais tiveram a oportunidade de se apresentar nos bairros e no interior do munic\u00edpio, levando a hist\u00f3ria da Vida, Morte e Paix\u00e3o de Cristo.<\/div>\n<div style=\"text-align: justify;\"><\/div>\n<div style=\"text-align: justify;\">Um p\u00fablico expressivo acompanhou de perto as apresenta\u00e7\u00f5es da Via Sacra, em especial da realizada na Orla 2 de Juazeiro que impressionou pela alta qualidade da produ\u00e7\u00e3o teatral.\u00a0<b>Edvaldo Franciolli<\/b>, produtor executivo do espet\u00e1culo, agradeceu ao incentivo financeiro dado pelo deputado estadual\u00a0<b>Roberto Carlos<\/b>\u00a0atrav\u00e9s de emenda parlamentar. O deputado destinou\u00a0<b>R$ 80 mil<\/b>\u00a0para a reparti\u00e7\u00e3o entre os grupos teatrais que se apresentaram na regi\u00e3o.<\/div>\n<div style=\"text-align: justify;\"><\/div>\n<div style=\"text-align: justify;\">&#8211; \u201cGra\u00e7as \u00e0 emenda do deputado Roberto Carlos, o incentivo do vereador Charles Leal, o apoio da Prefeitura Municipal de Juazeiro, da Viver Produ\u00e7\u00f5es de Salvador, a Opara Estrutura\u00e7\u00e3o LTDA (Abdon e filhos), Bahiatursa,\u00a0 do Restaurante Macaxeira, nossos artistas enfrentaram todas as barreiras e conseguiram com muito talento e criatividade produzir este grande espet\u00e1culo. Vale salientar que come\u00e7amos do nada para produzir pois o que existia das antigas produ\u00e7\u00f5es foram destru\u00eddas por pessoas que n\u00e3o tem zelo pela coisa p\u00fablica\u201d, declarou Franciolli.<\/div>\n<div style=\"text-align: justify;\"><\/div>\n<div style=\"text-align: justify;\">O deputado estadual Roberto Carlos comentou sobre a realiza\u00e7\u00e3o da Via Sacra em Juazeiro ap\u00f3s mais de 13 anos sem apresenta\u00e7\u00f5es. Ele conta que foi procurado pelo grupo de Franciolli para ajudar financeiramente na realiza\u00e7\u00e3o da pe\u00e7a, mas que outros grupos teatrais tamb\u00e9m o procuraram em seguida para viabilizar tamb\u00e9m as suas apresenta\u00e7\u00f5es pela cidade<\/div>\n<div style=\"text-align: justify;\"><\/div>\n<div style=\"text-align: justify;\">&#8211; &#8220;O sucesso foi geral e a alegria estava estampada na cara da popula\u00e7\u00e3o que assistiu aos espet\u00e1culos na sexta-feira e s\u00e1bado. Agrade\u00e7o ao secret\u00e1rio de Cultura do munic\u00edpio, S\u00e9rgio Fernandes, ao prefeito Paulo Bomfim, e aos artistas de Juazeiro, em nome dos organizadores do evento: Hertz F\u00e9lix, Edvaldo Franciolli e Devilles&#8221;, disse Roberto Carlos.<\/div>\n<div style=\"text-align: justify;\"><\/div>\n<div style=\"text-align: justify;\">A dire\u00e7\u00e3o geral do espet\u00e1culo realizada na Orla 2 de Juazeiro \u00e9 de\u00a0<b>Hertz F\u00e9lix<\/b>, dire\u00e7\u00e3o executiva de\u00a0<b>Edvaldo Franciolli<\/b>, dire\u00e7\u00e3o de elenco\u00a0<b>Devilles<\/b>, dire\u00e7\u00e3o de figurino e cen\u00e1rio\u00a0<b>Reginaldo Duarte<\/b>\u00a0e dire\u00e7\u00e3o coreogr\u00e1fica de\u00a0<b>Alan Cleber<\/b>.<\/div>\n","protected":false},"excerpt":{"rendered":"<p>Um espet\u00e1culo para emocionar e revigorar a f\u00e9 de todos os presentes. As apresenta\u00e7\u00f5es da\u00a0Via Sacra\u00a0voltaram a ocorrer na cidade de Juazeiro, neste final de semana, ap\u00f3s pouco mais de\u00a013 anos\u00a0paradas. Durante a\u00a0Semana Santa, diversos grupos teatrais tiveram a oportunidade de se apresentar nos bairros e no interior do munic\u00edpio, levando a hist\u00f3ria da Vida, Morte e Paix\u00e3o de Cristo. Um p\u00fablico expressivo acompanhou de perto as apresenta\u00e7\u00f5es da Via Sacra, em especial da realizada na Orla 2 de Juazeiro que impressionou pela alta qualidade da produ\u00e7\u00e3o teatral.\u00a0Edvaldo Franciolli, produtor executivo do espet\u00e1culo, agradeceu ao incentivo financeiro dado pelo deputado estadual\u00a0Roberto Carlos\u00a0atrav\u00e9s de emenda parlamentar. O deputado destinou\u00a0R$ 80 mil\u00a0para a reparti\u00e7\u00e3o entre os grupos teatrais que se apresentaram na&hellip; <\/p>\n","protected":false},"author":1,"featured_media":193223,"comment_status":"closed","ping_status":"closed","sticky":false,"template":"","format":"standard","meta":{"_acf_changed":false,"footnotes":""},"categories":[10],"tags":[],"class_list":["post-193222","post","type-post","status-publish","format-standard","has-post-thumbnail","hentry","category-cultura"],"acf":[],"yoast_head":"<!-- This site is optimized with the Yoast SEO plugin v27.4 - https:\/\/yoast.com\/product\/yoast-seo-wordpress\/ -->\n<title>EMENDA DO DEPUTADO ROBERTO CARLOS VIABILIZOU AP\u00d3S 13 ANOS, A VOLTA DO ESPET\u00c1CULO DA VIA SACRA EM JUAZEIRO - Blog do Farn\u00e9sio<\/title>\n<meta name=\"robots\" content=\"index, follow, max-snippet:-1, max-image-preview:large, max-video-preview:-1\" \/>\n<link rel=\"canonical\" href=\"https:\/\/blogdofarnesio.com.br\/?p=193222\" \/>\n<meta property=\"og:locale\" content=\"pt_BR\" \/>\n<meta property=\"og:type\" content=\"article\" \/>\n<meta property=\"og:title\" content=\"EMENDA DO DEPUTADO ROBERTO CARLOS VIABILIZOU AP\u00d3S 13 ANOS, A VOLTA DO ESPET\u00c1CULO DA VIA SACRA EM JUAZEIRO - Blog do Farn\u00e9sio\" \/>\n<meta property=\"og:description\" content=\"Um espet\u00e1culo para emocionar e revigorar a f\u00e9 de todos os presentes. As apresenta\u00e7\u00f5es da\u00a0Via Sacra\u00a0voltaram a ocorrer na cidade de Juazeiro, neste final de semana, ap\u00f3s pouco mais de\u00a013 anos\u00a0paradas. Durante a\u00a0Semana Santa, diversos grupos teatrais tiveram a oportunidade de se apresentar nos bairros e no interior do munic\u00edpio, levando a hist\u00f3ria da Vida, Morte e Paix\u00e3o de Cristo. Um p\u00fablico expressivo acompanhou de perto as apresenta\u00e7\u00f5es da Via Sacra, em especial da realizada na Orla 2 de Juazeiro que impressionou pela alta qualidade da produ\u00e7\u00e3o teatral.\u00a0Edvaldo Franciolli, produtor executivo do espet\u00e1culo, agradeceu ao incentivo financeiro dado pelo deputado estadual\u00a0Roberto Carlos\u00a0atrav\u00e9s de emenda parlamentar. O deputado destinou\u00a0R$ 80 mil\u00a0para a reparti\u00e7\u00e3o entre os grupos teatrais que se apresentaram na&hellip;\" \/>\n<meta property=\"og:url\" content=\"https:\/\/blogdofarnesio.com.br\/?p=193222\" \/>\n<meta property=\"og:site_name\" content=\"Blog do Farn\u00e9sio\" \/>\n<meta property=\"article:publisher\" content=\"https:\/\/www.facebook.com\/BlogQuerSaberPolitica\/\" \/>\n<meta property=\"article:published_time\" content=\"2018-04-03T12:00:52+00:00\" \/>\n<meta property=\"og:image\" content=\"https:\/\/blogdofarnesio.com.br\/wp-content\/uploads\/2018\/04\/blogqsp-Espet\u00e1culo-Via-Sacra-3.jpeg\" \/>\n\t<meta property=\"og:image:width\" content=\"640\" \/>\n\t<meta property=\"og:image:height\" content=\"427\" \/>\n\t<meta property=\"og:image:type\" content=\"image\/jpeg\" \/>\n<meta name=\"author\" content=\"Farn\u00e9sio\" \/>\n<meta name=\"twitter:card\" content=\"summary_large_image\" \/>\n<meta name=\"twitter:label1\" content=\"Escrito por\" \/>\n\t<meta name=\"twitter:data1\" content=\"Farn\u00e9sio\" \/>\n\t<meta name=\"twitter:label2\" content=\"Est. tempo de leitura\" \/>\n\t<meta name=\"twitter:data2\" content=\"2 minutos\" \/>\n<script type=\"application\/ld+json\" class=\"yoast-schema-graph\">{\"@context\":\"https:\\\/\\\/schema.org\",\"@graph\":[{\"@type\":\"Article\",\"@id\":\"https:\\\/\\\/blogdofarnesio.com.br\\\/?p=193222#article\",\"isPartOf\":{\"@id\":\"https:\\\/\\\/blogdofarnesio.com.br\\\/?p=193222\"},\"author\":{\"name\":\"Farn\u00e9sio\",\"@id\":\"https:\\\/\\\/blogdofarnesio.com.br\\\/#\\\/schema\\\/person\\\/301c4acf522bccbfdb45af95b5b906a1\"},\"headline\":\"EMENDA DO DEPUTADO ROBERTO CARLOS VIABILIZOU AP\u00d3S 13 ANOS, A VOLTA DO ESPET\u00c1CULO DA VIA SACRA EM JUAZEIRO\",\"datePublished\":\"2018-04-03T12:00:52+00:00\",\"mainEntityOfPage\":{\"@id\":\"https:\\\/\\\/blogdofarnesio.com.br\\\/?p=193222\"},\"wordCount\":419,\"publisher\":{\"@id\":\"https:\\\/\\\/blogdofarnesio.com.br\\\/#organization\"},\"image\":{\"@id\":\"https:\\\/\\\/blogdofarnesio.com.br\\\/?p=193222#primaryimage\"},\"thumbnailUrl\":\"https:\\\/\\\/blogdofarnesio.com.br\\\/wp-content\\\/uploads\\\/2018\\\/04\\\/blogqsp-Espet\u00e1culo-Via-Sacra-3.jpeg\",\"articleSection\":[\"Cultura\"],\"inLanguage\":\"pt-BR\"},{\"@type\":\"WebPage\",\"@id\":\"https:\\\/\\\/blogdofarnesio.com.br\\\/?p=193222\",\"url\":\"https:\\\/\\\/blogdofarnesio.com.br\\\/?p=193222\",\"name\":\"EMENDA DO DEPUTADO ROBERTO CARLOS VIABILIZOU AP\u00d3S 13 ANOS, A VOLTA DO ESPET\u00c1CULO DA VIA SACRA EM JUAZEIRO - Blog do Farn\u00e9sio\",\"isPartOf\":{\"@id\":\"https:\\\/\\\/blogdofarnesio.com.br\\\/#website\"},\"primaryImageOfPage\":{\"@id\":\"https:\\\/\\\/blogdofarnesio.com.br\\\/?p=193222#primaryimage\"},\"image\":{\"@id\":\"https:\\\/\\\/blogdofarnesio.com.br\\\/?p=193222#primaryimage\"},\"thumbnailUrl\":\"https:\\\/\\\/blogdofarnesio.com.br\\\/wp-content\\\/uploads\\\/2018\\\/04\\\/blogqsp-Espet\u00e1culo-Via-Sacra-3.jpeg\",\"datePublished\":\"2018-04-03T12:00:52+00:00\",\"breadcrumb\":{\"@id\":\"https:\\\/\\\/blogdofarnesio.com.br\\\/?p=193222#breadcrumb\"},\"inLanguage\":\"pt-BR\",\"potentialAction\":[{\"@type\":\"ReadAction\",\"target\":[\"https:\\\/\\\/blogdofarnesio.com.br\\\/?p=193222\"]}]},{\"@type\":\"ImageObject\",\"inLanguage\":\"pt-BR\",\"@id\":\"https:\\\/\\\/blogdofarnesio.com.br\\\/?p=193222#primaryimage\",\"url\":\"https:\\\/\\\/blogdofarnesio.com.br\\\/wp-content\\\/uploads\\\/2018\\\/04\\\/blogqsp-Espet\u00e1culo-Via-Sacra-3.jpeg\",\"contentUrl\":\"https:\\\/\\\/blogdofarnesio.com.br\\\/wp-content\\\/uploads\\\/2018\\\/04\\\/blogqsp-Espet\u00e1culo-Via-Sacra-3.jpeg\",\"width\":640,\"height\":427},{\"@type\":\"BreadcrumbList\",\"@id\":\"https:\\\/\\\/blogdofarnesio.com.br\\\/?p=193222#breadcrumb\",\"itemListElement\":[{\"@type\":\"ListItem\",\"position\":1,\"name\":\"In\u00edcio\",\"item\":\"https:\\\/\\\/blogdofarnesio.com.br\\\/\"},{\"@type\":\"ListItem\",\"position\":2,\"name\":\"EMENDA DO DEPUTADO ROBERTO CARLOS VIABILIZOU AP\u00d3S 13 ANOS, A VOLTA DO ESPET\u00c1CULO DA VIA SACRA EM JUAZEIRO\"}]},{\"@type\":\"WebSite\",\"@id\":\"https:\\\/\\\/blogdofarnesio.com.br\\\/#website\",\"url\":\"https:\\\/\\\/blogdofarnesio.com.br\\\/\",\"name\":\"Blog do Farn\u00e9sio\",\"description\":\"Quer Saber Pol\u00edtica?\",\"publisher\":{\"@id\":\"https:\\\/\\\/blogdofarnesio.com.br\\\/#organization\"},\"potentialAction\":[{\"@type\":\"SearchAction\",\"target\":{\"@type\":\"EntryPoint\",\"urlTemplate\":\"https:\\\/\\\/blogdofarnesio.com.br\\\/?s={search_term_string}\"},\"query-input\":{\"@type\":\"PropertyValueSpecification\",\"valueRequired\":true,\"valueName\":\"search_term_string\"}}],\"inLanguage\":\"pt-BR\"},{\"@type\":\"Organization\",\"@id\":\"https:\\\/\\\/blogdofarnesio.com.br\\\/#organization\",\"name\":\"Blog do Farn\u00e9sio\",\"url\":\"https:\\\/\\\/blogdofarnesio.com.br\\\/\",\"logo\":{\"@type\":\"ImageObject\",\"inLanguage\":\"pt-BR\",\"@id\":\"https:\\\/\\\/blogdofarnesio.com.br\\\/#\\\/schema\\\/logo\\\/image\\\/\",\"url\":\"https:\\\/\\\/blogdofarnesio.com.br\\\/wp-content\\\/uploads\\\/2026\\\/03\\\/cropped-logo_new-1.png\",\"contentUrl\":\"https:\\\/\\\/blogdofarnesio.com.br\\\/wp-content\\\/uploads\\\/2026\\\/03\\\/cropped-logo_new-1.png\",\"width\":881,\"height\":685,\"caption\":\"Blog do Farn\u00e9sio\"},\"image\":{\"@id\":\"https:\\\/\\\/blogdofarnesio.com.br\\\/#\\\/schema\\\/logo\\\/image\\\/\"},\"sameAs\":[\"https:\\\/\\\/www.facebook.com\\\/BlogQuerSaberPolitica\\\/\"]},{\"@type\":\"Person\",\"@id\":\"https:\\\/\\\/blogdofarnesio.com.br\\\/#\\\/schema\\\/person\\\/301c4acf522bccbfdb45af95b5b906a1\",\"name\":\"Farn\u00e9sio\",\"image\":{\"@type\":\"ImageObject\",\"inLanguage\":\"pt-BR\",\"@id\":\"https:\\\/\\\/secure.gravatar.com\\\/avatar\\\/df0c9a14567c056f8ad6876ba5bbd1e3e2c48023eb6807342fc4663adf549f38?s=96&d=mm&r=g\",\"url\":\"https:\\\/\\\/secure.gravatar.com\\\/avatar\\\/df0c9a14567c056f8ad6876ba5bbd1e3e2c48023eb6807342fc4663adf549f38?s=96&d=mm&r=g\",\"contentUrl\":\"https:\\\/\\\/secure.gravatar.com\\\/avatar\\\/df0c9a14567c056f8ad6876ba5bbd1e3e2c48023eb6807342fc4663adf549f38?s=96&d=mm&r=g\",\"caption\":\"Farn\u00e9sio\"},\"sameAs\":[\"https:\\\/\\\/quersaberpolitica.com.br\"],\"url\":\"https:\\\/\\\/blogdofarnesio.com.br\\\/?author=1\"}]}<\/script>\n<!-- \/ Yoast SEO plugin. -->","yoast_head_json":{"title":"EMENDA DO DEPUTADO ROBERTO CARLOS VIABILIZOU AP\u00d3S 13 ANOS, A VOLTA DO ESPET\u00c1CULO DA VIA SACRA EM JUAZEIRO - Blog do Farn\u00e9sio","robots":{"index":"index","follow":"follow","max-snippet":"max-snippet:-1","max-image-preview":"max-image-preview:large","max-video-preview":"max-video-preview:-1"},"canonical":"https:\/\/blogdofarnesio.com.br\/?p=193222","og_locale":"pt_BR","og_type":"article","og_title":"EMENDA DO DEPUTADO ROBERTO CARLOS VIABILIZOU AP\u00d3S 13 ANOS, A VOLTA DO ESPET\u00c1CULO DA VIA SACRA EM JUAZEIRO - Blog do Farn\u00e9sio","og_description":"Um espet\u00e1culo para emocionar e revigorar a f\u00e9 de todos os presentes. As apresenta\u00e7\u00f5es da\u00a0Via Sacra\u00a0voltaram a ocorrer na cidade de Juazeiro, neste final de semana, ap\u00f3s pouco mais de\u00a013 anos\u00a0paradas. Durante a\u00a0Semana Santa, diversos grupos teatrais tiveram a oportunidade de se apresentar nos bairros e no interior do munic\u00edpio, levando a hist\u00f3ria da Vida, Morte e Paix\u00e3o de Cristo. Um p\u00fablico expressivo acompanhou de perto as apresenta\u00e7\u00f5es da Via Sacra, em especial da realizada na Orla 2 de Juazeiro que impressionou pela alta qualidade da produ\u00e7\u00e3o teatral.\u00a0Edvaldo Franciolli, produtor executivo do espet\u00e1culo, agradeceu ao incentivo financeiro dado pelo deputado estadual\u00a0Roberto Carlos\u00a0atrav\u00e9s de emenda parlamentar. O deputado destinou\u00a0R$ 80 mil\u00a0para a reparti\u00e7\u00e3o entre os grupos teatrais que se apresentaram na&hellip;","og_url":"https:\/\/blogdofarnesio.com.br\/?p=193222","og_site_name":"Blog do Farn\u00e9sio","article_publisher":"https:\/\/www.facebook.com\/BlogQuerSaberPolitica\/","article_published_time":"2018-04-03T12:00:52+00:00","og_image":[{"width":640,"height":427,"url":"https:\/\/blogdofarnesio.com.br\/wp-content\/uploads\/2018\/04\/blogqsp-Espet\u00e1culo-Via-Sacra-3.jpeg","type":"image\/jpeg"}],"author":"Farn\u00e9sio","twitter_card":"summary_large_image","twitter_misc":{"Escrito por":"Farn\u00e9sio","Est. tempo de leitura":"2 minutos"},"schema":{"@context":"https:\/\/schema.org","@graph":[{"@type":"Article","@id":"https:\/\/blogdofarnesio.com.br\/?p=193222#article","isPartOf":{"@id":"https:\/\/blogdofarnesio.com.br\/?p=193222"},"author":{"name":"Farn\u00e9sio","@id":"https:\/\/blogdofarnesio.com.br\/#\/schema\/person\/301c4acf522bccbfdb45af95b5b906a1"},"headline":"EMENDA DO DEPUTADO ROBERTO CARLOS VIABILIZOU AP\u00d3S 13 ANOS, A VOLTA DO ESPET\u00c1CULO DA VIA SACRA EM JUAZEIRO","datePublished":"2018-04-03T12:00:52+00:00","mainEntityOfPage":{"@id":"https:\/\/blogdofarnesio.com.br\/?p=193222"},"wordCount":419,"publisher":{"@id":"https:\/\/blogdofarnesio.com.br\/#organization"},"image":{"@id":"https:\/\/blogdofarnesio.com.br\/?p=193222#primaryimage"},"thumbnailUrl":"https:\/\/blogdofarnesio.com.br\/wp-content\/uploads\/2018\/04\/blogqsp-Espet\u00e1culo-Via-Sacra-3.jpeg","articleSection":["Cultura"],"inLanguage":"pt-BR"},{"@type":"WebPage","@id":"https:\/\/blogdofarnesio.com.br\/?p=193222","url":"https:\/\/blogdofarnesio.com.br\/?p=193222","name":"EMENDA DO DEPUTADO ROBERTO CARLOS VIABILIZOU AP\u00d3S 13 ANOS, A VOLTA DO ESPET\u00c1CULO DA VIA SACRA EM JUAZEIRO - Blog do Farn\u00e9sio","isPartOf":{"@id":"https:\/\/blogdofarnesio.com.br\/#website"},"primaryImageOfPage":{"@id":"https:\/\/blogdofarnesio.com.br\/?p=193222#primaryimage"},"image":{"@id":"https:\/\/blogdofarnesio.com.br\/?p=193222#primaryimage"},"thumbnailUrl":"https:\/\/blogdofarnesio.com.br\/wp-content\/uploads\/2018\/04\/blogqsp-Espet\u00e1culo-Via-Sacra-3.jpeg","datePublished":"2018-04-03T12:00:52+00:00","breadcrumb":{"@id":"https:\/\/blogdofarnesio.com.br\/?p=193222#breadcrumb"},"inLanguage":"pt-BR","potentialAction":[{"@type":"ReadAction","target":["https:\/\/blogdofarnesio.com.br\/?p=193222"]}]},{"@type":"ImageObject","inLanguage":"pt-BR","@id":"https:\/\/blogdofarnesio.com.br\/?p=193222#primaryimage","url":"https:\/\/blogdofarnesio.com.br\/wp-content\/uploads\/2018\/04\/blogqsp-Espet\u00e1culo-Via-Sacra-3.jpeg","contentUrl":"https:\/\/blogdofarnesio.com.br\/wp-content\/uploads\/2018\/04\/blogqsp-Espet\u00e1culo-Via-Sacra-3.jpeg","width":640,"height":427},{"@type":"BreadcrumbList","@id":"https:\/\/blogdofarnesio.com.br\/?p=193222#breadcrumb","itemListElement":[{"@type":"ListItem","position":1,"name":"In\u00edcio","item":"https:\/\/blogdofarnesio.com.br\/"},{"@type":"ListItem","position":2,"name":"EMENDA DO DEPUTADO ROBERTO CARLOS VIABILIZOU AP\u00d3S 13 ANOS, A VOLTA DO ESPET\u00c1CULO DA VIA SACRA EM JUAZEIRO"}]},{"@type":"WebSite","@id":"https:\/\/blogdofarnesio.com.br\/#website","url":"https:\/\/blogdofarnesio.com.br\/","name":"Blog do Farn\u00e9sio","description":"Quer Saber Pol\u00edtica?","publisher":{"@id":"https:\/\/blogdofarnesio.com.br\/#organization"},"potentialAction":[{"@type":"SearchAction","target":{"@type":"EntryPoint","urlTemplate":"https:\/\/blogdofarnesio.com.br\/?s={search_term_string}"},"query-input":{"@type":"PropertyValueSpecification","valueRequired":true,"valueName":"search_term_string"}}],"inLanguage":"pt-BR"},{"@type":"Organization","@id":"https:\/\/blogdofarnesio.com.br\/#organization","name":"Blog do Farn\u00e9sio","url":"https:\/\/blogdofarnesio.com.br\/","logo":{"@type":"ImageObject","inLanguage":"pt-BR","@id":"https:\/\/blogdofarnesio.com.br\/#\/schema\/logo\/image\/","url":"https:\/\/blogdofarnesio.com.br\/wp-content\/uploads\/2026\/03\/cropped-logo_new-1.png","contentUrl":"https:\/\/blogdofarnesio.com.br\/wp-content\/uploads\/2026\/03\/cropped-logo_new-1.png","width":881,"height":685,"caption":"Blog do Farn\u00e9sio"},"image":{"@id":"https:\/\/blogdofarnesio.com.br\/#\/schema\/logo\/image\/"},"sameAs":["https:\/\/www.facebook.com\/BlogQuerSaberPolitica\/"]},{"@type":"Person","@id":"https:\/\/blogdofarnesio.com.br\/#\/schema\/person\/301c4acf522bccbfdb45af95b5b906a1","name":"Farn\u00e9sio","image":{"@type":"ImageObject","inLanguage":"pt-BR","@id":"https:\/\/secure.gravatar.com\/avatar\/df0c9a14567c056f8ad6876ba5bbd1e3e2c48023eb6807342fc4663adf549f38?s=96&d=mm&r=g","url":"https:\/\/secure.gravatar.com\/avatar\/df0c9a14567c056f8ad6876ba5bbd1e3e2c48023eb6807342fc4663adf549f38?s=96&d=mm&r=g","contentUrl":"https:\/\/secure.gravatar.com\/avatar\/df0c9a14567c056f8ad6876ba5bbd1e3e2c48023eb6807342fc4663adf549f38?s=96&d=mm&r=g","caption":"Farn\u00e9sio"},"sameAs":["https:\/\/quersaberpolitica.com.br"],"url":"https:\/\/blogdofarnesio.com.br\/?author=1"}]}},"_links":{"self":[{"href":"https:\/\/blogdofarnesio.com.br\/index.php?rest_route=\/wp\/v2\/posts\/193222","targetHints":{"allow":["GET"]}}],"collection":[{"href":"https:\/\/blogdofarnesio.com.br\/index.php?rest_route=\/wp\/v2\/posts"}],"about":[{"href":"https:\/\/blogdofarnesio.com.br\/index.php?rest_route=\/wp\/v2\/types\/post"}],"author":[{"embeddable":true,"href":"https:\/\/blogdofarnesio.com.br\/index.php?rest_route=\/wp\/v2\/users\/1"}],"replies":[{"embeddable":true,"href":"https:\/\/blogdofarnesio.com.br\/index.php?rest_route=%2Fwp%2Fv2%2Fcomments&post=193222"}],"version-history":[{"count":0,"href":"https:\/\/blogdofarnesio.com.br\/index.php?rest_route=\/wp\/v2\/posts\/193222\/revisions"}],"wp:featuredmedia":[{"embeddable":true,"href":"https:\/\/blogdofarnesio.com.br\/index.php?rest_route=\/wp\/v2\/media\/193223"}],"wp:attachment":[{"href":"https:\/\/blogdofarnesio.com.br\/index.php?rest_route=%2Fwp%2Fv2%2Fmedia&parent=193222"}],"wp:term":[{"taxonomy":"category","embeddable":true,"href":"https:\/\/blogdofarnesio.com.br\/index.php?rest_route=%2Fwp%2Fv2%2Fcategories&post=193222"},{"taxonomy":"post_tag","embeddable":true,"href":"https:\/\/blogdofarnesio.com.br\/index.php?rest_route=%2Fwp%2Fv2%2Ftags&post=193222"}],"curies":[{"name":"wp","href":"https:\/\/api.w.org\/{rel}","templated":true}]}}