{"id":193210,"date":"2018-04-03T07:22:43","date_gmt":"2018-04-03T10:22:43","guid":{"rendered":"http:\/\/quersaberpolitica.com.br\/2016\/?p=193210"},"modified":"2018-04-02T16:17:58","modified_gmt":"2018-04-02T19:17:58","slug":"exposicao-fotografica-retrata-dia-a-dia-de-criancas-autistas-em-petrolina","status":"publish","type":"post","link":"https:\/\/blogdofarnesio.com.br\/?p=193210","title":{"rendered":"EXPOSI\u00c7\u00c3O FOTOGR\u00c1FICA RETRATA DIA A DIA DE CRIAN\u00c7AS AUTISTAS EM PETROLINA"},"content":{"rendered":"<p>Nesta semana em que se comemora o Dia Mundial do Autismo, uma exposi\u00e7\u00e3o fotogr\u00e1fica em Petrolina traz novos \u00e2ngulos sobre o dist\u00farbio. Intitulada de \u2018Infinito Particular\u2019, a exposi\u00e7\u00e3o da fot\u00f3grafa, Ros\u00e2ngela S\u00e1, revela com delicadeza o dia a dia de fam\u00edlias com filhos autistas.<\/p>\n<div id=\"contPost\" class=\"alinhaPost\">\n<p>A iniciativa faz parte de uma s\u00e9rie de a\u00e7\u00f5es organizadas pela prefeitura e pela Associa\u00e7\u00e3o de Amigos do Autista do Vale do S\u00e3o Francisco (Amavasf). Ao todo, 12 telas comp\u00f5e a exposi\u00e7\u00e3o que foi aberta nesta segunda-feira (2), com a presen\u00e7a da vice-prefeita, Luska Portela e segue at\u00e9 a pr\u00f3xima sexta-feira (6) na Prefeitura de Petrolina. As telas tamb\u00e9m estar\u00e3o dispon\u00edveis para visita\u00e7\u00e3o, a partir da pr\u00f3xima segunda (9), na Secretaria Executiva da Mulher e Acessibilidade e ainda na Secretaria de Sa\u00fade, a partir da segunda-feira (16).<\/p>\n<p>A secret\u00e1ria executiva da Juventude e Direitos Humanos de Petrolina, Bruna Ruana, destaca a import\u00e2ncia de sensibilizar a popula\u00e7\u00e3o sobre o autismo. \u201c<em class=\"font-weight-normal font-italic\">N\u00f3s queremos convidar a popula\u00e7\u00e3o para visitar esta exposi\u00e7\u00e3o, perceber a beleza das imagens destas fam\u00edlias e se conscientizar sobre como a\u00e7\u00f5es de inclus\u00e3o s\u00e3o importantes para avan\u00e7armos, principalmente, na implementa\u00e7\u00e3o de pol\u00edticas p\u00fablicas<\/em>\u201d, disse.<\/p>\n<p>Ainda em comemora\u00e7\u00e3o ao Dia Mundial de Conscientiza\u00e7\u00e3o do Autismo, ser\u00e1 realizado nesta ter\u00e7a-feira (3), a partir das 19h30, um\u00a0concerto com a Philarm\u00f4nica 21 de Setembro no Parque Municipal Josepha Coelho.<\/p>\n<p>As principais caracter\u00edsticas do autismo, utilizadas inclusive para diagn\u00f3sticos, s\u00e3o chamadas de tr\u00edade de comprometimento: preju\u00edzos na intera\u00e7\u00e3o social, no processo de comunica\u00e7\u00e3o e na imagina\u00e7\u00e3o al\u00e9m da presen\u00e7a de comportamentos repetitivos. Essa \u201ctr\u00edade\u201d faz com que os autistas geralmente tenham dificuldade em imitar gestos alheios e em entender met\u00e1foras. Eles costumam apresentar tamb\u00e9m isolamento social, avers\u00e3o a determinados sons, preocupa\u00e7\u00e3o exagerada com coisas consideradas insignificantes e falta de empatia.<\/p>\n<p>Confira a programa\u00e7\u00e3o:<\/p>\n<p>Ter\u00e7a (3)<\/p>\n<p>19h30: Projeto Inclus\u00e3o e Melodia na Arena II do Parque Municipal Josepha Coelho com a Philarm\u00f4nica 21 de Setembro.<\/p>\n<p>Segunda (9)<\/p>\n<p>7h \u2013 Abertura da\u00a0Exposi\u00e7\u00e3o\u00a0\u201cInfinito Particular\u201d na Secretaria Executiva da Mulher e Acessibilidade.<\/p>\n<p>Segunda (16)<\/p>\n<p>7h \u2013 Abertura da\u00a0Exposi\u00e7\u00e3o\u00a0\u201cInfinito Particular\u201d na Secretaria Municipal de Sa\u00fade.<\/p>\n<p>Domingo\u00a0(18)\u00a0\u2013 Forma\u00e7\u00e3o para profissionais de sa\u00fade sobre autismo.<\/p>\n<p>Quarta\u00a0(25)\u00a0\u2013\u00a0Forma\u00e7\u00e3o para profissionais de sa\u00fade sobre autismo.<\/p>\n<\/div>\n","protected":false},"excerpt":{"rendered":"<p>Nesta semana em que se comemora o Dia Mundial do Autismo, uma exposi\u00e7\u00e3o fotogr\u00e1fica em Petrolina traz novos \u00e2ngulos sobre o dist\u00farbio. Intitulada de \u2018Infinito Particular\u2019, a exposi\u00e7\u00e3o da fot\u00f3grafa, Ros\u00e2ngela S\u00e1, revela com delicadeza o dia a dia de fam\u00edlias com filhos autistas. A iniciativa faz parte de uma s\u00e9rie de a\u00e7\u00f5es organizadas pela prefeitura e pela Associa\u00e7\u00e3o de Amigos do Autista do Vale do S\u00e3o Francisco (Amavasf). Ao todo, 12 telas comp\u00f5e a exposi\u00e7\u00e3o que foi aberta nesta segunda-feira (2), com a presen\u00e7a da vice-prefeita, Luska Portela e segue at\u00e9 a pr\u00f3xima sexta-feira (6) na Prefeitura de Petrolina. As telas tamb\u00e9m estar\u00e3o dispon\u00edveis para visita\u00e7\u00e3o, a partir da pr\u00f3xima segunda (9), na Secretaria Executiva da Mulher e Acessibilidade&hellip; <\/p>\n","protected":false},"author":1,"featured_media":193211,"comment_status":"closed","ping_status":"closed","sticky":false,"template":"","format":"standard","meta":{"_acf_changed":false,"footnotes":""},"categories":[1],"tags":[],"class_list":["post-193210","post","type-post","status-publish","format-standard","has-post-thumbnail","hentry","category-politica"],"acf":[],"yoast_head":"<!-- This site is optimized with the Yoast SEO plugin v27.4 - https:\/\/yoast.com\/product\/yoast-seo-wordpress\/ -->\n<title>EXPOSI\u00c7\u00c3O FOTOGR\u00c1FICA RETRATA DIA A DIA DE CRIAN\u00c7AS AUTISTAS EM PETROLINA - Blog do Farn\u00e9sio<\/title>\n<meta name=\"robots\" content=\"index, follow, max-snippet:-1, max-image-preview:large, max-video-preview:-1\" \/>\n<link rel=\"canonical\" href=\"https:\/\/blogdofarnesio.com.br\/?p=193210\" \/>\n<meta property=\"og:locale\" content=\"pt_BR\" \/>\n<meta property=\"og:type\" content=\"article\" \/>\n<meta property=\"og:title\" content=\"EXPOSI\u00c7\u00c3O FOTOGR\u00c1FICA RETRATA DIA A DIA DE CRIAN\u00c7AS AUTISTAS EM PETROLINA - Blog do Farn\u00e9sio\" \/>\n<meta property=\"og:description\" content=\"Nesta semana em que se comemora o Dia Mundial do Autismo, uma exposi\u00e7\u00e3o fotogr\u00e1fica em Petrolina traz novos \u00e2ngulos sobre o dist\u00farbio. Intitulada de \u2018Infinito Particular\u2019, a exposi\u00e7\u00e3o da fot\u00f3grafa, Ros\u00e2ngela S\u00e1, revela com delicadeza o dia a dia de fam\u00edlias com filhos autistas. A iniciativa faz parte de uma s\u00e9rie de a\u00e7\u00f5es organizadas pela prefeitura e pela Associa\u00e7\u00e3o de Amigos do Autista do Vale do S\u00e3o Francisco (Amavasf). Ao todo, 12 telas comp\u00f5e a exposi\u00e7\u00e3o que foi aberta nesta segunda-feira (2), com a presen\u00e7a da vice-prefeita, Luska Portela e segue at\u00e9 a pr\u00f3xima sexta-feira (6) na Prefeitura de Petrolina. As telas tamb\u00e9m estar\u00e3o dispon\u00edveis para visita\u00e7\u00e3o, a partir da pr\u00f3xima segunda (9), na Secretaria Executiva da Mulher e Acessibilidade&hellip;\" \/>\n<meta property=\"og:url\" content=\"https:\/\/blogdofarnesio.com.br\/?p=193210\" \/>\n<meta property=\"og:site_name\" content=\"Blog do Farn\u00e9sio\" \/>\n<meta property=\"article:publisher\" content=\"https:\/\/www.facebook.com\/BlogQuerSaberPolitica\/\" \/>\n<meta property=\"article:published_time\" content=\"2018-04-03T10:22:43+00:00\" \/>\n<meta property=\"og:image\" content=\"https:\/\/blogdofarnesio.com.br\/wp-content\/uploads\/2018\/04\/blogqspexposi\u00e7\u00e3o-austismo-horz-vert.jpg\" \/>\n\t<meta property=\"og:image:width\" content=\"640\" \/>\n\t<meta property=\"og:image:height\" content=\"425\" \/>\n\t<meta property=\"og:image:type\" content=\"image\/jpeg\" \/>\n<meta name=\"author\" content=\"Farn\u00e9sio\" \/>\n<meta name=\"twitter:card\" content=\"summary_large_image\" \/>\n<meta name=\"twitter:label1\" content=\"Escrito por\" \/>\n\t<meta name=\"twitter:data1\" content=\"Farn\u00e9sio\" \/>\n\t<meta name=\"twitter:label2\" content=\"Est. tempo de leitura\" \/>\n\t<meta name=\"twitter:data2\" content=\"2 minutos\" \/>\n<script type=\"application\/ld+json\" class=\"yoast-schema-graph\">{\"@context\":\"https:\\\/\\\/schema.org\",\"@graph\":[{\"@type\":\"Article\",\"@id\":\"https:\\\/\\\/blogdofarnesio.com.br\\\/?p=193210#article\",\"isPartOf\":{\"@id\":\"https:\\\/\\\/blogdofarnesio.com.br\\\/?p=193210\"},\"author\":{\"name\":\"Farn\u00e9sio\",\"@id\":\"https:\\\/\\\/blogdofarnesio.com.br\\\/#\\\/schema\\\/person\\\/301c4acf522bccbfdb45af95b5b906a1\"},\"headline\":\"EXPOSI\u00c7\u00c3O FOTOGR\u00c1FICA RETRATA DIA A DIA DE CRIAN\u00c7AS AUTISTAS EM PETROLINA\",\"datePublished\":\"2018-04-03T10:22:43+00:00\",\"mainEntityOfPage\":{\"@id\":\"https:\\\/\\\/blogdofarnesio.com.br\\\/?p=193210\"},\"wordCount\":426,\"publisher\":{\"@id\":\"https:\\\/\\\/blogdofarnesio.com.br\\\/#organization\"},\"image\":{\"@id\":\"https:\\\/\\\/blogdofarnesio.com.br\\\/?p=193210#primaryimage\"},\"thumbnailUrl\":\"https:\\\/\\\/blogdofarnesio.com.br\\\/wp-content\\\/uploads\\\/2018\\\/04\\\/blogqspexposi\u00e7\u00e3o-austismo-horz-vert.jpg\",\"articleSection\":[\"Pol\u00edtica\"],\"inLanguage\":\"pt-BR\"},{\"@type\":\"WebPage\",\"@id\":\"https:\\\/\\\/blogdofarnesio.com.br\\\/?p=193210\",\"url\":\"https:\\\/\\\/blogdofarnesio.com.br\\\/?p=193210\",\"name\":\"EXPOSI\u00c7\u00c3O FOTOGR\u00c1FICA RETRATA DIA A DIA DE CRIAN\u00c7AS AUTISTAS EM PETROLINA - Blog do Farn\u00e9sio\",\"isPartOf\":{\"@id\":\"https:\\\/\\\/blogdofarnesio.com.br\\\/#website\"},\"primaryImageOfPage\":{\"@id\":\"https:\\\/\\\/blogdofarnesio.com.br\\\/?p=193210#primaryimage\"},\"image\":{\"@id\":\"https:\\\/\\\/blogdofarnesio.com.br\\\/?p=193210#primaryimage\"},\"thumbnailUrl\":\"https:\\\/\\\/blogdofarnesio.com.br\\\/wp-content\\\/uploads\\\/2018\\\/04\\\/blogqspexposi\u00e7\u00e3o-austismo-horz-vert.jpg\",\"datePublished\":\"2018-04-03T10:22:43+00:00\",\"breadcrumb\":{\"@id\":\"https:\\\/\\\/blogdofarnesio.com.br\\\/?p=193210#breadcrumb\"},\"inLanguage\":\"pt-BR\",\"potentialAction\":[{\"@type\":\"ReadAction\",\"target\":[\"https:\\\/\\\/blogdofarnesio.com.br\\\/?p=193210\"]}]},{\"@type\":\"ImageObject\",\"inLanguage\":\"pt-BR\",\"@id\":\"https:\\\/\\\/blogdofarnesio.com.br\\\/?p=193210#primaryimage\",\"url\":\"https:\\\/\\\/blogdofarnesio.com.br\\\/wp-content\\\/uploads\\\/2018\\\/04\\\/blogqspexposi\u00e7\u00e3o-austismo-horz-vert.jpg\",\"contentUrl\":\"https:\\\/\\\/blogdofarnesio.com.br\\\/wp-content\\\/uploads\\\/2018\\\/04\\\/blogqspexposi\u00e7\u00e3o-austismo-horz-vert.jpg\",\"width\":640,\"height\":425},{\"@type\":\"BreadcrumbList\",\"@id\":\"https:\\\/\\\/blogdofarnesio.com.br\\\/?p=193210#breadcrumb\",\"itemListElement\":[{\"@type\":\"ListItem\",\"position\":1,\"name\":\"In\u00edcio\",\"item\":\"https:\\\/\\\/blogdofarnesio.com.br\\\/\"},{\"@type\":\"ListItem\",\"position\":2,\"name\":\"EXPOSI\u00c7\u00c3O FOTOGR\u00c1FICA RETRATA DIA A DIA DE CRIAN\u00c7AS AUTISTAS EM PETROLINA\"}]},{\"@type\":\"WebSite\",\"@id\":\"https:\\\/\\\/blogdofarnesio.com.br\\\/#website\",\"url\":\"https:\\\/\\\/blogdofarnesio.com.br\\\/\",\"name\":\"Blog do Farn\u00e9sio\",\"description\":\"Quer Saber Pol\u00edtica?\",\"publisher\":{\"@id\":\"https:\\\/\\\/blogdofarnesio.com.br\\\/#organization\"},\"potentialAction\":[{\"@type\":\"SearchAction\",\"target\":{\"@type\":\"EntryPoint\",\"urlTemplate\":\"https:\\\/\\\/blogdofarnesio.com.br\\\/?s={search_term_string}\"},\"query-input\":{\"@type\":\"PropertyValueSpecification\",\"valueRequired\":true,\"valueName\":\"search_term_string\"}}],\"inLanguage\":\"pt-BR\"},{\"@type\":\"Organization\",\"@id\":\"https:\\\/\\\/blogdofarnesio.com.br\\\/#organization\",\"name\":\"Blog do Farn\u00e9sio\",\"url\":\"https:\\\/\\\/blogdofarnesio.com.br\\\/\",\"logo\":{\"@type\":\"ImageObject\",\"inLanguage\":\"pt-BR\",\"@id\":\"https:\\\/\\\/blogdofarnesio.com.br\\\/#\\\/schema\\\/logo\\\/image\\\/\",\"url\":\"https:\\\/\\\/blogdofarnesio.com.br\\\/wp-content\\\/uploads\\\/2026\\\/03\\\/cropped-logo_new-1.png\",\"contentUrl\":\"https:\\\/\\\/blogdofarnesio.com.br\\\/wp-content\\\/uploads\\\/2026\\\/03\\\/cropped-logo_new-1.png\",\"width\":881,\"height\":685,\"caption\":\"Blog do Farn\u00e9sio\"},\"image\":{\"@id\":\"https:\\\/\\\/blogdofarnesio.com.br\\\/#\\\/schema\\\/logo\\\/image\\\/\"},\"sameAs\":[\"https:\\\/\\\/www.facebook.com\\\/BlogQuerSaberPolitica\\\/\"]},{\"@type\":\"Person\",\"@id\":\"https:\\\/\\\/blogdofarnesio.com.br\\\/#\\\/schema\\\/person\\\/301c4acf522bccbfdb45af95b5b906a1\",\"name\":\"Farn\u00e9sio\",\"image\":{\"@type\":\"ImageObject\",\"inLanguage\":\"pt-BR\",\"@id\":\"https:\\\/\\\/secure.gravatar.com\\\/avatar\\\/df0c9a14567c056f8ad6876ba5bbd1e3e2c48023eb6807342fc4663adf549f38?s=96&d=mm&r=g\",\"url\":\"https:\\\/\\\/secure.gravatar.com\\\/avatar\\\/df0c9a14567c056f8ad6876ba5bbd1e3e2c48023eb6807342fc4663adf549f38?s=96&d=mm&r=g\",\"contentUrl\":\"https:\\\/\\\/secure.gravatar.com\\\/avatar\\\/df0c9a14567c056f8ad6876ba5bbd1e3e2c48023eb6807342fc4663adf549f38?s=96&d=mm&r=g\",\"caption\":\"Farn\u00e9sio\"},\"sameAs\":[\"https:\\\/\\\/quersaberpolitica.com.br\"],\"url\":\"https:\\\/\\\/blogdofarnesio.com.br\\\/?author=1\"}]}<\/script>\n<!-- \/ Yoast SEO plugin. -->","yoast_head_json":{"title":"EXPOSI\u00c7\u00c3O FOTOGR\u00c1FICA RETRATA DIA A DIA DE CRIAN\u00c7AS AUTISTAS EM PETROLINA - Blog do Farn\u00e9sio","robots":{"index":"index","follow":"follow","max-snippet":"max-snippet:-1","max-image-preview":"max-image-preview:large","max-video-preview":"max-video-preview:-1"},"canonical":"https:\/\/blogdofarnesio.com.br\/?p=193210","og_locale":"pt_BR","og_type":"article","og_title":"EXPOSI\u00c7\u00c3O FOTOGR\u00c1FICA RETRATA DIA A DIA DE CRIAN\u00c7AS AUTISTAS EM PETROLINA - Blog do Farn\u00e9sio","og_description":"Nesta semana em que se comemora o Dia Mundial do Autismo, uma exposi\u00e7\u00e3o fotogr\u00e1fica em Petrolina traz novos \u00e2ngulos sobre o dist\u00farbio. Intitulada de \u2018Infinito Particular\u2019, a exposi\u00e7\u00e3o da fot\u00f3grafa, Ros\u00e2ngela S\u00e1, revela com delicadeza o dia a dia de fam\u00edlias com filhos autistas. A iniciativa faz parte de uma s\u00e9rie de a\u00e7\u00f5es organizadas pela prefeitura e pela Associa\u00e7\u00e3o de Amigos do Autista do Vale do S\u00e3o Francisco (Amavasf). Ao todo, 12 telas comp\u00f5e a exposi\u00e7\u00e3o que foi aberta nesta segunda-feira (2), com a presen\u00e7a da vice-prefeita, Luska Portela e segue at\u00e9 a pr\u00f3xima sexta-feira (6) na Prefeitura de Petrolina. As telas tamb\u00e9m estar\u00e3o dispon\u00edveis para visita\u00e7\u00e3o, a partir da pr\u00f3xima segunda (9), na Secretaria Executiva da Mulher e Acessibilidade&hellip;","og_url":"https:\/\/blogdofarnesio.com.br\/?p=193210","og_site_name":"Blog do Farn\u00e9sio","article_publisher":"https:\/\/www.facebook.com\/BlogQuerSaberPolitica\/","article_published_time":"2018-04-03T10:22:43+00:00","og_image":[{"width":640,"height":425,"url":"https:\/\/blogdofarnesio.com.br\/wp-content\/uploads\/2018\/04\/blogqspexposi\u00e7\u00e3o-austismo-horz-vert.jpg","type":"image\/jpeg"}],"author":"Farn\u00e9sio","twitter_card":"summary_large_image","twitter_misc":{"Escrito por":"Farn\u00e9sio","Est. tempo de leitura":"2 minutos"},"schema":{"@context":"https:\/\/schema.org","@graph":[{"@type":"Article","@id":"https:\/\/blogdofarnesio.com.br\/?p=193210#article","isPartOf":{"@id":"https:\/\/blogdofarnesio.com.br\/?p=193210"},"author":{"name":"Farn\u00e9sio","@id":"https:\/\/blogdofarnesio.com.br\/#\/schema\/person\/301c4acf522bccbfdb45af95b5b906a1"},"headline":"EXPOSI\u00c7\u00c3O FOTOGR\u00c1FICA RETRATA DIA A DIA DE CRIAN\u00c7AS AUTISTAS EM PETROLINA","datePublished":"2018-04-03T10:22:43+00:00","mainEntityOfPage":{"@id":"https:\/\/blogdofarnesio.com.br\/?p=193210"},"wordCount":426,"publisher":{"@id":"https:\/\/blogdofarnesio.com.br\/#organization"},"image":{"@id":"https:\/\/blogdofarnesio.com.br\/?p=193210#primaryimage"},"thumbnailUrl":"https:\/\/blogdofarnesio.com.br\/wp-content\/uploads\/2018\/04\/blogqspexposi\u00e7\u00e3o-austismo-horz-vert.jpg","articleSection":["Pol\u00edtica"],"inLanguage":"pt-BR"},{"@type":"WebPage","@id":"https:\/\/blogdofarnesio.com.br\/?p=193210","url":"https:\/\/blogdofarnesio.com.br\/?p=193210","name":"EXPOSI\u00c7\u00c3O FOTOGR\u00c1FICA RETRATA DIA A DIA DE CRIAN\u00c7AS AUTISTAS EM PETROLINA - Blog do Farn\u00e9sio","isPartOf":{"@id":"https:\/\/blogdofarnesio.com.br\/#website"},"primaryImageOfPage":{"@id":"https:\/\/blogdofarnesio.com.br\/?p=193210#primaryimage"},"image":{"@id":"https:\/\/blogdofarnesio.com.br\/?p=193210#primaryimage"},"thumbnailUrl":"https:\/\/blogdofarnesio.com.br\/wp-content\/uploads\/2018\/04\/blogqspexposi\u00e7\u00e3o-austismo-horz-vert.jpg","datePublished":"2018-04-03T10:22:43+00:00","breadcrumb":{"@id":"https:\/\/blogdofarnesio.com.br\/?p=193210#breadcrumb"},"inLanguage":"pt-BR","potentialAction":[{"@type":"ReadAction","target":["https:\/\/blogdofarnesio.com.br\/?p=193210"]}]},{"@type":"ImageObject","inLanguage":"pt-BR","@id":"https:\/\/blogdofarnesio.com.br\/?p=193210#primaryimage","url":"https:\/\/blogdofarnesio.com.br\/wp-content\/uploads\/2018\/04\/blogqspexposi\u00e7\u00e3o-austismo-horz-vert.jpg","contentUrl":"https:\/\/blogdofarnesio.com.br\/wp-content\/uploads\/2018\/04\/blogqspexposi\u00e7\u00e3o-austismo-horz-vert.jpg","width":640,"height":425},{"@type":"BreadcrumbList","@id":"https:\/\/blogdofarnesio.com.br\/?p=193210#breadcrumb","itemListElement":[{"@type":"ListItem","position":1,"name":"In\u00edcio","item":"https:\/\/blogdofarnesio.com.br\/"},{"@type":"ListItem","position":2,"name":"EXPOSI\u00c7\u00c3O FOTOGR\u00c1FICA RETRATA DIA A DIA DE CRIAN\u00c7AS AUTISTAS EM PETROLINA"}]},{"@type":"WebSite","@id":"https:\/\/blogdofarnesio.com.br\/#website","url":"https:\/\/blogdofarnesio.com.br\/","name":"Blog do Farn\u00e9sio","description":"Quer Saber Pol\u00edtica?","publisher":{"@id":"https:\/\/blogdofarnesio.com.br\/#organization"},"potentialAction":[{"@type":"SearchAction","target":{"@type":"EntryPoint","urlTemplate":"https:\/\/blogdofarnesio.com.br\/?s={search_term_string}"},"query-input":{"@type":"PropertyValueSpecification","valueRequired":true,"valueName":"search_term_string"}}],"inLanguage":"pt-BR"},{"@type":"Organization","@id":"https:\/\/blogdofarnesio.com.br\/#organization","name":"Blog do Farn\u00e9sio","url":"https:\/\/blogdofarnesio.com.br\/","logo":{"@type":"ImageObject","inLanguage":"pt-BR","@id":"https:\/\/blogdofarnesio.com.br\/#\/schema\/logo\/image\/","url":"https:\/\/blogdofarnesio.com.br\/wp-content\/uploads\/2026\/03\/cropped-logo_new-1.png","contentUrl":"https:\/\/blogdofarnesio.com.br\/wp-content\/uploads\/2026\/03\/cropped-logo_new-1.png","width":881,"height":685,"caption":"Blog do Farn\u00e9sio"},"image":{"@id":"https:\/\/blogdofarnesio.com.br\/#\/schema\/logo\/image\/"},"sameAs":["https:\/\/www.facebook.com\/BlogQuerSaberPolitica\/"]},{"@type":"Person","@id":"https:\/\/blogdofarnesio.com.br\/#\/schema\/person\/301c4acf522bccbfdb45af95b5b906a1","name":"Farn\u00e9sio","image":{"@type":"ImageObject","inLanguage":"pt-BR","@id":"https:\/\/secure.gravatar.com\/avatar\/df0c9a14567c056f8ad6876ba5bbd1e3e2c48023eb6807342fc4663adf549f38?s=96&d=mm&r=g","url":"https:\/\/secure.gravatar.com\/avatar\/df0c9a14567c056f8ad6876ba5bbd1e3e2c48023eb6807342fc4663adf549f38?s=96&d=mm&r=g","contentUrl":"https:\/\/secure.gravatar.com\/avatar\/df0c9a14567c056f8ad6876ba5bbd1e3e2c48023eb6807342fc4663adf549f38?s=96&d=mm&r=g","caption":"Farn\u00e9sio"},"sameAs":["https:\/\/quersaberpolitica.com.br"],"url":"https:\/\/blogdofarnesio.com.br\/?author=1"}]}},"_links":{"self":[{"href":"https:\/\/blogdofarnesio.com.br\/index.php?rest_route=\/wp\/v2\/posts\/193210","targetHints":{"allow":["GET"]}}],"collection":[{"href":"https:\/\/blogdofarnesio.com.br\/index.php?rest_route=\/wp\/v2\/posts"}],"about":[{"href":"https:\/\/blogdofarnesio.com.br\/index.php?rest_route=\/wp\/v2\/types\/post"}],"author":[{"embeddable":true,"href":"https:\/\/blogdofarnesio.com.br\/index.php?rest_route=\/wp\/v2\/users\/1"}],"replies":[{"embeddable":true,"href":"https:\/\/blogdofarnesio.com.br\/index.php?rest_route=%2Fwp%2Fv2%2Fcomments&post=193210"}],"version-history":[{"count":0,"href":"https:\/\/blogdofarnesio.com.br\/index.php?rest_route=\/wp\/v2\/posts\/193210\/revisions"}],"wp:featuredmedia":[{"embeddable":true,"href":"https:\/\/blogdofarnesio.com.br\/index.php?rest_route=\/wp\/v2\/media\/193211"}],"wp:attachment":[{"href":"https:\/\/blogdofarnesio.com.br\/index.php?rest_route=%2Fwp%2Fv2%2Fmedia&parent=193210"}],"wp:term":[{"taxonomy":"category","embeddable":true,"href":"https:\/\/blogdofarnesio.com.br\/index.php?rest_route=%2Fwp%2Fv2%2Fcategories&post=193210"},{"taxonomy":"post_tag","embeddable":true,"href":"https:\/\/blogdofarnesio.com.br\/index.php?rest_route=%2Fwp%2Fv2%2Ftags&post=193210"}],"curies":[{"name":"wp","href":"https:\/\/api.w.org\/{rel}","templated":true}]}}