{"id":193201,"date":"2018-04-03T08:03:14","date_gmt":"2018-04-03T11:03:14","guid":{"rendered":"http:\/\/quersaberpolitica.com.br\/2016\/?p=193201"},"modified":"2018-04-02T16:08:48","modified_gmt":"2018-04-02T19:08:48","slug":"futuro-politico-de-lula-esta-nas-maos-de-ministra-rosa-weber-que-ja-negou-liberdade-a-57-dos-58-apenados-em-2a-instancia","status":"publish","type":"post","link":"https:\/\/blogdofarnesio.com.br\/?p=193201","title":{"rendered":"FUTURO POL\u00cdTICO DE LULA EST\u00c1 NAS M\u00c3OS DE MINISTRA ROSA WEBER QUE J\u00c1 NEGOU LIBERDADE A 57 DOS 58 APENADOS EM 2\u00aa INST\u00c2NCIA"},"content":{"rendered":"<p><strong>Ricardo Balthazar e Daniel Mariani \u2013 Folha de S.Paulo<\/strong><\/p>\n<p>Dona do voto que pode definir o futuro do ex-presidente Luiz In\u00e1cio Lula da Silva no\u00a0<a href=\"https:\/\/www1.folha.uol.com.br\/poder\/2018\/03\/supremo-adia-julgamento-e-proibe-prisao-de-lula-ate-o-dia-4-de-abril.shtml\">plen\u00e1rio do Supremo Tribunal Federal<\/a>\u00a0nesta semana, a ministra Rosa Weber negou a liberdade a pelo menos 57 condenados que recorreram \u00e0 corte para se livrar da cadeia nos \u00faltimos dois anos.<\/p>\n<p>Desde que o STF\u00a0<a href=\"https:\/\/www1.folha.uol.com.br\/poder\/2018\/03\/tema-da-prisao-apos-segunda-instancia-esta-candente-no-stf-desde-2016.shtml\">mudou sua orienta\u00e7\u00e3o<\/a>\u00a0sobre pris\u00f5es em segunda inst\u00e2ncia e autorizou o cumprimento da pena antes do esgotamento dos recursos em tribunais superiores, Rosa foi sorteada para analisar 58 habeas corpus apresentados por pessoas prejudicadas pela mudan\u00e7a.\u00a0De acordo com levantamento feito pela\u00a0<strong>Folha<\/strong>, a ministra decidiu a favor do r\u00e9u em um \u00fanico caso, o de uma mulher condenada por roubar comida de uma igreja no interior paulista h\u00e1 cinco anos.<\/p>\n<p>Rosa \u00e9 contra a nova jurisprud\u00eancia adotada pelo tribunal, mas seu voto no caso de Lula \u00e9 considerado uma inc\u00f3gnita porque, nos julgamentos de habeas corpus, ela tem contrariado suas convic\u00e7\u00f5es pessoais e votado de acordo com a orienta\u00e7\u00e3o\u00a0<a href=\"https:\/\/www1.folha.uol.com.br\/poder\/2018\/03\/ministros-do-stf-contrariam-decisao-da-corte-sobre-prisao.shtml\">definida pela maioria dos colegas<\/a>.<\/p>\n<p>Como o caso de Lula ser\u00e1 analisado pelo plen\u00e1rio da corte e n\u00e3o pelas turmas em que os 11 ministros se dividem, a sess\u00e3o desta semana pode abrir caminho para uma nova guinada na jurisprud\u00eancia do STF, permitindo que a ministra vote de maneira coerente com suas opini\u00f5es.<\/p>\n<p>O entendimento em vigor no Supremo foi fixado em 2016, no julgamento do habeas corpus de um homem condenado por roubo. Ele foi reafirmado ap\u00f3s a apresenta\u00e7\u00e3o de duas a\u00e7\u00f5es que questionam a nova orienta\u00e7\u00e3o, mas elas ainda n\u00e3o foram julgadas pelo plen\u00e1rio da corte.<\/p>\n<p>Nas tr\u00eas ocasi\u00f5es em que os 11 ministros debateram o assunto, formou-se uma maioria apertada a favor das pris\u00f5es, de 6 votos a 5. Al\u00e9m de Rosa, ficaram vencidos os ministros Celso de Mello, Dias Toffoli, Marco Aur\u00e9lio Mello e Ricardo Lewandowski.\u00a0A atual presidente do STF, C\u00e1rmen L\u00facia, e os ministros Alexandre de Moraes, Edson Fachin, Lu\u00eds Roberto Barroso e Luiz Fux s\u00e3o favor\u00e1veis \u00e0 atual jurisprud\u00eancia. Gilmar Mendes votou a favor da nova orienta\u00e7\u00e3o em 2016, mas no ano passado avisou que\u00a0<a href=\"https:\/\/www1.folha.uol.com.br\/poder\/2018\/03\/favoravel-a-mudanca-no-stf-gilmar-defendia-prisao-em-2a-instancia-veja-video.shtml\">mudou de opini\u00e3o a respeito<\/a>.<\/p>\n<p>At\u00e9 2016, era pac\u00edfico na corte o entendimento de que ningu\u00e9m pode ser declarado culpado e ter sua pena executada antes do julgamento de todos os recursos permitidos pelo sistema judici\u00e1rio.\u00a0Com a nova jurisprud\u00eancia, condenados ap\u00f3s apela\u00e7\u00e3o a tribunais de segunda inst\u00e2ncia, como Lula, podem ser obrigados a iniciar o cumprimento de suas penas antes que recursos a cortes superiores sejam examinados.<\/p>\n<p><strong>Leia reportagem na \u00edntegra clicando a\u00ed ao lado:\u00a0<\/strong><a href=\"https:\/\/www1.folha.uol.com.br\/poder\/2018\/04\/desde-2016-rosa-weber-negou-liberdade-a-57-de-58-condenados-em-2a-instancia.shtml\">Desde 2016, Rosa Weber negou liberdade a 57 de 58 condenados ..<\/a><\/p>\n","protected":false},"excerpt":{"rendered":"<p>Ricardo Balthazar e Daniel Mariani \u2013 Folha de S.Paulo Dona do voto que pode definir o futuro do ex-presidente Luiz In\u00e1cio Lula da Silva no\u00a0plen\u00e1rio do Supremo Tribunal Federal\u00a0nesta semana, a ministra Rosa Weber negou a liberdade a pelo menos 57 condenados que recorreram \u00e0 corte para se livrar da cadeia nos \u00faltimos dois anos. Desde que o STF\u00a0mudou sua orienta\u00e7\u00e3o\u00a0sobre pris\u00f5es em segunda inst\u00e2ncia e autorizou o cumprimento da pena antes do esgotamento dos recursos em tribunais superiores, Rosa foi sorteada para analisar 58 habeas corpus apresentados por pessoas prejudicadas pela mudan\u00e7a.\u00a0De acordo com levantamento feito pela\u00a0Folha, a ministra decidiu a favor do r\u00e9u em um \u00fanico caso, o de uma mulher condenada por roubar comida de uma igreja&hellip; <\/p>\n","protected":false},"author":1,"featured_media":193202,"comment_status":"closed","ping_status":"closed","sticky":false,"template":"","format":"standard","meta":{"_acf_changed":false,"footnotes":""},"categories":[23],"tags":[],"class_list":["post-193201","post","type-post","status-publish","format-standard","has-post-thumbnail","hentry","category-justica"],"acf":[],"yoast_head":"<!-- This site is optimized with the Yoast SEO plugin v27.4 - https:\/\/yoast.com\/product\/yoast-seo-wordpress\/ -->\n<title>FUTURO POL\u00cdTICO DE LULA EST\u00c1 NAS M\u00c3OS DE MINISTRA ROSA WEBER QUE J\u00c1 NEGOU LIBERDADE A 57 DOS 58 APENADOS EM 2\u00aa INST\u00c2NCIA - Blog do Farn\u00e9sio<\/title>\n<meta name=\"robots\" content=\"index, follow, max-snippet:-1, max-image-preview:large, max-video-preview:-1\" \/>\n<link rel=\"canonical\" href=\"https:\/\/blogdofarnesio.com.br\/?p=193201\" \/>\n<meta property=\"og:locale\" content=\"pt_BR\" \/>\n<meta property=\"og:type\" content=\"article\" \/>\n<meta property=\"og:title\" content=\"FUTURO POL\u00cdTICO DE LULA EST\u00c1 NAS M\u00c3OS DE MINISTRA ROSA WEBER QUE J\u00c1 NEGOU LIBERDADE A 57 DOS 58 APENADOS EM 2\u00aa INST\u00c2NCIA - Blog do Farn\u00e9sio\" \/>\n<meta property=\"og:description\" content=\"Ricardo Balthazar e Daniel Mariani \u2013 Folha de S.Paulo Dona do voto que pode definir o futuro do ex-presidente Luiz In\u00e1cio Lula da Silva no\u00a0plen\u00e1rio do Supremo Tribunal Federal\u00a0nesta semana, a ministra Rosa Weber negou a liberdade a pelo menos 57 condenados que recorreram \u00e0 corte para se livrar da cadeia nos \u00faltimos dois anos. Desde que o STF\u00a0mudou sua orienta\u00e7\u00e3o\u00a0sobre pris\u00f5es em segunda inst\u00e2ncia e autorizou o cumprimento da pena antes do esgotamento dos recursos em tribunais superiores, Rosa foi sorteada para analisar 58 habeas corpus apresentados por pessoas prejudicadas pela mudan\u00e7a.\u00a0De acordo com levantamento feito pela\u00a0Folha, a ministra decidiu a favor do r\u00e9u em um \u00fanico caso, o de uma mulher condenada por roubar comida de uma igreja&hellip;\" \/>\n<meta property=\"og:url\" content=\"https:\/\/blogdofarnesio.com.br\/?p=193201\" \/>\n<meta property=\"og:site_name\" content=\"Blog do Farn\u00e9sio\" \/>\n<meta property=\"article:publisher\" content=\"https:\/\/www.facebook.com\/BlogQuerSaberPolitica\/\" \/>\n<meta property=\"article:published_time\" content=\"2018-04-03T11:03:14+00:00\" \/>\n<meta property=\"og:image\" content=\"https:\/\/blogdofarnesio.com.br\/wp-content\/uploads\/2018\/04\/blogqsplularosaweber.jpg\" \/>\n\t<meta property=\"og:image:width\" content=\"547\" \/>\n\t<meta property=\"og:image:height\" content=\"334\" \/>\n\t<meta property=\"og:image:type\" content=\"image\/jpeg\" \/>\n<meta name=\"author\" content=\"Farn\u00e9sio\" \/>\n<meta name=\"twitter:card\" content=\"summary_large_image\" \/>\n<meta name=\"twitter:label1\" content=\"Escrito por\" \/>\n\t<meta name=\"twitter:data1\" content=\"Farn\u00e9sio\" \/>\n\t<meta name=\"twitter:label2\" content=\"Est. tempo de leitura\" \/>\n\t<meta name=\"twitter:data2\" content=\"2 minutos\" \/>\n<script type=\"application\/ld+json\" class=\"yoast-schema-graph\">{\"@context\":\"https:\\\/\\\/schema.org\",\"@graph\":[{\"@type\":\"Article\",\"@id\":\"https:\\\/\\\/blogdofarnesio.com.br\\\/?p=193201#article\",\"isPartOf\":{\"@id\":\"https:\\\/\\\/blogdofarnesio.com.br\\\/?p=193201\"},\"author\":{\"name\":\"Farn\u00e9sio\",\"@id\":\"https:\\\/\\\/blogdofarnesio.com.br\\\/#\\\/schema\\\/person\\\/301c4acf522bccbfdb45af95b5b906a1\"},\"headline\":\"FUTURO POL\u00cdTICO DE LULA EST\u00c1 NAS M\u00c3OS DE MINISTRA ROSA WEBER QUE J\u00c1 NEGOU LIBERDADE A 57 DOS 58 APENADOS EM 2\u00aa INST\u00c2NCIA\",\"datePublished\":\"2018-04-03T11:03:14+00:00\",\"mainEntityOfPage\":{\"@id\":\"https:\\\/\\\/blogdofarnesio.com.br\\\/?p=193201\"},\"wordCount\":489,\"publisher\":{\"@id\":\"https:\\\/\\\/blogdofarnesio.com.br\\\/#organization\"},\"image\":{\"@id\":\"https:\\\/\\\/blogdofarnesio.com.br\\\/?p=193201#primaryimage\"},\"thumbnailUrl\":\"https:\\\/\\\/blogdofarnesio.com.br\\\/wp-content\\\/uploads\\\/2018\\\/04\\\/blogqsplularosaweber.jpg\",\"articleSection\":[\"Justi\u00e7a\"],\"inLanguage\":\"pt-BR\"},{\"@type\":\"WebPage\",\"@id\":\"https:\\\/\\\/blogdofarnesio.com.br\\\/?p=193201\",\"url\":\"https:\\\/\\\/blogdofarnesio.com.br\\\/?p=193201\",\"name\":\"FUTURO POL\u00cdTICO DE LULA EST\u00c1 NAS M\u00c3OS DE MINISTRA ROSA WEBER QUE J\u00c1 NEGOU LIBERDADE A 57 DOS 58 APENADOS EM 2\u00aa INST\u00c2NCIA - Blog do Farn\u00e9sio\",\"isPartOf\":{\"@id\":\"https:\\\/\\\/blogdofarnesio.com.br\\\/#website\"},\"primaryImageOfPage\":{\"@id\":\"https:\\\/\\\/blogdofarnesio.com.br\\\/?p=193201#primaryimage\"},\"image\":{\"@id\":\"https:\\\/\\\/blogdofarnesio.com.br\\\/?p=193201#primaryimage\"},\"thumbnailUrl\":\"https:\\\/\\\/blogdofarnesio.com.br\\\/wp-content\\\/uploads\\\/2018\\\/04\\\/blogqsplularosaweber.jpg\",\"datePublished\":\"2018-04-03T11:03:14+00:00\",\"breadcrumb\":{\"@id\":\"https:\\\/\\\/blogdofarnesio.com.br\\\/?p=193201#breadcrumb\"},\"inLanguage\":\"pt-BR\",\"potentialAction\":[{\"@type\":\"ReadAction\",\"target\":[\"https:\\\/\\\/blogdofarnesio.com.br\\\/?p=193201\"]}]},{\"@type\":\"ImageObject\",\"inLanguage\":\"pt-BR\",\"@id\":\"https:\\\/\\\/blogdofarnesio.com.br\\\/?p=193201#primaryimage\",\"url\":\"https:\\\/\\\/blogdofarnesio.com.br\\\/wp-content\\\/uploads\\\/2018\\\/04\\\/blogqsplularosaweber.jpg\",\"contentUrl\":\"https:\\\/\\\/blogdofarnesio.com.br\\\/wp-content\\\/uploads\\\/2018\\\/04\\\/blogqsplularosaweber.jpg\",\"width\":547,\"height\":334},{\"@type\":\"BreadcrumbList\",\"@id\":\"https:\\\/\\\/blogdofarnesio.com.br\\\/?p=193201#breadcrumb\",\"itemListElement\":[{\"@type\":\"ListItem\",\"position\":1,\"name\":\"In\u00edcio\",\"item\":\"https:\\\/\\\/blogdofarnesio.com.br\\\/\"},{\"@type\":\"ListItem\",\"position\":2,\"name\":\"FUTURO POL\u00cdTICO DE LULA EST\u00c1 NAS M\u00c3OS DE MINISTRA ROSA WEBER QUE J\u00c1 NEGOU LIBERDADE A 57 DOS 58 APENADOS EM 2\u00aa INST\u00c2NCIA\"}]},{\"@type\":\"WebSite\",\"@id\":\"https:\\\/\\\/blogdofarnesio.com.br\\\/#website\",\"url\":\"https:\\\/\\\/blogdofarnesio.com.br\\\/\",\"name\":\"Blog do Farn\u00e9sio\",\"description\":\"Quer Saber Pol\u00edtica?\",\"publisher\":{\"@id\":\"https:\\\/\\\/blogdofarnesio.com.br\\\/#organization\"},\"potentialAction\":[{\"@type\":\"SearchAction\",\"target\":{\"@type\":\"EntryPoint\",\"urlTemplate\":\"https:\\\/\\\/blogdofarnesio.com.br\\\/?s={search_term_string}\"},\"query-input\":{\"@type\":\"PropertyValueSpecification\",\"valueRequired\":true,\"valueName\":\"search_term_string\"}}],\"inLanguage\":\"pt-BR\"},{\"@type\":\"Organization\",\"@id\":\"https:\\\/\\\/blogdofarnesio.com.br\\\/#organization\",\"name\":\"Blog do Farn\u00e9sio\",\"url\":\"https:\\\/\\\/blogdofarnesio.com.br\\\/\",\"logo\":{\"@type\":\"ImageObject\",\"inLanguage\":\"pt-BR\",\"@id\":\"https:\\\/\\\/blogdofarnesio.com.br\\\/#\\\/schema\\\/logo\\\/image\\\/\",\"url\":\"https:\\\/\\\/blogdofarnesio.com.br\\\/wp-content\\\/uploads\\\/2026\\\/03\\\/cropped-logo_new-1.png\",\"contentUrl\":\"https:\\\/\\\/blogdofarnesio.com.br\\\/wp-content\\\/uploads\\\/2026\\\/03\\\/cropped-logo_new-1.png\",\"width\":881,\"height\":685,\"caption\":\"Blog do Farn\u00e9sio\"},\"image\":{\"@id\":\"https:\\\/\\\/blogdofarnesio.com.br\\\/#\\\/schema\\\/logo\\\/image\\\/\"},\"sameAs\":[\"https:\\\/\\\/www.facebook.com\\\/BlogQuerSaberPolitica\\\/\"]},{\"@type\":\"Person\",\"@id\":\"https:\\\/\\\/blogdofarnesio.com.br\\\/#\\\/schema\\\/person\\\/301c4acf522bccbfdb45af95b5b906a1\",\"name\":\"Farn\u00e9sio\",\"image\":{\"@type\":\"ImageObject\",\"inLanguage\":\"pt-BR\",\"@id\":\"https:\\\/\\\/secure.gravatar.com\\\/avatar\\\/df0c9a14567c056f8ad6876ba5bbd1e3e2c48023eb6807342fc4663adf549f38?s=96&d=mm&r=g\",\"url\":\"https:\\\/\\\/secure.gravatar.com\\\/avatar\\\/df0c9a14567c056f8ad6876ba5bbd1e3e2c48023eb6807342fc4663adf549f38?s=96&d=mm&r=g\",\"contentUrl\":\"https:\\\/\\\/secure.gravatar.com\\\/avatar\\\/df0c9a14567c056f8ad6876ba5bbd1e3e2c48023eb6807342fc4663adf549f38?s=96&d=mm&r=g\",\"caption\":\"Farn\u00e9sio\"},\"sameAs\":[\"https:\\\/\\\/quersaberpolitica.com.br\"],\"url\":\"https:\\\/\\\/blogdofarnesio.com.br\\\/?author=1\"}]}<\/script>\n<!-- \/ Yoast SEO plugin. -->","yoast_head_json":{"title":"FUTURO POL\u00cdTICO DE LULA EST\u00c1 NAS M\u00c3OS DE MINISTRA ROSA WEBER QUE J\u00c1 NEGOU LIBERDADE A 57 DOS 58 APENADOS EM 2\u00aa INST\u00c2NCIA - Blog do Farn\u00e9sio","robots":{"index":"index","follow":"follow","max-snippet":"max-snippet:-1","max-image-preview":"max-image-preview:large","max-video-preview":"max-video-preview:-1"},"canonical":"https:\/\/blogdofarnesio.com.br\/?p=193201","og_locale":"pt_BR","og_type":"article","og_title":"FUTURO POL\u00cdTICO DE LULA EST\u00c1 NAS M\u00c3OS DE MINISTRA ROSA WEBER QUE J\u00c1 NEGOU LIBERDADE A 57 DOS 58 APENADOS EM 2\u00aa INST\u00c2NCIA - Blog do Farn\u00e9sio","og_description":"Ricardo Balthazar e Daniel Mariani \u2013 Folha de S.Paulo Dona do voto que pode definir o futuro do ex-presidente Luiz In\u00e1cio Lula da Silva no\u00a0plen\u00e1rio do Supremo Tribunal Federal\u00a0nesta semana, a ministra Rosa Weber negou a liberdade a pelo menos 57 condenados que recorreram \u00e0 corte para se livrar da cadeia nos \u00faltimos dois anos. Desde que o STF\u00a0mudou sua orienta\u00e7\u00e3o\u00a0sobre pris\u00f5es em segunda inst\u00e2ncia e autorizou o cumprimento da pena antes do esgotamento dos recursos em tribunais superiores, Rosa foi sorteada para analisar 58 habeas corpus apresentados por pessoas prejudicadas pela mudan\u00e7a.\u00a0De acordo com levantamento feito pela\u00a0Folha, a ministra decidiu a favor do r\u00e9u em um \u00fanico caso, o de uma mulher condenada por roubar comida de uma igreja&hellip;","og_url":"https:\/\/blogdofarnesio.com.br\/?p=193201","og_site_name":"Blog do Farn\u00e9sio","article_publisher":"https:\/\/www.facebook.com\/BlogQuerSaberPolitica\/","article_published_time":"2018-04-03T11:03:14+00:00","og_image":[{"width":547,"height":334,"url":"https:\/\/blogdofarnesio.com.br\/wp-content\/uploads\/2018\/04\/blogqsplularosaweber.jpg","type":"image\/jpeg"}],"author":"Farn\u00e9sio","twitter_card":"summary_large_image","twitter_misc":{"Escrito por":"Farn\u00e9sio","Est. tempo de leitura":"2 minutos"},"schema":{"@context":"https:\/\/schema.org","@graph":[{"@type":"Article","@id":"https:\/\/blogdofarnesio.com.br\/?p=193201#article","isPartOf":{"@id":"https:\/\/blogdofarnesio.com.br\/?p=193201"},"author":{"name":"Farn\u00e9sio","@id":"https:\/\/blogdofarnesio.com.br\/#\/schema\/person\/301c4acf522bccbfdb45af95b5b906a1"},"headline":"FUTURO POL\u00cdTICO DE LULA EST\u00c1 NAS M\u00c3OS DE MINISTRA ROSA WEBER QUE J\u00c1 NEGOU LIBERDADE A 57 DOS 58 APENADOS EM 2\u00aa INST\u00c2NCIA","datePublished":"2018-04-03T11:03:14+00:00","mainEntityOfPage":{"@id":"https:\/\/blogdofarnesio.com.br\/?p=193201"},"wordCount":489,"publisher":{"@id":"https:\/\/blogdofarnesio.com.br\/#organization"},"image":{"@id":"https:\/\/blogdofarnesio.com.br\/?p=193201#primaryimage"},"thumbnailUrl":"https:\/\/blogdofarnesio.com.br\/wp-content\/uploads\/2018\/04\/blogqsplularosaweber.jpg","articleSection":["Justi\u00e7a"],"inLanguage":"pt-BR"},{"@type":"WebPage","@id":"https:\/\/blogdofarnesio.com.br\/?p=193201","url":"https:\/\/blogdofarnesio.com.br\/?p=193201","name":"FUTURO POL\u00cdTICO DE LULA EST\u00c1 NAS M\u00c3OS DE MINISTRA ROSA WEBER QUE J\u00c1 NEGOU LIBERDADE A 57 DOS 58 APENADOS EM 2\u00aa INST\u00c2NCIA - Blog do Farn\u00e9sio","isPartOf":{"@id":"https:\/\/blogdofarnesio.com.br\/#website"},"primaryImageOfPage":{"@id":"https:\/\/blogdofarnesio.com.br\/?p=193201#primaryimage"},"image":{"@id":"https:\/\/blogdofarnesio.com.br\/?p=193201#primaryimage"},"thumbnailUrl":"https:\/\/blogdofarnesio.com.br\/wp-content\/uploads\/2018\/04\/blogqsplularosaweber.jpg","datePublished":"2018-04-03T11:03:14+00:00","breadcrumb":{"@id":"https:\/\/blogdofarnesio.com.br\/?p=193201#breadcrumb"},"inLanguage":"pt-BR","potentialAction":[{"@type":"ReadAction","target":["https:\/\/blogdofarnesio.com.br\/?p=193201"]}]},{"@type":"ImageObject","inLanguage":"pt-BR","@id":"https:\/\/blogdofarnesio.com.br\/?p=193201#primaryimage","url":"https:\/\/blogdofarnesio.com.br\/wp-content\/uploads\/2018\/04\/blogqsplularosaweber.jpg","contentUrl":"https:\/\/blogdofarnesio.com.br\/wp-content\/uploads\/2018\/04\/blogqsplularosaweber.jpg","width":547,"height":334},{"@type":"BreadcrumbList","@id":"https:\/\/blogdofarnesio.com.br\/?p=193201#breadcrumb","itemListElement":[{"@type":"ListItem","position":1,"name":"In\u00edcio","item":"https:\/\/blogdofarnesio.com.br\/"},{"@type":"ListItem","position":2,"name":"FUTURO POL\u00cdTICO DE LULA EST\u00c1 NAS M\u00c3OS DE MINISTRA ROSA WEBER QUE J\u00c1 NEGOU LIBERDADE A 57 DOS 58 APENADOS EM 2\u00aa INST\u00c2NCIA"}]},{"@type":"WebSite","@id":"https:\/\/blogdofarnesio.com.br\/#website","url":"https:\/\/blogdofarnesio.com.br\/","name":"Blog do Farn\u00e9sio","description":"Quer Saber Pol\u00edtica?","publisher":{"@id":"https:\/\/blogdofarnesio.com.br\/#organization"},"potentialAction":[{"@type":"SearchAction","target":{"@type":"EntryPoint","urlTemplate":"https:\/\/blogdofarnesio.com.br\/?s={search_term_string}"},"query-input":{"@type":"PropertyValueSpecification","valueRequired":true,"valueName":"search_term_string"}}],"inLanguage":"pt-BR"},{"@type":"Organization","@id":"https:\/\/blogdofarnesio.com.br\/#organization","name":"Blog do Farn\u00e9sio","url":"https:\/\/blogdofarnesio.com.br\/","logo":{"@type":"ImageObject","inLanguage":"pt-BR","@id":"https:\/\/blogdofarnesio.com.br\/#\/schema\/logo\/image\/","url":"https:\/\/blogdofarnesio.com.br\/wp-content\/uploads\/2026\/03\/cropped-logo_new-1.png","contentUrl":"https:\/\/blogdofarnesio.com.br\/wp-content\/uploads\/2026\/03\/cropped-logo_new-1.png","width":881,"height":685,"caption":"Blog do Farn\u00e9sio"},"image":{"@id":"https:\/\/blogdofarnesio.com.br\/#\/schema\/logo\/image\/"},"sameAs":["https:\/\/www.facebook.com\/BlogQuerSaberPolitica\/"]},{"@type":"Person","@id":"https:\/\/blogdofarnesio.com.br\/#\/schema\/person\/301c4acf522bccbfdb45af95b5b906a1","name":"Farn\u00e9sio","image":{"@type":"ImageObject","inLanguage":"pt-BR","@id":"https:\/\/secure.gravatar.com\/avatar\/df0c9a14567c056f8ad6876ba5bbd1e3e2c48023eb6807342fc4663adf549f38?s=96&d=mm&r=g","url":"https:\/\/secure.gravatar.com\/avatar\/df0c9a14567c056f8ad6876ba5bbd1e3e2c48023eb6807342fc4663adf549f38?s=96&d=mm&r=g","contentUrl":"https:\/\/secure.gravatar.com\/avatar\/df0c9a14567c056f8ad6876ba5bbd1e3e2c48023eb6807342fc4663adf549f38?s=96&d=mm&r=g","caption":"Farn\u00e9sio"},"sameAs":["https:\/\/quersaberpolitica.com.br"],"url":"https:\/\/blogdofarnesio.com.br\/?author=1"}]}},"_links":{"self":[{"href":"https:\/\/blogdofarnesio.com.br\/index.php?rest_route=\/wp\/v2\/posts\/193201","targetHints":{"allow":["GET"]}}],"collection":[{"href":"https:\/\/blogdofarnesio.com.br\/index.php?rest_route=\/wp\/v2\/posts"}],"about":[{"href":"https:\/\/blogdofarnesio.com.br\/index.php?rest_route=\/wp\/v2\/types\/post"}],"author":[{"embeddable":true,"href":"https:\/\/blogdofarnesio.com.br\/index.php?rest_route=\/wp\/v2\/users\/1"}],"replies":[{"embeddable":true,"href":"https:\/\/blogdofarnesio.com.br\/index.php?rest_route=%2Fwp%2Fv2%2Fcomments&post=193201"}],"version-history":[{"count":0,"href":"https:\/\/blogdofarnesio.com.br\/index.php?rest_route=\/wp\/v2\/posts\/193201\/revisions"}],"wp:featuredmedia":[{"embeddable":true,"href":"https:\/\/blogdofarnesio.com.br\/index.php?rest_route=\/wp\/v2\/media\/193202"}],"wp:attachment":[{"href":"https:\/\/blogdofarnesio.com.br\/index.php?rest_route=%2Fwp%2Fv2%2Fmedia&parent=193201"}],"wp:term":[{"taxonomy":"category","embeddable":true,"href":"https:\/\/blogdofarnesio.com.br\/index.php?rest_route=%2Fwp%2Fv2%2Fcategories&post=193201"},{"taxonomy":"post_tag","embeddable":true,"href":"https:\/\/blogdofarnesio.com.br\/index.php?rest_route=%2Fwp%2Fv2%2Ftags&post=193201"}],"curies":[{"name":"wp","href":"https:\/\/api.w.org\/{rel}","templated":true}]}}