{"id":193153,"date":"2018-04-02T13:00:54","date_gmt":"2018-04-02T16:00:54","guid":{"rendered":"http:\/\/quersaberpolitica.com.br\/2016\/?p=193153"},"modified":"2018-04-02T11:08:41","modified_gmt":"2018-04-02T14:08:41","slug":"prazo-para-isencao-da-taxa-de-inscricao-do-enem-comeca-hoje","status":"publish","type":"post","link":"https:\/\/blogdofarnesio.com.br\/?p=193153","title":{"rendered":"PRAZO PARA ISEN\u00c7\u00c3O DA TAXA DE INSCRI\u00c7\u00c3O DO ENEM COME\u00c7A HOJE"},"content":{"rendered":"<p style=\"text-align: justify;\">Os estudantes que ir\u00e3o participar do Exame Nacional do Ensino M\u00e9dio (Enem) em 2018 e quiserem pedir isen\u00e7\u00e3o da taxa de inscri\u00e7\u00e3o devem ficar atentos.<\/p>\n<p style=\"text-align: justify;\">Neste ano, a solicita\u00e7\u00e3o de isen\u00e7\u00e3o ser\u00e1 feita entre os dias 2 e 11 de abril, ou seja, antes do per\u00edodo de inscri\u00e7\u00e3o, que come\u00e7a em maio. O pedido deve ser feito, exclusivamente, pelo endere\u00e7o site do Enem.<\/p>\n<p style=\"text-align: justify;\">Ser\u00e3o isentos os estudantes que estejam cursando a \u00faltima s\u00e9rie do ensino m\u00e9dio neste ano em escola da rede p\u00fablica, ou que tenha cursado todo o ensino m\u00e9dio em escola da rede p\u00fablica ou como bolsista integral na rede privada e tenha renda per capita igual ou inferior a um sal\u00e1rio m\u00ednimo e meio.<\/p>\n<p style=\"text-align: justify;\">Tamb\u00e9m tem isen\u00e7\u00e3o o participante que declarar situa\u00e7\u00e3o de vulnerabilidade socioecon\u00f4mica, por ser membro de fam\u00edlia de baixa renda e que esteja inscrito no Cadastro \u00danico para Programas Sociais do Governo Federal (Cad\u00danico).<\/p>\n<p style=\"text-align: justify;\">Neste ano, tamb\u00e9m s\u00e3o isentos os participantes do Exame Nacional para Certifica\u00e7\u00e3o de Compet\u00eancias de Jovens e Adultos (Encceja) do ano passado, que tenham atingido a nota m\u00ednima do exame.<\/p>\n<p style=\"text-align: justify;\">Quem n\u00e3o conseguir a isen\u00e7\u00e3o ter\u00e1 que pagar uma taxa no valor de R$ 82,00 para se inscrever.<span id=\"more-78456\"><\/span><\/p>\n<p style=\"text-align: justify;\"><strong>Comprova\u00e7\u00e3o<\/strong><\/p>\n<p style=\"text-align: justify;\">Para todos os casos de solicita\u00e7\u00e3o de isen\u00e7\u00e3o da taxa de inscri\u00e7\u00e3o, o participante dever\u00e1 ter documentos que comprovem a condi\u00e7\u00e3o declarada, sob pena de responder por crime contra a f\u00e9 p\u00fablica e de ser eliminado do Exame.<\/p>\n<p style=\"text-align: justify;\">O participante que solicitar isen\u00e7\u00e3o da taxa de inscri\u00e7\u00e3o por estar inclu\u00eddo no Cad\u00danico dever\u00e1 informar o seu N\u00famero de Identifica\u00e7\u00e3o Social (NIS) v\u00e1lido. O Inep poder\u00e1 consultar o \u00f3rg\u00e3o gestor do Cad\u00danico para verificar a conformidade da condi\u00e7\u00e3o indicada pelo participante no sistema de isen\u00e7\u00e3o.<\/p>\n<p style=\"text-align: justify;\">Se a solicita\u00e7\u00e3o de isen\u00e7\u00e3o for negada, ainda \u00e9 poss\u00edvel recorrer da decis\u00e3o, na P\u00e1gina do Participante, entre os dias 23 e 29 de abril.<\/p>\n<p style=\"text-align: justify;\">A aprova\u00e7\u00e3o da isen\u00e7\u00e3o da taxa de inscri\u00e7\u00e3o n\u00e3o significa que o participante j\u00e1 est\u00e1 inscrito no Enem. As inscri\u00e7\u00f5es dever\u00e3o ser feitas das 10h do dia 7 de maio \u00e0s 23h59 de 18 de maio deste ano, pelo site do Enem.<\/p>\n<p style=\"text-align: justify;\"><strong>Justificativa<\/strong><\/p>\n<p style=\"text-align: justify;\">Os participantes que tiveram isen\u00e7\u00e3o da taxa de inscri\u00e7\u00e3o no Enem no ano passado e que faltaram aos dois dias de provas ter\u00e3o que justificar a aus\u00eancia para fazer o Enem de 2018 sem pagar a taxa novamente.<\/p>\n<p style=\"text-align: justify;\">A aus\u00eancia deve ser comprovada entre os dias 2 e 11 de abril, por meio de documentos como atestado m\u00e9dico, documento judicial, certid\u00e3o p\u00fablica ou boletim de ocorr\u00eancia que comprove e justifique a aus\u00eancia no exame.<\/p>\n<p style=\"text-align: justify;\">Quem n\u00e3o apresentar justificativa de aus\u00eancia no Enem 2017 ou tiver a justificativa reprovada ap\u00f3s recurso e quiser se inscrever no Enem 2018 dever\u00e1 pagar o valor da taxa de inscri\u00e7\u00e3o.<\/p>\n<p style=\"text-align: justify;\">Da mesma forma, o participante que obtiver a isen\u00e7\u00e3o da taxa de inscri\u00e7\u00e3o do Enem deste ano e n\u00e3o comparecer \u00e0s provas nos dois dias de aplica\u00e7\u00e3o dever\u00e1 justificar sua aus\u00eancia se desejar solicitar nova isen\u00e7\u00e3o para o exame em 2019.<\/p>\n<p style=\"text-align: justify;\">A exig\u00eancia foi adotada por causa dos preju\u00edzos que o exame vem registrando nos \u00faltimos anos aos cofres p\u00fablicos. Segundo o Instituto Nacional de Estudos e Pesquisas Educacionais An\u00edsio Teixeira (Inep), as \u00faltimas cinco edi\u00e7\u00f5es do Enem representaram um preju\u00edzo de R$ 962 milh\u00f5es com participantes que se inscreveram e n\u00e3o compareceram \u00e0s provas.<\/p>\n","protected":false},"excerpt":{"rendered":"<p>Os estudantes que ir\u00e3o participar do Exame Nacional do Ensino M\u00e9dio (Enem) em 2018 e quiserem pedir isen\u00e7\u00e3o da taxa de inscri\u00e7\u00e3o devem ficar atentos. Neste ano, a solicita\u00e7\u00e3o de isen\u00e7\u00e3o ser\u00e1 feita entre os dias 2 e 11 de abril, ou seja, antes do per\u00edodo de inscri\u00e7\u00e3o, que come\u00e7a em maio. O pedido deve ser feito, exclusivamente, pelo endere\u00e7o site do Enem. Ser\u00e3o isentos os estudantes que estejam cursando a \u00faltima s\u00e9rie do ensino m\u00e9dio neste ano em escola da rede p\u00fablica, ou que tenha cursado todo o ensino m\u00e9dio em escola da rede p\u00fablica ou como bolsista integral na rede privada e tenha renda per capita igual ou inferior a um sal\u00e1rio m\u00ednimo e meio. Tamb\u00e9m tem isen\u00e7\u00e3o&hellip; <\/p>\n","protected":false},"author":1,"featured_media":153887,"comment_status":"closed","ping_status":"closed","sticky":false,"template":"","format":"standard","meta":{"_acf_changed":false,"footnotes":""},"categories":[44],"tags":[],"class_list":["post-193153","post","type-post","status-publish","format-standard","has-post-thumbnail","hentry","category-administracao"],"acf":[],"yoast_head":"<!-- This site is optimized with the Yoast SEO plugin v27.4 - https:\/\/yoast.com\/product\/yoast-seo-wordpress\/ -->\n<title>PRAZO PARA ISEN\u00c7\u00c3O DA TAXA DE INSCRI\u00c7\u00c3O DO ENEM COME\u00c7A HOJE - Blog do Farn\u00e9sio<\/title>\n<meta name=\"robots\" content=\"index, follow, max-snippet:-1, max-image-preview:large, max-video-preview:-1\" \/>\n<link rel=\"canonical\" href=\"https:\/\/blogdofarnesio.com.br\/?p=193153\" \/>\n<meta property=\"og:locale\" content=\"pt_BR\" \/>\n<meta property=\"og:type\" content=\"article\" \/>\n<meta property=\"og:title\" content=\"PRAZO PARA ISEN\u00c7\u00c3O DA TAXA DE INSCRI\u00c7\u00c3O DO ENEM COME\u00c7A HOJE - Blog do Farn\u00e9sio\" \/>\n<meta property=\"og:description\" content=\"Os estudantes que ir\u00e3o participar do Exame Nacional do Ensino M\u00e9dio (Enem) em 2018 e quiserem pedir isen\u00e7\u00e3o da taxa de inscri\u00e7\u00e3o devem ficar atentos. Neste ano, a solicita\u00e7\u00e3o de isen\u00e7\u00e3o ser\u00e1 feita entre os dias 2 e 11 de abril, ou seja, antes do per\u00edodo de inscri\u00e7\u00e3o, que come\u00e7a em maio. O pedido deve ser feito, exclusivamente, pelo endere\u00e7o site do Enem. Ser\u00e3o isentos os estudantes que estejam cursando a \u00faltima s\u00e9rie do ensino m\u00e9dio neste ano em escola da rede p\u00fablica, ou que tenha cursado todo o ensino m\u00e9dio em escola da rede p\u00fablica ou como bolsista integral na rede privada e tenha renda per capita igual ou inferior a um sal\u00e1rio m\u00ednimo e meio. Tamb\u00e9m tem isen\u00e7\u00e3o&hellip;\" \/>\n<meta property=\"og:url\" content=\"https:\/\/blogdofarnesio.com.br\/?p=193153\" \/>\n<meta property=\"og:site_name\" content=\"Blog do Farn\u00e9sio\" \/>\n<meta property=\"article:publisher\" content=\"https:\/\/www.facebook.com\/BlogQuerSaberPolitica\/\" \/>\n<meta property=\"article:published_time\" content=\"2018-04-02T16:00:54+00:00\" \/>\n<meta property=\"og:image\" content=\"https:\/\/blogdofarnesio.com.br\/wp-content\/uploads\/2016\/12\/enem-20101.jpg\" \/>\n\t<meta property=\"og:image:width\" content=\"448\" \/>\n\t<meta property=\"og:image:height\" content=\"305\" \/>\n\t<meta property=\"og:image:type\" content=\"image\/jpeg\" \/>\n<meta name=\"author\" content=\"Farn\u00e9sio\" \/>\n<meta name=\"twitter:card\" content=\"summary_large_image\" \/>\n<meta name=\"twitter:label1\" content=\"Escrito por\" \/>\n\t<meta name=\"twitter:data1\" content=\"Farn\u00e9sio\" \/>\n\t<meta name=\"twitter:label2\" content=\"Est. tempo de leitura\" \/>\n\t<meta name=\"twitter:data2\" content=\"3 minutos\" \/>\n<script type=\"application\/ld+json\" class=\"yoast-schema-graph\">{\"@context\":\"https:\\\/\\\/schema.org\",\"@graph\":[{\"@type\":\"Article\",\"@id\":\"https:\\\/\\\/blogdofarnesio.com.br\\\/?p=193153#article\",\"isPartOf\":{\"@id\":\"https:\\\/\\\/blogdofarnesio.com.br\\\/?p=193153\"},\"author\":{\"name\":\"Farn\u00e9sio\",\"@id\":\"https:\\\/\\\/blogdofarnesio.com.br\\\/#\\\/schema\\\/person\\\/301c4acf522bccbfdb45af95b5b906a1\"},\"headline\":\"PRAZO PARA ISEN\u00c7\u00c3O DA TAXA DE INSCRI\u00c7\u00c3O DO ENEM COME\u00c7A HOJE\",\"datePublished\":\"2018-04-02T16:00:54+00:00\",\"mainEntityOfPage\":{\"@id\":\"https:\\\/\\\/blogdofarnesio.com.br\\\/?p=193153\"},\"wordCount\":636,\"publisher\":{\"@id\":\"https:\\\/\\\/blogdofarnesio.com.br\\\/#organization\"},\"image\":{\"@id\":\"https:\\\/\\\/blogdofarnesio.com.br\\\/?p=193153#primaryimage\"},\"thumbnailUrl\":\"https:\\\/\\\/blogdofarnesio.com.br\\\/wp-content\\\/uploads\\\/2016\\\/12\\\/enem-20101.jpg\",\"articleSection\":[\"Administra\u00e7\u00e3o\"],\"inLanguage\":\"pt-BR\"},{\"@type\":\"WebPage\",\"@id\":\"https:\\\/\\\/blogdofarnesio.com.br\\\/?p=193153\",\"url\":\"https:\\\/\\\/blogdofarnesio.com.br\\\/?p=193153\",\"name\":\"PRAZO PARA ISEN\u00c7\u00c3O DA TAXA DE INSCRI\u00c7\u00c3O DO ENEM COME\u00c7A HOJE - Blog do Farn\u00e9sio\",\"isPartOf\":{\"@id\":\"https:\\\/\\\/blogdofarnesio.com.br\\\/#website\"},\"primaryImageOfPage\":{\"@id\":\"https:\\\/\\\/blogdofarnesio.com.br\\\/?p=193153#primaryimage\"},\"image\":{\"@id\":\"https:\\\/\\\/blogdofarnesio.com.br\\\/?p=193153#primaryimage\"},\"thumbnailUrl\":\"https:\\\/\\\/blogdofarnesio.com.br\\\/wp-content\\\/uploads\\\/2016\\\/12\\\/enem-20101.jpg\",\"datePublished\":\"2018-04-02T16:00:54+00:00\",\"breadcrumb\":{\"@id\":\"https:\\\/\\\/blogdofarnesio.com.br\\\/?p=193153#breadcrumb\"},\"inLanguage\":\"pt-BR\",\"potentialAction\":[{\"@type\":\"ReadAction\",\"target\":[\"https:\\\/\\\/blogdofarnesio.com.br\\\/?p=193153\"]}]},{\"@type\":\"ImageObject\",\"inLanguage\":\"pt-BR\",\"@id\":\"https:\\\/\\\/blogdofarnesio.com.br\\\/?p=193153#primaryimage\",\"url\":\"https:\\\/\\\/blogdofarnesio.com.br\\\/wp-content\\\/uploads\\\/2016\\\/12\\\/enem-20101.jpg\",\"contentUrl\":\"https:\\\/\\\/blogdofarnesio.com.br\\\/wp-content\\\/uploads\\\/2016\\\/12\\\/enem-20101.jpg\",\"width\":448,\"height\":305},{\"@type\":\"BreadcrumbList\",\"@id\":\"https:\\\/\\\/blogdofarnesio.com.br\\\/?p=193153#breadcrumb\",\"itemListElement\":[{\"@type\":\"ListItem\",\"position\":1,\"name\":\"In\u00edcio\",\"item\":\"https:\\\/\\\/blogdofarnesio.com.br\\\/\"},{\"@type\":\"ListItem\",\"position\":2,\"name\":\"PRAZO PARA ISEN\u00c7\u00c3O DA TAXA DE INSCRI\u00c7\u00c3O DO ENEM COME\u00c7A HOJE\"}]},{\"@type\":\"WebSite\",\"@id\":\"https:\\\/\\\/blogdofarnesio.com.br\\\/#website\",\"url\":\"https:\\\/\\\/blogdofarnesio.com.br\\\/\",\"name\":\"Blog do Farn\u00e9sio\",\"description\":\"Quer Saber Pol\u00edtica?\",\"publisher\":{\"@id\":\"https:\\\/\\\/blogdofarnesio.com.br\\\/#organization\"},\"potentialAction\":[{\"@type\":\"SearchAction\",\"target\":{\"@type\":\"EntryPoint\",\"urlTemplate\":\"https:\\\/\\\/blogdofarnesio.com.br\\\/?s={search_term_string}\"},\"query-input\":{\"@type\":\"PropertyValueSpecification\",\"valueRequired\":true,\"valueName\":\"search_term_string\"}}],\"inLanguage\":\"pt-BR\"},{\"@type\":\"Organization\",\"@id\":\"https:\\\/\\\/blogdofarnesio.com.br\\\/#organization\",\"name\":\"Blog do Farn\u00e9sio\",\"url\":\"https:\\\/\\\/blogdofarnesio.com.br\\\/\",\"logo\":{\"@type\":\"ImageObject\",\"inLanguage\":\"pt-BR\",\"@id\":\"https:\\\/\\\/blogdofarnesio.com.br\\\/#\\\/schema\\\/logo\\\/image\\\/\",\"url\":\"https:\\\/\\\/blogdofarnesio.com.br\\\/wp-content\\\/uploads\\\/2026\\\/03\\\/cropped-logo_new-1.png\",\"contentUrl\":\"https:\\\/\\\/blogdofarnesio.com.br\\\/wp-content\\\/uploads\\\/2026\\\/03\\\/cropped-logo_new-1.png\",\"width\":881,\"height\":685,\"caption\":\"Blog do Farn\u00e9sio\"},\"image\":{\"@id\":\"https:\\\/\\\/blogdofarnesio.com.br\\\/#\\\/schema\\\/logo\\\/image\\\/\"},\"sameAs\":[\"https:\\\/\\\/www.facebook.com\\\/BlogQuerSaberPolitica\\\/\"]},{\"@type\":\"Person\",\"@id\":\"https:\\\/\\\/blogdofarnesio.com.br\\\/#\\\/schema\\\/person\\\/301c4acf522bccbfdb45af95b5b906a1\",\"name\":\"Farn\u00e9sio\",\"image\":{\"@type\":\"ImageObject\",\"inLanguage\":\"pt-BR\",\"@id\":\"https:\\\/\\\/secure.gravatar.com\\\/avatar\\\/df0c9a14567c056f8ad6876ba5bbd1e3e2c48023eb6807342fc4663adf549f38?s=96&d=mm&r=g\",\"url\":\"https:\\\/\\\/secure.gravatar.com\\\/avatar\\\/df0c9a14567c056f8ad6876ba5bbd1e3e2c48023eb6807342fc4663adf549f38?s=96&d=mm&r=g\",\"contentUrl\":\"https:\\\/\\\/secure.gravatar.com\\\/avatar\\\/df0c9a14567c056f8ad6876ba5bbd1e3e2c48023eb6807342fc4663adf549f38?s=96&d=mm&r=g\",\"caption\":\"Farn\u00e9sio\"},\"sameAs\":[\"https:\\\/\\\/quersaberpolitica.com.br\"],\"url\":\"https:\\\/\\\/blogdofarnesio.com.br\\\/?author=1\"}]}<\/script>\n<!-- \/ Yoast SEO plugin. -->","yoast_head_json":{"title":"PRAZO PARA ISEN\u00c7\u00c3O DA TAXA DE INSCRI\u00c7\u00c3O DO ENEM COME\u00c7A HOJE - Blog do Farn\u00e9sio","robots":{"index":"index","follow":"follow","max-snippet":"max-snippet:-1","max-image-preview":"max-image-preview:large","max-video-preview":"max-video-preview:-1"},"canonical":"https:\/\/blogdofarnesio.com.br\/?p=193153","og_locale":"pt_BR","og_type":"article","og_title":"PRAZO PARA ISEN\u00c7\u00c3O DA TAXA DE INSCRI\u00c7\u00c3O DO ENEM COME\u00c7A HOJE - Blog do Farn\u00e9sio","og_description":"Os estudantes que ir\u00e3o participar do Exame Nacional do Ensino M\u00e9dio (Enem) em 2018 e quiserem pedir isen\u00e7\u00e3o da taxa de inscri\u00e7\u00e3o devem ficar atentos. Neste ano, a solicita\u00e7\u00e3o de isen\u00e7\u00e3o ser\u00e1 feita entre os dias 2 e 11 de abril, ou seja, antes do per\u00edodo de inscri\u00e7\u00e3o, que come\u00e7a em maio. O pedido deve ser feito, exclusivamente, pelo endere\u00e7o site do Enem. Ser\u00e3o isentos os estudantes que estejam cursando a \u00faltima s\u00e9rie do ensino m\u00e9dio neste ano em escola da rede p\u00fablica, ou que tenha cursado todo o ensino m\u00e9dio em escola da rede p\u00fablica ou como bolsista integral na rede privada e tenha renda per capita igual ou inferior a um sal\u00e1rio m\u00ednimo e meio. Tamb\u00e9m tem isen\u00e7\u00e3o&hellip;","og_url":"https:\/\/blogdofarnesio.com.br\/?p=193153","og_site_name":"Blog do Farn\u00e9sio","article_publisher":"https:\/\/www.facebook.com\/BlogQuerSaberPolitica\/","article_published_time":"2018-04-02T16:00:54+00:00","og_image":[{"width":448,"height":305,"url":"https:\/\/blogdofarnesio.com.br\/wp-content\/uploads\/2016\/12\/enem-20101.jpg","type":"image\/jpeg"}],"author":"Farn\u00e9sio","twitter_card":"summary_large_image","twitter_misc":{"Escrito por":"Farn\u00e9sio","Est. tempo de leitura":"3 minutos"},"schema":{"@context":"https:\/\/schema.org","@graph":[{"@type":"Article","@id":"https:\/\/blogdofarnesio.com.br\/?p=193153#article","isPartOf":{"@id":"https:\/\/blogdofarnesio.com.br\/?p=193153"},"author":{"name":"Farn\u00e9sio","@id":"https:\/\/blogdofarnesio.com.br\/#\/schema\/person\/301c4acf522bccbfdb45af95b5b906a1"},"headline":"PRAZO PARA ISEN\u00c7\u00c3O DA TAXA DE INSCRI\u00c7\u00c3O DO ENEM COME\u00c7A HOJE","datePublished":"2018-04-02T16:00:54+00:00","mainEntityOfPage":{"@id":"https:\/\/blogdofarnesio.com.br\/?p=193153"},"wordCount":636,"publisher":{"@id":"https:\/\/blogdofarnesio.com.br\/#organization"},"image":{"@id":"https:\/\/blogdofarnesio.com.br\/?p=193153#primaryimage"},"thumbnailUrl":"https:\/\/blogdofarnesio.com.br\/wp-content\/uploads\/2016\/12\/enem-20101.jpg","articleSection":["Administra\u00e7\u00e3o"],"inLanguage":"pt-BR"},{"@type":"WebPage","@id":"https:\/\/blogdofarnesio.com.br\/?p=193153","url":"https:\/\/blogdofarnesio.com.br\/?p=193153","name":"PRAZO PARA ISEN\u00c7\u00c3O DA TAXA DE INSCRI\u00c7\u00c3O DO ENEM COME\u00c7A HOJE - Blog do Farn\u00e9sio","isPartOf":{"@id":"https:\/\/blogdofarnesio.com.br\/#website"},"primaryImageOfPage":{"@id":"https:\/\/blogdofarnesio.com.br\/?p=193153#primaryimage"},"image":{"@id":"https:\/\/blogdofarnesio.com.br\/?p=193153#primaryimage"},"thumbnailUrl":"https:\/\/blogdofarnesio.com.br\/wp-content\/uploads\/2016\/12\/enem-20101.jpg","datePublished":"2018-04-02T16:00:54+00:00","breadcrumb":{"@id":"https:\/\/blogdofarnesio.com.br\/?p=193153#breadcrumb"},"inLanguage":"pt-BR","potentialAction":[{"@type":"ReadAction","target":["https:\/\/blogdofarnesio.com.br\/?p=193153"]}]},{"@type":"ImageObject","inLanguage":"pt-BR","@id":"https:\/\/blogdofarnesio.com.br\/?p=193153#primaryimage","url":"https:\/\/blogdofarnesio.com.br\/wp-content\/uploads\/2016\/12\/enem-20101.jpg","contentUrl":"https:\/\/blogdofarnesio.com.br\/wp-content\/uploads\/2016\/12\/enem-20101.jpg","width":448,"height":305},{"@type":"BreadcrumbList","@id":"https:\/\/blogdofarnesio.com.br\/?p=193153#breadcrumb","itemListElement":[{"@type":"ListItem","position":1,"name":"In\u00edcio","item":"https:\/\/blogdofarnesio.com.br\/"},{"@type":"ListItem","position":2,"name":"PRAZO PARA ISEN\u00c7\u00c3O DA TAXA DE INSCRI\u00c7\u00c3O DO ENEM COME\u00c7A HOJE"}]},{"@type":"WebSite","@id":"https:\/\/blogdofarnesio.com.br\/#website","url":"https:\/\/blogdofarnesio.com.br\/","name":"Blog do Farn\u00e9sio","description":"Quer Saber Pol\u00edtica?","publisher":{"@id":"https:\/\/blogdofarnesio.com.br\/#organization"},"potentialAction":[{"@type":"SearchAction","target":{"@type":"EntryPoint","urlTemplate":"https:\/\/blogdofarnesio.com.br\/?s={search_term_string}"},"query-input":{"@type":"PropertyValueSpecification","valueRequired":true,"valueName":"search_term_string"}}],"inLanguage":"pt-BR"},{"@type":"Organization","@id":"https:\/\/blogdofarnesio.com.br\/#organization","name":"Blog do Farn\u00e9sio","url":"https:\/\/blogdofarnesio.com.br\/","logo":{"@type":"ImageObject","inLanguage":"pt-BR","@id":"https:\/\/blogdofarnesio.com.br\/#\/schema\/logo\/image\/","url":"https:\/\/blogdofarnesio.com.br\/wp-content\/uploads\/2026\/03\/cropped-logo_new-1.png","contentUrl":"https:\/\/blogdofarnesio.com.br\/wp-content\/uploads\/2026\/03\/cropped-logo_new-1.png","width":881,"height":685,"caption":"Blog do Farn\u00e9sio"},"image":{"@id":"https:\/\/blogdofarnesio.com.br\/#\/schema\/logo\/image\/"},"sameAs":["https:\/\/www.facebook.com\/BlogQuerSaberPolitica\/"]},{"@type":"Person","@id":"https:\/\/blogdofarnesio.com.br\/#\/schema\/person\/301c4acf522bccbfdb45af95b5b906a1","name":"Farn\u00e9sio","image":{"@type":"ImageObject","inLanguage":"pt-BR","@id":"https:\/\/secure.gravatar.com\/avatar\/df0c9a14567c056f8ad6876ba5bbd1e3e2c48023eb6807342fc4663adf549f38?s=96&d=mm&r=g","url":"https:\/\/secure.gravatar.com\/avatar\/df0c9a14567c056f8ad6876ba5bbd1e3e2c48023eb6807342fc4663adf549f38?s=96&d=mm&r=g","contentUrl":"https:\/\/secure.gravatar.com\/avatar\/df0c9a14567c056f8ad6876ba5bbd1e3e2c48023eb6807342fc4663adf549f38?s=96&d=mm&r=g","caption":"Farn\u00e9sio"},"sameAs":["https:\/\/quersaberpolitica.com.br"],"url":"https:\/\/blogdofarnesio.com.br\/?author=1"}]}},"_links":{"self":[{"href":"https:\/\/blogdofarnesio.com.br\/index.php?rest_route=\/wp\/v2\/posts\/193153","targetHints":{"allow":["GET"]}}],"collection":[{"href":"https:\/\/blogdofarnesio.com.br\/index.php?rest_route=\/wp\/v2\/posts"}],"about":[{"href":"https:\/\/blogdofarnesio.com.br\/index.php?rest_route=\/wp\/v2\/types\/post"}],"author":[{"embeddable":true,"href":"https:\/\/blogdofarnesio.com.br\/index.php?rest_route=\/wp\/v2\/users\/1"}],"replies":[{"embeddable":true,"href":"https:\/\/blogdofarnesio.com.br\/index.php?rest_route=%2Fwp%2Fv2%2Fcomments&post=193153"}],"version-history":[{"count":0,"href":"https:\/\/blogdofarnesio.com.br\/index.php?rest_route=\/wp\/v2\/posts\/193153\/revisions"}],"wp:featuredmedia":[{"embeddable":true,"href":"https:\/\/blogdofarnesio.com.br\/index.php?rest_route=\/wp\/v2\/media\/153887"}],"wp:attachment":[{"href":"https:\/\/blogdofarnesio.com.br\/index.php?rest_route=%2Fwp%2Fv2%2Fmedia&parent=193153"}],"wp:term":[{"taxonomy":"category","embeddable":true,"href":"https:\/\/blogdofarnesio.com.br\/index.php?rest_route=%2Fwp%2Fv2%2Fcategories&post=193153"},{"taxonomy":"post_tag","embeddable":true,"href":"https:\/\/blogdofarnesio.com.br\/index.php?rest_route=%2Fwp%2Fv2%2Ftags&post=193153"}],"curies":[{"name":"wp","href":"https:\/\/api.w.org\/{rel}","templated":true}]}}