{"id":19297,"date":"2012-12-04T09:30:51","date_gmt":"2012-12-04T09:30:51","guid":{"rendered":"http:\/\/www.quersaberpolitica.com.br?p=19297"},"modified":"2012-12-04T07:22:08","modified_gmt":"2012-12-04T07:22:08","slug":"suelly-aline-e-convocada-para-a-selecao-brasileira-que-vai-a-australia","status":"publish","type":"post","link":"https:\/\/blogdofarnesio.com.br\/?p=19297","title":{"rendered":"Suelly Aline \u00e9 convocada para a sele\u00e7\u00e3o brasileira que vai a Austr\u00e1lia"},"content":{"rendered":"<p>&nbsp;<\/p>\n<p style=\"text-align: center;\"><img loading=\"lazy\" decoding=\"async\" style=\"vertical-align: baseline;\" src=\"http:\/\/www.quersaberpolitica.com.br\/2016\/wp-content\/uploads\/2012\/12\/blogqspsuellyalineparipe.jpg\" alt=\"\" width=\"426\" height=\"240\" \/><\/p>\n<p style=\"text-align: justify;\"><span style=\"font-family: arial, helvetica, sans-serif; font-size: small;\">Ju<\/span><span style=\"font-family: arial, helvetica, sans-serif; font-size: small;\">azeiro ter&aacute; pela primeira vez uma atleta de nata&ccedil;&atilde;o representando o Brasil em competi&ccedil;&atilde;o Ol&iacute;mpica. Suelly Aline foi confirmada pelo Comit&ecirc; Ol&iacute;mpico Brasileiro (COB) para participar da equipe brasileira que vai representar o pa&iacute;s no 6&ordm; Festival Ol&iacute;mpico da Juventude da Austr&aacute;lia, de 16 a 20 de janeiro de 2013.<\/span><\/p>\n<p style=\"text-align: justify;\"><span style=\"font-size: medium;\"><span style=\"font-size: small;\"><span style=\"font-family: arial, helvetica, sans-serif;\">Foram convocados 18 atletas, nove meninos e nove meninas entre 15 e 17 anos, que se destacaram nas Olimp&iacute;adas Escolares Cuiab&aacute; 2012. Os atletas foram selecionados por membros da comiss&atilde;o t&eacute;cnica das categorias de base da Confedera&ccedil;&atilde;o Brasileira de Desportos Aqu&aacute;ticos.<\/span><\/span><\/span><\/p>\n<p style=\"text-align: justify;\"><span style=\"font-size: medium;\"><span style=\"font-size: small;\"><span style=\"font-family: arial, helvetica, sans-serif;\">S&atilde;o Paulo ter&aacute; maior representatividade na competi&ccedil;&atilde;o internacional, com oito atletas, Cinco atletas s&atilde;o do Rio de Janeiro, Dois atletas do Distrito Federal, uma do Paran&aacute; , e apenas uma baiana, a juazeirense Aline, que aos 17 anos desponta como grande talento na nata&ccedil;&atilde;o brasileira. Ela &eacute; a l&iacute;der do campeonato Baiano e poder&aacute; ser a campe&atilde; da temporada tamb&eacute;m pela primeira vez. O Festival Ol&iacute;mpico da Juventude da Austr&aacute;lia reunir&aacute; atletas de 30 pa&iacute;ses disputando 17 modalidades esportivas. <\/span><\/span><\/span><\/p>\n<p style=\"text-align: justify;\"><span style=\"font-size: medium;\"><span style=\"font-size: small;\"><span style=\"font-family: arial, helvetica, sans-serif;\">O Brasil vai participar pela primeira vez da competi&ccedil;&atilde;o e ter&aacute; 70 representantes em cinco esportes. Das Olimp&iacute;adas Escolares foram chamados 52 jovens: 24 do atletismo, os 18 atletas da nata&ccedil;&atilde;o e 10 do jud&ocirc;. O restante da delega&ccedil;&atilde;o brasileira ser&aacute; composta por atletas da canoagem e da luta ol&iacute;mpica.<br \/>Confira a lista de convocados da nata&ccedil;&atilde;o para o Festival:<\/span><\/span><\/span><\/p>\n<p style=\"text-align: justify;\"><span style=\"font-size: small;\"><strong style=\"font-size: medium;\"><em><span style=\"font-family: arial, helvetica, sans-serif;\">Feminino<\/span><\/em><\/strong><\/span><\/p>\n<p style=\"text-align: justify;\"><span style=\"font-size: medium;\"><span style=\"font-size: small;\"><span style=\"font-family: arial, helvetica, sans-serif;\"><strong>Nat&aacute;lia Almeida<\/strong> &#8211; 50m livre &#8211; Rio de Janeiro (RJ)<br \/><strong>Giovanna Dorigon<\/strong> &#8211; 100m borboleta &#8211; Curitiba (PR)<br \/><strong>Bianca Giacon Avella<\/strong> &#8211; 800m livre &#8211; S&atilde;o Paulo (SP)<br \/><strong>Andressa Cholodovskis Lima<\/strong> &#8211; 100m livre &#8211; Belo Horizonte (MG)<br \/><strong>Leticia Odorici<\/strong> &#8211; 100m livre &#8211; Rio de Janeiro (RJ)<br \/><strong>Nat&aacute;lia de Luccas<\/strong> &#8211; 100m costas &#8211; S&atilde;o Paulo (SP)<br \/><strong>Bruna Primati<\/strong> &#8211; S&atilde;o Paulo (SP)<br \/><strong>Marina Nascimento<\/strong> &#8211; Bras&iacute;lia (DF)<br \/><strong>Suelly Aline<\/strong>&#8211; Juazeiro (BA)<\/span><\/span><\/span><\/p>\n<p style=\"text-align: justify;\"><span style=\"font-size: medium;\"><span style=\"font-size: small;\"><span style=\"font-family: arial, helvetica, sans-serif;\"><strong><em>Masculino<\/em><\/strong><br \/><strong>Matheus Santana<\/strong> &#8211; 50m livre &#8211; Rio de Janeiro (RJ)<br \/><strong>Pedro Franca Vieira<\/strong> &#8211; 100m borboleta &#8211; S&atilde;o Paulo (SP)<br \/><strong>Brandonn Pierry Cruz de Almeida<\/strong> &#8211; 1500m livre &#8211; S&atilde;o Paulo (SP)<br \/><strong>Luiz Altamir Lopes Melo<\/strong> &#8211; 100m livre &#8211; Rio de Janeiro (RJ)<br \/><strong>Leonardo Coelho Santos<\/strong> &#8211; 200m medley &#8211; Rio de Janeiro (RJ)<br \/><strong>Pedro Cardona &#8211; 100m peito<\/strong> &#8211; S&atilde;o Paulo (SP)<br \/><strong>Vitor Guaraldo dos Santos<\/strong> &#8211; 100m costas &#8211; S&atilde;o Paulo (SP)<br \/><strong>Diego Stelzer<\/strong> &#8211; S&atilde;o Paulo (SP)<br \/><strong>Yago Oliveira<\/strong> &#8211; Bras&iacute;lia (DF<\/span><\/span><\/span><\/p>\n<p style=\"text-align: justify;\"><span style=\"font-size: medium;\"><span style=\"font-size: small;\"><span style=\"font-family: arial, helvetica, sans-serif;\"><strong><em>Treinadores<\/em><\/strong><br \/><strong>Wladimilson Ramos Veiga<\/strong> &#8211; S&atilde;o Paulo (SP)<br \/><strong>Paulo Augusto da Silva<\/strong> &#8211; S&atilde;o Paulo (SP)<br \/><strong>Ericka Fonseca Sales<\/strong> &#8211; Belo Horizonte (MG)<br \/><strong>Rodrigo Oliveira Roque<\/strong> &#8211; Rio de Janeiro (DF)<\/span><\/span><\/span><\/p>\n<div><span style=\"font-size: medium;\"><span style=\"font-family: arial, helvetica, sans-serif;\"><br \/><\/span><\/span><\/div>\n<p>&nbsp;<\/p>\n","protected":false},"excerpt":{"rendered":"<p>&nbsp; Juazeiro ter&aacute; pela primeira vez uma atleta de nata&ccedil;&atilde;o representando o Brasil em competi&ccedil;&atilde;o Ol&iacute;mpica. Suelly Aline foi confirmada pelo Comit&ecirc; Ol&iacute;mpico Brasileiro (COB) para participar da equipe brasileira que vai representar o pa&iacute;s no 6&ordm; Festival Ol&iacute;mpico da Juventude da Austr&aacute;lia, de 16 a 20 de janeiro de 2013. Foram convocados 18 atletas, nove meninos e nove meninas entre 15 e 17 anos, que se destacaram nas Olimp&iacute;adas Escolares Cuiab&aacute; 2012. Os atletas foram selecionados por membros da comiss&atilde;o t&eacute;cnica das categorias de base da Confedera&ccedil;&atilde;o Brasileira de Desportos Aqu&aacute;ticos. S&atilde;o Paulo ter&aacute; maior representatividade na competi&ccedil;&atilde;o internacional, com oito atletas, Cinco atletas s&atilde;o do Rio de Janeiro, Dois atletas do Distrito Federal, uma do Paran&aacute; , e&hellip; <\/p>\n","protected":false},"author":0,"featured_media":0,"comment_status":"open","ping_status":"open","sticky":false,"template":"","format":"standard","meta":{"_acf_changed":false,"footnotes":""},"categories":[7],"tags":[],"class_list":["post-19297","post","type-post","status-publish","format-standard","hentry","category-religiao"],"acf":[],"yoast_head":"<!-- This site is optimized with the Yoast SEO plugin v27.4 - https:\/\/yoast.com\/product\/yoast-seo-wordpress\/ -->\n<title>Suelly Aline \u00e9 convocada para a sele\u00e7\u00e3o brasileira que vai a Austr\u00e1lia  - Blog do Farn\u00e9sio<\/title>\n<meta name=\"robots\" content=\"index, follow, max-snippet:-1, max-image-preview:large, max-video-preview:-1\" \/>\n<link rel=\"canonical\" href=\"https:\/\/blogdofarnesio.com.br\/?p=19297\" \/>\n<meta property=\"og:locale\" content=\"pt_BR\" \/>\n<meta property=\"og:type\" content=\"article\" \/>\n<meta property=\"og:title\" content=\"Suelly Aline \u00e9 convocada para a sele\u00e7\u00e3o brasileira que vai a Austr\u00e1lia  - Blog do Farn\u00e9sio\" \/>\n<meta property=\"og:description\" content=\"&nbsp; Juazeiro ter&aacute; pela primeira vez uma atleta de nata&ccedil;&atilde;o representando o Brasil em competi&ccedil;&atilde;o Ol&iacute;mpica. Suelly Aline foi confirmada pelo Comit&ecirc; Ol&iacute;mpico Brasileiro (COB) para participar da equipe brasileira que vai representar o pa&iacute;s no 6&ordm; Festival Ol&iacute;mpico da Juventude da Austr&aacute;lia, de 16 a 20 de janeiro de 2013. Foram convocados 18 atletas, nove meninos e nove meninas entre 15 e 17 anos, que se destacaram nas Olimp&iacute;adas Escolares Cuiab&aacute; 2012. Os atletas foram selecionados por membros da comiss&atilde;o t&eacute;cnica das categorias de base da Confedera&ccedil;&atilde;o Brasileira de Desportos Aqu&aacute;ticos. S&atilde;o Paulo ter&aacute; maior representatividade na competi&ccedil;&atilde;o internacional, com oito atletas, Cinco atletas s&atilde;o do Rio de Janeiro, Dois atletas do Distrito Federal, uma do Paran&aacute; , e&hellip;\" \/>\n<meta property=\"og:url\" content=\"https:\/\/blogdofarnesio.com.br\/?p=19297\" \/>\n<meta property=\"og:site_name\" content=\"Blog do Farn\u00e9sio\" \/>\n<meta property=\"article:publisher\" content=\"https:\/\/www.facebook.com\/BlogQuerSaberPolitica\/\" \/>\n<meta property=\"article:published_time\" content=\"2012-12-04T09:30:51+00:00\" \/>\n<meta property=\"og:image\" content=\"http:\/\/www.quersaberpolitica.com.br\/2016\/wp-content\/uploads\/2012\/12\/blogqspsuellyalineparipe.jpg\" \/>\n<meta name=\"twitter:card\" content=\"summary_large_image\" \/>\n<meta name=\"twitter:label1\" content=\"Est. tempo de leitura\" \/>\n\t<meta name=\"twitter:data1\" content=\"3 minutos\" \/>\n<script type=\"application\/ld+json\" class=\"yoast-schema-graph\">{\"@context\":\"https:\\\/\\\/schema.org\",\"@graph\":[{\"@type\":\"Article\",\"@id\":\"https:\\\/\\\/blogdofarnesio.com.br\\\/?p=19297#article\",\"isPartOf\":{\"@id\":\"https:\\\/\\\/blogdofarnesio.com.br\\\/?p=19297\"},\"author\":{\"name\":\"\",\"@id\":\"\"},\"headline\":\"Suelly Aline \u00e9 convocada para a sele\u00e7\u00e3o brasileira que vai a Austr\u00e1lia\",\"datePublished\":\"2012-12-04T09:30:51+00:00\",\"mainEntityOfPage\":{\"@id\":\"https:\\\/\\\/blogdofarnesio.com.br\\\/?p=19297\"},\"wordCount\":524,\"commentCount\":0,\"publisher\":{\"@id\":\"https:\\\/\\\/blogdofarnesio.com.br\\\/#organization\"},\"image\":{\"@id\":\"https:\\\/\\\/blogdofarnesio.com.br\\\/?p=19297#primaryimage\"},\"thumbnailUrl\":\"http:\\\/\\\/www.quersaberpolitica.com.br\\\/2016\\\/wp-content\\\/uploads\\\/2012\\\/12\\\/blogqspsuellyalineparipe.jpg\",\"articleSection\":[\"Religi\u00e3o\"],\"inLanguage\":\"pt-BR\",\"potentialAction\":[{\"@type\":\"CommentAction\",\"name\":\"Comment\",\"target\":[\"https:\\\/\\\/blogdofarnesio.com.br\\\/?p=19297#respond\"]}]},{\"@type\":\"WebPage\",\"@id\":\"https:\\\/\\\/blogdofarnesio.com.br\\\/?p=19297\",\"url\":\"https:\\\/\\\/blogdofarnesio.com.br\\\/?p=19297\",\"name\":\"Suelly Aline \u00e9 convocada para a sele\u00e7\u00e3o brasileira que vai a Austr\u00e1lia - Blog do Farn\u00e9sio\",\"isPartOf\":{\"@id\":\"https:\\\/\\\/blogdofarnesio.com.br\\\/#website\"},\"primaryImageOfPage\":{\"@id\":\"https:\\\/\\\/blogdofarnesio.com.br\\\/?p=19297#primaryimage\"},\"image\":{\"@id\":\"https:\\\/\\\/blogdofarnesio.com.br\\\/?p=19297#primaryimage\"},\"thumbnailUrl\":\"http:\\\/\\\/www.quersaberpolitica.com.br\\\/2016\\\/wp-content\\\/uploads\\\/2012\\\/12\\\/blogqspsuellyalineparipe.jpg\",\"datePublished\":\"2012-12-04T09:30:51+00:00\",\"breadcrumb\":{\"@id\":\"https:\\\/\\\/blogdofarnesio.com.br\\\/?p=19297#breadcrumb\"},\"inLanguage\":\"pt-BR\",\"potentialAction\":[{\"@type\":\"ReadAction\",\"target\":[\"https:\\\/\\\/blogdofarnesio.com.br\\\/?p=19297\"]}]},{\"@type\":\"ImageObject\",\"inLanguage\":\"pt-BR\",\"@id\":\"https:\\\/\\\/blogdofarnesio.com.br\\\/?p=19297#primaryimage\",\"url\":\"http:\\\/\\\/www.quersaberpolitica.com.br\\\/2016\\\/wp-content\\\/uploads\\\/2012\\\/12\\\/blogqspsuellyalineparipe.jpg\",\"contentUrl\":\"http:\\\/\\\/www.quersaberpolitica.com.br\\\/2016\\\/wp-content\\\/uploads\\\/2012\\\/12\\\/blogqspsuellyalineparipe.jpg\"},{\"@type\":\"BreadcrumbList\",\"@id\":\"https:\\\/\\\/blogdofarnesio.com.br\\\/?p=19297#breadcrumb\",\"itemListElement\":[{\"@type\":\"ListItem\",\"position\":1,\"name\":\"In\u00edcio\",\"item\":\"https:\\\/\\\/blogdofarnesio.com.br\\\/\"},{\"@type\":\"ListItem\",\"position\":2,\"name\":\"Suelly Aline \u00e9 convocada para a sele\u00e7\u00e3o brasileira que vai a Austr\u00e1lia\"}]},{\"@type\":\"WebSite\",\"@id\":\"https:\\\/\\\/blogdofarnesio.com.br\\\/#website\",\"url\":\"https:\\\/\\\/blogdofarnesio.com.br\\\/\",\"name\":\"Blog do Farn\u00e9sio\",\"description\":\"Quer Saber Pol\u00edtica?\",\"publisher\":{\"@id\":\"https:\\\/\\\/blogdofarnesio.com.br\\\/#organization\"},\"potentialAction\":[{\"@type\":\"SearchAction\",\"target\":{\"@type\":\"EntryPoint\",\"urlTemplate\":\"https:\\\/\\\/blogdofarnesio.com.br\\\/?s={search_term_string}\"},\"query-input\":{\"@type\":\"PropertyValueSpecification\",\"valueRequired\":true,\"valueName\":\"search_term_string\"}}],\"inLanguage\":\"pt-BR\"},{\"@type\":\"Organization\",\"@id\":\"https:\\\/\\\/blogdofarnesio.com.br\\\/#organization\",\"name\":\"Blog do Farn\u00e9sio\",\"url\":\"https:\\\/\\\/blogdofarnesio.com.br\\\/\",\"logo\":{\"@type\":\"ImageObject\",\"inLanguage\":\"pt-BR\",\"@id\":\"https:\\\/\\\/blogdofarnesio.com.br\\\/#\\\/schema\\\/logo\\\/image\\\/\",\"url\":\"https:\\\/\\\/blogdofarnesio.com.br\\\/wp-content\\\/uploads\\\/2026\\\/03\\\/cropped-logo_new-1.png\",\"contentUrl\":\"https:\\\/\\\/blogdofarnesio.com.br\\\/wp-content\\\/uploads\\\/2026\\\/03\\\/cropped-logo_new-1.png\",\"width\":881,\"height\":685,\"caption\":\"Blog do Farn\u00e9sio\"},\"image\":{\"@id\":\"https:\\\/\\\/blogdofarnesio.com.br\\\/#\\\/schema\\\/logo\\\/image\\\/\"},\"sameAs\":[\"https:\\\/\\\/www.facebook.com\\\/BlogQuerSaberPolitica\\\/\"]}]}<\/script>\n<!-- \/ Yoast SEO plugin. -->","yoast_head_json":{"title":"Suelly Aline \u00e9 convocada para a sele\u00e7\u00e3o brasileira que vai a Austr\u00e1lia  - Blog do Farn\u00e9sio","robots":{"index":"index","follow":"follow","max-snippet":"max-snippet:-1","max-image-preview":"max-image-preview:large","max-video-preview":"max-video-preview:-1"},"canonical":"https:\/\/blogdofarnesio.com.br\/?p=19297","og_locale":"pt_BR","og_type":"article","og_title":"Suelly Aline \u00e9 convocada para a sele\u00e7\u00e3o brasileira que vai a Austr\u00e1lia  - Blog do Farn\u00e9sio","og_description":"&nbsp; Juazeiro ter&aacute; pela primeira vez uma atleta de nata&ccedil;&atilde;o representando o Brasil em competi&ccedil;&atilde;o Ol&iacute;mpica. Suelly Aline foi confirmada pelo Comit&ecirc; Ol&iacute;mpico Brasileiro (COB) para participar da equipe brasileira que vai representar o pa&iacute;s no 6&ordm; Festival Ol&iacute;mpico da Juventude da Austr&aacute;lia, de 16 a 20 de janeiro de 2013. Foram convocados 18 atletas, nove meninos e nove meninas entre 15 e 17 anos, que se destacaram nas Olimp&iacute;adas Escolares Cuiab&aacute; 2012. Os atletas foram selecionados por membros da comiss&atilde;o t&eacute;cnica das categorias de base da Confedera&ccedil;&atilde;o Brasileira de Desportos Aqu&aacute;ticos. S&atilde;o Paulo ter&aacute; maior representatividade na competi&ccedil;&atilde;o internacional, com oito atletas, Cinco atletas s&atilde;o do Rio de Janeiro, Dois atletas do Distrito Federal, uma do Paran&aacute; , e&hellip;","og_url":"https:\/\/blogdofarnesio.com.br\/?p=19297","og_site_name":"Blog do Farn\u00e9sio","article_publisher":"https:\/\/www.facebook.com\/BlogQuerSaberPolitica\/","article_published_time":"2012-12-04T09:30:51+00:00","og_image":[{"url":"http:\/\/www.quersaberpolitica.com.br\/2016\/wp-content\/uploads\/2012\/12\/blogqspsuellyalineparipe.jpg","type":"","width":"","height":""}],"twitter_card":"summary_large_image","twitter_misc":{"Est. tempo de leitura":"3 minutos"},"schema":{"@context":"https:\/\/schema.org","@graph":[{"@type":"Article","@id":"https:\/\/blogdofarnesio.com.br\/?p=19297#article","isPartOf":{"@id":"https:\/\/blogdofarnesio.com.br\/?p=19297"},"author":{"name":"","@id":""},"headline":"Suelly Aline \u00e9 convocada para a sele\u00e7\u00e3o brasileira que vai a Austr\u00e1lia","datePublished":"2012-12-04T09:30:51+00:00","mainEntityOfPage":{"@id":"https:\/\/blogdofarnesio.com.br\/?p=19297"},"wordCount":524,"commentCount":0,"publisher":{"@id":"https:\/\/blogdofarnesio.com.br\/#organization"},"image":{"@id":"https:\/\/blogdofarnesio.com.br\/?p=19297#primaryimage"},"thumbnailUrl":"http:\/\/www.quersaberpolitica.com.br\/2016\/wp-content\/uploads\/2012\/12\/blogqspsuellyalineparipe.jpg","articleSection":["Religi\u00e3o"],"inLanguage":"pt-BR","potentialAction":[{"@type":"CommentAction","name":"Comment","target":["https:\/\/blogdofarnesio.com.br\/?p=19297#respond"]}]},{"@type":"WebPage","@id":"https:\/\/blogdofarnesio.com.br\/?p=19297","url":"https:\/\/blogdofarnesio.com.br\/?p=19297","name":"Suelly Aline \u00e9 convocada para a sele\u00e7\u00e3o brasileira que vai a Austr\u00e1lia - Blog do Farn\u00e9sio","isPartOf":{"@id":"https:\/\/blogdofarnesio.com.br\/#website"},"primaryImageOfPage":{"@id":"https:\/\/blogdofarnesio.com.br\/?p=19297#primaryimage"},"image":{"@id":"https:\/\/blogdofarnesio.com.br\/?p=19297#primaryimage"},"thumbnailUrl":"http:\/\/www.quersaberpolitica.com.br\/2016\/wp-content\/uploads\/2012\/12\/blogqspsuellyalineparipe.jpg","datePublished":"2012-12-04T09:30:51+00:00","breadcrumb":{"@id":"https:\/\/blogdofarnesio.com.br\/?p=19297#breadcrumb"},"inLanguage":"pt-BR","potentialAction":[{"@type":"ReadAction","target":["https:\/\/blogdofarnesio.com.br\/?p=19297"]}]},{"@type":"ImageObject","inLanguage":"pt-BR","@id":"https:\/\/blogdofarnesio.com.br\/?p=19297#primaryimage","url":"http:\/\/www.quersaberpolitica.com.br\/2016\/wp-content\/uploads\/2012\/12\/blogqspsuellyalineparipe.jpg","contentUrl":"http:\/\/www.quersaberpolitica.com.br\/2016\/wp-content\/uploads\/2012\/12\/blogqspsuellyalineparipe.jpg"},{"@type":"BreadcrumbList","@id":"https:\/\/blogdofarnesio.com.br\/?p=19297#breadcrumb","itemListElement":[{"@type":"ListItem","position":1,"name":"In\u00edcio","item":"https:\/\/blogdofarnesio.com.br\/"},{"@type":"ListItem","position":2,"name":"Suelly Aline \u00e9 convocada para a sele\u00e7\u00e3o brasileira que vai a Austr\u00e1lia"}]},{"@type":"WebSite","@id":"https:\/\/blogdofarnesio.com.br\/#website","url":"https:\/\/blogdofarnesio.com.br\/","name":"Blog do Farn\u00e9sio","description":"Quer Saber Pol\u00edtica?","publisher":{"@id":"https:\/\/blogdofarnesio.com.br\/#organization"},"potentialAction":[{"@type":"SearchAction","target":{"@type":"EntryPoint","urlTemplate":"https:\/\/blogdofarnesio.com.br\/?s={search_term_string}"},"query-input":{"@type":"PropertyValueSpecification","valueRequired":true,"valueName":"search_term_string"}}],"inLanguage":"pt-BR"},{"@type":"Organization","@id":"https:\/\/blogdofarnesio.com.br\/#organization","name":"Blog do Farn\u00e9sio","url":"https:\/\/blogdofarnesio.com.br\/","logo":{"@type":"ImageObject","inLanguage":"pt-BR","@id":"https:\/\/blogdofarnesio.com.br\/#\/schema\/logo\/image\/","url":"https:\/\/blogdofarnesio.com.br\/wp-content\/uploads\/2026\/03\/cropped-logo_new-1.png","contentUrl":"https:\/\/blogdofarnesio.com.br\/wp-content\/uploads\/2026\/03\/cropped-logo_new-1.png","width":881,"height":685,"caption":"Blog do Farn\u00e9sio"},"image":{"@id":"https:\/\/blogdofarnesio.com.br\/#\/schema\/logo\/image\/"},"sameAs":["https:\/\/www.facebook.com\/BlogQuerSaberPolitica\/"]}]}},"_links":{"self":[{"href":"https:\/\/blogdofarnesio.com.br\/index.php?rest_route=\/wp\/v2\/posts\/19297","targetHints":{"allow":["GET"]}}],"collection":[{"href":"https:\/\/blogdofarnesio.com.br\/index.php?rest_route=\/wp\/v2\/posts"}],"about":[{"href":"https:\/\/blogdofarnesio.com.br\/index.php?rest_route=\/wp\/v2\/types\/post"}],"replies":[{"embeddable":true,"href":"https:\/\/blogdofarnesio.com.br\/index.php?rest_route=%2Fwp%2Fv2%2Fcomments&post=19297"}],"version-history":[{"count":0,"href":"https:\/\/blogdofarnesio.com.br\/index.php?rest_route=\/wp\/v2\/posts\/19297\/revisions"}],"wp:attachment":[{"href":"https:\/\/blogdofarnesio.com.br\/index.php?rest_route=%2Fwp%2Fv2%2Fmedia&parent=19297"}],"wp:term":[{"taxonomy":"category","embeddable":true,"href":"https:\/\/blogdofarnesio.com.br\/index.php?rest_route=%2Fwp%2Fv2%2Fcategories&post=19297"},{"taxonomy":"post_tag","embeddable":true,"href":"https:\/\/blogdofarnesio.com.br\/index.php?rest_route=%2Fwp%2Fv2%2Ftags&post=19297"}],"curies":[{"name":"wp","href":"https:\/\/api.w.org\/{rel}","templated":true}]}}