{"id":19274,"date":"2012-12-03T15:31:27","date_gmt":"2012-12-03T15:31:27","guid":{"rendered":"http:\/\/www.quersaberpolitica.com.br?p=19274"},"modified":"-0001-11-30T00:00:00","modified_gmt":"-0001-11-30T03:00:00","slug":"policia-rodoviaria-federal-diz-que-local-para-realizar-carnaval-de-juazeiro-e-inapropriado","status":"publish","type":"post","link":"https:\/\/blogdofarnesio.com.br\/?p=19274","title":{"rendered":"Policia Rodovi\u00e1ria federal diz que local para realizar carnaval de Juazeiro \u00e9 inapropriado"},"content":{"rendered":"<p><p style=\"text-align: justify;\"><a rel=\"lightbox\" href=\"http:\/\/www.quersaberpolitica.com.br\/2016\/wp-content\/uploads\/2012\/12\/blogqspmaraccarnavaljua.jpg\"><img loading=\"lazy\" decoding=\"async\" style=\"float: left; margin: 5px 10px;\" src=\"http:\/\/www.quersaberpolitica.com.br\/2016\/wp-content\/uploads\/2012\/12\/blogqspestradas2.jpg\" alt=\"\" width=\"200\" height=\"151\" \/><\/a><span style=\"font-size: medium;\"><span style=\"font-family: arial, helvetica, sans-serif;\">Al&eacute;m de desagradar alguns foli&otilde;es e da d&uacute;vida se o local ser&aacute; acess&iacute;vel para a pipoca, o novo local para realiza&ccedil;&atilde;o do Carnaval antecipado de Juazeiro &eacute; alvo de mais um problema, dessa vez de ordem administrativa. Esta semana o Inspetor Jeremias, da Pol&iacute;cia Rodovi&aacute;ria Federal, concedeu entrevista a imprensa e afirmou que se depender da posi&ccedil;&atilde;o da sua inspetoria o carnaval antecipado de Juazeiro n&atilde;o ser&aacute; realizado na rodovia, como j&aacute; anunciado pela Prefeitura.<\/span><\/span><\/p>\n<p style=\"text-align: justify;\"><span style=\"font-size: medium;\"><span style=\"font-family: arial, helvetica, sans-serif;\">O caso &eacute; t&atilde;o serio que na entrevista o inspetor sugeriu que os organizadores fizessem oficialmente uma consulta aos &oacute;rg&atilde;os respons&aacute;veis pela libera&ccedil;&atilde;o deste tipo de art&eacute;ria para que n&atilde;o haja surpresas e preju&iacute;zos muito pr&oacute;ximos &agrave; realiza&ccedil;&atilde;o da festa, indo al&eacute;m, ao expor que acha pouco prov&aacute;vel que o local seja liberado pelas instancias superiores da Pol&iacute;cia Rodovi&aacute;ria Federal e DN IT.<\/span><\/span><\/p>\n<p style=\"text-align: justify;\"><span style=\"font-size: medium;\"><span style=\"font-family: arial, helvetica, sans-serif;\">Depois dessa bomba jogada na m&iacute;dia, tr&ecirc;s diretores de blocos participaram de entrevista na imprensa local e afirmaram que a ABTJ &#8211; Associa&ccedil;&atilde;o de Blocos de Trios e Cordas de Juazeiro n&atilde;o est&aacute; fechada unanimemente em torno do novo formato e do local do carnaval da cidade, que vai ocorrer de 24 a 27 de janeiro de 2013, diferente do que foi informado pela prefeitura, complicando ainda mais o quadro.<\/span><\/span><\/p>\n<p style=\"text-align: justify;\"><span style=\"font-size: medium;\"><span style=\"font-family: arial, helvetica, sans-serif;\">Antonio Gama (Gaminha) do Bloco Batata e vice-presidente da ABTJ, Antonio Carlos Mendes (Pimentinha) e Cristiano Silva (Pinico) disseram n&atilde;o concordar com a informa&ccedil;&atilde;o prestada inicialmente pela prefeitura de que a entidade fechou integralmente com a nova proposi&ccedil;&atilde;o para a maior festa popular de Juazeiro. &#8220;Fomos convidados para uma reuni&atilde;o ordin&aacute;ria da associa&ccedil;&atilde;o e a estrutura nos foi apresentada, como j&aacute; definida&#8221;, afirmaram.<\/span><\/span><\/p>\n<p style=\"text-align: justify;\"><span style=\"font-size: medium;\"><span style=\"font-family: arial, helvetica, sans-serif;\">Ainda segundo os diretores de blocos o formato &eacute; interessante, al&eacute;m de proporcionar uma economia razo&aacute;vel para o governo, no entanto, o local n&atilde;o &eacute; apropriado, um deles at&eacute; sugeriu que fosse mantida a ideia e que se buscasse outro espa&ccedil;o na cidade, sugerindo a avenida Luis In&aacute;cio Lula da Silva, cujo fluxo de ve&iacute;culos &eacute; muito menor e n&atilde;o traria tantos preju&iacute;zos aos comerciantes e &agrave; popula&ccedil;&atilde;o como um todo.<\/span><\/span><\/p><\/p>\n","protected":false},"excerpt":{"rendered":"<p>Al&eacute;m de desagradar alguns foli&otilde;es e da d&uacute;vida se o local ser&aacute; acess&iacute;vel para a pipoca, o novo local para realiza&ccedil;&atilde;o do Carnaval antecipado de Juazeiro &eacute; alvo de mais um problema, dessa vez de ordem administrativa. Esta semana o Inspetor Jeremias, da Pol&iacute;cia Rodovi&aacute;ria Federal, concedeu entrevista a imprensa e afirmou que se depender da posi&ccedil;&atilde;o da sua inspetoria o carnaval antecipado de Juazeiro n&atilde;o ser&aacute; realizado na rodovia, como j&aacute; anunciado pela Prefeitura. O caso &eacute; t&atilde;o serio que na entrevista o inspetor sugeriu que os organizadores fizessem oficialmente uma consulta aos &oacute;rg&atilde;os respons&aacute;veis pela libera&ccedil;&atilde;o deste tipo de art&eacute;ria para que n&atilde;o haja surpresas e preju&iacute;zos muito pr&oacute;ximos &agrave; realiza&ccedil;&atilde;o da festa, indo al&eacute;m, ao expor que&hellip; <\/p>\n","protected":false},"author":0,"featured_media":0,"comment_status":"open","ping_status":"open","sticky":false,"template":"","format":"standard","meta":{"_acf_changed":false,"footnotes":""},"categories":[21],"tags":[],"class_list":["post-19274","post","type-post","status-publish","format-standard","hentry","category-transito"],"acf":[],"yoast_head":"<!-- This site is optimized with the Yoast SEO plugin v27.4 - https:\/\/yoast.com\/product\/yoast-seo-wordpress\/ -->\n<title>Policia Rodovi\u00e1ria federal diz que local para realizar carnaval de Juazeiro \u00e9 inapropriado  - Blog do Farn\u00e9sio<\/title>\n<meta name=\"robots\" content=\"index, follow, max-snippet:-1, max-image-preview:large, max-video-preview:-1\" \/>\n<link rel=\"canonical\" href=\"https:\/\/blogdofarnesio.com.br\/?p=19274\" \/>\n<meta property=\"og:locale\" content=\"pt_BR\" \/>\n<meta property=\"og:type\" content=\"article\" \/>\n<meta property=\"og:title\" content=\"Policia Rodovi\u00e1ria federal diz que local para realizar carnaval de Juazeiro \u00e9 inapropriado  - Blog do Farn\u00e9sio\" \/>\n<meta property=\"og:description\" content=\"Al&eacute;m de desagradar alguns foli&otilde;es e da d&uacute;vida se o local ser&aacute; acess&iacute;vel para a pipoca, o novo local para realiza&ccedil;&atilde;o do Carnaval antecipado de Juazeiro &eacute; alvo de mais um problema, dessa vez de ordem administrativa. Esta semana o Inspetor Jeremias, da Pol&iacute;cia Rodovi&aacute;ria Federal, concedeu entrevista a imprensa e afirmou que se depender da posi&ccedil;&atilde;o da sua inspetoria o carnaval antecipado de Juazeiro n&atilde;o ser&aacute; realizado na rodovia, como j&aacute; anunciado pela Prefeitura. O caso &eacute; t&atilde;o serio que na entrevista o inspetor sugeriu que os organizadores fizessem oficialmente uma consulta aos &oacute;rg&atilde;os respons&aacute;veis pela libera&ccedil;&atilde;o deste tipo de art&eacute;ria para que n&atilde;o haja surpresas e preju&iacute;zos muito pr&oacute;ximos &agrave; realiza&ccedil;&atilde;o da festa, indo al&eacute;m, ao expor que&hellip;\" \/>\n<meta property=\"og:url\" content=\"https:\/\/blogdofarnesio.com.br\/?p=19274\" \/>\n<meta property=\"og:site_name\" content=\"Blog do Farn\u00e9sio\" \/>\n<meta property=\"article:publisher\" content=\"https:\/\/www.facebook.com\/BlogQuerSaberPolitica\/\" \/>\n<meta property=\"article:published_time\" content=\"2012-12-03T15:31:27+00:00\" \/>\n<meta property=\"og:image\" content=\"http:\/\/www.quersaberpolitica.com.br\/2016\/wp-content\/uploads\/2012\/12\/blogqspestradas2.jpg\" \/>\n<meta name=\"twitter:card\" content=\"summary_large_image\" \/>\n<meta name=\"twitter:label1\" content=\"Est. tempo de leitura\" \/>\n\t<meta name=\"twitter:data1\" content=\"2 minutos\" \/>\n<script type=\"application\/ld+json\" class=\"yoast-schema-graph\">{\"@context\":\"https:\\\/\\\/schema.org\",\"@graph\":[{\"@type\":\"Article\",\"@id\":\"https:\\\/\\\/blogdofarnesio.com.br\\\/?p=19274#article\",\"isPartOf\":{\"@id\":\"https:\\\/\\\/blogdofarnesio.com.br\\\/?p=19274\"},\"author\":{\"name\":\"\",\"@id\":\"\"},\"headline\":\"Policia Rodovi\u00e1ria federal diz que local para realizar carnaval de Juazeiro \u00e9 inapropriado\",\"datePublished\":\"2012-12-03T15:31:27+00:00\",\"mainEntityOfPage\":{\"@id\":\"https:\\\/\\\/blogdofarnesio.com.br\\\/?p=19274\"},\"wordCount\":450,\"commentCount\":0,\"publisher\":{\"@id\":\"https:\\\/\\\/blogdofarnesio.com.br\\\/#organization\"},\"image\":{\"@id\":\"https:\\\/\\\/blogdofarnesio.com.br\\\/?p=19274#primaryimage\"},\"thumbnailUrl\":\"http:\\\/\\\/www.quersaberpolitica.com.br\\\/2016\\\/wp-content\\\/uploads\\\/2012\\\/12\\\/blogqspestradas2.jpg\",\"articleSection\":[\"Tr\u00e2nsito\"],\"inLanguage\":\"pt-BR\",\"potentialAction\":[{\"@type\":\"CommentAction\",\"name\":\"Comment\",\"target\":[\"https:\\\/\\\/blogdofarnesio.com.br\\\/?p=19274#respond\"]}]},{\"@type\":\"WebPage\",\"@id\":\"https:\\\/\\\/blogdofarnesio.com.br\\\/?p=19274\",\"url\":\"https:\\\/\\\/blogdofarnesio.com.br\\\/?p=19274\",\"name\":\"Policia Rodovi\u00e1ria federal diz que local para realizar carnaval de Juazeiro \u00e9 inapropriado - Blog do Farn\u00e9sio\",\"isPartOf\":{\"@id\":\"https:\\\/\\\/blogdofarnesio.com.br\\\/#website\"},\"primaryImageOfPage\":{\"@id\":\"https:\\\/\\\/blogdofarnesio.com.br\\\/?p=19274#primaryimage\"},\"image\":{\"@id\":\"https:\\\/\\\/blogdofarnesio.com.br\\\/?p=19274#primaryimage\"},\"thumbnailUrl\":\"http:\\\/\\\/www.quersaberpolitica.com.br\\\/2016\\\/wp-content\\\/uploads\\\/2012\\\/12\\\/blogqspestradas2.jpg\",\"datePublished\":\"2012-12-03T15:31:27+00:00\",\"breadcrumb\":{\"@id\":\"https:\\\/\\\/blogdofarnesio.com.br\\\/?p=19274#breadcrumb\"},\"inLanguage\":\"pt-BR\",\"potentialAction\":[{\"@type\":\"ReadAction\",\"target\":[\"https:\\\/\\\/blogdofarnesio.com.br\\\/?p=19274\"]}]},{\"@type\":\"ImageObject\",\"inLanguage\":\"pt-BR\",\"@id\":\"https:\\\/\\\/blogdofarnesio.com.br\\\/?p=19274#primaryimage\",\"url\":\"http:\\\/\\\/www.quersaberpolitica.com.br\\\/2016\\\/wp-content\\\/uploads\\\/2012\\\/12\\\/blogqspestradas2.jpg\",\"contentUrl\":\"http:\\\/\\\/www.quersaberpolitica.com.br\\\/2016\\\/wp-content\\\/uploads\\\/2012\\\/12\\\/blogqspestradas2.jpg\"},{\"@type\":\"BreadcrumbList\",\"@id\":\"https:\\\/\\\/blogdofarnesio.com.br\\\/?p=19274#breadcrumb\",\"itemListElement\":[{\"@type\":\"ListItem\",\"position\":1,\"name\":\"In\u00edcio\",\"item\":\"https:\\\/\\\/blogdofarnesio.com.br\\\/\"},{\"@type\":\"ListItem\",\"position\":2,\"name\":\"Policia Rodovi\u00e1ria federal diz que local para realizar carnaval de Juazeiro \u00e9 inapropriado\"}]},{\"@type\":\"WebSite\",\"@id\":\"https:\\\/\\\/blogdofarnesio.com.br\\\/#website\",\"url\":\"https:\\\/\\\/blogdofarnesio.com.br\\\/\",\"name\":\"Blog do Farn\u00e9sio\",\"description\":\"Quer Saber Pol\u00edtica?\",\"publisher\":{\"@id\":\"https:\\\/\\\/blogdofarnesio.com.br\\\/#organization\"},\"potentialAction\":[{\"@type\":\"SearchAction\",\"target\":{\"@type\":\"EntryPoint\",\"urlTemplate\":\"https:\\\/\\\/blogdofarnesio.com.br\\\/?s={search_term_string}\"},\"query-input\":{\"@type\":\"PropertyValueSpecification\",\"valueRequired\":true,\"valueName\":\"search_term_string\"}}],\"inLanguage\":\"pt-BR\"},{\"@type\":\"Organization\",\"@id\":\"https:\\\/\\\/blogdofarnesio.com.br\\\/#organization\",\"name\":\"Blog do Farn\u00e9sio\",\"url\":\"https:\\\/\\\/blogdofarnesio.com.br\\\/\",\"logo\":{\"@type\":\"ImageObject\",\"inLanguage\":\"pt-BR\",\"@id\":\"https:\\\/\\\/blogdofarnesio.com.br\\\/#\\\/schema\\\/logo\\\/image\\\/\",\"url\":\"https:\\\/\\\/blogdofarnesio.com.br\\\/wp-content\\\/uploads\\\/2026\\\/03\\\/cropped-logo_new-1.png\",\"contentUrl\":\"https:\\\/\\\/blogdofarnesio.com.br\\\/wp-content\\\/uploads\\\/2026\\\/03\\\/cropped-logo_new-1.png\",\"width\":881,\"height\":685,\"caption\":\"Blog do Farn\u00e9sio\"},\"image\":{\"@id\":\"https:\\\/\\\/blogdofarnesio.com.br\\\/#\\\/schema\\\/logo\\\/image\\\/\"},\"sameAs\":[\"https:\\\/\\\/www.facebook.com\\\/BlogQuerSaberPolitica\\\/\"]}]}<\/script>\n<!-- \/ Yoast SEO plugin. -->","yoast_head_json":{"title":"Policia Rodovi\u00e1ria federal diz que local para realizar carnaval de Juazeiro \u00e9 inapropriado  - Blog do Farn\u00e9sio","robots":{"index":"index","follow":"follow","max-snippet":"max-snippet:-1","max-image-preview":"max-image-preview:large","max-video-preview":"max-video-preview:-1"},"canonical":"https:\/\/blogdofarnesio.com.br\/?p=19274","og_locale":"pt_BR","og_type":"article","og_title":"Policia Rodovi\u00e1ria federal diz que local para realizar carnaval de Juazeiro \u00e9 inapropriado  - Blog do Farn\u00e9sio","og_description":"Al&eacute;m de desagradar alguns foli&otilde;es e da d&uacute;vida se o local ser&aacute; acess&iacute;vel para a pipoca, o novo local para realiza&ccedil;&atilde;o do Carnaval antecipado de Juazeiro &eacute; alvo de mais um problema, dessa vez de ordem administrativa. Esta semana o Inspetor Jeremias, da Pol&iacute;cia Rodovi&aacute;ria Federal, concedeu entrevista a imprensa e afirmou que se depender da posi&ccedil;&atilde;o da sua inspetoria o carnaval antecipado de Juazeiro n&atilde;o ser&aacute; realizado na rodovia, como j&aacute; anunciado pela Prefeitura. O caso &eacute; t&atilde;o serio que na entrevista o inspetor sugeriu que os organizadores fizessem oficialmente uma consulta aos &oacute;rg&atilde;os respons&aacute;veis pela libera&ccedil;&atilde;o deste tipo de art&eacute;ria para que n&atilde;o haja surpresas e preju&iacute;zos muito pr&oacute;ximos &agrave; realiza&ccedil;&atilde;o da festa, indo al&eacute;m, ao expor que&hellip;","og_url":"https:\/\/blogdofarnesio.com.br\/?p=19274","og_site_name":"Blog do Farn\u00e9sio","article_publisher":"https:\/\/www.facebook.com\/BlogQuerSaberPolitica\/","article_published_time":"2012-12-03T15:31:27+00:00","og_image":[{"url":"http:\/\/www.quersaberpolitica.com.br\/2016\/wp-content\/uploads\/2012\/12\/blogqspestradas2.jpg","type":"","width":"","height":""}],"twitter_card":"summary_large_image","twitter_misc":{"Est. tempo de leitura":"2 minutos"},"schema":{"@context":"https:\/\/schema.org","@graph":[{"@type":"Article","@id":"https:\/\/blogdofarnesio.com.br\/?p=19274#article","isPartOf":{"@id":"https:\/\/blogdofarnesio.com.br\/?p=19274"},"author":{"name":"","@id":""},"headline":"Policia Rodovi\u00e1ria federal diz que local para realizar carnaval de Juazeiro \u00e9 inapropriado","datePublished":"2012-12-03T15:31:27+00:00","mainEntityOfPage":{"@id":"https:\/\/blogdofarnesio.com.br\/?p=19274"},"wordCount":450,"commentCount":0,"publisher":{"@id":"https:\/\/blogdofarnesio.com.br\/#organization"},"image":{"@id":"https:\/\/blogdofarnesio.com.br\/?p=19274#primaryimage"},"thumbnailUrl":"http:\/\/www.quersaberpolitica.com.br\/2016\/wp-content\/uploads\/2012\/12\/blogqspestradas2.jpg","articleSection":["Tr\u00e2nsito"],"inLanguage":"pt-BR","potentialAction":[{"@type":"CommentAction","name":"Comment","target":["https:\/\/blogdofarnesio.com.br\/?p=19274#respond"]}]},{"@type":"WebPage","@id":"https:\/\/blogdofarnesio.com.br\/?p=19274","url":"https:\/\/blogdofarnesio.com.br\/?p=19274","name":"Policia Rodovi\u00e1ria federal diz que local para realizar carnaval de Juazeiro \u00e9 inapropriado - Blog do Farn\u00e9sio","isPartOf":{"@id":"https:\/\/blogdofarnesio.com.br\/#website"},"primaryImageOfPage":{"@id":"https:\/\/blogdofarnesio.com.br\/?p=19274#primaryimage"},"image":{"@id":"https:\/\/blogdofarnesio.com.br\/?p=19274#primaryimage"},"thumbnailUrl":"http:\/\/www.quersaberpolitica.com.br\/2016\/wp-content\/uploads\/2012\/12\/blogqspestradas2.jpg","datePublished":"2012-12-03T15:31:27+00:00","breadcrumb":{"@id":"https:\/\/blogdofarnesio.com.br\/?p=19274#breadcrumb"},"inLanguage":"pt-BR","potentialAction":[{"@type":"ReadAction","target":["https:\/\/blogdofarnesio.com.br\/?p=19274"]}]},{"@type":"ImageObject","inLanguage":"pt-BR","@id":"https:\/\/blogdofarnesio.com.br\/?p=19274#primaryimage","url":"http:\/\/www.quersaberpolitica.com.br\/2016\/wp-content\/uploads\/2012\/12\/blogqspestradas2.jpg","contentUrl":"http:\/\/www.quersaberpolitica.com.br\/2016\/wp-content\/uploads\/2012\/12\/blogqspestradas2.jpg"},{"@type":"BreadcrumbList","@id":"https:\/\/blogdofarnesio.com.br\/?p=19274#breadcrumb","itemListElement":[{"@type":"ListItem","position":1,"name":"In\u00edcio","item":"https:\/\/blogdofarnesio.com.br\/"},{"@type":"ListItem","position":2,"name":"Policia Rodovi\u00e1ria federal diz que local para realizar carnaval de Juazeiro \u00e9 inapropriado"}]},{"@type":"WebSite","@id":"https:\/\/blogdofarnesio.com.br\/#website","url":"https:\/\/blogdofarnesio.com.br\/","name":"Blog do Farn\u00e9sio","description":"Quer Saber Pol\u00edtica?","publisher":{"@id":"https:\/\/blogdofarnesio.com.br\/#organization"},"potentialAction":[{"@type":"SearchAction","target":{"@type":"EntryPoint","urlTemplate":"https:\/\/blogdofarnesio.com.br\/?s={search_term_string}"},"query-input":{"@type":"PropertyValueSpecification","valueRequired":true,"valueName":"search_term_string"}}],"inLanguage":"pt-BR"},{"@type":"Organization","@id":"https:\/\/blogdofarnesio.com.br\/#organization","name":"Blog do Farn\u00e9sio","url":"https:\/\/blogdofarnesio.com.br\/","logo":{"@type":"ImageObject","inLanguage":"pt-BR","@id":"https:\/\/blogdofarnesio.com.br\/#\/schema\/logo\/image\/","url":"https:\/\/blogdofarnesio.com.br\/wp-content\/uploads\/2026\/03\/cropped-logo_new-1.png","contentUrl":"https:\/\/blogdofarnesio.com.br\/wp-content\/uploads\/2026\/03\/cropped-logo_new-1.png","width":881,"height":685,"caption":"Blog do Farn\u00e9sio"},"image":{"@id":"https:\/\/blogdofarnesio.com.br\/#\/schema\/logo\/image\/"},"sameAs":["https:\/\/www.facebook.com\/BlogQuerSaberPolitica\/"]}]}},"_links":{"self":[{"href":"https:\/\/blogdofarnesio.com.br\/index.php?rest_route=\/wp\/v2\/posts\/19274","targetHints":{"allow":["GET"]}}],"collection":[{"href":"https:\/\/blogdofarnesio.com.br\/index.php?rest_route=\/wp\/v2\/posts"}],"about":[{"href":"https:\/\/blogdofarnesio.com.br\/index.php?rest_route=\/wp\/v2\/types\/post"}],"replies":[{"embeddable":true,"href":"https:\/\/blogdofarnesio.com.br\/index.php?rest_route=%2Fwp%2Fv2%2Fcomments&post=19274"}],"version-history":[{"count":0,"href":"https:\/\/blogdofarnesio.com.br\/index.php?rest_route=\/wp\/v2\/posts\/19274\/revisions"}],"wp:attachment":[{"href":"https:\/\/blogdofarnesio.com.br\/index.php?rest_route=%2Fwp%2Fv2%2Fmedia&parent=19274"}],"wp:term":[{"taxonomy":"category","embeddable":true,"href":"https:\/\/blogdofarnesio.com.br\/index.php?rest_route=%2Fwp%2Fv2%2Fcategories&post=19274"},{"taxonomy":"post_tag","embeddable":true,"href":"https:\/\/blogdofarnesio.com.br\/index.php?rest_route=%2Fwp%2Fv2%2Ftags&post=19274"}],"curies":[{"name":"wp","href":"https:\/\/api.w.org\/{rel}","templated":true}]}}