{"id":19272,"date":"2012-12-03T17:30:19","date_gmt":"2012-12-03T17:30:19","guid":{"rendered":"http:\/\/www.quersaberpolitica.com.br?p=19272"},"modified":"2012-12-03T13:41:20","modified_gmt":"2012-12-03T13:41:20","slug":"reuniao-na-seiasc-traca-estrategias-para-resolver-problema-das-criancas-e-adolescentes-que-vivem-nas-ruas","status":"publish","type":"post","link":"https:\/\/blogdofarnesio.com.br\/?p=19272","title":{"rendered":"Reuni\u00e3o na Seiasc tra\u00e7a estrat\u00e9gias para resolver problema das crian\u00e7as e adolescentes que vivem nas ruas"},"content":{"rendered":"<p>&nbsp;<\/p>\n<p style=\"text-align: justify;\"><span style=\"font-size: small;\"><a rel=\"lightbox\" href=\"http:\/\/www.quersaberpolitica.com.br\/2016\/wp-content\/uploads\/2012\/12\/blogqspseiascreuni&Acirc;o.jpg\"><img loading=\"lazy\" decoding=\"async\" style=\"float: left; margin: 5px 10px;\" src=\"http:\/\/www.quersaberpolitica.com.br\/2016\/wp-content\/uploads\/2012\/12\/blogqspseiascreuni&Acirc;o.jpg\" alt=\"\" width=\"200\" height=\"150\" \/><\/a>Na &uacute;ltima sexta-feira (30) o secret&aacute;rio Cislei Bandeira recebeu na Seiasc representantes das entidades e &oacute;rg&atilde;os que comp&otilde;em a rede de prote&ccedil;&atilde;o de crian&ccedil;as e adolescentes de Juazeiro. O objetivo da reuni&atilde;o foi tra&ccedil;ar estrat&eacute;gias para resolver o problema dos menores que se encontram em situa&ccedil;&atilde;o de rua no munic&iacute;pio.<\/span><\/p>\n<p style=\"text-align: justify;\"><span style=\"font-size: medium;\"><span style=\"font-size: small;\">Estiveram presentes, o comandante da Guarda Municipal, Elias Rodrigues, o coordenador do Juizado da Inf&acirc;ncia e Juventude, M&aacute;rio Augusto Farias, o juiz da Vara da Inf&acirc;ncia e Juventude de Petrolina, Marcos Bacelar, a presidente do Conselho Tutelar de Juazeiro, Rosana Oliveira, a coordenadora das Casas Messe de Amor e Rosa Menina, Rita de Souza, al&eacute;m das coordenadoras e educadoras sociais do PETI e do CREAS.<\/span><\/span><\/p>\n<p style=\"text-align: justify;\"><span style=\"font-size: medium;\"><span style=\"font-size: small;\">Baseado na solicita&ccedil;&atilde;o da promotora da Inf&acirc;ncia e Juventude, Andrea Ariadna, para que seja feito um completo diagn&oacute;stico da situa&ccedil;&atilde;o dos menores que se encontram nas ruas de Juazeiro, o secret&aacute;rio Cislei Bandeira convocou a rede de prote&ccedil;&atilde;o e destacou que &eacute; preciso discutir as dificuldades, as formas de abordagem, a necessidade do acompanhamento psicossocial da crian&ccedil;a e da fam&iacute;lia, a melhoria das condi&ccedil;&otilde;es de trabalho das equipes e a atua&ccedil;&atilde;o em rede com o envolvimento de todos os &oacute;rg&atilde;os.<\/span><\/span><\/p>\n<p style=\"text-align: justify;\"><span style=\"font-size: medium;\"><span style=\"font-size: small;\">&#8220;Essas s&atilde;o quest&otilde;es importantes &agrave;s quais se faz necess&aacute;rio encontrar solu&ccedil;&otilde;es r&aacute;pidas. E n&oacute;s as discutiremos no decorrer das pr&oacute;ximas reuni&otilde;es, mas nesse momento precisamos tratar da quest&atilde;o emergencial porque h&aacute; muitas crian&ccedil;as expostas aos perigos das ruas e tamb&eacute;m causando transtornos &agrave; popula&ccedil;&atilde;o&#8221;.<\/span><\/span><\/p>\n<p style=\"text-align: justify;\"><span style=\"font-size: medium;\"><span style=\"font-size: small;\">Para o coordenador do Juizado da Inf&acirc;ncia e Juventude de Juazeiro, M&aacute;rio Augusto &not; que tamb&eacute;m estava representando o juiz Roberto Paranhos &not;, a partir da abordagem e do encaminhamento para o atendimento psicossocial &eacute; preciso tomar outras atitudes r&iacute;gidas. &#8220;Ap&oacute;s o encaminhamento e com base nos dados do diagn&oacute;stico se faz necess&aacute;rio informar aos pais ou respons&aacute;veis que se a crian&ccedil;a ou o adolescente continuar voltando para as ruas e deixando de frequentar a escola, a fam&iacute;lia perder&aacute; o benef&iacute;cio do Bolsa&#8221;, sugeriu.<\/span><\/span><\/p>\n<p style=\"text-align: justify;\"><span style=\"font-size: medium;\"><span style=\"font-size: small;\">O juiz Marcos Bacelar, que explanou a experi&ecirc;ncia positiva do trabalho que est&aacute; sendo realizado em Petrolina atrav&eacute;s do projeto &#8220;Justi&ccedil;a e Cidadania nos Bairros&#8221;, se prontificou a colaborar. &#8220;Colocarei toda a nossa rede &agrave; disposi&ccedil;&atilde;o da rede de Juazeiro. E essa troca de experi&ecirc;ncias e interc&acirc;mbio favorecer&aacute; as duas redes. Fizemos um pacto de seis anos para que haja continuidade nas pol&iacute;ticas p&uacute;blicas voltadas para a crian&ccedil;a e a juventude nas mudan&ccedil;as de prefeitos, quando ocorrer&#8221;, ressaltou.<\/span><\/span><\/p>\n<p style=\"text-align: justify;\"><span style=\"font-size: medium;\"><span style=\"font-size: small;\">Conselheiras tutelares, assistentes sociais, psic&oacute;logas e pedagogas da Prefeitura, guardas municipais e agentes de prote&ccedil;&atilde;o da justi&ccedil;a foram un&acirc;nimes de que a rede precisa atuar em conjunto fazendo a abordagem e o diagn&oacute;stico, al&eacute;m da atua&ccedil;&atilde;o da justi&ccedil;a. Entre outras quest&otilde;es, ficou decidido que o CREAS de Juazeiro receber&aacute; apoio da equipe psicossocial do Juizado da Inf&acirc;ncia e Juventude de Petrolina, que &eacute; necess&aacute;rio fazer interven&ccedil;&otilde;es dentro das escolas e que Juazeiro precisa lutar para conquistar um centro de acolhimento.<\/span><\/span><\/p>\n<p style=\"text-align: justify;\"><span style=\"font-size: medium;\"><span style=\"font-size: small;\">A pr&oacute;xima reuni&atilde;o acontecer&aacute; nesta ter&ccedil;a-feira (4), a partir das 09h, no audit&oacute;rio da Seduc e contar&aacute; tamb&eacute;m com as presen&ccedil;as do Juiz Roberto Paranhos e da promotora Andrea Ariadna. Haver&aacute; uma a&ccedil;&atilde;o conjunta nos bairros e sem&aacute;foros da cidade para fiscaliza&ccedil;&atilde;o e qualifica&ccedil;&atilde;o dos menores pelos agentes de prote&ccedil;&atilde;o, guardas municipais, assistentes sociais e psic&oacute;logas do CREAS.<\/span><\/span><\/p>\n<p><span style=\"font-size: small;\">Por Luiz H&eacute;lio\/Seiasc<br \/>Prefeitura de Juazeiro<br \/>Assessoria de Imprensa<\/span><\/p>\n<p>&nbsp;<\/p>\n","protected":false},"excerpt":{"rendered":"<p>&nbsp; Na &uacute;ltima sexta-feira (30) o secret&aacute;rio Cislei Bandeira recebeu na Seiasc representantes das entidades e &oacute;rg&atilde;os que comp&otilde;em a rede de prote&ccedil;&atilde;o de crian&ccedil;as e adolescentes de Juazeiro. O objetivo da reuni&atilde;o foi tra&ccedil;ar estrat&eacute;gias para resolver o problema dos menores que se encontram em situa&ccedil;&atilde;o de rua no munic&iacute;pio. Estiveram presentes, o comandante da Guarda Municipal, Elias Rodrigues, o coordenador do Juizado da Inf&acirc;ncia e Juventude, M&aacute;rio Augusto Farias, o juiz da Vara da Inf&acirc;ncia e Juventude de Petrolina, Marcos Bacelar, a presidente do Conselho Tutelar de Juazeiro, Rosana Oliveira, a coordenadora das Casas Messe de Amor e Rosa Menina, Rita de Souza, al&eacute;m das coordenadoras e educadoras sociais do PETI e do CREAS. Baseado na solicita&ccedil;&atilde;o da&hellip; <\/p>\n","protected":false},"author":0,"featured_media":0,"comment_status":"open","ping_status":"open","sticky":false,"template":"","format":"standard","meta":{"_acf_changed":false,"footnotes":""},"categories":[22],"tags":[],"class_list":["post-19272","post","type-post","status-publish","format-standard","hentry","category-acao-social"],"acf":[],"yoast_head":"<!-- This site is optimized with the Yoast SEO plugin v27.4 - https:\/\/yoast.com\/product\/yoast-seo-wordpress\/ -->\n<title>Reuni\u00e3o na Seiasc tra\u00e7a estrat\u00e9gias para resolver problema das crian\u00e7as e adolescentes que vivem nas ruas  - Blog do Farn\u00e9sio<\/title>\n<meta name=\"robots\" content=\"index, follow, max-snippet:-1, max-image-preview:large, max-video-preview:-1\" \/>\n<link rel=\"canonical\" href=\"https:\/\/blogdofarnesio.com.br\/?p=19272\" \/>\n<meta property=\"og:locale\" content=\"pt_BR\" \/>\n<meta property=\"og:type\" content=\"article\" \/>\n<meta property=\"og:title\" content=\"Reuni\u00e3o na Seiasc tra\u00e7a estrat\u00e9gias para resolver problema das crian\u00e7as e adolescentes que vivem nas ruas  - Blog do Farn\u00e9sio\" \/>\n<meta property=\"og:description\" content=\"&nbsp; Na &uacute;ltima sexta-feira (30) o secret&aacute;rio Cislei Bandeira recebeu na Seiasc representantes das entidades e &oacute;rg&atilde;os que comp&otilde;em a rede de prote&ccedil;&atilde;o de crian&ccedil;as e adolescentes de Juazeiro. O objetivo da reuni&atilde;o foi tra&ccedil;ar estrat&eacute;gias para resolver o problema dos menores que se encontram em situa&ccedil;&atilde;o de rua no munic&iacute;pio. Estiveram presentes, o comandante da Guarda Municipal, Elias Rodrigues, o coordenador do Juizado da Inf&acirc;ncia e Juventude, M&aacute;rio Augusto Farias, o juiz da Vara da Inf&acirc;ncia e Juventude de Petrolina, Marcos Bacelar, a presidente do Conselho Tutelar de Juazeiro, Rosana Oliveira, a coordenadora das Casas Messe de Amor e Rosa Menina, Rita de Souza, al&eacute;m das coordenadoras e educadoras sociais do PETI e do CREAS. Baseado na solicita&ccedil;&atilde;o da&hellip;\" \/>\n<meta property=\"og:url\" content=\"https:\/\/blogdofarnesio.com.br\/?p=19272\" \/>\n<meta property=\"og:site_name\" content=\"Blog do Farn\u00e9sio\" \/>\n<meta property=\"article:publisher\" content=\"https:\/\/www.facebook.com\/BlogQuerSaberPolitica\/\" \/>\n<meta property=\"article:published_time\" content=\"2012-12-03T17:30:19+00:00\" \/>\n<meta property=\"og:image\" content=\"http:\/\/www.quersaberpolitica.com.br\/2016\/wp-content\/uploads\/2012\/12\/blogqspseiascreuni&Acirc;o.jpg\" \/>\n<meta name=\"twitter:card\" content=\"summary_large_image\" \/>\n<meta name=\"twitter:label1\" content=\"Est. tempo de leitura\" \/>\n\t<meta name=\"twitter:data1\" content=\"4 minutos\" \/>\n<script type=\"application\/ld+json\" class=\"yoast-schema-graph\">{\"@context\":\"https:\\\/\\\/schema.org\",\"@graph\":[{\"@type\":\"Article\",\"@id\":\"https:\\\/\\\/blogdofarnesio.com.br\\\/?p=19272#article\",\"isPartOf\":{\"@id\":\"https:\\\/\\\/blogdofarnesio.com.br\\\/?p=19272\"},\"author\":{\"name\":\"\",\"@id\":\"\"},\"headline\":\"Reuni\u00e3o na Seiasc tra\u00e7a estrat\u00e9gias para resolver problema das crian\u00e7as e adolescentes que vivem nas ruas\",\"datePublished\":\"2012-12-03T17:30:19+00:00\",\"mainEntityOfPage\":{\"@id\":\"https:\\\/\\\/blogdofarnesio.com.br\\\/?p=19272\"},\"wordCount\":762,\"commentCount\":0,\"publisher\":{\"@id\":\"https:\\\/\\\/blogdofarnesio.com.br\\\/#organization\"},\"image\":{\"@id\":\"https:\\\/\\\/blogdofarnesio.com.br\\\/?p=19272#primaryimage\"},\"thumbnailUrl\":\"http:\\\/\\\/www.quersaberpolitica.com.br\\\/2016\\\/wp-content\\\/uploads\\\/2012\\\/12\\\/blogqspseiascreuni&Acirc;o.jpg\",\"articleSection\":[\"A\u00e7\u00e3o Social\"],\"inLanguage\":\"pt-BR\",\"potentialAction\":[{\"@type\":\"CommentAction\",\"name\":\"Comment\",\"target\":[\"https:\\\/\\\/blogdofarnesio.com.br\\\/?p=19272#respond\"]}]},{\"@type\":\"WebPage\",\"@id\":\"https:\\\/\\\/blogdofarnesio.com.br\\\/?p=19272\",\"url\":\"https:\\\/\\\/blogdofarnesio.com.br\\\/?p=19272\",\"name\":\"Reuni\u00e3o na Seiasc tra\u00e7a estrat\u00e9gias para resolver problema das crian\u00e7as e adolescentes que vivem nas ruas - Blog do Farn\u00e9sio\",\"isPartOf\":{\"@id\":\"https:\\\/\\\/blogdofarnesio.com.br\\\/#website\"},\"primaryImageOfPage\":{\"@id\":\"https:\\\/\\\/blogdofarnesio.com.br\\\/?p=19272#primaryimage\"},\"image\":{\"@id\":\"https:\\\/\\\/blogdofarnesio.com.br\\\/?p=19272#primaryimage\"},\"thumbnailUrl\":\"http:\\\/\\\/www.quersaberpolitica.com.br\\\/2016\\\/wp-content\\\/uploads\\\/2012\\\/12\\\/blogqspseiascreuni&Acirc;o.jpg\",\"datePublished\":\"2012-12-03T17:30:19+00:00\",\"breadcrumb\":{\"@id\":\"https:\\\/\\\/blogdofarnesio.com.br\\\/?p=19272#breadcrumb\"},\"inLanguage\":\"pt-BR\",\"potentialAction\":[{\"@type\":\"ReadAction\",\"target\":[\"https:\\\/\\\/blogdofarnesio.com.br\\\/?p=19272\"]}]},{\"@type\":\"ImageObject\",\"inLanguage\":\"pt-BR\",\"@id\":\"https:\\\/\\\/blogdofarnesio.com.br\\\/?p=19272#primaryimage\",\"url\":\"http:\\\/\\\/www.quersaberpolitica.com.br\\\/2016\\\/wp-content\\\/uploads\\\/2012\\\/12\\\/blogqspseiascreuni&Acirc;o.jpg\",\"contentUrl\":\"http:\\\/\\\/www.quersaberpolitica.com.br\\\/2016\\\/wp-content\\\/uploads\\\/2012\\\/12\\\/blogqspseiascreuni&Acirc;o.jpg\"},{\"@type\":\"BreadcrumbList\",\"@id\":\"https:\\\/\\\/blogdofarnesio.com.br\\\/?p=19272#breadcrumb\",\"itemListElement\":[{\"@type\":\"ListItem\",\"position\":1,\"name\":\"In\u00edcio\",\"item\":\"https:\\\/\\\/blogdofarnesio.com.br\\\/\"},{\"@type\":\"ListItem\",\"position\":2,\"name\":\"Reuni\u00e3o na Seiasc tra\u00e7a estrat\u00e9gias para resolver problema das crian\u00e7as e adolescentes que vivem nas ruas\"}]},{\"@type\":\"WebSite\",\"@id\":\"https:\\\/\\\/blogdofarnesio.com.br\\\/#website\",\"url\":\"https:\\\/\\\/blogdofarnesio.com.br\\\/\",\"name\":\"Blog do Farn\u00e9sio\",\"description\":\"Quer Saber Pol\u00edtica?\",\"publisher\":{\"@id\":\"https:\\\/\\\/blogdofarnesio.com.br\\\/#organization\"},\"potentialAction\":[{\"@type\":\"SearchAction\",\"target\":{\"@type\":\"EntryPoint\",\"urlTemplate\":\"https:\\\/\\\/blogdofarnesio.com.br\\\/?s={search_term_string}\"},\"query-input\":{\"@type\":\"PropertyValueSpecification\",\"valueRequired\":true,\"valueName\":\"search_term_string\"}}],\"inLanguage\":\"pt-BR\"},{\"@type\":\"Organization\",\"@id\":\"https:\\\/\\\/blogdofarnesio.com.br\\\/#organization\",\"name\":\"Blog do Farn\u00e9sio\",\"url\":\"https:\\\/\\\/blogdofarnesio.com.br\\\/\",\"logo\":{\"@type\":\"ImageObject\",\"inLanguage\":\"pt-BR\",\"@id\":\"https:\\\/\\\/blogdofarnesio.com.br\\\/#\\\/schema\\\/logo\\\/image\\\/\",\"url\":\"https:\\\/\\\/blogdofarnesio.com.br\\\/wp-content\\\/uploads\\\/2026\\\/03\\\/cropped-logo_new-1.png\",\"contentUrl\":\"https:\\\/\\\/blogdofarnesio.com.br\\\/wp-content\\\/uploads\\\/2026\\\/03\\\/cropped-logo_new-1.png\",\"width\":881,\"height\":685,\"caption\":\"Blog do Farn\u00e9sio\"},\"image\":{\"@id\":\"https:\\\/\\\/blogdofarnesio.com.br\\\/#\\\/schema\\\/logo\\\/image\\\/\"},\"sameAs\":[\"https:\\\/\\\/www.facebook.com\\\/BlogQuerSaberPolitica\\\/\"]}]}<\/script>\n<!-- \/ Yoast SEO plugin. -->","yoast_head_json":{"title":"Reuni\u00e3o na Seiasc tra\u00e7a estrat\u00e9gias para resolver problema das crian\u00e7as e adolescentes que vivem nas ruas  - Blog do Farn\u00e9sio","robots":{"index":"index","follow":"follow","max-snippet":"max-snippet:-1","max-image-preview":"max-image-preview:large","max-video-preview":"max-video-preview:-1"},"canonical":"https:\/\/blogdofarnesio.com.br\/?p=19272","og_locale":"pt_BR","og_type":"article","og_title":"Reuni\u00e3o na Seiasc tra\u00e7a estrat\u00e9gias para resolver problema das crian\u00e7as e adolescentes que vivem nas ruas  - Blog do Farn\u00e9sio","og_description":"&nbsp; Na &uacute;ltima sexta-feira (30) o secret&aacute;rio Cislei Bandeira recebeu na Seiasc representantes das entidades e &oacute;rg&atilde;os que comp&otilde;em a rede de prote&ccedil;&atilde;o de crian&ccedil;as e adolescentes de Juazeiro. O objetivo da reuni&atilde;o foi tra&ccedil;ar estrat&eacute;gias para resolver o problema dos menores que se encontram em situa&ccedil;&atilde;o de rua no munic&iacute;pio. Estiveram presentes, o comandante da Guarda Municipal, Elias Rodrigues, o coordenador do Juizado da Inf&acirc;ncia e Juventude, M&aacute;rio Augusto Farias, o juiz da Vara da Inf&acirc;ncia e Juventude de Petrolina, Marcos Bacelar, a presidente do Conselho Tutelar de Juazeiro, Rosana Oliveira, a coordenadora das Casas Messe de Amor e Rosa Menina, Rita de Souza, al&eacute;m das coordenadoras e educadoras sociais do PETI e do CREAS. Baseado na solicita&ccedil;&atilde;o da&hellip;","og_url":"https:\/\/blogdofarnesio.com.br\/?p=19272","og_site_name":"Blog do Farn\u00e9sio","article_publisher":"https:\/\/www.facebook.com\/BlogQuerSaberPolitica\/","article_published_time":"2012-12-03T17:30:19+00:00","og_image":[{"url":"http:\/\/www.quersaberpolitica.com.br\/2016\/wp-content\/uploads\/2012\/12\/blogqspseiascreuni&Acirc;o.jpg","type":"","width":"","height":""}],"twitter_card":"summary_large_image","twitter_misc":{"Est. tempo de leitura":"4 minutos"},"schema":{"@context":"https:\/\/schema.org","@graph":[{"@type":"Article","@id":"https:\/\/blogdofarnesio.com.br\/?p=19272#article","isPartOf":{"@id":"https:\/\/blogdofarnesio.com.br\/?p=19272"},"author":{"name":"","@id":""},"headline":"Reuni\u00e3o na Seiasc tra\u00e7a estrat\u00e9gias para resolver problema das crian\u00e7as e adolescentes que vivem nas ruas","datePublished":"2012-12-03T17:30:19+00:00","mainEntityOfPage":{"@id":"https:\/\/blogdofarnesio.com.br\/?p=19272"},"wordCount":762,"commentCount":0,"publisher":{"@id":"https:\/\/blogdofarnesio.com.br\/#organization"},"image":{"@id":"https:\/\/blogdofarnesio.com.br\/?p=19272#primaryimage"},"thumbnailUrl":"http:\/\/www.quersaberpolitica.com.br\/2016\/wp-content\/uploads\/2012\/12\/blogqspseiascreuni&Acirc;o.jpg","articleSection":["A\u00e7\u00e3o Social"],"inLanguage":"pt-BR","potentialAction":[{"@type":"CommentAction","name":"Comment","target":["https:\/\/blogdofarnesio.com.br\/?p=19272#respond"]}]},{"@type":"WebPage","@id":"https:\/\/blogdofarnesio.com.br\/?p=19272","url":"https:\/\/blogdofarnesio.com.br\/?p=19272","name":"Reuni\u00e3o na Seiasc tra\u00e7a estrat\u00e9gias para resolver problema das crian\u00e7as e adolescentes que vivem nas ruas - Blog do Farn\u00e9sio","isPartOf":{"@id":"https:\/\/blogdofarnesio.com.br\/#website"},"primaryImageOfPage":{"@id":"https:\/\/blogdofarnesio.com.br\/?p=19272#primaryimage"},"image":{"@id":"https:\/\/blogdofarnesio.com.br\/?p=19272#primaryimage"},"thumbnailUrl":"http:\/\/www.quersaberpolitica.com.br\/2016\/wp-content\/uploads\/2012\/12\/blogqspseiascreuni&Acirc;o.jpg","datePublished":"2012-12-03T17:30:19+00:00","breadcrumb":{"@id":"https:\/\/blogdofarnesio.com.br\/?p=19272#breadcrumb"},"inLanguage":"pt-BR","potentialAction":[{"@type":"ReadAction","target":["https:\/\/blogdofarnesio.com.br\/?p=19272"]}]},{"@type":"ImageObject","inLanguage":"pt-BR","@id":"https:\/\/blogdofarnesio.com.br\/?p=19272#primaryimage","url":"http:\/\/www.quersaberpolitica.com.br\/2016\/wp-content\/uploads\/2012\/12\/blogqspseiascreuni&Acirc;o.jpg","contentUrl":"http:\/\/www.quersaberpolitica.com.br\/2016\/wp-content\/uploads\/2012\/12\/blogqspseiascreuni&Acirc;o.jpg"},{"@type":"BreadcrumbList","@id":"https:\/\/blogdofarnesio.com.br\/?p=19272#breadcrumb","itemListElement":[{"@type":"ListItem","position":1,"name":"In\u00edcio","item":"https:\/\/blogdofarnesio.com.br\/"},{"@type":"ListItem","position":2,"name":"Reuni\u00e3o na Seiasc tra\u00e7a estrat\u00e9gias para resolver problema das crian\u00e7as e adolescentes que vivem nas ruas"}]},{"@type":"WebSite","@id":"https:\/\/blogdofarnesio.com.br\/#website","url":"https:\/\/blogdofarnesio.com.br\/","name":"Blog do Farn\u00e9sio","description":"Quer Saber Pol\u00edtica?","publisher":{"@id":"https:\/\/blogdofarnesio.com.br\/#organization"},"potentialAction":[{"@type":"SearchAction","target":{"@type":"EntryPoint","urlTemplate":"https:\/\/blogdofarnesio.com.br\/?s={search_term_string}"},"query-input":{"@type":"PropertyValueSpecification","valueRequired":true,"valueName":"search_term_string"}}],"inLanguage":"pt-BR"},{"@type":"Organization","@id":"https:\/\/blogdofarnesio.com.br\/#organization","name":"Blog do Farn\u00e9sio","url":"https:\/\/blogdofarnesio.com.br\/","logo":{"@type":"ImageObject","inLanguage":"pt-BR","@id":"https:\/\/blogdofarnesio.com.br\/#\/schema\/logo\/image\/","url":"https:\/\/blogdofarnesio.com.br\/wp-content\/uploads\/2026\/03\/cropped-logo_new-1.png","contentUrl":"https:\/\/blogdofarnesio.com.br\/wp-content\/uploads\/2026\/03\/cropped-logo_new-1.png","width":881,"height":685,"caption":"Blog do Farn\u00e9sio"},"image":{"@id":"https:\/\/blogdofarnesio.com.br\/#\/schema\/logo\/image\/"},"sameAs":["https:\/\/www.facebook.com\/BlogQuerSaberPolitica\/"]}]}},"_links":{"self":[{"href":"https:\/\/blogdofarnesio.com.br\/index.php?rest_route=\/wp\/v2\/posts\/19272","targetHints":{"allow":["GET"]}}],"collection":[{"href":"https:\/\/blogdofarnesio.com.br\/index.php?rest_route=\/wp\/v2\/posts"}],"about":[{"href":"https:\/\/blogdofarnesio.com.br\/index.php?rest_route=\/wp\/v2\/types\/post"}],"replies":[{"embeddable":true,"href":"https:\/\/blogdofarnesio.com.br\/index.php?rest_route=%2Fwp%2Fv2%2Fcomments&post=19272"}],"version-history":[{"count":0,"href":"https:\/\/blogdofarnesio.com.br\/index.php?rest_route=\/wp\/v2\/posts\/19272\/revisions"}],"wp:attachment":[{"href":"https:\/\/blogdofarnesio.com.br\/index.php?rest_route=%2Fwp%2Fv2%2Fmedia&parent=19272"}],"wp:term":[{"taxonomy":"category","embeddable":true,"href":"https:\/\/blogdofarnesio.com.br\/index.php?rest_route=%2Fwp%2Fv2%2Fcategories&post=19272"},{"taxonomy":"post_tag","embeddable":true,"href":"https:\/\/blogdofarnesio.com.br\/index.php?rest_route=%2Fwp%2Fv2%2Ftags&post=19272"}],"curies":[{"name":"wp","href":"https:\/\/api.w.org\/{rel}","templated":true}]}}