{"id":19263,"date":"2012-12-03T18:00:46","date_gmt":"2012-12-03T18:00:46","guid":{"rendered":"http:\/\/www.quersaberpolitica.com.br?p=19263"},"modified":"-0001-11-30T00:00:00","modified_gmt":"-0001-11-30T03:00:00","slug":"ginecologista-do-hdmimip-alerta-para-cuidados-e-prevencao-contra-aids-durante-a-gestacao","status":"publish","type":"post","link":"https:\/\/blogdofarnesio.com.br\/?p=19263","title":{"rendered":"Ginecologista do HDM\/IMIP alerta para cuidados e preven\u00e7\u00e3o contra AIDS durante a gesta\u00e7\u00e3o"},"content":{"rendered":"<p><p style=\"text-align: justify;\"><span style=\"font-size: small;\"><a rel=\"lightbox\" href=\"http:\/\/www.quersaberpolitica.com.br\/2016\/wp-content\/uploads\/2012\/12\/flor-para-ela-camisinha-para-ele-ta-certo-isso.jpg\"><img loading=\"lazy\" decoding=\"async\" style=\"float: left; margin: 5px 10px;\" src=\"http:\/\/www.quersaberpolitica.com.br\/2016\/wp-content\/uploads\/2012\/12\/flor-para-ela-camisinha-para-ele-ta-certo-isso.jpg\" alt=\"\" width=\"200\" height=\"160\" \/><\/a>Neste s&aacute;bado, 1 de dezembro, considerado o Dia Mundial de combate a AIDS e aproveitando a import&acirc;ncia da data, a ginecologista do Hospital Dom Malan\/IMIP, Fab&iacute;ola Leite, fez alerta para os cuidados de preven&ccedil;&atilde;o e contra o cont&aacute;gio do v&iacute;rus durante a gesta&ccedil;&atilde;o, o chamado de transmiss&atilde;o vertical do HIV.<\/span><\/p>\n<p style=\"text-align: justify;\"><span style=\"font-size: medium;\"><span style=\"font-size: small;\">A ginecologista revela que a transmiss&atilde;o vertical do HIV entre m&atilde;e e o beb&ecirc; pode acontecer atrav&eacute;s do contato sangu&iacute;neo, das secre&ccedil;&otilde;es vaginais ou at&eacute; mesmo do leite materno. &#8220;Para evitar a transmiss&atilde;o vertical, de m&atilde;e para filho, geralmente a gestante portadora do HIV deve tomar medica&ccedil;&otilde;es denominadas de antirretrovirais. Al&eacute;m disso, a depender de determinados par&acirc;metros laboratoriais (carga viral e contagem de CD4 maternos), pode ser necess&aacute;rio o parto Ces&aacute;rio&#8221;, aponta.<\/span><\/span><\/p>\n<p style=\"text-align: justify;\"><span style=\"font-size: medium;\"><span style=\"font-size: small;\">&#8220;Outra indica&ccedil;&atilde;o para diminuir a chance de transmiss&atilde;o vertical &eacute; que esta m&atilde;e n&atilde;o deva amamentar o seu beb&ecirc;. Al&eacute;m disso, durante o trabalho de parto ou horas antes da cesariana, a m&atilde;e dever&aacute; tamb&eacute;m usar um antirretroviral (AZT), e ap&oacute;s o nascimento, o beb&ecirc; tamb&eacute;m faz uso desta medica&ccedil;&atilde;o, que deve ser iniciada nas primeiras horas de vida&#8221;, complementa Fab&iacute;ola Leite.<\/span><\/span><\/p>\n<p style=\"text-align: justify;\"><span style=\"font-size: medium;\"><span style=\"font-size: small;\">Outro aspecto importante &eacute; valoriza&ccedil;&atilde;o e realiza&ccedil;&atilde;o completa do pr&eacute;-natal. &#8220;Al&eacute;m de dar todos os cuidados e orienta&ccedil;&otilde;es comuns a todas as gestantes, o pr&eacute;-natal &eacute; important&iacute;ssimo, pois muitas vezes &eacute; o momento em que a mulher faz o exame e tem o diagn&oacute;stico&#8221;, diz a m&eacute;dica.<\/span><\/span><\/p>\n<p style=\"text-align: justify;\"><span style=\"font-size: medium;\"><span style=\"font-size: small;\">Ainda segundo Fab&iacute;ola, &eacute; no pr&eacute;-natal que s&atilde;o prescritos os antirretrovirais e feito o acompanhamento cl&iacute;nico e laboratorial da mulher soropositiva, o rastreio de infec&ccedil;&otilde;es comuns em portadores do v&iacute;rus e s&atilde;o dadas orienta&ccedil;&otilde;es com rela&ccedil;&atilde;o a todos os cuidados que a m&atilde;e deve ter consigo e com o beb&ecirc;.<\/span><\/span><\/p>\n<p style=\"text-align: justify;\"><span style=\"font-size: medium;\"><span style=\"font-size: small;\"><strong>Exames<br \/><\/strong>Para saber se a m&atilde;e ou o beb&ecirc; tem o v&iacute;rus, a ginecologista informa que existem exames de sangue que podem ser feitos por diferentes t&eacute;cnicas como, por exemplo, teste r&aacute;pido, ELISA, Western blot, Imunofluoresc&ecirc;ncia e PCR. &#8220;Geralmente para se chegar ao diagn&oacute;stico, s&atilde;o feitos pelo menos dois exames.<\/span><\/span><\/p>\n<p style=\"text-align: justify;\"><span style=\"font-size: medium;\"><span style=\"font-size: small;\">A m&atilde;e pode ter o diagn&oacute;stico em qualquer momento da gesta&ccedil;&atilde;o. O ideal &eacute; que este seja dado o mais precocemente poss&iacute;vel, para que o tratamento seja iniciado logo. Por este motivo, o exame para detectar o HIV no HDM faz parte da rotina de pr&eacute;-natal de toda gestante&#8221;, ressalta Fab&iacute;ola.<\/span><\/span><\/p>\n<p style=\"text-align: justify;\"><span style=\"font-size: medium;\"><span style=\"font-size: small;\">J&aacute; para diagnosticar HIV no beb&ecirc;, os exames s&atilde;o realizados ap&oacute;s o nascimento. Caso o diagn&oacute;stico n&atilde;o seja dado nos primeiros exames, deve-se fazer o acompanhamento repetindo os exames periodicamente. &#8220;Pode ser necess&aacute;rio um per&iacute;odo de at&eacute; 18 meses para que se possa confirmar ou afastar completamente o diagn&oacute;stico de HIV no beb&ecirc;&#8221;, explica a m&eacute;dica.<\/span><\/span><\/p>\n<p><span style=\"font-size: small;\">_____________________________________________<br \/>ASSESSORIA DE IMPRENSA HOSPITAL DOM MALAN<br \/>WWW.HDM.IMIP.ORG.BR<\/span><\/p>\n<div><\/div><\/p>\n","protected":false},"excerpt":{"rendered":"<p>Neste s&aacute;bado, 1 de dezembro, considerado o Dia Mundial de combate a AIDS e aproveitando a import&acirc;ncia da data, a ginecologista do Hospital Dom Malan\/IMIP, Fab&iacute;ola Leite, fez alerta para os cuidados de preven&ccedil;&atilde;o e contra o cont&aacute;gio do v&iacute;rus durante a gesta&ccedil;&atilde;o, o chamado de transmiss&atilde;o vertical do HIV. A ginecologista revela que a transmiss&atilde;o vertical do HIV entre m&atilde;e e o beb&ecirc; pode acontecer atrav&eacute;s do contato sangu&iacute;neo, das secre&ccedil;&otilde;es vaginais ou at&eacute; mesmo do leite materno. &#8220;Para evitar a transmiss&atilde;o vertical, de m&atilde;e para filho, geralmente a gestante portadora do HIV deve tomar medica&ccedil;&otilde;es denominadas de antirretrovirais. Al&eacute;m disso, a depender de determinados par&acirc;metros laboratoriais (carga viral e contagem de CD4 maternos), pode ser necess&aacute;rio o parto&hellip; <\/p>\n","protected":false},"author":0,"featured_media":0,"comment_status":"open","ping_status":"open","sticky":false,"template":"","format":"standard","meta":{"_acf_changed":false,"footnotes":""},"categories":[3],"tags":[],"class_list":["post-19263","post","type-post","status-publish","format-standard","hentry","category-entretenimento"],"acf":[],"yoast_head":"<!-- This site is optimized with the Yoast SEO plugin v27.4 - https:\/\/yoast.com\/product\/yoast-seo-wordpress\/ -->\n<title>Ginecologista do HDM\/IMIP alerta para cuidados e preven\u00e7\u00e3o contra AIDS durante a gesta\u00e7\u00e3o  - Blog do Farn\u00e9sio<\/title>\n<meta name=\"robots\" content=\"index, follow, max-snippet:-1, max-image-preview:large, max-video-preview:-1\" \/>\n<link rel=\"canonical\" href=\"https:\/\/blogdofarnesio.com.br\/?p=19263\" \/>\n<meta property=\"og:locale\" content=\"pt_BR\" \/>\n<meta property=\"og:type\" content=\"article\" \/>\n<meta property=\"og:title\" content=\"Ginecologista do HDM\/IMIP alerta para cuidados e preven\u00e7\u00e3o contra AIDS durante a gesta\u00e7\u00e3o  - Blog do Farn\u00e9sio\" \/>\n<meta property=\"og:description\" content=\"Neste s&aacute;bado, 1 de dezembro, considerado o Dia Mundial de combate a AIDS e aproveitando a import&acirc;ncia da data, a ginecologista do Hospital Dom Malan\/IMIP, Fab&iacute;ola Leite, fez alerta para os cuidados de preven&ccedil;&atilde;o e contra o cont&aacute;gio do v&iacute;rus durante a gesta&ccedil;&atilde;o, o chamado de transmiss&atilde;o vertical do HIV. A ginecologista revela que a transmiss&atilde;o vertical do HIV entre m&atilde;e e o beb&ecirc; pode acontecer atrav&eacute;s do contato sangu&iacute;neo, das secre&ccedil;&otilde;es vaginais ou at&eacute; mesmo do leite materno. &#8220;Para evitar a transmiss&atilde;o vertical, de m&atilde;e para filho, geralmente a gestante portadora do HIV deve tomar medica&ccedil;&otilde;es denominadas de antirretrovirais. Al&eacute;m disso, a depender de determinados par&acirc;metros laboratoriais (carga viral e contagem de CD4 maternos), pode ser necess&aacute;rio o parto&hellip;\" \/>\n<meta property=\"og:url\" content=\"https:\/\/blogdofarnesio.com.br\/?p=19263\" \/>\n<meta property=\"og:site_name\" content=\"Blog do Farn\u00e9sio\" \/>\n<meta property=\"article:publisher\" content=\"https:\/\/www.facebook.com\/BlogQuerSaberPolitica\/\" \/>\n<meta property=\"article:published_time\" content=\"2012-12-03T18:00:46+00:00\" \/>\n<meta property=\"og:image\" content=\"http:\/\/www.quersaberpolitica.com.br\/2016\/wp-content\/uploads\/2012\/12\/flor-para-ela-camisinha-para-ele-ta-certo-isso.jpg\" \/>\n<meta name=\"twitter:card\" content=\"summary_large_image\" \/>\n<meta name=\"twitter:label1\" content=\"Est. tempo de leitura\" \/>\n\t<meta name=\"twitter:data1\" content=\"3 minutos\" \/>\n<script type=\"application\/ld+json\" class=\"yoast-schema-graph\">{\"@context\":\"https:\\\/\\\/schema.org\",\"@graph\":[{\"@type\":\"Article\",\"@id\":\"https:\\\/\\\/blogdofarnesio.com.br\\\/?p=19263#article\",\"isPartOf\":{\"@id\":\"https:\\\/\\\/blogdofarnesio.com.br\\\/?p=19263\"},\"author\":{\"name\":\"\",\"@id\":\"\"},\"headline\":\"Ginecologista do HDM\\\/IMIP alerta para cuidados e preven\u00e7\u00e3o contra AIDS durante a gesta\u00e7\u00e3o\",\"datePublished\":\"2012-12-03T18:00:46+00:00\",\"mainEntityOfPage\":{\"@id\":\"https:\\\/\\\/blogdofarnesio.com.br\\\/?p=19263\"},\"wordCount\":629,\"commentCount\":0,\"publisher\":{\"@id\":\"https:\\\/\\\/blogdofarnesio.com.br\\\/#organization\"},\"image\":{\"@id\":\"https:\\\/\\\/blogdofarnesio.com.br\\\/?p=19263#primaryimage\"},\"thumbnailUrl\":\"http:\\\/\\\/www.quersaberpolitica.com.br\\\/2016\\\/wp-content\\\/uploads\\\/2012\\\/12\\\/flor-para-ela-camisinha-para-ele-ta-certo-isso.jpg\",\"articleSection\":[\"Entretenimento\"],\"inLanguage\":\"pt-BR\",\"potentialAction\":[{\"@type\":\"CommentAction\",\"name\":\"Comment\",\"target\":[\"https:\\\/\\\/blogdofarnesio.com.br\\\/?p=19263#respond\"]}]},{\"@type\":\"WebPage\",\"@id\":\"https:\\\/\\\/blogdofarnesio.com.br\\\/?p=19263\",\"url\":\"https:\\\/\\\/blogdofarnesio.com.br\\\/?p=19263\",\"name\":\"Ginecologista do HDM\\\/IMIP alerta para cuidados e preven\u00e7\u00e3o contra AIDS durante a gesta\u00e7\u00e3o - Blog do Farn\u00e9sio\",\"isPartOf\":{\"@id\":\"https:\\\/\\\/blogdofarnesio.com.br\\\/#website\"},\"primaryImageOfPage\":{\"@id\":\"https:\\\/\\\/blogdofarnesio.com.br\\\/?p=19263#primaryimage\"},\"image\":{\"@id\":\"https:\\\/\\\/blogdofarnesio.com.br\\\/?p=19263#primaryimage\"},\"thumbnailUrl\":\"http:\\\/\\\/www.quersaberpolitica.com.br\\\/2016\\\/wp-content\\\/uploads\\\/2012\\\/12\\\/flor-para-ela-camisinha-para-ele-ta-certo-isso.jpg\",\"datePublished\":\"2012-12-03T18:00:46+00:00\",\"breadcrumb\":{\"@id\":\"https:\\\/\\\/blogdofarnesio.com.br\\\/?p=19263#breadcrumb\"},\"inLanguage\":\"pt-BR\",\"potentialAction\":[{\"@type\":\"ReadAction\",\"target\":[\"https:\\\/\\\/blogdofarnesio.com.br\\\/?p=19263\"]}]},{\"@type\":\"ImageObject\",\"inLanguage\":\"pt-BR\",\"@id\":\"https:\\\/\\\/blogdofarnesio.com.br\\\/?p=19263#primaryimage\",\"url\":\"http:\\\/\\\/www.quersaberpolitica.com.br\\\/2016\\\/wp-content\\\/uploads\\\/2012\\\/12\\\/flor-para-ela-camisinha-para-ele-ta-certo-isso.jpg\",\"contentUrl\":\"http:\\\/\\\/www.quersaberpolitica.com.br\\\/2016\\\/wp-content\\\/uploads\\\/2012\\\/12\\\/flor-para-ela-camisinha-para-ele-ta-certo-isso.jpg\"},{\"@type\":\"BreadcrumbList\",\"@id\":\"https:\\\/\\\/blogdofarnesio.com.br\\\/?p=19263#breadcrumb\",\"itemListElement\":[{\"@type\":\"ListItem\",\"position\":1,\"name\":\"In\u00edcio\",\"item\":\"https:\\\/\\\/blogdofarnesio.com.br\\\/\"},{\"@type\":\"ListItem\",\"position\":2,\"name\":\"Ginecologista do HDM\\\/IMIP alerta para cuidados e preven\u00e7\u00e3o contra AIDS durante a gesta\u00e7\u00e3o\"}]},{\"@type\":\"WebSite\",\"@id\":\"https:\\\/\\\/blogdofarnesio.com.br\\\/#website\",\"url\":\"https:\\\/\\\/blogdofarnesio.com.br\\\/\",\"name\":\"Blog do Farn\u00e9sio\",\"description\":\"Quer Saber Pol\u00edtica?\",\"publisher\":{\"@id\":\"https:\\\/\\\/blogdofarnesio.com.br\\\/#organization\"},\"potentialAction\":[{\"@type\":\"SearchAction\",\"target\":{\"@type\":\"EntryPoint\",\"urlTemplate\":\"https:\\\/\\\/blogdofarnesio.com.br\\\/?s={search_term_string}\"},\"query-input\":{\"@type\":\"PropertyValueSpecification\",\"valueRequired\":true,\"valueName\":\"search_term_string\"}}],\"inLanguage\":\"pt-BR\"},{\"@type\":\"Organization\",\"@id\":\"https:\\\/\\\/blogdofarnesio.com.br\\\/#organization\",\"name\":\"Blog do Farn\u00e9sio\",\"url\":\"https:\\\/\\\/blogdofarnesio.com.br\\\/\",\"logo\":{\"@type\":\"ImageObject\",\"inLanguage\":\"pt-BR\",\"@id\":\"https:\\\/\\\/blogdofarnesio.com.br\\\/#\\\/schema\\\/logo\\\/image\\\/\",\"url\":\"https:\\\/\\\/blogdofarnesio.com.br\\\/wp-content\\\/uploads\\\/2026\\\/03\\\/cropped-logo_new-1.png\",\"contentUrl\":\"https:\\\/\\\/blogdofarnesio.com.br\\\/wp-content\\\/uploads\\\/2026\\\/03\\\/cropped-logo_new-1.png\",\"width\":881,\"height\":685,\"caption\":\"Blog do Farn\u00e9sio\"},\"image\":{\"@id\":\"https:\\\/\\\/blogdofarnesio.com.br\\\/#\\\/schema\\\/logo\\\/image\\\/\"},\"sameAs\":[\"https:\\\/\\\/www.facebook.com\\\/BlogQuerSaberPolitica\\\/\"]}]}<\/script>\n<!-- \/ Yoast SEO plugin. -->","yoast_head_json":{"title":"Ginecologista do HDM\/IMIP alerta para cuidados e preven\u00e7\u00e3o contra AIDS durante a gesta\u00e7\u00e3o  - Blog do Farn\u00e9sio","robots":{"index":"index","follow":"follow","max-snippet":"max-snippet:-1","max-image-preview":"max-image-preview:large","max-video-preview":"max-video-preview:-1"},"canonical":"https:\/\/blogdofarnesio.com.br\/?p=19263","og_locale":"pt_BR","og_type":"article","og_title":"Ginecologista do HDM\/IMIP alerta para cuidados e preven\u00e7\u00e3o contra AIDS durante a gesta\u00e7\u00e3o  - Blog do Farn\u00e9sio","og_description":"Neste s&aacute;bado, 1 de dezembro, considerado o Dia Mundial de combate a AIDS e aproveitando a import&acirc;ncia da data, a ginecologista do Hospital Dom Malan\/IMIP, Fab&iacute;ola Leite, fez alerta para os cuidados de preven&ccedil;&atilde;o e contra o cont&aacute;gio do v&iacute;rus durante a gesta&ccedil;&atilde;o, o chamado de transmiss&atilde;o vertical do HIV. A ginecologista revela que a transmiss&atilde;o vertical do HIV entre m&atilde;e e o beb&ecirc; pode acontecer atrav&eacute;s do contato sangu&iacute;neo, das secre&ccedil;&otilde;es vaginais ou at&eacute; mesmo do leite materno. &#8220;Para evitar a transmiss&atilde;o vertical, de m&atilde;e para filho, geralmente a gestante portadora do HIV deve tomar medica&ccedil;&otilde;es denominadas de antirretrovirais. Al&eacute;m disso, a depender de determinados par&acirc;metros laboratoriais (carga viral e contagem de CD4 maternos), pode ser necess&aacute;rio o parto&hellip;","og_url":"https:\/\/blogdofarnesio.com.br\/?p=19263","og_site_name":"Blog do Farn\u00e9sio","article_publisher":"https:\/\/www.facebook.com\/BlogQuerSaberPolitica\/","article_published_time":"2012-12-03T18:00:46+00:00","og_image":[{"url":"http:\/\/www.quersaberpolitica.com.br\/2016\/wp-content\/uploads\/2012\/12\/flor-para-ela-camisinha-para-ele-ta-certo-isso.jpg","type":"","width":"","height":""}],"twitter_card":"summary_large_image","twitter_misc":{"Est. tempo de leitura":"3 minutos"},"schema":{"@context":"https:\/\/schema.org","@graph":[{"@type":"Article","@id":"https:\/\/blogdofarnesio.com.br\/?p=19263#article","isPartOf":{"@id":"https:\/\/blogdofarnesio.com.br\/?p=19263"},"author":{"name":"","@id":""},"headline":"Ginecologista do HDM\/IMIP alerta para cuidados e preven\u00e7\u00e3o contra AIDS durante a gesta\u00e7\u00e3o","datePublished":"2012-12-03T18:00:46+00:00","mainEntityOfPage":{"@id":"https:\/\/blogdofarnesio.com.br\/?p=19263"},"wordCount":629,"commentCount":0,"publisher":{"@id":"https:\/\/blogdofarnesio.com.br\/#organization"},"image":{"@id":"https:\/\/blogdofarnesio.com.br\/?p=19263#primaryimage"},"thumbnailUrl":"http:\/\/www.quersaberpolitica.com.br\/2016\/wp-content\/uploads\/2012\/12\/flor-para-ela-camisinha-para-ele-ta-certo-isso.jpg","articleSection":["Entretenimento"],"inLanguage":"pt-BR","potentialAction":[{"@type":"CommentAction","name":"Comment","target":["https:\/\/blogdofarnesio.com.br\/?p=19263#respond"]}]},{"@type":"WebPage","@id":"https:\/\/blogdofarnesio.com.br\/?p=19263","url":"https:\/\/blogdofarnesio.com.br\/?p=19263","name":"Ginecologista do HDM\/IMIP alerta para cuidados e preven\u00e7\u00e3o contra AIDS durante a gesta\u00e7\u00e3o - Blog do Farn\u00e9sio","isPartOf":{"@id":"https:\/\/blogdofarnesio.com.br\/#website"},"primaryImageOfPage":{"@id":"https:\/\/blogdofarnesio.com.br\/?p=19263#primaryimage"},"image":{"@id":"https:\/\/blogdofarnesio.com.br\/?p=19263#primaryimage"},"thumbnailUrl":"http:\/\/www.quersaberpolitica.com.br\/2016\/wp-content\/uploads\/2012\/12\/flor-para-ela-camisinha-para-ele-ta-certo-isso.jpg","datePublished":"2012-12-03T18:00:46+00:00","breadcrumb":{"@id":"https:\/\/blogdofarnesio.com.br\/?p=19263#breadcrumb"},"inLanguage":"pt-BR","potentialAction":[{"@type":"ReadAction","target":["https:\/\/blogdofarnesio.com.br\/?p=19263"]}]},{"@type":"ImageObject","inLanguage":"pt-BR","@id":"https:\/\/blogdofarnesio.com.br\/?p=19263#primaryimage","url":"http:\/\/www.quersaberpolitica.com.br\/2016\/wp-content\/uploads\/2012\/12\/flor-para-ela-camisinha-para-ele-ta-certo-isso.jpg","contentUrl":"http:\/\/www.quersaberpolitica.com.br\/2016\/wp-content\/uploads\/2012\/12\/flor-para-ela-camisinha-para-ele-ta-certo-isso.jpg"},{"@type":"BreadcrumbList","@id":"https:\/\/blogdofarnesio.com.br\/?p=19263#breadcrumb","itemListElement":[{"@type":"ListItem","position":1,"name":"In\u00edcio","item":"https:\/\/blogdofarnesio.com.br\/"},{"@type":"ListItem","position":2,"name":"Ginecologista do HDM\/IMIP alerta para cuidados e preven\u00e7\u00e3o contra AIDS durante a gesta\u00e7\u00e3o"}]},{"@type":"WebSite","@id":"https:\/\/blogdofarnesio.com.br\/#website","url":"https:\/\/blogdofarnesio.com.br\/","name":"Blog do Farn\u00e9sio","description":"Quer Saber Pol\u00edtica?","publisher":{"@id":"https:\/\/blogdofarnesio.com.br\/#organization"},"potentialAction":[{"@type":"SearchAction","target":{"@type":"EntryPoint","urlTemplate":"https:\/\/blogdofarnesio.com.br\/?s={search_term_string}"},"query-input":{"@type":"PropertyValueSpecification","valueRequired":true,"valueName":"search_term_string"}}],"inLanguage":"pt-BR"},{"@type":"Organization","@id":"https:\/\/blogdofarnesio.com.br\/#organization","name":"Blog do Farn\u00e9sio","url":"https:\/\/blogdofarnesio.com.br\/","logo":{"@type":"ImageObject","inLanguage":"pt-BR","@id":"https:\/\/blogdofarnesio.com.br\/#\/schema\/logo\/image\/","url":"https:\/\/blogdofarnesio.com.br\/wp-content\/uploads\/2026\/03\/cropped-logo_new-1.png","contentUrl":"https:\/\/blogdofarnesio.com.br\/wp-content\/uploads\/2026\/03\/cropped-logo_new-1.png","width":881,"height":685,"caption":"Blog do Farn\u00e9sio"},"image":{"@id":"https:\/\/blogdofarnesio.com.br\/#\/schema\/logo\/image\/"},"sameAs":["https:\/\/www.facebook.com\/BlogQuerSaberPolitica\/"]}]}},"_links":{"self":[{"href":"https:\/\/blogdofarnesio.com.br\/index.php?rest_route=\/wp\/v2\/posts\/19263","targetHints":{"allow":["GET"]}}],"collection":[{"href":"https:\/\/blogdofarnesio.com.br\/index.php?rest_route=\/wp\/v2\/posts"}],"about":[{"href":"https:\/\/blogdofarnesio.com.br\/index.php?rest_route=\/wp\/v2\/types\/post"}],"replies":[{"embeddable":true,"href":"https:\/\/blogdofarnesio.com.br\/index.php?rest_route=%2Fwp%2Fv2%2Fcomments&post=19263"}],"version-history":[{"count":0,"href":"https:\/\/blogdofarnesio.com.br\/index.php?rest_route=\/wp\/v2\/posts\/19263\/revisions"}],"wp:attachment":[{"href":"https:\/\/blogdofarnesio.com.br\/index.php?rest_route=%2Fwp%2Fv2%2Fmedia&parent=19263"}],"wp:term":[{"taxonomy":"category","embeddable":true,"href":"https:\/\/blogdofarnesio.com.br\/index.php?rest_route=%2Fwp%2Fv2%2Fcategories&post=19263"},{"taxonomy":"post_tag","embeddable":true,"href":"https:\/\/blogdofarnesio.com.br\/index.php?rest_route=%2Fwp%2Fv2%2Ftags&post=19263"}],"curies":[{"name":"wp","href":"https:\/\/api.w.org\/{rel}","templated":true}]}}