{"id":19260,"date":"2012-12-03T06:11:42","date_gmt":"2012-12-03T06:11:42","guid":{"rendered":"http:\/\/www.quersaberpolitica.com.br?p=19260"},"modified":"-0001-11-30T00:00:00","modified_gmt":"-0001-11-30T03:00:00","slug":"transposicao-e-suspeita-de-esvaziar-acude-na-regiao-de-salgueiro","status":"publish","type":"post","link":"https:\/\/blogdofarnesio.com.br\/?p=19260","title":{"rendered":"TRANSPOSI\u00c7\u00c3O \u00c9 SUSPEITA DE ESVAZIAR A\u00c7UDE NA REGI\u00c3O DE SALGUEIRO"},"content":{"rendered":"<p><h2 style=\"text-align: center;\"><img loading=\"lazy\" decoding=\"async\" style=\"vertical-align: baseline;\" src=\"http:\/\/www.brasil247.com\/images\/cache\/1000x357\/crop_0_99_1280_556\/images%7Ccms-image-000294880.jpg\" alt=\":                                \" width=\"600\" height=\"214\" \/><\/h2>\n<h2><\/h2>\n<p style=\"text-align: justify;\"><span style=\"font-size: medium;\"><span style=\"font-family: arial, helvetica, sans-serif;\"><strong>Leonardo Lucena_PE247<\/strong>&nbsp;&#8211;&nbsp; O esvaziamento de um a&ccedil;ude localizado em Montevid&eacute;u, distrito de Salgueiro, no Sert&atilde;o Pernambuco levantou a suspeita de que as obras de um dos canais da Transposi&ccedil;&atilde;o do S&atilde;o Francisco seria a respons&aacute;vel pelo problema. Por&eacute;m, de acordo com o Minist&eacute;rio da Integra&ccedil;&atilde;o Nacional, respons&aacute;vel pelo empreendimento, atribui a situa&ccedil;&atilde;o &agrave; seca, a pior dos &uacute;ltimos 30 anos em todo o Nordeste. Devido a falta de &aacute;gua, os moradores est&atilde;o sendo abastecidos pelo munic&iacute;pio vizinho de Pena Forte, Cear&aacute;, na divisa com Pernambuco.<\/p>\n<p>De acordo com o Minist&eacute;rio, foram efetuados pagamentos a titulo de indeniza&ccedil;&atilde;o no valor de R$ 222 mil, j&aacute; que os terrenos est&atilde;o no dom&iacute;nio da faixa da obra da Transposi&ccedil;&atilde;o. Ainda segundo o &oacute;rg&atilde;o, o Cons&oacute;rcio Encalso\/Arvek\/Convap\/Record, respons&aacute;vel pelas obras do lote 4, n&atilde;o utiliza &aacute;gua do a&ccedil;ude que abastece a localidade desde maio de 2011. Apesar disto, os moradores atribuem a escassez de &aacute;gua aos trabalhos de constru&ccedil;&atilde;o do canal da Transposi&ccedil;&atilde;o. A pol&ecirc;mica em torno do assunto veio ap&oacute;s a publica&ccedil;&atilde;o de reportagens sobre as dificuldades enfrentadas pela popula&ccedil;&atilde;o serem veiculadas. &nbsp;<\/span><\/span><\/p>\n<p style=\"text-align: justify;\"><span style=\"font-size: medium;\"><span style=\"font-family: arial, helvetica, sans-serif;\">O prefeito de Salgueiro, Marcones Lib&oacute;rio (PSB), diz que a popula&ccedil;&atilde;o depende de Pena Forte porque a &aacute;gua proveniente do munic&iacute;pio cearense &eacute; tratada, servindo, assim, para uso humano. De acordo com o gestor, os moradores tamb&eacute;m ficam a reboque dos carros-pipa, medida tomada pelo Governo Estadual em parceria com o Federal para amenizar os efeitos da seca em Pernambuco, mas isso n&atilde;o tem sido o suficiente para os salgueirenses. &#8220;Por enquanto, est&aacute; complicado&#8221;, acrescenta.&nbsp;<\/span><\/span><\/p>\n<p style=\"text-align: justify;\"><span style=\"font-size: medium;\"><span style=\"font-family: arial, helvetica, sans-serif;\">Por&eacute;m, conforme o socialista, a ger&ecirc;ncia da Companhia Pernambucana de Saneamento em Salgueiro (Compesa- sec&ccedil;&atilde;o Salgueiro) analisa um projeto para implantar dois elevat&oacute;rios de &aacute;gua no munic&iacute;pio. &#8220;A Compesa fez um contrato com a companhia do Cear&aacute;, que recebe dinheiro da prefeitura (de Salgueiro) para abastecer os moradores da regi&atilde;o&#8221;, afirma Lib&oacute;rio.<\/span><\/span><\/p>\n<p style=\"text-align: justify;\"><span style=\"font-size: medium;\"><span style=\"font-family: arial, helvetica, sans-serif;\">&nbsp;O projeto est&aacute; or&ccedil;ado em R$ 7,6 milh&otilde;es e beneficiar&aacute; 54.228 pessoas.&nbsp;A iniciativa prev&ecirc; a constru&ccedil;&atilde;o de dois reservat&oacute;rios elevados, sendo um com capacidade para armazenar 100 metros c&uacute;bicos (m&sup3;) de &aacute;gua e outro, 250 m&sup3;, que se localizar&atilde;o nos bairros de Planalto e Santa Margarida, respectivamente.<\/span><\/span><\/p>\n<p style=\"text-align: justify;\"><span style=\"font-size: medium;\"><span style=\"font-family: arial, helvetica, sans-serif;\">Al&eacute;m disso, a estatal dever&aacute; reformar outro reservat&oacute;rio de 250 m&sup3;, al&eacute;m de implantar 32 quil&ocirc;metros de redes de distribui&ccedil;&atilde;o e adutoras. Segundo a Compesa, as obras tiveram in&iacute;cio em janeiro de 2011 e a &nbsp;conclus&atilde;o est&aacute; prevista para junho de 2013.&nbsp;<\/span><\/span><\/p>\n<p>&nbsp;<\/p>\n<p>&nbsp;<\/p><\/p>\n","protected":false},"excerpt":{"rendered":"<p>Leonardo Lucena_PE247&nbsp;&#8211;&nbsp; O esvaziamento de um a&ccedil;ude localizado em Montevid&eacute;u, distrito de Salgueiro, no Sert&atilde;o Pernambuco levantou a suspeita de que as obras de um dos canais da Transposi&ccedil;&atilde;o do S&atilde;o Francisco seria a respons&aacute;vel pelo problema. Por&eacute;m, de acordo com o Minist&eacute;rio da Integra&ccedil;&atilde;o Nacional, respons&aacute;vel pelo empreendimento, atribui a situa&ccedil;&atilde;o &agrave; seca, a pior dos &uacute;ltimos 30 anos em todo o Nordeste. Devido a falta de &aacute;gua, os moradores est&atilde;o sendo abastecidos pelo munic&iacute;pio vizinho de Pena Forte, Cear&aacute;, na divisa com Pernambuco. De acordo com o Minist&eacute;rio, foram efetuados pagamentos a titulo de indeniza&ccedil;&atilde;o no valor de R$ 222 mil, j&aacute; que os terrenos est&atilde;o no dom&iacute;nio da faixa da obra da Transposi&ccedil;&atilde;o. Ainda segundo o &oacute;rg&atilde;o,&hellip; <\/p>\n","protected":false},"author":0,"featured_media":0,"comment_status":"open","ping_status":"open","sticky":false,"template":"","format":"standard","meta":{"_acf_changed":false,"footnotes":""},"categories":[13],"tags":[],"class_list":["post-19260","post","type-post","status-publish","format-standard","hentry","category-fruticultura"],"acf":[],"yoast_head":"<!-- This site is optimized with the Yoast SEO plugin v27.4 - https:\/\/yoast.com\/product\/yoast-seo-wordpress\/ -->\n<title>TRANSPOSI\u00c7\u00c3O \u00c9 SUSPEITA DE ESVAZIAR A\u00c7UDE NA REGI\u00c3O DE SALGUEIRO  - Blog do Farn\u00e9sio<\/title>\n<meta name=\"robots\" content=\"index, follow, max-snippet:-1, max-image-preview:large, max-video-preview:-1\" \/>\n<link rel=\"canonical\" href=\"https:\/\/blogdofarnesio.com.br\/?p=19260\" \/>\n<meta property=\"og:locale\" content=\"pt_BR\" \/>\n<meta property=\"og:type\" content=\"article\" \/>\n<meta property=\"og:title\" content=\"TRANSPOSI\u00c7\u00c3O \u00c9 SUSPEITA DE ESVAZIAR A\u00c7UDE NA REGI\u00c3O DE SALGUEIRO  - Blog do Farn\u00e9sio\" \/>\n<meta property=\"og:description\" content=\"Leonardo Lucena_PE247&nbsp;&#8211;&nbsp; O esvaziamento de um a&ccedil;ude localizado em Montevid&eacute;u, distrito de Salgueiro, no Sert&atilde;o Pernambuco levantou a suspeita de que as obras de um dos canais da Transposi&ccedil;&atilde;o do S&atilde;o Francisco seria a respons&aacute;vel pelo problema. Por&eacute;m, de acordo com o Minist&eacute;rio da Integra&ccedil;&atilde;o Nacional, respons&aacute;vel pelo empreendimento, atribui a situa&ccedil;&atilde;o &agrave; seca, a pior dos &uacute;ltimos 30 anos em todo o Nordeste. Devido a falta de &aacute;gua, os moradores est&atilde;o sendo abastecidos pelo munic&iacute;pio vizinho de Pena Forte, Cear&aacute;, na divisa com Pernambuco. De acordo com o Minist&eacute;rio, foram efetuados pagamentos a titulo de indeniza&ccedil;&atilde;o no valor de R$ 222 mil, j&aacute; que os terrenos est&atilde;o no dom&iacute;nio da faixa da obra da Transposi&ccedil;&atilde;o. Ainda segundo o &oacute;rg&atilde;o,&hellip;\" \/>\n<meta property=\"og:url\" content=\"https:\/\/blogdofarnesio.com.br\/?p=19260\" \/>\n<meta property=\"og:site_name\" content=\"Blog do Farn\u00e9sio\" \/>\n<meta property=\"article:publisher\" content=\"https:\/\/www.facebook.com\/BlogQuerSaberPolitica\/\" \/>\n<meta property=\"article:published_time\" content=\"2012-12-03T06:11:42+00:00\" \/>\n<meta property=\"og:image\" content=\"http:\/\/www.brasil247.com\/images\/cache\/1000x357\/crop_0_99_1280_556\/images%7Ccms-image-000294880.jpg\" \/>\n<meta name=\"twitter:card\" content=\"summary_large_image\" \/>\n<meta name=\"twitter:label1\" content=\"Est. tempo de leitura\" \/>\n\t<meta name=\"twitter:data1\" content=\"3 minutos\" \/>\n<script type=\"application\/ld+json\" class=\"yoast-schema-graph\">{\"@context\":\"https:\\\/\\\/schema.org\",\"@graph\":[{\"@type\":\"Article\",\"@id\":\"https:\\\/\\\/blogdofarnesio.com.br\\\/?p=19260#article\",\"isPartOf\":{\"@id\":\"https:\\\/\\\/blogdofarnesio.com.br\\\/?p=19260\"},\"author\":{\"name\":\"\",\"@id\":\"\"},\"headline\":\"TRANSPOSI\u00c7\u00c3O \u00c9 SUSPEITA DE ESVAZIAR A\u00c7UDE NA REGI\u00c3O DE SALGUEIRO\",\"datePublished\":\"2012-12-03T06:11:42+00:00\",\"mainEntityOfPage\":{\"@id\":\"https:\\\/\\\/blogdofarnesio.com.br\\\/?p=19260\"},\"wordCount\":552,\"commentCount\":0,\"publisher\":{\"@id\":\"https:\\\/\\\/blogdofarnesio.com.br\\\/#organization\"},\"image\":{\"@id\":\"https:\\\/\\\/blogdofarnesio.com.br\\\/?p=19260#primaryimage\"},\"thumbnailUrl\":\"http:\\\/\\\/www.brasil247.com\\\/images\\\/cache\\\/1000x357\\\/crop_0_99_1280_556\\\/images%7Ccms-image-000294880.jpg\",\"articleSection\":[\"Fruticultura\"],\"inLanguage\":\"pt-BR\",\"potentialAction\":[{\"@type\":\"CommentAction\",\"name\":\"Comment\",\"target\":[\"https:\\\/\\\/blogdofarnesio.com.br\\\/?p=19260#respond\"]}]},{\"@type\":\"WebPage\",\"@id\":\"https:\\\/\\\/blogdofarnesio.com.br\\\/?p=19260\",\"url\":\"https:\\\/\\\/blogdofarnesio.com.br\\\/?p=19260\",\"name\":\"TRANSPOSI\u00c7\u00c3O \u00c9 SUSPEITA DE ESVAZIAR A\u00c7UDE NA REGI\u00c3O DE SALGUEIRO - Blog do Farn\u00e9sio\",\"isPartOf\":{\"@id\":\"https:\\\/\\\/blogdofarnesio.com.br\\\/#website\"},\"primaryImageOfPage\":{\"@id\":\"https:\\\/\\\/blogdofarnesio.com.br\\\/?p=19260#primaryimage\"},\"image\":{\"@id\":\"https:\\\/\\\/blogdofarnesio.com.br\\\/?p=19260#primaryimage\"},\"thumbnailUrl\":\"http:\\\/\\\/www.brasil247.com\\\/images\\\/cache\\\/1000x357\\\/crop_0_99_1280_556\\\/images%7Ccms-image-000294880.jpg\",\"datePublished\":\"2012-12-03T06:11:42+00:00\",\"breadcrumb\":{\"@id\":\"https:\\\/\\\/blogdofarnesio.com.br\\\/?p=19260#breadcrumb\"},\"inLanguage\":\"pt-BR\",\"potentialAction\":[{\"@type\":\"ReadAction\",\"target\":[\"https:\\\/\\\/blogdofarnesio.com.br\\\/?p=19260\"]}]},{\"@type\":\"ImageObject\",\"inLanguage\":\"pt-BR\",\"@id\":\"https:\\\/\\\/blogdofarnesio.com.br\\\/?p=19260#primaryimage\",\"url\":\"http:\\\/\\\/www.brasil247.com\\\/images\\\/cache\\\/1000x357\\\/crop_0_99_1280_556\\\/images%7Ccms-image-000294880.jpg\",\"contentUrl\":\"http:\\\/\\\/www.brasil247.com\\\/images\\\/cache\\\/1000x357\\\/crop_0_99_1280_556\\\/images%7Ccms-image-000294880.jpg\"},{\"@type\":\"BreadcrumbList\",\"@id\":\"https:\\\/\\\/blogdofarnesio.com.br\\\/?p=19260#breadcrumb\",\"itemListElement\":[{\"@type\":\"ListItem\",\"position\":1,\"name\":\"In\u00edcio\",\"item\":\"https:\\\/\\\/blogdofarnesio.com.br\\\/\"},{\"@type\":\"ListItem\",\"position\":2,\"name\":\"TRANSPOSI\u00c7\u00c3O \u00c9 SUSPEITA DE ESVAZIAR A\u00c7UDE NA REGI\u00c3O DE SALGUEIRO\"}]},{\"@type\":\"WebSite\",\"@id\":\"https:\\\/\\\/blogdofarnesio.com.br\\\/#website\",\"url\":\"https:\\\/\\\/blogdofarnesio.com.br\\\/\",\"name\":\"Blog do Farn\u00e9sio\",\"description\":\"Quer Saber Pol\u00edtica?\",\"publisher\":{\"@id\":\"https:\\\/\\\/blogdofarnesio.com.br\\\/#organization\"},\"potentialAction\":[{\"@type\":\"SearchAction\",\"target\":{\"@type\":\"EntryPoint\",\"urlTemplate\":\"https:\\\/\\\/blogdofarnesio.com.br\\\/?s={search_term_string}\"},\"query-input\":{\"@type\":\"PropertyValueSpecification\",\"valueRequired\":true,\"valueName\":\"search_term_string\"}}],\"inLanguage\":\"pt-BR\"},{\"@type\":\"Organization\",\"@id\":\"https:\\\/\\\/blogdofarnesio.com.br\\\/#organization\",\"name\":\"Blog do Farn\u00e9sio\",\"url\":\"https:\\\/\\\/blogdofarnesio.com.br\\\/\",\"logo\":{\"@type\":\"ImageObject\",\"inLanguage\":\"pt-BR\",\"@id\":\"https:\\\/\\\/blogdofarnesio.com.br\\\/#\\\/schema\\\/logo\\\/image\\\/\",\"url\":\"https:\\\/\\\/blogdofarnesio.com.br\\\/wp-content\\\/uploads\\\/2026\\\/03\\\/cropped-logo_new-1.png\",\"contentUrl\":\"https:\\\/\\\/blogdofarnesio.com.br\\\/wp-content\\\/uploads\\\/2026\\\/03\\\/cropped-logo_new-1.png\",\"width\":881,\"height\":685,\"caption\":\"Blog do Farn\u00e9sio\"},\"image\":{\"@id\":\"https:\\\/\\\/blogdofarnesio.com.br\\\/#\\\/schema\\\/logo\\\/image\\\/\"},\"sameAs\":[\"https:\\\/\\\/www.facebook.com\\\/BlogQuerSaberPolitica\\\/\"]}]}<\/script>\n<!-- \/ Yoast SEO plugin. -->","yoast_head_json":{"title":"TRANSPOSI\u00c7\u00c3O \u00c9 SUSPEITA DE ESVAZIAR A\u00c7UDE NA REGI\u00c3O DE SALGUEIRO  - Blog do Farn\u00e9sio","robots":{"index":"index","follow":"follow","max-snippet":"max-snippet:-1","max-image-preview":"max-image-preview:large","max-video-preview":"max-video-preview:-1"},"canonical":"https:\/\/blogdofarnesio.com.br\/?p=19260","og_locale":"pt_BR","og_type":"article","og_title":"TRANSPOSI\u00c7\u00c3O \u00c9 SUSPEITA DE ESVAZIAR A\u00c7UDE NA REGI\u00c3O DE SALGUEIRO  - Blog do Farn\u00e9sio","og_description":"Leonardo Lucena_PE247&nbsp;&#8211;&nbsp; O esvaziamento de um a&ccedil;ude localizado em Montevid&eacute;u, distrito de Salgueiro, no Sert&atilde;o Pernambuco levantou a suspeita de que as obras de um dos canais da Transposi&ccedil;&atilde;o do S&atilde;o Francisco seria a respons&aacute;vel pelo problema. Por&eacute;m, de acordo com o Minist&eacute;rio da Integra&ccedil;&atilde;o Nacional, respons&aacute;vel pelo empreendimento, atribui a situa&ccedil;&atilde;o &agrave; seca, a pior dos &uacute;ltimos 30 anos em todo o Nordeste. Devido a falta de &aacute;gua, os moradores est&atilde;o sendo abastecidos pelo munic&iacute;pio vizinho de Pena Forte, Cear&aacute;, na divisa com Pernambuco. De acordo com o Minist&eacute;rio, foram efetuados pagamentos a titulo de indeniza&ccedil;&atilde;o no valor de R$ 222 mil, j&aacute; que os terrenos est&atilde;o no dom&iacute;nio da faixa da obra da Transposi&ccedil;&atilde;o. Ainda segundo o &oacute;rg&atilde;o,&hellip;","og_url":"https:\/\/blogdofarnesio.com.br\/?p=19260","og_site_name":"Blog do Farn\u00e9sio","article_publisher":"https:\/\/www.facebook.com\/BlogQuerSaberPolitica\/","article_published_time":"2012-12-03T06:11:42+00:00","og_image":[{"url":"http:\/\/www.brasil247.com\/images\/cache\/1000x357\/crop_0_99_1280_556\/images%7Ccms-image-000294880.jpg","type":"","width":"","height":""}],"twitter_card":"summary_large_image","twitter_misc":{"Est. tempo de leitura":"3 minutos"},"schema":{"@context":"https:\/\/schema.org","@graph":[{"@type":"Article","@id":"https:\/\/blogdofarnesio.com.br\/?p=19260#article","isPartOf":{"@id":"https:\/\/blogdofarnesio.com.br\/?p=19260"},"author":{"name":"","@id":""},"headline":"TRANSPOSI\u00c7\u00c3O \u00c9 SUSPEITA DE ESVAZIAR A\u00c7UDE NA REGI\u00c3O DE SALGUEIRO","datePublished":"2012-12-03T06:11:42+00:00","mainEntityOfPage":{"@id":"https:\/\/blogdofarnesio.com.br\/?p=19260"},"wordCount":552,"commentCount":0,"publisher":{"@id":"https:\/\/blogdofarnesio.com.br\/#organization"},"image":{"@id":"https:\/\/blogdofarnesio.com.br\/?p=19260#primaryimage"},"thumbnailUrl":"http:\/\/www.brasil247.com\/images\/cache\/1000x357\/crop_0_99_1280_556\/images%7Ccms-image-000294880.jpg","articleSection":["Fruticultura"],"inLanguage":"pt-BR","potentialAction":[{"@type":"CommentAction","name":"Comment","target":["https:\/\/blogdofarnesio.com.br\/?p=19260#respond"]}]},{"@type":"WebPage","@id":"https:\/\/blogdofarnesio.com.br\/?p=19260","url":"https:\/\/blogdofarnesio.com.br\/?p=19260","name":"TRANSPOSI\u00c7\u00c3O \u00c9 SUSPEITA DE ESVAZIAR A\u00c7UDE NA REGI\u00c3O DE SALGUEIRO - Blog do Farn\u00e9sio","isPartOf":{"@id":"https:\/\/blogdofarnesio.com.br\/#website"},"primaryImageOfPage":{"@id":"https:\/\/blogdofarnesio.com.br\/?p=19260#primaryimage"},"image":{"@id":"https:\/\/blogdofarnesio.com.br\/?p=19260#primaryimage"},"thumbnailUrl":"http:\/\/www.brasil247.com\/images\/cache\/1000x357\/crop_0_99_1280_556\/images%7Ccms-image-000294880.jpg","datePublished":"2012-12-03T06:11:42+00:00","breadcrumb":{"@id":"https:\/\/blogdofarnesio.com.br\/?p=19260#breadcrumb"},"inLanguage":"pt-BR","potentialAction":[{"@type":"ReadAction","target":["https:\/\/blogdofarnesio.com.br\/?p=19260"]}]},{"@type":"ImageObject","inLanguage":"pt-BR","@id":"https:\/\/blogdofarnesio.com.br\/?p=19260#primaryimage","url":"http:\/\/www.brasil247.com\/images\/cache\/1000x357\/crop_0_99_1280_556\/images%7Ccms-image-000294880.jpg","contentUrl":"http:\/\/www.brasil247.com\/images\/cache\/1000x357\/crop_0_99_1280_556\/images%7Ccms-image-000294880.jpg"},{"@type":"BreadcrumbList","@id":"https:\/\/blogdofarnesio.com.br\/?p=19260#breadcrumb","itemListElement":[{"@type":"ListItem","position":1,"name":"In\u00edcio","item":"https:\/\/blogdofarnesio.com.br\/"},{"@type":"ListItem","position":2,"name":"TRANSPOSI\u00c7\u00c3O \u00c9 SUSPEITA DE ESVAZIAR A\u00c7UDE NA REGI\u00c3O DE SALGUEIRO"}]},{"@type":"WebSite","@id":"https:\/\/blogdofarnesio.com.br\/#website","url":"https:\/\/blogdofarnesio.com.br\/","name":"Blog do Farn\u00e9sio","description":"Quer Saber Pol\u00edtica?","publisher":{"@id":"https:\/\/blogdofarnesio.com.br\/#organization"},"potentialAction":[{"@type":"SearchAction","target":{"@type":"EntryPoint","urlTemplate":"https:\/\/blogdofarnesio.com.br\/?s={search_term_string}"},"query-input":{"@type":"PropertyValueSpecification","valueRequired":true,"valueName":"search_term_string"}}],"inLanguage":"pt-BR"},{"@type":"Organization","@id":"https:\/\/blogdofarnesio.com.br\/#organization","name":"Blog do Farn\u00e9sio","url":"https:\/\/blogdofarnesio.com.br\/","logo":{"@type":"ImageObject","inLanguage":"pt-BR","@id":"https:\/\/blogdofarnesio.com.br\/#\/schema\/logo\/image\/","url":"https:\/\/blogdofarnesio.com.br\/wp-content\/uploads\/2026\/03\/cropped-logo_new-1.png","contentUrl":"https:\/\/blogdofarnesio.com.br\/wp-content\/uploads\/2026\/03\/cropped-logo_new-1.png","width":881,"height":685,"caption":"Blog do Farn\u00e9sio"},"image":{"@id":"https:\/\/blogdofarnesio.com.br\/#\/schema\/logo\/image\/"},"sameAs":["https:\/\/www.facebook.com\/BlogQuerSaberPolitica\/"]}]}},"_links":{"self":[{"href":"https:\/\/blogdofarnesio.com.br\/index.php?rest_route=\/wp\/v2\/posts\/19260","targetHints":{"allow":["GET"]}}],"collection":[{"href":"https:\/\/blogdofarnesio.com.br\/index.php?rest_route=\/wp\/v2\/posts"}],"about":[{"href":"https:\/\/blogdofarnesio.com.br\/index.php?rest_route=\/wp\/v2\/types\/post"}],"replies":[{"embeddable":true,"href":"https:\/\/blogdofarnesio.com.br\/index.php?rest_route=%2Fwp%2Fv2%2Fcomments&post=19260"}],"version-history":[{"count":0,"href":"https:\/\/blogdofarnesio.com.br\/index.php?rest_route=\/wp\/v2\/posts\/19260\/revisions"}],"wp:attachment":[{"href":"https:\/\/blogdofarnesio.com.br\/index.php?rest_route=%2Fwp%2Fv2%2Fmedia&parent=19260"}],"wp:term":[{"taxonomy":"category","embeddable":true,"href":"https:\/\/blogdofarnesio.com.br\/index.php?rest_route=%2Fwp%2Fv2%2Fcategories&post=19260"},{"taxonomy":"post_tag","embeddable":true,"href":"https:\/\/blogdofarnesio.com.br\/index.php?rest_route=%2Fwp%2Fv2%2Ftags&post=19260"}],"curies":[{"name":"wp","href":"https:\/\/api.w.org\/{rel}","templated":true}]}}