{"id":191965,"date":"2018-03-20T08:03:08","date_gmt":"2018-03-20T11:03:08","guid":{"rendered":"http:\/\/quersaberpolitica.com.br\/2016\/?p=191965"},"modified":"2018-03-19T20:22:54","modified_gmt":"2018-03-19T23:22:54","slug":"fique-sabendo-por-que-um-bispo-e-quatro-padres-foram-presos-sob-acusacao-de-roubar-os-fieis","status":"publish","type":"post","link":"https:\/\/blogdofarnesio.com.br\/?p=191965","title":{"rendered":"FIQUE SABENDO POR QUE UM BISPO E QUATRO PADRES FORAM PRESOS SOB ACUSA\u00c7\u00c3O DE ROUBAR OS FI\u00c9IS"},"content":{"rendered":"<div class=\"font_a font_jjj\"><strong>OS 4 PADRES S\u00c3O ACUSADOS DE ROUBAR D\u00cdZIMO E DOA\u00c7\u00d5ES<\/strong><\/div>\n<div class=\"row change_font\">\n<div class=\"col-md-12 font_a popup-gallery\">\n<p>O bispo de Formosa (GO), Jos\u00e9 Ronaldo Ribeiro, o vig\u00e1rio geral e outros quatro padres foram presos na manh\u00e3 desta segunda-feira (19) suspeitos de roubar dinheiro da diocese de Goi\u00e1s, segundo investiga\u00e7\u00e3o do Minist\u00e9rio P\u00fablico de Goi\u00e1s, que deflagrou na manh\u00e3 de hoje (19) a Opera\u00e7\u00e3o Caif\u00e1s.Os promotores investigam roubo de cerca de R$2 milh\u00f5es por membros da administra\u00e7\u00e3o central da diocese de Formosa e de par\u00f3quias associadas. Por determina\u00e7\u00e3o do MP, policiais civis cumprem 13 mandados de pris\u00e3o e 10 de busca e apreens\u00e3o nos munic\u00edpios de Formosa, Posse e Planaltina, em resid\u00eancias, depend\u00eancias da diocese e em um mosteiro.<\/p>\n<p>Os valores desviados pela c\u00faria s\u00e3o provenientes de d\u00edzimos, doa\u00e7\u00f5es e taxas pagas pelos fi\u00e9is para cobrir batismos, casamentos e cerim\u00f4nias afins. Segundo o MP, com o avan\u00e7o das apura\u00e7\u00f5es, \u00e9 muito prov\u00e1vel que a quantia subtra\u00edda pelo grupo criminoso supere a estimativa informada pela assessoria de imprensa do \u00f3rg\u00e3o. O n\u00famero preciso deve ser conhecido dentro de uma semana, quando o processo ser\u00e1 protocolado.<\/p>\n<p>O MP passou a averiguar os fatos ap\u00f3s fi\u00e9is comunicarem aos promotores a suspeita de desfalques que teriam sido iniciados em 2015.<\/p>\n<p>A opera\u00e7\u00e3o \u00e9 coordenada pelos promotores de Justi\u00e7a Fernanda Balbinot e Douglas Chegury e conta com a atua\u00e7\u00e3o de integrantes do Centro de Intelig\u00eancia e do Gabinete de Seguran\u00e7a Institucional do MP, do Grupo de Atua\u00e7\u00e3o Especial de Combate ao Crime Organizado (Gaeco) do Entorno do Distrito Federal e, ainda, da Pol\u00edcia Militar.<\/p>\n<p>O nome da opera\u00e7\u00e3o \u00e9 uma alus\u00e3o a Joseph Caiaphas que, de acordo com a B\u00edblia, foi o sumo sacerdote que entregou Jesus a P\u00f4ncio Pilatos.<\/p>\n<\/div>\n<\/div>\n","protected":false},"excerpt":{"rendered":"<p>OS 4 PADRES S\u00c3O ACUSADOS DE ROUBAR D\u00cdZIMO E DOA\u00c7\u00d5ES O bispo de Formosa (GO), Jos\u00e9 Ronaldo Ribeiro, o vig\u00e1rio geral e outros quatro padres foram presos na manh\u00e3 desta segunda-feira (19) suspeitos de roubar dinheiro da diocese de Goi\u00e1s, segundo investiga\u00e7\u00e3o do Minist\u00e9rio P\u00fablico de Goi\u00e1s, que deflagrou na manh\u00e3 de hoje (19) a Opera\u00e7\u00e3o Caif\u00e1s.Os promotores investigam roubo de cerca de R$2 milh\u00f5es por membros da administra\u00e7\u00e3o central da diocese de Formosa e de par\u00f3quias associadas. Por determina\u00e7\u00e3o do MP, policiais civis cumprem 13 mandados de pris\u00e3o e 10 de busca e apreens\u00e3o nos munic\u00edpios de Formosa, Posse e Planaltina, em resid\u00eancias, depend\u00eancias da diocese e em um mosteiro. Os valores desviados pela c\u00faria s\u00e3o provenientes de d\u00edzimos,&hellip; <\/p>\n","protected":false},"author":1,"featured_media":191966,"comment_status":"closed","ping_status":"closed","sticky":false,"template":"","format":"standard","meta":{"_acf_changed":false,"footnotes":""},"categories":[9,7],"tags":[],"class_list":["post-191965","post","type-post","status-publish","format-standard","has-post-thumbnail","hentry","category-policia","category-religiao"],"acf":[],"yoast_head":"<!-- This site is optimized with the Yoast SEO plugin v27.4 - https:\/\/yoast.com\/product\/yoast-seo-wordpress\/ -->\n<title>FIQUE SABENDO POR QUE UM BISPO E QUATRO PADRES FORAM PRESOS SOB ACUSA\u00c7\u00c3O DE ROUBAR OS FI\u00c9IS - Blog do Farn\u00e9sio<\/title>\n<meta name=\"robots\" content=\"index, follow, max-snippet:-1, max-image-preview:large, max-video-preview:-1\" \/>\n<link rel=\"canonical\" href=\"http:\/\/blogdofarnesio.com.br\/?p=191965\" \/>\n<meta property=\"og:locale\" content=\"pt_BR\" \/>\n<meta property=\"og:type\" content=\"article\" \/>\n<meta property=\"og:title\" content=\"FIQUE SABENDO POR QUE UM BISPO E QUATRO PADRES FORAM PRESOS SOB ACUSA\u00c7\u00c3O DE ROUBAR OS FI\u00c9IS - Blog do Farn\u00e9sio\" \/>\n<meta property=\"og:description\" content=\"OS 4 PADRES S\u00c3O ACUSADOS DE ROUBAR D\u00cdZIMO E DOA\u00c7\u00d5ES O bispo de Formosa (GO), Jos\u00e9 Ronaldo Ribeiro, o vig\u00e1rio geral e outros quatro padres foram presos na manh\u00e3 desta segunda-feira (19) suspeitos de roubar dinheiro da diocese de Goi\u00e1s, segundo investiga\u00e7\u00e3o do Minist\u00e9rio P\u00fablico de Goi\u00e1s, que deflagrou na manh\u00e3 de hoje (19) a Opera\u00e7\u00e3o Caif\u00e1s.Os promotores investigam roubo de cerca de R$2 milh\u00f5es por membros da administra\u00e7\u00e3o central da diocese de Formosa e de par\u00f3quias associadas. Por determina\u00e7\u00e3o do MP, policiais civis cumprem 13 mandados de pris\u00e3o e 10 de busca e apreens\u00e3o nos munic\u00edpios de Formosa, Posse e Planaltina, em resid\u00eancias, depend\u00eancias da diocese e em um mosteiro. Os valores desviados pela c\u00faria s\u00e3o provenientes de d\u00edzimos,&hellip;\" \/>\n<meta property=\"og:url\" content=\"http:\/\/blogdofarnesio.com.br\/?p=191965\" \/>\n<meta property=\"og:site_name\" content=\"Blog do Farn\u00e9sio\" \/>\n<meta property=\"article:publisher\" content=\"https:\/\/www.facebook.com\/BlogQuerSaberPolitica\/\" \/>\n<meta property=\"article:published_time\" content=\"2018-03-20T11:03:08+00:00\" \/>\n<meta property=\"og:image\" content=\"http:\/\/blogdofarnesio.com.br\/wp-content\/uploads\/2018\/03\/blogqspbispo-jose-ronaldo-preso-formosa.jpg\" \/>\n\t<meta property=\"og:image:width\" content=\"496\" \/>\n\t<meta property=\"og:image:height\" content=\"296\" \/>\n\t<meta property=\"og:image:type\" content=\"image\/jpeg\" \/>\n<meta name=\"author\" content=\"Farn\u00e9sio\" \/>\n<meta name=\"twitter:card\" content=\"summary_large_image\" \/>\n<meta name=\"twitter:label1\" content=\"Escrito por\" \/>\n\t<meta name=\"twitter:data1\" content=\"Farn\u00e9sio\" \/>\n\t<meta name=\"twitter:label2\" content=\"Est. tempo de leitura\" \/>\n\t<meta name=\"twitter:data2\" content=\"2 minutos\" \/>\n<script type=\"application\/ld+json\" class=\"yoast-schema-graph\">{\"@context\":\"https:\\\/\\\/schema.org\",\"@graph\":[{\"@type\":\"Article\",\"@id\":\"http:\\\/\\\/blogdofarnesio.com.br\\\/?p=191965#article\",\"isPartOf\":{\"@id\":\"http:\\\/\\\/blogdofarnesio.com.br\\\/?p=191965\"},\"author\":{\"name\":\"Farn\u00e9sio\",\"@id\":\"https:\\\/\\\/blogdofarnesio.com.br\\\/#\\\/schema\\\/person\\\/301c4acf522bccbfdb45af95b5b906a1\"},\"headline\":\"FIQUE SABENDO POR QUE UM BISPO E QUATRO PADRES FORAM PRESOS SOB ACUSA\u00c7\u00c3O DE ROUBAR OS FI\u00c9IS\",\"datePublished\":\"2018-03-20T11:03:08+00:00\",\"mainEntityOfPage\":{\"@id\":\"http:\\\/\\\/blogdofarnesio.com.br\\\/?p=191965\"},\"wordCount\":333,\"publisher\":{\"@id\":\"https:\\\/\\\/blogdofarnesio.com.br\\\/#organization\"},\"image\":{\"@id\":\"http:\\\/\\\/blogdofarnesio.com.br\\\/?p=191965#primaryimage\"},\"thumbnailUrl\":\"https:\\\/\\\/blogdofarnesio.com.br\\\/wp-content\\\/uploads\\\/2018\\\/03\\\/blogqspbispo-jose-ronaldo-preso-formosa.jpg\",\"articleSection\":[\"Pol\u00edcia\",\"Religi\u00e3o\"],\"inLanguage\":\"pt-BR\"},{\"@type\":\"WebPage\",\"@id\":\"http:\\\/\\\/blogdofarnesio.com.br\\\/?p=191965\",\"url\":\"http:\\\/\\\/blogdofarnesio.com.br\\\/?p=191965\",\"name\":\"FIQUE SABENDO POR QUE UM BISPO E QUATRO PADRES FORAM PRESOS SOB ACUSA\u00c7\u00c3O DE ROUBAR OS FI\u00c9IS - Blog do Farn\u00e9sio\",\"isPartOf\":{\"@id\":\"https:\\\/\\\/blogdofarnesio.com.br\\\/#website\"},\"primaryImageOfPage\":{\"@id\":\"http:\\\/\\\/blogdofarnesio.com.br\\\/?p=191965#primaryimage\"},\"image\":{\"@id\":\"http:\\\/\\\/blogdofarnesio.com.br\\\/?p=191965#primaryimage\"},\"thumbnailUrl\":\"https:\\\/\\\/blogdofarnesio.com.br\\\/wp-content\\\/uploads\\\/2018\\\/03\\\/blogqspbispo-jose-ronaldo-preso-formosa.jpg\",\"datePublished\":\"2018-03-20T11:03:08+00:00\",\"breadcrumb\":{\"@id\":\"http:\\\/\\\/blogdofarnesio.com.br\\\/?p=191965#breadcrumb\"},\"inLanguage\":\"pt-BR\",\"potentialAction\":[{\"@type\":\"ReadAction\",\"target\":[\"http:\\\/\\\/blogdofarnesio.com.br\\\/?p=191965\"]}]},{\"@type\":\"ImageObject\",\"inLanguage\":\"pt-BR\",\"@id\":\"http:\\\/\\\/blogdofarnesio.com.br\\\/?p=191965#primaryimage\",\"url\":\"https:\\\/\\\/blogdofarnesio.com.br\\\/wp-content\\\/uploads\\\/2018\\\/03\\\/blogqspbispo-jose-ronaldo-preso-formosa.jpg\",\"contentUrl\":\"https:\\\/\\\/blogdofarnesio.com.br\\\/wp-content\\\/uploads\\\/2018\\\/03\\\/blogqspbispo-jose-ronaldo-preso-formosa.jpg\",\"width\":496,\"height\":296},{\"@type\":\"BreadcrumbList\",\"@id\":\"http:\\\/\\\/blogdofarnesio.com.br\\\/?p=191965#breadcrumb\",\"itemListElement\":[{\"@type\":\"ListItem\",\"position\":1,\"name\":\"In\u00edcio\",\"item\":\"https:\\\/\\\/blogdofarnesio.com.br\\\/\"},{\"@type\":\"ListItem\",\"position\":2,\"name\":\"FIQUE SABENDO POR QUE UM BISPO E QUATRO PADRES FORAM PRESOS SOB ACUSA\u00c7\u00c3O DE ROUBAR OS FI\u00c9IS\"}]},{\"@type\":\"WebSite\",\"@id\":\"https:\\\/\\\/blogdofarnesio.com.br\\\/#website\",\"url\":\"https:\\\/\\\/blogdofarnesio.com.br\\\/\",\"name\":\"Blog do Farn\u00e9sio\",\"description\":\"Quer Saber Pol\u00edtica?\",\"publisher\":{\"@id\":\"https:\\\/\\\/blogdofarnesio.com.br\\\/#organization\"},\"potentialAction\":[{\"@type\":\"SearchAction\",\"target\":{\"@type\":\"EntryPoint\",\"urlTemplate\":\"https:\\\/\\\/blogdofarnesio.com.br\\\/?s={search_term_string}\"},\"query-input\":{\"@type\":\"PropertyValueSpecification\",\"valueRequired\":true,\"valueName\":\"search_term_string\"}}],\"inLanguage\":\"pt-BR\"},{\"@type\":\"Organization\",\"@id\":\"https:\\\/\\\/blogdofarnesio.com.br\\\/#organization\",\"name\":\"Blog do Farn\u00e9sio\",\"url\":\"https:\\\/\\\/blogdofarnesio.com.br\\\/\",\"logo\":{\"@type\":\"ImageObject\",\"inLanguage\":\"pt-BR\",\"@id\":\"https:\\\/\\\/blogdofarnesio.com.br\\\/#\\\/schema\\\/logo\\\/image\\\/\",\"url\":\"https:\\\/\\\/blogdofarnesio.com.br\\\/wp-content\\\/uploads\\\/2026\\\/03\\\/cropped-logo_new-1.png\",\"contentUrl\":\"https:\\\/\\\/blogdofarnesio.com.br\\\/wp-content\\\/uploads\\\/2026\\\/03\\\/cropped-logo_new-1.png\",\"width\":881,\"height\":685,\"caption\":\"Blog do Farn\u00e9sio\"},\"image\":{\"@id\":\"https:\\\/\\\/blogdofarnesio.com.br\\\/#\\\/schema\\\/logo\\\/image\\\/\"},\"sameAs\":[\"https:\\\/\\\/www.facebook.com\\\/BlogQuerSaberPolitica\\\/\"]},{\"@type\":\"Person\",\"@id\":\"https:\\\/\\\/blogdofarnesio.com.br\\\/#\\\/schema\\\/person\\\/301c4acf522bccbfdb45af95b5b906a1\",\"name\":\"Farn\u00e9sio\",\"image\":{\"@type\":\"ImageObject\",\"inLanguage\":\"pt-BR\",\"@id\":\"https:\\\/\\\/secure.gravatar.com\\\/avatar\\\/df0c9a14567c056f8ad6876ba5bbd1e3e2c48023eb6807342fc4663adf549f38?s=96&d=mm&r=g\",\"url\":\"https:\\\/\\\/secure.gravatar.com\\\/avatar\\\/df0c9a14567c056f8ad6876ba5bbd1e3e2c48023eb6807342fc4663adf549f38?s=96&d=mm&r=g\",\"contentUrl\":\"https:\\\/\\\/secure.gravatar.com\\\/avatar\\\/df0c9a14567c056f8ad6876ba5bbd1e3e2c48023eb6807342fc4663adf549f38?s=96&d=mm&r=g\",\"caption\":\"Farn\u00e9sio\"},\"sameAs\":[\"https:\\\/\\\/quersaberpolitica.com.br\"],\"url\":\"https:\\\/\\\/blogdofarnesio.com.br\\\/?author=1\"}]}<\/script>\n<!-- \/ Yoast SEO plugin. -->","yoast_head_json":{"title":"FIQUE SABENDO POR QUE UM BISPO E QUATRO PADRES FORAM PRESOS SOB ACUSA\u00c7\u00c3O DE ROUBAR OS FI\u00c9IS - Blog do Farn\u00e9sio","robots":{"index":"index","follow":"follow","max-snippet":"max-snippet:-1","max-image-preview":"max-image-preview:large","max-video-preview":"max-video-preview:-1"},"canonical":"http:\/\/blogdofarnesio.com.br\/?p=191965","og_locale":"pt_BR","og_type":"article","og_title":"FIQUE SABENDO POR QUE UM BISPO E QUATRO PADRES FORAM PRESOS SOB ACUSA\u00c7\u00c3O DE ROUBAR OS FI\u00c9IS - Blog do Farn\u00e9sio","og_description":"OS 4 PADRES S\u00c3O ACUSADOS DE ROUBAR D\u00cdZIMO E DOA\u00c7\u00d5ES O bispo de Formosa (GO), Jos\u00e9 Ronaldo Ribeiro, o vig\u00e1rio geral e outros quatro padres foram presos na manh\u00e3 desta segunda-feira (19) suspeitos de roubar dinheiro da diocese de Goi\u00e1s, segundo investiga\u00e7\u00e3o do Minist\u00e9rio P\u00fablico de Goi\u00e1s, que deflagrou na manh\u00e3 de hoje (19) a Opera\u00e7\u00e3o Caif\u00e1s.Os promotores investigam roubo de cerca de R$2 milh\u00f5es por membros da administra\u00e7\u00e3o central da diocese de Formosa e de par\u00f3quias associadas. Por determina\u00e7\u00e3o do MP, policiais civis cumprem 13 mandados de pris\u00e3o e 10 de busca e apreens\u00e3o nos munic\u00edpios de Formosa, Posse e Planaltina, em resid\u00eancias, depend\u00eancias da diocese e em um mosteiro. Os valores desviados pela c\u00faria s\u00e3o provenientes de d\u00edzimos,&hellip;","og_url":"http:\/\/blogdofarnesio.com.br\/?p=191965","og_site_name":"Blog do Farn\u00e9sio","article_publisher":"https:\/\/www.facebook.com\/BlogQuerSaberPolitica\/","article_published_time":"2018-03-20T11:03:08+00:00","og_image":[{"width":496,"height":296,"url":"http:\/\/blogdofarnesio.com.br\/wp-content\/uploads\/2018\/03\/blogqspbispo-jose-ronaldo-preso-formosa.jpg","type":"image\/jpeg"}],"author":"Farn\u00e9sio","twitter_card":"summary_large_image","twitter_misc":{"Escrito por":"Farn\u00e9sio","Est. tempo de leitura":"2 minutos"},"schema":{"@context":"https:\/\/schema.org","@graph":[{"@type":"Article","@id":"http:\/\/blogdofarnesio.com.br\/?p=191965#article","isPartOf":{"@id":"http:\/\/blogdofarnesio.com.br\/?p=191965"},"author":{"name":"Farn\u00e9sio","@id":"https:\/\/blogdofarnesio.com.br\/#\/schema\/person\/301c4acf522bccbfdb45af95b5b906a1"},"headline":"FIQUE SABENDO POR QUE UM BISPO E QUATRO PADRES FORAM PRESOS SOB ACUSA\u00c7\u00c3O DE ROUBAR OS FI\u00c9IS","datePublished":"2018-03-20T11:03:08+00:00","mainEntityOfPage":{"@id":"http:\/\/blogdofarnesio.com.br\/?p=191965"},"wordCount":333,"publisher":{"@id":"https:\/\/blogdofarnesio.com.br\/#organization"},"image":{"@id":"http:\/\/blogdofarnesio.com.br\/?p=191965#primaryimage"},"thumbnailUrl":"https:\/\/blogdofarnesio.com.br\/wp-content\/uploads\/2018\/03\/blogqspbispo-jose-ronaldo-preso-formosa.jpg","articleSection":["Pol\u00edcia","Religi\u00e3o"],"inLanguage":"pt-BR"},{"@type":"WebPage","@id":"http:\/\/blogdofarnesio.com.br\/?p=191965","url":"http:\/\/blogdofarnesio.com.br\/?p=191965","name":"FIQUE SABENDO POR QUE UM BISPO E QUATRO PADRES FORAM PRESOS SOB ACUSA\u00c7\u00c3O DE ROUBAR OS FI\u00c9IS - Blog do Farn\u00e9sio","isPartOf":{"@id":"https:\/\/blogdofarnesio.com.br\/#website"},"primaryImageOfPage":{"@id":"http:\/\/blogdofarnesio.com.br\/?p=191965#primaryimage"},"image":{"@id":"http:\/\/blogdofarnesio.com.br\/?p=191965#primaryimage"},"thumbnailUrl":"https:\/\/blogdofarnesio.com.br\/wp-content\/uploads\/2018\/03\/blogqspbispo-jose-ronaldo-preso-formosa.jpg","datePublished":"2018-03-20T11:03:08+00:00","breadcrumb":{"@id":"http:\/\/blogdofarnesio.com.br\/?p=191965#breadcrumb"},"inLanguage":"pt-BR","potentialAction":[{"@type":"ReadAction","target":["http:\/\/blogdofarnesio.com.br\/?p=191965"]}]},{"@type":"ImageObject","inLanguage":"pt-BR","@id":"http:\/\/blogdofarnesio.com.br\/?p=191965#primaryimage","url":"https:\/\/blogdofarnesio.com.br\/wp-content\/uploads\/2018\/03\/blogqspbispo-jose-ronaldo-preso-formosa.jpg","contentUrl":"https:\/\/blogdofarnesio.com.br\/wp-content\/uploads\/2018\/03\/blogqspbispo-jose-ronaldo-preso-formosa.jpg","width":496,"height":296},{"@type":"BreadcrumbList","@id":"http:\/\/blogdofarnesio.com.br\/?p=191965#breadcrumb","itemListElement":[{"@type":"ListItem","position":1,"name":"In\u00edcio","item":"https:\/\/blogdofarnesio.com.br\/"},{"@type":"ListItem","position":2,"name":"FIQUE SABENDO POR QUE UM BISPO E QUATRO PADRES FORAM PRESOS SOB ACUSA\u00c7\u00c3O DE ROUBAR OS FI\u00c9IS"}]},{"@type":"WebSite","@id":"https:\/\/blogdofarnesio.com.br\/#website","url":"https:\/\/blogdofarnesio.com.br\/","name":"Blog do Farn\u00e9sio","description":"Quer Saber Pol\u00edtica?","publisher":{"@id":"https:\/\/blogdofarnesio.com.br\/#organization"},"potentialAction":[{"@type":"SearchAction","target":{"@type":"EntryPoint","urlTemplate":"https:\/\/blogdofarnesio.com.br\/?s={search_term_string}"},"query-input":{"@type":"PropertyValueSpecification","valueRequired":true,"valueName":"search_term_string"}}],"inLanguage":"pt-BR"},{"@type":"Organization","@id":"https:\/\/blogdofarnesio.com.br\/#organization","name":"Blog do Farn\u00e9sio","url":"https:\/\/blogdofarnesio.com.br\/","logo":{"@type":"ImageObject","inLanguage":"pt-BR","@id":"https:\/\/blogdofarnesio.com.br\/#\/schema\/logo\/image\/","url":"https:\/\/blogdofarnesio.com.br\/wp-content\/uploads\/2026\/03\/cropped-logo_new-1.png","contentUrl":"https:\/\/blogdofarnesio.com.br\/wp-content\/uploads\/2026\/03\/cropped-logo_new-1.png","width":881,"height":685,"caption":"Blog do Farn\u00e9sio"},"image":{"@id":"https:\/\/blogdofarnesio.com.br\/#\/schema\/logo\/image\/"},"sameAs":["https:\/\/www.facebook.com\/BlogQuerSaberPolitica\/"]},{"@type":"Person","@id":"https:\/\/blogdofarnesio.com.br\/#\/schema\/person\/301c4acf522bccbfdb45af95b5b906a1","name":"Farn\u00e9sio","image":{"@type":"ImageObject","inLanguage":"pt-BR","@id":"https:\/\/secure.gravatar.com\/avatar\/df0c9a14567c056f8ad6876ba5bbd1e3e2c48023eb6807342fc4663adf549f38?s=96&d=mm&r=g","url":"https:\/\/secure.gravatar.com\/avatar\/df0c9a14567c056f8ad6876ba5bbd1e3e2c48023eb6807342fc4663adf549f38?s=96&d=mm&r=g","contentUrl":"https:\/\/secure.gravatar.com\/avatar\/df0c9a14567c056f8ad6876ba5bbd1e3e2c48023eb6807342fc4663adf549f38?s=96&d=mm&r=g","caption":"Farn\u00e9sio"},"sameAs":["https:\/\/quersaberpolitica.com.br"],"url":"https:\/\/blogdofarnesio.com.br\/?author=1"}]}},"_links":{"self":[{"href":"https:\/\/blogdofarnesio.com.br\/index.php?rest_route=\/wp\/v2\/posts\/191965","targetHints":{"allow":["GET"]}}],"collection":[{"href":"https:\/\/blogdofarnesio.com.br\/index.php?rest_route=\/wp\/v2\/posts"}],"about":[{"href":"https:\/\/blogdofarnesio.com.br\/index.php?rest_route=\/wp\/v2\/types\/post"}],"author":[{"embeddable":true,"href":"https:\/\/blogdofarnesio.com.br\/index.php?rest_route=\/wp\/v2\/users\/1"}],"replies":[{"embeddable":true,"href":"https:\/\/blogdofarnesio.com.br\/index.php?rest_route=%2Fwp%2Fv2%2Fcomments&post=191965"}],"version-history":[{"count":0,"href":"https:\/\/blogdofarnesio.com.br\/index.php?rest_route=\/wp\/v2\/posts\/191965\/revisions"}],"wp:featuredmedia":[{"embeddable":true,"href":"https:\/\/blogdofarnesio.com.br\/index.php?rest_route=\/wp\/v2\/media\/191966"}],"wp:attachment":[{"href":"https:\/\/blogdofarnesio.com.br\/index.php?rest_route=%2Fwp%2Fv2%2Fmedia&parent=191965"}],"wp:term":[{"taxonomy":"category","embeddable":true,"href":"https:\/\/blogdofarnesio.com.br\/index.php?rest_route=%2Fwp%2Fv2%2Fcategories&post=191965"},{"taxonomy":"post_tag","embeddable":true,"href":"https:\/\/blogdofarnesio.com.br\/index.php?rest_route=%2Fwp%2Fv2%2Ftags&post=191965"}],"curies":[{"name":"wp","href":"https:\/\/api.w.org\/{rel}","templated":true}]}}