{"id":191459,"date":"2018-03-15T07:00:24","date_gmt":"2018-03-15T10:00:24","guid":{"rendered":"http:\/\/quersaberpolitica.com.br\/2016\/?p=191459"},"modified":"2018-03-14T18:31:29","modified_gmt":"2018-03-14T21:31:29","slug":"juazeiro-e-mais-cinco-cidades-do-do-interior-da-bahia-vao-receber-o-mutirao-do-primeiro-emprego","status":"publish","type":"post","link":"https:\/\/blogdofarnesio.com.br\/?p=191459","title":{"rendered":"JUAZEIRO E MAIS CINCO CIDADES DO DO INTERIOR DA BAHIA V\u00c3O RECEBER O &#8220;MUTIR\u00c3O DO PRIMEIRO EMPREGO&#8221;"},"content":{"rendered":"<div class=\"box-title\"><\/div>\n<div class=\"box-body\">\n<div class=\"text-center\">\n<div class=\"box-img\">Jovens e adultos das regi\u00f5es de Juazeiro, Sim\u00f5es Filho, Cama\u00e7ari, Alagoinhas, Ipir\u00e1 e Feira de Santana , que conclu\u00edram os cursos t\u00e9cnicos de n\u00edvel m\u00e9dio em 2015, 2016 e 2017, poder\u00e3o participar dos Mutir\u00f5es do Programa Primeiro Emprego que acontecem at\u00e9 o dia 27 de mar\u00e7o. Na \u00faltima ter\u00e7a-feira (13), para os t\u00e9cnicos da Regi\u00e3o Metropolitana, a a\u00e7\u00e3o aconteceu no Centro Estadual de Educa\u00e7\u00e3o Profissional em Servi\u00e7os e Processos Industriais Irm\u00e3 Dulce, na BR 324, KM 18,5 do CIA\/Sim\u00f5es Filho.<\/div>\n<\/div>\n<div class=\"text-descricao\">\n<p>Para os t\u00e9cnicos de Cama\u00e7ari, Candeias, Dias D\u2019\u00c1vila, Mata de S\u00e3o Jo\u00e3o e S\u00e3o Sebasti\u00e3o do Pass\u00e9, o mutir\u00e3o ser\u00e1 nesta quinta (15), das 8 \u00e0s 14hs, no Centro Territorial de Educa\u00e7\u00e3o Profissional Metropolitano de Salvador (Cetep-RM), na rua Dr. Clayton Le\u00e3o, 142, Centro (pr\u00f3ximo \u00e0 Rodovi\u00e1ria), em Cama\u00e7ari.<\/p>\n<p>No interior do estado, o mutir\u00e3o acontecer\u00e1 no dia 19 de mar\u00e7o, em Alagoinhas, no Centro Territorial de Educa\u00e7\u00e3o Profissional de Alagoinhas (Cetep-Alagoinhas). Dia 21 de mar\u00e7o, em Ipir\u00e1, no Cetep de Ipir\u00e1. No dia 22 de mar\u00e7o uma quinta-feira, em Feira de Santana, no Centro Estadual de Educa\u00e7\u00e3o Profissional em Sa\u00fade do Centro Baiano; <strong>e em Juazeiro, no Cetep<\/strong>.<\/p>\n<p>Todas as a\u00e7\u00f5es ocorrer\u00e3o das 8 \u00e0s 14 horas. O candidato que comparecer a um dos mutir\u00f5es far\u00e1 a atualiza\u00e7\u00e3o de cadastro no banco de dados da Secretaria de Educa\u00e7\u00e3o e poder\u00e1 verificar a disponibilidade de vaga na \u00e1rea em que se formou; em seguida, ser\u00e1 encaminhado pela Secretaria de Trabalho (Sine) para conferir se est\u00e1 apto para a legisla\u00e7\u00e3o do Programa. Se eleg\u00edvel, ser\u00e3o verificadas as notas m\u00e9dias de coloca\u00e7\u00e3o e encaminhado para uma poss\u00edvel contrata\u00e7\u00e3o.<\/p>\n<p>\u201cRealizar mutir\u00f5es no interior nos ajuda na atualiza\u00e7\u00e3o dos dados e na busca pelos jovens que faltam para chegarmos aos 9 mil contratados at\u00e9 o final deste ano\u201d, afirmou a presidente da Funda\u00e7\u00e3o Luis Eduardo Magalh\u00e3es \u00a0(Flem), Maria Quit\u00e9ria.<\/p>\n<p>Para atualizar o cadastro, o egresso dever\u00e1 comparecer com a Carteira de trabalho, carteira de identidade (RG) e CPF. J\u00e1 para efetivar a contrata\u00e7\u00e3o, precisar\u00e1 tamb\u00e9m apresentar a carteira de reservista, t\u00edtulo de eleitor, \u00faltimo comprovante de vota\u00e7\u00e3o, comprovante de resid\u00eancia, curr\u00edculo atualizado, certificado de conclus\u00e3o do curso ou diploma ou hist\u00f3rico escolar.<\/p>\n<p>Para os casados e\/ou com filhos, ser\u00e1 necess\u00e1rio apresentar tamb\u00e9m a certid\u00e3o de casamento, certid\u00e3o de nascimento do filho (caso tenha filho), cart\u00e3o de vacina\u00e7\u00e3o (dependente com at\u00e9 cinco anos de idade), comprovante de escolaridade (dependente ap\u00f3s seis anos), conta banc\u00e1ria, duas fotos 3&#215;4.<\/p>\n<p>A remunera\u00e7\u00e3o nas institui\u00e7\u00f5es privadas \u00e9 a partir de um sal\u00e1rio m\u00ednimo; j\u00e1 nas Funda\u00e7\u00f5es, o contemplado ter\u00e1, al\u00e9m de sal\u00e1rio m\u00ednimo, plano de sa\u00fade opcional (Planserv), alimenta\u00e7\u00e3o, vale transporte. O contrato tem dura\u00e7\u00e3o de dois anos no Estado.<\/p>\n<\/div>\n<\/div>\n","protected":false},"excerpt":{"rendered":"<p>Jovens e adultos das regi\u00f5es de Juazeiro, Sim\u00f5es Filho, Cama\u00e7ari, Alagoinhas, Ipir\u00e1 e Feira de Santana , que conclu\u00edram os cursos t\u00e9cnicos de n\u00edvel m\u00e9dio em 2015, 2016 e 2017, poder\u00e3o participar dos Mutir\u00f5es do Programa Primeiro Emprego que acontecem at\u00e9 o dia 27 de mar\u00e7o. Na \u00faltima ter\u00e7a-feira (13), para os t\u00e9cnicos da Regi\u00e3o Metropolitana, a a\u00e7\u00e3o aconteceu no Centro Estadual de Educa\u00e7\u00e3o Profissional em Servi\u00e7os e Processos Industriais Irm\u00e3 Dulce, na BR 324, KM 18,5 do CIA\/Sim\u00f5es Filho. Para os t\u00e9cnicos de Cama\u00e7ari, Candeias, Dias D\u2019\u00c1vila, Mata de S\u00e3o Jo\u00e3o e S\u00e3o Sebasti\u00e3o do Pass\u00e9, o mutir\u00e3o ser\u00e1 nesta quinta (15), das 8 \u00e0s 14hs, no Centro Territorial de Educa\u00e7\u00e3o Profissional Metropolitano de Salvador (Cetep-RM), na rua Dr.&hellip; <\/p>\n","protected":false},"author":1,"featured_media":191460,"comment_status":"closed","ping_status":"closed","sticky":false,"template":"","format":"standard","meta":{"_acf_changed":false,"footnotes":""},"categories":[22,20],"tags":[],"class_list":["post-191459","post","type-post","status-publish","format-standard","has-post-thumbnail","hentry","category-acao-social","category-economia"],"acf":[],"yoast_head":"<!-- This site is optimized with the Yoast SEO plugin v27.4 - https:\/\/yoast.com\/product\/yoast-seo-wordpress\/ -->\n<title>JUAZEIRO E MAIS CINCO CIDADES DO DO INTERIOR DA BAHIA V\u00c3O RECEBER O &quot;MUTIR\u00c3O DO PRIMEIRO EMPREGO&quot; - Blog do Farn\u00e9sio<\/title>\n<meta name=\"robots\" content=\"index, follow, max-snippet:-1, max-image-preview:large, max-video-preview:-1\" \/>\n<link rel=\"canonical\" href=\"https:\/\/blogdofarnesio.com.br\/?p=191459\" \/>\n<meta property=\"og:locale\" content=\"pt_BR\" \/>\n<meta property=\"og:type\" content=\"article\" \/>\n<meta property=\"og:title\" content=\"JUAZEIRO E MAIS CINCO CIDADES DO DO INTERIOR DA BAHIA V\u00c3O RECEBER O &quot;MUTIR\u00c3O DO PRIMEIRO EMPREGO&quot; - Blog do Farn\u00e9sio\" \/>\n<meta property=\"og:description\" content=\"Jovens e adultos das regi\u00f5es de Juazeiro, Sim\u00f5es Filho, Cama\u00e7ari, Alagoinhas, Ipir\u00e1 e Feira de Santana , que conclu\u00edram os cursos t\u00e9cnicos de n\u00edvel m\u00e9dio em 2015, 2016 e 2017, poder\u00e3o participar dos Mutir\u00f5es do Programa Primeiro Emprego que acontecem at\u00e9 o dia 27 de mar\u00e7o. Na \u00faltima ter\u00e7a-feira (13), para os t\u00e9cnicos da Regi\u00e3o Metropolitana, a a\u00e7\u00e3o aconteceu no Centro Estadual de Educa\u00e7\u00e3o Profissional em Servi\u00e7os e Processos Industriais Irm\u00e3 Dulce, na BR 324, KM 18,5 do CIA\/Sim\u00f5es Filho. Para os t\u00e9cnicos de Cama\u00e7ari, Candeias, Dias D\u2019\u00c1vila, Mata de S\u00e3o Jo\u00e3o e S\u00e3o Sebasti\u00e3o do Pass\u00e9, o mutir\u00e3o ser\u00e1 nesta quinta (15), das 8 \u00e0s 14hs, no Centro Territorial de Educa\u00e7\u00e3o Profissional Metropolitano de Salvador (Cetep-RM), na rua Dr.&hellip;\" \/>\n<meta property=\"og:url\" content=\"https:\/\/blogdofarnesio.com.br\/?p=191459\" \/>\n<meta property=\"og:site_name\" content=\"Blog do Farn\u00e9sio\" \/>\n<meta property=\"article:publisher\" content=\"https:\/\/www.facebook.com\/BlogQuerSaberPolitica\/\" \/>\n<meta property=\"article:published_time\" content=\"2018-03-15T10:00:24+00:00\" \/>\n<meta property=\"og:image\" content=\"https:\/\/blogdofarnesio.com.br\/wp-content\/uploads\/2018\/03\/blogqspjovensprimeiroemprego-foto-Camila-Sousa-Govba.jpg\" \/>\n\t<meta property=\"og:image:width\" content=\"380\" \/>\n\t<meta property=\"og:image:height\" content=\"280\" \/>\n\t<meta property=\"og:image:type\" content=\"image\/jpeg\" \/>\n<meta name=\"author\" content=\"Farn\u00e9sio\" \/>\n<meta name=\"twitter:card\" content=\"summary_large_image\" \/>\n<meta name=\"twitter:label1\" content=\"Escrito por\" \/>\n\t<meta name=\"twitter:data1\" content=\"Farn\u00e9sio\" \/>\n\t<meta name=\"twitter:label2\" content=\"Est. tempo de leitura\" \/>\n\t<meta name=\"twitter:data2\" content=\"3 minutos\" \/>\n<script type=\"application\/ld+json\" class=\"yoast-schema-graph\">{\"@context\":\"https:\\\/\\\/schema.org\",\"@graph\":[{\"@type\":\"Article\",\"@id\":\"https:\\\/\\\/blogdofarnesio.com.br\\\/?p=191459#article\",\"isPartOf\":{\"@id\":\"https:\\\/\\\/blogdofarnesio.com.br\\\/?p=191459\"},\"author\":{\"name\":\"Farn\u00e9sio\",\"@id\":\"https:\\\/\\\/blogdofarnesio.com.br\\\/#\\\/schema\\\/person\\\/301c4acf522bccbfdb45af95b5b906a1\"},\"headline\":\"JUAZEIRO E MAIS CINCO CIDADES DO DO INTERIOR DA BAHIA V\u00c3O RECEBER O &#8220;MUTIR\u00c3O DO PRIMEIRO EMPREGO&#8221;\",\"datePublished\":\"2018-03-15T10:00:24+00:00\",\"mainEntityOfPage\":{\"@id\":\"https:\\\/\\\/blogdofarnesio.com.br\\\/?p=191459\"},\"wordCount\":524,\"publisher\":{\"@id\":\"https:\\\/\\\/blogdofarnesio.com.br\\\/#organization\"},\"image\":{\"@id\":\"https:\\\/\\\/blogdofarnesio.com.br\\\/?p=191459#primaryimage\"},\"thumbnailUrl\":\"https:\\\/\\\/blogdofarnesio.com.br\\\/wp-content\\\/uploads\\\/2018\\\/03\\\/blogqspjovensprimeiroemprego-foto-Camila-Sousa-Govba.jpg\",\"articleSection\":[\"A\u00e7\u00e3o Social\",\"Economia\"],\"inLanguage\":\"pt-BR\"},{\"@type\":\"WebPage\",\"@id\":\"https:\\\/\\\/blogdofarnesio.com.br\\\/?p=191459\",\"url\":\"https:\\\/\\\/blogdofarnesio.com.br\\\/?p=191459\",\"name\":\"JUAZEIRO E MAIS CINCO CIDADES DO DO INTERIOR DA BAHIA V\u00c3O RECEBER O \\\"MUTIR\u00c3O DO PRIMEIRO EMPREGO\\\" - Blog do Farn\u00e9sio\",\"isPartOf\":{\"@id\":\"https:\\\/\\\/blogdofarnesio.com.br\\\/#website\"},\"primaryImageOfPage\":{\"@id\":\"https:\\\/\\\/blogdofarnesio.com.br\\\/?p=191459#primaryimage\"},\"image\":{\"@id\":\"https:\\\/\\\/blogdofarnesio.com.br\\\/?p=191459#primaryimage\"},\"thumbnailUrl\":\"https:\\\/\\\/blogdofarnesio.com.br\\\/wp-content\\\/uploads\\\/2018\\\/03\\\/blogqspjovensprimeiroemprego-foto-Camila-Sousa-Govba.jpg\",\"datePublished\":\"2018-03-15T10:00:24+00:00\",\"breadcrumb\":{\"@id\":\"https:\\\/\\\/blogdofarnesio.com.br\\\/?p=191459#breadcrumb\"},\"inLanguage\":\"pt-BR\",\"potentialAction\":[{\"@type\":\"ReadAction\",\"target\":[\"https:\\\/\\\/blogdofarnesio.com.br\\\/?p=191459\"]}]},{\"@type\":\"ImageObject\",\"inLanguage\":\"pt-BR\",\"@id\":\"https:\\\/\\\/blogdofarnesio.com.br\\\/?p=191459#primaryimage\",\"url\":\"https:\\\/\\\/blogdofarnesio.com.br\\\/wp-content\\\/uploads\\\/2018\\\/03\\\/blogqspjovensprimeiroemprego-foto-Camila-Sousa-Govba.jpg\",\"contentUrl\":\"https:\\\/\\\/blogdofarnesio.com.br\\\/wp-content\\\/uploads\\\/2018\\\/03\\\/blogqspjovensprimeiroemprego-foto-Camila-Sousa-Govba.jpg\",\"width\":380,\"height\":280},{\"@type\":\"BreadcrumbList\",\"@id\":\"https:\\\/\\\/blogdofarnesio.com.br\\\/?p=191459#breadcrumb\",\"itemListElement\":[{\"@type\":\"ListItem\",\"position\":1,\"name\":\"In\u00edcio\",\"item\":\"https:\\\/\\\/blogdofarnesio.com.br\\\/\"},{\"@type\":\"ListItem\",\"position\":2,\"name\":\"JUAZEIRO E MAIS CINCO CIDADES DO DO INTERIOR DA BAHIA V\u00c3O RECEBER O &#8220;MUTIR\u00c3O DO PRIMEIRO EMPREGO&#8221;\"}]},{\"@type\":\"WebSite\",\"@id\":\"https:\\\/\\\/blogdofarnesio.com.br\\\/#website\",\"url\":\"https:\\\/\\\/blogdofarnesio.com.br\\\/\",\"name\":\"Blog do Farn\u00e9sio\",\"description\":\"Quer Saber Pol\u00edtica?\",\"publisher\":{\"@id\":\"https:\\\/\\\/blogdofarnesio.com.br\\\/#organization\"},\"potentialAction\":[{\"@type\":\"SearchAction\",\"target\":{\"@type\":\"EntryPoint\",\"urlTemplate\":\"https:\\\/\\\/blogdofarnesio.com.br\\\/?s={search_term_string}\"},\"query-input\":{\"@type\":\"PropertyValueSpecification\",\"valueRequired\":true,\"valueName\":\"search_term_string\"}}],\"inLanguage\":\"pt-BR\"},{\"@type\":\"Organization\",\"@id\":\"https:\\\/\\\/blogdofarnesio.com.br\\\/#organization\",\"name\":\"Blog do Farn\u00e9sio\",\"url\":\"https:\\\/\\\/blogdofarnesio.com.br\\\/\",\"logo\":{\"@type\":\"ImageObject\",\"inLanguage\":\"pt-BR\",\"@id\":\"https:\\\/\\\/blogdofarnesio.com.br\\\/#\\\/schema\\\/logo\\\/image\\\/\",\"url\":\"https:\\\/\\\/blogdofarnesio.com.br\\\/wp-content\\\/uploads\\\/2026\\\/03\\\/cropped-logo_new-1.png\",\"contentUrl\":\"https:\\\/\\\/blogdofarnesio.com.br\\\/wp-content\\\/uploads\\\/2026\\\/03\\\/cropped-logo_new-1.png\",\"width\":881,\"height\":685,\"caption\":\"Blog do Farn\u00e9sio\"},\"image\":{\"@id\":\"https:\\\/\\\/blogdofarnesio.com.br\\\/#\\\/schema\\\/logo\\\/image\\\/\"},\"sameAs\":[\"https:\\\/\\\/www.facebook.com\\\/BlogQuerSaberPolitica\\\/\"]},{\"@type\":\"Person\",\"@id\":\"https:\\\/\\\/blogdofarnesio.com.br\\\/#\\\/schema\\\/person\\\/301c4acf522bccbfdb45af95b5b906a1\",\"name\":\"Farn\u00e9sio\",\"image\":{\"@type\":\"ImageObject\",\"inLanguage\":\"pt-BR\",\"@id\":\"https:\\\/\\\/secure.gravatar.com\\\/avatar\\\/df0c9a14567c056f8ad6876ba5bbd1e3e2c48023eb6807342fc4663adf549f38?s=96&d=mm&r=g\",\"url\":\"https:\\\/\\\/secure.gravatar.com\\\/avatar\\\/df0c9a14567c056f8ad6876ba5bbd1e3e2c48023eb6807342fc4663adf549f38?s=96&d=mm&r=g\",\"contentUrl\":\"https:\\\/\\\/secure.gravatar.com\\\/avatar\\\/df0c9a14567c056f8ad6876ba5bbd1e3e2c48023eb6807342fc4663adf549f38?s=96&d=mm&r=g\",\"caption\":\"Farn\u00e9sio\"},\"sameAs\":[\"https:\\\/\\\/quersaberpolitica.com.br\"],\"url\":\"https:\\\/\\\/blogdofarnesio.com.br\\\/?author=1\"}]}<\/script>\n<!-- \/ Yoast SEO plugin. -->","yoast_head_json":{"title":"JUAZEIRO E MAIS CINCO CIDADES DO DO INTERIOR DA BAHIA V\u00c3O RECEBER O \"MUTIR\u00c3O DO PRIMEIRO EMPREGO\" - Blog do Farn\u00e9sio","robots":{"index":"index","follow":"follow","max-snippet":"max-snippet:-1","max-image-preview":"max-image-preview:large","max-video-preview":"max-video-preview:-1"},"canonical":"https:\/\/blogdofarnesio.com.br\/?p=191459","og_locale":"pt_BR","og_type":"article","og_title":"JUAZEIRO E MAIS CINCO CIDADES DO DO INTERIOR DA BAHIA V\u00c3O RECEBER O \"MUTIR\u00c3O DO PRIMEIRO EMPREGO\" - Blog do Farn\u00e9sio","og_description":"Jovens e adultos das regi\u00f5es de Juazeiro, Sim\u00f5es Filho, Cama\u00e7ari, Alagoinhas, Ipir\u00e1 e Feira de Santana , que conclu\u00edram os cursos t\u00e9cnicos de n\u00edvel m\u00e9dio em 2015, 2016 e 2017, poder\u00e3o participar dos Mutir\u00f5es do Programa Primeiro Emprego que acontecem at\u00e9 o dia 27 de mar\u00e7o. Na \u00faltima ter\u00e7a-feira (13), para os t\u00e9cnicos da Regi\u00e3o Metropolitana, a a\u00e7\u00e3o aconteceu no Centro Estadual de Educa\u00e7\u00e3o Profissional em Servi\u00e7os e Processos Industriais Irm\u00e3 Dulce, na BR 324, KM 18,5 do CIA\/Sim\u00f5es Filho. Para os t\u00e9cnicos de Cama\u00e7ari, Candeias, Dias D\u2019\u00c1vila, Mata de S\u00e3o Jo\u00e3o e S\u00e3o Sebasti\u00e3o do Pass\u00e9, o mutir\u00e3o ser\u00e1 nesta quinta (15), das 8 \u00e0s 14hs, no Centro Territorial de Educa\u00e7\u00e3o Profissional Metropolitano de Salvador (Cetep-RM), na rua Dr.&hellip;","og_url":"https:\/\/blogdofarnesio.com.br\/?p=191459","og_site_name":"Blog do Farn\u00e9sio","article_publisher":"https:\/\/www.facebook.com\/BlogQuerSaberPolitica\/","article_published_time":"2018-03-15T10:00:24+00:00","og_image":[{"width":380,"height":280,"url":"https:\/\/blogdofarnesio.com.br\/wp-content\/uploads\/2018\/03\/blogqspjovensprimeiroemprego-foto-Camila-Sousa-Govba.jpg","type":"image\/jpeg"}],"author":"Farn\u00e9sio","twitter_card":"summary_large_image","twitter_misc":{"Escrito por":"Farn\u00e9sio","Est. tempo de leitura":"3 minutos"},"schema":{"@context":"https:\/\/schema.org","@graph":[{"@type":"Article","@id":"https:\/\/blogdofarnesio.com.br\/?p=191459#article","isPartOf":{"@id":"https:\/\/blogdofarnesio.com.br\/?p=191459"},"author":{"name":"Farn\u00e9sio","@id":"https:\/\/blogdofarnesio.com.br\/#\/schema\/person\/301c4acf522bccbfdb45af95b5b906a1"},"headline":"JUAZEIRO E MAIS CINCO CIDADES DO DO INTERIOR DA BAHIA V\u00c3O RECEBER O &#8220;MUTIR\u00c3O DO PRIMEIRO EMPREGO&#8221;","datePublished":"2018-03-15T10:00:24+00:00","mainEntityOfPage":{"@id":"https:\/\/blogdofarnesio.com.br\/?p=191459"},"wordCount":524,"publisher":{"@id":"https:\/\/blogdofarnesio.com.br\/#organization"},"image":{"@id":"https:\/\/blogdofarnesio.com.br\/?p=191459#primaryimage"},"thumbnailUrl":"https:\/\/blogdofarnesio.com.br\/wp-content\/uploads\/2018\/03\/blogqspjovensprimeiroemprego-foto-Camila-Sousa-Govba.jpg","articleSection":["A\u00e7\u00e3o Social","Economia"],"inLanguage":"pt-BR"},{"@type":"WebPage","@id":"https:\/\/blogdofarnesio.com.br\/?p=191459","url":"https:\/\/blogdofarnesio.com.br\/?p=191459","name":"JUAZEIRO E MAIS CINCO CIDADES DO DO INTERIOR DA BAHIA V\u00c3O RECEBER O \"MUTIR\u00c3O DO PRIMEIRO EMPREGO\" - Blog do Farn\u00e9sio","isPartOf":{"@id":"https:\/\/blogdofarnesio.com.br\/#website"},"primaryImageOfPage":{"@id":"https:\/\/blogdofarnesio.com.br\/?p=191459#primaryimage"},"image":{"@id":"https:\/\/blogdofarnesio.com.br\/?p=191459#primaryimage"},"thumbnailUrl":"https:\/\/blogdofarnesio.com.br\/wp-content\/uploads\/2018\/03\/blogqspjovensprimeiroemprego-foto-Camila-Sousa-Govba.jpg","datePublished":"2018-03-15T10:00:24+00:00","breadcrumb":{"@id":"https:\/\/blogdofarnesio.com.br\/?p=191459#breadcrumb"},"inLanguage":"pt-BR","potentialAction":[{"@type":"ReadAction","target":["https:\/\/blogdofarnesio.com.br\/?p=191459"]}]},{"@type":"ImageObject","inLanguage":"pt-BR","@id":"https:\/\/blogdofarnesio.com.br\/?p=191459#primaryimage","url":"https:\/\/blogdofarnesio.com.br\/wp-content\/uploads\/2018\/03\/blogqspjovensprimeiroemprego-foto-Camila-Sousa-Govba.jpg","contentUrl":"https:\/\/blogdofarnesio.com.br\/wp-content\/uploads\/2018\/03\/blogqspjovensprimeiroemprego-foto-Camila-Sousa-Govba.jpg","width":380,"height":280},{"@type":"BreadcrumbList","@id":"https:\/\/blogdofarnesio.com.br\/?p=191459#breadcrumb","itemListElement":[{"@type":"ListItem","position":1,"name":"In\u00edcio","item":"https:\/\/blogdofarnesio.com.br\/"},{"@type":"ListItem","position":2,"name":"JUAZEIRO E MAIS CINCO CIDADES DO DO INTERIOR DA BAHIA V\u00c3O RECEBER O &#8220;MUTIR\u00c3O DO PRIMEIRO EMPREGO&#8221;"}]},{"@type":"WebSite","@id":"https:\/\/blogdofarnesio.com.br\/#website","url":"https:\/\/blogdofarnesio.com.br\/","name":"Blog do Farn\u00e9sio","description":"Quer Saber Pol\u00edtica?","publisher":{"@id":"https:\/\/blogdofarnesio.com.br\/#organization"},"potentialAction":[{"@type":"SearchAction","target":{"@type":"EntryPoint","urlTemplate":"https:\/\/blogdofarnesio.com.br\/?s={search_term_string}"},"query-input":{"@type":"PropertyValueSpecification","valueRequired":true,"valueName":"search_term_string"}}],"inLanguage":"pt-BR"},{"@type":"Organization","@id":"https:\/\/blogdofarnesio.com.br\/#organization","name":"Blog do Farn\u00e9sio","url":"https:\/\/blogdofarnesio.com.br\/","logo":{"@type":"ImageObject","inLanguage":"pt-BR","@id":"https:\/\/blogdofarnesio.com.br\/#\/schema\/logo\/image\/","url":"https:\/\/blogdofarnesio.com.br\/wp-content\/uploads\/2026\/03\/cropped-logo_new-1.png","contentUrl":"https:\/\/blogdofarnesio.com.br\/wp-content\/uploads\/2026\/03\/cropped-logo_new-1.png","width":881,"height":685,"caption":"Blog do Farn\u00e9sio"},"image":{"@id":"https:\/\/blogdofarnesio.com.br\/#\/schema\/logo\/image\/"},"sameAs":["https:\/\/www.facebook.com\/BlogQuerSaberPolitica\/"]},{"@type":"Person","@id":"https:\/\/blogdofarnesio.com.br\/#\/schema\/person\/301c4acf522bccbfdb45af95b5b906a1","name":"Farn\u00e9sio","image":{"@type":"ImageObject","inLanguage":"pt-BR","@id":"https:\/\/secure.gravatar.com\/avatar\/df0c9a14567c056f8ad6876ba5bbd1e3e2c48023eb6807342fc4663adf549f38?s=96&d=mm&r=g","url":"https:\/\/secure.gravatar.com\/avatar\/df0c9a14567c056f8ad6876ba5bbd1e3e2c48023eb6807342fc4663adf549f38?s=96&d=mm&r=g","contentUrl":"https:\/\/secure.gravatar.com\/avatar\/df0c9a14567c056f8ad6876ba5bbd1e3e2c48023eb6807342fc4663adf549f38?s=96&d=mm&r=g","caption":"Farn\u00e9sio"},"sameAs":["https:\/\/quersaberpolitica.com.br"],"url":"https:\/\/blogdofarnesio.com.br\/?author=1"}]}},"_links":{"self":[{"href":"https:\/\/blogdofarnesio.com.br\/index.php?rest_route=\/wp\/v2\/posts\/191459","targetHints":{"allow":["GET"]}}],"collection":[{"href":"https:\/\/blogdofarnesio.com.br\/index.php?rest_route=\/wp\/v2\/posts"}],"about":[{"href":"https:\/\/blogdofarnesio.com.br\/index.php?rest_route=\/wp\/v2\/types\/post"}],"author":[{"embeddable":true,"href":"https:\/\/blogdofarnesio.com.br\/index.php?rest_route=\/wp\/v2\/users\/1"}],"replies":[{"embeddable":true,"href":"https:\/\/blogdofarnesio.com.br\/index.php?rest_route=%2Fwp%2Fv2%2Fcomments&post=191459"}],"version-history":[{"count":0,"href":"https:\/\/blogdofarnesio.com.br\/index.php?rest_route=\/wp\/v2\/posts\/191459\/revisions"}],"wp:featuredmedia":[{"embeddable":true,"href":"https:\/\/blogdofarnesio.com.br\/index.php?rest_route=\/wp\/v2\/media\/191460"}],"wp:attachment":[{"href":"https:\/\/blogdofarnesio.com.br\/index.php?rest_route=%2Fwp%2Fv2%2Fmedia&parent=191459"}],"wp:term":[{"taxonomy":"category","embeddable":true,"href":"https:\/\/blogdofarnesio.com.br\/index.php?rest_route=%2Fwp%2Fv2%2Fcategories&post=191459"},{"taxonomy":"post_tag","embeddable":true,"href":"https:\/\/blogdofarnesio.com.br\/index.php?rest_route=%2Fwp%2Fv2%2Ftags&post=191459"}],"curies":[{"name":"wp","href":"https:\/\/api.w.org\/{rel}","templated":true}]}}