{"id":191445,"date":"2018-03-14T17:33:25","date_gmt":"2018-03-14T20:33:25","guid":{"rendered":"http:\/\/quersaberpolitica.com.br\/2016\/?p=191445"},"modified":"2018-03-14T17:38:19","modified_gmt":"2018-03-14T20:38:19","slug":"senador-entra-em-jogo-de-ameacas-e-afirma-que-vai-denunciar-ministro-marun","status":"publish","type":"post","link":"https:\/\/blogdofarnesio.com.br\/?p=191445","title":{"rendered":"SENADOR ENTRA EM JOGO DE AMEA\u00c7AS E AFIRMA QUE VAI DENUNCIAR MINISTRO MARUN"},"content":{"rendered":"<div class=\"font_a font_jjj\">\u00a0Andr\u00e9 Brito\/<strong>247<\/strong><\/div>\n<div class=\"row change_font\">\n<div class=\"col-md-12 font_a popup-gallery\">\n<p>O fato de o ministro Carlos Marun (Governo) ter cogitado pedir o impeachment do ministro Lu\u00eds Roberto Barroso, do Supremo Tribunal Federal (STF), por considerar que ele usurpou compet\u00eancias privativas do presidente da Rep\u00fablica, ao sustar o decreto de indulto, e do Legislativo, ao &#8220;regulamentar&#8221; a concess\u00e3o do benef\u00edcio, foi classificada como uma amea\u00e7a pelo senador Randolfe Rodrigues (Rede-AP).Em rea\u00e7\u00e3o \u00e0 atitude de Marun, Randolfe fez exatamente a mesma coisa e amea\u00e7ou apresentar uma den\u00fancia por crime de responsabilidade contra o ministro do governo. O senador alegou que a responsabilidade pela articula\u00e7\u00e3o pol\u00edtica \u00e9 de Marun e a amea\u00e7a &#8220;n\u00e3o merece ser menosprezada&#8221;. A afirma\u00e7\u00e3o<\/p>\n<p>O pedido de impeachment \u00e9 direito de todo cidad\u00e3o brasileiro e pode ser solicitado contra o presidente da Rep\u00fablica e o vice, ministros de Estado, al\u00e9m do procurador-geral da Rep\u00fablica e dos ministros do STF.<\/p>\n<\/div>\n<\/div>\n","protected":false},"excerpt":{"rendered":"<p>\u00a0Andr\u00e9 Brito\/247 O fato de o ministro Carlos Marun (Governo) ter cogitado pedir o impeachment do ministro Lu\u00eds Roberto Barroso, do Supremo Tribunal Federal (STF), por considerar que ele usurpou compet\u00eancias privativas do presidente da Rep\u00fablica, ao sustar o decreto de indulto, e do Legislativo, ao &#8220;regulamentar&#8221; a concess\u00e3o do benef\u00edcio, foi classificada como uma amea\u00e7a pelo senador Randolfe Rodrigues (Rede-AP).Em rea\u00e7\u00e3o \u00e0 atitude de Marun, Randolfe fez exatamente a mesma coisa e amea\u00e7ou apresentar uma den\u00fancia por crime de responsabilidade contra o ministro do governo. O senador alegou que a responsabilidade pela articula\u00e7\u00e3o pol\u00edtica \u00e9 de Marun e a amea\u00e7a &#8220;n\u00e3o merece ser menosprezada&#8221;. A afirma\u00e7\u00e3o O pedido de impeachment \u00e9 direito de todo cidad\u00e3o brasileiro e pode ser&hellip; <\/p>\n","protected":false},"author":1,"featured_media":191446,"comment_status":"closed","ping_status":"closed","sticky":false,"template":"","format":"standard","meta":{"_acf_changed":false,"footnotes":""},"categories":[1],"tags":[],"class_list":["post-191445","post","type-post","status-publish","format-standard","has-post-thumbnail","hentry","category-politica"],"acf":[],"yoast_head":"<!-- This site is optimized with the Yoast SEO plugin v27.4 - https:\/\/yoast.com\/product\/yoast-seo-wordpress\/ -->\n<title>SENADOR ENTRA EM JOGO DE AMEA\u00c7AS E AFIRMA QUE VAI DENUNCIAR MINISTRO MARUN - Blog do Farn\u00e9sio<\/title>\n<meta name=\"robots\" content=\"index, follow, max-snippet:-1, max-image-preview:large, max-video-preview:-1\" \/>\n<link rel=\"canonical\" href=\"https:\/\/blogdofarnesio.com.br\/?p=191445\" \/>\n<meta property=\"og:locale\" content=\"pt_BR\" \/>\n<meta property=\"og:type\" content=\"article\" \/>\n<meta property=\"og:title\" content=\"SENADOR ENTRA EM JOGO DE AMEA\u00c7AS E AFIRMA QUE VAI DENUNCIAR MINISTRO MARUN - Blog do Farn\u00e9sio\" \/>\n<meta property=\"og:description\" content=\"\u00a0Andr\u00e9 Brito\/247 O fato de o ministro Carlos Marun (Governo) ter cogitado pedir o impeachment do ministro Lu\u00eds Roberto Barroso, do Supremo Tribunal Federal (STF), por considerar que ele usurpou compet\u00eancias privativas do presidente da Rep\u00fablica, ao sustar o decreto de indulto, e do Legislativo, ao &#8220;regulamentar&#8221; a concess\u00e3o do benef\u00edcio, foi classificada como uma amea\u00e7a pelo senador Randolfe Rodrigues (Rede-AP).Em rea\u00e7\u00e3o \u00e0 atitude de Marun, Randolfe fez exatamente a mesma coisa e amea\u00e7ou apresentar uma den\u00fancia por crime de responsabilidade contra o ministro do governo. O senador alegou que a responsabilidade pela articula\u00e7\u00e3o pol\u00edtica \u00e9 de Marun e a amea\u00e7a &#8220;n\u00e3o merece ser menosprezada&#8221;. A afirma\u00e7\u00e3o O pedido de impeachment \u00e9 direito de todo cidad\u00e3o brasileiro e pode ser&hellip;\" \/>\n<meta property=\"og:url\" content=\"https:\/\/blogdofarnesio.com.br\/?p=191445\" \/>\n<meta property=\"og:site_name\" content=\"Blog do Farn\u00e9sio\" \/>\n<meta property=\"article:publisher\" content=\"https:\/\/www.facebook.com\/BlogQuerSaberPolitica\/\" \/>\n<meta property=\"article:published_time\" content=\"2018-03-14T20:33:25+00:00\" \/>\n<meta property=\"article:modified_time\" content=\"2018-03-14T20:38:19+00:00\" \/>\n<meta property=\"og:image\" content=\"https:\/\/blogdofarnesio.com.br\/wp-content\/uploads\/2018\/03\/blogqsprandolfe-rodrigues-foto-edilson-rodrigues-ag-senado-e1521057374344.jpg\" \/>\n\t<meta property=\"og:image:width\" content=\"700\" \/>\n\t<meta property=\"og:image:height\" content=\"470\" \/>\n\t<meta property=\"og:image:type\" content=\"image\/jpeg\" \/>\n<meta name=\"author\" content=\"Farn\u00e9sio\" \/>\n<meta name=\"twitter:card\" content=\"summary_large_image\" \/>\n<meta name=\"twitter:label1\" content=\"Escrito por\" \/>\n\t<meta name=\"twitter:data1\" content=\"Farn\u00e9sio\" \/>\n\t<meta name=\"twitter:label2\" content=\"Est. tempo de leitura\" \/>\n\t<meta name=\"twitter:data2\" content=\"1 minuto\" \/>\n<script type=\"application\/ld+json\" class=\"yoast-schema-graph\">{\"@context\":\"https:\\\/\\\/schema.org\",\"@graph\":[{\"@type\":\"Article\",\"@id\":\"https:\\\/\\\/blogdofarnesio.com.br\\\/?p=191445#article\",\"isPartOf\":{\"@id\":\"https:\\\/\\\/blogdofarnesio.com.br\\\/?p=191445\"},\"author\":{\"name\":\"Farn\u00e9sio\",\"@id\":\"https:\\\/\\\/blogdofarnesio.com.br\\\/#\\\/schema\\\/person\\\/301c4acf522bccbfdb45af95b5b906a1\"},\"headline\":\"SENADOR ENTRA EM JOGO DE AMEA\u00c7AS E AFIRMA QUE VAI DENUNCIAR MINISTRO MARUN\",\"datePublished\":\"2018-03-14T20:33:25+00:00\",\"dateModified\":\"2018-03-14T20:38:19+00:00\",\"mainEntityOfPage\":{\"@id\":\"https:\\\/\\\/blogdofarnesio.com.br\\\/?p=191445\"},\"wordCount\":172,\"publisher\":{\"@id\":\"https:\\\/\\\/blogdofarnesio.com.br\\\/#organization\"},\"image\":{\"@id\":\"https:\\\/\\\/blogdofarnesio.com.br\\\/?p=191445#primaryimage\"},\"thumbnailUrl\":\"https:\\\/\\\/blogdofarnesio.com.br\\\/wp-content\\\/uploads\\\/2018\\\/03\\\/blogqsprandolfe-rodrigues-foto-edilson-rodrigues-ag-senado-e1521057374344.jpg\",\"articleSection\":[\"Pol\u00edtica\"],\"inLanguage\":\"pt-BR\"},{\"@type\":\"WebPage\",\"@id\":\"https:\\\/\\\/blogdofarnesio.com.br\\\/?p=191445\",\"url\":\"https:\\\/\\\/blogdofarnesio.com.br\\\/?p=191445\",\"name\":\"SENADOR ENTRA EM JOGO DE AMEA\u00c7AS E AFIRMA QUE VAI DENUNCIAR MINISTRO MARUN - Blog do Farn\u00e9sio\",\"isPartOf\":{\"@id\":\"https:\\\/\\\/blogdofarnesio.com.br\\\/#website\"},\"primaryImageOfPage\":{\"@id\":\"https:\\\/\\\/blogdofarnesio.com.br\\\/?p=191445#primaryimage\"},\"image\":{\"@id\":\"https:\\\/\\\/blogdofarnesio.com.br\\\/?p=191445#primaryimage\"},\"thumbnailUrl\":\"https:\\\/\\\/blogdofarnesio.com.br\\\/wp-content\\\/uploads\\\/2018\\\/03\\\/blogqsprandolfe-rodrigues-foto-edilson-rodrigues-ag-senado-e1521057374344.jpg\",\"datePublished\":\"2018-03-14T20:33:25+00:00\",\"dateModified\":\"2018-03-14T20:38:19+00:00\",\"breadcrumb\":{\"@id\":\"https:\\\/\\\/blogdofarnesio.com.br\\\/?p=191445#breadcrumb\"},\"inLanguage\":\"pt-BR\",\"potentialAction\":[{\"@type\":\"ReadAction\",\"target\":[\"https:\\\/\\\/blogdofarnesio.com.br\\\/?p=191445\"]}]},{\"@type\":\"ImageObject\",\"inLanguage\":\"pt-BR\",\"@id\":\"https:\\\/\\\/blogdofarnesio.com.br\\\/?p=191445#primaryimage\",\"url\":\"https:\\\/\\\/blogdofarnesio.com.br\\\/wp-content\\\/uploads\\\/2018\\\/03\\\/blogqsprandolfe-rodrigues-foto-edilson-rodrigues-ag-senado-e1521057374344.jpg\",\"contentUrl\":\"https:\\\/\\\/blogdofarnesio.com.br\\\/wp-content\\\/uploads\\\/2018\\\/03\\\/blogqsprandolfe-rodrigues-foto-edilson-rodrigues-ag-senado-e1521057374344.jpg\",\"width\":700,\"height\":470,\"caption\":\"BRASILIA 17\\\/12\\\/2015 POLITICA CEDP - Conselho de \u00c9tica e Decoro Parlamentar Conselho de \u00c9tica e Decoro Parlamentar (CEDP) realiza reuni\u00e3o para designa\u00e7\u00e3o de relatores de den\u00fancia contra o senador Randolfe Rodrigues (Rede-AP) e representa\u00e7\u00e3o contra senador Delc\u00eddio do Amaral (PT-MS). Em pronunciamento, senador Randolfe Rodrigues (Rede-AP) Foto: Edilson Rodrigues\\\/Ag\u00eancia Senado\"},{\"@type\":\"BreadcrumbList\",\"@id\":\"https:\\\/\\\/blogdofarnesio.com.br\\\/?p=191445#breadcrumb\",\"itemListElement\":[{\"@type\":\"ListItem\",\"position\":1,\"name\":\"In\u00edcio\",\"item\":\"https:\\\/\\\/blogdofarnesio.com.br\\\/\"},{\"@type\":\"ListItem\",\"position\":2,\"name\":\"SENADOR ENTRA EM JOGO DE AMEA\u00c7AS E AFIRMA QUE VAI DENUNCIAR MINISTRO MARUN\"}]},{\"@type\":\"WebSite\",\"@id\":\"https:\\\/\\\/blogdofarnesio.com.br\\\/#website\",\"url\":\"https:\\\/\\\/blogdofarnesio.com.br\\\/\",\"name\":\"Blog do Farn\u00e9sio\",\"description\":\"Quer Saber Pol\u00edtica?\",\"publisher\":{\"@id\":\"https:\\\/\\\/blogdofarnesio.com.br\\\/#organization\"},\"potentialAction\":[{\"@type\":\"SearchAction\",\"target\":{\"@type\":\"EntryPoint\",\"urlTemplate\":\"https:\\\/\\\/blogdofarnesio.com.br\\\/?s={search_term_string}\"},\"query-input\":{\"@type\":\"PropertyValueSpecification\",\"valueRequired\":true,\"valueName\":\"search_term_string\"}}],\"inLanguage\":\"pt-BR\"},{\"@type\":\"Organization\",\"@id\":\"https:\\\/\\\/blogdofarnesio.com.br\\\/#organization\",\"name\":\"Blog do Farn\u00e9sio\",\"url\":\"https:\\\/\\\/blogdofarnesio.com.br\\\/\",\"logo\":{\"@type\":\"ImageObject\",\"inLanguage\":\"pt-BR\",\"@id\":\"https:\\\/\\\/blogdofarnesio.com.br\\\/#\\\/schema\\\/logo\\\/image\\\/\",\"url\":\"https:\\\/\\\/blogdofarnesio.com.br\\\/wp-content\\\/uploads\\\/2026\\\/03\\\/cropped-logo_new-1.png\",\"contentUrl\":\"https:\\\/\\\/blogdofarnesio.com.br\\\/wp-content\\\/uploads\\\/2026\\\/03\\\/cropped-logo_new-1.png\",\"width\":881,\"height\":685,\"caption\":\"Blog do Farn\u00e9sio\"},\"image\":{\"@id\":\"https:\\\/\\\/blogdofarnesio.com.br\\\/#\\\/schema\\\/logo\\\/image\\\/\"},\"sameAs\":[\"https:\\\/\\\/www.facebook.com\\\/BlogQuerSaberPolitica\\\/\"]},{\"@type\":\"Person\",\"@id\":\"https:\\\/\\\/blogdofarnesio.com.br\\\/#\\\/schema\\\/person\\\/301c4acf522bccbfdb45af95b5b906a1\",\"name\":\"Farn\u00e9sio\",\"image\":{\"@type\":\"ImageObject\",\"inLanguage\":\"pt-BR\",\"@id\":\"https:\\\/\\\/secure.gravatar.com\\\/avatar\\\/df0c9a14567c056f8ad6876ba5bbd1e3e2c48023eb6807342fc4663adf549f38?s=96&d=mm&r=g\",\"url\":\"https:\\\/\\\/secure.gravatar.com\\\/avatar\\\/df0c9a14567c056f8ad6876ba5bbd1e3e2c48023eb6807342fc4663adf549f38?s=96&d=mm&r=g\",\"contentUrl\":\"https:\\\/\\\/secure.gravatar.com\\\/avatar\\\/df0c9a14567c056f8ad6876ba5bbd1e3e2c48023eb6807342fc4663adf549f38?s=96&d=mm&r=g\",\"caption\":\"Farn\u00e9sio\"},\"sameAs\":[\"https:\\\/\\\/quersaberpolitica.com.br\"],\"url\":\"https:\\\/\\\/blogdofarnesio.com.br\\\/?author=1\"}]}<\/script>\n<!-- \/ Yoast SEO plugin. -->","yoast_head_json":{"title":"SENADOR ENTRA EM JOGO DE AMEA\u00c7AS E AFIRMA QUE VAI DENUNCIAR MINISTRO MARUN - Blog do Farn\u00e9sio","robots":{"index":"index","follow":"follow","max-snippet":"max-snippet:-1","max-image-preview":"max-image-preview:large","max-video-preview":"max-video-preview:-1"},"canonical":"https:\/\/blogdofarnesio.com.br\/?p=191445","og_locale":"pt_BR","og_type":"article","og_title":"SENADOR ENTRA EM JOGO DE AMEA\u00c7AS E AFIRMA QUE VAI DENUNCIAR MINISTRO MARUN - Blog do Farn\u00e9sio","og_description":"\u00a0Andr\u00e9 Brito\/247 O fato de o ministro Carlos Marun (Governo) ter cogitado pedir o impeachment do ministro Lu\u00eds Roberto Barroso, do Supremo Tribunal Federal (STF), por considerar que ele usurpou compet\u00eancias privativas do presidente da Rep\u00fablica, ao sustar o decreto de indulto, e do Legislativo, ao &#8220;regulamentar&#8221; a concess\u00e3o do benef\u00edcio, foi classificada como uma amea\u00e7a pelo senador Randolfe Rodrigues (Rede-AP).Em rea\u00e7\u00e3o \u00e0 atitude de Marun, Randolfe fez exatamente a mesma coisa e amea\u00e7ou apresentar uma den\u00fancia por crime de responsabilidade contra o ministro do governo. O senador alegou que a responsabilidade pela articula\u00e7\u00e3o pol\u00edtica \u00e9 de Marun e a amea\u00e7a &#8220;n\u00e3o merece ser menosprezada&#8221;. A afirma\u00e7\u00e3o O pedido de impeachment \u00e9 direito de todo cidad\u00e3o brasileiro e pode ser&hellip;","og_url":"https:\/\/blogdofarnesio.com.br\/?p=191445","og_site_name":"Blog do Farn\u00e9sio","article_publisher":"https:\/\/www.facebook.com\/BlogQuerSaberPolitica\/","article_published_time":"2018-03-14T20:33:25+00:00","article_modified_time":"2018-03-14T20:38:19+00:00","og_image":[{"width":700,"height":470,"url":"https:\/\/blogdofarnesio.com.br\/wp-content\/uploads\/2018\/03\/blogqsprandolfe-rodrigues-foto-edilson-rodrigues-ag-senado-e1521057374344.jpg","type":"image\/jpeg"}],"author":"Farn\u00e9sio","twitter_card":"summary_large_image","twitter_misc":{"Escrito por":"Farn\u00e9sio","Est. tempo de leitura":"1 minuto"},"schema":{"@context":"https:\/\/schema.org","@graph":[{"@type":"Article","@id":"https:\/\/blogdofarnesio.com.br\/?p=191445#article","isPartOf":{"@id":"https:\/\/blogdofarnesio.com.br\/?p=191445"},"author":{"name":"Farn\u00e9sio","@id":"https:\/\/blogdofarnesio.com.br\/#\/schema\/person\/301c4acf522bccbfdb45af95b5b906a1"},"headline":"SENADOR ENTRA EM JOGO DE AMEA\u00c7AS E AFIRMA QUE VAI DENUNCIAR MINISTRO MARUN","datePublished":"2018-03-14T20:33:25+00:00","dateModified":"2018-03-14T20:38:19+00:00","mainEntityOfPage":{"@id":"https:\/\/blogdofarnesio.com.br\/?p=191445"},"wordCount":172,"publisher":{"@id":"https:\/\/blogdofarnesio.com.br\/#organization"},"image":{"@id":"https:\/\/blogdofarnesio.com.br\/?p=191445#primaryimage"},"thumbnailUrl":"https:\/\/blogdofarnesio.com.br\/wp-content\/uploads\/2018\/03\/blogqsprandolfe-rodrigues-foto-edilson-rodrigues-ag-senado-e1521057374344.jpg","articleSection":["Pol\u00edtica"],"inLanguage":"pt-BR"},{"@type":"WebPage","@id":"https:\/\/blogdofarnesio.com.br\/?p=191445","url":"https:\/\/blogdofarnesio.com.br\/?p=191445","name":"SENADOR ENTRA EM JOGO DE AMEA\u00c7AS E AFIRMA QUE VAI DENUNCIAR MINISTRO MARUN - Blog do Farn\u00e9sio","isPartOf":{"@id":"https:\/\/blogdofarnesio.com.br\/#website"},"primaryImageOfPage":{"@id":"https:\/\/blogdofarnesio.com.br\/?p=191445#primaryimage"},"image":{"@id":"https:\/\/blogdofarnesio.com.br\/?p=191445#primaryimage"},"thumbnailUrl":"https:\/\/blogdofarnesio.com.br\/wp-content\/uploads\/2018\/03\/blogqsprandolfe-rodrigues-foto-edilson-rodrigues-ag-senado-e1521057374344.jpg","datePublished":"2018-03-14T20:33:25+00:00","dateModified":"2018-03-14T20:38:19+00:00","breadcrumb":{"@id":"https:\/\/blogdofarnesio.com.br\/?p=191445#breadcrumb"},"inLanguage":"pt-BR","potentialAction":[{"@type":"ReadAction","target":["https:\/\/blogdofarnesio.com.br\/?p=191445"]}]},{"@type":"ImageObject","inLanguage":"pt-BR","@id":"https:\/\/blogdofarnesio.com.br\/?p=191445#primaryimage","url":"https:\/\/blogdofarnesio.com.br\/wp-content\/uploads\/2018\/03\/blogqsprandolfe-rodrigues-foto-edilson-rodrigues-ag-senado-e1521057374344.jpg","contentUrl":"https:\/\/blogdofarnesio.com.br\/wp-content\/uploads\/2018\/03\/blogqsprandolfe-rodrigues-foto-edilson-rodrigues-ag-senado-e1521057374344.jpg","width":700,"height":470,"caption":"BRASILIA 17\/12\/2015 POLITICA CEDP - Conselho de \u00c9tica e Decoro Parlamentar Conselho de \u00c9tica e Decoro Parlamentar (CEDP) realiza reuni\u00e3o para designa\u00e7\u00e3o de relatores de den\u00fancia contra o senador Randolfe Rodrigues (Rede-AP) e representa\u00e7\u00e3o contra senador Delc\u00eddio do Amaral (PT-MS). Em pronunciamento, senador Randolfe Rodrigues (Rede-AP) Foto: Edilson Rodrigues\/Ag\u00eancia Senado"},{"@type":"BreadcrumbList","@id":"https:\/\/blogdofarnesio.com.br\/?p=191445#breadcrumb","itemListElement":[{"@type":"ListItem","position":1,"name":"In\u00edcio","item":"https:\/\/blogdofarnesio.com.br\/"},{"@type":"ListItem","position":2,"name":"SENADOR ENTRA EM JOGO DE AMEA\u00c7AS E AFIRMA QUE VAI DENUNCIAR MINISTRO MARUN"}]},{"@type":"WebSite","@id":"https:\/\/blogdofarnesio.com.br\/#website","url":"https:\/\/blogdofarnesio.com.br\/","name":"Blog do Farn\u00e9sio","description":"Quer Saber Pol\u00edtica?","publisher":{"@id":"https:\/\/blogdofarnesio.com.br\/#organization"},"potentialAction":[{"@type":"SearchAction","target":{"@type":"EntryPoint","urlTemplate":"https:\/\/blogdofarnesio.com.br\/?s={search_term_string}"},"query-input":{"@type":"PropertyValueSpecification","valueRequired":true,"valueName":"search_term_string"}}],"inLanguage":"pt-BR"},{"@type":"Organization","@id":"https:\/\/blogdofarnesio.com.br\/#organization","name":"Blog do Farn\u00e9sio","url":"https:\/\/blogdofarnesio.com.br\/","logo":{"@type":"ImageObject","inLanguage":"pt-BR","@id":"https:\/\/blogdofarnesio.com.br\/#\/schema\/logo\/image\/","url":"https:\/\/blogdofarnesio.com.br\/wp-content\/uploads\/2026\/03\/cropped-logo_new-1.png","contentUrl":"https:\/\/blogdofarnesio.com.br\/wp-content\/uploads\/2026\/03\/cropped-logo_new-1.png","width":881,"height":685,"caption":"Blog do Farn\u00e9sio"},"image":{"@id":"https:\/\/blogdofarnesio.com.br\/#\/schema\/logo\/image\/"},"sameAs":["https:\/\/www.facebook.com\/BlogQuerSaberPolitica\/"]},{"@type":"Person","@id":"https:\/\/blogdofarnesio.com.br\/#\/schema\/person\/301c4acf522bccbfdb45af95b5b906a1","name":"Farn\u00e9sio","image":{"@type":"ImageObject","inLanguage":"pt-BR","@id":"https:\/\/secure.gravatar.com\/avatar\/df0c9a14567c056f8ad6876ba5bbd1e3e2c48023eb6807342fc4663adf549f38?s=96&d=mm&r=g","url":"https:\/\/secure.gravatar.com\/avatar\/df0c9a14567c056f8ad6876ba5bbd1e3e2c48023eb6807342fc4663adf549f38?s=96&d=mm&r=g","contentUrl":"https:\/\/secure.gravatar.com\/avatar\/df0c9a14567c056f8ad6876ba5bbd1e3e2c48023eb6807342fc4663adf549f38?s=96&d=mm&r=g","caption":"Farn\u00e9sio"},"sameAs":["https:\/\/quersaberpolitica.com.br"],"url":"https:\/\/blogdofarnesio.com.br\/?author=1"}]}},"_links":{"self":[{"href":"https:\/\/blogdofarnesio.com.br\/index.php?rest_route=\/wp\/v2\/posts\/191445","targetHints":{"allow":["GET"]}}],"collection":[{"href":"https:\/\/blogdofarnesio.com.br\/index.php?rest_route=\/wp\/v2\/posts"}],"about":[{"href":"https:\/\/blogdofarnesio.com.br\/index.php?rest_route=\/wp\/v2\/types\/post"}],"author":[{"embeddable":true,"href":"https:\/\/blogdofarnesio.com.br\/index.php?rest_route=\/wp\/v2\/users\/1"}],"replies":[{"embeddable":true,"href":"https:\/\/blogdofarnesio.com.br\/index.php?rest_route=%2Fwp%2Fv2%2Fcomments&post=191445"}],"version-history":[{"count":0,"href":"https:\/\/blogdofarnesio.com.br\/index.php?rest_route=\/wp\/v2\/posts\/191445\/revisions"}],"wp:featuredmedia":[{"embeddable":true,"href":"https:\/\/blogdofarnesio.com.br\/index.php?rest_route=\/wp\/v2\/media\/191446"}],"wp:attachment":[{"href":"https:\/\/blogdofarnesio.com.br\/index.php?rest_route=%2Fwp%2Fv2%2Fmedia&parent=191445"}],"wp:term":[{"taxonomy":"category","embeddable":true,"href":"https:\/\/blogdofarnesio.com.br\/index.php?rest_route=%2Fwp%2Fv2%2Fcategories&post=191445"},{"taxonomy":"post_tag","embeddable":true,"href":"https:\/\/blogdofarnesio.com.br\/index.php?rest_route=%2Fwp%2Fv2%2Ftags&post=191445"}],"curies":[{"name":"wp","href":"https:\/\/api.w.org\/{rel}","templated":true}]}}