{"id":19095,"date":"2012-11-25T21:34:05","date_gmt":"2012-11-25T21:34:05","guid":{"rendered":"http:\/\/www.quersaberpolitica.com.br?p=19095"},"modified":"-0001-11-30T00:00:00","modified_gmt":"-0001-11-30T03:00:00","slug":"senado-pode-chamar-ministro-cardozo-para-dar-explicacoes-sobre-esquema-que-envolve-exchefe-de-gabinete-de-dilma","status":"publish","type":"post","link":"https:\/\/blogdofarnesio.com.br\/?p=19095","title":{"rendered":"Senado pode chamar ministro Cardozo para dar explica\u00e7\u00f5es sobre esquema que envolve ex-chefe de gabinete de Dilma"},"content":{"rendered":"<p><p>Da Ag&ecirc;ncia Estado<\/p>\n<p style=\"text-align: center;\"><a rel=\"lightbox\" href=\"http:\/\/www.quersaberpolitica.com.br\/2016\/wp-content\/uploads\/2012\/12\/chargenapalmbrasilia.gif\"><img loading=\"lazy\" decoding=\"async\" style=\"vertical-align: baseline;\" src=\"http:\/\/www.quersaberpolitica.com.br\/2016\/wp-content\/uploads\/2012\/12\/chargenapalmbrasilia.gif\" alt=\"\" width=\"568\" height=\"540\" \/><\/a><\/p>\n<p style=\"text-align: justify;\"><a rel=\"lightbox\" href=\"http:\/\/www.quersaberpolitica.com.br\/2016\/wp-content\/uploads\/2012\/12\/chargenapalmbrasilia.gif\"><br \/><\/a><span style=\"font-size: medium;\"><span style=\"font-family: arial, helvetica, sans-serif;\">O ministro da Justi&ccedil;a, Jos&eacute; Eduardo Cardozo, encabe&ccedil;a a lista de poss&iacute;veis convocados pelo Senado para prestar esclarecimentos sobre o esquema de uma organiza&ccedil;&atilde;o criminosa infiltrada em &oacute;rg&atilde;os p&uacute;blicos, revelado pela Opera&ccedil;&atilde;o Porto Seguro, da Pol&iacute;cia Federal.<\/span><\/span><\/p>\n<p style=\"text-align: justify;\"><span style=\"font-size: medium;\"><span style=\"font-family: arial, helvetica, sans-serif;\">Tamb&eacute;m fazem parte da rela&ccedil;&atilde;o de eventuais convocados o advogado-geral da Uni&atilde;o, Lu&iacute;s In&aacute;cio Adams, e a ex-chefe de Gabinete da Presid&ecirc;ncia em S&atilde;o Paulo Rosemary N&oacute;voa Noronha, demitida no s&aacute;bado por ordem da presidente Dilma Rousseff.<\/span><\/span><\/p>\n<p style=\"text-align: justify;\"><span style=\"font-size: medium;\"><span style=\"font-family: arial, helvetica, sans-serif;\">Pol&iacute;cia Federal indicia chefe de gabinete de Dilma<\/span><\/span><\/p>\n<p style=\"text-align: justify;\"><span style=\"font-size: medium;\"><span style=\"font-family: arial, helvetica, sans-serif;\">Irritada, Dilma exonera sua chefe de gabinete e advogado indiciados pela Pol&iacute;cia Federal<\/span><\/span><\/p>\n<p style=\"text-align: justify;\"><span style=\"font-size: medium;\"><span style=\"font-family: arial, helvetica, sans-serif;\">Nesta segunda-feira, o senador Pedro Simon (PMDB-RS) ir&aacute; protocolar na Comiss&atilde;o de Constitui&ccedil;&atilde;o e Justi&ccedil;a pedido para convocar Cardozo. Simon argumenta que o ministro deve detalhar a opera&ccedil;&atilde;o da PF e explicar medidas do governo na &aacute;rea.<\/span><\/span><\/p>\n<p style=\"text-align: justify;\"><span style=\"font-size: medium;\"><span style=\"font-family: arial, helvetica, sans-serif;\">&#8220;O ministro ou outra pessoa que a presidente Dilma Rousseff quiser deve falar sobre as provid&ecirc;ncias que foram tomadas e as mudan&ccedil;as que ser&atilde;o feitas nesse setor&#8221;, afirmou o senador. &#8220;O ministro, ali&aacute;s, deveria se oferecer para falar&#8221;, ressaltou. A assessoria do Minist&eacute;rio da Justi&ccedil;a destacou que Cardozo s&oacute; ir&aacute; ao Congresso se for convocado.<\/span><\/span><\/p>\n<p style=\"text-align: justify;\"><span style=\"font-size: medium;\"><span style=\"font-family: arial, helvetica, sans-serif;\">Simon avalia que o esc&acirc;ndalo no escrit&oacute;rio da Presid&ecirc;ncia em S&atilde;o Paulo &eacute; &#8220;grave demais&#8221;, pois ocorreu na &#8220;alma do governo&#8221;. Ele diz, no entanto, que o Congresso n&atilde;o tem condi&ccedil;&otilde;es no momento de propor uma Comiss&atilde;o Parlamentar de Inqu&eacute;rito para investigar o caso.<\/span><\/span><\/p>\n<p style=\"text-align: justify;\"><span style=\"font-size: medium;\"><span style=\"font-family: arial, helvetica, sans-serif;\">&#8220;Seria muita coragem e cara de pau (do Congresso) pedir CPI depois do vexame da comiss&atilde;o do Cachoeira&#8221;, disse Simon, referindo-se ao relat&oacute;rio do deputado Odair Cunha (PT-MG), relator da CPI criada para investigar os neg&oacute;cios do contraventor Carlos Augusto Ramos, que pediu o indiciamento de advers&aacute;rios do governo e deixou de fora aliados envolvidos com o bicheiro.<\/span><\/span><\/p>\n<p style=\"text-align: justify;\"><span style=\"font-size: medium;\"><span style=\"font-family: arial, helvetica, sans-serif;\">&#8220;E depois, nesse caso do Gabinete da Presid&ecirc;ncia em S&atilde;o Paulo, o governo j&aacute; tomou medidas a m&eacute;dio prazo, como a demiss&atilde;o de pessoas indiciadas. Vamos deix&aacute;-lo agir.&#8221;<\/span><\/span><\/p>\n<p style=\"text-align: justify;\"><span style=\"font-size: medium;\"><span style=\"font-family: arial, helvetica, sans-serif;\">Simon defende o fechamento do escrit&oacute;rio da Presid&ecirc;ncia. &#8220;Sempre fui contra um escrit&oacute;rio fora de Bras&iacute;lia. N&atilde;o tem l&oacute;gica alguma. Isso lembra os primeiros tempos da capital, quando &oacute;rg&atilde;os p&uacute;blicos e bancos federais mantinham suas sedes no Rio&#8221;, afirma.<\/span><\/span><\/p>\n<p style=\"text-align: justify;\"><span style=\"font-size: medium;\"><span style=\"font-family: arial, helvetica, sans-serif;\">&#8220;O gabinete tem mais cheiro de lobby do que qualquer outra coisa&#8221;, completa. &#8220;O espa&ccedil;o foi criado por comodismo do ex-presidente Lula, que morava e mora em S&atilde;o Paulo. Sob qualquer &acirc;ngulo, &eacute; incompreens&iacute;vel o seu funcionamento.&#8221;<\/span><\/span><\/p>\n<p style=\"text-align: justify;\"><span style=\"font-size: medium;\"><span style=\"font-family: arial, helvetica, sans-serif;\">J&aacute; o senador Randolfe Rodrigues (PSOL-AP) vai pedir &agrave; Comiss&atilde;o de Fiscaliza&ccedil;&atilde;o Financeira e Controle para ouvir Rosemary e Adams. Rodrigues diz que a convoca&ccedil;&atilde;o de Rosemary &eacute; o primeiro passo para o Senado entender a dimens&atilde;o do caso envolvendo a Presid&ecirc;ncia da Rep&uacute;blica.<\/span><\/span><\/p>\n<p style=\"text-align: justify;\"><span style=\"font-size: medium;\"><span style=\"font-family: arial, helvetica, sans-serif;\">Ele argumenta que o advogado-geral deve esclarecer sobre a atua&ccedil;&atilde;o no esquema do advogado Jos&eacute; Weber Holanda Alves, &#8220;auxiliar direto&#8221; de Adams. O senador tamb&eacute;m pedir&aacute; &agrave; Pol&iacute;cia Federal c&oacute;pia dos autos do inqu&eacute;rito que n&atilde;o est&atilde;o em segredo.<\/span><\/span><\/p>\n<div><span style=\"font-size: medium;\"><span style=\"font-family: arial, helvetica, sans-serif;\"><br \/><\/span><\/span><\/div><\/p>\n","protected":false},"excerpt":{"rendered":"<p>Da Ag&ecirc;ncia Estado O ministro da Justi&ccedil;a, Jos&eacute; Eduardo Cardozo, encabe&ccedil;a a lista de poss&iacute;veis convocados pelo Senado para prestar esclarecimentos sobre o esquema de uma organiza&ccedil;&atilde;o criminosa infiltrada em &oacute;rg&atilde;os p&uacute;blicos, revelado pela Opera&ccedil;&atilde;o Porto Seguro, da Pol&iacute;cia Federal. Tamb&eacute;m fazem parte da rela&ccedil;&atilde;o de eventuais convocados o advogado-geral da Uni&atilde;o, Lu&iacute;s In&aacute;cio Adams, e a ex-chefe de Gabinete da Presid&ecirc;ncia em S&atilde;o Paulo Rosemary N&oacute;voa Noronha, demitida no s&aacute;bado por ordem da presidente Dilma Rousseff. Pol&iacute;cia Federal indicia chefe de gabinete de Dilma Irritada, Dilma exonera sua chefe de gabinete e advogado indiciados pela Pol&iacute;cia Federal Nesta segunda-feira, o senador Pedro Simon (PMDB-RS) ir&aacute; protocolar na Comiss&atilde;o de Constitui&ccedil;&atilde;o e Justi&ccedil;a pedido para convocar Cardozo. Simon argumenta que&hellip; <\/p>\n","protected":false},"author":0,"featured_media":0,"comment_status":"open","ping_status":"open","sticky":false,"template":"","format":"standard","meta":{"_acf_changed":false,"footnotes":""},"categories":[30],"tags":[],"class_list":["post-19095","post","type-post","status-publish","format-standard","hentry","category-artigo"],"acf":[],"yoast_head":"<!-- This site is optimized with the Yoast SEO plugin v27.4 - https:\/\/yoast.com\/product\/yoast-seo-wordpress\/ -->\n<title>Senado pode chamar ministro Cardozo para dar explica\u00e7\u00f5es sobre esquema que envolve ex-chefe de gabinete de Dilma  - Blog do Farn\u00e9sio<\/title>\n<meta name=\"robots\" content=\"index, follow, max-snippet:-1, max-image-preview:large, max-video-preview:-1\" \/>\n<link rel=\"canonical\" href=\"https:\/\/blogdofarnesio.com.br\/?p=19095\" \/>\n<meta property=\"og:locale\" content=\"pt_BR\" \/>\n<meta property=\"og:type\" content=\"article\" \/>\n<meta property=\"og:title\" content=\"Senado pode chamar ministro Cardozo para dar explica\u00e7\u00f5es sobre esquema que envolve ex-chefe de gabinete de Dilma  - Blog do Farn\u00e9sio\" \/>\n<meta property=\"og:description\" content=\"Da Ag&ecirc;ncia Estado O ministro da Justi&ccedil;a, Jos&eacute; Eduardo Cardozo, encabe&ccedil;a a lista de poss&iacute;veis convocados pelo Senado para prestar esclarecimentos sobre o esquema de uma organiza&ccedil;&atilde;o criminosa infiltrada em &oacute;rg&atilde;os p&uacute;blicos, revelado pela Opera&ccedil;&atilde;o Porto Seguro, da Pol&iacute;cia Federal. Tamb&eacute;m fazem parte da rela&ccedil;&atilde;o de eventuais convocados o advogado-geral da Uni&atilde;o, Lu&iacute;s In&aacute;cio Adams, e a ex-chefe de Gabinete da Presid&ecirc;ncia em S&atilde;o Paulo Rosemary N&oacute;voa Noronha, demitida no s&aacute;bado por ordem da presidente Dilma Rousseff. Pol&iacute;cia Federal indicia chefe de gabinete de Dilma Irritada, Dilma exonera sua chefe de gabinete e advogado indiciados pela Pol&iacute;cia Federal Nesta segunda-feira, o senador Pedro Simon (PMDB-RS) ir&aacute; protocolar na Comiss&atilde;o de Constitui&ccedil;&atilde;o e Justi&ccedil;a pedido para convocar Cardozo. Simon argumenta que&hellip;\" \/>\n<meta property=\"og:url\" content=\"https:\/\/blogdofarnesio.com.br\/?p=19095\" \/>\n<meta property=\"og:site_name\" content=\"Blog do Farn\u00e9sio\" \/>\n<meta property=\"article:publisher\" content=\"https:\/\/www.facebook.com\/BlogQuerSaberPolitica\/\" \/>\n<meta property=\"article:published_time\" content=\"2012-11-25T21:34:05+00:00\" \/>\n<meta property=\"og:image\" content=\"http:\/\/www.quersaberpolitica.com.br\/2016\/wp-content\/uploads\/2012\/12\/chargenapalmbrasilia.gif\" \/>\n<meta name=\"twitter:card\" content=\"summary_large_image\" \/>\n<meta name=\"twitter:label1\" content=\"Est. tempo de leitura\" \/>\n\t<meta name=\"twitter:data1\" content=\"3 minutos\" \/>\n<script type=\"application\/ld+json\" class=\"yoast-schema-graph\">{\"@context\":\"https:\\\/\\\/schema.org\",\"@graph\":[{\"@type\":\"Article\",\"@id\":\"https:\\\/\\\/blogdofarnesio.com.br\\\/?p=19095#article\",\"isPartOf\":{\"@id\":\"https:\\\/\\\/blogdofarnesio.com.br\\\/?p=19095\"},\"author\":{\"name\":\"\",\"@id\":\"\"},\"headline\":\"Senado pode chamar ministro Cardozo para dar explica\u00e7\u00f5es sobre esquema que envolve ex-chefe de gabinete de Dilma\",\"datePublished\":\"2012-11-25T21:34:05+00:00\",\"mainEntityOfPage\":{\"@id\":\"https:\\\/\\\/blogdofarnesio.com.br\\\/?p=19095\"},\"wordCount\":660,\"commentCount\":0,\"publisher\":{\"@id\":\"https:\\\/\\\/blogdofarnesio.com.br\\\/#organization\"},\"image\":{\"@id\":\"https:\\\/\\\/blogdofarnesio.com.br\\\/?p=19095#primaryimage\"},\"thumbnailUrl\":\"http:\\\/\\\/www.quersaberpolitica.com.br\\\/2016\\\/wp-content\\\/uploads\\\/2012\\\/12\\\/chargenapalmbrasilia.gif\",\"articleSection\":[\"Artigo\"],\"inLanguage\":\"pt-BR\",\"potentialAction\":[{\"@type\":\"CommentAction\",\"name\":\"Comment\",\"target\":[\"https:\\\/\\\/blogdofarnesio.com.br\\\/?p=19095#respond\"]}]},{\"@type\":\"WebPage\",\"@id\":\"https:\\\/\\\/blogdofarnesio.com.br\\\/?p=19095\",\"url\":\"https:\\\/\\\/blogdofarnesio.com.br\\\/?p=19095\",\"name\":\"Senado pode chamar ministro Cardozo para dar explica\u00e7\u00f5es sobre esquema que envolve ex-chefe de gabinete de Dilma - Blog do Farn\u00e9sio\",\"isPartOf\":{\"@id\":\"https:\\\/\\\/blogdofarnesio.com.br\\\/#website\"},\"primaryImageOfPage\":{\"@id\":\"https:\\\/\\\/blogdofarnesio.com.br\\\/?p=19095#primaryimage\"},\"image\":{\"@id\":\"https:\\\/\\\/blogdofarnesio.com.br\\\/?p=19095#primaryimage\"},\"thumbnailUrl\":\"http:\\\/\\\/www.quersaberpolitica.com.br\\\/2016\\\/wp-content\\\/uploads\\\/2012\\\/12\\\/chargenapalmbrasilia.gif\",\"datePublished\":\"2012-11-25T21:34:05+00:00\",\"breadcrumb\":{\"@id\":\"https:\\\/\\\/blogdofarnesio.com.br\\\/?p=19095#breadcrumb\"},\"inLanguage\":\"pt-BR\",\"potentialAction\":[{\"@type\":\"ReadAction\",\"target\":[\"https:\\\/\\\/blogdofarnesio.com.br\\\/?p=19095\"]}]},{\"@type\":\"ImageObject\",\"inLanguage\":\"pt-BR\",\"@id\":\"https:\\\/\\\/blogdofarnesio.com.br\\\/?p=19095#primaryimage\",\"url\":\"http:\\\/\\\/www.quersaberpolitica.com.br\\\/2016\\\/wp-content\\\/uploads\\\/2012\\\/12\\\/chargenapalmbrasilia.gif\",\"contentUrl\":\"http:\\\/\\\/www.quersaberpolitica.com.br\\\/2016\\\/wp-content\\\/uploads\\\/2012\\\/12\\\/chargenapalmbrasilia.gif\"},{\"@type\":\"BreadcrumbList\",\"@id\":\"https:\\\/\\\/blogdofarnesio.com.br\\\/?p=19095#breadcrumb\",\"itemListElement\":[{\"@type\":\"ListItem\",\"position\":1,\"name\":\"In\u00edcio\",\"item\":\"https:\\\/\\\/blogdofarnesio.com.br\\\/\"},{\"@type\":\"ListItem\",\"position\":2,\"name\":\"Senado pode chamar ministro Cardozo para dar explica\u00e7\u00f5es sobre esquema que envolve ex-chefe de gabinete de Dilma\"}]},{\"@type\":\"WebSite\",\"@id\":\"https:\\\/\\\/blogdofarnesio.com.br\\\/#website\",\"url\":\"https:\\\/\\\/blogdofarnesio.com.br\\\/\",\"name\":\"Blog do Farn\u00e9sio\",\"description\":\"Quer Saber Pol\u00edtica?\",\"publisher\":{\"@id\":\"https:\\\/\\\/blogdofarnesio.com.br\\\/#organization\"},\"potentialAction\":[{\"@type\":\"SearchAction\",\"target\":{\"@type\":\"EntryPoint\",\"urlTemplate\":\"https:\\\/\\\/blogdofarnesio.com.br\\\/?s={search_term_string}\"},\"query-input\":{\"@type\":\"PropertyValueSpecification\",\"valueRequired\":true,\"valueName\":\"search_term_string\"}}],\"inLanguage\":\"pt-BR\"},{\"@type\":\"Organization\",\"@id\":\"https:\\\/\\\/blogdofarnesio.com.br\\\/#organization\",\"name\":\"Blog do Farn\u00e9sio\",\"url\":\"https:\\\/\\\/blogdofarnesio.com.br\\\/\",\"logo\":{\"@type\":\"ImageObject\",\"inLanguage\":\"pt-BR\",\"@id\":\"https:\\\/\\\/blogdofarnesio.com.br\\\/#\\\/schema\\\/logo\\\/image\\\/\",\"url\":\"https:\\\/\\\/blogdofarnesio.com.br\\\/wp-content\\\/uploads\\\/2026\\\/03\\\/cropped-logo_new-1.png\",\"contentUrl\":\"https:\\\/\\\/blogdofarnesio.com.br\\\/wp-content\\\/uploads\\\/2026\\\/03\\\/cropped-logo_new-1.png\",\"width\":881,\"height\":685,\"caption\":\"Blog do Farn\u00e9sio\"},\"image\":{\"@id\":\"https:\\\/\\\/blogdofarnesio.com.br\\\/#\\\/schema\\\/logo\\\/image\\\/\"},\"sameAs\":[\"https:\\\/\\\/www.facebook.com\\\/BlogQuerSaberPolitica\\\/\"]}]}<\/script>\n<!-- \/ Yoast SEO plugin. -->","yoast_head_json":{"title":"Senado pode chamar ministro Cardozo para dar explica\u00e7\u00f5es sobre esquema que envolve ex-chefe de gabinete de Dilma  - Blog do Farn\u00e9sio","robots":{"index":"index","follow":"follow","max-snippet":"max-snippet:-1","max-image-preview":"max-image-preview:large","max-video-preview":"max-video-preview:-1"},"canonical":"https:\/\/blogdofarnesio.com.br\/?p=19095","og_locale":"pt_BR","og_type":"article","og_title":"Senado pode chamar ministro Cardozo para dar explica\u00e7\u00f5es sobre esquema que envolve ex-chefe de gabinete de Dilma  - Blog do Farn\u00e9sio","og_description":"Da Ag&ecirc;ncia Estado O ministro da Justi&ccedil;a, Jos&eacute; Eduardo Cardozo, encabe&ccedil;a a lista de poss&iacute;veis convocados pelo Senado para prestar esclarecimentos sobre o esquema de uma organiza&ccedil;&atilde;o criminosa infiltrada em &oacute;rg&atilde;os p&uacute;blicos, revelado pela Opera&ccedil;&atilde;o Porto Seguro, da Pol&iacute;cia Federal. Tamb&eacute;m fazem parte da rela&ccedil;&atilde;o de eventuais convocados o advogado-geral da Uni&atilde;o, Lu&iacute;s In&aacute;cio Adams, e a ex-chefe de Gabinete da Presid&ecirc;ncia em S&atilde;o Paulo Rosemary N&oacute;voa Noronha, demitida no s&aacute;bado por ordem da presidente Dilma Rousseff. Pol&iacute;cia Federal indicia chefe de gabinete de Dilma Irritada, Dilma exonera sua chefe de gabinete e advogado indiciados pela Pol&iacute;cia Federal Nesta segunda-feira, o senador Pedro Simon (PMDB-RS) ir&aacute; protocolar na Comiss&atilde;o de Constitui&ccedil;&atilde;o e Justi&ccedil;a pedido para convocar Cardozo. Simon argumenta que&hellip;","og_url":"https:\/\/blogdofarnesio.com.br\/?p=19095","og_site_name":"Blog do Farn\u00e9sio","article_publisher":"https:\/\/www.facebook.com\/BlogQuerSaberPolitica\/","article_published_time":"2012-11-25T21:34:05+00:00","og_image":[{"url":"http:\/\/www.quersaberpolitica.com.br\/2016\/wp-content\/uploads\/2012\/12\/chargenapalmbrasilia.gif","type":"","width":"","height":""}],"twitter_card":"summary_large_image","twitter_misc":{"Est. tempo de leitura":"3 minutos"},"schema":{"@context":"https:\/\/schema.org","@graph":[{"@type":"Article","@id":"https:\/\/blogdofarnesio.com.br\/?p=19095#article","isPartOf":{"@id":"https:\/\/blogdofarnesio.com.br\/?p=19095"},"author":{"name":"","@id":""},"headline":"Senado pode chamar ministro Cardozo para dar explica\u00e7\u00f5es sobre esquema que envolve ex-chefe de gabinete de Dilma","datePublished":"2012-11-25T21:34:05+00:00","mainEntityOfPage":{"@id":"https:\/\/blogdofarnesio.com.br\/?p=19095"},"wordCount":660,"commentCount":0,"publisher":{"@id":"https:\/\/blogdofarnesio.com.br\/#organization"},"image":{"@id":"https:\/\/blogdofarnesio.com.br\/?p=19095#primaryimage"},"thumbnailUrl":"http:\/\/www.quersaberpolitica.com.br\/2016\/wp-content\/uploads\/2012\/12\/chargenapalmbrasilia.gif","articleSection":["Artigo"],"inLanguage":"pt-BR","potentialAction":[{"@type":"CommentAction","name":"Comment","target":["https:\/\/blogdofarnesio.com.br\/?p=19095#respond"]}]},{"@type":"WebPage","@id":"https:\/\/blogdofarnesio.com.br\/?p=19095","url":"https:\/\/blogdofarnesio.com.br\/?p=19095","name":"Senado pode chamar ministro Cardozo para dar explica\u00e7\u00f5es sobre esquema que envolve ex-chefe de gabinete de Dilma - Blog do Farn\u00e9sio","isPartOf":{"@id":"https:\/\/blogdofarnesio.com.br\/#website"},"primaryImageOfPage":{"@id":"https:\/\/blogdofarnesio.com.br\/?p=19095#primaryimage"},"image":{"@id":"https:\/\/blogdofarnesio.com.br\/?p=19095#primaryimage"},"thumbnailUrl":"http:\/\/www.quersaberpolitica.com.br\/2016\/wp-content\/uploads\/2012\/12\/chargenapalmbrasilia.gif","datePublished":"2012-11-25T21:34:05+00:00","breadcrumb":{"@id":"https:\/\/blogdofarnesio.com.br\/?p=19095#breadcrumb"},"inLanguage":"pt-BR","potentialAction":[{"@type":"ReadAction","target":["https:\/\/blogdofarnesio.com.br\/?p=19095"]}]},{"@type":"ImageObject","inLanguage":"pt-BR","@id":"https:\/\/blogdofarnesio.com.br\/?p=19095#primaryimage","url":"http:\/\/www.quersaberpolitica.com.br\/2016\/wp-content\/uploads\/2012\/12\/chargenapalmbrasilia.gif","contentUrl":"http:\/\/www.quersaberpolitica.com.br\/2016\/wp-content\/uploads\/2012\/12\/chargenapalmbrasilia.gif"},{"@type":"BreadcrumbList","@id":"https:\/\/blogdofarnesio.com.br\/?p=19095#breadcrumb","itemListElement":[{"@type":"ListItem","position":1,"name":"In\u00edcio","item":"https:\/\/blogdofarnesio.com.br\/"},{"@type":"ListItem","position":2,"name":"Senado pode chamar ministro Cardozo para dar explica\u00e7\u00f5es sobre esquema que envolve ex-chefe de gabinete de Dilma"}]},{"@type":"WebSite","@id":"https:\/\/blogdofarnesio.com.br\/#website","url":"https:\/\/blogdofarnesio.com.br\/","name":"Blog do Farn\u00e9sio","description":"Quer Saber Pol\u00edtica?","publisher":{"@id":"https:\/\/blogdofarnesio.com.br\/#organization"},"potentialAction":[{"@type":"SearchAction","target":{"@type":"EntryPoint","urlTemplate":"https:\/\/blogdofarnesio.com.br\/?s={search_term_string}"},"query-input":{"@type":"PropertyValueSpecification","valueRequired":true,"valueName":"search_term_string"}}],"inLanguage":"pt-BR"},{"@type":"Organization","@id":"https:\/\/blogdofarnesio.com.br\/#organization","name":"Blog do Farn\u00e9sio","url":"https:\/\/blogdofarnesio.com.br\/","logo":{"@type":"ImageObject","inLanguage":"pt-BR","@id":"https:\/\/blogdofarnesio.com.br\/#\/schema\/logo\/image\/","url":"https:\/\/blogdofarnesio.com.br\/wp-content\/uploads\/2026\/03\/cropped-logo_new-1.png","contentUrl":"https:\/\/blogdofarnesio.com.br\/wp-content\/uploads\/2026\/03\/cropped-logo_new-1.png","width":881,"height":685,"caption":"Blog do Farn\u00e9sio"},"image":{"@id":"https:\/\/blogdofarnesio.com.br\/#\/schema\/logo\/image\/"},"sameAs":["https:\/\/www.facebook.com\/BlogQuerSaberPolitica\/"]}]}},"_links":{"self":[{"href":"https:\/\/blogdofarnesio.com.br\/index.php?rest_route=\/wp\/v2\/posts\/19095","targetHints":{"allow":["GET"]}}],"collection":[{"href":"https:\/\/blogdofarnesio.com.br\/index.php?rest_route=\/wp\/v2\/posts"}],"about":[{"href":"https:\/\/blogdofarnesio.com.br\/index.php?rest_route=\/wp\/v2\/types\/post"}],"replies":[{"embeddable":true,"href":"https:\/\/blogdofarnesio.com.br\/index.php?rest_route=%2Fwp%2Fv2%2Fcomments&post=19095"}],"version-history":[{"count":0,"href":"https:\/\/blogdofarnesio.com.br\/index.php?rest_route=\/wp\/v2\/posts\/19095\/revisions"}],"wp:attachment":[{"href":"https:\/\/blogdofarnesio.com.br\/index.php?rest_route=%2Fwp%2Fv2%2Fmedia&parent=19095"}],"wp:term":[{"taxonomy":"category","embeddable":true,"href":"https:\/\/blogdofarnesio.com.br\/index.php?rest_route=%2Fwp%2Fv2%2Fcategories&post=19095"},{"taxonomy":"post_tag","embeddable":true,"href":"https:\/\/blogdofarnesio.com.br\/index.php?rest_route=%2Fwp%2Fv2%2Ftags&post=19095"}],"curies":[{"name":"wp","href":"https:\/\/api.w.org\/{rel}","templated":true}]}}