{"id":190827,"date":"2018-03-08T17:34:53","date_gmt":"2018-03-08T20:34:53","guid":{"rendered":"http:\/\/quersaberpolitica.com.br\/2016\/?p=190827"},"modified":"2018-03-08T16:15:46","modified_gmt":"2018-03-08T19:15:46","slug":"natal-capital-do-rio-grande-do-norte-esta-entre-as-cidades-mais-violentas-do-mundo","status":"publish","type":"post","link":"https:\/\/blogdofarnesio.com.br\/?p=190827","title":{"rendered":"NATAL, CAPITAL DO RIO GRANDE DO NORTE EST\u00c1 ENTRE AS CIDADES MAIS VIOLENTAS DO PLANETA"},"content":{"rendered":"<div class=\"font_a font_jjj\"><strong>RIO TEM INTERVEN\u00c7\u00c3O, SEM ESTAR ENTRE AS MAIS VIOLENTAS DO MUNDO<\/strong><\/div>\n<div class=\"row font_a b_not_shr\">\n<div><\/div>\n<div class=\"col-md-4 col-lg-4 col-sm-4 col-xs-12\">Davi Soares<strong>\/DP<\/strong><\/div>\n<\/div>\n<div class=\"row change_font\">\n<div class=\"col-md-12 font_a popup-gallery\">\n<div class=\"pull-right hidden-xs\"><\/div>\n<p>Um levantamento anual do Conselho de Cidadania do M\u00e9xico para a Seguran\u00e7a P\u00fablica revelou que o Rio de Janeiro n\u00e3o ficou entre as 50 cidades mais violentas do mundo, em 2017. O resultado do ranking anual exp\u00f5e contradi\u00e7\u00f5es a respeito da decis\u00e3o do presidente Michel Temer (MDB) e do Congresso Nacional de decretar a interven\u00e7\u00e3o do Ex\u00e9rcito na Seguran\u00e7a P\u00fablica do Rio de Janeiro, com base na viol\u00eancia da capital fluminense.O estudo\u00a0mostra que a capital do Rio Grande do Norte, Natal,\u00a0registrou o triplo do \u00edndice de viol\u00eancia da capital fluminense. E\u00a0figura como a cidade mais violenta do Brasil, com \u00edndice de 102,56 mortes por 100 mil habitantes &#8211; a quarta cidade onde mais se mata no mundo.<\/p>\n<p>Sem o mesmo tratamento dado ao Rio de Janeiro, h\u00e1\u00a017 munic\u00edpios brasileiros det\u00e9m \u00edndices muito piores do que os da capital fluminense.<\/p>\n<p>Al\u00e9m de Natal, as seguintes cidades brasileiras deveriam sofrer interven\u00e7\u00e3o como a que ocorre no Rio, se fosse levado em conta a posi\u00e7\u00e3o que ocupam entre as cidades onde mais se mata no mundo: Fortaleza-CE, com a 7\u00aa posi\u00e7\u00e3o no vergonhoso ranking; Bel\u00e9m-PA (10\u00aa); <strong>Vit\u00f3ria da Conquista-BA (11\u00aa)<\/strong>; Macei\u00f3-AL (14\u00aa); Aracaju-SE (18\u00aa); Feira de Santana-BA (19\u00aa); Recife-PE (22\u00aa); Salvador-BA (25\u00aa); Jo\u00e3o Pessoa-PB (30\u00aa); Manaus-AM (34\u00aa); Porto Alegre (39\u00aa); Macap\u00e1-AP(40\u00aa); Campos dos Goytacazes-RJ (45\u00aa); Campina Grande-PB (47\u00aa); Teresina-PI (48\u00aa) e Vit\u00f3ria-ES (49\u00aa).<\/p>\n<p>Uma peculiaridade dessa pesquisa entre cidades com mais de 300 mil habitantes \u00e9 excluir mortes em &#8220;zona de confronto&#8221; ou cidades com dados indispon\u00edveis. Mas o\u00a0<strong>Di\u00e1rio do Poder<\/strong>\u00a0apurou que tal fato n\u00e3o afetou os n\u00fameros da cidade do Rio de Janeiro, que ficou fora da lista por ter registrado 32,5 mortes por 100 mil habitantes, em 2017. Vit\u00f3ria, por exemplo, foi a 49\u00aa cidade listada e registrou 36,07 mortes por 100 mil habitantes.<\/p>\n<p>O levantamento exp\u00f5e a concentra\u00e7\u00e3o da viol\u00eancia mundial em 42 cidades da Am\u00e9rica Latina, com a\u00a0cidade mais violenta do mundo: Los Cabos, no M\u00e9xico. E, das 42 cidades da Am\u00e9rica Latina que aparecem na lista, al\u00e9m das 17 brasileiras est\u00e3o 12 localizadas no M\u00e9xico, cinco na Venezuela, tr\u00eas na Col\u00f4mbia, duas em Honduras, e uma em El Salvador, Guatemala e Jamaica.<\/p>\n<\/div>\n<\/div>\n","protected":false},"excerpt":{"rendered":"<p>RIO TEM INTERVEN\u00c7\u00c3O, SEM ESTAR ENTRE AS MAIS VIOLENTAS DO MUNDO Davi Soares\/DP Um levantamento anual do Conselho de Cidadania do M\u00e9xico para a Seguran\u00e7a P\u00fablica revelou que o Rio de Janeiro n\u00e3o ficou entre as 50 cidades mais violentas do mundo, em 2017. O resultado do ranking anual exp\u00f5e contradi\u00e7\u00f5es a respeito da decis\u00e3o do presidente Michel Temer (MDB) e do Congresso Nacional de decretar a interven\u00e7\u00e3o do Ex\u00e9rcito na Seguran\u00e7a P\u00fablica do Rio de Janeiro, com base na viol\u00eancia da capital fluminense.O estudo\u00a0mostra que a capital do Rio Grande do Norte, Natal,\u00a0registrou o triplo do \u00edndice de viol\u00eancia da capital fluminense. E\u00a0figura como a cidade mais violenta do Brasil, com \u00edndice de 102,56 mortes por 100 mil habitantes&hellip; <\/p>\n","protected":false},"author":1,"featured_media":190830,"comment_status":"closed","ping_status":"closed","sticky":false,"template":"","format":"standard","meta":{"_acf_changed":false,"footnotes":""},"categories":[5,59],"tags":[],"class_list":["post-190827","post","type-post","status-publish","format-standard","has-post-thumbnail","hentry","category-seguranca","category-violencia"],"acf":[],"yoast_head":"<!-- This site is optimized with the Yoast SEO plugin v27.4 - https:\/\/yoast.com\/product\/yoast-seo-wordpress\/ -->\n<title>NATAL, CAPITAL DO RIO GRANDE DO NORTE EST\u00c1 ENTRE AS CIDADES MAIS VIOLENTAS DO PLANETA - Blog do Farn\u00e9sio<\/title>\n<meta name=\"robots\" content=\"index, follow, max-snippet:-1, max-image-preview:large, max-video-preview:-1\" \/>\n<link rel=\"canonical\" href=\"https:\/\/blogdofarnesio.com.br\/?p=190827\" \/>\n<meta property=\"og:locale\" content=\"pt_BR\" \/>\n<meta property=\"og:type\" content=\"article\" \/>\n<meta property=\"og:title\" content=\"NATAL, CAPITAL DO RIO GRANDE DO NORTE EST\u00c1 ENTRE AS CIDADES MAIS VIOLENTAS DO PLANETA - Blog do Farn\u00e9sio\" \/>\n<meta property=\"og:description\" content=\"RIO TEM INTERVEN\u00c7\u00c3O, SEM ESTAR ENTRE AS MAIS VIOLENTAS DO MUNDO Davi Soares\/DP Um levantamento anual do Conselho de Cidadania do M\u00e9xico para a Seguran\u00e7a P\u00fablica revelou que o Rio de Janeiro n\u00e3o ficou entre as 50 cidades mais violentas do mundo, em 2017. O resultado do ranking anual exp\u00f5e contradi\u00e7\u00f5es a respeito da decis\u00e3o do presidente Michel Temer (MDB) e do Congresso Nacional de decretar a interven\u00e7\u00e3o do Ex\u00e9rcito na Seguran\u00e7a P\u00fablica do Rio de Janeiro, com base na viol\u00eancia da capital fluminense.O estudo\u00a0mostra que a capital do Rio Grande do Norte, Natal,\u00a0registrou o triplo do \u00edndice de viol\u00eancia da capital fluminense. E\u00a0figura como a cidade mais violenta do Brasil, com \u00edndice de 102,56 mortes por 100 mil habitantes&hellip;\" \/>\n<meta property=\"og:url\" content=\"https:\/\/blogdofarnesio.com.br\/?p=190827\" \/>\n<meta property=\"og:site_name\" content=\"Blog do Farn\u00e9sio\" \/>\n<meta property=\"article:publisher\" content=\"https:\/\/www.facebook.com\/BlogQuerSaberPolitica\/\" \/>\n<meta property=\"article:published_time\" content=\"2018-03-08T20:34:53+00:00\" \/>\n<meta property=\"og:image\" content=\"https:\/\/blogdofarnesio.com.br\/wp-content\/uploads\/2018\/03\/blogqspcrimeAssassinatoNatal-RN-Foto-Jorge-Talmon-Agora-RN-e1520535888955.jpg\" \/>\n\t<meta property=\"og:image:width\" content=\"600\" \/>\n\t<meta property=\"og:image:height\" content=\"343\" \/>\n\t<meta property=\"og:image:type\" content=\"image\/jpeg\" \/>\n<meta name=\"author\" content=\"Farn\u00e9sio\" \/>\n<meta name=\"twitter:card\" content=\"summary_large_image\" \/>\n<meta name=\"twitter:label1\" content=\"Escrito por\" \/>\n\t<meta name=\"twitter:data1\" content=\"Farn\u00e9sio\" \/>\n\t<meta name=\"twitter:label2\" content=\"Est. tempo de leitura\" \/>\n\t<meta name=\"twitter:data2\" content=\"2 minutos\" \/>\n<script type=\"application\/ld+json\" class=\"yoast-schema-graph\">{\"@context\":\"https:\\\/\\\/schema.org\",\"@graph\":[{\"@type\":\"Article\",\"@id\":\"https:\\\/\\\/blogdofarnesio.com.br\\\/?p=190827#article\",\"isPartOf\":{\"@id\":\"https:\\\/\\\/blogdofarnesio.com.br\\\/?p=190827\"},\"author\":{\"name\":\"Farn\u00e9sio\",\"@id\":\"https:\\\/\\\/blogdofarnesio.com.br\\\/#\\\/schema\\\/person\\\/301c4acf522bccbfdb45af95b5b906a1\"},\"headline\":\"NATAL, CAPITAL DO RIO GRANDE DO NORTE EST\u00c1 ENTRE AS CIDADES MAIS VIOLENTAS DO PLANETA\",\"datePublished\":\"2018-03-08T20:34:53+00:00\",\"mainEntityOfPage\":{\"@id\":\"https:\\\/\\\/blogdofarnesio.com.br\\\/?p=190827\"},\"wordCount\":401,\"publisher\":{\"@id\":\"https:\\\/\\\/blogdofarnesio.com.br\\\/#organization\"},\"image\":{\"@id\":\"https:\\\/\\\/blogdofarnesio.com.br\\\/?p=190827#primaryimage\"},\"thumbnailUrl\":\"https:\\\/\\\/blogdofarnesio.com.br\\\/wp-content\\\/uploads\\\/2018\\\/03\\\/blogqspcrimeAssassinatoNatal-RN-Foto-Jorge-Talmon-Agora-RN-e1520535888955.jpg\",\"articleSection\":[\"Seguran\u00e7a\",\"Viol\u00eancia\"],\"inLanguage\":\"pt-BR\"},{\"@type\":\"WebPage\",\"@id\":\"https:\\\/\\\/blogdofarnesio.com.br\\\/?p=190827\",\"url\":\"https:\\\/\\\/blogdofarnesio.com.br\\\/?p=190827\",\"name\":\"NATAL, CAPITAL DO RIO GRANDE DO NORTE EST\u00c1 ENTRE AS CIDADES MAIS VIOLENTAS DO PLANETA - Blog do Farn\u00e9sio\",\"isPartOf\":{\"@id\":\"https:\\\/\\\/blogdofarnesio.com.br\\\/#website\"},\"primaryImageOfPage\":{\"@id\":\"https:\\\/\\\/blogdofarnesio.com.br\\\/?p=190827#primaryimage\"},\"image\":{\"@id\":\"https:\\\/\\\/blogdofarnesio.com.br\\\/?p=190827#primaryimage\"},\"thumbnailUrl\":\"https:\\\/\\\/blogdofarnesio.com.br\\\/wp-content\\\/uploads\\\/2018\\\/03\\\/blogqspcrimeAssassinatoNatal-RN-Foto-Jorge-Talmon-Agora-RN-e1520535888955.jpg\",\"datePublished\":\"2018-03-08T20:34:53+00:00\",\"breadcrumb\":{\"@id\":\"https:\\\/\\\/blogdofarnesio.com.br\\\/?p=190827#breadcrumb\"},\"inLanguage\":\"pt-BR\",\"potentialAction\":[{\"@type\":\"ReadAction\",\"target\":[\"https:\\\/\\\/blogdofarnesio.com.br\\\/?p=190827\"]}]},{\"@type\":\"ImageObject\",\"inLanguage\":\"pt-BR\",\"@id\":\"https:\\\/\\\/blogdofarnesio.com.br\\\/?p=190827#primaryimage\",\"url\":\"https:\\\/\\\/blogdofarnesio.com.br\\\/wp-content\\\/uploads\\\/2018\\\/03\\\/blogqspcrimeAssassinatoNatal-RN-Foto-Jorge-Talmon-Agora-RN-e1520535888955.jpg\",\"contentUrl\":\"https:\\\/\\\/blogdofarnesio.com.br\\\/wp-content\\\/uploads\\\/2018\\\/03\\\/blogqspcrimeAssassinatoNatal-RN-Foto-Jorge-Talmon-Agora-RN-e1520535888955.jpg\",\"width\":600,\"height\":343,\"caption\":\"Imagem meramente Ilustrativa\"},{\"@type\":\"BreadcrumbList\",\"@id\":\"https:\\\/\\\/blogdofarnesio.com.br\\\/?p=190827#breadcrumb\",\"itemListElement\":[{\"@type\":\"ListItem\",\"position\":1,\"name\":\"In\u00edcio\",\"item\":\"https:\\\/\\\/blogdofarnesio.com.br\\\/\"},{\"@type\":\"ListItem\",\"position\":2,\"name\":\"NATAL, CAPITAL DO RIO GRANDE DO NORTE EST\u00c1 ENTRE AS CIDADES MAIS VIOLENTAS DO PLANETA\"}]},{\"@type\":\"WebSite\",\"@id\":\"https:\\\/\\\/blogdofarnesio.com.br\\\/#website\",\"url\":\"https:\\\/\\\/blogdofarnesio.com.br\\\/\",\"name\":\"Blog do Farn\u00e9sio\",\"description\":\"Quer Saber Pol\u00edtica?\",\"publisher\":{\"@id\":\"https:\\\/\\\/blogdofarnesio.com.br\\\/#organization\"},\"potentialAction\":[{\"@type\":\"SearchAction\",\"target\":{\"@type\":\"EntryPoint\",\"urlTemplate\":\"https:\\\/\\\/blogdofarnesio.com.br\\\/?s={search_term_string}\"},\"query-input\":{\"@type\":\"PropertyValueSpecification\",\"valueRequired\":true,\"valueName\":\"search_term_string\"}}],\"inLanguage\":\"pt-BR\"},{\"@type\":\"Organization\",\"@id\":\"https:\\\/\\\/blogdofarnesio.com.br\\\/#organization\",\"name\":\"Blog do Farn\u00e9sio\",\"url\":\"https:\\\/\\\/blogdofarnesio.com.br\\\/\",\"logo\":{\"@type\":\"ImageObject\",\"inLanguage\":\"pt-BR\",\"@id\":\"https:\\\/\\\/blogdofarnesio.com.br\\\/#\\\/schema\\\/logo\\\/image\\\/\",\"url\":\"https:\\\/\\\/blogdofarnesio.com.br\\\/wp-content\\\/uploads\\\/2026\\\/03\\\/cropped-logo_new-1.png\",\"contentUrl\":\"https:\\\/\\\/blogdofarnesio.com.br\\\/wp-content\\\/uploads\\\/2026\\\/03\\\/cropped-logo_new-1.png\",\"width\":881,\"height\":685,\"caption\":\"Blog do Farn\u00e9sio\"},\"image\":{\"@id\":\"https:\\\/\\\/blogdofarnesio.com.br\\\/#\\\/schema\\\/logo\\\/image\\\/\"},\"sameAs\":[\"https:\\\/\\\/www.facebook.com\\\/BlogQuerSaberPolitica\\\/\"]},{\"@type\":\"Person\",\"@id\":\"https:\\\/\\\/blogdofarnesio.com.br\\\/#\\\/schema\\\/person\\\/301c4acf522bccbfdb45af95b5b906a1\",\"name\":\"Farn\u00e9sio\",\"image\":{\"@type\":\"ImageObject\",\"inLanguage\":\"pt-BR\",\"@id\":\"https:\\\/\\\/secure.gravatar.com\\\/avatar\\\/df0c9a14567c056f8ad6876ba5bbd1e3e2c48023eb6807342fc4663adf549f38?s=96&d=mm&r=g\",\"url\":\"https:\\\/\\\/secure.gravatar.com\\\/avatar\\\/df0c9a14567c056f8ad6876ba5bbd1e3e2c48023eb6807342fc4663adf549f38?s=96&d=mm&r=g\",\"contentUrl\":\"https:\\\/\\\/secure.gravatar.com\\\/avatar\\\/df0c9a14567c056f8ad6876ba5bbd1e3e2c48023eb6807342fc4663adf549f38?s=96&d=mm&r=g\",\"caption\":\"Farn\u00e9sio\"},\"sameAs\":[\"https:\\\/\\\/quersaberpolitica.com.br\"],\"url\":\"https:\\\/\\\/blogdofarnesio.com.br\\\/?author=1\"}]}<\/script>\n<!-- \/ Yoast SEO plugin. -->","yoast_head_json":{"title":"NATAL, CAPITAL DO RIO GRANDE DO NORTE EST\u00c1 ENTRE AS CIDADES MAIS VIOLENTAS DO PLANETA - Blog do Farn\u00e9sio","robots":{"index":"index","follow":"follow","max-snippet":"max-snippet:-1","max-image-preview":"max-image-preview:large","max-video-preview":"max-video-preview:-1"},"canonical":"https:\/\/blogdofarnesio.com.br\/?p=190827","og_locale":"pt_BR","og_type":"article","og_title":"NATAL, CAPITAL DO RIO GRANDE DO NORTE EST\u00c1 ENTRE AS CIDADES MAIS VIOLENTAS DO PLANETA - Blog do Farn\u00e9sio","og_description":"RIO TEM INTERVEN\u00c7\u00c3O, SEM ESTAR ENTRE AS MAIS VIOLENTAS DO MUNDO Davi Soares\/DP Um levantamento anual do Conselho de Cidadania do M\u00e9xico para a Seguran\u00e7a P\u00fablica revelou que o Rio de Janeiro n\u00e3o ficou entre as 50 cidades mais violentas do mundo, em 2017. O resultado do ranking anual exp\u00f5e contradi\u00e7\u00f5es a respeito da decis\u00e3o do presidente Michel Temer (MDB) e do Congresso Nacional de decretar a interven\u00e7\u00e3o do Ex\u00e9rcito na Seguran\u00e7a P\u00fablica do Rio de Janeiro, com base na viol\u00eancia da capital fluminense.O estudo\u00a0mostra que a capital do Rio Grande do Norte, Natal,\u00a0registrou o triplo do \u00edndice de viol\u00eancia da capital fluminense. E\u00a0figura como a cidade mais violenta do Brasil, com \u00edndice de 102,56 mortes por 100 mil habitantes&hellip;","og_url":"https:\/\/blogdofarnesio.com.br\/?p=190827","og_site_name":"Blog do Farn\u00e9sio","article_publisher":"https:\/\/www.facebook.com\/BlogQuerSaberPolitica\/","article_published_time":"2018-03-08T20:34:53+00:00","og_image":[{"width":600,"height":343,"url":"https:\/\/blogdofarnesio.com.br\/wp-content\/uploads\/2018\/03\/blogqspcrimeAssassinatoNatal-RN-Foto-Jorge-Talmon-Agora-RN-e1520535888955.jpg","type":"image\/jpeg"}],"author":"Farn\u00e9sio","twitter_card":"summary_large_image","twitter_misc":{"Escrito por":"Farn\u00e9sio","Est. tempo de leitura":"2 minutos"},"schema":{"@context":"https:\/\/schema.org","@graph":[{"@type":"Article","@id":"https:\/\/blogdofarnesio.com.br\/?p=190827#article","isPartOf":{"@id":"https:\/\/blogdofarnesio.com.br\/?p=190827"},"author":{"name":"Farn\u00e9sio","@id":"https:\/\/blogdofarnesio.com.br\/#\/schema\/person\/301c4acf522bccbfdb45af95b5b906a1"},"headline":"NATAL, CAPITAL DO RIO GRANDE DO NORTE EST\u00c1 ENTRE AS CIDADES MAIS VIOLENTAS DO PLANETA","datePublished":"2018-03-08T20:34:53+00:00","mainEntityOfPage":{"@id":"https:\/\/blogdofarnesio.com.br\/?p=190827"},"wordCount":401,"publisher":{"@id":"https:\/\/blogdofarnesio.com.br\/#organization"},"image":{"@id":"https:\/\/blogdofarnesio.com.br\/?p=190827#primaryimage"},"thumbnailUrl":"https:\/\/blogdofarnesio.com.br\/wp-content\/uploads\/2018\/03\/blogqspcrimeAssassinatoNatal-RN-Foto-Jorge-Talmon-Agora-RN-e1520535888955.jpg","articleSection":["Seguran\u00e7a","Viol\u00eancia"],"inLanguage":"pt-BR"},{"@type":"WebPage","@id":"https:\/\/blogdofarnesio.com.br\/?p=190827","url":"https:\/\/blogdofarnesio.com.br\/?p=190827","name":"NATAL, CAPITAL DO RIO GRANDE DO NORTE EST\u00c1 ENTRE AS CIDADES MAIS VIOLENTAS DO PLANETA - Blog do Farn\u00e9sio","isPartOf":{"@id":"https:\/\/blogdofarnesio.com.br\/#website"},"primaryImageOfPage":{"@id":"https:\/\/blogdofarnesio.com.br\/?p=190827#primaryimage"},"image":{"@id":"https:\/\/blogdofarnesio.com.br\/?p=190827#primaryimage"},"thumbnailUrl":"https:\/\/blogdofarnesio.com.br\/wp-content\/uploads\/2018\/03\/blogqspcrimeAssassinatoNatal-RN-Foto-Jorge-Talmon-Agora-RN-e1520535888955.jpg","datePublished":"2018-03-08T20:34:53+00:00","breadcrumb":{"@id":"https:\/\/blogdofarnesio.com.br\/?p=190827#breadcrumb"},"inLanguage":"pt-BR","potentialAction":[{"@type":"ReadAction","target":["https:\/\/blogdofarnesio.com.br\/?p=190827"]}]},{"@type":"ImageObject","inLanguage":"pt-BR","@id":"https:\/\/blogdofarnesio.com.br\/?p=190827#primaryimage","url":"https:\/\/blogdofarnesio.com.br\/wp-content\/uploads\/2018\/03\/blogqspcrimeAssassinatoNatal-RN-Foto-Jorge-Talmon-Agora-RN-e1520535888955.jpg","contentUrl":"https:\/\/blogdofarnesio.com.br\/wp-content\/uploads\/2018\/03\/blogqspcrimeAssassinatoNatal-RN-Foto-Jorge-Talmon-Agora-RN-e1520535888955.jpg","width":600,"height":343,"caption":"Imagem meramente Ilustrativa"},{"@type":"BreadcrumbList","@id":"https:\/\/blogdofarnesio.com.br\/?p=190827#breadcrumb","itemListElement":[{"@type":"ListItem","position":1,"name":"In\u00edcio","item":"https:\/\/blogdofarnesio.com.br\/"},{"@type":"ListItem","position":2,"name":"NATAL, CAPITAL DO RIO GRANDE DO NORTE EST\u00c1 ENTRE AS CIDADES MAIS VIOLENTAS DO PLANETA"}]},{"@type":"WebSite","@id":"https:\/\/blogdofarnesio.com.br\/#website","url":"https:\/\/blogdofarnesio.com.br\/","name":"Blog do Farn\u00e9sio","description":"Quer Saber Pol\u00edtica?","publisher":{"@id":"https:\/\/blogdofarnesio.com.br\/#organization"},"potentialAction":[{"@type":"SearchAction","target":{"@type":"EntryPoint","urlTemplate":"https:\/\/blogdofarnesio.com.br\/?s={search_term_string}"},"query-input":{"@type":"PropertyValueSpecification","valueRequired":true,"valueName":"search_term_string"}}],"inLanguage":"pt-BR"},{"@type":"Organization","@id":"https:\/\/blogdofarnesio.com.br\/#organization","name":"Blog do Farn\u00e9sio","url":"https:\/\/blogdofarnesio.com.br\/","logo":{"@type":"ImageObject","inLanguage":"pt-BR","@id":"https:\/\/blogdofarnesio.com.br\/#\/schema\/logo\/image\/","url":"https:\/\/blogdofarnesio.com.br\/wp-content\/uploads\/2026\/03\/cropped-logo_new-1.png","contentUrl":"https:\/\/blogdofarnesio.com.br\/wp-content\/uploads\/2026\/03\/cropped-logo_new-1.png","width":881,"height":685,"caption":"Blog do Farn\u00e9sio"},"image":{"@id":"https:\/\/blogdofarnesio.com.br\/#\/schema\/logo\/image\/"},"sameAs":["https:\/\/www.facebook.com\/BlogQuerSaberPolitica\/"]},{"@type":"Person","@id":"https:\/\/blogdofarnesio.com.br\/#\/schema\/person\/301c4acf522bccbfdb45af95b5b906a1","name":"Farn\u00e9sio","image":{"@type":"ImageObject","inLanguage":"pt-BR","@id":"https:\/\/secure.gravatar.com\/avatar\/df0c9a14567c056f8ad6876ba5bbd1e3e2c48023eb6807342fc4663adf549f38?s=96&d=mm&r=g","url":"https:\/\/secure.gravatar.com\/avatar\/df0c9a14567c056f8ad6876ba5bbd1e3e2c48023eb6807342fc4663adf549f38?s=96&d=mm&r=g","contentUrl":"https:\/\/secure.gravatar.com\/avatar\/df0c9a14567c056f8ad6876ba5bbd1e3e2c48023eb6807342fc4663adf549f38?s=96&d=mm&r=g","caption":"Farn\u00e9sio"},"sameAs":["https:\/\/quersaberpolitica.com.br"],"url":"https:\/\/blogdofarnesio.com.br\/?author=1"}]}},"_links":{"self":[{"href":"https:\/\/blogdofarnesio.com.br\/index.php?rest_route=\/wp\/v2\/posts\/190827","targetHints":{"allow":["GET"]}}],"collection":[{"href":"https:\/\/blogdofarnesio.com.br\/index.php?rest_route=\/wp\/v2\/posts"}],"about":[{"href":"https:\/\/blogdofarnesio.com.br\/index.php?rest_route=\/wp\/v2\/types\/post"}],"author":[{"embeddable":true,"href":"https:\/\/blogdofarnesio.com.br\/index.php?rest_route=\/wp\/v2\/users\/1"}],"replies":[{"embeddable":true,"href":"https:\/\/blogdofarnesio.com.br\/index.php?rest_route=%2Fwp%2Fv2%2Fcomments&post=190827"}],"version-history":[{"count":0,"href":"https:\/\/blogdofarnesio.com.br\/index.php?rest_route=\/wp\/v2\/posts\/190827\/revisions"}],"wp:featuredmedia":[{"embeddable":true,"href":"https:\/\/blogdofarnesio.com.br\/index.php?rest_route=\/wp\/v2\/media\/190830"}],"wp:attachment":[{"href":"https:\/\/blogdofarnesio.com.br\/index.php?rest_route=%2Fwp%2Fv2%2Fmedia&parent=190827"}],"wp:term":[{"taxonomy":"category","embeddable":true,"href":"https:\/\/blogdofarnesio.com.br\/index.php?rest_route=%2Fwp%2Fv2%2Fcategories&post=190827"},{"taxonomy":"post_tag","embeddable":true,"href":"https:\/\/blogdofarnesio.com.br\/index.php?rest_route=%2Fwp%2Fv2%2Ftags&post=190827"}],"curies":[{"name":"wp","href":"https:\/\/api.w.org\/{rel}","templated":true}]}}