{"id":190807,"date":"2018-03-08T16:42:34","date_gmt":"2018-03-08T19:42:34","guid":{"rendered":"http:\/\/quersaberpolitica.com.br\/2016\/?p=190807"},"modified":"2018-03-08T15:17:40","modified_gmt":"2018-03-08T18:17:40","slug":"veiculos-brasileiros-terao-que-usar-placa-padrao-do-mercosul","status":"publish","type":"post","link":"https:\/\/blogdofarnesio.com.br\/?p=190807","title":{"rendered":"VE\u00cdCULOS BRASILEIROS TER\u00c3O QUE USAR PLACA PADR\u00c3O DO MERCOSUL"},"content":{"rendered":"<div class=\"campo-subassinatura\" style=\"text-align: justify;\">Os ve\u00edculos brasileiros\u00a0ter\u00e3o que trocar de placa at\u00e9 2023 para seguir padr\u00e3o do Mercosul. A partir de 1\u00ba de setembro de 2018,\u00a0carros novos j\u00e1 precisar\u00e3o adotar o novo modelo. As informa\u00e7\u00f5es s\u00e3o da Folha de S. Paulo.<\/div>\n<div id=\"noticia_corpodanoticia\" class=\"t13 manipularFonte\">\n<p style=\"text-align: justify;\">A determina\u00e7\u00e3o deve ser publicada no Di\u00e1rio Oficial da Uni\u00e3o (DOU) desta quinta-feira (8) e\u00a0o\u00a0\u00f3rg\u00e3o de tr\u00e2nsito de cada estado brasileiro estabelecer\u00e1\u00a0a data de in\u00edcio de implementa\u00e7\u00e3o da nova placa.<\/p>\n<h2 style=\"text-align: justify;\">Placa padr\u00e3o Mercosul<\/h2>\n<p style=\"text-align: justify;\">Com sete caracteres alfanum\u00e9ricos, a placa padr\u00e3o do Mercosul ter\u00e1\u00a0fundo branco e informa\u00e7\u00f5es como bandeira do pa\u00eds e\u00a0do estado, al\u00e9m de logotipo da organiza\u00e7\u00e3o.<\/p>\n<p><span class=\"nome-subassinatura\">Com informa\u00e7\u00f5es da Folha de S. Paulo<\/span><\/p>\n<\/div>\n","protected":false},"excerpt":{"rendered":"<p>Os ve\u00edculos brasileiros\u00a0ter\u00e3o que trocar de placa at\u00e9 2023 para seguir padr\u00e3o do Mercosul. A partir de 1\u00ba de setembro de 2018,\u00a0carros novos j\u00e1 precisar\u00e3o adotar o novo modelo. As informa\u00e7\u00f5es s\u00e3o da Folha de S. Paulo. A determina\u00e7\u00e3o deve ser publicada no Di\u00e1rio Oficial da Uni\u00e3o (DOU) desta quinta-feira (8) e\u00a0o\u00a0\u00f3rg\u00e3o de tr\u00e2nsito de cada estado brasileiro estabelecer\u00e1\u00a0a data de in\u00edcio de implementa\u00e7\u00e3o da nova placa. Placa padr\u00e3o Mercosul Com sete caracteres alfanum\u00e9ricos, a placa padr\u00e3o do Mercosul ter\u00e1\u00a0fundo branco e informa\u00e7\u00f5es como bandeira do pa\u00eds e\u00a0do estado, al\u00e9m de logotipo da organiza\u00e7\u00e3o. Com informa\u00e7\u00f5es da Folha de S. Paulo<\/p>\n","protected":false},"author":1,"featured_media":190808,"comment_status":"closed","ping_status":"closed","sticky":false,"template":"","format":"standard","meta":{"_acf_changed":false,"footnotes":""},"categories":[44],"tags":[],"class_list":["post-190807","post","type-post","status-publish","format-standard","has-post-thumbnail","hentry","category-administracao"],"acf":[],"yoast_head":"<!-- This site is optimized with the Yoast SEO plugin v27.4 - https:\/\/yoast.com\/product\/yoast-seo-wordpress\/ -->\n<title>VE\u00cdCULOS BRASILEIROS TER\u00c3O QUE USAR PLACA PADR\u00c3O DO MERCOSUL - Blog do Farn\u00e9sio<\/title>\n<meta name=\"robots\" content=\"index, follow, max-snippet:-1, max-image-preview:large, max-video-preview:-1\" \/>\n<link rel=\"canonical\" href=\"https:\/\/blogdofarnesio.com.br\/?p=190807\" \/>\n<meta property=\"og:locale\" content=\"pt_BR\" \/>\n<meta property=\"og:type\" content=\"article\" \/>\n<meta property=\"og:title\" content=\"VE\u00cdCULOS BRASILEIROS TER\u00c3O QUE USAR PLACA PADR\u00c3O DO MERCOSUL - Blog do Farn\u00e9sio\" \/>\n<meta property=\"og:description\" content=\"Os ve\u00edculos brasileiros\u00a0ter\u00e3o que trocar de placa at\u00e9 2023 para seguir padr\u00e3o do Mercosul. A partir de 1\u00ba de setembro de 2018,\u00a0carros novos j\u00e1 precisar\u00e3o adotar o novo modelo. As informa\u00e7\u00f5es s\u00e3o da Folha de S. Paulo. A determina\u00e7\u00e3o deve ser publicada no Di\u00e1rio Oficial da Uni\u00e3o (DOU) desta quinta-feira (8) e\u00a0o\u00a0\u00f3rg\u00e3o de tr\u00e2nsito de cada estado brasileiro estabelecer\u00e1\u00a0a data de in\u00edcio de implementa\u00e7\u00e3o da nova placa. Placa padr\u00e3o Mercosul Com sete caracteres alfanum\u00e9ricos, a placa padr\u00e3o do Mercosul ter\u00e1\u00a0fundo branco e informa\u00e7\u00f5es como bandeira do pa\u00eds e\u00a0do estado, al\u00e9m de logotipo da organiza\u00e7\u00e3o. Com informa\u00e7\u00f5es da Folha de S. Paulo\" \/>\n<meta property=\"og:url\" content=\"https:\/\/blogdofarnesio.com.br\/?p=190807\" \/>\n<meta property=\"og:site_name\" content=\"Blog do Farn\u00e9sio\" \/>\n<meta property=\"article:publisher\" content=\"https:\/\/www.facebook.com\/BlogQuerSaberPolitica\/\" \/>\n<meta property=\"article:published_time\" content=\"2018-03-08T19:42:34+00:00\" \/>\n<meta property=\"og:image\" content=\"https:\/\/blogdofarnesio.com.br\/wp-content\/uploads\/2018\/03\/blogqsp-placa-carro.jpg\" \/>\n\t<meta property=\"og:image:width\" content=\"748\" \/>\n\t<meta property=\"og:image:height\" content=\"410\" \/>\n\t<meta property=\"og:image:type\" content=\"image\/jpeg\" \/>\n<meta name=\"author\" content=\"Farn\u00e9sio\" \/>\n<meta name=\"twitter:card\" content=\"summary_large_image\" \/>\n<meta name=\"twitter:label1\" content=\"Escrito por\" \/>\n\t<meta name=\"twitter:data1\" content=\"Farn\u00e9sio\" \/>\n\t<meta name=\"twitter:label2\" content=\"Est. tempo de leitura\" \/>\n\t<meta name=\"twitter:data2\" content=\"1 minuto\" \/>\n<script type=\"application\/ld+json\" class=\"yoast-schema-graph\">{\"@context\":\"https:\\\/\\\/schema.org\",\"@graph\":[{\"@type\":\"Article\",\"@id\":\"https:\\\/\\\/blogdofarnesio.com.br\\\/?p=190807#article\",\"isPartOf\":{\"@id\":\"https:\\\/\\\/blogdofarnesio.com.br\\\/?p=190807\"},\"author\":{\"name\":\"Farn\u00e9sio\",\"@id\":\"https:\\\/\\\/blogdofarnesio.com.br\\\/#\\\/schema\\\/person\\\/301c4acf522bccbfdb45af95b5b906a1\"},\"headline\":\"VE\u00cdCULOS BRASILEIROS TER\u00c3O QUE USAR PLACA PADR\u00c3O DO MERCOSUL\",\"datePublished\":\"2018-03-08T19:42:34+00:00\",\"mainEntityOfPage\":{\"@id\":\"https:\\\/\\\/blogdofarnesio.com.br\\\/?p=190807\"},\"wordCount\":137,\"publisher\":{\"@id\":\"https:\\\/\\\/blogdofarnesio.com.br\\\/#organization\"},\"image\":{\"@id\":\"https:\\\/\\\/blogdofarnesio.com.br\\\/?p=190807#primaryimage\"},\"thumbnailUrl\":\"https:\\\/\\\/blogdofarnesio.com.br\\\/wp-content\\\/uploads\\\/2018\\\/03\\\/blogqsp-placa-carro.jpg\",\"articleSection\":[\"Administra\u00e7\u00e3o\"],\"inLanguage\":\"pt-BR\"},{\"@type\":\"WebPage\",\"@id\":\"https:\\\/\\\/blogdofarnesio.com.br\\\/?p=190807\",\"url\":\"https:\\\/\\\/blogdofarnesio.com.br\\\/?p=190807\",\"name\":\"VE\u00cdCULOS BRASILEIROS TER\u00c3O QUE USAR PLACA PADR\u00c3O DO MERCOSUL - Blog do Farn\u00e9sio\",\"isPartOf\":{\"@id\":\"https:\\\/\\\/blogdofarnesio.com.br\\\/#website\"},\"primaryImageOfPage\":{\"@id\":\"https:\\\/\\\/blogdofarnesio.com.br\\\/?p=190807#primaryimage\"},\"image\":{\"@id\":\"https:\\\/\\\/blogdofarnesio.com.br\\\/?p=190807#primaryimage\"},\"thumbnailUrl\":\"https:\\\/\\\/blogdofarnesio.com.br\\\/wp-content\\\/uploads\\\/2018\\\/03\\\/blogqsp-placa-carro.jpg\",\"datePublished\":\"2018-03-08T19:42:34+00:00\",\"breadcrumb\":{\"@id\":\"https:\\\/\\\/blogdofarnesio.com.br\\\/?p=190807#breadcrumb\"},\"inLanguage\":\"pt-BR\",\"potentialAction\":[{\"@type\":\"ReadAction\",\"target\":[\"https:\\\/\\\/blogdofarnesio.com.br\\\/?p=190807\"]}]},{\"@type\":\"ImageObject\",\"inLanguage\":\"pt-BR\",\"@id\":\"https:\\\/\\\/blogdofarnesio.com.br\\\/?p=190807#primaryimage\",\"url\":\"https:\\\/\\\/blogdofarnesio.com.br\\\/wp-content\\\/uploads\\\/2018\\\/03\\\/blogqsp-placa-carro.jpg\",\"contentUrl\":\"https:\\\/\\\/blogdofarnesio.com.br\\\/wp-content\\\/uploads\\\/2018\\\/03\\\/blogqsp-placa-carro.jpg\",\"width\":748,\"height\":410},{\"@type\":\"BreadcrumbList\",\"@id\":\"https:\\\/\\\/blogdofarnesio.com.br\\\/?p=190807#breadcrumb\",\"itemListElement\":[{\"@type\":\"ListItem\",\"position\":1,\"name\":\"In\u00edcio\",\"item\":\"https:\\\/\\\/blogdofarnesio.com.br\\\/\"},{\"@type\":\"ListItem\",\"position\":2,\"name\":\"VE\u00cdCULOS BRASILEIROS TER\u00c3O QUE USAR PLACA PADR\u00c3O DO MERCOSUL\"}]},{\"@type\":\"WebSite\",\"@id\":\"https:\\\/\\\/blogdofarnesio.com.br\\\/#website\",\"url\":\"https:\\\/\\\/blogdofarnesio.com.br\\\/\",\"name\":\"Blog do Farn\u00e9sio\",\"description\":\"Quer Saber Pol\u00edtica?\",\"publisher\":{\"@id\":\"https:\\\/\\\/blogdofarnesio.com.br\\\/#organization\"},\"potentialAction\":[{\"@type\":\"SearchAction\",\"target\":{\"@type\":\"EntryPoint\",\"urlTemplate\":\"https:\\\/\\\/blogdofarnesio.com.br\\\/?s={search_term_string}\"},\"query-input\":{\"@type\":\"PropertyValueSpecification\",\"valueRequired\":true,\"valueName\":\"search_term_string\"}}],\"inLanguage\":\"pt-BR\"},{\"@type\":\"Organization\",\"@id\":\"https:\\\/\\\/blogdofarnesio.com.br\\\/#organization\",\"name\":\"Blog do Farn\u00e9sio\",\"url\":\"https:\\\/\\\/blogdofarnesio.com.br\\\/\",\"logo\":{\"@type\":\"ImageObject\",\"inLanguage\":\"pt-BR\",\"@id\":\"https:\\\/\\\/blogdofarnesio.com.br\\\/#\\\/schema\\\/logo\\\/image\\\/\",\"url\":\"https:\\\/\\\/blogdofarnesio.com.br\\\/wp-content\\\/uploads\\\/2026\\\/03\\\/cropped-logo_new-1.png\",\"contentUrl\":\"https:\\\/\\\/blogdofarnesio.com.br\\\/wp-content\\\/uploads\\\/2026\\\/03\\\/cropped-logo_new-1.png\",\"width\":881,\"height\":685,\"caption\":\"Blog do Farn\u00e9sio\"},\"image\":{\"@id\":\"https:\\\/\\\/blogdofarnesio.com.br\\\/#\\\/schema\\\/logo\\\/image\\\/\"},\"sameAs\":[\"https:\\\/\\\/www.facebook.com\\\/BlogQuerSaberPolitica\\\/\"]},{\"@type\":\"Person\",\"@id\":\"https:\\\/\\\/blogdofarnesio.com.br\\\/#\\\/schema\\\/person\\\/301c4acf522bccbfdb45af95b5b906a1\",\"name\":\"Farn\u00e9sio\",\"image\":{\"@type\":\"ImageObject\",\"inLanguage\":\"pt-BR\",\"@id\":\"https:\\\/\\\/secure.gravatar.com\\\/avatar\\\/df0c9a14567c056f8ad6876ba5bbd1e3e2c48023eb6807342fc4663adf549f38?s=96&d=mm&r=g\",\"url\":\"https:\\\/\\\/secure.gravatar.com\\\/avatar\\\/df0c9a14567c056f8ad6876ba5bbd1e3e2c48023eb6807342fc4663adf549f38?s=96&d=mm&r=g\",\"contentUrl\":\"https:\\\/\\\/secure.gravatar.com\\\/avatar\\\/df0c9a14567c056f8ad6876ba5bbd1e3e2c48023eb6807342fc4663adf549f38?s=96&d=mm&r=g\",\"caption\":\"Farn\u00e9sio\"},\"sameAs\":[\"https:\\\/\\\/quersaberpolitica.com.br\"],\"url\":\"https:\\\/\\\/blogdofarnesio.com.br\\\/?author=1\"}]}<\/script>\n<!-- \/ Yoast SEO plugin. -->","yoast_head_json":{"title":"VE\u00cdCULOS BRASILEIROS TER\u00c3O QUE USAR PLACA PADR\u00c3O DO MERCOSUL - Blog do Farn\u00e9sio","robots":{"index":"index","follow":"follow","max-snippet":"max-snippet:-1","max-image-preview":"max-image-preview:large","max-video-preview":"max-video-preview:-1"},"canonical":"https:\/\/blogdofarnesio.com.br\/?p=190807","og_locale":"pt_BR","og_type":"article","og_title":"VE\u00cdCULOS BRASILEIROS TER\u00c3O QUE USAR PLACA PADR\u00c3O DO MERCOSUL - Blog do Farn\u00e9sio","og_description":"Os ve\u00edculos brasileiros\u00a0ter\u00e3o que trocar de placa at\u00e9 2023 para seguir padr\u00e3o do Mercosul. A partir de 1\u00ba de setembro de 2018,\u00a0carros novos j\u00e1 precisar\u00e3o adotar o novo modelo. As informa\u00e7\u00f5es s\u00e3o da Folha de S. Paulo. A determina\u00e7\u00e3o deve ser publicada no Di\u00e1rio Oficial da Uni\u00e3o (DOU) desta quinta-feira (8) e\u00a0o\u00a0\u00f3rg\u00e3o de tr\u00e2nsito de cada estado brasileiro estabelecer\u00e1\u00a0a data de in\u00edcio de implementa\u00e7\u00e3o da nova placa. Placa padr\u00e3o Mercosul Com sete caracteres alfanum\u00e9ricos, a placa padr\u00e3o do Mercosul ter\u00e1\u00a0fundo branco e informa\u00e7\u00f5es como bandeira do pa\u00eds e\u00a0do estado, al\u00e9m de logotipo da organiza\u00e7\u00e3o. Com informa\u00e7\u00f5es da Folha de S. Paulo","og_url":"https:\/\/blogdofarnesio.com.br\/?p=190807","og_site_name":"Blog do Farn\u00e9sio","article_publisher":"https:\/\/www.facebook.com\/BlogQuerSaberPolitica\/","article_published_time":"2018-03-08T19:42:34+00:00","og_image":[{"width":748,"height":410,"url":"https:\/\/blogdofarnesio.com.br\/wp-content\/uploads\/2018\/03\/blogqsp-placa-carro.jpg","type":"image\/jpeg"}],"author":"Farn\u00e9sio","twitter_card":"summary_large_image","twitter_misc":{"Escrito por":"Farn\u00e9sio","Est. tempo de leitura":"1 minuto"},"schema":{"@context":"https:\/\/schema.org","@graph":[{"@type":"Article","@id":"https:\/\/blogdofarnesio.com.br\/?p=190807#article","isPartOf":{"@id":"https:\/\/blogdofarnesio.com.br\/?p=190807"},"author":{"name":"Farn\u00e9sio","@id":"https:\/\/blogdofarnesio.com.br\/#\/schema\/person\/301c4acf522bccbfdb45af95b5b906a1"},"headline":"VE\u00cdCULOS BRASILEIROS TER\u00c3O QUE USAR PLACA PADR\u00c3O DO MERCOSUL","datePublished":"2018-03-08T19:42:34+00:00","mainEntityOfPage":{"@id":"https:\/\/blogdofarnesio.com.br\/?p=190807"},"wordCount":137,"publisher":{"@id":"https:\/\/blogdofarnesio.com.br\/#organization"},"image":{"@id":"https:\/\/blogdofarnesio.com.br\/?p=190807#primaryimage"},"thumbnailUrl":"https:\/\/blogdofarnesio.com.br\/wp-content\/uploads\/2018\/03\/blogqsp-placa-carro.jpg","articleSection":["Administra\u00e7\u00e3o"],"inLanguage":"pt-BR"},{"@type":"WebPage","@id":"https:\/\/blogdofarnesio.com.br\/?p=190807","url":"https:\/\/blogdofarnesio.com.br\/?p=190807","name":"VE\u00cdCULOS BRASILEIROS TER\u00c3O QUE USAR PLACA PADR\u00c3O DO MERCOSUL - Blog do Farn\u00e9sio","isPartOf":{"@id":"https:\/\/blogdofarnesio.com.br\/#website"},"primaryImageOfPage":{"@id":"https:\/\/blogdofarnesio.com.br\/?p=190807#primaryimage"},"image":{"@id":"https:\/\/blogdofarnesio.com.br\/?p=190807#primaryimage"},"thumbnailUrl":"https:\/\/blogdofarnesio.com.br\/wp-content\/uploads\/2018\/03\/blogqsp-placa-carro.jpg","datePublished":"2018-03-08T19:42:34+00:00","breadcrumb":{"@id":"https:\/\/blogdofarnesio.com.br\/?p=190807#breadcrumb"},"inLanguage":"pt-BR","potentialAction":[{"@type":"ReadAction","target":["https:\/\/blogdofarnesio.com.br\/?p=190807"]}]},{"@type":"ImageObject","inLanguage":"pt-BR","@id":"https:\/\/blogdofarnesio.com.br\/?p=190807#primaryimage","url":"https:\/\/blogdofarnesio.com.br\/wp-content\/uploads\/2018\/03\/blogqsp-placa-carro.jpg","contentUrl":"https:\/\/blogdofarnesio.com.br\/wp-content\/uploads\/2018\/03\/blogqsp-placa-carro.jpg","width":748,"height":410},{"@type":"BreadcrumbList","@id":"https:\/\/blogdofarnesio.com.br\/?p=190807#breadcrumb","itemListElement":[{"@type":"ListItem","position":1,"name":"In\u00edcio","item":"https:\/\/blogdofarnesio.com.br\/"},{"@type":"ListItem","position":2,"name":"VE\u00cdCULOS BRASILEIROS TER\u00c3O QUE USAR PLACA PADR\u00c3O DO MERCOSUL"}]},{"@type":"WebSite","@id":"https:\/\/blogdofarnesio.com.br\/#website","url":"https:\/\/blogdofarnesio.com.br\/","name":"Blog do Farn\u00e9sio","description":"Quer Saber Pol\u00edtica?","publisher":{"@id":"https:\/\/blogdofarnesio.com.br\/#organization"},"potentialAction":[{"@type":"SearchAction","target":{"@type":"EntryPoint","urlTemplate":"https:\/\/blogdofarnesio.com.br\/?s={search_term_string}"},"query-input":{"@type":"PropertyValueSpecification","valueRequired":true,"valueName":"search_term_string"}}],"inLanguage":"pt-BR"},{"@type":"Organization","@id":"https:\/\/blogdofarnesio.com.br\/#organization","name":"Blog do Farn\u00e9sio","url":"https:\/\/blogdofarnesio.com.br\/","logo":{"@type":"ImageObject","inLanguage":"pt-BR","@id":"https:\/\/blogdofarnesio.com.br\/#\/schema\/logo\/image\/","url":"https:\/\/blogdofarnesio.com.br\/wp-content\/uploads\/2026\/03\/cropped-logo_new-1.png","contentUrl":"https:\/\/blogdofarnesio.com.br\/wp-content\/uploads\/2026\/03\/cropped-logo_new-1.png","width":881,"height":685,"caption":"Blog do Farn\u00e9sio"},"image":{"@id":"https:\/\/blogdofarnesio.com.br\/#\/schema\/logo\/image\/"},"sameAs":["https:\/\/www.facebook.com\/BlogQuerSaberPolitica\/"]},{"@type":"Person","@id":"https:\/\/blogdofarnesio.com.br\/#\/schema\/person\/301c4acf522bccbfdb45af95b5b906a1","name":"Farn\u00e9sio","image":{"@type":"ImageObject","inLanguage":"pt-BR","@id":"https:\/\/secure.gravatar.com\/avatar\/df0c9a14567c056f8ad6876ba5bbd1e3e2c48023eb6807342fc4663adf549f38?s=96&d=mm&r=g","url":"https:\/\/secure.gravatar.com\/avatar\/df0c9a14567c056f8ad6876ba5bbd1e3e2c48023eb6807342fc4663adf549f38?s=96&d=mm&r=g","contentUrl":"https:\/\/secure.gravatar.com\/avatar\/df0c9a14567c056f8ad6876ba5bbd1e3e2c48023eb6807342fc4663adf549f38?s=96&d=mm&r=g","caption":"Farn\u00e9sio"},"sameAs":["https:\/\/quersaberpolitica.com.br"],"url":"https:\/\/blogdofarnesio.com.br\/?author=1"}]}},"_links":{"self":[{"href":"https:\/\/blogdofarnesio.com.br\/index.php?rest_route=\/wp\/v2\/posts\/190807","targetHints":{"allow":["GET"]}}],"collection":[{"href":"https:\/\/blogdofarnesio.com.br\/index.php?rest_route=\/wp\/v2\/posts"}],"about":[{"href":"https:\/\/blogdofarnesio.com.br\/index.php?rest_route=\/wp\/v2\/types\/post"}],"author":[{"embeddable":true,"href":"https:\/\/blogdofarnesio.com.br\/index.php?rest_route=\/wp\/v2\/users\/1"}],"replies":[{"embeddable":true,"href":"https:\/\/blogdofarnesio.com.br\/index.php?rest_route=%2Fwp%2Fv2%2Fcomments&post=190807"}],"version-history":[{"count":0,"href":"https:\/\/blogdofarnesio.com.br\/index.php?rest_route=\/wp\/v2\/posts\/190807\/revisions"}],"wp:featuredmedia":[{"embeddable":true,"href":"https:\/\/blogdofarnesio.com.br\/index.php?rest_route=\/wp\/v2\/media\/190808"}],"wp:attachment":[{"href":"https:\/\/blogdofarnesio.com.br\/index.php?rest_route=%2Fwp%2Fv2%2Fmedia&parent=190807"}],"wp:term":[{"taxonomy":"category","embeddable":true,"href":"https:\/\/blogdofarnesio.com.br\/index.php?rest_route=%2Fwp%2Fv2%2Fcategories&post=190807"},{"taxonomy":"post_tag","embeddable":true,"href":"https:\/\/blogdofarnesio.com.br\/index.php?rest_route=%2Fwp%2Fv2%2Ftags&post=190807"}],"curies":[{"name":"wp","href":"https:\/\/api.w.org\/{rel}","templated":true}]}}