{"id":19059,"date":"2012-11-23T18:00:51","date_gmt":"2012-11-23T18:00:51","guid":{"rendered":"http:\/\/www.quersaberpolitica.com.br?p=19059"},"modified":"-0001-11-30T00:00:00","modified_gmt":"-0001-11-30T03:00:00","slug":"no-dia-nacional-do-combate-ao-cancer-infantil-especialistas-falam-da-importancia-da-prevencao-a-doencas-como-a-leucemia","status":"publish","type":"post","link":"https:\/\/blogdofarnesio.com.br\/?p=19059","title":{"rendered":"No Dia Nacional do Combate ao C\u00e2ncer infantil, especialistas falam da import\u00e2ncia da preven\u00e7\u00e3o a doen\u00e7as como a leucemia"},"content":{"rendered":"<p><p><span style=\"font-family: arial, helvetica, sans-serif; font-size: xx-small;\">Paula Laboissi&egrave;re\/<\/span><span style=\"font-style: italic; font-family: arial, helvetica, sans-serif; font-size: xx-small;\">Rep&oacute;rter da Ag&ecirc;ncia Brasil<\/span><\/p>\n<p style=\"text-align: justify;\"><strong><a rel=\"lightbox\" href=\"http:\/\/www.quersaberpolitica.com.br\/2016\/wp-content\/uploads\/2012\/12\/blogqspcancerinfantilminuto_(1).jpg\"><img loading=\"lazy\" decoding=\"async\" style=\"float: left; margin: 5px 10px;\" src=\"http:\/\/www.quersaberpolitica.com.br\/2016\/wp-content\/uploads\/2012\/12\/blogqspcancerinfantilminuto_(1).jpg\" alt=\"\" width=\"200\" height=\"159\" \/><\/a><\/strong><span style=\"font-size: medium;\"><span style=\"font-family: arial, helvetica, sans-serif;\">Dados do Instituto Nacional do C&acirc;ncer (Inca) indicam que, todos os anos, cerca de 9 mil casos de c&acirc;ncer infantil s&atilde;o detectados no pa&iacute;s. Os tipos mais comuns s&atilde;o a leucemia (doen&ccedil;a maligna dos gl&oacute;bulos brancos) e os linfomas (que se originam nos g&acirc;nglios). A boa not&iacute;cia &eacute; que o diagn&oacute;stico precoce e a quimioterapia, juntos, representam a principal arma contra a doen&ccedil;a e permitem &iacute;ndices de cura que chegam a 80%.<\/span><\/span><\/p>\n<p style=\"text-align: justify;\"><span style=\"font-size: medium;\"><span style=\"font-family: arial, helvetica, sans-serif;\">No Dia Nacional de Combate ao C&acirc;ncer Infantil, lembrado hoje (23), a onco-hematologista e diretora t&eacute;cnica do Hospital da Crian&ccedil;a de Bras&iacute;lia, Isis Magalh&atilde;es, lembrou que a doen&ccedil;a em crian&ccedil;as &eacute; diferente da diagnosticado em adultos. Nas crian&ccedil;as, as c&eacute;lulas malignas s&atilde;o geralmente mais agressivas e crescem de forma r&aacute;pida. Os tumores dificilmente s&atilde;o localizados e o tratamento n&atilde;o pode ser feito com cirurgia, destacou a especialistas, em entrevista &agrave;&nbsp;<strong>Ag&ecirc;ncia Brasil<\/strong>.<\/span><\/span><\/p>\n<p style=\"text-align: justify;\"><span style=\"font-size: medium;\"><span style=\"font-family: arial, helvetica, sans-serif;\">Outra peculiaridade do c&acirc;ncer infantil &eacute; que n&atilde;o h&aacute; forma de preven&ccedil;&atilde;o, uma vez que n&atilde;o &eacute; poss&iacute;vel explicar a raz&atilde;o do surgimento dos tumores. Isis alertou que os sinais da doen&ccedil;a podem ser facilmente confundidos com os de quadros bastante comuns em crian&ccedil;as, como infec&ccedil;&otilde;es. Alguns exemplos s&atilde;o o aparecimento de manchas roxas na pele e anemia. Os sintomas, entretanto, devem se manifestar por um per&iacute;odo superior a duas semanas para causar algum tipo de alerta.<\/span><\/span><\/p>\n<p style=\"text-align: justify;\"><span style=\"font-size: medium;\"><span style=\"font-family: arial, helvetica, sans-serif;\">&#8220;&Eacute; preciso saber identificar quando aquilo est&aacute; passando do limite e quando &eacute; normal. Afinal, qual crian&ccedil;a n&atilde;o tem uma mancha roxa na canela de vez em quando? Dependendo da situa&ccedil;&atilde;o, a lista de sinais causa mais desespero nos pais do que ajuda&#8221;, explicou. A orienta&ccedil;&atilde;o, segundo ela, &eacute; levar que as crian&ccedil;as periodicamente ao pediatra.<\/span><\/span><\/p>\n<p style=\"text-align: justify;\"><span style=\"font-size: medium;\"><span style=\"font-family: arial, helvetica, sans-serif;\">Isis tamb&eacute;m defende que os pr&oacute;prios oncologistas pedi&aacute;tricos orientem profissionais de sa&uacute;de da rede b&aacute;sica sobre os sinais de alerta do c&acirc;ncer infantil. A ideia &eacute; que o pediatra geral e o agente de sa&uacute;de, por exemplo, sejam capazes de ampliar seu pr&oacute;prio grau de suspeita, prescrever exames mais detalhados e, se necess&aacute;rio, encaminhar a crian&ccedil;a ao especialista.<\/span><\/span><\/p>\n<p style=\"text-align: justify;\"><span style=\"font-size: medium;\"><span style=\"font-family: arial, helvetica, sans-serif;\">&#8220;A doen&ccedil;a n&atilde;o d&aacute; tempo para esperar. &Eacute; preciso seguir o protocolo &agrave; risca, porque essa &eacute; a chance da crian&ccedil;a. O primeiro tratamento tem que ser o correto&#8221;, disse. Isis destacou tamb&eacute;m a import&acirc;ncia de centros especializados de c&acirc;ncer infantil, j&aacute; que a doen&ccedil;a precisa ser combatida por equipes multidisplinares, compostas por oncologistas, pediatras, neurologistas, cardiologistas, infectologistas e mesmo psic&oacute;logos, odont&oacute;logos e fisioterapeutas, al&eacute;m do assistente social.<\/span><\/span><\/p>\n<p style=\"text-align: justify;\"><span style=\"font-size: medium;\"><span style=\"font-family: arial, helvetica, sans-serif;\">Luziana Alves de Carvalho, de 29 anos, conhece bem essa rotina de especialistas e exames oncol&oacute;gicos. O filho Madson foi diagnosticado com leucemia pela primeira vez quando tinha apenas 3 anos. Enfrentou sess&otilde;es de quimioterapia, ficou livre da doen&ccedil;a, mas, aos 7 anos, ela voltou. Durante os quatro anos de luta contra o c&acirc;ncer, o menino s&oacute; conseguiu frequentar o primeiro ano da pr&eacute;-escola.<\/span><\/span><\/p>\n<p style=\"text-align: justify;\"><span style=\"font-size: medium;\"><span style=\"font-family: arial, helvetica, sans-serif;\">Antes de iniciar o tratamento na capital federal, a fam&iacute;lia morava no munic&iacute;pio de Santa Maria da Vit&oacute;ria (BA). &#8220;Nunca tinha ouvido falar em leucemia. Nem sabia muito bem o que era o c&acirc;ncer. No interior, n&atilde;o temos essas coisas. Os m&eacute;dicos diziam que ele tinha uma infec&ccedil;&atilde;o na garganta ou uma virose&#8221;, contou Luziana. Os sintomas iniciais apresentados pelo menino eram manchas roxas no corpo, dor de est&ocirc;mago e muito cansa&ccedil;o.<\/span><\/span><\/p>\n<p style=\"text-align: justify;\"><span style=\"font-size: medium;\"><span style=\"font-family: arial, helvetica, sans-serif;\">Atualmente, Madson est&aacute; bem de sa&uacute;de. A pr&oacute;xima sess&atilde;o de quimioterapia est&aacute; prevista para o dia 4 de dezembro e a &uacute;ltima deve se ser em janeiro de 2013. Os planos de Luziana para o Ano-Novo da fam&iacute;lia incluem voltar para a Bahia com o filho curado e matricular o menino na escola. &#8220;Ele sente muita falta de casa e chora pedindo para assistir &agrave; aula. Se Deus quiser, vai dar certo.&#8221;<\/span><\/span><\/p><\/p>\n","protected":false},"excerpt":{"rendered":"<p>Paula Laboissi&egrave;re\/Rep&oacute;rter da Ag&ecirc;ncia Brasil Dados do Instituto Nacional do C&acirc;ncer (Inca) indicam que, todos os anos, cerca de 9 mil casos de c&acirc;ncer infantil s&atilde;o detectados no pa&iacute;s. Os tipos mais comuns s&atilde;o a leucemia (doen&ccedil;a maligna dos gl&oacute;bulos brancos) e os linfomas (que se originam nos g&acirc;nglios). A boa not&iacute;cia &eacute; que o diagn&oacute;stico precoce e a quimioterapia, juntos, representam a principal arma contra a doen&ccedil;a e permitem &iacute;ndices de cura que chegam a 80%. No Dia Nacional de Combate ao C&acirc;ncer Infantil, lembrado hoje (23), a onco-hematologista e diretora t&eacute;cnica do Hospital da Crian&ccedil;a de Bras&iacute;lia, Isis Magalh&atilde;es, lembrou que a doen&ccedil;a em crian&ccedil;as &eacute; diferente da diagnosticado em adultos. Nas crian&ccedil;as, as c&eacute;lulas malignas s&atilde;o geralmente&hellip; <\/p>\n","protected":false},"author":0,"featured_media":0,"comment_status":"open","ping_status":"open","sticky":false,"template":"","format":"standard","meta":{"_acf_changed":false,"footnotes":""},"categories":[3],"tags":[],"class_list":["post-19059","post","type-post","status-publish","format-standard","hentry","category-entretenimento"],"acf":[],"yoast_head":"<!-- This site is optimized with the Yoast SEO plugin v27.4 - https:\/\/yoast.com\/product\/yoast-seo-wordpress\/ -->\n<title>No Dia Nacional do Combate ao C\u00e2ncer infantil, especialistas falam da import\u00e2ncia da preven\u00e7\u00e3o a doen\u00e7as como a leucemia  - Blog do Farn\u00e9sio<\/title>\n<meta name=\"robots\" content=\"index, follow, max-snippet:-1, max-image-preview:large, max-video-preview:-1\" \/>\n<link rel=\"canonical\" href=\"https:\/\/blogdofarnesio.com.br\/?p=19059\" \/>\n<meta property=\"og:locale\" content=\"pt_BR\" \/>\n<meta property=\"og:type\" content=\"article\" \/>\n<meta property=\"og:title\" content=\"No Dia Nacional do Combate ao C\u00e2ncer infantil, especialistas falam da import\u00e2ncia da preven\u00e7\u00e3o a doen\u00e7as como a leucemia  - Blog do Farn\u00e9sio\" \/>\n<meta property=\"og:description\" content=\"Paula Laboissi&egrave;re\/Rep&oacute;rter da Ag&ecirc;ncia Brasil Dados do Instituto Nacional do C&acirc;ncer (Inca) indicam que, todos os anos, cerca de 9 mil casos de c&acirc;ncer infantil s&atilde;o detectados no pa&iacute;s. Os tipos mais comuns s&atilde;o a leucemia (doen&ccedil;a maligna dos gl&oacute;bulos brancos) e os linfomas (que se originam nos g&acirc;nglios). A boa not&iacute;cia &eacute; que o diagn&oacute;stico precoce e a quimioterapia, juntos, representam a principal arma contra a doen&ccedil;a e permitem &iacute;ndices de cura que chegam a 80%. No Dia Nacional de Combate ao C&acirc;ncer Infantil, lembrado hoje (23), a onco-hematologista e diretora t&eacute;cnica do Hospital da Crian&ccedil;a de Bras&iacute;lia, Isis Magalh&atilde;es, lembrou que a doen&ccedil;a em crian&ccedil;as &eacute; diferente da diagnosticado em adultos. Nas crian&ccedil;as, as c&eacute;lulas malignas s&atilde;o geralmente&hellip;\" \/>\n<meta property=\"og:url\" content=\"https:\/\/blogdofarnesio.com.br\/?p=19059\" \/>\n<meta property=\"og:site_name\" content=\"Blog do Farn\u00e9sio\" \/>\n<meta property=\"article:publisher\" content=\"https:\/\/www.facebook.com\/BlogQuerSaberPolitica\/\" \/>\n<meta property=\"article:published_time\" content=\"2012-11-23T18:00:51+00:00\" \/>\n<meta property=\"og:image\" content=\"http:\/\/www.quersaberpolitica.com.br\/2016\/wp-content\/uploads\/2012\/12\/blogqspcancerinfantilminuto_(1).jpg\" \/>\n<meta name=\"twitter:card\" content=\"summary_large_image\" \/>\n<meta name=\"twitter:label1\" content=\"Est. tempo de leitura\" \/>\n\t<meta name=\"twitter:data1\" content=\"4 minutos\" \/>\n<script type=\"application\/ld+json\" class=\"yoast-schema-graph\">{\"@context\":\"https:\\\/\\\/schema.org\",\"@graph\":[{\"@type\":\"Article\",\"@id\":\"https:\\\/\\\/blogdofarnesio.com.br\\\/?p=19059#article\",\"isPartOf\":{\"@id\":\"https:\\\/\\\/blogdofarnesio.com.br\\\/?p=19059\"},\"author\":{\"name\":\"\",\"@id\":\"\"},\"headline\":\"No Dia Nacional do Combate ao C\u00e2ncer infantil, especialistas falam da import\u00e2ncia da preven\u00e7\u00e3o a doen\u00e7as como a leucemia\",\"datePublished\":\"2012-11-23T18:00:51+00:00\",\"mainEntityOfPage\":{\"@id\":\"https:\\\/\\\/blogdofarnesio.com.br\\\/?p=19059\"},\"wordCount\":811,\"commentCount\":0,\"publisher\":{\"@id\":\"https:\\\/\\\/blogdofarnesio.com.br\\\/#organization\"},\"image\":{\"@id\":\"https:\\\/\\\/blogdofarnesio.com.br\\\/?p=19059#primaryimage\"},\"thumbnailUrl\":\"http:\\\/\\\/www.quersaberpolitica.com.br\\\/2016\\\/wp-content\\\/uploads\\\/2012\\\/12\\\/blogqspcancerinfantilminuto_(1).jpg\",\"articleSection\":[\"Entretenimento\"],\"inLanguage\":\"pt-BR\",\"potentialAction\":[{\"@type\":\"CommentAction\",\"name\":\"Comment\",\"target\":[\"https:\\\/\\\/blogdofarnesio.com.br\\\/?p=19059#respond\"]}]},{\"@type\":\"WebPage\",\"@id\":\"https:\\\/\\\/blogdofarnesio.com.br\\\/?p=19059\",\"url\":\"https:\\\/\\\/blogdofarnesio.com.br\\\/?p=19059\",\"name\":\"No Dia Nacional do Combate ao C\u00e2ncer infantil, especialistas falam da import\u00e2ncia da preven\u00e7\u00e3o a doen\u00e7as como a leucemia - Blog do Farn\u00e9sio\",\"isPartOf\":{\"@id\":\"https:\\\/\\\/blogdofarnesio.com.br\\\/#website\"},\"primaryImageOfPage\":{\"@id\":\"https:\\\/\\\/blogdofarnesio.com.br\\\/?p=19059#primaryimage\"},\"image\":{\"@id\":\"https:\\\/\\\/blogdofarnesio.com.br\\\/?p=19059#primaryimage\"},\"thumbnailUrl\":\"http:\\\/\\\/www.quersaberpolitica.com.br\\\/2016\\\/wp-content\\\/uploads\\\/2012\\\/12\\\/blogqspcancerinfantilminuto_(1).jpg\",\"datePublished\":\"2012-11-23T18:00:51+00:00\",\"breadcrumb\":{\"@id\":\"https:\\\/\\\/blogdofarnesio.com.br\\\/?p=19059#breadcrumb\"},\"inLanguage\":\"pt-BR\",\"potentialAction\":[{\"@type\":\"ReadAction\",\"target\":[\"https:\\\/\\\/blogdofarnesio.com.br\\\/?p=19059\"]}]},{\"@type\":\"ImageObject\",\"inLanguage\":\"pt-BR\",\"@id\":\"https:\\\/\\\/blogdofarnesio.com.br\\\/?p=19059#primaryimage\",\"url\":\"http:\\\/\\\/www.quersaberpolitica.com.br\\\/2016\\\/wp-content\\\/uploads\\\/2012\\\/12\\\/blogqspcancerinfantilminuto_(1).jpg\",\"contentUrl\":\"http:\\\/\\\/www.quersaberpolitica.com.br\\\/2016\\\/wp-content\\\/uploads\\\/2012\\\/12\\\/blogqspcancerinfantilminuto_(1).jpg\"},{\"@type\":\"BreadcrumbList\",\"@id\":\"https:\\\/\\\/blogdofarnesio.com.br\\\/?p=19059#breadcrumb\",\"itemListElement\":[{\"@type\":\"ListItem\",\"position\":1,\"name\":\"In\u00edcio\",\"item\":\"https:\\\/\\\/blogdofarnesio.com.br\\\/\"},{\"@type\":\"ListItem\",\"position\":2,\"name\":\"No Dia Nacional do Combate ao C\u00e2ncer infantil, especialistas falam da import\u00e2ncia da preven\u00e7\u00e3o a doen\u00e7as como a leucemia\"}]},{\"@type\":\"WebSite\",\"@id\":\"https:\\\/\\\/blogdofarnesio.com.br\\\/#website\",\"url\":\"https:\\\/\\\/blogdofarnesio.com.br\\\/\",\"name\":\"Blog do Farn\u00e9sio\",\"description\":\"Quer Saber Pol\u00edtica?\",\"publisher\":{\"@id\":\"https:\\\/\\\/blogdofarnesio.com.br\\\/#organization\"},\"potentialAction\":[{\"@type\":\"SearchAction\",\"target\":{\"@type\":\"EntryPoint\",\"urlTemplate\":\"https:\\\/\\\/blogdofarnesio.com.br\\\/?s={search_term_string}\"},\"query-input\":{\"@type\":\"PropertyValueSpecification\",\"valueRequired\":true,\"valueName\":\"search_term_string\"}}],\"inLanguage\":\"pt-BR\"},{\"@type\":\"Organization\",\"@id\":\"https:\\\/\\\/blogdofarnesio.com.br\\\/#organization\",\"name\":\"Blog do Farn\u00e9sio\",\"url\":\"https:\\\/\\\/blogdofarnesio.com.br\\\/\",\"logo\":{\"@type\":\"ImageObject\",\"inLanguage\":\"pt-BR\",\"@id\":\"https:\\\/\\\/blogdofarnesio.com.br\\\/#\\\/schema\\\/logo\\\/image\\\/\",\"url\":\"https:\\\/\\\/blogdofarnesio.com.br\\\/wp-content\\\/uploads\\\/2026\\\/03\\\/cropped-logo_new-1.png\",\"contentUrl\":\"https:\\\/\\\/blogdofarnesio.com.br\\\/wp-content\\\/uploads\\\/2026\\\/03\\\/cropped-logo_new-1.png\",\"width\":881,\"height\":685,\"caption\":\"Blog do Farn\u00e9sio\"},\"image\":{\"@id\":\"https:\\\/\\\/blogdofarnesio.com.br\\\/#\\\/schema\\\/logo\\\/image\\\/\"},\"sameAs\":[\"https:\\\/\\\/www.facebook.com\\\/BlogQuerSaberPolitica\\\/\"]}]}<\/script>\n<!-- \/ Yoast SEO plugin. -->","yoast_head_json":{"title":"No Dia Nacional do Combate ao C\u00e2ncer infantil, especialistas falam da import\u00e2ncia da preven\u00e7\u00e3o a doen\u00e7as como a leucemia  - Blog do Farn\u00e9sio","robots":{"index":"index","follow":"follow","max-snippet":"max-snippet:-1","max-image-preview":"max-image-preview:large","max-video-preview":"max-video-preview:-1"},"canonical":"https:\/\/blogdofarnesio.com.br\/?p=19059","og_locale":"pt_BR","og_type":"article","og_title":"No Dia Nacional do Combate ao C\u00e2ncer infantil, especialistas falam da import\u00e2ncia da preven\u00e7\u00e3o a doen\u00e7as como a leucemia  - Blog do Farn\u00e9sio","og_description":"Paula Laboissi&egrave;re\/Rep&oacute;rter da Ag&ecirc;ncia Brasil Dados do Instituto Nacional do C&acirc;ncer (Inca) indicam que, todos os anos, cerca de 9 mil casos de c&acirc;ncer infantil s&atilde;o detectados no pa&iacute;s. Os tipos mais comuns s&atilde;o a leucemia (doen&ccedil;a maligna dos gl&oacute;bulos brancos) e os linfomas (que se originam nos g&acirc;nglios). A boa not&iacute;cia &eacute; que o diagn&oacute;stico precoce e a quimioterapia, juntos, representam a principal arma contra a doen&ccedil;a e permitem &iacute;ndices de cura que chegam a 80%. No Dia Nacional de Combate ao C&acirc;ncer Infantil, lembrado hoje (23), a onco-hematologista e diretora t&eacute;cnica do Hospital da Crian&ccedil;a de Bras&iacute;lia, Isis Magalh&atilde;es, lembrou que a doen&ccedil;a em crian&ccedil;as &eacute; diferente da diagnosticado em adultos. Nas crian&ccedil;as, as c&eacute;lulas malignas s&atilde;o geralmente&hellip;","og_url":"https:\/\/blogdofarnesio.com.br\/?p=19059","og_site_name":"Blog do Farn\u00e9sio","article_publisher":"https:\/\/www.facebook.com\/BlogQuerSaberPolitica\/","article_published_time":"2012-11-23T18:00:51+00:00","og_image":[{"url":"http:\/\/www.quersaberpolitica.com.br\/2016\/wp-content\/uploads\/2012\/12\/blogqspcancerinfantilminuto_(1).jpg","type":"","width":"","height":""}],"twitter_card":"summary_large_image","twitter_misc":{"Est. tempo de leitura":"4 minutos"},"schema":{"@context":"https:\/\/schema.org","@graph":[{"@type":"Article","@id":"https:\/\/blogdofarnesio.com.br\/?p=19059#article","isPartOf":{"@id":"https:\/\/blogdofarnesio.com.br\/?p=19059"},"author":{"name":"","@id":""},"headline":"No Dia Nacional do Combate ao C\u00e2ncer infantil, especialistas falam da import\u00e2ncia da preven\u00e7\u00e3o a doen\u00e7as como a leucemia","datePublished":"2012-11-23T18:00:51+00:00","mainEntityOfPage":{"@id":"https:\/\/blogdofarnesio.com.br\/?p=19059"},"wordCount":811,"commentCount":0,"publisher":{"@id":"https:\/\/blogdofarnesio.com.br\/#organization"},"image":{"@id":"https:\/\/blogdofarnesio.com.br\/?p=19059#primaryimage"},"thumbnailUrl":"http:\/\/www.quersaberpolitica.com.br\/2016\/wp-content\/uploads\/2012\/12\/blogqspcancerinfantilminuto_(1).jpg","articleSection":["Entretenimento"],"inLanguage":"pt-BR","potentialAction":[{"@type":"CommentAction","name":"Comment","target":["https:\/\/blogdofarnesio.com.br\/?p=19059#respond"]}]},{"@type":"WebPage","@id":"https:\/\/blogdofarnesio.com.br\/?p=19059","url":"https:\/\/blogdofarnesio.com.br\/?p=19059","name":"No Dia Nacional do Combate ao C\u00e2ncer infantil, especialistas falam da import\u00e2ncia da preven\u00e7\u00e3o a doen\u00e7as como a leucemia - Blog do Farn\u00e9sio","isPartOf":{"@id":"https:\/\/blogdofarnesio.com.br\/#website"},"primaryImageOfPage":{"@id":"https:\/\/blogdofarnesio.com.br\/?p=19059#primaryimage"},"image":{"@id":"https:\/\/blogdofarnesio.com.br\/?p=19059#primaryimage"},"thumbnailUrl":"http:\/\/www.quersaberpolitica.com.br\/2016\/wp-content\/uploads\/2012\/12\/blogqspcancerinfantilminuto_(1).jpg","datePublished":"2012-11-23T18:00:51+00:00","breadcrumb":{"@id":"https:\/\/blogdofarnesio.com.br\/?p=19059#breadcrumb"},"inLanguage":"pt-BR","potentialAction":[{"@type":"ReadAction","target":["https:\/\/blogdofarnesio.com.br\/?p=19059"]}]},{"@type":"ImageObject","inLanguage":"pt-BR","@id":"https:\/\/blogdofarnesio.com.br\/?p=19059#primaryimage","url":"http:\/\/www.quersaberpolitica.com.br\/2016\/wp-content\/uploads\/2012\/12\/blogqspcancerinfantilminuto_(1).jpg","contentUrl":"http:\/\/www.quersaberpolitica.com.br\/2016\/wp-content\/uploads\/2012\/12\/blogqspcancerinfantilminuto_(1).jpg"},{"@type":"BreadcrumbList","@id":"https:\/\/blogdofarnesio.com.br\/?p=19059#breadcrumb","itemListElement":[{"@type":"ListItem","position":1,"name":"In\u00edcio","item":"https:\/\/blogdofarnesio.com.br\/"},{"@type":"ListItem","position":2,"name":"No Dia Nacional do Combate ao C\u00e2ncer infantil, especialistas falam da import\u00e2ncia da preven\u00e7\u00e3o a doen\u00e7as como a leucemia"}]},{"@type":"WebSite","@id":"https:\/\/blogdofarnesio.com.br\/#website","url":"https:\/\/blogdofarnesio.com.br\/","name":"Blog do Farn\u00e9sio","description":"Quer Saber Pol\u00edtica?","publisher":{"@id":"https:\/\/blogdofarnesio.com.br\/#organization"},"potentialAction":[{"@type":"SearchAction","target":{"@type":"EntryPoint","urlTemplate":"https:\/\/blogdofarnesio.com.br\/?s={search_term_string}"},"query-input":{"@type":"PropertyValueSpecification","valueRequired":true,"valueName":"search_term_string"}}],"inLanguage":"pt-BR"},{"@type":"Organization","@id":"https:\/\/blogdofarnesio.com.br\/#organization","name":"Blog do Farn\u00e9sio","url":"https:\/\/blogdofarnesio.com.br\/","logo":{"@type":"ImageObject","inLanguage":"pt-BR","@id":"https:\/\/blogdofarnesio.com.br\/#\/schema\/logo\/image\/","url":"https:\/\/blogdofarnesio.com.br\/wp-content\/uploads\/2026\/03\/cropped-logo_new-1.png","contentUrl":"https:\/\/blogdofarnesio.com.br\/wp-content\/uploads\/2026\/03\/cropped-logo_new-1.png","width":881,"height":685,"caption":"Blog do Farn\u00e9sio"},"image":{"@id":"https:\/\/blogdofarnesio.com.br\/#\/schema\/logo\/image\/"},"sameAs":["https:\/\/www.facebook.com\/BlogQuerSaberPolitica\/"]}]}},"_links":{"self":[{"href":"https:\/\/blogdofarnesio.com.br\/index.php?rest_route=\/wp\/v2\/posts\/19059","targetHints":{"allow":["GET"]}}],"collection":[{"href":"https:\/\/blogdofarnesio.com.br\/index.php?rest_route=\/wp\/v2\/posts"}],"about":[{"href":"https:\/\/blogdofarnesio.com.br\/index.php?rest_route=\/wp\/v2\/types\/post"}],"replies":[{"embeddable":true,"href":"https:\/\/blogdofarnesio.com.br\/index.php?rest_route=%2Fwp%2Fv2%2Fcomments&post=19059"}],"version-history":[{"count":0,"href":"https:\/\/blogdofarnesio.com.br\/index.php?rest_route=\/wp\/v2\/posts\/19059\/revisions"}],"wp:attachment":[{"href":"https:\/\/blogdofarnesio.com.br\/index.php?rest_route=%2Fwp%2Fv2%2Fmedia&parent=19059"}],"wp:term":[{"taxonomy":"category","embeddable":true,"href":"https:\/\/blogdofarnesio.com.br\/index.php?rest_route=%2Fwp%2Fv2%2Fcategories&post=19059"},{"taxonomy":"post_tag","embeddable":true,"href":"https:\/\/blogdofarnesio.com.br\/index.php?rest_route=%2Fwp%2Fv2%2Ftags&post=19059"}],"curies":[{"name":"wp","href":"https:\/\/api.w.org\/{rel}","templated":true}]}}