{"id":190300,"date":"2018-03-03T17:00:05","date_gmt":"2018-03-03T20:00:05","guid":{"rendered":"http:\/\/quersaberpolitica.com.br\/2016\/?p=190300"},"modified":"2018-03-03T15:09:18","modified_gmt":"2018-03-03T18:09:18","slug":"bate-boca-pre-eleitoral-nao-vou-me-calar-contra-calunia-mentira-e-injustica-diz-rui-costa-sobre-criticas-de-acm-neto","status":"publish","type":"post","link":"https:\/\/blogdofarnesio.com.br\/?p=190300","title":{"rendered":"BATE-BOCA PR\u00c9 ELEITORAL: &#8216;N\u00c3O VOU ME CALAR CONTRA CAL\u00daNIA, MENTIRA E INJUSTI\u00c7A&#8217;, DIZ RUI COSTA SOBRE CR\u00cdTICAS DE ACM NETO"},"content":{"rendered":"<div class=\"box-title\">\n<p>por Bruno Luiz \/ Ana Cely Lopes<\/p>\n<\/div>\n<div class=\"box-body\">\n<div class=\"text-center\"><\/div>\n<div class=\"text-descricao\">\n<p>Ap\u00f3s\u00a0<a href=\"http:\/\/www.bahianoticias.com.br\/noticia\/219012-rui-pede-cpi-de-obras-na-barra-e-emprestimos-consignados-da-prefeitura.html\" target=\"_blank\" rel=\"noopener\">pedir<\/a>\u00a0que a Assembleia Legislativa da Bahia (AL-BA) crie CPIs para apurar ind\u00edcios de desvios de recursos nas obras da Barra e nos empr\u00e9stimos consignados concedidos pela prefeitura de Salvador, o governador Rui Costa (PT) disse neste s\u00e1bado (03) que &#8216;intensificou&#8217; o discurso contra o prefeito ACM Neto (DEM) porque nunca aceitou injusti\u00e7a.<\/p>\n<p>&#8220;Eu lutei em toda minha vida contra mentira, injusti\u00e7a e cal\u00fania. N\u00e3o vai ser agora que eu sou governador que vou me calar&#8221;, disse. O coment\u00e1rio foi feito durante coletiva de inaugura\u00e7\u00e3o do novo trecho da Linha Azul, que liga a Avenida Gal Costa \u00e0 Avenida Pinto de Aguiar (<a href=\"http:\/\/www.bahianoticias.com.br\/noticia\/219115-ligacao-entre-pinto-de-aguiar-e-gal-costa-sera-feita-por-tuneis-na-paralela.html\">veja<\/a>). \u201cInfelizmente o Brasil est\u00e1 de cabe\u00e7a para baixo, as pessoas j\u00e1 n\u00e3o se comportam como deveriam se comportar nas fun\u00e7\u00f5es p\u00fablicas. Infelizmente, gente que deveria ser isenta, serena para apurar, julgar e at\u00e9 punir aqueles que s\u00e3o culpados hoje vestem camisa de partido politico&#8221;, criticou.<\/p>\n<p>Neto j\u00e1 havia recha\u00e7ado os coment\u00e1rios de Rui Costa e dito que a Secretaria de Seguran\u00e7a P\u00fablica (SSP) est\u00e1 apurando \u201cindevidamente\u201d as supostas irregularidades na Barra (<a href=\"http:\/\/www.bahianoticias.com.br\/noticia\/219055-neto-diz-que-ssp-investiga-indevidamente-obras-na-barra-e-chama-rui-de-soberbo.html\">leia aqui<\/a>). Em rela\u00e7\u00e3o a isso, Rui reafirmou que &#8220;ningu\u00e9m est\u00e1 acima da lei, nenhum brasileiro&#8221; e que o Brasil que ele sonha \u00e9 um que se compare a pa\u00edses como Alemanha, Fran\u00e7a, Sui\u00e7a, Su\u00e9cia e \u00a0Holanda. &#8220;L\u00e1 a gente n\u00e3o assistiria isso que assiste aqui, com absoluta certeza, essas cenas n\u00e3o ajudam a construir um pa\u00eds melhor. \u00c9 por isso que eu me indignei essa semana&#8221;, completou o governador.<\/p>\n<\/div>\n<\/div>\n","protected":false},"excerpt":{"rendered":"<p>por Bruno Luiz \/ Ana Cely Lopes Ap\u00f3s\u00a0pedir\u00a0que a Assembleia Legislativa da Bahia (AL-BA) crie CPIs para apurar ind\u00edcios de desvios de recursos nas obras da Barra e nos empr\u00e9stimos consignados concedidos pela prefeitura de Salvador, o governador Rui Costa (PT) disse neste s\u00e1bado (03) que &#8216;intensificou&#8217; o discurso contra o prefeito ACM Neto (DEM) porque nunca aceitou injusti\u00e7a. &#8220;Eu lutei em toda minha vida contra mentira, injusti\u00e7a e cal\u00fania. N\u00e3o vai ser agora que eu sou governador que vou me calar&#8221;, disse. O coment\u00e1rio foi feito durante coletiva de inaugura\u00e7\u00e3o do novo trecho da Linha Azul, que liga a Avenida Gal Costa \u00e0 Avenida Pinto de Aguiar (veja). \u201cInfelizmente o Brasil est\u00e1 de cabe\u00e7a para baixo, as pessoas j\u00e1&hellip; <\/p>\n","protected":false},"author":1,"featured_media":156217,"comment_status":"closed","ping_status":"closed","sticky":false,"template":"","format":"standard","meta":{"_acf_changed":false,"footnotes":""},"categories":[1],"tags":[],"class_list":["post-190300","post","type-post","status-publish","format-standard","has-post-thumbnail","hentry","category-politica"],"acf":[],"yoast_head":"<!-- This site is optimized with the Yoast SEO plugin v27.4 - https:\/\/yoast.com\/product\/yoast-seo-wordpress\/ -->\n<title>BATE-BOCA PR\u00c9 ELEITORAL: &#039;N\u00c3O VOU ME CALAR CONTRA CAL\u00daNIA, MENTIRA E INJUSTI\u00c7A&#039;, DIZ RUI COSTA SOBRE CR\u00cdTICAS DE ACM NETO - Blog do Farn\u00e9sio<\/title>\n<meta name=\"robots\" content=\"index, follow, max-snippet:-1, max-image-preview:large, max-video-preview:-1\" \/>\n<link rel=\"canonical\" href=\"https:\/\/blogdofarnesio.com.br\/?p=190300\" \/>\n<meta property=\"og:locale\" content=\"pt_BR\" \/>\n<meta property=\"og:type\" content=\"article\" \/>\n<meta property=\"og:title\" content=\"BATE-BOCA PR\u00c9 ELEITORAL: &#039;N\u00c3O VOU ME CALAR CONTRA CAL\u00daNIA, MENTIRA E INJUSTI\u00c7A&#039;, DIZ RUI COSTA SOBRE CR\u00cdTICAS DE ACM NETO - Blog do Farn\u00e9sio\" \/>\n<meta property=\"og:description\" content=\"por Bruno Luiz \/ Ana Cely Lopes Ap\u00f3s\u00a0pedir\u00a0que a Assembleia Legislativa da Bahia (AL-BA) crie CPIs para apurar ind\u00edcios de desvios de recursos nas obras da Barra e nos empr\u00e9stimos consignados concedidos pela prefeitura de Salvador, o governador Rui Costa (PT) disse neste s\u00e1bado (03) que &#8216;intensificou&#8217; o discurso contra o prefeito ACM Neto (DEM) porque nunca aceitou injusti\u00e7a. &#8220;Eu lutei em toda minha vida contra mentira, injusti\u00e7a e cal\u00fania. N\u00e3o vai ser agora que eu sou governador que vou me calar&#8221;, disse. O coment\u00e1rio foi feito durante coletiva de inaugura\u00e7\u00e3o do novo trecho da Linha Azul, que liga a Avenida Gal Costa \u00e0 Avenida Pinto de Aguiar (veja). \u201cInfelizmente o Brasil est\u00e1 de cabe\u00e7a para baixo, as pessoas j\u00e1&hellip;\" \/>\n<meta property=\"og:url\" content=\"https:\/\/blogdofarnesio.com.br\/?p=190300\" \/>\n<meta property=\"og:site_name\" content=\"Blog do Farn\u00e9sio\" \/>\n<meta property=\"article:publisher\" content=\"https:\/\/www.facebook.com\/BlogQuerSaberPolitica\/\" \/>\n<meta property=\"article:published_time\" content=\"2018-03-03T20:00:05+00:00\" \/>\n<meta property=\"og:image\" content=\"https:\/\/blogdofarnesio.com.br\/wp-content\/uploads\/2017\/02\/blogqsp-rui-acm.jpg\" \/>\n\t<meta property=\"og:image:width\" content=\"380\" \/>\n\t<meta property=\"og:image:height\" content=\"280\" \/>\n\t<meta property=\"og:image:type\" content=\"image\/jpeg\" \/>\n<meta name=\"author\" content=\"Farn\u00e9sio\" \/>\n<meta name=\"twitter:card\" content=\"summary_large_image\" \/>\n<meta name=\"twitter:label1\" content=\"Escrito por\" \/>\n\t<meta name=\"twitter:data1\" content=\"Farn\u00e9sio\" \/>\n\t<meta name=\"twitter:label2\" content=\"Est. tempo de leitura\" \/>\n\t<meta name=\"twitter:data2\" content=\"1 minuto\" \/>\n<script type=\"application\/ld+json\" class=\"yoast-schema-graph\">{\"@context\":\"https:\\\/\\\/schema.org\",\"@graph\":[{\"@type\":\"Article\",\"@id\":\"https:\\\/\\\/blogdofarnesio.com.br\\\/?p=190300#article\",\"isPartOf\":{\"@id\":\"https:\\\/\\\/blogdofarnesio.com.br\\\/?p=190300\"},\"author\":{\"name\":\"Farn\u00e9sio\",\"@id\":\"https:\\\/\\\/blogdofarnesio.com.br\\\/#\\\/schema\\\/person\\\/301c4acf522bccbfdb45af95b5b906a1\"},\"headline\":\"BATE-BOCA PR\u00c9 ELEITORAL: &#8216;N\u00c3O VOU ME CALAR CONTRA CAL\u00daNIA, MENTIRA E INJUSTI\u00c7A&#8217;, DIZ RUI COSTA SOBRE CR\u00cdTICAS DE ACM NETO\",\"datePublished\":\"2018-03-03T20:00:05+00:00\",\"mainEntityOfPage\":{\"@id\":\"https:\\\/\\\/blogdofarnesio.com.br\\\/?p=190300\"},\"wordCount\":299,\"publisher\":{\"@id\":\"https:\\\/\\\/blogdofarnesio.com.br\\\/#organization\"},\"image\":{\"@id\":\"https:\\\/\\\/blogdofarnesio.com.br\\\/?p=190300#primaryimage\"},\"thumbnailUrl\":\"https:\\\/\\\/blogdofarnesio.com.br\\\/wp-content\\\/uploads\\\/2017\\\/02\\\/blogqsp-rui-acm.jpg\",\"articleSection\":[\"Pol\u00edtica\"],\"inLanguage\":\"pt-BR\"},{\"@type\":\"WebPage\",\"@id\":\"https:\\\/\\\/blogdofarnesio.com.br\\\/?p=190300\",\"url\":\"https:\\\/\\\/blogdofarnesio.com.br\\\/?p=190300\",\"name\":\"BATE-BOCA PR\u00c9 ELEITORAL: 'N\u00c3O VOU ME CALAR CONTRA CAL\u00daNIA, MENTIRA E INJUSTI\u00c7A', DIZ RUI COSTA SOBRE CR\u00cdTICAS DE ACM NETO - Blog do Farn\u00e9sio\",\"isPartOf\":{\"@id\":\"https:\\\/\\\/blogdofarnesio.com.br\\\/#website\"},\"primaryImageOfPage\":{\"@id\":\"https:\\\/\\\/blogdofarnesio.com.br\\\/?p=190300#primaryimage\"},\"image\":{\"@id\":\"https:\\\/\\\/blogdofarnesio.com.br\\\/?p=190300#primaryimage\"},\"thumbnailUrl\":\"https:\\\/\\\/blogdofarnesio.com.br\\\/wp-content\\\/uploads\\\/2017\\\/02\\\/blogqsp-rui-acm.jpg\",\"datePublished\":\"2018-03-03T20:00:05+00:00\",\"breadcrumb\":{\"@id\":\"https:\\\/\\\/blogdofarnesio.com.br\\\/?p=190300#breadcrumb\"},\"inLanguage\":\"pt-BR\",\"potentialAction\":[{\"@type\":\"ReadAction\",\"target\":[\"https:\\\/\\\/blogdofarnesio.com.br\\\/?p=190300\"]}]},{\"@type\":\"ImageObject\",\"inLanguage\":\"pt-BR\",\"@id\":\"https:\\\/\\\/blogdofarnesio.com.br\\\/?p=190300#primaryimage\",\"url\":\"https:\\\/\\\/blogdofarnesio.com.br\\\/wp-content\\\/uploads\\\/2017\\\/02\\\/blogqsp-rui-acm.jpg\",\"contentUrl\":\"https:\\\/\\\/blogdofarnesio.com.br\\\/wp-content\\\/uploads\\\/2017\\\/02\\\/blogqsp-rui-acm.jpg\",\"width\":380,\"height\":280,\"caption\":\"ACM Neto e Rui Costa na lavagem do Bonfim\"},{\"@type\":\"BreadcrumbList\",\"@id\":\"https:\\\/\\\/blogdofarnesio.com.br\\\/?p=190300#breadcrumb\",\"itemListElement\":[{\"@type\":\"ListItem\",\"position\":1,\"name\":\"In\u00edcio\",\"item\":\"https:\\\/\\\/blogdofarnesio.com.br\\\/\"},{\"@type\":\"ListItem\",\"position\":2,\"name\":\"BATE-BOCA PR\u00c9 ELEITORAL: &#8216;N\u00c3O VOU ME CALAR CONTRA CAL\u00daNIA, MENTIRA E INJUSTI\u00c7A&#8217;, DIZ RUI COSTA SOBRE CR\u00cdTICAS DE ACM NETO\"}]},{\"@type\":\"WebSite\",\"@id\":\"https:\\\/\\\/blogdofarnesio.com.br\\\/#website\",\"url\":\"https:\\\/\\\/blogdofarnesio.com.br\\\/\",\"name\":\"Blog do Farn\u00e9sio\",\"description\":\"Quer Saber Pol\u00edtica?\",\"publisher\":{\"@id\":\"https:\\\/\\\/blogdofarnesio.com.br\\\/#organization\"},\"potentialAction\":[{\"@type\":\"SearchAction\",\"target\":{\"@type\":\"EntryPoint\",\"urlTemplate\":\"https:\\\/\\\/blogdofarnesio.com.br\\\/?s={search_term_string}\"},\"query-input\":{\"@type\":\"PropertyValueSpecification\",\"valueRequired\":true,\"valueName\":\"search_term_string\"}}],\"inLanguage\":\"pt-BR\"},{\"@type\":\"Organization\",\"@id\":\"https:\\\/\\\/blogdofarnesio.com.br\\\/#organization\",\"name\":\"Blog do Farn\u00e9sio\",\"url\":\"https:\\\/\\\/blogdofarnesio.com.br\\\/\",\"logo\":{\"@type\":\"ImageObject\",\"inLanguage\":\"pt-BR\",\"@id\":\"https:\\\/\\\/blogdofarnesio.com.br\\\/#\\\/schema\\\/logo\\\/image\\\/\",\"url\":\"https:\\\/\\\/blogdofarnesio.com.br\\\/wp-content\\\/uploads\\\/2026\\\/03\\\/cropped-logo_new-1.png\",\"contentUrl\":\"https:\\\/\\\/blogdofarnesio.com.br\\\/wp-content\\\/uploads\\\/2026\\\/03\\\/cropped-logo_new-1.png\",\"width\":881,\"height\":685,\"caption\":\"Blog do Farn\u00e9sio\"},\"image\":{\"@id\":\"https:\\\/\\\/blogdofarnesio.com.br\\\/#\\\/schema\\\/logo\\\/image\\\/\"},\"sameAs\":[\"https:\\\/\\\/www.facebook.com\\\/BlogQuerSaberPolitica\\\/\"]},{\"@type\":\"Person\",\"@id\":\"https:\\\/\\\/blogdofarnesio.com.br\\\/#\\\/schema\\\/person\\\/301c4acf522bccbfdb45af95b5b906a1\",\"name\":\"Farn\u00e9sio\",\"image\":{\"@type\":\"ImageObject\",\"inLanguage\":\"pt-BR\",\"@id\":\"https:\\\/\\\/secure.gravatar.com\\\/avatar\\\/df0c9a14567c056f8ad6876ba5bbd1e3e2c48023eb6807342fc4663adf549f38?s=96&d=mm&r=g\",\"url\":\"https:\\\/\\\/secure.gravatar.com\\\/avatar\\\/df0c9a14567c056f8ad6876ba5bbd1e3e2c48023eb6807342fc4663adf549f38?s=96&d=mm&r=g\",\"contentUrl\":\"https:\\\/\\\/secure.gravatar.com\\\/avatar\\\/df0c9a14567c056f8ad6876ba5bbd1e3e2c48023eb6807342fc4663adf549f38?s=96&d=mm&r=g\",\"caption\":\"Farn\u00e9sio\"},\"sameAs\":[\"https:\\\/\\\/quersaberpolitica.com.br\"],\"url\":\"https:\\\/\\\/blogdofarnesio.com.br\\\/?author=1\"}]}<\/script>\n<!-- \/ Yoast SEO plugin. -->","yoast_head_json":{"title":"BATE-BOCA PR\u00c9 ELEITORAL: 'N\u00c3O VOU ME CALAR CONTRA CAL\u00daNIA, MENTIRA E INJUSTI\u00c7A', DIZ RUI COSTA SOBRE CR\u00cdTICAS DE ACM NETO - Blog do Farn\u00e9sio","robots":{"index":"index","follow":"follow","max-snippet":"max-snippet:-1","max-image-preview":"max-image-preview:large","max-video-preview":"max-video-preview:-1"},"canonical":"https:\/\/blogdofarnesio.com.br\/?p=190300","og_locale":"pt_BR","og_type":"article","og_title":"BATE-BOCA PR\u00c9 ELEITORAL: 'N\u00c3O VOU ME CALAR CONTRA CAL\u00daNIA, MENTIRA E INJUSTI\u00c7A', DIZ RUI COSTA SOBRE CR\u00cdTICAS DE ACM NETO - Blog do Farn\u00e9sio","og_description":"por Bruno Luiz \/ Ana Cely Lopes Ap\u00f3s\u00a0pedir\u00a0que a Assembleia Legislativa da Bahia (AL-BA) crie CPIs para apurar ind\u00edcios de desvios de recursos nas obras da Barra e nos empr\u00e9stimos consignados concedidos pela prefeitura de Salvador, o governador Rui Costa (PT) disse neste s\u00e1bado (03) que &#8216;intensificou&#8217; o discurso contra o prefeito ACM Neto (DEM) porque nunca aceitou injusti\u00e7a. &#8220;Eu lutei em toda minha vida contra mentira, injusti\u00e7a e cal\u00fania. N\u00e3o vai ser agora que eu sou governador que vou me calar&#8221;, disse. O coment\u00e1rio foi feito durante coletiva de inaugura\u00e7\u00e3o do novo trecho da Linha Azul, que liga a Avenida Gal Costa \u00e0 Avenida Pinto de Aguiar (veja). \u201cInfelizmente o Brasil est\u00e1 de cabe\u00e7a para baixo, as pessoas j\u00e1&hellip;","og_url":"https:\/\/blogdofarnesio.com.br\/?p=190300","og_site_name":"Blog do Farn\u00e9sio","article_publisher":"https:\/\/www.facebook.com\/BlogQuerSaberPolitica\/","article_published_time":"2018-03-03T20:00:05+00:00","og_image":[{"width":380,"height":280,"url":"https:\/\/blogdofarnesio.com.br\/wp-content\/uploads\/2017\/02\/blogqsp-rui-acm.jpg","type":"image\/jpeg"}],"author":"Farn\u00e9sio","twitter_card":"summary_large_image","twitter_misc":{"Escrito por":"Farn\u00e9sio","Est. tempo de leitura":"1 minuto"},"schema":{"@context":"https:\/\/schema.org","@graph":[{"@type":"Article","@id":"https:\/\/blogdofarnesio.com.br\/?p=190300#article","isPartOf":{"@id":"https:\/\/blogdofarnesio.com.br\/?p=190300"},"author":{"name":"Farn\u00e9sio","@id":"https:\/\/blogdofarnesio.com.br\/#\/schema\/person\/301c4acf522bccbfdb45af95b5b906a1"},"headline":"BATE-BOCA PR\u00c9 ELEITORAL: &#8216;N\u00c3O VOU ME CALAR CONTRA CAL\u00daNIA, MENTIRA E INJUSTI\u00c7A&#8217;, DIZ RUI COSTA SOBRE CR\u00cdTICAS DE ACM NETO","datePublished":"2018-03-03T20:00:05+00:00","mainEntityOfPage":{"@id":"https:\/\/blogdofarnesio.com.br\/?p=190300"},"wordCount":299,"publisher":{"@id":"https:\/\/blogdofarnesio.com.br\/#organization"},"image":{"@id":"https:\/\/blogdofarnesio.com.br\/?p=190300#primaryimage"},"thumbnailUrl":"https:\/\/blogdofarnesio.com.br\/wp-content\/uploads\/2017\/02\/blogqsp-rui-acm.jpg","articleSection":["Pol\u00edtica"],"inLanguage":"pt-BR"},{"@type":"WebPage","@id":"https:\/\/blogdofarnesio.com.br\/?p=190300","url":"https:\/\/blogdofarnesio.com.br\/?p=190300","name":"BATE-BOCA PR\u00c9 ELEITORAL: 'N\u00c3O VOU ME CALAR CONTRA CAL\u00daNIA, MENTIRA E INJUSTI\u00c7A', DIZ RUI COSTA SOBRE CR\u00cdTICAS DE ACM NETO - Blog do Farn\u00e9sio","isPartOf":{"@id":"https:\/\/blogdofarnesio.com.br\/#website"},"primaryImageOfPage":{"@id":"https:\/\/blogdofarnesio.com.br\/?p=190300#primaryimage"},"image":{"@id":"https:\/\/blogdofarnesio.com.br\/?p=190300#primaryimage"},"thumbnailUrl":"https:\/\/blogdofarnesio.com.br\/wp-content\/uploads\/2017\/02\/blogqsp-rui-acm.jpg","datePublished":"2018-03-03T20:00:05+00:00","breadcrumb":{"@id":"https:\/\/blogdofarnesio.com.br\/?p=190300#breadcrumb"},"inLanguage":"pt-BR","potentialAction":[{"@type":"ReadAction","target":["https:\/\/blogdofarnesio.com.br\/?p=190300"]}]},{"@type":"ImageObject","inLanguage":"pt-BR","@id":"https:\/\/blogdofarnesio.com.br\/?p=190300#primaryimage","url":"https:\/\/blogdofarnesio.com.br\/wp-content\/uploads\/2017\/02\/blogqsp-rui-acm.jpg","contentUrl":"https:\/\/blogdofarnesio.com.br\/wp-content\/uploads\/2017\/02\/blogqsp-rui-acm.jpg","width":380,"height":280,"caption":"ACM Neto e Rui Costa na lavagem do Bonfim"},{"@type":"BreadcrumbList","@id":"https:\/\/blogdofarnesio.com.br\/?p=190300#breadcrumb","itemListElement":[{"@type":"ListItem","position":1,"name":"In\u00edcio","item":"https:\/\/blogdofarnesio.com.br\/"},{"@type":"ListItem","position":2,"name":"BATE-BOCA PR\u00c9 ELEITORAL: &#8216;N\u00c3O VOU ME CALAR CONTRA CAL\u00daNIA, MENTIRA E INJUSTI\u00c7A&#8217;, DIZ RUI COSTA SOBRE CR\u00cdTICAS DE ACM NETO"}]},{"@type":"WebSite","@id":"https:\/\/blogdofarnesio.com.br\/#website","url":"https:\/\/blogdofarnesio.com.br\/","name":"Blog do Farn\u00e9sio","description":"Quer Saber Pol\u00edtica?","publisher":{"@id":"https:\/\/blogdofarnesio.com.br\/#organization"},"potentialAction":[{"@type":"SearchAction","target":{"@type":"EntryPoint","urlTemplate":"https:\/\/blogdofarnesio.com.br\/?s={search_term_string}"},"query-input":{"@type":"PropertyValueSpecification","valueRequired":true,"valueName":"search_term_string"}}],"inLanguage":"pt-BR"},{"@type":"Organization","@id":"https:\/\/blogdofarnesio.com.br\/#organization","name":"Blog do Farn\u00e9sio","url":"https:\/\/blogdofarnesio.com.br\/","logo":{"@type":"ImageObject","inLanguage":"pt-BR","@id":"https:\/\/blogdofarnesio.com.br\/#\/schema\/logo\/image\/","url":"https:\/\/blogdofarnesio.com.br\/wp-content\/uploads\/2026\/03\/cropped-logo_new-1.png","contentUrl":"https:\/\/blogdofarnesio.com.br\/wp-content\/uploads\/2026\/03\/cropped-logo_new-1.png","width":881,"height":685,"caption":"Blog do Farn\u00e9sio"},"image":{"@id":"https:\/\/blogdofarnesio.com.br\/#\/schema\/logo\/image\/"},"sameAs":["https:\/\/www.facebook.com\/BlogQuerSaberPolitica\/"]},{"@type":"Person","@id":"https:\/\/blogdofarnesio.com.br\/#\/schema\/person\/301c4acf522bccbfdb45af95b5b906a1","name":"Farn\u00e9sio","image":{"@type":"ImageObject","inLanguage":"pt-BR","@id":"https:\/\/secure.gravatar.com\/avatar\/df0c9a14567c056f8ad6876ba5bbd1e3e2c48023eb6807342fc4663adf549f38?s=96&d=mm&r=g","url":"https:\/\/secure.gravatar.com\/avatar\/df0c9a14567c056f8ad6876ba5bbd1e3e2c48023eb6807342fc4663adf549f38?s=96&d=mm&r=g","contentUrl":"https:\/\/secure.gravatar.com\/avatar\/df0c9a14567c056f8ad6876ba5bbd1e3e2c48023eb6807342fc4663adf549f38?s=96&d=mm&r=g","caption":"Farn\u00e9sio"},"sameAs":["https:\/\/quersaberpolitica.com.br"],"url":"https:\/\/blogdofarnesio.com.br\/?author=1"}]}},"_links":{"self":[{"href":"https:\/\/blogdofarnesio.com.br\/index.php?rest_route=\/wp\/v2\/posts\/190300","targetHints":{"allow":["GET"]}}],"collection":[{"href":"https:\/\/blogdofarnesio.com.br\/index.php?rest_route=\/wp\/v2\/posts"}],"about":[{"href":"https:\/\/blogdofarnesio.com.br\/index.php?rest_route=\/wp\/v2\/types\/post"}],"author":[{"embeddable":true,"href":"https:\/\/blogdofarnesio.com.br\/index.php?rest_route=\/wp\/v2\/users\/1"}],"replies":[{"embeddable":true,"href":"https:\/\/blogdofarnesio.com.br\/index.php?rest_route=%2Fwp%2Fv2%2Fcomments&post=190300"}],"version-history":[{"count":0,"href":"https:\/\/blogdofarnesio.com.br\/index.php?rest_route=\/wp\/v2\/posts\/190300\/revisions"}],"wp:featuredmedia":[{"embeddable":true,"href":"https:\/\/blogdofarnesio.com.br\/index.php?rest_route=\/wp\/v2\/media\/156217"}],"wp:attachment":[{"href":"https:\/\/blogdofarnesio.com.br\/index.php?rest_route=%2Fwp%2Fv2%2Fmedia&parent=190300"}],"wp:term":[{"taxonomy":"category","embeddable":true,"href":"https:\/\/blogdofarnesio.com.br\/index.php?rest_route=%2Fwp%2Fv2%2Fcategories&post=190300"},{"taxonomy":"post_tag","embeddable":true,"href":"https:\/\/blogdofarnesio.com.br\/index.php?rest_route=%2Fwp%2Fv2%2Ftags&post=190300"}],"curies":[{"name":"wp","href":"https:\/\/api.w.org\/{rel}","templated":true}]}}