{"id":19018,"date":"2012-11-23T19:00:00","date_gmt":"2012-11-23T19:00:00","guid":{"rendered":"http:\/\/www.quersaberpolitica.com.br?p=19018"},"modified":"2012-11-22T07:43:29","modified_gmt":"2012-11-22T07:43:29","slug":"otimas-perspectivas-para-o-fim-de-ano-em-petrolina-venda-e-mercado-de-trabalho-estao-em-alta","status":"publish","type":"post","link":"https:\/\/blogdofarnesio.com.br\/?p=19018","title":{"rendered":"\u00d3timas perspectivas para o fim de ano em Petrolina: venda e mercado de trabalho est\u00e3o em alta"},"content":{"rendered":"<p>&nbsp;<\/p>\n<p><a style=\"font-family: arial, helvetica, sans-serif; font-size: medium; text-align: justify;\" rel=\"lightbox\" href=\"http:\/\/www.quersaberpolitica.com.br\/2016\/wp-content\/uploads\/2012\/12\/blogqsppetrolinapanorama1.jpg\"><img loading=\"lazy\" decoding=\"async\" style=\"float: left; margin: 5px 10px;\" src=\"http:\/\/www.quersaberpolitica.com.br\/2016\/wp-content\/uploads\/2012\/12\/blogqsppetrolinapanorama1.jpg\" alt=\"\" width=\"200\" height=\"133\" \/><\/a><\/p>\n<p style=\"text-align: justify;\"><span style=\"font-family: arial, helvetica, sans-serif; font-size: medium;\">Os empres&aacute;rios e gerentes de Petrolina est&atilde;o otimistas em rela&ccedil;&atilde;o aos neg&oacute;cios do varejo no fim de ano 2012. A expectativa &eacute; de aumento de vendas e de contrata&ccedil;&atilde;o de m&atilde;o de obra tempor&aacute;ria. Estes dados foram apresentados nesta quarta-feira (21) durante a apresenta&ccedil;&atilde;o da Pesquisa de Opini&atilde;o P&uacute;blica &#8211; Sondagem entre Empres&aacute;rios e Consumidores.<\/span><\/p>\n<p style=\"text-align: justify;\"><span style=\"font-size: medium;\"><span style=\"font-family: arial, helvetica, sans-serif;\">O evento contou com a presen&ccedil;a do presidente do Sindilojas, Joaquim de Castro, o economista Jos&eacute; Fernandes e Jos&eacute; Ferreira, presidente do CDL. A secret&aacute;ria de administra&ccedil;&atilde;o, Adeli Viana, representou o prefeito Julio Lossio.<\/span><\/span><\/p>\n<p style=\"text-align: justify;\"><span style=\"font-size: medium;\"><span style=\"font-family: arial, helvetica, sans-serif;\">As expectativas s&atilde;o tamb&eacute;m positivas em rela&ccedil;&atilde;o ao desempenho do varejo para 2013. Para o fim de ano, de acordo com a pesquisa, a expectativa &eacute; o aumento m&eacute;dio de 13% com destaque para o Shopping, onde o percentual cresce para quase 20%. O Centro de Pesquisa do Instituto do Fecom&eacute;rcio, em conv&ecirc;nio com o Sebrae, ouviu 390 consumidores nas principais &aacute;reas tradicionais de com&eacute;rcio de Petrolina e Shopping Center.<\/span><\/span><\/p>\n<div><span style=\"font-size: medium;\"><span style=\"font-family: arial, helvetica, sans-serif;\"><br \/><\/span><\/span><\/div>\n<p>&nbsp;<\/p>\n","protected":false},"excerpt":{"rendered":"<p>&nbsp; Os empres&aacute;rios e gerentes de Petrolina est&atilde;o otimistas em rela&ccedil;&atilde;o aos neg&oacute;cios do varejo no fim de ano 2012. A expectativa &eacute; de aumento de vendas e de contrata&ccedil;&atilde;o de m&atilde;o de obra tempor&aacute;ria. Estes dados foram apresentados nesta quarta-feira (21) durante a apresenta&ccedil;&atilde;o da Pesquisa de Opini&atilde;o P&uacute;blica &#8211; Sondagem entre Empres&aacute;rios e Consumidores. O evento contou com a presen&ccedil;a do presidente do Sindilojas, Joaquim de Castro, o economista Jos&eacute; Fernandes e Jos&eacute; Ferreira, presidente do CDL. A secret&aacute;ria de administra&ccedil;&atilde;o, Adeli Viana, representou o prefeito Julio Lossio. As expectativas s&atilde;o tamb&eacute;m positivas em rela&ccedil;&atilde;o ao desempenho do varejo para 2013. Para o fim de ano, de acordo com a pesquisa, a expectativa &eacute; o aumento m&eacute;dio de&hellip; <\/p>\n","protected":false},"author":0,"featured_media":0,"comment_status":"open","ping_status":"open","sticky":false,"template":"","format":"standard","meta":{"_acf_changed":false,"footnotes":""},"categories":[20],"tags":[],"class_list":["post-19018","post","type-post","status-publish","format-standard","hentry","category-economia"],"acf":[],"yoast_head":"<!-- This site is optimized with the Yoast SEO plugin v27.4 - https:\/\/yoast.com\/product\/yoast-seo-wordpress\/ -->\n<title>\u00d3timas perspectivas para o fim de ano em Petrolina: venda e mercado de trabalho est\u00e3o em alta  - Blog do Farn\u00e9sio<\/title>\n<meta name=\"robots\" content=\"index, follow, max-snippet:-1, max-image-preview:large, max-video-preview:-1\" \/>\n<link rel=\"canonical\" href=\"https:\/\/blogdofarnesio.com.br\/?p=19018\" \/>\n<meta property=\"og:locale\" content=\"pt_BR\" \/>\n<meta property=\"og:type\" content=\"article\" \/>\n<meta property=\"og:title\" content=\"\u00d3timas perspectivas para o fim de ano em Petrolina: venda e mercado de trabalho est\u00e3o em alta  - Blog do Farn\u00e9sio\" \/>\n<meta property=\"og:description\" content=\"&nbsp; Os empres&aacute;rios e gerentes de Petrolina est&atilde;o otimistas em rela&ccedil;&atilde;o aos neg&oacute;cios do varejo no fim de ano 2012. A expectativa &eacute; de aumento de vendas e de contrata&ccedil;&atilde;o de m&atilde;o de obra tempor&aacute;ria. Estes dados foram apresentados nesta quarta-feira (21) durante a apresenta&ccedil;&atilde;o da Pesquisa de Opini&atilde;o P&uacute;blica &#8211; Sondagem entre Empres&aacute;rios e Consumidores. O evento contou com a presen&ccedil;a do presidente do Sindilojas, Joaquim de Castro, o economista Jos&eacute; Fernandes e Jos&eacute; Ferreira, presidente do CDL. A secret&aacute;ria de administra&ccedil;&atilde;o, Adeli Viana, representou o prefeito Julio Lossio. As expectativas s&atilde;o tamb&eacute;m positivas em rela&ccedil;&atilde;o ao desempenho do varejo para 2013. Para o fim de ano, de acordo com a pesquisa, a expectativa &eacute; o aumento m&eacute;dio de&hellip;\" \/>\n<meta property=\"og:url\" content=\"https:\/\/blogdofarnesio.com.br\/?p=19018\" \/>\n<meta property=\"og:site_name\" content=\"Blog do Farn\u00e9sio\" \/>\n<meta property=\"article:publisher\" content=\"https:\/\/www.facebook.com\/BlogQuerSaberPolitica\/\" \/>\n<meta property=\"article:published_time\" content=\"2012-11-23T19:00:00+00:00\" \/>\n<meta property=\"og:image\" content=\"http:\/\/www.quersaberpolitica.com.br\/2016\/wp-content\/uploads\/2012\/12\/blogqsppetrolinapanorama1.jpg\" \/>\n<meta name=\"twitter:card\" content=\"summary_large_image\" \/>\n<meta name=\"twitter:label1\" content=\"Est. tempo de leitura\" \/>\n\t<meta name=\"twitter:data1\" content=\"1 minuto\" \/>\n<script type=\"application\/ld+json\" class=\"yoast-schema-graph\">{\"@context\":\"https:\\\/\\\/schema.org\",\"@graph\":[{\"@type\":\"Article\",\"@id\":\"https:\\\/\\\/blogdofarnesio.com.br\\\/?p=19018#article\",\"isPartOf\":{\"@id\":\"https:\\\/\\\/blogdofarnesio.com.br\\\/?p=19018\"},\"author\":{\"name\":\"\",\"@id\":\"\"},\"headline\":\"\u00d3timas perspectivas para o fim de ano em Petrolina: venda e mercado de trabalho est\u00e3o em alta\",\"datePublished\":\"2012-11-23T19:00:00+00:00\",\"mainEntityOfPage\":{\"@id\":\"https:\\\/\\\/blogdofarnesio.com.br\\\/?p=19018\"},\"wordCount\":223,\"commentCount\":0,\"publisher\":{\"@id\":\"https:\\\/\\\/blogdofarnesio.com.br\\\/#organization\"},\"image\":{\"@id\":\"https:\\\/\\\/blogdofarnesio.com.br\\\/?p=19018#primaryimage\"},\"thumbnailUrl\":\"http:\\\/\\\/www.quersaberpolitica.com.br\\\/2016\\\/wp-content\\\/uploads\\\/2012\\\/12\\\/blogqsppetrolinapanorama1.jpg\",\"articleSection\":[\"Economia\"],\"inLanguage\":\"pt-BR\",\"potentialAction\":[{\"@type\":\"CommentAction\",\"name\":\"Comment\",\"target\":[\"https:\\\/\\\/blogdofarnesio.com.br\\\/?p=19018#respond\"]}]},{\"@type\":\"WebPage\",\"@id\":\"https:\\\/\\\/blogdofarnesio.com.br\\\/?p=19018\",\"url\":\"https:\\\/\\\/blogdofarnesio.com.br\\\/?p=19018\",\"name\":\"\u00d3timas perspectivas para o fim de ano em Petrolina: venda e mercado de trabalho est\u00e3o em alta - Blog do Farn\u00e9sio\",\"isPartOf\":{\"@id\":\"https:\\\/\\\/blogdofarnesio.com.br\\\/#website\"},\"primaryImageOfPage\":{\"@id\":\"https:\\\/\\\/blogdofarnesio.com.br\\\/?p=19018#primaryimage\"},\"image\":{\"@id\":\"https:\\\/\\\/blogdofarnesio.com.br\\\/?p=19018#primaryimage\"},\"thumbnailUrl\":\"http:\\\/\\\/www.quersaberpolitica.com.br\\\/2016\\\/wp-content\\\/uploads\\\/2012\\\/12\\\/blogqsppetrolinapanorama1.jpg\",\"datePublished\":\"2012-11-23T19:00:00+00:00\",\"breadcrumb\":{\"@id\":\"https:\\\/\\\/blogdofarnesio.com.br\\\/?p=19018#breadcrumb\"},\"inLanguage\":\"pt-BR\",\"potentialAction\":[{\"@type\":\"ReadAction\",\"target\":[\"https:\\\/\\\/blogdofarnesio.com.br\\\/?p=19018\"]}]},{\"@type\":\"ImageObject\",\"inLanguage\":\"pt-BR\",\"@id\":\"https:\\\/\\\/blogdofarnesio.com.br\\\/?p=19018#primaryimage\",\"url\":\"http:\\\/\\\/www.quersaberpolitica.com.br\\\/2016\\\/wp-content\\\/uploads\\\/2012\\\/12\\\/blogqsppetrolinapanorama1.jpg\",\"contentUrl\":\"http:\\\/\\\/www.quersaberpolitica.com.br\\\/2016\\\/wp-content\\\/uploads\\\/2012\\\/12\\\/blogqsppetrolinapanorama1.jpg\"},{\"@type\":\"BreadcrumbList\",\"@id\":\"https:\\\/\\\/blogdofarnesio.com.br\\\/?p=19018#breadcrumb\",\"itemListElement\":[{\"@type\":\"ListItem\",\"position\":1,\"name\":\"In\u00edcio\",\"item\":\"https:\\\/\\\/blogdofarnesio.com.br\\\/\"},{\"@type\":\"ListItem\",\"position\":2,\"name\":\"\u00d3timas perspectivas para o fim de ano em Petrolina: venda e mercado de trabalho est\u00e3o em alta\"}]},{\"@type\":\"WebSite\",\"@id\":\"https:\\\/\\\/blogdofarnesio.com.br\\\/#website\",\"url\":\"https:\\\/\\\/blogdofarnesio.com.br\\\/\",\"name\":\"Blog do Farn\u00e9sio\",\"description\":\"Quer Saber Pol\u00edtica?\",\"publisher\":{\"@id\":\"https:\\\/\\\/blogdofarnesio.com.br\\\/#organization\"},\"potentialAction\":[{\"@type\":\"SearchAction\",\"target\":{\"@type\":\"EntryPoint\",\"urlTemplate\":\"https:\\\/\\\/blogdofarnesio.com.br\\\/?s={search_term_string}\"},\"query-input\":{\"@type\":\"PropertyValueSpecification\",\"valueRequired\":true,\"valueName\":\"search_term_string\"}}],\"inLanguage\":\"pt-BR\"},{\"@type\":\"Organization\",\"@id\":\"https:\\\/\\\/blogdofarnesio.com.br\\\/#organization\",\"name\":\"Blog do Farn\u00e9sio\",\"url\":\"https:\\\/\\\/blogdofarnesio.com.br\\\/\",\"logo\":{\"@type\":\"ImageObject\",\"inLanguage\":\"pt-BR\",\"@id\":\"https:\\\/\\\/blogdofarnesio.com.br\\\/#\\\/schema\\\/logo\\\/image\\\/\",\"url\":\"https:\\\/\\\/blogdofarnesio.com.br\\\/wp-content\\\/uploads\\\/2026\\\/03\\\/cropped-logo_new-1.png\",\"contentUrl\":\"https:\\\/\\\/blogdofarnesio.com.br\\\/wp-content\\\/uploads\\\/2026\\\/03\\\/cropped-logo_new-1.png\",\"width\":881,\"height\":685,\"caption\":\"Blog do Farn\u00e9sio\"},\"image\":{\"@id\":\"https:\\\/\\\/blogdofarnesio.com.br\\\/#\\\/schema\\\/logo\\\/image\\\/\"},\"sameAs\":[\"https:\\\/\\\/www.facebook.com\\\/BlogQuerSaberPolitica\\\/\"]}]}<\/script>\n<!-- \/ Yoast SEO plugin. -->","yoast_head_json":{"title":"\u00d3timas perspectivas para o fim de ano em Petrolina: venda e mercado de trabalho est\u00e3o em alta  - Blog do Farn\u00e9sio","robots":{"index":"index","follow":"follow","max-snippet":"max-snippet:-1","max-image-preview":"max-image-preview:large","max-video-preview":"max-video-preview:-1"},"canonical":"https:\/\/blogdofarnesio.com.br\/?p=19018","og_locale":"pt_BR","og_type":"article","og_title":"\u00d3timas perspectivas para o fim de ano em Petrolina: venda e mercado de trabalho est\u00e3o em alta  - Blog do Farn\u00e9sio","og_description":"&nbsp; Os empres&aacute;rios e gerentes de Petrolina est&atilde;o otimistas em rela&ccedil;&atilde;o aos neg&oacute;cios do varejo no fim de ano 2012. A expectativa &eacute; de aumento de vendas e de contrata&ccedil;&atilde;o de m&atilde;o de obra tempor&aacute;ria. Estes dados foram apresentados nesta quarta-feira (21) durante a apresenta&ccedil;&atilde;o da Pesquisa de Opini&atilde;o P&uacute;blica &#8211; Sondagem entre Empres&aacute;rios e Consumidores. O evento contou com a presen&ccedil;a do presidente do Sindilojas, Joaquim de Castro, o economista Jos&eacute; Fernandes e Jos&eacute; Ferreira, presidente do CDL. A secret&aacute;ria de administra&ccedil;&atilde;o, Adeli Viana, representou o prefeito Julio Lossio. As expectativas s&atilde;o tamb&eacute;m positivas em rela&ccedil;&atilde;o ao desempenho do varejo para 2013. Para o fim de ano, de acordo com a pesquisa, a expectativa &eacute; o aumento m&eacute;dio de&hellip;","og_url":"https:\/\/blogdofarnesio.com.br\/?p=19018","og_site_name":"Blog do Farn\u00e9sio","article_publisher":"https:\/\/www.facebook.com\/BlogQuerSaberPolitica\/","article_published_time":"2012-11-23T19:00:00+00:00","og_image":[{"url":"http:\/\/www.quersaberpolitica.com.br\/2016\/wp-content\/uploads\/2012\/12\/blogqsppetrolinapanorama1.jpg","type":"","width":"","height":""}],"twitter_card":"summary_large_image","twitter_misc":{"Est. tempo de leitura":"1 minuto"},"schema":{"@context":"https:\/\/schema.org","@graph":[{"@type":"Article","@id":"https:\/\/blogdofarnesio.com.br\/?p=19018#article","isPartOf":{"@id":"https:\/\/blogdofarnesio.com.br\/?p=19018"},"author":{"name":"","@id":""},"headline":"\u00d3timas perspectivas para o fim de ano em Petrolina: venda e mercado de trabalho est\u00e3o em alta","datePublished":"2012-11-23T19:00:00+00:00","mainEntityOfPage":{"@id":"https:\/\/blogdofarnesio.com.br\/?p=19018"},"wordCount":223,"commentCount":0,"publisher":{"@id":"https:\/\/blogdofarnesio.com.br\/#organization"},"image":{"@id":"https:\/\/blogdofarnesio.com.br\/?p=19018#primaryimage"},"thumbnailUrl":"http:\/\/www.quersaberpolitica.com.br\/2016\/wp-content\/uploads\/2012\/12\/blogqsppetrolinapanorama1.jpg","articleSection":["Economia"],"inLanguage":"pt-BR","potentialAction":[{"@type":"CommentAction","name":"Comment","target":["https:\/\/blogdofarnesio.com.br\/?p=19018#respond"]}]},{"@type":"WebPage","@id":"https:\/\/blogdofarnesio.com.br\/?p=19018","url":"https:\/\/blogdofarnesio.com.br\/?p=19018","name":"\u00d3timas perspectivas para o fim de ano em Petrolina: venda e mercado de trabalho est\u00e3o em alta - Blog do Farn\u00e9sio","isPartOf":{"@id":"https:\/\/blogdofarnesio.com.br\/#website"},"primaryImageOfPage":{"@id":"https:\/\/blogdofarnesio.com.br\/?p=19018#primaryimage"},"image":{"@id":"https:\/\/blogdofarnesio.com.br\/?p=19018#primaryimage"},"thumbnailUrl":"http:\/\/www.quersaberpolitica.com.br\/2016\/wp-content\/uploads\/2012\/12\/blogqsppetrolinapanorama1.jpg","datePublished":"2012-11-23T19:00:00+00:00","breadcrumb":{"@id":"https:\/\/blogdofarnesio.com.br\/?p=19018#breadcrumb"},"inLanguage":"pt-BR","potentialAction":[{"@type":"ReadAction","target":["https:\/\/blogdofarnesio.com.br\/?p=19018"]}]},{"@type":"ImageObject","inLanguage":"pt-BR","@id":"https:\/\/blogdofarnesio.com.br\/?p=19018#primaryimage","url":"http:\/\/www.quersaberpolitica.com.br\/2016\/wp-content\/uploads\/2012\/12\/blogqsppetrolinapanorama1.jpg","contentUrl":"http:\/\/www.quersaberpolitica.com.br\/2016\/wp-content\/uploads\/2012\/12\/blogqsppetrolinapanorama1.jpg"},{"@type":"BreadcrumbList","@id":"https:\/\/blogdofarnesio.com.br\/?p=19018#breadcrumb","itemListElement":[{"@type":"ListItem","position":1,"name":"In\u00edcio","item":"https:\/\/blogdofarnesio.com.br\/"},{"@type":"ListItem","position":2,"name":"\u00d3timas perspectivas para o fim de ano em Petrolina: venda e mercado de trabalho est\u00e3o em alta"}]},{"@type":"WebSite","@id":"https:\/\/blogdofarnesio.com.br\/#website","url":"https:\/\/blogdofarnesio.com.br\/","name":"Blog do Farn\u00e9sio","description":"Quer Saber Pol\u00edtica?","publisher":{"@id":"https:\/\/blogdofarnesio.com.br\/#organization"},"potentialAction":[{"@type":"SearchAction","target":{"@type":"EntryPoint","urlTemplate":"https:\/\/blogdofarnesio.com.br\/?s={search_term_string}"},"query-input":{"@type":"PropertyValueSpecification","valueRequired":true,"valueName":"search_term_string"}}],"inLanguage":"pt-BR"},{"@type":"Organization","@id":"https:\/\/blogdofarnesio.com.br\/#organization","name":"Blog do Farn\u00e9sio","url":"https:\/\/blogdofarnesio.com.br\/","logo":{"@type":"ImageObject","inLanguage":"pt-BR","@id":"https:\/\/blogdofarnesio.com.br\/#\/schema\/logo\/image\/","url":"https:\/\/blogdofarnesio.com.br\/wp-content\/uploads\/2026\/03\/cropped-logo_new-1.png","contentUrl":"https:\/\/blogdofarnesio.com.br\/wp-content\/uploads\/2026\/03\/cropped-logo_new-1.png","width":881,"height":685,"caption":"Blog do Farn\u00e9sio"},"image":{"@id":"https:\/\/blogdofarnesio.com.br\/#\/schema\/logo\/image\/"},"sameAs":["https:\/\/www.facebook.com\/BlogQuerSaberPolitica\/"]}]}},"_links":{"self":[{"href":"https:\/\/blogdofarnesio.com.br\/index.php?rest_route=\/wp\/v2\/posts\/19018","targetHints":{"allow":["GET"]}}],"collection":[{"href":"https:\/\/blogdofarnesio.com.br\/index.php?rest_route=\/wp\/v2\/posts"}],"about":[{"href":"https:\/\/blogdofarnesio.com.br\/index.php?rest_route=\/wp\/v2\/types\/post"}],"replies":[{"embeddable":true,"href":"https:\/\/blogdofarnesio.com.br\/index.php?rest_route=%2Fwp%2Fv2%2Fcomments&post=19018"}],"version-history":[{"count":0,"href":"https:\/\/blogdofarnesio.com.br\/index.php?rest_route=\/wp\/v2\/posts\/19018\/revisions"}],"wp:attachment":[{"href":"https:\/\/blogdofarnesio.com.br\/index.php?rest_route=%2Fwp%2Fv2%2Fmedia&parent=19018"}],"wp:term":[{"taxonomy":"category","embeddable":true,"href":"https:\/\/blogdofarnesio.com.br\/index.php?rest_route=%2Fwp%2Fv2%2Fcategories&post=19018"},{"taxonomy":"post_tag","embeddable":true,"href":"https:\/\/blogdofarnesio.com.br\/index.php?rest_route=%2Fwp%2Fv2%2Ftags&post=19018"}],"curies":[{"name":"wp","href":"https:\/\/api.w.org\/{rel}","templated":true}]}}