{"id":189746,"date":"2018-02-26T15:00:23","date_gmt":"2018-02-26T18:00:23","guid":{"rendered":"http:\/\/quersaberpolitica.com.br\/2016\/?p=189746"},"modified":"2018-02-26T11:44:37","modified_gmt":"2018-02-26T14:44:37","slug":"cartao-vermelho-pf-pediu-prisao-de-wagner-dauster-e-daltro-e-trf-negou","status":"publish","type":"post","link":"https:\/\/blogdofarnesio.com.br\/?p=189746","title":{"rendered":"CART\u00c3O VERMELHO: PF PEDIU PRIS\u00c3O DE WAGNER, DAUSTER E DALTRO E TRF NEGOU"},"content":{"rendered":"<p>A Pol\u00edcia Federal confirmou nesta segunda-feira (26) que requereu a pris\u00e3o do ex-governador Jaques Wagner, do secret\u00e1rio da Casa Civil, Bruno Dauster, e do empres\u00e1rio Carlos Daltro. O pedido, no entanto, foi negado pelo Tribunal Regional Federal da 1\u00ba Regi\u00e3o (TRF-1). \u201cN\u00f3s entend\u00edamos que era necess\u00e1ria a condu\u00e7\u00e3o. N\u00e3o havendo a possibilidade de condu\u00e7\u00e3o, foi pedida a pris\u00e3o tempor\u00e1ria, que foi negada pelo Tribunal Regional Federal\u201d, afirmou um dos delegados respons\u00e1veis pela Opera\u00e7\u00e3o Cart\u00e3o Vermelho, durante coletiva de imprensa. Os tr\u00eas foram indiciados pela PF no \u00e2mbito da Opera\u00e7\u00e3o Cart\u00e3o Vermelho, que investiga o superfaturamento na parceria p\u00fablico-privada (PPP) com a Fonte Nova Participa\u00e7\u00f5es (FNP), deflagrada nesta segunda e que teve como alvos de mandados de busca e apreens\u00e3o o ex-governador, o secret\u00e1rio da Casa Civil e o empres\u00e1rio.<\/p>\n","protected":false},"excerpt":{"rendered":"<p>A Pol\u00edcia Federal confirmou nesta segunda-feira (26) que requereu a pris\u00e3o do ex-governador Jaques Wagner, do secret\u00e1rio da Casa Civil, Bruno Dauster, e do empres\u00e1rio Carlos Daltro. O pedido, no entanto, foi negado pelo Tribunal Regional Federal da 1\u00ba Regi\u00e3o (TRF-1). \u201cN\u00f3s entend\u00edamos que era necess\u00e1ria a condu\u00e7\u00e3o. N\u00e3o havendo a possibilidade de condu\u00e7\u00e3o, foi pedida a pris\u00e3o tempor\u00e1ria, que foi negada pelo Tribunal Regional Federal\u201d, afirmou um dos delegados respons\u00e1veis pela Opera\u00e7\u00e3o Cart\u00e3o Vermelho, durante coletiva de imprensa. Os tr\u00eas foram indiciados pela PF no \u00e2mbito da Opera\u00e7\u00e3o Cart\u00e3o Vermelho, que investiga o superfaturamento na parceria p\u00fablico-privada (PPP) com a Fonte Nova Participa\u00e7\u00f5es (FNP), deflagrada nesta segunda e que teve como alvos de mandados de busca e apreens\u00e3o o&hellip; <\/p>\n","protected":false},"author":1,"featured_media":189747,"comment_status":"open","ping_status":"closed","sticky":false,"template":"","format":"standard","meta":{"_acf_changed":false,"footnotes":""},"categories":[23],"tags":[],"class_list":["post-189746","post","type-post","status-publish","format-standard","has-post-thumbnail","hentry","category-justica"],"acf":[],"yoast_head":"<!-- This site is optimized with the Yoast SEO plugin v27.4 - https:\/\/yoast.com\/product\/yoast-seo-wordpress\/ -->\n<title>CART\u00c3O VERMELHO: PF PEDIU PRIS\u00c3O DE WAGNER, DAUSTER E DALTRO E TRF NEGOU - Blog do Farn\u00e9sio<\/title>\n<meta name=\"robots\" content=\"index, follow, max-snippet:-1, max-image-preview:large, max-video-preview:-1\" \/>\n<link rel=\"canonical\" href=\"https:\/\/blogdofarnesio.com.br\/?p=189746\" \/>\n<meta property=\"og:locale\" content=\"pt_BR\" \/>\n<meta property=\"og:type\" content=\"article\" \/>\n<meta property=\"og:title\" content=\"CART\u00c3O VERMELHO: PF PEDIU PRIS\u00c3O DE WAGNER, DAUSTER E DALTRO E TRF NEGOU - Blog do Farn\u00e9sio\" \/>\n<meta property=\"og:description\" content=\"A Pol\u00edcia Federal confirmou nesta segunda-feira (26) que requereu a pris\u00e3o do ex-governador Jaques Wagner, do secret\u00e1rio da Casa Civil, Bruno Dauster, e do empres\u00e1rio Carlos Daltro. O pedido, no entanto, foi negado pelo Tribunal Regional Federal da 1\u00ba Regi\u00e3o (TRF-1). \u201cN\u00f3s entend\u00edamos que era necess\u00e1ria a condu\u00e7\u00e3o. N\u00e3o havendo a possibilidade de condu\u00e7\u00e3o, foi pedida a pris\u00e3o tempor\u00e1ria, que foi negada pelo Tribunal Regional Federal\u201d, afirmou um dos delegados respons\u00e1veis pela Opera\u00e7\u00e3o Cart\u00e3o Vermelho, durante coletiva de imprensa. Os tr\u00eas foram indiciados pela PF no \u00e2mbito da Opera\u00e7\u00e3o Cart\u00e3o Vermelho, que investiga o superfaturamento na parceria p\u00fablico-privada (PPP) com a Fonte Nova Participa\u00e7\u00f5es (FNP), deflagrada nesta segunda e que teve como alvos de mandados de busca e apreens\u00e3o o&hellip;\" \/>\n<meta property=\"og:url\" content=\"https:\/\/blogdofarnesio.com.br\/?p=189746\" \/>\n<meta property=\"og:site_name\" content=\"Blog do Farn\u00e9sio\" \/>\n<meta property=\"article:publisher\" content=\"https:\/\/www.facebook.com\/BlogQuerSaberPolitica\/\" \/>\n<meta property=\"article:published_time\" content=\"2018-02-26T18:00:23+00:00\" \/>\n<meta property=\"og:image\" content=\"https:\/\/blogdofarnesio.com.br\/wp-content\/uploads\/2018\/02\/blogqsp-federal.jpg\" \/>\n\t<meta property=\"og:image:width\" content=\"380\" \/>\n\t<meta property=\"og:image:height\" content=\"280\" \/>\n\t<meta property=\"og:image:type\" content=\"image\/jpeg\" \/>\n<meta name=\"author\" content=\"Farn\u00e9sio\" \/>\n<meta name=\"twitter:card\" content=\"summary_large_image\" \/>\n<meta name=\"twitter:label1\" content=\"Escrito por\" \/>\n\t<meta name=\"twitter:data1\" content=\"Farn\u00e9sio\" \/>\n\t<meta name=\"twitter:label2\" content=\"Est. tempo de leitura\" \/>\n\t<meta name=\"twitter:data2\" content=\"1 minuto\" \/>\n<script type=\"application\/ld+json\" class=\"yoast-schema-graph\">{\"@context\":\"https:\\\/\\\/schema.org\",\"@graph\":[{\"@type\":\"Article\",\"@id\":\"https:\\\/\\\/blogdofarnesio.com.br\\\/?p=189746#article\",\"isPartOf\":{\"@id\":\"https:\\\/\\\/blogdofarnesio.com.br\\\/?p=189746\"},\"author\":{\"name\":\"Farn\u00e9sio\",\"@id\":\"https:\\\/\\\/blogdofarnesio.com.br\\\/#\\\/schema\\\/person\\\/301c4acf522bccbfdb45af95b5b906a1\"},\"headline\":\"CART\u00c3O VERMELHO: PF PEDIU PRIS\u00c3O DE WAGNER, DAUSTER E DALTRO E TRF NEGOU\",\"datePublished\":\"2018-02-26T18:00:23+00:00\",\"mainEntityOfPage\":{\"@id\":\"https:\\\/\\\/blogdofarnesio.com.br\\\/?p=189746\"},\"wordCount\":166,\"commentCount\":0,\"publisher\":{\"@id\":\"https:\\\/\\\/blogdofarnesio.com.br\\\/#organization\"},\"image\":{\"@id\":\"https:\\\/\\\/blogdofarnesio.com.br\\\/?p=189746#primaryimage\"},\"thumbnailUrl\":\"https:\\\/\\\/blogdofarnesio.com.br\\\/wp-content\\\/uploads\\\/2018\\\/02\\\/blogqsp-federal.jpg\",\"articleSection\":[\"Justi\u00e7a\"],\"inLanguage\":\"pt-BR\",\"potentialAction\":[{\"@type\":\"CommentAction\",\"name\":\"Comment\",\"target\":[\"https:\\\/\\\/blogdofarnesio.com.br\\\/?p=189746#respond\"]}]},{\"@type\":\"WebPage\",\"@id\":\"https:\\\/\\\/blogdofarnesio.com.br\\\/?p=189746\",\"url\":\"https:\\\/\\\/blogdofarnesio.com.br\\\/?p=189746\",\"name\":\"CART\u00c3O VERMELHO: PF PEDIU PRIS\u00c3O DE WAGNER, DAUSTER E DALTRO E TRF NEGOU - Blog do Farn\u00e9sio\",\"isPartOf\":{\"@id\":\"https:\\\/\\\/blogdofarnesio.com.br\\\/#website\"},\"primaryImageOfPage\":{\"@id\":\"https:\\\/\\\/blogdofarnesio.com.br\\\/?p=189746#primaryimage\"},\"image\":{\"@id\":\"https:\\\/\\\/blogdofarnesio.com.br\\\/?p=189746#primaryimage\"},\"thumbnailUrl\":\"https:\\\/\\\/blogdofarnesio.com.br\\\/wp-content\\\/uploads\\\/2018\\\/02\\\/blogqsp-federal.jpg\",\"datePublished\":\"2018-02-26T18:00:23+00:00\",\"breadcrumb\":{\"@id\":\"https:\\\/\\\/blogdofarnesio.com.br\\\/?p=189746#breadcrumb\"},\"inLanguage\":\"pt-BR\",\"potentialAction\":[{\"@type\":\"ReadAction\",\"target\":[\"https:\\\/\\\/blogdofarnesio.com.br\\\/?p=189746\"]}]},{\"@type\":\"ImageObject\",\"inLanguage\":\"pt-BR\",\"@id\":\"https:\\\/\\\/blogdofarnesio.com.br\\\/?p=189746#primaryimage\",\"url\":\"https:\\\/\\\/blogdofarnesio.com.br\\\/wp-content\\\/uploads\\\/2018\\\/02\\\/blogqsp-federal.jpg\",\"contentUrl\":\"https:\\\/\\\/blogdofarnesio.com.br\\\/wp-content\\\/uploads\\\/2018\\\/02\\\/blogqsp-federal.jpg\",\"width\":380,\"height\":280},{\"@type\":\"BreadcrumbList\",\"@id\":\"https:\\\/\\\/blogdofarnesio.com.br\\\/?p=189746#breadcrumb\",\"itemListElement\":[{\"@type\":\"ListItem\",\"position\":1,\"name\":\"In\u00edcio\",\"item\":\"https:\\\/\\\/blogdofarnesio.com.br\\\/\"},{\"@type\":\"ListItem\",\"position\":2,\"name\":\"CART\u00c3O VERMELHO: PF PEDIU PRIS\u00c3O DE WAGNER, DAUSTER E DALTRO E TRF NEGOU\"}]},{\"@type\":\"WebSite\",\"@id\":\"https:\\\/\\\/blogdofarnesio.com.br\\\/#website\",\"url\":\"https:\\\/\\\/blogdofarnesio.com.br\\\/\",\"name\":\"Blog do Farn\u00e9sio\",\"description\":\"Quer Saber Pol\u00edtica?\",\"publisher\":{\"@id\":\"https:\\\/\\\/blogdofarnesio.com.br\\\/#organization\"},\"potentialAction\":[{\"@type\":\"SearchAction\",\"target\":{\"@type\":\"EntryPoint\",\"urlTemplate\":\"https:\\\/\\\/blogdofarnesio.com.br\\\/?s={search_term_string}\"},\"query-input\":{\"@type\":\"PropertyValueSpecification\",\"valueRequired\":true,\"valueName\":\"search_term_string\"}}],\"inLanguage\":\"pt-BR\"},{\"@type\":\"Organization\",\"@id\":\"https:\\\/\\\/blogdofarnesio.com.br\\\/#organization\",\"name\":\"Blog do Farn\u00e9sio\",\"url\":\"https:\\\/\\\/blogdofarnesio.com.br\\\/\",\"logo\":{\"@type\":\"ImageObject\",\"inLanguage\":\"pt-BR\",\"@id\":\"https:\\\/\\\/blogdofarnesio.com.br\\\/#\\\/schema\\\/logo\\\/image\\\/\",\"url\":\"https:\\\/\\\/blogdofarnesio.com.br\\\/wp-content\\\/uploads\\\/2026\\\/03\\\/cropped-logo_new-1.png\",\"contentUrl\":\"https:\\\/\\\/blogdofarnesio.com.br\\\/wp-content\\\/uploads\\\/2026\\\/03\\\/cropped-logo_new-1.png\",\"width\":881,\"height\":685,\"caption\":\"Blog do Farn\u00e9sio\"},\"image\":{\"@id\":\"https:\\\/\\\/blogdofarnesio.com.br\\\/#\\\/schema\\\/logo\\\/image\\\/\"},\"sameAs\":[\"https:\\\/\\\/www.facebook.com\\\/BlogQuerSaberPolitica\\\/\"]},{\"@type\":\"Person\",\"@id\":\"https:\\\/\\\/blogdofarnesio.com.br\\\/#\\\/schema\\\/person\\\/301c4acf522bccbfdb45af95b5b906a1\",\"name\":\"Farn\u00e9sio\",\"image\":{\"@type\":\"ImageObject\",\"inLanguage\":\"pt-BR\",\"@id\":\"https:\\\/\\\/secure.gravatar.com\\\/avatar\\\/df0c9a14567c056f8ad6876ba5bbd1e3e2c48023eb6807342fc4663adf549f38?s=96&d=mm&r=g\",\"url\":\"https:\\\/\\\/secure.gravatar.com\\\/avatar\\\/df0c9a14567c056f8ad6876ba5bbd1e3e2c48023eb6807342fc4663adf549f38?s=96&d=mm&r=g\",\"contentUrl\":\"https:\\\/\\\/secure.gravatar.com\\\/avatar\\\/df0c9a14567c056f8ad6876ba5bbd1e3e2c48023eb6807342fc4663adf549f38?s=96&d=mm&r=g\",\"caption\":\"Farn\u00e9sio\"},\"sameAs\":[\"https:\\\/\\\/quersaberpolitica.com.br\"],\"url\":\"https:\\\/\\\/blogdofarnesio.com.br\\\/?author=1\"}]}<\/script>\n<!-- \/ Yoast SEO plugin. -->","yoast_head_json":{"title":"CART\u00c3O VERMELHO: PF PEDIU PRIS\u00c3O DE WAGNER, DAUSTER E DALTRO E TRF NEGOU - Blog do Farn\u00e9sio","robots":{"index":"index","follow":"follow","max-snippet":"max-snippet:-1","max-image-preview":"max-image-preview:large","max-video-preview":"max-video-preview:-1"},"canonical":"https:\/\/blogdofarnesio.com.br\/?p=189746","og_locale":"pt_BR","og_type":"article","og_title":"CART\u00c3O VERMELHO: PF PEDIU PRIS\u00c3O DE WAGNER, DAUSTER E DALTRO E TRF NEGOU - Blog do Farn\u00e9sio","og_description":"A Pol\u00edcia Federal confirmou nesta segunda-feira (26) que requereu a pris\u00e3o do ex-governador Jaques Wagner, do secret\u00e1rio da Casa Civil, Bruno Dauster, e do empres\u00e1rio Carlos Daltro. O pedido, no entanto, foi negado pelo Tribunal Regional Federal da 1\u00ba Regi\u00e3o (TRF-1). \u201cN\u00f3s entend\u00edamos que era necess\u00e1ria a condu\u00e7\u00e3o. N\u00e3o havendo a possibilidade de condu\u00e7\u00e3o, foi pedida a pris\u00e3o tempor\u00e1ria, que foi negada pelo Tribunal Regional Federal\u201d, afirmou um dos delegados respons\u00e1veis pela Opera\u00e7\u00e3o Cart\u00e3o Vermelho, durante coletiva de imprensa. Os tr\u00eas foram indiciados pela PF no \u00e2mbito da Opera\u00e7\u00e3o Cart\u00e3o Vermelho, que investiga o superfaturamento na parceria p\u00fablico-privada (PPP) com a Fonte Nova Participa\u00e7\u00f5es (FNP), deflagrada nesta segunda e que teve como alvos de mandados de busca e apreens\u00e3o o&hellip;","og_url":"https:\/\/blogdofarnesio.com.br\/?p=189746","og_site_name":"Blog do Farn\u00e9sio","article_publisher":"https:\/\/www.facebook.com\/BlogQuerSaberPolitica\/","article_published_time":"2018-02-26T18:00:23+00:00","og_image":[{"width":380,"height":280,"url":"https:\/\/blogdofarnesio.com.br\/wp-content\/uploads\/2018\/02\/blogqsp-federal.jpg","type":"image\/jpeg"}],"author":"Farn\u00e9sio","twitter_card":"summary_large_image","twitter_misc":{"Escrito por":"Farn\u00e9sio","Est. tempo de leitura":"1 minuto"},"schema":{"@context":"https:\/\/schema.org","@graph":[{"@type":"Article","@id":"https:\/\/blogdofarnesio.com.br\/?p=189746#article","isPartOf":{"@id":"https:\/\/blogdofarnesio.com.br\/?p=189746"},"author":{"name":"Farn\u00e9sio","@id":"https:\/\/blogdofarnesio.com.br\/#\/schema\/person\/301c4acf522bccbfdb45af95b5b906a1"},"headline":"CART\u00c3O VERMELHO: PF PEDIU PRIS\u00c3O DE WAGNER, DAUSTER E DALTRO E TRF NEGOU","datePublished":"2018-02-26T18:00:23+00:00","mainEntityOfPage":{"@id":"https:\/\/blogdofarnesio.com.br\/?p=189746"},"wordCount":166,"commentCount":0,"publisher":{"@id":"https:\/\/blogdofarnesio.com.br\/#organization"},"image":{"@id":"https:\/\/blogdofarnesio.com.br\/?p=189746#primaryimage"},"thumbnailUrl":"https:\/\/blogdofarnesio.com.br\/wp-content\/uploads\/2018\/02\/blogqsp-federal.jpg","articleSection":["Justi\u00e7a"],"inLanguage":"pt-BR","potentialAction":[{"@type":"CommentAction","name":"Comment","target":["https:\/\/blogdofarnesio.com.br\/?p=189746#respond"]}]},{"@type":"WebPage","@id":"https:\/\/blogdofarnesio.com.br\/?p=189746","url":"https:\/\/blogdofarnesio.com.br\/?p=189746","name":"CART\u00c3O VERMELHO: PF PEDIU PRIS\u00c3O DE WAGNER, DAUSTER E DALTRO E TRF NEGOU - Blog do Farn\u00e9sio","isPartOf":{"@id":"https:\/\/blogdofarnesio.com.br\/#website"},"primaryImageOfPage":{"@id":"https:\/\/blogdofarnesio.com.br\/?p=189746#primaryimage"},"image":{"@id":"https:\/\/blogdofarnesio.com.br\/?p=189746#primaryimage"},"thumbnailUrl":"https:\/\/blogdofarnesio.com.br\/wp-content\/uploads\/2018\/02\/blogqsp-federal.jpg","datePublished":"2018-02-26T18:00:23+00:00","breadcrumb":{"@id":"https:\/\/blogdofarnesio.com.br\/?p=189746#breadcrumb"},"inLanguage":"pt-BR","potentialAction":[{"@type":"ReadAction","target":["https:\/\/blogdofarnesio.com.br\/?p=189746"]}]},{"@type":"ImageObject","inLanguage":"pt-BR","@id":"https:\/\/blogdofarnesio.com.br\/?p=189746#primaryimage","url":"https:\/\/blogdofarnesio.com.br\/wp-content\/uploads\/2018\/02\/blogqsp-federal.jpg","contentUrl":"https:\/\/blogdofarnesio.com.br\/wp-content\/uploads\/2018\/02\/blogqsp-federal.jpg","width":380,"height":280},{"@type":"BreadcrumbList","@id":"https:\/\/blogdofarnesio.com.br\/?p=189746#breadcrumb","itemListElement":[{"@type":"ListItem","position":1,"name":"In\u00edcio","item":"https:\/\/blogdofarnesio.com.br\/"},{"@type":"ListItem","position":2,"name":"CART\u00c3O VERMELHO: PF PEDIU PRIS\u00c3O DE WAGNER, DAUSTER E DALTRO E TRF NEGOU"}]},{"@type":"WebSite","@id":"https:\/\/blogdofarnesio.com.br\/#website","url":"https:\/\/blogdofarnesio.com.br\/","name":"Blog do Farn\u00e9sio","description":"Quer Saber Pol\u00edtica?","publisher":{"@id":"https:\/\/blogdofarnesio.com.br\/#organization"},"potentialAction":[{"@type":"SearchAction","target":{"@type":"EntryPoint","urlTemplate":"https:\/\/blogdofarnesio.com.br\/?s={search_term_string}"},"query-input":{"@type":"PropertyValueSpecification","valueRequired":true,"valueName":"search_term_string"}}],"inLanguage":"pt-BR"},{"@type":"Organization","@id":"https:\/\/blogdofarnesio.com.br\/#organization","name":"Blog do Farn\u00e9sio","url":"https:\/\/blogdofarnesio.com.br\/","logo":{"@type":"ImageObject","inLanguage":"pt-BR","@id":"https:\/\/blogdofarnesio.com.br\/#\/schema\/logo\/image\/","url":"https:\/\/blogdofarnesio.com.br\/wp-content\/uploads\/2026\/03\/cropped-logo_new-1.png","contentUrl":"https:\/\/blogdofarnesio.com.br\/wp-content\/uploads\/2026\/03\/cropped-logo_new-1.png","width":881,"height":685,"caption":"Blog do Farn\u00e9sio"},"image":{"@id":"https:\/\/blogdofarnesio.com.br\/#\/schema\/logo\/image\/"},"sameAs":["https:\/\/www.facebook.com\/BlogQuerSaberPolitica\/"]},{"@type":"Person","@id":"https:\/\/blogdofarnesio.com.br\/#\/schema\/person\/301c4acf522bccbfdb45af95b5b906a1","name":"Farn\u00e9sio","image":{"@type":"ImageObject","inLanguage":"pt-BR","@id":"https:\/\/secure.gravatar.com\/avatar\/df0c9a14567c056f8ad6876ba5bbd1e3e2c48023eb6807342fc4663adf549f38?s=96&d=mm&r=g","url":"https:\/\/secure.gravatar.com\/avatar\/df0c9a14567c056f8ad6876ba5bbd1e3e2c48023eb6807342fc4663adf549f38?s=96&d=mm&r=g","contentUrl":"https:\/\/secure.gravatar.com\/avatar\/df0c9a14567c056f8ad6876ba5bbd1e3e2c48023eb6807342fc4663adf549f38?s=96&d=mm&r=g","caption":"Farn\u00e9sio"},"sameAs":["https:\/\/quersaberpolitica.com.br"],"url":"https:\/\/blogdofarnesio.com.br\/?author=1"}]}},"_links":{"self":[{"href":"https:\/\/blogdofarnesio.com.br\/index.php?rest_route=\/wp\/v2\/posts\/189746","targetHints":{"allow":["GET"]}}],"collection":[{"href":"https:\/\/blogdofarnesio.com.br\/index.php?rest_route=\/wp\/v2\/posts"}],"about":[{"href":"https:\/\/blogdofarnesio.com.br\/index.php?rest_route=\/wp\/v2\/types\/post"}],"author":[{"embeddable":true,"href":"https:\/\/blogdofarnesio.com.br\/index.php?rest_route=\/wp\/v2\/users\/1"}],"replies":[{"embeddable":true,"href":"https:\/\/blogdofarnesio.com.br\/index.php?rest_route=%2Fwp%2Fv2%2Fcomments&post=189746"}],"version-history":[{"count":0,"href":"https:\/\/blogdofarnesio.com.br\/index.php?rest_route=\/wp\/v2\/posts\/189746\/revisions"}],"wp:featuredmedia":[{"embeddable":true,"href":"https:\/\/blogdofarnesio.com.br\/index.php?rest_route=\/wp\/v2\/media\/189747"}],"wp:attachment":[{"href":"https:\/\/blogdofarnesio.com.br\/index.php?rest_route=%2Fwp%2Fv2%2Fmedia&parent=189746"}],"wp:term":[{"taxonomy":"category","embeddable":true,"href":"https:\/\/blogdofarnesio.com.br\/index.php?rest_route=%2Fwp%2Fv2%2Fcategories&post=189746"},{"taxonomy":"post_tag","embeddable":true,"href":"https:\/\/blogdofarnesio.com.br\/index.php?rest_route=%2Fwp%2Fv2%2Ftags&post=189746"}],"curies":[{"name":"wp","href":"https:\/\/api.w.org\/{rel}","templated":true}]}}