{"id":189648,"date":"2018-02-25T09:32:21","date_gmt":"2018-02-25T12:32:21","guid":{"rendered":"http:\/\/quersaberpolitica.com.br\/2016\/?p=189648"},"modified":"2018-02-25T16:13:15","modified_gmt":"2018-02-25T19:13:15","slug":"apos-9-anos-deputado-que-matou-2-quando-dirigia-embriado-a-170km-h-vai-a-juri","status":"publish","type":"post","link":"https:\/\/blogdofarnesio.com.br\/?p=189648","title":{"rendered":"AP\u00d3S 9 ANOS, DEPUTADO QUE MATOU 2 QUANDO DIRIGIA EMBRIADO  A 170KM\/H, VAI A JUR\u00cd"},"content":{"rendered":"<div id=\"container_clear\"><\/div>\n<p><strong>Ap\u00f3s nove anos de protela\u00e7\u00e3o, manobras judiciais e provas desaparecidas, vai a j\u00fari o escandaloso caso do ex-deputado estadual do Paran\u00e1 que matou dois jovens quando dirigia alcoolizado a 170 quil\u00f4metros por hora<\/strong><\/p>\n<p><strong>\u00c9POCA \u2013 Jussara Soares<\/strong><\/p>\n<p>&gt;&gt;\u00a0&gt;&gt;<strong>Trecho da reportagem de capa de \u00c9POCA desta semana<\/strong><\/p>\n<p>Eram cerca de 20 horas do dia 6 de maio de 2009, quando o ent\u00e3o deputado estadual Luiz Fernando Carli Filho, de 26 anos, eleito pelo PSB do Paran\u00e1, chegou ao Edvino Wine Bar, no bairro do Batel, em Curitiba, onde jantaria com tr\u00eas primos e o tio \u2013 o tamb\u00e9m parlamentar Plauto Mir\u00f3, do DEM. Bonito, rico, de fam\u00edlia tradicional de pol\u00edticos no estado, ele colhia os louros de seu primeiro mandato na Assembleia Legislativa, onde havia pouco tempo apresentara um projeto para dar desconto no IPVA a motoristas exemplares, que n\u00e3o tivessem multas ou infra\u00e7\u00f5es na carteira. A turma pediu nhoque, risoto e fil\u00e9-mignon ao funghi e um vinho chileno. Conversaram, riram e decidiram ir para casa cedo.<\/p>\n<p>Na sa\u00edda do restaurante, Carli Filho encontrou o m\u00e9dico Eduardo Missel Silva, seu cardiologista. Resolveram esticar a noite. \u00c0s 21h41, os amigos reabriram a conta, conforme consta nos autos do processo que tramitou na Segunda Vara Privativa do Tribunal do J\u00fari do Estado do Paran\u00e1. Ao longo de tr\u00eas horas de conversa, entornaram outras tr\u00eas garrafas de vinho. Chegaram a pedir uma quarta, que ficou abandonada pela metade em um decantador. Por volta da meia-noite, a conta chegou \u2013 cerca de R$ 700 \u2013 e Carli Filho levantou-se da mesa segurando duas ta\u00e7as de vinho junto ao peito como se fosse um bem precioso do qual ele n\u00e3o podia abrir m\u00e3o. Na porta do restaurante, ele trope\u00e7ou no tapete vermelho e foi amparado por duas pessoas.<\/p>\n<p>Quando alcan\u00e7ava o estacionamento, Carli Filho foi interpelado por dois funcion\u00e1rios do restaurante que lhe pediram os copos de volta. Ele balbuciou improp\u00e9rios at\u00e9 ser contido pelo amigo, que, polidamente, pediu para o manobrista guardar o carro do deputado, que estava sem condi\u00e7\u00f5es de dirigir. Missel e Carli Filho entraram em outro ve\u00edculo. Ele seria guiado por Daniela Daretti, que havia se juntado \u00e0 dupla durante o jantar e havia bebido apenas uma ta\u00e7a de vinho tinto. Foi quando, num \u00edmpeto, depois de j\u00e1 ter se aboletado no banco traseiro, Carli Filho abriu a porta e disse que iria embora por conta pr\u00f3pria. Na hora em que tentou sair do carro, caiu de quatro no ch\u00e3o, em posi\u00e7\u00e3o de cachorro. Um seguran\u00e7a tentou ampar\u00e1-lo, mas foi empurrado. Entrela\u00e7ando as pernas, Carli Filho pegou a chave de seu Passat preto, ligou a igni\u00e7\u00e3o e partiu cantando os pneus. De acordo com depoimentos na Justi\u00e7a, o seguran\u00e7a comentou com o manobrista: \u201c\u00c9 por isso que acidentes acontecem. O pessoal bebe e sai dirigindo.\u201d<\/p>\n<p>Naquela mesma noite, por volta das 20 horas, a menos de 2 quil\u00f4metros do restaurante, o estudante de jornalismo Gilmar Rafael Souza Yared, de 26 anos, chegava \u00e0 Primeira Igreja Batista, tamb\u00e9m localizada no Batel. Criado em fam\u00edlia evang\u00e9lica, estava retomando a pr\u00e1tica religiosa, ainda que gostasse de baladas e agitos com amigos. Havia pedido ao colega Antonio Amaral para acompanh\u00e1-lo ao culto. Na igreja, Yared, segundo contou o amigo, emocionou-se com a prega\u00e7\u00e3o do pastor. \u201cEle estava muito feliz. Mudaria para a Austr\u00e1lia, onde faria interc\u00e2mbio\u201d, resumiu Amaral.<\/p>\n<p>Por volta das 22 horas, ambos seguiram para uma lanchonete, onde tomaram suco e comeram hamb\u00farguer. Dali a pouco, Yared se encontraria com Carlos Murilo de Almeida, de 20 anos, no Park Shopping Barigui, onde ele trabalhava como gerente do cinema. Colegas na faculdade de jornalismo da Universidade Tuiuti, Almeida avisara \u00e0 m\u00e3e, a auxiliar de limpeza Vera de Almeida, que n\u00e3o voltaria para sua casa, em Campo Largo, cidade da regi\u00e3o metropolitana de Curitiba. Informara que sairia com Yared e s\u00f3 voltaria no dia seguinte. \u00c0 meia-noite, Almeida entrou no Honda Fit do amigo e sa\u00edram. Percorreram cerca de 900 metros. No segundo cruzamento, o sinal estava piscando de maneira intermitente, o que exigia que os motoristas redobrassem a aten\u00e7\u00e3o. Segundo consta nos autos, uma testemunha viu Yared reduzir a velocidade e lentamente fazer a convers\u00e3o \u00e0 esquerda para a via expressa. A velocidade permitida era de 60 quil\u00f4metros por hora.<\/p>\n<p>Foi quando um Passat preto, a 170 quil\u00f4metros por hora \u2013 como atestam os laudos periciais \u2013, quase catapultado por um ligeiro aclive da pista, decolou do solo atingindo o Honda Fit como um bloco de chumbo que tivesse ca\u00eddo do c\u00e9u. O impacto causou a destrui\u00e7\u00e3o total do autom\u00f3vel. Yared e Almeida morreram na hora. Segundo peritos, sem ter sequer percebido o que acontecera. Peda\u00e7os dos corpos dos dois jovens se espalharam pela avenida. A cabe\u00e7a de Yared foi encontrada a 30 metros de dist\u00e2ncia do carro. O corpo de Almeida, sentado no banco do carona, foi partido ao meio.<\/p>\n<p>Dentro do Passat totalmente destru\u00eddo, Carli Filho, com o rosto coberto de sangue, estava consciente. Quando os bombeiros chegaram \u2013 meia hora depois do desastre \u2013, ele disse se chamar Fernando, seu segundo prenome. Os socorristas perceberam o h\u00e1lito et\u00edlico do ent\u00e3o deputado. Com fraturas na face, ele foi levado para o Hospital Universit\u00e1rio Evang\u00e9lico de Curitiba, onde foi atendido pela m\u00e9dica Virg\u00ednia Helena de Souza, ent\u00e3o chefe da UTI. Anos depois, ela ganharia as manchetes da imprensa ao ser acusada de apressar a morte de pacientes no hospital \u2013 acusa\u00e7\u00e3o da qual foi absolvida recentemente. Tr\u00eas dias depois, ap\u00f3s a primeira de muitas opera\u00e7\u00f5es, Carli Filho foi transferido de jatinho para o Hospital Albert Einstein, em S\u00e3o Paulo.<\/p>\n<p>Passados nove anos, o julgamento de Carli Filho foi marcado para os dias 27 e 28 de fevereiro. Ele renunciou ao mandato, sofreu dezenas de cirurgias, respondeu a um longo processo judicial, mas jamais sofreu qualquer consequ\u00eancia de seu crime. O caso entrou para os anais da Justi\u00e7a como um exemplo da protela\u00e7\u00e3o por meio de recursos jur\u00eddicos e da capacidade de pessoas influentes de buscar e pagar pela impunidade. \u201cO caso tramitou r\u00e1pido na Justi\u00e7a do Paran\u00e1. Toda demora se deu nos tribunais superiores em Bras\u00edlia\u201d, disse a \u00c9POCA o advogado da fam\u00edlia Yared, Elias Mattar Assad. \u201cExiste o direito de recorrer e o abuso do direito de recorrer\u201d.<\/p>\n","protected":false},"excerpt":{"rendered":"<p>Ap\u00f3s nove anos de protela\u00e7\u00e3o, manobras judiciais e provas desaparecidas, vai a j\u00fari o escandaloso caso do ex-deputado estadual do Paran\u00e1 que matou dois jovens quando dirigia alcoolizado a 170 quil\u00f4metros por hora \u00c9POCA \u2013 Jussara Soares &gt;&gt;\u00a0&gt;&gt;Trecho da reportagem de capa de \u00c9POCA desta semana Eram cerca de 20 horas do dia 6 de maio de 2009, quando o ent\u00e3o deputado estadual Luiz Fernando Carli Filho, de 26 anos, eleito pelo PSB do Paran\u00e1, chegou ao Edvino Wine Bar, no bairro do Batel, em Curitiba, onde jantaria com tr\u00eas primos e o tio \u2013 o tamb\u00e9m parlamentar Plauto Mir\u00f3, do DEM. Bonito, rico, de fam\u00edlia tradicional de pol\u00edticos no estado, ele colhia os louros de seu primeiro mandato na&hellip; <\/p>\n","protected":false},"author":1,"featured_media":169530,"comment_status":"open","ping_status":"closed","sticky":false,"template":"","format":"standard","meta":{"_acf_changed":false,"footnotes":""},"categories":[21],"tags":[],"class_list":["post-189648","post","type-post","status-publish","format-standard","has-post-thumbnail","hentry","category-transito"],"acf":[],"yoast_head":"<!-- This site is optimized with the Yoast SEO plugin v27.4 - https:\/\/yoast.com\/product\/yoast-seo-wordpress\/ -->\n<title>AP\u00d3S 9 ANOS, DEPUTADO QUE MATOU 2 QUANDO DIRIGIA EMBRIADO A 170KM\/H, VAI A JUR\u00cd - Blog do Farn\u00e9sio<\/title>\n<meta name=\"robots\" content=\"index, follow, max-snippet:-1, max-image-preview:large, max-video-preview:-1\" \/>\n<link rel=\"canonical\" href=\"https:\/\/blogdofarnesio.com.br\/?p=189648\" \/>\n<meta property=\"og:locale\" content=\"pt_BR\" \/>\n<meta property=\"og:type\" content=\"article\" \/>\n<meta property=\"og:title\" content=\"AP\u00d3S 9 ANOS, DEPUTADO QUE MATOU 2 QUANDO DIRIGIA EMBRIADO A 170KM\/H, VAI A JUR\u00cd - Blog do Farn\u00e9sio\" \/>\n<meta property=\"og:description\" content=\"Ap\u00f3s nove anos de protela\u00e7\u00e3o, manobras judiciais e provas desaparecidas, vai a j\u00fari o escandaloso caso do ex-deputado estadual do Paran\u00e1 que matou dois jovens quando dirigia alcoolizado a 170 quil\u00f4metros por hora \u00c9POCA \u2013 Jussara Soares &gt;&gt;\u00a0&gt;&gt;Trecho da reportagem de capa de \u00c9POCA desta semana Eram cerca de 20 horas do dia 6 de maio de 2009, quando o ent\u00e3o deputado estadual Luiz Fernando Carli Filho, de 26 anos, eleito pelo PSB do Paran\u00e1, chegou ao Edvino Wine Bar, no bairro do Batel, em Curitiba, onde jantaria com tr\u00eas primos e o tio \u2013 o tamb\u00e9m parlamentar Plauto Mir\u00f3, do DEM. Bonito, rico, de fam\u00edlia tradicional de pol\u00edticos no estado, ele colhia os louros de seu primeiro mandato na&hellip;\" \/>\n<meta property=\"og:url\" content=\"https:\/\/blogdofarnesio.com.br\/?p=189648\" \/>\n<meta property=\"og:site_name\" content=\"Blog do Farn\u00e9sio\" \/>\n<meta property=\"article:publisher\" content=\"https:\/\/www.facebook.com\/BlogQuerSaberPolitica\/\" \/>\n<meta property=\"article:published_time\" content=\"2018-02-25T12:32:21+00:00\" \/>\n<meta property=\"article:modified_time\" content=\"2018-02-25T19:13:15+00:00\" \/>\n<meta property=\"og:image\" content=\"https:\/\/blogdofarnesio.com.br\/wp-content\/uploads\/2017\/06\/blogqsp-acidentearacaju.jpg\" \/>\n\t<meta property=\"og:image:width\" content=\"640\" \/>\n\t<meta property=\"og:image:height\" content=\"274\" \/>\n\t<meta property=\"og:image:type\" content=\"image\/jpeg\" \/>\n<meta name=\"author\" content=\"Farn\u00e9sio\" \/>\n<meta name=\"twitter:card\" content=\"summary_large_image\" \/>\n<meta name=\"twitter:label1\" content=\"Escrito por\" \/>\n\t<meta name=\"twitter:data1\" content=\"Farn\u00e9sio\" \/>\n\t<meta name=\"twitter:label2\" content=\"Est. tempo de leitura\" \/>\n\t<meta name=\"twitter:data2\" content=\"5 minutos\" \/>\n<script type=\"application\/ld+json\" class=\"yoast-schema-graph\">{\"@context\":\"https:\\\/\\\/schema.org\",\"@graph\":[{\"@type\":\"Article\",\"@id\":\"https:\\\/\\\/blogdofarnesio.com.br\\\/?p=189648#article\",\"isPartOf\":{\"@id\":\"https:\\\/\\\/blogdofarnesio.com.br\\\/?p=189648\"},\"author\":{\"name\":\"Farn\u00e9sio\",\"@id\":\"https:\\\/\\\/blogdofarnesio.com.br\\\/#\\\/schema\\\/person\\\/301c4acf522bccbfdb45af95b5b906a1\"},\"headline\":\"AP\u00d3S 9 ANOS, DEPUTADO QUE MATOU 2 QUANDO DIRIGIA EMBRIADO A 170KM\\\/H, VAI A JUR\u00cd\",\"datePublished\":\"2018-02-25T12:32:21+00:00\",\"dateModified\":\"2018-02-25T19:13:15+00:00\",\"mainEntityOfPage\":{\"@id\":\"https:\\\/\\\/blogdofarnesio.com.br\\\/?p=189648\"},\"wordCount\":1104,\"commentCount\":0,\"publisher\":{\"@id\":\"https:\\\/\\\/blogdofarnesio.com.br\\\/#organization\"},\"image\":{\"@id\":\"https:\\\/\\\/blogdofarnesio.com.br\\\/?p=189648#primaryimage\"},\"thumbnailUrl\":\"https:\\\/\\\/blogdofarnesio.com.br\\\/wp-content\\\/uploads\\\/2017\\\/06\\\/blogqsp-acidentearacaju.jpg\",\"articleSection\":[\"Tr\u00e2nsito\"],\"inLanguage\":\"pt-BR\",\"potentialAction\":[{\"@type\":\"CommentAction\",\"name\":\"Comment\",\"target\":[\"https:\\\/\\\/blogdofarnesio.com.br\\\/?p=189648#respond\"]}]},{\"@type\":\"WebPage\",\"@id\":\"https:\\\/\\\/blogdofarnesio.com.br\\\/?p=189648\",\"url\":\"https:\\\/\\\/blogdofarnesio.com.br\\\/?p=189648\",\"name\":\"AP\u00d3S 9 ANOS, DEPUTADO QUE MATOU 2 QUANDO DIRIGIA EMBRIADO A 170KM\\\/H, VAI A JUR\u00cd - Blog do Farn\u00e9sio\",\"isPartOf\":{\"@id\":\"https:\\\/\\\/blogdofarnesio.com.br\\\/#website\"},\"primaryImageOfPage\":{\"@id\":\"https:\\\/\\\/blogdofarnesio.com.br\\\/?p=189648#primaryimage\"},\"image\":{\"@id\":\"https:\\\/\\\/blogdofarnesio.com.br\\\/?p=189648#primaryimage\"},\"thumbnailUrl\":\"https:\\\/\\\/blogdofarnesio.com.br\\\/wp-content\\\/uploads\\\/2017\\\/06\\\/blogqsp-acidentearacaju.jpg\",\"datePublished\":\"2018-02-25T12:32:21+00:00\",\"dateModified\":\"2018-02-25T19:13:15+00:00\",\"breadcrumb\":{\"@id\":\"https:\\\/\\\/blogdofarnesio.com.br\\\/?p=189648#breadcrumb\"},\"inLanguage\":\"pt-BR\",\"potentialAction\":[{\"@type\":\"ReadAction\",\"target\":[\"https:\\\/\\\/blogdofarnesio.com.br\\\/?p=189648\"]}]},{\"@type\":\"ImageObject\",\"inLanguage\":\"pt-BR\",\"@id\":\"https:\\\/\\\/blogdofarnesio.com.br\\\/?p=189648#primaryimage\",\"url\":\"https:\\\/\\\/blogdofarnesio.com.br\\\/wp-content\\\/uploads\\\/2017\\\/06\\\/blogqsp-acidentearacaju.jpg\",\"contentUrl\":\"https:\\\/\\\/blogdofarnesio.com.br\\\/wp-content\\\/uploads\\\/2017\\\/06\\\/blogqsp-acidentearacaju.jpg\",\"width\":640,\"height\":274,\"caption\":\"Ilustra\u00e7\u00e3o\"},{\"@type\":\"BreadcrumbList\",\"@id\":\"https:\\\/\\\/blogdofarnesio.com.br\\\/?p=189648#breadcrumb\",\"itemListElement\":[{\"@type\":\"ListItem\",\"position\":1,\"name\":\"In\u00edcio\",\"item\":\"https:\\\/\\\/blogdofarnesio.com.br\\\/\"},{\"@type\":\"ListItem\",\"position\":2,\"name\":\"AP\u00d3S 9 ANOS, DEPUTADO QUE MATOU 2 QUANDO DIRIGIA EMBRIADO A 170KM\\\/H, VAI A JUR\u00cd\"}]},{\"@type\":\"WebSite\",\"@id\":\"https:\\\/\\\/blogdofarnesio.com.br\\\/#website\",\"url\":\"https:\\\/\\\/blogdofarnesio.com.br\\\/\",\"name\":\"Blog do Farn\u00e9sio\",\"description\":\"Quer Saber Pol\u00edtica?\",\"publisher\":{\"@id\":\"https:\\\/\\\/blogdofarnesio.com.br\\\/#organization\"},\"potentialAction\":[{\"@type\":\"SearchAction\",\"target\":{\"@type\":\"EntryPoint\",\"urlTemplate\":\"https:\\\/\\\/blogdofarnesio.com.br\\\/?s={search_term_string}\"},\"query-input\":{\"@type\":\"PropertyValueSpecification\",\"valueRequired\":true,\"valueName\":\"search_term_string\"}}],\"inLanguage\":\"pt-BR\"},{\"@type\":\"Organization\",\"@id\":\"https:\\\/\\\/blogdofarnesio.com.br\\\/#organization\",\"name\":\"Blog do Farn\u00e9sio\",\"url\":\"https:\\\/\\\/blogdofarnesio.com.br\\\/\",\"logo\":{\"@type\":\"ImageObject\",\"inLanguage\":\"pt-BR\",\"@id\":\"https:\\\/\\\/blogdofarnesio.com.br\\\/#\\\/schema\\\/logo\\\/image\\\/\",\"url\":\"https:\\\/\\\/blogdofarnesio.com.br\\\/wp-content\\\/uploads\\\/2026\\\/03\\\/cropped-logo_new-1.png\",\"contentUrl\":\"https:\\\/\\\/blogdofarnesio.com.br\\\/wp-content\\\/uploads\\\/2026\\\/03\\\/cropped-logo_new-1.png\",\"width\":881,\"height\":685,\"caption\":\"Blog do Farn\u00e9sio\"},\"image\":{\"@id\":\"https:\\\/\\\/blogdofarnesio.com.br\\\/#\\\/schema\\\/logo\\\/image\\\/\"},\"sameAs\":[\"https:\\\/\\\/www.facebook.com\\\/BlogQuerSaberPolitica\\\/\"]},{\"@type\":\"Person\",\"@id\":\"https:\\\/\\\/blogdofarnesio.com.br\\\/#\\\/schema\\\/person\\\/301c4acf522bccbfdb45af95b5b906a1\",\"name\":\"Farn\u00e9sio\",\"image\":{\"@type\":\"ImageObject\",\"inLanguage\":\"pt-BR\",\"@id\":\"https:\\\/\\\/secure.gravatar.com\\\/avatar\\\/df0c9a14567c056f8ad6876ba5bbd1e3e2c48023eb6807342fc4663adf549f38?s=96&d=mm&r=g\",\"url\":\"https:\\\/\\\/secure.gravatar.com\\\/avatar\\\/df0c9a14567c056f8ad6876ba5bbd1e3e2c48023eb6807342fc4663adf549f38?s=96&d=mm&r=g\",\"contentUrl\":\"https:\\\/\\\/secure.gravatar.com\\\/avatar\\\/df0c9a14567c056f8ad6876ba5bbd1e3e2c48023eb6807342fc4663adf549f38?s=96&d=mm&r=g\",\"caption\":\"Farn\u00e9sio\"},\"sameAs\":[\"https:\\\/\\\/quersaberpolitica.com.br\"],\"url\":\"https:\\\/\\\/blogdofarnesio.com.br\\\/?author=1\"}]}<\/script>\n<!-- \/ Yoast SEO plugin. -->","yoast_head_json":{"title":"AP\u00d3S 9 ANOS, DEPUTADO QUE MATOU 2 QUANDO DIRIGIA EMBRIADO A 170KM\/H, VAI A JUR\u00cd - Blog do Farn\u00e9sio","robots":{"index":"index","follow":"follow","max-snippet":"max-snippet:-1","max-image-preview":"max-image-preview:large","max-video-preview":"max-video-preview:-1"},"canonical":"https:\/\/blogdofarnesio.com.br\/?p=189648","og_locale":"pt_BR","og_type":"article","og_title":"AP\u00d3S 9 ANOS, DEPUTADO QUE MATOU 2 QUANDO DIRIGIA EMBRIADO A 170KM\/H, VAI A JUR\u00cd - Blog do Farn\u00e9sio","og_description":"Ap\u00f3s nove anos de protela\u00e7\u00e3o, manobras judiciais e provas desaparecidas, vai a j\u00fari o escandaloso caso do ex-deputado estadual do Paran\u00e1 que matou dois jovens quando dirigia alcoolizado a 170 quil\u00f4metros por hora \u00c9POCA \u2013 Jussara Soares &gt;&gt;\u00a0&gt;&gt;Trecho da reportagem de capa de \u00c9POCA desta semana Eram cerca de 20 horas do dia 6 de maio de 2009, quando o ent\u00e3o deputado estadual Luiz Fernando Carli Filho, de 26 anos, eleito pelo PSB do Paran\u00e1, chegou ao Edvino Wine Bar, no bairro do Batel, em Curitiba, onde jantaria com tr\u00eas primos e o tio \u2013 o tamb\u00e9m parlamentar Plauto Mir\u00f3, do DEM. Bonito, rico, de fam\u00edlia tradicional de pol\u00edticos no estado, ele colhia os louros de seu primeiro mandato na&hellip;","og_url":"https:\/\/blogdofarnesio.com.br\/?p=189648","og_site_name":"Blog do Farn\u00e9sio","article_publisher":"https:\/\/www.facebook.com\/BlogQuerSaberPolitica\/","article_published_time":"2018-02-25T12:32:21+00:00","article_modified_time":"2018-02-25T19:13:15+00:00","og_image":[{"width":640,"height":274,"url":"https:\/\/blogdofarnesio.com.br\/wp-content\/uploads\/2017\/06\/blogqsp-acidentearacaju.jpg","type":"image\/jpeg"}],"author":"Farn\u00e9sio","twitter_card":"summary_large_image","twitter_misc":{"Escrito por":"Farn\u00e9sio","Est. tempo de leitura":"5 minutos"},"schema":{"@context":"https:\/\/schema.org","@graph":[{"@type":"Article","@id":"https:\/\/blogdofarnesio.com.br\/?p=189648#article","isPartOf":{"@id":"https:\/\/blogdofarnesio.com.br\/?p=189648"},"author":{"name":"Farn\u00e9sio","@id":"https:\/\/blogdofarnesio.com.br\/#\/schema\/person\/301c4acf522bccbfdb45af95b5b906a1"},"headline":"AP\u00d3S 9 ANOS, DEPUTADO QUE MATOU 2 QUANDO DIRIGIA EMBRIADO A 170KM\/H, VAI A JUR\u00cd","datePublished":"2018-02-25T12:32:21+00:00","dateModified":"2018-02-25T19:13:15+00:00","mainEntityOfPage":{"@id":"https:\/\/blogdofarnesio.com.br\/?p=189648"},"wordCount":1104,"commentCount":0,"publisher":{"@id":"https:\/\/blogdofarnesio.com.br\/#organization"},"image":{"@id":"https:\/\/blogdofarnesio.com.br\/?p=189648#primaryimage"},"thumbnailUrl":"https:\/\/blogdofarnesio.com.br\/wp-content\/uploads\/2017\/06\/blogqsp-acidentearacaju.jpg","articleSection":["Tr\u00e2nsito"],"inLanguage":"pt-BR","potentialAction":[{"@type":"CommentAction","name":"Comment","target":["https:\/\/blogdofarnesio.com.br\/?p=189648#respond"]}]},{"@type":"WebPage","@id":"https:\/\/blogdofarnesio.com.br\/?p=189648","url":"https:\/\/blogdofarnesio.com.br\/?p=189648","name":"AP\u00d3S 9 ANOS, DEPUTADO QUE MATOU 2 QUANDO DIRIGIA EMBRIADO A 170KM\/H, VAI A JUR\u00cd - Blog do Farn\u00e9sio","isPartOf":{"@id":"https:\/\/blogdofarnesio.com.br\/#website"},"primaryImageOfPage":{"@id":"https:\/\/blogdofarnesio.com.br\/?p=189648#primaryimage"},"image":{"@id":"https:\/\/blogdofarnesio.com.br\/?p=189648#primaryimage"},"thumbnailUrl":"https:\/\/blogdofarnesio.com.br\/wp-content\/uploads\/2017\/06\/blogqsp-acidentearacaju.jpg","datePublished":"2018-02-25T12:32:21+00:00","dateModified":"2018-02-25T19:13:15+00:00","breadcrumb":{"@id":"https:\/\/blogdofarnesio.com.br\/?p=189648#breadcrumb"},"inLanguage":"pt-BR","potentialAction":[{"@type":"ReadAction","target":["https:\/\/blogdofarnesio.com.br\/?p=189648"]}]},{"@type":"ImageObject","inLanguage":"pt-BR","@id":"https:\/\/blogdofarnesio.com.br\/?p=189648#primaryimage","url":"https:\/\/blogdofarnesio.com.br\/wp-content\/uploads\/2017\/06\/blogqsp-acidentearacaju.jpg","contentUrl":"https:\/\/blogdofarnesio.com.br\/wp-content\/uploads\/2017\/06\/blogqsp-acidentearacaju.jpg","width":640,"height":274,"caption":"Ilustra\u00e7\u00e3o"},{"@type":"BreadcrumbList","@id":"https:\/\/blogdofarnesio.com.br\/?p=189648#breadcrumb","itemListElement":[{"@type":"ListItem","position":1,"name":"In\u00edcio","item":"https:\/\/blogdofarnesio.com.br\/"},{"@type":"ListItem","position":2,"name":"AP\u00d3S 9 ANOS, DEPUTADO QUE MATOU 2 QUANDO DIRIGIA EMBRIADO A 170KM\/H, VAI A JUR\u00cd"}]},{"@type":"WebSite","@id":"https:\/\/blogdofarnesio.com.br\/#website","url":"https:\/\/blogdofarnesio.com.br\/","name":"Blog do Farn\u00e9sio","description":"Quer Saber Pol\u00edtica?","publisher":{"@id":"https:\/\/blogdofarnesio.com.br\/#organization"},"potentialAction":[{"@type":"SearchAction","target":{"@type":"EntryPoint","urlTemplate":"https:\/\/blogdofarnesio.com.br\/?s={search_term_string}"},"query-input":{"@type":"PropertyValueSpecification","valueRequired":true,"valueName":"search_term_string"}}],"inLanguage":"pt-BR"},{"@type":"Organization","@id":"https:\/\/blogdofarnesio.com.br\/#organization","name":"Blog do Farn\u00e9sio","url":"https:\/\/blogdofarnesio.com.br\/","logo":{"@type":"ImageObject","inLanguage":"pt-BR","@id":"https:\/\/blogdofarnesio.com.br\/#\/schema\/logo\/image\/","url":"https:\/\/blogdofarnesio.com.br\/wp-content\/uploads\/2026\/03\/cropped-logo_new-1.png","contentUrl":"https:\/\/blogdofarnesio.com.br\/wp-content\/uploads\/2026\/03\/cropped-logo_new-1.png","width":881,"height":685,"caption":"Blog do Farn\u00e9sio"},"image":{"@id":"https:\/\/blogdofarnesio.com.br\/#\/schema\/logo\/image\/"},"sameAs":["https:\/\/www.facebook.com\/BlogQuerSaberPolitica\/"]},{"@type":"Person","@id":"https:\/\/blogdofarnesio.com.br\/#\/schema\/person\/301c4acf522bccbfdb45af95b5b906a1","name":"Farn\u00e9sio","image":{"@type":"ImageObject","inLanguage":"pt-BR","@id":"https:\/\/secure.gravatar.com\/avatar\/df0c9a14567c056f8ad6876ba5bbd1e3e2c48023eb6807342fc4663adf549f38?s=96&d=mm&r=g","url":"https:\/\/secure.gravatar.com\/avatar\/df0c9a14567c056f8ad6876ba5bbd1e3e2c48023eb6807342fc4663adf549f38?s=96&d=mm&r=g","contentUrl":"https:\/\/secure.gravatar.com\/avatar\/df0c9a14567c056f8ad6876ba5bbd1e3e2c48023eb6807342fc4663adf549f38?s=96&d=mm&r=g","caption":"Farn\u00e9sio"},"sameAs":["https:\/\/quersaberpolitica.com.br"],"url":"https:\/\/blogdofarnesio.com.br\/?author=1"}]}},"_links":{"self":[{"href":"https:\/\/blogdofarnesio.com.br\/index.php?rest_route=\/wp\/v2\/posts\/189648","targetHints":{"allow":["GET"]}}],"collection":[{"href":"https:\/\/blogdofarnesio.com.br\/index.php?rest_route=\/wp\/v2\/posts"}],"about":[{"href":"https:\/\/blogdofarnesio.com.br\/index.php?rest_route=\/wp\/v2\/types\/post"}],"author":[{"embeddable":true,"href":"https:\/\/blogdofarnesio.com.br\/index.php?rest_route=\/wp\/v2\/users\/1"}],"replies":[{"embeddable":true,"href":"https:\/\/blogdofarnesio.com.br\/index.php?rest_route=%2Fwp%2Fv2%2Fcomments&post=189648"}],"version-history":[{"count":0,"href":"https:\/\/blogdofarnesio.com.br\/index.php?rest_route=\/wp\/v2\/posts\/189648\/revisions"}],"wp:featuredmedia":[{"embeddable":true,"href":"https:\/\/blogdofarnesio.com.br\/index.php?rest_route=\/wp\/v2\/media\/169530"}],"wp:attachment":[{"href":"https:\/\/blogdofarnesio.com.br\/index.php?rest_route=%2Fwp%2Fv2%2Fmedia&parent=189648"}],"wp:term":[{"taxonomy":"category","embeddable":true,"href":"https:\/\/blogdofarnesio.com.br\/index.php?rest_route=%2Fwp%2Fv2%2Fcategories&post=189648"},{"taxonomy":"post_tag","embeddable":true,"href":"https:\/\/blogdofarnesio.com.br\/index.php?rest_route=%2Fwp%2Fv2%2Ftags&post=189648"}],"curies":[{"name":"wp","href":"https:\/\/api.w.org\/{rel}","templated":true}]}}