{"id":188811,"date":"2018-02-16T13:00:54","date_gmt":"2018-02-16T16:00:54","guid":{"rendered":"http:\/\/quersaberpolitica.com.br\/2016\/?p=188811"},"modified":"2018-02-16T11:03:29","modified_gmt":"2018-02-16T14:03:29","slug":"por-falar-demais-diretor-da-pf-aprofunda-clima-de-tensao-interna-no-orgao","status":"publish","type":"post","link":"https:\/\/blogdofarnesio.com.br\/?p=188811","title":{"rendered":"POR FALAR DEMAIS, DIRETOR DA PF APROFUNDA CLIMA DE TENS\u00c3O INTERNA NO \u00d3RG\u00c3O"},"content":{"rendered":"<div id=\"container_clear\"><\/div>\n<p><em><strong>Entrevista levou diretor\u00a0a perder apoio\u00a0em meio a discuss\u00e3o de reforma do \u00f3rg\u00e3o<\/strong><\/em><\/p>\n<p><strong>Rubens Valente &#8211; Folha de S.Paulo<\/strong><\/p>\n<p>A crise que atinge o comando da Pol\u00edcia Federal ocorre no momento em que o diretor-geral, Fernando Segovia, luta para resgatar o apoio que recebeu de delegados da PF na \u00e9poca da posse, em novembro. Com as declara\u00e7\u00f5es dadas \u00e0 Reuters na sexta (9), Segovia viu a ades\u00e3o ao seu nome rapidamente diminuir entre os colegas. Delegados que at\u00e9 poucos dias atr\u00e1s defendiam Segovia agora pedem sua sa\u00edda. Na entrevista, ele criticou o inqu\u00e9rito sobre o presidente Michel Temer na \u00e1rea dos portos e, na avalia\u00e7\u00e3o dos colegas, n\u00e3o teria defendido, com a \u00eanfase que esperavam, a autonomia do delegado respons\u00e1vel pelo caso.<\/p>\n<p>As declara\u00e7\u00f5es coincidem com um momento delicado na PF, que \u00e9 uma discuss\u00e3o interna determinada por Segovia para uma reestrutura\u00e7\u00e3o administrativa do \u00f3rg\u00e3o.\u00a0A proposta preliminar distribu\u00edda \u00e0s entidades representativas de delegados, peritos, agentes, papiloscopistas e escriv\u00e3es, prev\u00ea subordina\u00e7\u00e3o dos outros cargos ao delegado e cria\u00e7\u00e3o de um novo cargo na PF, de n\u00edvel m\u00e9dio, para guarda de fronteiras e tarefas administrativas.<\/p>\n<p>Esses dois pontos provocaram uma rea\u00e7\u00e3o negativa das outras categorias. Agentes consideram que o cargo de n\u00edvel m\u00e9dio vai, a m\u00e9dio prazo, ser usado pelos delegados para esvaziar a categoria, bastando que n\u00e3o se abra mais concursos p\u00fablicos para agentes.\u00a0Nesta semana, os problemas gerados pelas declara\u00e7\u00f5es ganharam contornos de crise de autoridade e de disciplina interna.<\/p>\n<p>Em um epis\u00f3dio in\u00e9dito na hist\u00f3ria recente da PF, revelado pelo Painel, um grupo de delegados da unidade destinada a casos de foro privilegiado no STF dirigiu of\u00edcio ao diretor-geral amea\u00e7ando recorrer a pedidos de &#8220;medidas cautelares&#8221;, que incluem pedidos de pris\u00e3o, se forem &#8220;concretizadas a\u00e7\u00f5es&#8221; que configurem crimes, como &#8220;prevarica\u00e7\u00e3o, advocacia administrativa, coa\u00e7\u00e3o no curso do processo e obstru\u00e7\u00e3o de investiga\u00e7\u00e3o de organiza\u00e7\u00e3o criminosa&#8221;.<\/p>\n","protected":false},"excerpt":{"rendered":"<p>Entrevista levou diretor\u00a0a perder apoio\u00a0em meio a discuss\u00e3o de reforma do \u00f3rg\u00e3o Rubens Valente &#8211; Folha de S.Paulo A crise que atinge o comando da Pol\u00edcia Federal ocorre no momento em que o diretor-geral, Fernando Segovia, luta para resgatar o apoio que recebeu de delegados da PF na \u00e9poca da posse, em novembro. Com as declara\u00e7\u00f5es dadas \u00e0 Reuters na sexta (9), Segovia viu a ades\u00e3o ao seu nome rapidamente diminuir entre os colegas. Delegados que at\u00e9 poucos dias atr\u00e1s defendiam Segovia agora pedem sua sa\u00edda. Na entrevista, ele criticou o inqu\u00e9rito sobre o presidente Michel Temer na \u00e1rea dos portos e, na avalia\u00e7\u00e3o dos colegas, n\u00e3o teria defendido, com a \u00eanfase que esperavam, a autonomia do delegado respons\u00e1vel pelo&hellip; <\/p>\n","protected":false},"author":1,"featured_media":188812,"comment_status":"open","ping_status":"closed","sticky":false,"template":"","format":"standard","meta":{"_acf_changed":false,"footnotes":""},"categories":[1],"tags":[],"class_list":["post-188811","post","type-post","status-publish","format-standard","has-post-thumbnail","hentry","category-politica"],"acf":[],"yoast_head":"<!-- This site is optimized with the Yoast SEO plugin v27.4 - https:\/\/yoast.com\/product\/yoast-seo-wordpress\/ -->\n<title>POR FALAR DEMAIS, DIRETOR DA PF APROFUNDA CLIMA DE TENS\u00c3O INTERNA NO \u00d3RG\u00c3O - Blog do Farn\u00e9sio<\/title>\n<meta name=\"robots\" content=\"index, follow, max-snippet:-1, max-image-preview:large, max-video-preview:-1\" \/>\n<link rel=\"canonical\" href=\"https:\/\/blogdofarnesio.com.br\/?p=188811\" \/>\n<meta property=\"og:locale\" content=\"pt_BR\" \/>\n<meta property=\"og:type\" content=\"article\" \/>\n<meta property=\"og:title\" content=\"POR FALAR DEMAIS, DIRETOR DA PF APROFUNDA CLIMA DE TENS\u00c3O INTERNA NO \u00d3RG\u00c3O - Blog do Farn\u00e9sio\" \/>\n<meta property=\"og:description\" content=\"Entrevista levou diretor\u00a0a perder apoio\u00a0em meio a discuss\u00e3o de reforma do \u00f3rg\u00e3o Rubens Valente &#8211; Folha de S.Paulo A crise que atinge o comando da Pol\u00edcia Federal ocorre no momento em que o diretor-geral, Fernando Segovia, luta para resgatar o apoio que recebeu de delegados da PF na \u00e9poca da posse, em novembro. Com as declara\u00e7\u00f5es dadas \u00e0 Reuters na sexta (9), Segovia viu a ades\u00e3o ao seu nome rapidamente diminuir entre os colegas. Delegados que at\u00e9 poucos dias atr\u00e1s defendiam Segovia agora pedem sua sa\u00edda. Na entrevista, ele criticou o inqu\u00e9rito sobre o presidente Michel Temer na \u00e1rea dos portos e, na avalia\u00e7\u00e3o dos colegas, n\u00e3o teria defendido, com a \u00eanfase que esperavam, a autonomia do delegado respons\u00e1vel pelo&hellip;\" \/>\n<meta property=\"og:url\" content=\"https:\/\/blogdofarnesio.com.br\/?p=188811\" \/>\n<meta property=\"og:site_name\" content=\"Blog do Farn\u00e9sio\" \/>\n<meta property=\"article:publisher\" content=\"https:\/\/www.facebook.com\/BlogQuerSaberPolitica\/\" \/>\n<meta property=\"article:published_time\" content=\"2018-02-16T16:00:54+00:00\" \/>\n<meta property=\"og:image\" content=\"https:\/\/blogdofarnesio.com.br\/wp-content\/uploads\/2018\/02\/blogqspsegoviatemer.jpg\" \/>\n\t<meta property=\"og:image:width\" content=\"780\" \/>\n\t<meta property=\"og:image:height\" content=\"484\" \/>\n\t<meta property=\"og:image:type\" content=\"image\/jpeg\" \/>\n<meta name=\"author\" content=\"Farn\u00e9sio\" \/>\n<meta name=\"twitter:card\" content=\"summary_large_image\" \/>\n<meta name=\"twitter:label1\" content=\"Escrito por\" \/>\n\t<meta name=\"twitter:data1\" content=\"Farn\u00e9sio\" \/>\n\t<meta name=\"twitter:label2\" content=\"Est. tempo de leitura\" \/>\n\t<meta name=\"twitter:data2\" content=\"2 minutos\" \/>\n<script type=\"application\/ld+json\" class=\"yoast-schema-graph\">{\"@context\":\"https:\\\/\\\/schema.org\",\"@graph\":[{\"@type\":\"Article\",\"@id\":\"https:\\\/\\\/blogdofarnesio.com.br\\\/?p=188811#article\",\"isPartOf\":{\"@id\":\"https:\\\/\\\/blogdofarnesio.com.br\\\/?p=188811\"},\"author\":{\"name\":\"Farn\u00e9sio\",\"@id\":\"https:\\\/\\\/blogdofarnesio.com.br\\\/#\\\/schema\\\/person\\\/301c4acf522bccbfdb45af95b5b906a1\"},\"headline\":\"POR FALAR DEMAIS, DIRETOR DA PF APROFUNDA CLIMA DE TENS\u00c3O INTERNA NO \u00d3RG\u00c3O\",\"datePublished\":\"2018-02-16T16:00:54+00:00\",\"mainEntityOfPage\":{\"@id\":\"https:\\\/\\\/blogdofarnesio.com.br\\\/?p=188811\"},\"wordCount\":360,\"commentCount\":0,\"publisher\":{\"@id\":\"https:\\\/\\\/blogdofarnesio.com.br\\\/#organization\"},\"image\":{\"@id\":\"https:\\\/\\\/blogdofarnesio.com.br\\\/?p=188811#primaryimage\"},\"thumbnailUrl\":\"https:\\\/\\\/blogdofarnesio.com.br\\\/wp-content\\\/uploads\\\/2018\\\/02\\\/blogqspsegoviatemer.jpg\",\"articleSection\":[\"Pol\u00edtica\"],\"inLanguage\":\"pt-BR\",\"potentialAction\":[{\"@type\":\"CommentAction\",\"name\":\"Comment\",\"target\":[\"https:\\\/\\\/blogdofarnesio.com.br\\\/?p=188811#respond\"]}]},{\"@type\":\"WebPage\",\"@id\":\"https:\\\/\\\/blogdofarnesio.com.br\\\/?p=188811\",\"url\":\"https:\\\/\\\/blogdofarnesio.com.br\\\/?p=188811\",\"name\":\"POR FALAR DEMAIS, DIRETOR DA PF APROFUNDA CLIMA DE TENS\u00c3O INTERNA NO \u00d3RG\u00c3O - Blog do Farn\u00e9sio\",\"isPartOf\":{\"@id\":\"https:\\\/\\\/blogdofarnesio.com.br\\\/#website\"},\"primaryImageOfPage\":{\"@id\":\"https:\\\/\\\/blogdofarnesio.com.br\\\/?p=188811#primaryimage\"},\"image\":{\"@id\":\"https:\\\/\\\/blogdofarnesio.com.br\\\/?p=188811#primaryimage\"},\"thumbnailUrl\":\"https:\\\/\\\/blogdofarnesio.com.br\\\/wp-content\\\/uploads\\\/2018\\\/02\\\/blogqspsegoviatemer.jpg\",\"datePublished\":\"2018-02-16T16:00:54+00:00\",\"breadcrumb\":{\"@id\":\"https:\\\/\\\/blogdofarnesio.com.br\\\/?p=188811#breadcrumb\"},\"inLanguage\":\"pt-BR\",\"potentialAction\":[{\"@type\":\"ReadAction\",\"target\":[\"https:\\\/\\\/blogdofarnesio.com.br\\\/?p=188811\"]}]},{\"@type\":\"ImageObject\",\"inLanguage\":\"pt-BR\",\"@id\":\"https:\\\/\\\/blogdofarnesio.com.br\\\/?p=188811#primaryimage\",\"url\":\"https:\\\/\\\/blogdofarnesio.com.br\\\/wp-content\\\/uploads\\\/2018\\\/02\\\/blogqspsegoviatemer.jpg\",\"contentUrl\":\"https:\\\/\\\/blogdofarnesio.com.br\\\/wp-content\\\/uploads\\\/2018\\\/02\\\/blogqspsegoviatemer.jpg\",\"width\":780,\"height\":484},{\"@type\":\"BreadcrumbList\",\"@id\":\"https:\\\/\\\/blogdofarnesio.com.br\\\/?p=188811#breadcrumb\",\"itemListElement\":[{\"@type\":\"ListItem\",\"position\":1,\"name\":\"In\u00edcio\",\"item\":\"https:\\\/\\\/blogdofarnesio.com.br\\\/\"},{\"@type\":\"ListItem\",\"position\":2,\"name\":\"POR FALAR DEMAIS, DIRETOR DA PF APROFUNDA CLIMA DE TENS\u00c3O INTERNA NO \u00d3RG\u00c3O\"}]},{\"@type\":\"WebSite\",\"@id\":\"https:\\\/\\\/blogdofarnesio.com.br\\\/#website\",\"url\":\"https:\\\/\\\/blogdofarnesio.com.br\\\/\",\"name\":\"Blog do Farn\u00e9sio\",\"description\":\"Quer Saber Pol\u00edtica?\",\"publisher\":{\"@id\":\"https:\\\/\\\/blogdofarnesio.com.br\\\/#organization\"},\"potentialAction\":[{\"@type\":\"SearchAction\",\"target\":{\"@type\":\"EntryPoint\",\"urlTemplate\":\"https:\\\/\\\/blogdofarnesio.com.br\\\/?s={search_term_string}\"},\"query-input\":{\"@type\":\"PropertyValueSpecification\",\"valueRequired\":true,\"valueName\":\"search_term_string\"}}],\"inLanguage\":\"pt-BR\"},{\"@type\":\"Organization\",\"@id\":\"https:\\\/\\\/blogdofarnesio.com.br\\\/#organization\",\"name\":\"Blog do Farn\u00e9sio\",\"url\":\"https:\\\/\\\/blogdofarnesio.com.br\\\/\",\"logo\":{\"@type\":\"ImageObject\",\"inLanguage\":\"pt-BR\",\"@id\":\"https:\\\/\\\/blogdofarnesio.com.br\\\/#\\\/schema\\\/logo\\\/image\\\/\",\"url\":\"https:\\\/\\\/blogdofarnesio.com.br\\\/wp-content\\\/uploads\\\/2026\\\/03\\\/cropped-logo_new-1.png\",\"contentUrl\":\"https:\\\/\\\/blogdofarnesio.com.br\\\/wp-content\\\/uploads\\\/2026\\\/03\\\/cropped-logo_new-1.png\",\"width\":881,\"height\":685,\"caption\":\"Blog do Farn\u00e9sio\"},\"image\":{\"@id\":\"https:\\\/\\\/blogdofarnesio.com.br\\\/#\\\/schema\\\/logo\\\/image\\\/\"},\"sameAs\":[\"https:\\\/\\\/www.facebook.com\\\/BlogQuerSaberPolitica\\\/\"]},{\"@type\":\"Person\",\"@id\":\"https:\\\/\\\/blogdofarnesio.com.br\\\/#\\\/schema\\\/person\\\/301c4acf522bccbfdb45af95b5b906a1\",\"name\":\"Farn\u00e9sio\",\"image\":{\"@type\":\"ImageObject\",\"inLanguage\":\"pt-BR\",\"@id\":\"https:\\\/\\\/secure.gravatar.com\\\/avatar\\\/df0c9a14567c056f8ad6876ba5bbd1e3e2c48023eb6807342fc4663adf549f38?s=96&d=mm&r=g\",\"url\":\"https:\\\/\\\/secure.gravatar.com\\\/avatar\\\/df0c9a14567c056f8ad6876ba5bbd1e3e2c48023eb6807342fc4663adf549f38?s=96&d=mm&r=g\",\"contentUrl\":\"https:\\\/\\\/secure.gravatar.com\\\/avatar\\\/df0c9a14567c056f8ad6876ba5bbd1e3e2c48023eb6807342fc4663adf549f38?s=96&d=mm&r=g\",\"caption\":\"Farn\u00e9sio\"},\"sameAs\":[\"https:\\\/\\\/quersaberpolitica.com.br\"],\"url\":\"https:\\\/\\\/blogdofarnesio.com.br\\\/?author=1\"}]}<\/script>\n<!-- \/ Yoast SEO plugin. -->","yoast_head_json":{"title":"POR FALAR DEMAIS, DIRETOR DA PF APROFUNDA CLIMA DE TENS\u00c3O INTERNA NO \u00d3RG\u00c3O - Blog do Farn\u00e9sio","robots":{"index":"index","follow":"follow","max-snippet":"max-snippet:-1","max-image-preview":"max-image-preview:large","max-video-preview":"max-video-preview:-1"},"canonical":"https:\/\/blogdofarnesio.com.br\/?p=188811","og_locale":"pt_BR","og_type":"article","og_title":"POR FALAR DEMAIS, DIRETOR DA PF APROFUNDA CLIMA DE TENS\u00c3O INTERNA NO \u00d3RG\u00c3O - Blog do Farn\u00e9sio","og_description":"Entrevista levou diretor\u00a0a perder apoio\u00a0em meio a discuss\u00e3o de reforma do \u00f3rg\u00e3o Rubens Valente &#8211; Folha de S.Paulo A crise que atinge o comando da Pol\u00edcia Federal ocorre no momento em que o diretor-geral, Fernando Segovia, luta para resgatar o apoio que recebeu de delegados da PF na \u00e9poca da posse, em novembro. Com as declara\u00e7\u00f5es dadas \u00e0 Reuters na sexta (9), Segovia viu a ades\u00e3o ao seu nome rapidamente diminuir entre os colegas. Delegados que at\u00e9 poucos dias atr\u00e1s defendiam Segovia agora pedem sua sa\u00edda. Na entrevista, ele criticou o inqu\u00e9rito sobre o presidente Michel Temer na \u00e1rea dos portos e, na avalia\u00e7\u00e3o dos colegas, n\u00e3o teria defendido, com a \u00eanfase que esperavam, a autonomia do delegado respons\u00e1vel pelo&hellip;","og_url":"https:\/\/blogdofarnesio.com.br\/?p=188811","og_site_name":"Blog do Farn\u00e9sio","article_publisher":"https:\/\/www.facebook.com\/BlogQuerSaberPolitica\/","article_published_time":"2018-02-16T16:00:54+00:00","og_image":[{"width":780,"height":484,"url":"https:\/\/blogdofarnesio.com.br\/wp-content\/uploads\/2018\/02\/blogqspsegoviatemer.jpg","type":"image\/jpeg"}],"author":"Farn\u00e9sio","twitter_card":"summary_large_image","twitter_misc":{"Escrito por":"Farn\u00e9sio","Est. tempo de leitura":"2 minutos"},"schema":{"@context":"https:\/\/schema.org","@graph":[{"@type":"Article","@id":"https:\/\/blogdofarnesio.com.br\/?p=188811#article","isPartOf":{"@id":"https:\/\/blogdofarnesio.com.br\/?p=188811"},"author":{"name":"Farn\u00e9sio","@id":"https:\/\/blogdofarnesio.com.br\/#\/schema\/person\/301c4acf522bccbfdb45af95b5b906a1"},"headline":"POR FALAR DEMAIS, DIRETOR DA PF APROFUNDA CLIMA DE TENS\u00c3O INTERNA NO \u00d3RG\u00c3O","datePublished":"2018-02-16T16:00:54+00:00","mainEntityOfPage":{"@id":"https:\/\/blogdofarnesio.com.br\/?p=188811"},"wordCount":360,"commentCount":0,"publisher":{"@id":"https:\/\/blogdofarnesio.com.br\/#organization"},"image":{"@id":"https:\/\/blogdofarnesio.com.br\/?p=188811#primaryimage"},"thumbnailUrl":"https:\/\/blogdofarnesio.com.br\/wp-content\/uploads\/2018\/02\/blogqspsegoviatemer.jpg","articleSection":["Pol\u00edtica"],"inLanguage":"pt-BR","potentialAction":[{"@type":"CommentAction","name":"Comment","target":["https:\/\/blogdofarnesio.com.br\/?p=188811#respond"]}]},{"@type":"WebPage","@id":"https:\/\/blogdofarnesio.com.br\/?p=188811","url":"https:\/\/blogdofarnesio.com.br\/?p=188811","name":"POR FALAR DEMAIS, DIRETOR DA PF APROFUNDA CLIMA DE TENS\u00c3O INTERNA NO \u00d3RG\u00c3O - Blog do Farn\u00e9sio","isPartOf":{"@id":"https:\/\/blogdofarnesio.com.br\/#website"},"primaryImageOfPage":{"@id":"https:\/\/blogdofarnesio.com.br\/?p=188811#primaryimage"},"image":{"@id":"https:\/\/blogdofarnesio.com.br\/?p=188811#primaryimage"},"thumbnailUrl":"https:\/\/blogdofarnesio.com.br\/wp-content\/uploads\/2018\/02\/blogqspsegoviatemer.jpg","datePublished":"2018-02-16T16:00:54+00:00","breadcrumb":{"@id":"https:\/\/blogdofarnesio.com.br\/?p=188811#breadcrumb"},"inLanguage":"pt-BR","potentialAction":[{"@type":"ReadAction","target":["https:\/\/blogdofarnesio.com.br\/?p=188811"]}]},{"@type":"ImageObject","inLanguage":"pt-BR","@id":"https:\/\/blogdofarnesio.com.br\/?p=188811#primaryimage","url":"https:\/\/blogdofarnesio.com.br\/wp-content\/uploads\/2018\/02\/blogqspsegoviatemer.jpg","contentUrl":"https:\/\/blogdofarnesio.com.br\/wp-content\/uploads\/2018\/02\/blogqspsegoviatemer.jpg","width":780,"height":484},{"@type":"BreadcrumbList","@id":"https:\/\/blogdofarnesio.com.br\/?p=188811#breadcrumb","itemListElement":[{"@type":"ListItem","position":1,"name":"In\u00edcio","item":"https:\/\/blogdofarnesio.com.br\/"},{"@type":"ListItem","position":2,"name":"POR FALAR DEMAIS, DIRETOR DA PF APROFUNDA CLIMA DE TENS\u00c3O INTERNA NO \u00d3RG\u00c3O"}]},{"@type":"WebSite","@id":"https:\/\/blogdofarnesio.com.br\/#website","url":"https:\/\/blogdofarnesio.com.br\/","name":"Blog do Farn\u00e9sio","description":"Quer Saber Pol\u00edtica?","publisher":{"@id":"https:\/\/blogdofarnesio.com.br\/#organization"},"potentialAction":[{"@type":"SearchAction","target":{"@type":"EntryPoint","urlTemplate":"https:\/\/blogdofarnesio.com.br\/?s={search_term_string}"},"query-input":{"@type":"PropertyValueSpecification","valueRequired":true,"valueName":"search_term_string"}}],"inLanguage":"pt-BR"},{"@type":"Organization","@id":"https:\/\/blogdofarnesio.com.br\/#organization","name":"Blog do Farn\u00e9sio","url":"https:\/\/blogdofarnesio.com.br\/","logo":{"@type":"ImageObject","inLanguage":"pt-BR","@id":"https:\/\/blogdofarnesio.com.br\/#\/schema\/logo\/image\/","url":"https:\/\/blogdofarnesio.com.br\/wp-content\/uploads\/2026\/03\/cropped-logo_new-1.png","contentUrl":"https:\/\/blogdofarnesio.com.br\/wp-content\/uploads\/2026\/03\/cropped-logo_new-1.png","width":881,"height":685,"caption":"Blog do Farn\u00e9sio"},"image":{"@id":"https:\/\/blogdofarnesio.com.br\/#\/schema\/logo\/image\/"},"sameAs":["https:\/\/www.facebook.com\/BlogQuerSaberPolitica\/"]},{"@type":"Person","@id":"https:\/\/blogdofarnesio.com.br\/#\/schema\/person\/301c4acf522bccbfdb45af95b5b906a1","name":"Farn\u00e9sio","image":{"@type":"ImageObject","inLanguage":"pt-BR","@id":"https:\/\/secure.gravatar.com\/avatar\/df0c9a14567c056f8ad6876ba5bbd1e3e2c48023eb6807342fc4663adf549f38?s=96&d=mm&r=g","url":"https:\/\/secure.gravatar.com\/avatar\/df0c9a14567c056f8ad6876ba5bbd1e3e2c48023eb6807342fc4663adf549f38?s=96&d=mm&r=g","contentUrl":"https:\/\/secure.gravatar.com\/avatar\/df0c9a14567c056f8ad6876ba5bbd1e3e2c48023eb6807342fc4663adf549f38?s=96&d=mm&r=g","caption":"Farn\u00e9sio"},"sameAs":["https:\/\/quersaberpolitica.com.br"],"url":"https:\/\/blogdofarnesio.com.br\/?author=1"}]}},"_links":{"self":[{"href":"https:\/\/blogdofarnesio.com.br\/index.php?rest_route=\/wp\/v2\/posts\/188811","targetHints":{"allow":["GET"]}}],"collection":[{"href":"https:\/\/blogdofarnesio.com.br\/index.php?rest_route=\/wp\/v2\/posts"}],"about":[{"href":"https:\/\/blogdofarnesio.com.br\/index.php?rest_route=\/wp\/v2\/types\/post"}],"author":[{"embeddable":true,"href":"https:\/\/blogdofarnesio.com.br\/index.php?rest_route=\/wp\/v2\/users\/1"}],"replies":[{"embeddable":true,"href":"https:\/\/blogdofarnesio.com.br\/index.php?rest_route=%2Fwp%2Fv2%2Fcomments&post=188811"}],"version-history":[{"count":0,"href":"https:\/\/blogdofarnesio.com.br\/index.php?rest_route=\/wp\/v2\/posts\/188811\/revisions"}],"wp:featuredmedia":[{"embeddable":true,"href":"https:\/\/blogdofarnesio.com.br\/index.php?rest_route=\/wp\/v2\/media\/188812"}],"wp:attachment":[{"href":"https:\/\/blogdofarnesio.com.br\/index.php?rest_route=%2Fwp%2Fv2%2Fmedia&parent=188811"}],"wp:term":[{"taxonomy":"category","embeddable":true,"href":"https:\/\/blogdofarnesio.com.br\/index.php?rest_route=%2Fwp%2Fv2%2Fcategories&post=188811"},{"taxonomy":"post_tag","embeddable":true,"href":"https:\/\/blogdofarnesio.com.br\/index.php?rest_route=%2Fwp%2Fv2%2Ftags&post=188811"}],"curies":[{"name":"wp","href":"https:\/\/api.w.org\/{rel}","templated":true}]}}