{"id":18865,"date":"2012-11-15T16:00:51","date_gmt":"2012-11-15T16:00:51","guid":{"rendered":"http:\/\/www.quersaberpolitica.com.br?p=18865"},"modified":"-0001-11-30T00:00:00","modified_gmt":"-0001-11-30T03:00:00","slug":"deputado-odacy-amorim-prestigia-lancamento-do-programa-mais-irrigacao","status":"publish","type":"post","link":"https:\/\/blogdofarnesio.com.br\/?p=18865","title":{"rendered":"Deputado Odacy Amorim prestigia lan\u00e7amento do programa Mais Irriga\u00e7\u00e3o"},"content":{"rendered":"<p><p style=\"text-align: justify;\"><span style=\"font-family: arial, helvetica, sans-serif; font-size: medium;\"><a rel=\"lightbox\" href=\"http:\/\/www.quersaberpolitica.com.br\/2016\/wp-content\/uploads\/2012\/12\/blogqsp.odacy_alepe.gif\"><img loading=\"lazy\" decoding=\"async\" style=\"float: left; margin: 5px 10px;\" src=\"http:\/\/www.quersaberpolitica.com.br\/2016\/wp-content\/uploads\/2012\/12\/blogqsp.odacy_alepe.gif\" alt=\"\" width=\"200\" height=\"134\" \/><\/a>O deputado estadual Odacy Amorim, do PT, esteve presente nesta tarde de ter&ccedil;a-feira (13 de novembro) na solenidade de lan&ccedil;amento do Programa Mais Irriga&ccedil;&atilde;o em Bras&iacute;lia, que tem como meta irrigar mais de 500 mil hectares no pa&iacute;s atingindo 16 estados brasileiros totalizando investimentos federais de mais de R$ 10 bilh&otilde;es. O ato comandado pela presidente Dilma Rousseff, contou com a presen&ccedil;a de ministros como Fernando Bezerra Coelho, do Minist&eacute;rio da Integra&ccedil;&atilde;o Nacional, que &eacute; por onde as a&ccedil;&otilde;es do Mais Irriga&ccedil;&atilde;o ser&atilde;o implementadas. Outras autoridades tamb&eacute;m participaram da solenidade.<\/span><\/p>\n<p style=\"text-align: justify;\"><span style=\"font-size: medium;\"><span style=\"font-family: arial, helvetica, sans-serif;\"><br \/>Segundo a presidente Dilma, o Mais Irriga&ccedil;&atilde;o &eacute; um dos caminhos para combater os efeitos e acabar com o flagelo da seca no Nordeste. No lan&ccedil;amento, o ministro Fernando Bezerra assinou novamente o termo de implanta&ccedil;&atilde;o da PPP &#8211; Parceria P&uacute;blico Privada &#8211; para o funcionamento do per&iacute;metro irrigado Pontal Sul em Petrolina. Uma nova licita&ccedil;&atilde;o ser&aacute; aberta.<br \/>Segundo o deputado Odacy Amorim, o programa Mais Irriga&ccedil;&atilde;o lan&ccedil;ado por Dilma abrir&aacute; as fronteiras agr&iacute;colas no pa&iacute;s, mas &eacute; importante que a popula&ccedil;&atilde;o tenha o m&aacute;ximo de transpar&ecirc;ncia sobre a atua&ccedil;&atilde;o das empresas no funcionamento dos per&iacute;metros irrigados como &eacute; o caso da regi&atilde;o do Vale do S&atilde;o Francisco.<\/span><\/span><\/p>\n<p style=\"text-align: justify;\"><span style=\"font-size: medium;\"><span style=\"font-family: arial, helvetica, sans-serif;\"><br \/>&#8220;Por isso mesmo &eacute; que estou convocando uma audi&ecirc;ncia p&uacute;blica na pr&oacute;xima segunda-feira, dia 19, em Petrolina para que todos os envolvidos no assunto estejam esclarecidos como ir&aacute; funcionar o modelo de PPP nos &aacute;reas irrigadas da regi&atilde;o de Petrolina. Convidei o ministro Fernando Bezerra para participar, outras autoridades do setor e os colonos e produtores que s&atilde;o os principais interessados nessas mudan&ccedil;as&#8221;, disse o parlamentar do PT pernambucano.<\/span><\/span><\/p>\n<p style=\"text-align: justify;\"><span style=\"font-size: medium;\"><span style=\"font-family: arial, helvetica, sans-serif;\"><br \/>A audi&ecirc;ncia p&uacute;blica que Odacy se referiu acontece atrav&eacute;s da Comiss&atilde;o de Neg&oacute;cios Municipais da Assembleia Legislativa de Pernambuco e que &eacute; presidida por ele e ser&aacute; na pr&oacute;xima segunda, a partir das 10h, na C&acirc;mara de Vereadores de Petrolina. No programa Mais Irriga&ccedil;&atilde;o est&atilde;o contempladas a&ccedil;&otilde;es de viabiliza&ccedil;&atilde;o de &aacute;reas irrigadas na regi&atilde;o do S&atilde;o Francisco. Ser&atilde;o melhorados os per&iacute;metros Nilo Coelho e Maria Tereza j&aacute; existentes e a viabiliza&ccedil;&atilde;o para que ap&oacute;s 10 anos o projeto Pontal Sul comece a produzir.<\/span><\/span><\/p>\n<p style=\"text-align: justify;\"><span style=\"font-size: medium;\"><span style=\"font-family: arial, helvetica, sans-serif;\"><br \/>Ainda nesta lista para promover a irriga&ccedil;&atilde;o em Petrolina e regi&atilde;o est&atilde;o os projetos Pontal Norte e Canal do Sert&atilde;o. &#8220;N&oacute;s queremos que a sociedade participe de todas as a&ccedil;&otilde;es de implanta&ccedil;&atilde;o do Mais Irriga&ccedil;&atilde;o em nossa regi&atilde;o e que tome conhecimento de como ser&aacute; a sua chegada aqui para que n&atilde;o aconte&ccedil;a o que ocorreu com as fam&iacute;lias da regi&atilde;o de Uru&aacute;s que venderam as terras com valores baixos para ter &aacute;reas irrigadas como retorno, mas ganharam outras &aacute;reas de sequeiro onde foi implantado o projeto Pontal Sul. Ent&atilde;o como parte do Pontal Norte e do Canal do Sert&atilde;o tem em seus caminhos cerca de 30 mil hectares localizados em comunidades da regi&atilde;o de Rajada entre outras localidades da zona de sequeiro de Petrolina, &eacute; importante esclarecer e que o povo esteja perto deste debate para n&atilde;o ficar fora como aconteceu com os produtores de Uruas&#8221;, explicou Odacy Amorim.<\/span><\/span><\/p>\n<div><span style=\"font-size: medium;\"><span style=\"font-family: arial, helvetica, sans-serif;\"><br \/><\/span><\/span><\/div><\/p>\n","protected":false},"excerpt":{"rendered":"<p>O deputado estadual Odacy Amorim, do PT, esteve presente nesta tarde de ter&ccedil;a-feira (13 de novembro) na solenidade de lan&ccedil;amento do Programa Mais Irriga&ccedil;&atilde;o em Bras&iacute;lia, que tem como meta irrigar mais de 500 mil hectares no pa&iacute;s atingindo 16 estados brasileiros totalizando investimentos federais de mais de R$ 10 bilh&otilde;es. O ato comandado pela presidente Dilma Rousseff, contou com a presen&ccedil;a de ministros como Fernando Bezerra Coelho, do Minist&eacute;rio da Integra&ccedil;&atilde;o Nacional, que &eacute; por onde as a&ccedil;&otilde;es do Mais Irriga&ccedil;&atilde;o ser&atilde;o implementadas. Outras autoridades tamb&eacute;m participaram da solenidade. Segundo a presidente Dilma, o Mais Irriga&ccedil;&atilde;o &eacute; um dos caminhos para combater os efeitos e acabar com o flagelo da seca no Nordeste. No lan&ccedil;amento, o ministro Fernando Bezerra&hellip; <\/p>\n","protected":false},"author":0,"featured_media":0,"comment_status":"open","ping_status":"open","sticky":false,"template":"","format":"standard","meta":{"_acf_changed":false,"footnotes":""},"categories":[43],"tags":[],"class_list":["post-18865","post","type-post","status-publish","format-standard","hentry","category-sem-categoria"],"acf":[],"yoast_head":"<!-- This site is optimized with the Yoast SEO plugin v27.4 - https:\/\/yoast.com\/product\/yoast-seo-wordpress\/ -->\n<title>Deputado Odacy Amorim prestigia lan\u00e7amento do programa Mais Irriga\u00e7\u00e3o  - Blog do Farn\u00e9sio<\/title>\n<meta name=\"robots\" content=\"index, follow, max-snippet:-1, max-image-preview:large, max-video-preview:-1\" \/>\n<link rel=\"canonical\" href=\"https:\/\/blogdofarnesio.com.br\/?p=18865\" \/>\n<meta property=\"og:locale\" content=\"pt_BR\" \/>\n<meta property=\"og:type\" content=\"article\" \/>\n<meta property=\"og:title\" content=\"Deputado Odacy Amorim prestigia lan\u00e7amento do programa Mais Irriga\u00e7\u00e3o  - Blog do Farn\u00e9sio\" \/>\n<meta property=\"og:description\" content=\"O deputado estadual Odacy Amorim, do PT, esteve presente nesta tarde de ter&ccedil;a-feira (13 de novembro) na solenidade de lan&ccedil;amento do Programa Mais Irriga&ccedil;&atilde;o em Bras&iacute;lia, que tem como meta irrigar mais de 500 mil hectares no pa&iacute;s atingindo 16 estados brasileiros totalizando investimentos federais de mais de R$ 10 bilh&otilde;es. O ato comandado pela presidente Dilma Rousseff, contou com a presen&ccedil;a de ministros como Fernando Bezerra Coelho, do Minist&eacute;rio da Integra&ccedil;&atilde;o Nacional, que &eacute; por onde as a&ccedil;&otilde;es do Mais Irriga&ccedil;&atilde;o ser&atilde;o implementadas. Outras autoridades tamb&eacute;m participaram da solenidade. Segundo a presidente Dilma, o Mais Irriga&ccedil;&atilde;o &eacute; um dos caminhos para combater os efeitos e acabar com o flagelo da seca no Nordeste. No lan&ccedil;amento, o ministro Fernando Bezerra&hellip;\" \/>\n<meta property=\"og:url\" content=\"https:\/\/blogdofarnesio.com.br\/?p=18865\" \/>\n<meta property=\"og:site_name\" content=\"Blog do Farn\u00e9sio\" \/>\n<meta property=\"article:publisher\" content=\"https:\/\/www.facebook.com\/BlogQuerSaberPolitica\/\" \/>\n<meta property=\"article:published_time\" content=\"2012-11-15T16:00:51+00:00\" \/>\n<meta property=\"og:image\" content=\"http:\/\/www.quersaberpolitica.com.br\/2016\/wp-content\/uploads\/2012\/12\/blogqsp.odacy_alepe.gif\" \/>\n<meta name=\"twitter:card\" content=\"summary_large_image\" \/>\n<meta name=\"twitter:label1\" content=\"Est. tempo de leitura\" \/>\n\t<meta name=\"twitter:data1\" content=\"3 minutos\" \/>\n<script type=\"application\/ld+json\" class=\"yoast-schema-graph\">{\"@context\":\"https:\\\/\\\/schema.org\",\"@graph\":[{\"@type\":\"Article\",\"@id\":\"https:\\\/\\\/blogdofarnesio.com.br\\\/?p=18865#article\",\"isPartOf\":{\"@id\":\"https:\\\/\\\/blogdofarnesio.com.br\\\/?p=18865\"},\"author\":{\"name\":\"\",\"@id\":\"\"},\"headline\":\"Deputado Odacy Amorim prestigia lan\u00e7amento do programa Mais Irriga\u00e7\u00e3o\",\"datePublished\":\"2012-11-15T16:00:51+00:00\",\"mainEntityOfPage\":{\"@id\":\"https:\\\/\\\/blogdofarnesio.com.br\\\/?p=18865\"},\"wordCount\":674,\"commentCount\":0,\"publisher\":{\"@id\":\"https:\\\/\\\/blogdofarnesio.com.br\\\/#organization\"},\"image\":{\"@id\":\"https:\\\/\\\/blogdofarnesio.com.br\\\/?p=18865#primaryimage\"},\"thumbnailUrl\":\"http:\\\/\\\/www.quersaberpolitica.com.br\\\/2016\\\/wp-content\\\/uploads\\\/2012\\\/12\\\/blogqsp.odacy_alepe.gif\",\"inLanguage\":\"pt-BR\",\"potentialAction\":[{\"@type\":\"CommentAction\",\"name\":\"Comment\",\"target\":[\"https:\\\/\\\/blogdofarnesio.com.br\\\/?p=18865#respond\"]}]},{\"@type\":\"WebPage\",\"@id\":\"https:\\\/\\\/blogdofarnesio.com.br\\\/?p=18865\",\"url\":\"https:\\\/\\\/blogdofarnesio.com.br\\\/?p=18865\",\"name\":\"Deputado Odacy Amorim prestigia lan\u00e7amento do programa Mais Irriga\u00e7\u00e3o - Blog do Farn\u00e9sio\",\"isPartOf\":{\"@id\":\"https:\\\/\\\/blogdofarnesio.com.br\\\/#website\"},\"primaryImageOfPage\":{\"@id\":\"https:\\\/\\\/blogdofarnesio.com.br\\\/?p=18865#primaryimage\"},\"image\":{\"@id\":\"https:\\\/\\\/blogdofarnesio.com.br\\\/?p=18865#primaryimage\"},\"thumbnailUrl\":\"http:\\\/\\\/www.quersaberpolitica.com.br\\\/2016\\\/wp-content\\\/uploads\\\/2012\\\/12\\\/blogqsp.odacy_alepe.gif\",\"datePublished\":\"2012-11-15T16:00:51+00:00\",\"breadcrumb\":{\"@id\":\"https:\\\/\\\/blogdofarnesio.com.br\\\/?p=18865#breadcrumb\"},\"inLanguage\":\"pt-BR\",\"potentialAction\":[{\"@type\":\"ReadAction\",\"target\":[\"https:\\\/\\\/blogdofarnesio.com.br\\\/?p=18865\"]}]},{\"@type\":\"ImageObject\",\"inLanguage\":\"pt-BR\",\"@id\":\"https:\\\/\\\/blogdofarnesio.com.br\\\/?p=18865#primaryimage\",\"url\":\"http:\\\/\\\/www.quersaberpolitica.com.br\\\/2016\\\/wp-content\\\/uploads\\\/2012\\\/12\\\/blogqsp.odacy_alepe.gif\",\"contentUrl\":\"http:\\\/\\\/www.quersaberpolitica.com.br\\\/2016\\\/wp-content\\\/uploads\\\/2012\\\/12\\\/blogqsp.odacy_alepe.gif\"},{\"@type\":\"BreadcrumbList\",\"@id\":\"https:\\\/\\\/blogdofarnesio.com.br\\\/?p=18865#breadcrumb\",\"itemListElement\":[{\"@type\":\"ListItem\",\"position\":1,\"name\":\"In\u00edcio\",\"item\":\"https:\\\/\\\/blogdofarnesio.com.br\\\/\"},{\"@type\":\"ListItem\",\"position\":2,\"name\":\"Deputado Odacy Amorim prestigia lan\u00e7amento do programa Mais Irriga\u00e7\u00e3o\"}]},{\"@type\":\"WebSite\",\"@id\":\"https:\\\/\\\/blogdofarnesio.com.br\\\/#website\",\"url\":\"https:\\\/\\\/blogdofarnesio.com.br\\\/\",\"name\":\"Blog do Farn\u00e9sio\",\"description\":\"Quer Saber Pol\u00edtica?\",\"publisher\":{\"@id\":\"https:\\\/\\\/blogdofarnesio.com.br\\\/#organization\"},\"potentialAction\":[{\"@type\":\"SearchAction\",\"target\":{\"@type\":\"EntryPoint\",\"urlTemplate\":\"https:\\\/\\\/blogdofarnesio.com.br\\\/?s={search_term_string}\"},\"query-input\":{\"@type\":\"PropertyValueSpecification\",\"valueRequired\":true,\"valueName\":\"search_term_string\"}}],\"inLanguage\":\"pt-BR\"},{\"@type\":\"Organization\",\"@id\":\"https:\\\/\\\/blogdofarnesio.com.br\\\/#organization\",\"name\":\"Blog do Farn\u00e9sio\",\"url\":\"https:\\\/\\\/blogdofarnesio.com.br\\\/\",\"logo\":{\"@type\":\"ImageObject\",\"inLanguage\":\"pt-BR\",\"@id\":\"https:\\\/\\\/blogdofarnesio.com.br\\\/#\\\/schema\\\/logo\\\/image\\\/\",\"url\":\"https:\\\/\\\/blogdofarnesio.com.br\\\/wp-content\\\/uploads\\\/2026\\\/03\\\/cropped-logo_new-1.png\",\"contentUrl\":\"https:\\\/\\\/blogdofarnesio.com.br\\\/wp-content\\\/uploads\\\/2026\\\/03\\\/cropped-logo_new-1.png\",\"width\":881,\"height\":685,\"caption\":\"Blog do Farn\u00e9sio\"},\"image\":{\"@id\":\"https:\\\/\\\/blogdofarnesio.com.br\\\/#\\\/schema\\\/logo\\\/image\\\/\"},\"sameAs\":[\"https:\\\/\\\/www.facebook.com\\\/BlogQuerSaberPolitica\\\/\"]}]}<\/script>\n<!-- \/ Yoast SEO plugin. -->","yoast_head_json":{"title":"Deputado Odacy Amorim prestigia lan\u00e7amento do programa Mais Irriga\u00e7\u00e3o  - Blog do Farn\u00e9sio","robots":{"index":"index","follow":"follow","max-snippet":"max-snippet:-1","max-image-preview":"max-image-preview:large","max-video-preview":"max-video-preview:-1"},"canonical":"https:\/\/blogdofarnesio.com.br\/?p=18865","og_locale":"pt_BR","og_type":"article","og_title":"Deputado Odacy Amorim prestigia lan\u00e7amento do programa Mais Irriga\u00e7\u00e3o  - Blog do Farn\u00e9sio","og_description":"O deputado estadual Odacy Amorim, do PT, esteve presente nesta tarde de ter&ccedil;a-feira (13 de novembro) na solenidade de lan&ccedil;amento do Programa Mais Irriga&ccedil;&atilde;o em Bras&iacute;lia, que tem como meta irrigar mais de 500 mil hectares no pa&iacute;s atingindo 16 estados brasileiros totalizando investimentos federais de mais de R$ 10 bilh&otilde;es. O ato comandado pela presidente Dilma Rousseff, contou com a presen&ccedil;a de ministros como Fernando Bezerra Coelho, do Minist&eacute;rio da Integra&ccedil;&atilde;o Nacional, que &eacute; por onde as a&ccedil;&otilde;es do Mais Irriga&ccedil;&atilde;o ser&atilde;o implementadas. Outras autoridades tamb&eacute;m participaram da solenidade. Segundo a presidente Dilma, o Mais Irriga&ccedil;&atilde;o &eacute; um dos caminhos para combater os efeitos e acabar com o flagelo da seca no Nordeste. No lan&ccedil;amento, o ministro Fernando Bezerra&hellip;","og_url":"https:\/\/blogdofarnesio.com.br\/?p=18865","og_site_name":"Blog do Farn\u00e9sio","article_publisher":"https:\/\/www.facebook.com\/BlogQuerSaberPolitica\/","article_published_time":"2012-11-15T16:00:51+00:00","og_image":[{"url":"http:\/\/www.quersaberpolitica.com.br\/2016\/wp-content\/uploads\/2012\/12\/blogqsp.odacy_alepe.gif","type":"","width":"","height":""}],"twitter_card":"summary_large_image","twitter_misc":{"Est. tempo de leitura":"3 minutos"},"schema":{"@context":"https:\/\/schema.org","@graph":[{"@type":"Article","@id":"https:\/\/blogdofarnesio.com.br\/?p=18865#article","isPartOf":{"@id":"https:\/\/blogdofarnesio.com.br\/?p=18865"},"author":{"name":"","@id":""},"headline":"Deputado Odacy Amorim prestigia lan\u00e7amento do programa Mais Irriga\u00e7\u00e3o","datePublished":"2012-11-15T16:00:51+00:00","mainEntityOfPage":{"@id":"https:\/\/blogdofarnesio.com.br\/?p=18865"},"wordCount":674,"commentCount":0,"publisher":{"@id":"https:\/\/blogdofarnesio.com.br\/#organization"},"image":{"@id":"https:\/\/blogdofarnesio.com.br\/?p=18865#primaryimage"},"thumbnailUrl":"http:\/\/www.quersaberpolitica.com.br\/2016\/wp-content\/uploads\/2012\/12\/blogqsp.odacy_alepe.gif","inLanguage":"pt-BR","potentialAction":[{"@type":"CommentAction","name":"Comment","target":["https:\/\/blogdofarnesio.com.br\/?p=18865#respond"]}]},{"@type":"WebPage","@id":"https:\/\/blogdofarnesio.com.br\/?p=18865","url":"https:\/\/blogdofarnesio.com.br\/?p=18865","name":"Deputado Odacy Amorim prestigia lan\u00e7amento do programa Mais Irriga\u00e7\u00e3o - Blog do Farn\u00e9sio","isPartOf":{"@id":"https:\/\/blogdofarnesio.com.br\/#website"},"primaryImageOfPage":{"@id":"https:\/\/blogdofarnesio.com.br\/?p=18865#primaryimage"},"image":{"@id":"https:\/\/blogdofarnesio.com.br\/?p=18865#primaryimage"},"thumbnailUrl":"http:\/\/www.quersaberpolitica.com.br\/2016\/wp-content\/uploads\/2012\/12\/blogqsp.odacy_alepe.gif","datePublished":"2012-11-15T16:00:51+00:00","breadcrumb":{"@id":"https:\/\/blogdofarnesio.com.br\/?p=18865#breadcrumb"},"inLanguage":"pt-BR","potentialAction":[{"@type":"ReadAction","target":["https:\/\/blogdofarnesio.com.br\/?p=18865"]}]},{"@type":"ImageObject","inLanguage":"pt-BR","@id":"https:\/\/blogdofarnesio.com.br\/?p=18865#primaryimage","url":"http:\/\/www.quersaberpolitica.com.br\/2016\/wp-content\/uploads\/2012\/12\/blogqsp.odacy_alepe.gif","contentUrl":"http:\/\/www.quersaberpolitica.com.br\/2016\/wp-content\/uploads\/2012\/12\/blogqsp.odacy_alepe.gif"},{"@type":"BreadcrumbList","@id":"https:\/\/blogdofarnesio.com.br\/?p=18865#breadcrumb","itemListElement":[{"@type":"ListItem","position":1,"name":"In\u00edcio","item":"https:\/\/blogdofarnesio.com.br\/"},{"@type":"ListItem","position":2,"name":"Deputado Odacy Amorim prestigia lan\u00e7amento do programa Mais Irriga\u00e7\u00e3o"}]},{"@type":"WebSite","@id":"https:\/\/blogdofarnesio.com.br\/#website","url":"https:\/\/blogdofarnesio.com.br\/","name":"Blog do Farn\u00e9sio","description":"Quer Saber Pol\u00edtica?","publisher":{"@id":"https:\/\/blogdofarnesio.com.br\/#organization"},"potentialAction":[{"@type":"SearchAction","target":{"@type":"EntryPoint","urlTemplate":"https:\/\/blogdofarnesio.com.br\/?s={search_term_string}"},"query-input":{"@type":"PropertyValueSpecification","valueRequired":true,"valueName":"search_term_string"}}],"inLanguage":"pt-BR"},{"@type":"Organization","@id":"https:\/\/blogdofarnesio.com.br\/#organization","name":"Blog do Farn\u00e9sio","url":"https:\/\/blogdofarnesio.com.br\/","logo":{"@type":"ImageObject","inLanguage":"pt-BR","@id":"https:\/\/blogdofarnesio.com.br\/#\/schema\/logo\/image\/","url":"https:\/\/blogdofarnesio.com.br\/wp-content\/uploads\/2026\/03\/cropped-logo_new-1.png","contentUrl":"https:\/\/blogdofarnesio.com.br\/wp-content\/uploads\/2026\/03\/cropped-logo_new-1.png","width":881,"height":685,"caption":"Blog do Farn\u00e9sio"},"image":{"@id":"https:\/\/blogdofarnesio.com.br\/#\/schema\/logo\/image\/"},"sameAs":["https:\/\/www.facebook.com\/BlogQuerSaberPolitica\/"]}]}},"_links":{"self":[{"href":"https:\/\/blogdofarnesio.com.br\/index.php?rest_route=\/wp\/v2\/posts\/18865","targetHints":{"allow":["GET"]}}],"collection":[{"href":"https:\/\/blogdofarnesio.com.br\/index.php?rest_route=\/wp\/v2\/posts"}],"about":[{"href":"https:\/\/blogdofarnesio.com.br\/index.php?rest_route=\/wp\/v2\/types\/post"}],"replies":[{"embeddable":true,"href":"https:\/\/blogdofarnesio.com.br\/index.php?rest_route=%2Fwp%2Fv2%2Fcomments&post=18865"}],"version-history":[{"count":0,"href":"https:\/\/blogdofarnesio.com.br\/index.php?rest_route=\/wp\/v2\/posts\/18865\/revisions"}],"wp:attachment":[{"href":"https:\/\/blogdofarnesio.com.br\/index.php?rest_route=%2Fwp%2Fv2%2Fmedia&parent=18865"}],"wp:term":[{"taxonomy":"category","embeddable":true,"href":"https:\/\/blogdofarnesio.com.br\/index.php?rest_route=%2Fwp%2Fv2%2Fcategories&post=18865"},{"taxonomy":"post_tag","embeddable":true,"href":"https:\/\/blogdofarnesio.com.br\/index.php?rest_route=%2Fwp%2Fv2%2Ftags&post=18865"}],"curies":[{"name":"wp","href":"https:\/\/api.w.org\/{rel}","templated":true}]}}